{"id":11347,"date":"2026-04-23T10:44:00","date_gmt":"2026-04-23T08:44:00","guid":{"rendered":"https:\/\/kosovatimes.info\/?p=11347"},"modified":"2026-04-23T11:36:16","modified_gmt":"2026-04-23T09:36:16","slug":"lushaku-pergjegjesia-per-presidentin-i-takon-partise-me-te-madhe","status":"publish","type":"post","link":"https:\/\/kosovatimes.info\/index.php\/2026\/04\/23\/lushaku-pergjegjesia-per-presidentin-i-takon-partise-me-te-madhe\/","title":{"rendered":"Lushaku: P\u00ebrgjegj\u00ebsia p\u00ebr presidentin i takon partis\u00eb m\u00eb t\u00eb madhe"},"content":{"rendered":"\n<p><strong>Shefja e deputet\u00ebve t\u00eb LDK-s\u00eb, Jehona Lushaku, ka p\u00ebrs\u00ebritur q\u00ebndrimin e subjektit t\u00eb saj se p\u00ebrgjegj\u00ebsia p\u00ebr zgjidhjen e \u00e7\u00ebshtjes s\u00eb presidentit i takon partis\u00eb m\u00eb t\u00eb madhe.<\/strong><\/p>\n\n\n\n<p>Para nisjes s\u00eb seanc\u00ebs s\u00eb Kuvendit t\u00eb Kosov\u00ebs, ajo ka th\u00ebn\u00eb se Presidenca dhe Qeveria nuk duhet t\u2019i takojn\u00eb nj\u00eb partie t\u00eb vetme.<\/p>\n\n\n\n<p>\u201cPo t\u00eb kishim 66 vota n\u00eb Kuvendin e Kosov\u00ebs, kjo \u00e7\u00ebshtje do t\u00eb zgjidhej. Nuk mund t\u00eb k\u00ebrkohet nga partit\u00eb q\u00eb nuk i kan\u00eb numrat t\u00eb propozojn\u00eb emra p\u00ebr president. \u00cbsht\u00eb v\u00ebrtet fatkeq\u00ebsi q\u00eb nj\u00eb njeri me kaq shum\u00eb fuqi dhe legjitimitet nuk mund t\u00eb prodhoj\u00eb zgjidhje dhe pret nga partit\u00eb opozitare q\u00eb t\u2019ia p\u00ebrkrahin nj\u00eb kandidat partiak p\u00ebr president. Vet\u00eb Kurti e ka th\u00ebn\u00eb q\u00eb nuk do t\u00eb kemi nj\u00eb kandidat me librez\u00eb partiake dhe vet\u00eb ai e propozon Konjufc\u00ebn, q\u00eb \u00ebsht\u00eb me librez\u00eb partie\u201d, ka th\u00ebn\u00eb Lushaku.<\/p>\n\n\n\n<p>Ajo ka shtuar se Kurti, sipas saj, me q\u00ebllim po prodhon kriza p\u00ebr t\u00eb qeverisur i vet\u00ebm dhe i pambik\u00ebqyrur.<\/p>\n\n\n\n<p>\u201c\u00cbsht\u00eb tep\u00ebr fatkeq\u00ebsi q\u00eb qytetar\u00ebt i besojn\u00eb dikujt me nj\u00eb mas\u00eb kaq t\u00eb madhe dhe n\u00eb an\u00ebn tjet\u00ebr nuk kemi as qeverisje t\u00eb mir\u00eb e as zgjidhje t\u00eb problemeve kruciale, por n\u00eb z\u00ebvend\u00ebsim t\u00eb saj VV po na jep nj\u00eb kriz\u00eb t\u00eb re politike, ku qytetar\u00ebt do t\u00eb lihen t\u00eb vet\u00ebm e kryeministri do t\u00eb qeveris\u00eb i vet\u00ebm, i pambik\u00ebqyrur, tipike p\u00ebr nj\u00eb sistem autoritar, ku nj\u00eb kryeminist\u00ebr d\u00ebshiron t\u00eb prodhoj\u00eb m\u00eb shum\u00eb kriza i pambik\u00ebqyrur, por edhe tendenca p\u00ebr kapjen e institucioneve\u201d, ka deklaruar ajo.<\/p>\n","protected":false},"excerpt":{"rendered":"<p>Shefja e deputet\u00ebve t\u00eb LDK-s\u00eb, Jehona Lushaku, ka p\u00ebrs\u00ebritur q\u00ebndrimin e subjektit t\u00eb saj se p\u00ebrgjegj\u00ebsia p\u00ebr zgjidhjen e \u00e7\u00ebshtjes s\u00eb presidentit i takon partis\u00eb m\u00eb t\u00eb madhe. Para nisjes s\u00eb seanc\u00ebs s\u00eb Kuvendit t\u00eb Kosov\u00ebs, ajo ka th\u00ebn\u00eb se Presidenca dhe Qeveria nuk duhet t\u2019i takojn\u00eb nj\u00eb partie t\u00eb vetme. \u201cPo t\u00eb kishim 66 [&hellip;]<\/p>\n","protected":false},"author":4,"featured_media":11348,"comment_status":"open","ping_status":"open","sticky":false,"template":"","format":"standard","meta":{"footnotes":""},"categories":[31,30],"tags":[],"class_list":{"0":"post-11347","1":"post","2":"type-post","3":"status-publish","4":"format-standard","5":"has-post-thumbnail","7":"category-kosove","8":"category-lajme"},"yoast_head":"<!-- This site is optimized with the Yoast SEO plugin v27.4 - https:\/\/yoast.com\/product\/yoast-seo-wordpress\/ -->\n<title>Lushaku: P\u00ebrgjegj\u00ebsia p\u00ebr presidentin i takon partis\u00eb m\u00eb t\u00eb madhe - Kosova Times<\/title>\n<meta name=\"robots\" content=\"index, follow, max-snippet:-1, max-image-preview:large, max-video-preview:-1\" \/>\n<link rel=\"canonical\" href=\"https:\/\/kosovatimes.info\/index.php\/2026\/04\/23\/lushaku-pergjegjesia-per-presidentin-i-takon-partise-me-te-madhe\/\" \/>\n<meta property=\"og:locale\" content=\"en_US\" \/>\n<meta property=\"og:type\" content=\"article\" \/>\n<meta property=\"og:title\" content=\"Lushaku: P\u00ebrgjegj\u00ebsia p\u00ebr presidentin i takon partis\u00eb m\u00eb t\u00eb madhe - Kosova Times\" \/>\n<meta property=\"og:description\" content=\"Shefja e deputet\u00ebve t\u00eb LDK-s\u00eb, Jehona Lushaku, ka p\u00ebrs\u00ebritur q\u00ebndrimin e subjektit t\u00eb saj se p\u00ebrgjegj\u00ebsia p\u00ebr zgjidhjen e \u00e7\u00ebshtjes s\u00eb presidentit i takon partis\u00eb m\u00eb t\u00eb madhe. Para nisjes s\u00eb seanc\u00ebs s\u00eb Kuvendit t\u00eb Kosov\u00ebs, ajo ka th\u00ebn\u00eb se Presidenca dhe Qeveria nuk duhet t\u2019i takojn\u00eb nj\u00eb partie t\u00eb vetme. \u201cPo t\u00eb kishim 66 [&hellip;]\" \/>\n<meta property=\"og:url\" content=\"https:\/\/kosovatimes.info\/index.php\/2026\/04\/23\/lushaku-pergjegjesia-per-presidentin-i-takon-partise-me-te-madhe\/\" \/>\n<meta property=\"og:site_name\" content=\"Kosova Times\" \/>\n<meta property=\"article:published_time\" content=\"2026-04-23T08:44:00+00:00\" \/>\n<meta property=\"article:modified_time\" content=\"2026-04-23T09:36:16+00:00\" \/>\n<meta property=\"og:image\" content=\"https:\/\/kosovatimes.info\/wp-content\/uploads\/2026\/04\/Lushaku-2.jpg\" \/>\n\t<meta property=\"og:image:width\" content=\"780\" \/>\n\t<meta property=\"og:image:height\" content=\"500\" \/>\n\t<meta property=\"og:image:type\" content=\"image\/jpeg\" \/>\n<meta name=\"author\" content=\"i l\" \/>\n<meta name=\"twitter:card\" content=\"summary_large_image\" \/>\n<meta name=\"twitter:label1\" content=\"Written by\" \/>\n\t<meta name=\"twitter:data1\" content=\"i l\" \/>\n\t<meta name=\"twitter:label2\" content=\"Est. reading time\" \/>\n\t<meta name=\"twitter:data2\" content=\"1 minute\" \/>\n<script type=\"application\/ld+json\" class=\"yoast-schema-graph\">{\"@context\":\"https:\\\/\\\/schema.org\",\"@graph\":[{\"@type\":\"Article\",\"@id\":\"https:\\\/\\\/kosovatimes.info\\\/index.php\\\/2026\\\/04\\\/23\\\/lushaku-pergjegjesia-per-presidentin-i-takon-partise-me-te-madhe\\\/#article\",\"isPartOf\":{\"@id\":\"https:\\\/\\\/kosovatimes.info\\\/index.php\\\/2026\\\/04\\\/23\\\/lushaku-pergjegjesia-per-presidentin-i-takon-partise-me-te-madhe\\\/\"},\"author\":{\"name\":\"i l\",\"@id\":\"https:\\\/\\\/kosovatimes.info\\\/#\\\/schema\\\/person\\\/7586712b9c512fe68085de007378c915\"},\"headline\":\"Lushaku: P\u00ebrgjegj\u00ebsia p\u00ebr presidentin i takon partis\u00eb m\u00eb t\u00eb madhe\",\"datePublished\":\"2026-04-23T08:44:00+00:00\",\"dateModified\":\"2026-04-23T09:36:16+00:00\",\"mainEntityOfPage\":{\"@id\":\"https:\\\/\\\/kosovatimes.info\\\/index.php\\\/2026\\\/04\\\/23\\\/lushaku-pergjegjesia-per-presidentin-i-takon-partise-me-te-madhe\\\/\"},\"wordCount\":300,\"commentCount\":0,\"image\":{\"@id\":\"https:\\\/\\\/kosovatimes.info\\\/index.php\\\/2026\\\/04\\\/23\\\/lushaku-pergjegjesia-per-presidentin-i-takon-partise-me-te-madhe\\\/#primaryimage\"},\"thumbnailUrl\":\"https:\\\/\\\/kosovatimes.info\\\/wp-content\\\/uploads\\\/2026\\\/04\\\/Lushaku-2.jpg\",\"articleSection\":[\"Kosov\u00eb\",\"Lajme\"],\"inLanguage\":\"en-US\",\"potentialAction\":[{\"@type\":\"CommentAction\",\"name\":\"Comment\",\"target\":[\"https:\\\/\\\/kosovatimes.info\\\/index.php\\\/2026\\\/04\\\/23\\\/lushaku-pergjegjesia-per-presidentin-i-takon-partise-me-te-madhe\\\/#respond\"]}]},{\"@type\":\"WebPage\",\"@id\":\"https:\\\/\\\/kosovatimes.info\\\/index.php\\\/2026\\\/04\\\/23\\\/lushaku-pergjegjesia-per-presidentin-i-takon-partise-me-te-madhe\\\/\",\"url\":\"https:\\\/\\\/kosovatimes.info\\\/index.php\\\/2026\\\/04\\\/23\\\/lushaku-pergjegjesia-per-presidentin-i-takon-partise-me-te-madhe\\\/\",\"name\":\"Lushaku: P\u00ebrgjegj\u00ebsia p\u00ebr presidentin i takon partis\u00eb m\u00eb t\u00eb madhe - Kosova Times\",\"isPartOf\":{\"@id\":\"https:\\\/\\\/kosovatimes.info\\\/#website\"},\"primaryImageOfPage\":{\"@id\":\"https:\\\/\\\/kosovatimes.info\\\/index.php\\\/2026\\\/04\\\/23\\\/lushaku-pergjegjesia-per-presidentin-i-takon-partise-me-te-madhe\\\/#primaryimage\"},\"image\":{\"@id\":\"https:\\\/\\\/kosovatimes.info\\\/index.php\\\/2026\\\/04\\\/23\\\/lushaku-pergjegjesia-per-presidentin-i-takon-partise-me-te-madhe\\\/#primaryimage\"},\"thumbnailUrl\":\"https:\\\/\\\/kosovatimes.info\\\/wp-content\\\/uploads\\\/2026\\\/04\\\/Lushaku-2.jpg\",\"datePublished\":\"2026-04-23T08:44:00+00:00\",\"dateModified\":\"2026-04-23T09:36:16+00:00\",\"author\":{\"@id\":\"https:\\\/\\\/kosovatimes.info\\\/#\\\/schema\\\/person\\\/7586712b9c512fe68085de007378c915\"},\"breadcrumb\":{\"@id\":\"https:\\\/\\\/kosovatimes.info\\\/index.php\\\/2026\\\/04\\\/23\\\/lushaku-pergjegjesia-per-presidentin-i-takon-partise-me-te-madhe\\\/#breadcrumb\"},\"inLanguage\":\"en-US\",\"potentialAction\":[{\"@type\":\"ReadAction\",\"target\":[\"https:\\\/\\\/kosovatimes.info\\\/index.php\\\/2026\\\/04\\\/23\\\/lushaku-pergjegjesia-per-presidentin-i-takon-partise-me-te-madhe\\\/\"]}]},{\"@type\":\"ImageObject\",\"inLanguage\":\"en-US\",\"@id\":\"https:\\\/\\\/kosovatimes.info\\\/index.php\\\/2026\\\/04\\\/23\\\/lushaku-pergjegjesia-per-presidentin-i-takon-partise-me-te-madhe\\\/#primaryimage\",\"url\":\"https:\\\/\\\/kosovatimes.info\\\/wp-content\\\/uploads\\\/2026\\\/04\\\/Lushaku-2.jpg\",\"contentUrl\":\"https:\\\/\\\/kosovatimes.info\\\/wp-content\\\/uploads\\\/2026\\\/04\\\/Lushaku-2.jpg\",\"width\":780,\"height\":500},{\"@type\":\"BreadcrumbList\",\"@id\":\"https:\\\/\\\/kosovatimes.info\\\/index.php\\\/2026\\\/04\\\/23\\\/lushaku-pergjegjesia-per-presidentin-i-takon-partise-me-te-madhe\\\/#breadcrumb\",\"itemListElement\":[{\"@type\":\"ListItem\",\"position\":1,\"name\":\"Home\",\"item\":\"https:\\\/\\\/kosovatimes.info\\\/\"},{\"@type\":\"ListItem\",\"position\":2,\"name\":\"Lushaku: P\u00ebrgjegj\u00ebsia p\u00ebr presidentin i takon partis\u00eb m\u00eb t\u00eb madhe\"}]},{\"@type\":\"WebSite\",\"@id\":\"https:\\\/\\\/kosovatimes.info\\\/#website\",\"url\":\"https:\\\/\\\/kosovatimes.info\\\/\",\"name\":\"Kosova Times\",\"description\":\"\",\"potentialAction\":[{\"@type\":\"SearchAction\",\"target\":{\"@type\":\"EntryPoint\",\"urlTemplate\":\"https:\\\/\\\/kosovatimes.info\\\/?s={search_term_string}\"},\"query-input\":{\"@type\":\"PropertyValueSpecification\",\"valueRequired\":true,\"valueName\":\"search_term_string\"}}],\"inLanguage\":\"en-US\"},{\"@type\":\"Person\",\"@id\":\"https:\\\/\\\/kosovatimes.info\\\/#\\\/schema\\\/person\\\/7586712b9c512fe68085de007378c915\",\"name\":\"i l\",\"image\":{\"@type\":\"ImageObject\",\"inLanguage\":\"en-US\",\"@id\":\"https:\\\/\\\/secure.gravatar.com\\\/avatar\\\/bad9296e02816160ae2e2435beda58222022298d5625d49fea74d18816fbb31d?s=96&d=mm&r=g\",\"url\":\"https:\\\/\\\/secure.gravatar.com\\\/avatar\\\/bad9296e02816160ae2e2435beda58222022298d5625d49fea74d18816fbb31d?s=96&d=mm&r=g\",\"contentUrl\":\"https:\\\/\\\/secure.gravatar.com\\\/avatar\\\/bad9296e02816160ae2e2435beda58222022298d5625d49fea74d18816fbb31d?s=96&d=mm&r=g\",\"caption\":\"i l\"},\"url\":\"https:\\\/\\\/kosovatimes.info\\\/index.php\\\/author\\\/iliri\\\/\"}]}<\/script>\n<!-- \/ Yoast SEO plugin. -->","yoast_head_json":{"title":"Lushaku: P\u00ebrgjegj\u00ebsia p\u00ebr presidentin i takon partis\u00eb m\u00eb t\u00eb madhe - Kosova Times","robots":{"index":"index","follow":"follow","max-snippet":"max-snippet:-1","max-image-preview":"max-image-preview:large","max-video-preview":"max-video-preview:-1"},"canonical":"https:\/\/kosovatimes.info\/index.php\/2026\/04\/23\/lushaku-pergjegjesia-per-presidentin-i-takon-partise-me-te-madhe\/","og_locale":"en_US","og_type":"article","og_title":"Lushaku: P\u00ebrgjegj\u00ebsia p\u00ebr presidentin i takon partis\u00eb m\u00eb t\u00eb madhe - Kosova Times","og_description":"Shefja e deputet\u00ebve t\u00eb LDK-s\u00eb, Jehona Lushaku, ka p\u00ebrs\u00ebritur q\u00ebndrimin e subjektit t\u00eb saj se p\u00ebrgjegj\u00ebsia p\u00ebr zgjidhjen e \u00e7\u00ebshtjes s\u00eb presidentit i takon partis\u00eb m\u00eb t\u00eb madhe. Para nisjes s\u00eb seanc\u00ebs s\u00eb Kuvendit t\u00eb Kosov\u00ebs, ajo ka th\u00ebn\u00eb se Presidenca dhe Qeveria nuk duhet t\u2019i takojn\u00eb nj\u00eb partie t\u00eb vetme. \u201cPo t\u00eb kishim 66 [&hellip;]","og_url":"https:\/\/kosovatimes.info\/index.php\/2026\/04\/23\/lushaku-pergjegjesia-per-presidentin-i-takon-partise-me-te-madhe\/","og_site_name":"Kosova Times","article_published_time":"2026-04-23T08:44:00+00:00","article_modified_time":"2026-04-23T09:36:16+00:00","og_image":[{"width":780,"height":500,"url":"https:\/\/kosovatimes.info\/wp-content\/uploads\/2026\/04\/Lushaku-2.jpg","type":"image\/jpeg"}],"author":"i l","twitter_card":"summary_large_image","twitter_misc":{"Written by":"i l","Est. reading time":"1 minute"},"schema":{"@context":"https:\/\/schema.org","@graph":[{"@type":"Article","@id":"https:\/\/kosovatimes.info\/index.php\/2026\/04\/23\/lushaku-pergjegjesia-per-presidentin-i-takon-partise-me-te-madhe\/#article","isPartOf":{"@id":"https:\/\/kosovatimes.info\/index.php\/2026\/04\/23\/lushaku-pergjegjesia-per-presidentin-i-takon-partise-me-te-madhe\/"},"author":{"name":"i l","@id":"https:\/\/kosovatimes.info\/#\/schema\/person\/7586712b9c512fe68085de007378c915"},"headline":"Lushaku: P\u00ebrgjegj\u00ebsia p\u00ebr presidentin i takon partis\u00eb m\u00eb t\u00eb madhe","datePublished":"2026-04-23T08:44:00+00:00","dateModified":"2026-04-23T09:36:16+00:00","mainEntityOfPage":{"@id":"https:\/\/kosovatimes.info\/index.php\/2026\/04\/23\/lushaku-pergjegjesia-per-presidentin-i-takon-partise-me-te-madhe\/"},"wordCount":300,"commentCount":0,"image":{"@id":"https:\/\/kosovatimes.info\/index.php\/2026\/04\/23\/lushaku-pergjegjesia-per-presidentin-i-takon-partise-me-te-madhe\/#primaryimage"},"thumbnailUrl":"https:\/\/kosovatimes.info\/wp-content\/uploads\/2026\/04\/Lushaku-2.jpg","articleSection":["Kosov\u00eb","Lajme"],"inLanguage":"en-US","potentialAction":[{"@type":"CommentAction","name":"Comment","target":["https:\/\/kosovatimes.info\/index.php\/2026\/04\/23\/lushaku-pergjegjesia-per-presidentin-i-takon-partise-me-te-madhe\/#respond"]}]},{"@type":"WebPage","@id":"https:\/\/kosovatimes.info\/index.php\/2026\/04\/23\/lushaku-pergjegjesia-per-presidentin-i-takon-partise-me-te-madhe\/","url":"https:\/\/kosovatimes.info\/index.php\/2026\/04\/23\/lushaku-pergjegjesia-per-presidentin-i-takon-partise-me-te-madhe\/","name":"Lushaku: P\u00ebrgjegj\u00ebsia p\u00ebr presidentin i takon partis\u00eb m\u00eb t\u00eb madhe - Kosova Times","isPartOf":{"@id":"https:\/\/kosovatimes.info\/#website"},"primaryImageOfPage":{"@id":"https:\/\/kosovatimes.info\/index.php\/2026\/04\/23\/lushaku-pergjegjesia-per-presidentin-i-takon-partise-me-te-madhe\/#primaryimage"},"image":{"@id":"https:\/\/kosovatimes.info\/index.php\/2026\/04\/23\/lushaku-pergjegjesia-per-presidentin-i-takon-partise-me-te-madhe\/#primaryimage"},"thumbnailUrl":"https:\/\/kosovatimes.info\/wp-content\/uploads\/2026\/04\/Lushaku-2.jpg","datePublished":"2026-04-23T08:44:00+00:00","dateModified":"2026-04-23T09:36:16+00:00","author":{"@id":"https:\/\/kosovatimes.info\/#\/schema\/person\/7586712b9c512fe68085de007378c915"},"breadcrumb":{"@id":"https:\/\/kosovatimes.info\/index.php\/2026\/04\/23\/lushaku-pergjegjesia-per-presidentin-i-takon-partise-me-te-madhe\/#breadcrumb"},"inLanguage":"en-US","potentialAction":[{"@type":"ReadAction","target":["https:\/\/kosovatimes.info\/index.php\/2026\/04\/23\/lushaku-pergjegjesia-per-presidentin-i-takon-partise-me-te-madhe\/"]}]},{"@type":"ImageObject","inLanguage":"en-US","@id":"https:\/\/kosovatimes.info\/index.php\/2026\/04\/23\/lushaku-pergjegjesia-per-presidentin-i-takon-partise-me-te-madhe\/#primaryimage","url":"https:\/\/kosovatimes.info\/wp-content\/uploads\/2026\/04\/Lushaku-2.jpg","contentUrl":"https:\/\/kosovatimes.info\/wp-content\/uploads\/2026\/04\/Lushaku-2.jpg","width":780,"height":500},{"@type":"BreadcrumbList","@id":"https:\/\/kosovatimes.info\/index.php\/2026\/04\/23\/lushaku-pergjegjesia-per-presidentin-i-takon-partise-me-te-madhe\/#breadcrumb","itemListElement":[{"@type":"ListItem","position":1,"name":"Home","item":"https:\/\/kosovatimes.info\/"},{"@type":"ListItem","position":2,"name":"Lushaku: P\u00ebrgjegj\u00ebsia p\u00ebr presidentin i takon partis\u00eb m\u00eb t\u00eb madhe"}]},{"@type":"WebSite","@id":"https:\/\/kosovatimes.info\/#website","url":"https:\/\/kosovatimes.info\/","name":"Kosova Times","description":"","potentialAction":[{"@type":"SearchAction","target":{"@type":"EntryPoint","urlTemplate":"https:\/\/kosovatimes.info\/?s={search_term_string}"},"query-input":{"@type":"PropertyValueSpecification","valueRequired":true,"valueName":"search_term_string"}}],"inLanguage":"en-US"},{"@type":"Person","@id":"https:\/\/kosovatimes.info\/#\/schema\/person\/7586712b9c512fe68085de007378c915","name":"i l","image":{"@type":"ImageObject","inLanguage":"en-US","@id":"https:\/\/secure.gravatar.com\/avatar\/bad9296e02816160ae2e2435beda58222022298d5625d49fea74d18816fbb31d?s=96&d=mm&r=g","url":"https:\/\/secure.gravatar.com\/avatar\/bad9296e02816160ae2e2435beda58222022298d5625d49fea74d18816fbb31d?s=96&d=mm&r=g","contentUrl":"https:\/\/secure.gravatar.com\/avatar\/bad9296e02816160ae2e2435beda58222022298d5625d49fea74d18816fbb31d?s=96&d=mm&r=g","caption":"i l"},"url":"https:\/\/kosovatimes.info\/index.php\/author\/iliri\/"}]}},"_links":{"self":[{"href":"https:\/\/kosovatimes.info\/index.php\/wp-json\/wp\/v2\/posts\/11347","targetHints":{"allow":["GET"]}}],"collection":[{"href":"https:\/\/kosovatimes.info\/index.php\/wp-json\/wp\/v2\/posts"}],"about":[{"href":"https:\/\/kosovatimes.info\/index.php\/wp-json\/wp\/v2\/types\/post"}],"author":[{"embeddable":true,"href":"https:\/\/kosovatimes.info\/index.php\/wp-json\/wp\/v2\/users\/4"}],"replies":[{"embeddable":true,"href":"https:\/\/kosovatimes.info\/index.php\/wp-json\/wp\/v2\/comments?post=11347"}],"version-history":[{"count":1,"href":"https:\/\/kosovatimes.info\/index.php\/wp-json\/wp\/v2\/posts\/11347\/revisions"}],"predecessor-version":[{"id":11349,"href":"https:\/\/kosovatimes.info\/index.php\/wp-json\/wp\/v2\/posts\/11347\/revisions\/11349"}],"wp:featuredmedia":[{"embeddable":true,"href":"https:\/\/kosovatimes.info\/index.php\/wp-json\/wp\/v2\/media\/11348"}],"wp:attachment":[{"href":"https:\/\/kosovatimes.info\/index.php\/wp-json\/wp\/v2\/media?parent=11347"}],"wp:term":[{"taxonomy":"category","embeddable":true,"href":"https:\/\/kosovatimes.info\/index.php\/wp-json\/wp\/v2\/categories?post=11347"},{"taxonomy":"post_tag","embeddable":true,"href":"https:\/\/kosovatimes.info\/index.php\/wp-json\/wp\/v2\/tags?post=11347"}],"curies":[{"name":"wp","href":"https:\/\/api.w.org\/{rel}","templated":true}]}}