{"id":11350,"date":"2026-04-23T10:56:00","date_gmt":"2026-04-23T08:56:00","guid":{"rendered":"https:\/\/kosovatimes.info\/?p=11350"},"modified":"2026-04-23T11:37:38","modified_gmt":"2026-04-23T09:37:38","slug":"qeveria-ne-mbledhjen-e-sotme-miratoi-disa-projektligje-dhe-vendime","status":"publish","type":"post","link":"https:\/\/kosovatimes.info\/index.php\/2026\/04\/23\/qeveria-ne-mbledhjen-e-sotme-miratoi-disa-projektligje-dhe-vendime\/","title":{"rendered":"Qeveria n\u00eb mbledhjen e sotme miratoi disa projektligje dhe vendime"},"content":{"rendered":"\n<p><strong>Qeveria e Republik\u00ebs s\u00eb Kosov\u00ebs ka zhvilluar sot mbledhjen e saj t\u00eb tremb\u00ebdhjet\u00eb, t\u00eb mbajtur n\u00eb form\u00eb elektronike, ku ka miratuar nj\u00eb s\u00ebr\u00eb projektligjesh dhe vendimesh me r\u00ebnd\u00ebsi p\u00ebr funksionimin institucional dhe zhvillimin ekonomik t\u00eb vendit.<\/strong><\/p>\n\n\n\n<p>N\u00eb k\u00ebt\u00eb mbledhje, Qeveria ka miratuar Projektligjin p\u00ebr ndryshimin dhe plot\u00ebsimin e Ligjit mbi ndarjet buxhetore p\u00ebr Buxhetin e Republik\u00ebs s\u00eb Kosov\u00ebs p\u00ebr vitin 2026.<\/p>\n\n\n\n<p>Po ashtu, \u00ebsht\u00eb miratuar n\u00eb parim nisma p\u00ebr lidhjen e Marr\u00ebveshjes s\u00eb Kredis\u00eb nd\u00ebrmjet Republik\u00ebs s\u00eb Kosov\u00ebs dhe Agjencis\u00eb Franceze p\u00ebr Zhvillim, e cila ka t\u00eb b\u00ebj\u00eb me financimin e projekteve p\u00ebr Loj\u00ebrat Mesdhetare \u201cPrishtina 2030\u201d.<\/p>\n\n\n\n<p>Qeveria ka miratuar gjithashtu Projektligjin p\u00ebr ndryshimin dhe plot\u00ebsimin e Ligjit p\u00ebr Parandalimin e Pastrimit t\u00eb Parave dhe Luftimin e Financimit t\u00eb Terrorizmit, si dhe vendimin p\u00ebr t\u2019i propozuar Kuvendit kandidat\u00ebt p\u00ebr shtat\u00eb pozita n\u00eb Bordin e Agjencis\u00eb Kosovare t\u00eb Privatizimit.<\/p>\n\n\n\n<p>Sipas njoftimit, k\u00ebto vendime synojn\u00eb forcimin e korniz\u00ebs ligjore, rritjen e transparenc\u00ebs financiare dhe avancimin e proceseve zhvillimore n\u00eb vend.<\/p>\n","protected":false},"excerpt":{"rendered":"<p>Qeveria e Republik\u00ebs s\u00eb Kosov\u00ebs ka zhvilluar sot mbledhjen e saj t\u00eb tremb\u00ebdhjet\u00eb, t\u00eb mbajtur n\u00eb form\u00eb elektronike, ku ka miratuar nj\u00eb s\u00ebr\u00eb projektligjesh dhe vendimesh me r\u00ebnd\u00ebsi p\u00ebr funksionimin institucional dhe zhvillimin ekonomik t\u00eb vendit. N\u00eb k\u00ebt\u00eb mbledhje, Qeveria ka miratuar Projektligjin p\u00ebr ndryshimin dhe plot\u00ebsimin e Ligjit mbi ndarjet buxhetore p\u00ebr Buxhetin e [&hellip;]<\/p>\n","protected":false},"author":4,"featured_media":9325,"comment_status":"open","ping_status":"open","sticky":false,"template":"","format":"standard","meta":{"footnotes":""},"categories":[31,30],"tags":[],"class_list":{"0":"post-11350","1":"post","2":"type-post","3":"status-publish","4":"format-standard","5":"has-post-thumbnail","7":"category-kosove","8":"category-lajme"},"yoast_head":"<!-- This site is optimized with the Yoast SEO plugin v27.4 - https:\/\/yoast.com\/product\/yoast-seo-wordpress\/ -->\n<title>Qeveria n\u00eb mbledhjen e sotme miratoi disa projektligje dhe vendime - Kosova Times<\/title>\n<meta name=\"robots\" content=\"index, follow, max-snippet:-1, max-image-preview:large, max-video-preview:-1\" \/>\n<link rel=\"canonical\" href=\"https:\/\/kosovatimes.info\/index.php\/2026\/04\/23\/qeveria-ne-mbledhjen-e-sotme-miratoi-disa-projektligje-dhe-vendime\/\" \/>\n<meta property=\"og:locale\" content=\"en_US\" \/>\n<meta property=\"og:type\" content=\"article\" \/>\n<meta property=\"og:title\" content=\"Qeveria n\u00eb mbledhjen e sotme miratoi disa projektligje dhe vendime - Kosova Times\" \/>\n<meta property=\"og:description\" content=\"Qeveria e Republik\u00ebs s\u00eb Kosov\u00ebs ka zhvilluar sot mbledhjen e saj t\u00eb tremb\u00ebdhjet\u00eb, t\u00eb mbajtur n\u00eb form\u00eb elektronike, ku ka miratuar nj\u00eb s\u00ebr\u00eb projektligjesh dhe vendimesh me r\u00ebnd\u00ebsi p\u00ebr funksionimin institucional dhe zhvillimin ekonomik t\u00eb vendit. N\u00eb k\u00ebt\u00eb mbledhje, Qeveria ka miratuar Projektligjin p\u00ebr ndryshimin dhe plot\u00ebsimin e Ligjit mbi ndarjet buxhetore p\u00ebr Buxhetin e [&hellip;]\" \/>\n<meta property=\"og:url\" content=\"https:\/\/kosovatimes.info\/index.php\/2026\/04\/23\/qeveria-ne-mbledhjen-e-sotme-miratoi-disa-projektligje-dhe-vendime\/\" \/>\n<meta property=\"og:site_name\" content=\"Kosova Times\" \/>\n<meta property=\"article:published_time\" content=\"2026-04-23T08:56:00+00:00\" \/>\n<meta property=\"article:modified_time\" content=\"2026-04-23T09:37:38+00:00\" \/>\n<meta property=\"og:image\" content=\"https:\/\/kosovatimes.info\/wp-content\/uploads\/2026\/04\/Qeveria-2.jpg\" \/>\n\t<meta property=\"og:image:width\" content=\"780\" \/>\n\t<meta property=\"og:image:height\" content=\"500\" \/>\n\t<meta property=\"og:image:type\" content=\"image\/jpeg\" \/>\n<meta name=\"author\" content=\"i l\" \/>\n<meta name=\"twitter:card\" content=\"summary_large_image\" \/>\n<meta name=\"twitter:label1\" content=\"Written by\" \/>\n\t<meta name=\"twitter:data1\" content=\"i l\" \/>\n\t<meta name=\"twitter:label2\" content=\"Est. reading time\" \/>\n\t<meta name=\"twitter:data2\" content=\"1 minute\" \/>\n<script type=\"application\/ld+json\" class=\"yoast-schema-graph\">{\"@context\":\"https:\\\/\\\/schema.org\",\"@graph\":[{\"@type\":\"Article\",\"@id\":\"https:\\\/\\\/kosovatimes.info\\\/index.php\\\/2026\\\/04\\\/23\\\/qeveria-ne-mbledhjen-e-sotme-miratoi-disa-projektligje-dhe-vendime\\\/#article\",\"isPartOf\":{\"@id\":\"https:\\\/\\\/kosovatimes.info\\\/index.php\\\/2026\\\/04\\\/23\\\/qeveria-ne-mbledhjen-e-sotme-miratoi-disa-projektligje-dhe-vendime\\\/\"},\"author\":{\"name\":\"i l\",\"@id\":\"https:\\\/\\\/kosovatimes.info\\\/#\\\/schema\\\/person\\\/7586712b9c512fe68085de007378c915\"},\"headline\":\"Qeveria n\u00eb mbledhjen e sotme miratoi disa projektligje dhe vendime\",\"datePublished\":\"2026-04-23T08:56:00+00:00\",\"dateModified\":\"2026-04-23T09:37:38+00:00\",\"mainEntityOfPage\":{\"@id\":\"https:\\\/\\\/kosovatimes.info\\\/index.php\\\/2026\\\/04\\\/23\\\/qeveria-ne-mbledhjen-e-sotme-miratoi-disa-projektligje-dhe-vendime\\\/\"},\"wordCount\":199,\"commentCount\":0,\"image\":{\"@id\":\"https:\\\/\\\/kosovatimes.info\\\/index.php\\\/2026\\\/04\\\/23\\\/qeveria-ne-mbledhjen-e-sotme-miratoi-disa-projektligje-dhe-vendime\\\/#primaryimage\"},\"thumbnailUrl\":\"https:\\\/\\\/kosovatimes.info\\\/wp-content\\\/uploads\\\/2026\\\/04\\\/Qeveria-2.jpg\",\"articleSection\":[\"Kosov\u00eb\",\"Lajme\"],\"inLanguage\":\"en-US\",\"potentialAction\":[{\"@type\":\"CommentAction\",\"name\":\"Comment\",\"target\":[\"https:\\\/\\\/kosovatimes.info\\\/index.php\\\/2026\\\/04\\\/23\\\/qeveria-ne-mbledhjen-e-sotme-miratoi-disa-projektligje-dhe-vendime\\\/#respond\"]}]},{\"@type\":\"WebPage\",\"@id\":\"https:\\\/\\\/kosovatimes.info\\\/index.php\\\/2026\\\/04\\\/23\\\/qeveria-ne-mbledhjen-e-sotme-miratoi-disa-projektligje-dhe-vendime\\\/\",\"url\":\"https:\\\/\\\/kosovatimes.info\\\/index.php\\\/2026\\\/04\\\/23\\\/qeveria-ne-mbledhjen-e-sotme-miratoi-disa-projektligje-dhe-vendime\\\/\",\"name\":\"Qeveria n\u00eb mbledhjen e sotme miratoi disa projektligje dhe vendime - Kosova Times\",\"isPartOf\":{\"@id\":\"https:\\\/\\\/kosovatimes.info\\\/#website\"},\"primaryImageOfPage\":{\"@id\":\"https:\\\/\\\/kosovatimes.info\\\/index.php\\\/2026\\\/04\\\/23\\\/qeveria-ne-mbledhjen-e-sotme-miratoi-disa-projektligje-dhe-vendime\\\/#primaryimage\"},\"image\":{\"@id\":\"https:\\\/\\\/kosovatimes.info\\\/index.php\\\/2026\\\/04\\\/23\\\/qeveria-ne-mbledhjen-e-sotme-miratoi-disa-projektligje-dhe-vendime\\\/#primaryimage\"},\"thumbnailUrl\":\"https:\\\/\\\/kosovatimes.info\\\/wp-content\\\/uploads\\\/2026\\\/04\\\/Qeveria-2.jpg\",\"datePublished\":\"2026-04-23T08:56:00+00:00\",\"dateModified\":\"2026-04-23T09:37:38+00:00\",\"author\":{\"@id\":\"https:\\\/\\\/kosovatimes.info\\\/#\\\/schema\\\/person\\\/7586712b9c512fe68085de007378c915\"},\"breadcrumb\":{\"@id\":\"https:\\\/\\\/kosovatimes.info\\\/index.php\\\/2026\\\/04\\\/23\\\/qeveria-ne-mbledhjen-e-sotme-miratoi-disa-projektligje-dhe-vendime\\\/#breadcrumb\"},\"inLanguage\":\"en-US\",\"potentialAction\":[{\"@type\":\"ReadAction\",\"target\":[\"https:\\\/\\\/kosovatimes.info\\\/index.php\\\/2026\\\/04\\\/23\\\/qeveria-ne-mbledhjen-e-sotme-miratoi-disa-projektligje-dhe-vendime\\\/\"]}]},{\"@type\":\"ImageObject\",\"inLanguage\":\"en-US\",\"@id\":\"https:\\\/\\\/kosovatimes.info\\\/index.php\\\/2026\\\/04\\\/23\\\/qeveria-ne-mbledhjen-e-sotme-miratoi-disa-projektligje-dhe-vendime\\\/#primaryimage\",\"url\":\"https:\\\/\\\/kosovatimes.info\\\/wp-content\\\/uploads\\\/2026\\\/04\\\/Qeveria-2.jpg\",\"contentUrl\":\"https:\\\/\\\/kosovatimes.info\\\/wp-content\\\/uploads\\\/2026\\\/04\\\/Qeveria-2.jpg\",\"width\":780,\"height\":500},{\"@type\":\"BreadcrumbList\",\"@id\":\"https:\\\/\\\/kosovatimes.info\\\/index.php\\\/2026\\\/04\\\/23\\\/qeveria-ne-mbledhjen-e-sotme-miratoi-disa-projektligje-dhe-vendime\\\/#breadcrumb\",\"itemListElement\":[{\"@type\":\"ListItem\",\"position\":1,\"name\":\"Home\",\"item\":\"https:\\\/\\\/kosovatimes.info\\\/\"},{\"@type\":\"ListItem\",\"position\":2,\"name\":\"Qeveria n\u00eb mbledhjen e sotme miratoi disa projektligje dhe vendime\"}]},{\"@type\":\"WebSite\",\"@id\":\"https:\\\/\\\/kosovatimes.info\\\/#website\",\"url\":\"https:\\\/\\\/kosovatimes.info\\\/\",\"name\":\"Kosova Times\",\"description\":\"\",\"potentialAction\":[{\"@type\":\"SearchAction\",\"target\":{\"@type\":\"EntryPoint\",\"urlTemplate\":\"https:\\\/\\\/kosovatimes.info\\\/?s={search_term_string}\"},\"query-input\":{\"@type\":\"PropertyValueSpecification\",\"valueRequired\":true,\"valueName\":\"search_term_string\"}}],\"inLanguage\":\"en-US\"},{\"@type\":\"Person\",\"@id\":\"https:\\\/\\\/kosovatimes.info\\\/#\\\/schema\\\/person\\\/7586712b9c512fe68085de007378c915\",\"name\":\"i l\",\"image\":{\"@type\":\"ImageObject\",\"inLanguage\":\"en-US\",\"@id\":\"https:\\\/\\\/secure.gravatar.com\\\/avatar\\\/bad9296e02816160ae2e2435beda58222022298d5625d49fea74d18816fbb31d?s=96&d=mm&r=g\",\"url\":\"https:\\\/\\\/secure.gravatar.com\\\/avatar\\\/bad9296e02816160ae2e2435beda58222022298d5625d49fea74d18816fbb31d?s=96&d=mm&r=g\",\"contentUrl\":\"https:\\\/\\\/secure.gravatar.com\\\/avatar\\\/bad9296e02816160ae2e2435beda58222022298d5625d49fea74d18816fbb31d?s=96&d=mm&r=g\",\"caption\":\"i l\"},\"url\":\"https:\\\/\\\/kosovatimes.info\\\/index.php\\\/author\\\/iliri\\\/\"}]}<\/script>\n<!-- \/ Yoast SEO plugin. -->","yoast_head_json":{"title":"Qeveria n\u00eb mbledhjen e sotme miratoi disa projektligje dhe vendime - Kosova Times","robots":{"index":"index","follow":"follow","max-snippet":"max-snippet:-1","max-image-preview":"max-image-preview:large","max-video-preview":"max-video-preview:-1"},"canonical":"https:\/\/kosovatimes.info\/index.php\/2026\/04\/23\/qeveria-ne-mbledhjen-e-sotme-miratoi-disa-projektligje-dhe-vendime\/","og_locale":"en_US","og_type":"article","og_title":"Qeveria n\u00eb mbledhjen e sotme miratoi disa projektligje dhe vendime - Kosova Times","og_description":"Qeveria e Republik\u00ebs s\u00eb Kosov\u00ebs ka zhvilluar sot mbledhjen e saj t\u00eb tremb\u00ebdhjet\u00eb, t\u00eb mbajtur n\u00eb form\u00eb elektronike, ku ka miratuar nj\u00eb s\u00ebr\u00eb projektligjesh dhe vendimesh me r\u00ebnd\u00ebsi p\u00ebr funksionimin institucional dhe zhvillimin ekonomik t\u00eb vendit. N\u00eb k\u00ebt\u00eb mbledhje, Qeveria ka miratuar Projektligjin p\u00ebr ndryshimin dhe plot\u00ebsimin e Ligjit mbi ndarjet buxhetore p\u00ebr Buxhetin e [&hellip;]","og_url":"https:\/\/kosovatimes.info\/index.php\/2026\/04\/23\/qeveria-ne-mbledhjen-e-sotme-miratoi-disa-projektligje-dhe-vendime\/","og_site_name":"Kosova Times","article_published_time":"2026-04-23T08:56:00+00:00","article_modified_time":"2026-04-23T09:37:38+00:00","og_image":[{"width":780,"height":500,"url":"https:\/\/kosovatimes.info\/wp-content\/uploads\/2026\/04\/Qeveria-2.jpg","type":"image\/jpeg"}],"author":"i l","twitter_card":"summary_large_image","twitter_misc":{"Written by":"i l","Est. reading time":"1 minute"},"schema":{"@context":"https:\/\/schema.org","@graph":[{"@type":"Article","@id":"https:\/\/kosovatimes.info\/index.php\/2026\/04\/23\/qeveria-ne-mbledhjen-e-sotme-miratoi-disa-projektligje-dhe-vendime\/#article","isPartOf":{"@id":"https:\/\/kosovatimes.info\/index.php\/2026\/04\/23\/qeveria-ne-mbledhjen-e-sotme-miratoi-disa-projektligje-dhe-vendime\/"},"author":{"name":"i l","@id":"https:\/\/kosovatimes.info\/#\/schema\/person\/7586712b9c512fe68085de007378c915"},"headline":"Qeveria n\u00eb mbledhjen e sotme miratoi disa projektligje dhe vendime","datePublished":"2026-04-23T08:56:00+00:00","dateModified":"2026-04-23T09:37:38+00:00","mainEntityOfPage":{"@id":"https:\/\/kosovatimes.info\/index.php\/2026\/04\/23\/qeveria-ne-mbledhjen-e-sotme-miratoi-disa-projektligje-dhe-vendime\/"},"wordCount":199,"commentCount":0,"image":{"@id":"https:\/\/kosovatimes.info\/index.php\/2026\/04\/23\/qeveria-ne-mbledhjen-e-sotme-miratoi-disa-projektligje-dhe-vendime\/#primaryimage"},"thumbnailUrl":"https:\/\/kosovatimes.info\/wp-content\/uploads\/2026\/04\/Qeveria-2.jpg","articleSection":["Kosov\u00eb","Lajme"],"inLanguage":"en-US","potentialAction":[{"@type":"CommentAction","name":"Comment","target":["https:\/\/kosovatimes.info\/index.php\/2026\/04\/23\/qeveria-ne-mbledhjen-e-sotme-miratoi-disa-projektligje-dhe-vendime\/#respond"]}]},{"@type":"WebPage","@id":"https:\/\/kosovatimes.info\/index.php\/2026\/04\/23\/qeveria-ne-mbledhjen-e-sotme-miratoi-disa-projektligje-dhe-vendime\/","url":"https:\/\/kosovatimes.info\/index.php\/2026\/04\/23\/qeveria-ne-mbledhjen-e-sotme-miratoi-disa-projektligje-dhe-vendime\/","name":"Qeveria n\u00eb mbledhjen e sotme miratoi disa projektligje dhe vendime - Kosova Times","isPartOf":{"@id":"https:\/\/kosovatimes.info\/#website"},"primaryImageOfPage":{"@id":"https:\/\/kosovatimes.info\/index.php\/2026\/04\/23\/qeveria-ne-mbledhjen-e-sotme-miratoi-disa-projektligje-dhe-vendime\/#primaryimage"},"image":{"@id":"https:\/\/kosovatimes.info\/index.php\/2026\/04\/23\/qeveria-ne-mbledhjen-e-sotme-miratoi-disa-projektligje-dhe-vendime\/#primaryimage"},"thumbnailUrl":"https:\/\/kosovatimes.info\/wp-content\/uploads\/2026\/04\/Qeveria-2.jpg","datePublished":"2026-04-23T08:56:00+00:00","dateModified":"2026-04-23T09:37:38+00:00","author":{"@id":"https:\/\/kosovatimes.info\/#\/schema\/person\/7586712b9c512fe68085de007378c915"},"breadcrumb":{"@id":"https:\/\/kosovatimes.info\/index.php\/2026\/04\/23\/qeveria-ne-mbledhjen-e-sotme-miratoi-disa-projektligje-dhe-vendime\/#breadcrumb"},"inLanguage":"en-US","potentialAction":[{"@type":"ReadAction","target":["https:\/\/kosovatimes.info\/index.php\/2026\/04\/23\/qeveria-ne-mbledhjen-e-sotme-miratoi-disa-projektligje-dhe-vendime\/"]}]},{"@type":"ImageObject","inLanguage":"en-US","@id":"https:\/\/kosovatimes.info\/index.php\/2026\/04\/23\/qeveria-ne-mbledhjen-e-sotme-miratoi-disa-projektligje-dhe-vendime\/#primaryimage","url":"https:\/\/kosovatimes.info\/wp-content\/uploads\/2026\/04\/Qeveria-2.jpg","contentUrl":"https:\/\/kosovatimes.info\/wp-content\/uploads\/2026\/04\/Qeveria-2.jpg","width":780,"height":500},{"@type":"BreadcrumbList","@id":"https:\/\/kosovatimes.info\/index.php\/2026\/04\/23\/qeveria-ne-mbledhjen-e-sotme-miratoi-disa-projektligje-dhe-vendime\/#breadcrumb","itemListElement":[{"@type":"ListItem","position":1,"name":"Home","item":"https:\/\/kosovatimes.info\/"},{"@type":"ListItem","position":2,"name":"Qeveria n\u00eb mbledhjen e sotme miratoi disa projektligje dhe vendime"}]},{"@type":"WebSite","@id":"https:\/\/kosovatimes.info\/#website","url":"https:\/\/kosovatimes.info\/","name":"Kosova Times","description":"","potentialAction":[{"@type":"SearchAction","target":{"@type":"EntryPoint","urlTemplate":"https:\/\/kosovatimes.info\/?s={search_term_string}"},"query-input":{"@type":"PropertyValueSpecification","valueRequired":true,"valueName":"search_term_string"}}],"inLanguage":"en-US"},{"@type":"Person","@id":"https:\/\/kosovatimes.info\/#\/schema\/person\/7586712b9c512fe68085de007378c915","name":"i l","image":{"@type":"ImageObject","inLanguage":"en-US","@id":"https:\/\/secure.gravatar.com\/avatar\/bad9296e02816160ae2e2435beda58222022298d5625d49fea74d18816fbb31d?s=96&d=mm&r=g","url":"https:\/\/secure.gravatar.com\/avatar\/bad9296e02816160ae2e2435beda58222022298d5625d49fea74d18816fbb31d?s=96&d=mm&r=g","contentUrl":"https:\/\/secure.gravatar.com\/avatar\/bad9296e02816160ae2e2435beda58222022298d5625d49fea74d18816fbb31d?s=96&d=mm&r=g","caption":"i l"},"url":"https:\/\/kosovatimes.info\/index.php\/author\/iliri\/"}]}},"_links":{"self":[{"href":"https:\/\/kosovatimes.info\/index.php\/wp-json\/wp\/v2\/posts\/11350","targetHints":{"allow":["GET"]}}],"collection":[{"href":"https:\/\/kosovatimes.info\/index.php\/wp-json\/wp\/v2\/posts"}],"about":[{"href":"https:\/\/kosovatimes.info\/index.php\/wp-json\/wp\/v2\/types\/post"}],"author":[{"embeddable":true,"href":"https:\/\/kosovatimes.info\/index.php\/wp-json\/wp\/v2\/users\/4"}],"replies":[{"embeddable":true,"href":"https:\/\/kosovatimes.info\/index.php\/wp-json\/wp\/v2\/comments?post=11350"}],"version-history":[{"count":1,"href":"https:\/\/kosovatimes.info\/index.php\/wp-json\/wp\/v2\/posts\/11350\/revisions"}],"predecessor-version":[{"id":11351,"href":"https:\/\/kosovatimes.info\/index.php\/wp-json\/wp\/v2\/posts\/11350\/revisions\/11351"}],"wp:featuredmedia":[{"embeddable":true,"href":"https:\/\/kosovatimes.info\/index.php\/wp-json\/wp\/v2\/media\/9325"}],"wp:attachment":[{"href":"https:\/\/kosovatimes.info\/index.php\/wp-json\/wp\/v2\/media?parent=11350"}],"wp:term":[{"taxonomy":"category","embeddable":true,"href":"https:\/\/kosovatimes.info\/index.php\/wp-json\/wp\/v2\/categories?post=11350"},{"taxonomy":"post_tag","embeddable":true,"href":"https:\/\/kosovatimes.info\/index.php\/wp-json\/wp\/v2\/tags?post=11350"}],"curies":[{"name":"wp","href":"https:\/\/api.w.org\/{rel}","templated":true}]}}