{"id":11352,"date":"2026-04-23T11:42:07","date_gmt":"2026-04-23T09:42:07","guid":{"rendered":"https:\/\/kosovatimes.info\/?p=11352"},"modified":"2026-04-23T11:42:11","modified_gmt":"2026-04-23T09:42:11","slug":"paralajmerim-per-evropianet-disa-prej-jush-do-ti-humbasin-pushimet","status":"publish","type":"post","link":"https:\/\/kosovatimes.info\/index.php\/2026\/04\/23\/paralajmerim-per-evropianet-disa-prej-jush-do-ti-humbasin-pushimet\/","title":{"rendered":"Paralajm\u00ebrim p\u00ebr evropian\u00ebt: Disa prej jush do t&#8217;i humbasin pushimet"},"content":{"rendered":"\n<p>Evropa po p\u00ebrballet me nj\u00eb kriz\u00eb serioze energjetike q\u00eb mund t\u00eb ket\u00eb nj\u00eb ndikim t\u00eb madh n\u00eb sezonin e udh\u00ebtimeve verore. P\u00ebr shkak t\u00eb luft\u00ebs n\u00eb Iran dhe nd\u00ebrprerjeve t\u00eb furnizimit, \u00e7mimi i karburantit p\u00ebr avion\u00eb po rritet ndjesh\u00ebm dhe po shtohet frika p\u00ebr mungesa t\u00eb mundshme.Komisioneri Evropian i Energjis\u00eb,&nbsp;<strong>Dan Jorgensen,<\/strong>&nbsp;paralajm\u00ebroi se situata \u00ebsht\u00eb tashm\u00eb shum\u00eb serioze dhe se shum\u00eb qytetar\u00eb mund t\u00eb duhet t\u00eb ndryshojn\u00eb planet e tyre t\u00eb pushimeve.<\/p>\n\n\n\n<p>&#8220;Fatkeq\u00ebsisht, ka shum\u00eb t\u00eb ngjar\u00eb q\u00eb pushimet e shum\u00eb njer\u00ebzve t\u00eb preken, qoft\u00eb nga anulimet e fluturimeve apo nga biletat shum\u00eb, shum\u00eb t\u00eb shtrenjta&#8221;, tha ai p\u00ebr\u00a0<a href=\"https:\/\/news.sky.com\/story\/money-live-consumer-personal-finance-tips-sky-news-latest-13040934\" target=\"_blank\" rel=\"noreferrer noopener\">Sky News<\/a>\u00a0. &#8220;Edhe n\u00ebse b\u00ebjm\u00eb gjith\u00e7ka q\u00eb mundemi, n\u00ebse nuk ka karburant p\u00ebr aeroplan\u00ebt, at\u00ebher\u00eb thjesht nuk ka karburant.&#8221;Sipas tij, situata aktuale \u00ebsht\u00eb kryesisht nj\u00eb kriz\u00eb \u00e7mimesh, por ekziston nj\u00eb rrezik real q\u00eb ajo t\u00eb shnd\u00ebrrohet n\u00eb nj\u00eb kriz\u00eb furnizimi.<\/p>\n\n\n\n<p>&#8220;P\u00ebr momentin \u00ebsht\u00eb kryesisht nj\u00eb kriz\u00eb \u00e7mimesh, jo ende nj\u00eb kriz\u00eb furnizimi, por p\u00ebr fat t\u00eb keq nuk mund t\u00eb jemi t\u00eb sigurt se do t\u00eb shmangim mungesat, ve\u00e7an\u00ebrisht kur b\u00ebhet fjal\u00eb p\u00ebr karburantin e avion\u00ebve, n\u00ebse kriza vazhdon.&#8221;Agjencia Nd\u00ebrkomb\u00ebtare e Energjis\u00eb ka paralajm\u00ebruar tashm\u00eb se probleme serioze t\u00eb furnizimit mund t\u00eb ndodhin n\u00eb pes\u00eb deri n\u00eb gjasht\u00eb jav\u00ebt e ardhshme.Edhe n\u00eb rast t\u00eb nj\u00eb zgjidhjeje t\u00eb shpejt\u00eb t\u00eb konfliktit, pasojat do t\u00eb ndihen p\u00ebr nj\u00eb koh\u00eb t\u00eb gjat\u00eb.<\/p>\n\n\n\n<p>\u201cEdhe n\u00ebse nes\u00ebr mbret\u00ebron paqja dhe hapet Ngushtica e Hormuzit, mendoj se do ta shmangim m\u00eb t\u00eb keqen, por edhe n\u00eb skenarin m\u00eb t\u00eb mir\u00eb, kriza e \u00e7mimeve do t\u00eb zgjas\u00eb p\u00ebr ca koh\u00eb\u201d, tha Jorgensen.<\/p>\n\n\n\n<p>Ai shtoi gjithashtu se infrastruktura e gazit n\u00eb rajon \u00ebsht\u00eb d\u00ebmtuar ndjesh\u00ebm, q\u00eb do t\u00eb thot\u00eb se Evropa mund t\u00eb paguaj\u00eb p\u00ebr energjin\u00eb duksh\u00ebm m\u00eb shtrenjt\u00eb se m\u00eb par\u00eb p\u00ebr muaj, madje edhe vite.&#8217;Pushime m\u00eb af\u00ebr sht\u00ebpis\u00eb&#8217;<\/p>\n\n\n\n<p>P\u00ebr shkak t\u00eb gjith\u00eb k\u00ebsaj, agjencia italiane e aviacionit civil po k\u00ebshillon qytetar\u00ebt t\u00eb marrin n\u00eb konsiderat\u00eb kalimin e ver\u00ebs m\u00eb af\u00ebr sht\u00ebpis\u00eb. Kreu i saj,&nbsp;<strong>Pierluigi di Palma,<\/strong>&nbsp;thekson se ndikimi psikologjik i rritjes s\u00eb \u00e7mimeve i ka goditur r\u00ebnd\u00eb udh\u00ebtar\u00ebt.<\/p>\n\n\n\n<p>\u201cN\u00eb t\u00eb kaluar\u00ebn, \u00e7mimet e karburantit kan\u00eb tejkaluar 100 dollar\u00eb pa ndikuar ndjesh\u00ebm n\u00eb trafikun ajror, por k\u00ebt\u00eb her\u00eb efekti psikologjik po ka nj\u00eb efekt shkat\u00ebrrues te pasagjer\u00ebt\u201d, tha di Palma.<\/p>\n\n\n\n<p>&#8220;\u00cbsht\u00eb m\u00eb mir\u00eb t\u00eb rekomandoni pushime diku af\u00ebr ose t\u00eb rizbuloni bukurit\u00eb e vendit tuaj.&#8221;<\/p>\n\n\n\n<p>Ata q\u00eb ende po planifikojn\u00eb udh\u00ebtime t\u00eb gjata k\u00ebshillohen t\u00eb tregojn\u00eb kujdes t\u00eb shtuar.\u201cP\u00ebr ata q\u00eb ende duan t\u00eb rrezikojn\u00eb nj\u00eb udh\u00ebtim m\u00eb t\u00eb gjat\u00eb, \u00ebsht\u00eb nj\u00eb ide e mir\u00eb t\u00eb marrin n\u00eb konsiderat\u00eb sigurimin special q\u00eb garanton rimbursim n\u00eb rast t\u00eb vones\u00ebs ose anulimit t\u00eb nj\u00eb fluturimi.\u201dNd\u00ebrkoh\u00eb, BE-ja po p\u00ebrpiqet t\u00eb zbus\u00eb efektet e kriz\u00ebs duke p\u00ebrshpejtuar kalimin n\u00eb burime t\u00eb rinovueshme t\u00eb energjis\u00eb dhe duke inkurajuar familjet t\u00eb p\u00ebrdorin pompat e nxeht\u00ebsis\u00eb dhe panelet diellore, si dhe duke ulur taksat mbi energjin\u00eb elektrike p\u00ebr t\u00eb inkurajuar blerjen e automjeteve elektrike.<\/p>\n\n\n\n<h3 class=\"wp-block-heading\">Lufthansa anulon deri n\u00eb 20,000 fluturime me distanca t\u00eb shkurtra<\/h3>\n\n\n\n<p>Kompanit\u00eb ajrore po marrin masa konkrete p\u00ebr t&#8217;u p\u00ebrballur me kostot n\u00eb rritje.&nbsp;<a href=\"https:\/\/www.jutarnji.hr\/vijesti\/svijet\/lufthansa-ukida-20000-kratkih-letova-i-preusmjerava-rijeku-na-cvorista-15701414\" target=\"_blank\" rel=\"noreferrer noopener\">Lufthansa e Gjermanis\u00eb ka njoftuar anulimin e deri n\u00eb 20,000 fluturimeve me distanca t\u00eb shkurtra gjat\u00eb ver\u00ebs<\/a>&nbsp;, duke th\u00ebn\u00eb se shum\u00eb linja jan\u00eb b\u00ebr\u00eb &#8220;jofitimprur\u00ebse&#8221; p\u00ebr shkak t\u00eb rritjes s\u00eb ndjeshme t\u00eb \u00e7mimeve t\u00eb karburantit, raporton&nbsp;<a href=\"https:\/\/www.bbc.com\/news\/articles\/cre1r4n5j5wo\" target=\"_blank\" rel=\"noreferrer noopener\">BBC<\/a>&nbsp;.<\/p>\n\n\n\n<p>\u00c7mimi i karburantit p\u00ebr avion\u00eb \u00ebsht\u00eb dyfishuar q\u00eb nga fillimi i&nbsp;<a href=\"https:\/\/www.jutarnji.hr\/vijesti\/svijet\/potres-u-americkoj-vojsci-procurila-je-i-strogo-cuvana-informacija-ovo-je-dan-kad-istjece-primirje-15701583?cx_linkref=jl_home_g1\" target=\"_blank\" rel=\"noreferrer noopener\">konfliktit midis SHBA-s\u00eb dhe Izraelit me Iranin<\/a>&nbsp;, kryesisht p\u00ebr shkak t\u00eb v\u00ebshtir\u00ebsive n\u00eb prodhim dhe transport n\u00eb Lindjen e Mesme.<\/p>\n\n\n\n<p>P\u00ebrve\u00e7 Lufthans\u00ebs, kompani t\u00eb tjera si KLM dhe Delta po e ulin p\u00ebrkoh\u00ebsisht numrin e fluturimeve, nd\u00ebrsa shum\u00eb prej tyre po rrisin nj\u00ebkoh\u00ebsisht \u00e7mimet e biletave p\u00ebr t\u2019ua kaluar kostot pasagjer\u00ebve.<\/p>\n\n\n\n<p>Analist\u00ebt paralajm\u00ebrojn\u00eb se ky \u00ebsht\u00eb vet\u00ebm fillimi dhe se udh\u00ebtar\u00ebt duhet t\u00eb presin rritje t\u00eb m\u00ebtejshme t\u00eb \u00e7mimeve dhe nj\u00eb num\u00ebr edhe m\u00eb t\u00eb madh anulimesh n\u00ebse konflikti vazhdon.<\/p>\n\n\n\n<figure class=\"wp-block-image\"><a class=\"se__anchor image-popup-vertical-fit open-gallery--photoswipe-embed photoswipe-event\" href=\"https:\/\/media.jutarnji.hr\/images\/slike\/2026\/04\/22\/38746141.jpg\"><img decoding=\"async\" src=\"https:\/\/media.jutarnji.hr\/images\/slike\/2026\/04\/22\/38746141.jpg?1776932352\" alt=\"imazh\"\/><\/a><\/figure>\n\n\n\n<p>Problemi kryesor q\u00ebndron n\u00eb var\u00ebsin\u00eb e Evrop\u00ebs nga importet e karburantit nga Gjiri Persik, i cili p\u00ebrb\u00ebn rreth 50% t\u00eb furnizimit t\u00eb saj t\u00eb p\u00ebrgjithsh\u00ebm. Pjesa m\u00eb e madhe e k\u00ebtij karburanti kalon n\u00ebp\u00ebr Ngushtic\u00ebn e Hormuzit, t\u00eb cil\u00ebn Irani e ka mbyllur n\u00eb m\u00ebnyr\u00eb efektive n\u00eb p\u00ebrgjigje t\u00eb sulmeve t\u00eb SHBA-s\u00eb dhe Izraelit.<\/p>\n\n\n\n<p>R\u00ebnd\u00ebsia e rajonit konfirmohet gjithashtu nga fakti se vet\u00ebm rafineria Al-Zour n\u00eb Kuvajt siguron rreth 10% t\u00eb importeve evropiane t\u00eb karburantit t\u00eb aviacionit.<\/p>\n\n\n\n<p>Agjencia Nd\u00ebrkomb\u00ebtare e Energjis\u00eb paralajm\u00ebroi jav\u00ebn e kaluar se Evropa mund t\u00eb mbetet pa karburant p\u00ebr avion\u00eb brenda disa jav\u00ebsh, megjith\u00ebse qeveria britanike dhe disa linja ajrore thon\u00eb se nuk po p\u00ebrjetojn\u00eb nd\u00ebrprerje serioze t\u00eb furnizimit.<\/p>\n\n\n\n<p>Lufthansa tha se, pavar\u00ebsisht reduktimit t\u00eb rrjetit t\u00eb saj evropian t\u00eb fluturimeve, pasagjer\u00ebt do t\u00eb ken\u00eb ende qasje n\u00eb rrjetin global, ve\u00e7an\u00ebrisht n\u00eb rrug\u00ebt me distanca t\u00eb gjata.<\/p>\n\n\n\n<p>Megjithat\u00eb, ata shtojn\u00eb se kjo do t\u00eb ndodh\u00eb me nj\u00eb efikasitet duksh\u00ebm m\u00eb t\u00eb madh p\u00ebr shkak t\u00eb kostove t\u00eb larta t\u00eb karburantit, me vler\u00ebsimin se k\u00ebto masa do t\u00eb kursejn\u00eb rreth 40,000 ton karburant.<\/p>\n\n\n\n<p>Kompania njoftoi gjithashtu mbylljen e p\u00ebrshpejtuar t\u00eb deg\u00ebs s\u00eb saj evropiane CityLine dhe t\u00ebrheqjen e 27 avion\u00ebve nga sh\u00ebrbimi, pjes\u00ebrisht p\u00ebr shkak t\u00eb &#8220;\u00e7mimeve t\u00eb vajgurit n\u00eb rritje t\u00eb ndjeshme&#8221;, por edhe kostove shtes\u00eb q\u00eb lidhen me mosmarr\u00ebveshjet n\u00eb pun\u00eb.<\/p>\n\n\n\n<p>Vala e par\u00eb e anulimeve t\u00eb fluturimeve ka filluar tashm\u00eb, dhe midis rrug\u00ebve t\u00eb prekura jan\u00eb linjat nga Frankfurti n\u00eb Poloni dhe Norvegji.KE prezanton nj\u00eb s\u00ebr\u00eb masash p\u00ebr t&#8217;u p\u00ebrballur me kriz\u00ebn energjetike<\/p>\n\n\n\n<p>Komisioni Evropian propozoi t\u00eb m\u00ebrkur\u00ebn nj\u00eb s\u00ebr\u00eb masash p\u00ebr t&#8217;u marr\u00eb me kriz\u00ebn energjetike t\u00eb shkaktuar nga lufta SHBA-Izrael kund\u00ebr Iranit dhe mbyllja e Ngushtic\u00ebs s\u00eb Hormuzit, nj\u00eb rrug\u00eb ujore ky\u00e7e p\u00ebr furnizimin me l\u00ebnd\u00eb djeg\u00ebse fosile.<\/p>\n\n\n\n<p>Paketa e masave e quajtur &#8220;AccelerateEU&#8221; parashikon nj\u00eb propozim p\u00ebr ndryshime tatimore p\u00ebr t\u00eb siguruar q\u00eb taksat mbi energjin\u00eb elektrike t\u00eb jen\u00eb m\u00eb t\u00eb ul\u00ebta se taksat mbi l\u00ebnd\u00ebt djeg\u00ebse fosile, si dhe masa p\u00ebr t\u00eb optimizuar shp\u00ebrndarjen e karburantit t\u00eb avion\u00ebve midis shteteve an\u00ebtare p\u00ebr t\u00eb shmangur mungesat.<\/p>\n\n\n\n<p>Komisioni thekson se koordinimi midis shteteve an\u00ebtare \u00ebsht\u00eb thelb\u00ebsor, kryesisht mbushja e koordinuar e impianteve t\u00eb magazinimit t\u00eb gazit p\u00ebr t\u00eb shmangur q\u00eb t\u00eb gjitha shtetet an\u00ebtare t\u00eb blejn\u00eb gaz n\u00eb treg n\u00eb t\u00eb nj\u00ebjt\u00ebn koh\u00eb dhe k\u00ebshtu t\u00eb rrisin \u00e7mimin e tij.<\/p>\n\n\n\n<p>\u00cbsht\u00eb planifikuar t\u00eb krijohet nj\u00eb v\u00ebzhgues i karburanteve q\u00eb do t\u00eb monitoroj\u00eb prodhimin, importin, eksportin dhe nivelet e stokut t\u00eb karburantit p\u00ebr sektorin e transportit n\u00eb BE.<\/p>\n\n\n\n<p>Observatori duhet t\u00eb mund\u00ebsoj\u00eb identifikimin e shpejt\u00eb t\u00eb mungesave t\u00eb mundshme dhe, n\u00eb rast t\u00eb nj\u00eb lirimi urgjent t\u00eb stoqeve, formulimin e masave t\u00eb synuara p\u00ebr t\u00eb ruajtur nj\u00eb shp\u00ebrndarje t\u00eb ekuilibruar t\u00eb karburantit. Observatori do t\u00eb monitoroj\u00eb situat\u00ebn n\u00eb tregun e karburantit p\u00ebr avion\u00eb n\u00eb ve\u00e7anti.<\/p>\n\n\n\n<p>N\u00eb BE ka shqet\u00ebsim n\u00eb rritje p\u00ebr mungesa t\u00eb mundshme t\u00eb vajgurit, sepse 20 p\u00ebrqind e nevojave t\u00eb Evrop\u00ebs p\u00ebr karburant avion\u00ebsh kalojn\u00eb n\u00ebp\u00ebr Ngushtic\u00ebn e Hormuzit.<\/p>\n\n\n\n<p>\u201cNj\u00eb kriz\u00eb furnizimi me karburant p\u00ebr avion\u00ebt mund t\u00eb vij\u00eb shum\u00eb shpejt, gj\u00eb q\u00eb mund t\u00eb shkaktoj\u00eb rritjen e \u00e7mimeve t\u00eb biletave t\u00eb avionit dhe potencialisht t\u00eb \u00e7oj\u00eb n\u00eb anulime t\u00eb fluturimeve\u201d, thot\u00eb Komisioneri i Energjis\u00eb&nbsp;<strong>Dan J\u00f8rgensen<\/strong>&nbsp;.<\/p>\n\n\n\n<p>Prandaj, Komisioni po u b\u00ebn thirrje Shteteve An\u00ebtare t\u00eb rrisin prodhimin e vajgurit n\u00eb rafinerit\u00eb evropiane.<\/p>\n\n\n\n<p>Lidhur me karburantet e avion\u00ebve, Komisioni njofton se do t\u00eb sqaroj\u00eb fleksibilitetin ekzistues t\u00eb ligjeve q\u00eb lidhen me sektorin e aviacionit.<\/p>\n\n\n\n<p>P\u00ebr t\u00eb mbrojtur konsumator\u00ebt dhe industrin\u00eb nga \u00e7mimet e larta t\u00eb energjis\u00eb, parashikohet q\u00eb shtetet an\u00ebtare t\u00eb ofrojn\u00eb mb\u00ebshtetje t\u00eb t\u00eb ardhurave p\u00ebr familjet, kupon\u00eb energjie dhe akciza m\u00eb t\u00eb ul\u00ebta p\u00ebr energjin\u00eb elektrike p\u00ebr familjet n\u00eb nevoj\u00eb.<\/p>\n\n\n\n<p>Komisioni njofton se do t\u00eb miratoj\u00eb nj\u00eb Korniz\u00eb t\u00eb P\u00ebrkohshme t\u00eb Ndihm\u00ebs Shtet\u00ebrore q\u00eb do t&#8217;u ofroj\u00eb qeverive komb\u00ebtare fleksibilitet shtes\u00eb, duke p\u00ebrfshir\u00eb masa emergjente p\u00ebr t\u00eb mb\u00ebshtetur sektor\u00ebt ekonomik\u00eb m\u00eb t\u00eb ekspozuar.<\/p>\n\n\n\n<p>Nj\u00eb nga masat \u00ebsht\u00eb p\u00ebrshpejtimi i kalimit n\u00eb energjin\u00eb e past\u00ebr t\u00eb prodhuar n\u00eb BE, e cila do t\u00eb z\u00ebvend\u00ebsoj\u00eb naft\u00ebn dhe gazin. Komisioni njofton se do t\u00eb paraqes\u00eb nj\u00eb plan veprimi p\u00ebr elektrifikimin deri n\u00eb ver\u00eb, i cili do t\u00eb p\u00ebrfshij\u00eb masa p\u00ebr t\u00eb hequr pengesat p\u00ebr elektrifikimin e sektor\u00ebve industrial\u00eb, t\u00eb transportit dhe t\u00eb nd\u00ebrtimit.<\/p>\n\n\n\n<p>Elektrifikimi k\u00ebrkon nj\u00eb rrjet transmetimi t\u00eb p\u00ebrshtatsh\u00ebm q\u00eb mund t\u00eb pranoj\u00eb shpejt prodhimin nga termocentralet e er\u00ebs dhe hidrocentralet.<\/p>\n\n\n\n<p>Komisioni njofton se do t\u00eb paraqes\u00eb nj\u00eb propozim legjislativ mbi tarifat e rrjetit dhe taksimin, duke siguruar, nd\u00ebr t\u00eb tjera, q\u00eb energjia elektrike t\u00eb tatohet m\u00eb pak se l\u00ebnd\u00ebt djeg\u00ebse fosile.<\/p>\n\n\n\n<p>Komisioni deklaron se \u00ebsht\u00eb e nevojshme t\u00eb forcohen investimet n\u00eb tranzicionin energjetik, me an\u00eb t\u00eb t\u00eb cilit shtetet an\u00ebtare mund t\u00eb p\u00ebrdorin nj\u00eb pjes\u00eb t\u00eb fondeve nga fondi i rim\u00ebk\u00ebmbjes nga pandemia dhe fondet e kohezionit.<\/p>\n\n\n\n<p>Komisioni vler\u00ebson se investimet n\u00eb tranzicionin energjetik arrijn\u00eb n\u00eb 660 miliard\u00eb n\u00eb vit deri n\u00eb vitin 2030. Kjo nuk do t\u00eb jet\u00eb e mundur t\u00eb sigurohet me fonde publike, k\u00ebshtu q\u00eb do t\u00eb duhet t\u00eb mobilizohet kapitali privat.<\/p>\n\n\n\n<p>Komisioneri i Energjis\u00eb J\u00f8rgensen \u00ebsht\u00eb mjaft pesimist p\u00ebr situat\u00ebn e energjis\u00eb n\u00eb muajt e ardhsh\u00ebm.<\/p>\n\n\n\n<p>Ai theksoi se edhe n\u00eb skenarin m\u00eb t\u00eb mir\u00eb, situata n\u00eb tregun e energjis\u00eb do t\u00eb jet\u00eb mjaft e keqe. Ai shtoi se nuk pret q\u00eb tregu i gazit t\u00eb l\u00ebngsh\u00ebm t\u00eb stabilizohet n\u00eb vitet e ardhshme.<\/p>\n\n\n\n<p>Pavar\u00ebsisht k\u00ebsaj, &#8220;ne nuk do ta ndryshojm\u00eb planin ton\u00eb p\u00ebr t\u00eb hequr dor\u00eb nga gazi rus dhe do t\u00eb ishte nj\u00eb gabim i madh t\u00eb fillonim p\u00ebrs\u00ebri importimin e gazit nga Rusia&#8221;, tha J\u00f8rgensen. (Hina)<\/p>\n","protected":false},"excerpt":{"rendered":"<p>Evropa po p\u00ebrballet me nj\u00eb kriz\u00eb serioze energjetike q\u00eb mund t\u00eb ket\u00eb nj\u00eb ndikim t\u00eb madh n\u00eb sezonin e udh\u00ebtimeve verore. P\u00ebr shkak t\u00eb luft\u00ebs n\u00eb Iran dhe nd\u00ebrprerjeve t\u00eb furnizimit, \u00e7mimi i karburantit p\u00ebr avion\u00eb po rritet ndjesh\u00ebm dhe po shtohet frika p\u00ebr mungesa t\u00eb mundshme.Komisioneri Evropian i Energjis\u00eb,&nbsp;Dan Jorgensen,&nbsp;paralajm\u00ebroi se situata \u00ebsht\u00eb tashm\u00eb [&hellip;]<\/p>\n","protected":false},"author":4,"featured_media":11353,"comment_status":"open","ping_status":"open","sticky":false,"template":"","format":"standard","meta":{"footnotes":""},"categories":[43],"tags":[],"class_list":{"0":"post-11352","1":"post","2":"type-post","3":"status-publish","4":"format-standard","5":"has-post-thumbnail","7":"category-turizem"},"yoast_head":"<!-- This site is optimized with the Yoast SEO plugin v27.4 - https:\/\/yoast.com\/product\/yoast-seo-wordpress\/ -->\n<title>Paralajm\u00ebrim p\u00ebr evropian\u00ebt: Disa prej jush do t&#039;i humbasin pushimet - Kosova Times<\/title>\n<meta name=\"robots\" content=\"index, follow, max-snippet:-1, max-image-preview:large, max-video-preview:-1\" \/>\n<link rel=\"canonical\" href=\"https:\/\/kosovatimes.info\/index.php\/2026\/04\/23\/paralajmerim-per-evropianet-disa-prej-jush-do-ti-humbasin-pushimet\/\" \/>\n<meta property=\"og:locale\" content=\"en_US\" \/>\n<meta property=\"og:type\" content=\"article\" \/>\n<meta property=\"og:title\" content=\"Paralajm\u00ebrim p\u00ebr evropian\u00ebt: Disa prej jush do t&#039;i humbasin pushimet - Kosova Times\" \/>\n<meta property=\"og:description\" content=\"Evropa po p\u00ebrballet me nj\u00eb kriz\u00eb serioze energjetike q\u00eb mund t\u00eb ket\u00eb nj\u00eb ndikim t\u00eb madh n\u00eb sezonin e udh\u00ebtimeve verore. P\u00ebr shkak t\u00eb luft\u00ebs n\u00eb Iran dhe nd\u00ebrprerjeve t\u00eb furnizimit, \u00e7mimi i karburantit p\u00ebr avion\u00eb po rritet ndjesh\u00ebm dhe po shtohet frika p\u00ebr mungesa t\u00eb mundshme.Komisioneri Evropian i Energjis\u00eb,&nbsp;Dan Jorgensen,&nbsp;paralajm\u00ebroi se situata \u00ebsht\u00eb tashm\u00eb [&hellip;]\" \/>\n<meta property=\"og:url\" content=\"https:\/\/kosovatimes.info\/index.php\/2026\/04\/23\/paralajmerim-per-evropianet-disa-prej-jush-do-ti-humbasin-pushimet\/\" \/>\n<meta property=\"og:site_name\" content=\"Kosova Times\" \/>\n<meta property=\"article:published_time\" content=\"2026-04-23T09:42:07+00:00\" \/>\n<meta property=\"article:modified_time\" content=\"2026-04-23T09:42:11+00:00\" \/>\n<meta property=\"og:image\" content=\"https:\/\/kosovatimes.info\/wp-content\/uploads\/2026\/04\/Aeroport-1.jpg\" \/>\n\t<meta property=\"og:image:width\" content=\"1280\" \/>\n\t<meta property=\"og:image:height\" content=\"670\" \/>\n\t<meta property=\"og:image:type\" content=\"image\/jpeg\" \/>\n<meta name=\"author\" content=\"i l\" \/>\n<meta name=\"twitter:card\" content=\"summary_large_image\" \/>\n<meta name=\"twitter:label1\" content=\"Written by\" \/>\n\t<meta name=\"twitter:data1\" content=\"i l\" \/>\n\t<meta name=\"twitter:label2\" content=\"Est. reading time\" \/>\n\t<meta name=\"twitter:data2\" content=\"8 minutes\" \/>\n<script type=\"application\/ld+json\" class=\"yoast-schema-graph\">{\"@context\":\"https:\\\/\\\/schema.org\",\"@graph\":[{\"@type\":\"Article\",\"@id\":\"https:\\\/\\\/kosovatimes.info\\\/index.php\\\/2026\\\/04\\\/23\\\/paralajmerim-per-evropianet-disa-prej-jush-do-ti-humbasin-pushimet\\\/#article\",\"isPartOf\":{\"@id\":\"https:\\\/\\\/kosovatimes.info\\\/index.php\\\/2026\\\/04\\\/23\\\/paralajmerim-per-evropianet-disa-prej-jush-do-ti-humbasin-pushimet\\\/\"},\"author\":{\"name\":\"i l\",\"@id\":\"https:\\\/\\\/kosovatimes.info\\\/#\\\/schema\\\/person\\\/7586712b9c512fe68085de007378c915\"},\"headline\":\"Paralajm\u00ebrim p\u00ebr evropian\u00ebt: Disa prej jush do t&#8217;i humbasin pushimet\",\"datePublished\":\"2026-04-23T09:42:07+00:00\",\"dateModified\":\"2026-04-23T09:42:11+00:00\",\"mainEntityOfPage\":{\"@id\":\"https:\\\/\\\/kosovatimes.info\\\/index.php\\\/2026\\\/04\\\/23\\\/paralajmerim-per-evropianet-disa-prej-jush-do-ti-humbasin-pushimet\\\/\"},\"wordCount\":1798,\"commentCount\":0,\"image\":{\"@id\":\"https:\\\/\\\/kosovatimes.info\\\/index.php\\\/2026\\\/04\\\/23\\\/paralajmerim-per-evropianet-disa-prej-jush-do-ti-humbasin-pushimet\\\/#primaryimage\"},\"thumbnailUrl\":\"https:\\\/\\\/kosovatimes.info\\\/wp-content\\\/uploads\\\/2026\\\/04\\\/Aeroport-1.jpg\",\"articleSection\":[\"Turiz\u00ebm\"],\"inLanguage\":\"en-US\",\"potentialAction\":[{\"@type\":\"CommentAction\",\"name\":\"Comment\",\"target\":[\"https:\\\/\\\/kosovatimes.info\\\/index.php\\\/2026\\\/04\\\/23\\\/paralajmerim-per-evropianet-disa-prej-jush-do-ti-humbasin-pushimet\\\/#respond\"]}]},{\"@type\":\"WebPage\",\"@id\":\"https:\\\/\\\/kosovatimes.info\\\/index.php\\\/2026\\\/04\\\/23\\\/paralajmerim-per-evropianet-disa-prej-jush-do-ti-humbasin-pushimet\\\/\",\"url\":\"https:\\\/\\\/kosovatimes.info\\\/index.php\\\/2026\\\/04\\\/23\\\/paralajmerim-per-evropianet-disa-prej-jush-do-ti-humbasin-pushimet\\\/\",\"name\":\"Paralajm\u00ebrim p\u00ebr evropian\u00ebt: Disa prej jush do t'i humbasin pushimet - Kosova Times\",\"isPartOf\":{\"@id\":\"https:\\\/\\\/kosovatimes.info\\\/#website\"},\"primaryImageOfPage\":{\"@id\":\"https:\\\/\\\/kosovatimes.info\\\/index.php\\\/2026\\\/04\\\/23\\\/paralajmerim-per-evropianet-disa-prej-jush-do-ti-humbasin-pushimet\\\/#primaryimage\"},\"image\":{\"@id\":\"https:\\\/\\\/kosovatimes.info\\\/index.php\\\/2026\\\/04\\\/23\\\/paralajmerim-per-evropianet-disa-prej-jush-do-ti-humbasin-pushimet\\\/#primaryimage\"},\"thumbnailUrl\":\"https:\\\/\\\/kosovatimes.info\\\/wp-content\\\/uploads\\\/2026\\\/04\\\/Aeroport-1.jpg\",\"datePublished\":\"2026-04-23T09:42:07+00:00\",\"dateModified\":\"2026-04-23T09:42:11+00:00\",\"author\":{\"@id\":\"https:\\\/\\\/kosovatimes.info\\\/#\\\/schema\\\/person\\\/7586712b9c512fe68085de007378c915\"},\"breadcrumb\":{\"@id\":\"https:\\\/\\\/kosovatimes.info\\\/index.php\\\/2026\\\/04\\\/23\\\/paralajmerim-per-evropianet-disa-prej-jush-do-ti-humbasin-pushimet\\\/#breadcrumb\"},\"inLanguage\":\"en-US\",\"potentialAction\":[{\"@type\":\"ReadAction\",\"target\":[\"https:\\\/\\\/kosovatimes.info\\\/index.php\\\/2026\\\/04\\\/23\\\/paralajmerim-per-evropianet-disa-prej-jush-do-ti-humbasin-pushimet\\\/\"]}]},{\"@type\":\"ImageObject\",\"inLanguage\":\"en-US\",\"@id\":\"https:\\\/\\\/kosovatimes.info\\\/index.php\\\/2026\\\/04\\\/23\\\/paralajmerim-per-evropianet-disa-prej-jush-do-ti-humbasin-pushimet\\\/#primaryimage\",\"url\":\"https:\\\/\\\/kosovatimes.info\\\/wp-content\\\/uploads\\\/2026\\\/04\\\/Aeroport-1.jpg\",\"contentUrl\":\"https:\\\/\\\/kosovatimes.info\\\/wp-content\\\/uploads\\\/2026\\\/04\\\/Aeroport-1.jpg\",\"width\":1280,\"height\":670},{\"@type\":\"BreadcrumbList\",\"@id\":\"https:\\\/\\\/kosovatimes.info\\\/index.php\\\/2026\\\/04\\\/23\\\/paralajmerim-per-evropianet-disa-prej-jush-do-ti-humbasin-pushimet\\\/#breadcrumb\",\"itemListElement\":[{\"@type\":\"ListItem\",\"position\":1,\"name\":\"Home\",\"item\":\"https:\\\/\\\/kosovatimes.info\\\/\"},{\"@type\":\"ListItem\",\"position\":2,\"name\":\"Paralajm\u00ebrim p\u00ebr evropian\u00ebt: Disa prej jush do t&#8217;i humbasin pushimet\"}]},{\"@type\":\"WebSite\",\"@id\":\"https:\\\/\\\/kosovatimes.info\\\/#website\",\"url\":\"https:\\\/\\\/kosovatimes.info\\\/\",\"name\":\"Kosova Times\",\"description\":\"\",\"potentialAction\":[{\"@type\":\"SearchAction\",\"target\":{\"@type\":\"EntryPoint\",\"urlTemplate\":\"https:\\\/\\\/kosovatimes.info\\\/?s={search_term_string}\"},\"query-input\":{\"@type\":\"PropertyValueSpecification\",\"valueRequired\":true,\"valueName\":\"search_term_string\"}}],\"inLanguage\":\"en-US\"},{\"@type\":\"Person\",\"@id\":\"https:\\\/\\\/kosovatimes.info\\\/#\\\/schema\\\/person\\\/7586712b9c512fe68085de007378c915\",\"name\":\"i l\",\"image\":{\"@type\":\"ImageObject\",\"inLanguage\":\"en-US\",\"@id\":\"https:\\\/\\\/secure.gravatar.com\\\/avatar\\\/bad9296e02816160ae2e2435beda58222022298d5625d49fea74d18816fbb31d?s=96&d=mm&r=g\",\"url\":\"https:\\\/\\\/secure.gravatar.com\\\/avatar\\\/bad9296e02816160ae2e2435beda58222022298d5625d49fea74d18816fbb31d?s=96&d=mm&r=g\",\"contentUrl\":\"https:\\\/\\\/secure.gravatar.com\\\/avatar\\\/bad9296e02816160ae2e2435beda58222022298d5625d49fea74d18816fbb31d?s=96&d=mm&r=g\",\"caption\":\"i l\"},\"url\":\"https:\\\/\\\/kosovatimes.info\\\/index.php\\\/author\\\/iliri\\\/\"}]}<\/script>\n<!-- \/ Yoast SEO plugin. -->","yoast_head_json":{"title":"Paralajm\u00ebrim p\u00ebr evropian\u00ebt: Disa prej jush do t'i humbasin pushimet - Kosova Times","robots":{"index":"index","follow":"follow","max-snippet":"max-snippet:-1","max-image-preview":"max-image-preview:large","max-video-preview":"max-video-preview:-1"},"canonical":"https:\/\/kosovatimes.info\/index.php\/2026\/04\/23\/paralajmerim-per-evropianet-disa-prej-jush-do-ti-humbasin-pushimet\/","og_locale":"en_US","og_type":"article","og_title":"Paralajm\u00ebrim p\u00ebr evropian\u00ebt: Disa prej jush do t'i humbasin pushimet - Kosova Times","og_description":"Evropa po p\u00ebrballet me nj\u00eb kriz\u00eb serioze energjetike q\u00eb mund t\u00eb ket\u00eb nj\u00eb ndikim t\u00eb madh n\u00eb sezonin e udh\u00ebtimeve verore. P\u00ebr shkak t\u00eb luft\u00ebs n\u00eb Iran dhe nd\u00ebrprerjeve t\u00eb furnizimit, \u00e7mimi i karburantit p\u00ebr avion\u00eb po rritet ndjesh\u00ebm dhe po shtohet frika p\u00ebr mungesa t\u00eb mundshme.Komisioneri Evropian i Energjis\u00eb,&nbsp;Dan Jorgensen,&nbsp;paralajm\u00ebroi se situata \u00ebsht\u00eb tashm\u00eb [&hellip;]","og_url":"https:\/\/kosovatimes.info\/index.php\/2026\/04\/23\/paralajmerim-per-evropianet-disa-prej-jush-do-ti-humbasin-pushimet\/","og_site_name":"Kosova Times","article_published_time":"2026-04-23T09:42:07+00:00","article_modified_time":"2026-04-23T09:42:11+00:00","og_image":[{"width":1280,"height":670,"url":"https:\/\/kosovatimes.info\/wp-content\/uploads\/2026\/04\/Aeroport-1.jpg","type":"image\/jpeg"}],"author":"i l","twitter_card":"summary_large_image","twitter_misc":{"Written by":"i l","Est. reading time":"8 minutes"},"schema":{"@context":"https:\/\/schema.org","@graph":[{"@type":"Article","@id":"https:\/\/kosovatimes.info\/index.php\/2026\/04\/23\/paralajmerim-per-evropianet-disa-prej-jush-do-ti-humbasin-pushimet\/#article","isPartOf":{"@id":"https:\/\/kosovatimes.info\/index.php\/2026\/04\/23\/paralajmerim-per-evropianet-disa-prej-jush-do-ti-humbasin-pushimet\/"},"author":{"name":"i l","@id":"https:\/\/kosovatimes.info\/#\/schema\/person\/7586712b9c512fe68085de007378c915"},"headline":"Paralajm\u00ebrim p\u00ebr evropian\u00ebt: Disa prej jush do t&#8217;i humbasin pushimet","datePublished":"2026-04-23T09:42:07+00:00","dateModified":"2026-04-23T09:42:11+00:00","mainEntityOfPage":{"@id":"https:\/\/kosovatimes.info\/index.php\/2026\/04\/23\/paralajmerim-per-evropianet-disa-prej-jush-do-ti-humbasin-pushimet\/"},"wordCount":1798,"commentCount":0,"image":{"@id":"https:\/\/kosovatimes.info\/index.php\/2026\/04\/23\/paralajmerim-per-evropianet-disa-prej-jush-do-ti-humbasin-pushimet\/#primaryimage"},"thumbnailUrl":"https:\/\/kosovatimes.info\/wp-content\/uploads\/2026\/04\/Aeroport-1.jpg","articleSection":["Turiz\u00ebm"],"inLanguage":"en-US","potentialAction":[{"@type":"CommentAction","name":"Comment","target":["https:\/\/kosovatimes.info\/index.php\/2026\/04\/23\/paralajmerim-per-evropianet-disa-prej-jush-do-ti-humbasin-pushimet\/#respond"]}]},{"@type":"WebPage","@id":"https:\/\/kosovatimes.info\/index.php\/2026\/04\/23\/paralajmerim-per-evropianet-disa-prej-jush-do-ti-humbasin-pushimet\/","url":"https:\/\/kosovatimes.info\/index.php\/2026\/04\/23\/paralajmerim-per-evropianet-disa-prej-jush-do-ti-humbasin-pushimet\/","name":"Paralajm\u00ebrim p\u00ebr evropian\u00ebt: Disa prej jush do t'i humbasin pushimet - Kosova Times","isPartOf":{"@id":"https:\/\/kosovatimes.info\/#website"},"primaryImageOfPage":{"@id":"https:\/\/kosovatimes.info\/index.php\/2026\/04\/23\/paralajmerim-per-evropianet-disa-prej-jush-do-ti-humbasin-pushimet\/#primaryimage"},"image":{"@id":"https:\/\/kosovatimes.info\/index.php\/2026\/04\/23\/paralajmerim-per-evropianet-disa-prej-jush-do-ti-humbasin-pushimet\/#primaryimage"},"thumbnailUrl":"https:\/\/kosovatimes.info\/wp-content\/uploads\/2026\/04\/Aeroport-1.jpg","datePublished":"2026-04-23T09:42:07+00:00","dateModified":"2026-04-23T09:42:11+00:00","author":{"@id":"https:\/\/kosovatimes.info\/#\/schema\/person\/7586712b9c512fe68085de007378c915"},"breadcrumb":{"@id":"https:\/\/kosovatimes.info\/index.php\/2026\/04\/23\/paralajmerim-per-evropianet-disa-prej-jush-do-ti-humbasin-pushimet\/#breadcrumb"},"inLanguage":"en-US","potentialAction":[{"@type":"ReadAction","target":["https:\/\/kosovatimes.info\/index.php\/2026\/04\/23\/paralajmerim-per-evropianet-disa-prej-jush-do-ti-humbasin-pushimet\/"]}]},{"@type":"ImageObject","inLanguage":"en-US","@id":"https:\/\/kosovatimes.info\/index.php\/2026\/04\/23\/paralajmerim-per-evropianet-disa-prej-jush-do-ti-humbasin-pushimet\/#primaryimage","url":"https:\/\/kosovatimes.info\/wp-content\/uploads\/2026\/04\/Aeroport-1.jpg","contentUrl":"https:\/\/kosovatimes.info\/wp-content\/uploads\/2026\/04\/Aeroport-1.jpg","width":1280,"height":670},{"@type":"BreadcrumbList","@id":"https:\/\/kosovatimes.info\/index.php\/2026\/04\/23\/paralajmerim-per-evropianet-disa-prej-jush-do-ti-humbasin-pushimet\/#breadcrumb","itemListElement":[{"@type":"ListItem","position":1,"name":"Home","item":"https:\/\/kosovatimes.info\/"},{"@type":"ListItem","position":2,"name":"Paralajm\u00ebrim p\u00ebr evropian\u00ebt: Disa prej jush do t&#8217;i humbasin pushimet"}]},{"@type":"WebSite","@id":"https:\/\/kosovatimes.info\/#website","url":"https:\/\/kosovatimes.info\/","name":"Kosova Times","description":"","potentialAction":[{"@type":"SearchAction","target":{"@type":"EntryPoint","urlTemplate":"https:\/\/kosovatimes.info\/?s={search_term_string}"},"query-input":{"@type":"PropertyValueSpecification","valueRequired":true,"valueName":"search_term_string"}}],"inLanguage":"en-US"},{"@type":"Person","@id":"https:\/\/kosovatimes.info\/#\/schema\/person\/7586712b9c512fe68085de007378c915","name":"i l","image":{"@type":"ImageObject","inLanguage":"en-US","@id":"https:\/\/secure.gravatar.com\/avatar\/bad9296e02816160ae2e2435beda58222022298d5625d49fea74d18816fbb31d?s=96&d=mm&r=g","url":"https:\/\/secure.gravatar.com\/avatar\/bad9296e02816160ae2e2435beda58222022298d5625d49fea74d18816fbb31d?s=96&d=mm&r=g","contentUrl":"https:\/\/secure.gravatar.com\/avatar\/bad9296e02816160ae2e2435beda58222022298d5625d49fea74d18816fbb31d?s=96&d=mm&r=g","caption":"i l"},"url":"https:\/\/kosovatimes.info\/index.php\/author\/iliri\/"}]}},"_links":{"self":[{"href":"https:\/\/kosovatimes.info\/index.php\/wp-json\/wp\/v2\/posts\/11352","targetHints":{"allow":["GET"]}}],"collection":[{"href":"https:\/\/kosovatimes.info\/index.php\/wp-json\/wp\/v2\/posts"}],"about":[{"href":"https:\/\/kosovatimes.info\/index.php\/wp-json\/wp\/v2\/types\/post"}],"author":[{"embeddable":true,"href":"https:\/\/kosovatimes.info\/index.php\/wp-json\/wp\/v2\/users\/4"}],"replies":[{"embeddable":true,"href":"https:\/\/kosovatimes.info\/index.php\/wp-json\/wp\/v2\/comments?post=11352"}],"version-history":[{"count":1,"href":"https:\/\/kosovatimes.info\/index.php\/wp-json\/wp\/v2\/posts\/11352\/revisions"}],"predecessor-version":[{"id":11354,"href":"https:\/\/kosovatimes.info\/index.php\/wp-json\/wp\/v2\/posts\/11352\/revisions\/11354"}],"wp:featuredmedia":[{"embeddable":true,"href":"https:\/\/kosovatimes.info\/index.php\/wp-json\/wp\/v2\/media\/11353"}],"wp:attachment":[{"href":"https:\/\/kosovatimes.info\/index.php\/wp-json\/wp\/v2\/media?parent=11352"}],"wp:term":[{"taxonomy":"category","embeddable":true,"href":"https:\/\/kosovatimes.info\/index.php\/wp-json\/wp\/v2\/categories?post=11352"},{"taxonomy":"post_tag","embeddable":true,"href":"https:\/\/kosovatimes.info\/index.php\/wp-json\/wp\/v2\/tags?post=11352"}],"curies":[{"name":"wp","href":"https:\/\/api.w.org\/{rel}","templated":true}]}}