{"id":11356,"date":"2026-04-23T11:44:59","date_gmt":"2026-04-23T09:44:59","guid":{"rendered":"https:\/\/kosovatimes.info\/?p=11356"},"modified":"2026-04-23T11:45:02","modified_gmt":"2026-04-23T09:45:02","slug":"njeriu-dikur-me-i-fuqishem-i-moldavise-denohet-me-19-vjet-burg-per-vjedhjen-e-shekullit","status":"publish","type":"post","link":"https:\/\/kosovatimes.info\/index.php\/2026\/04\/23\/njeriu-dikur-me-i-fuqishem-i-moldavise-denohet-me-19-vjet-burg-per-vjedhjen-e-shekullit\/","title":{"rendered":"Njeriu dikur m\u00eb i fuqish\u00ebm i Moldavis\u00eb d\u00ebnohet me 19 vjet burg p\u00ebr &#8216;vjedhjen e shekullit&#8217;"},"content":{"rendered":"\n<p>Ish-politikani dhe manjati moldav Vladimir Plahotniuc \u00ebsht\u00eb d\u00ebnuar me 19 vjet burg p\u00ebr rolin e tij n\u00eb nj\u00eb mashtrim masiv bankar prej 1 miliard dollar\u00ebsh. Plahotniuc, i cili m\u00eb par\u00eb i ka mohuar t\u00eb gjitha akuzat, pretendon se \u00ebsht\u00eb i pafajsh\u00ebm dhe se gjyqi kund\u00ebr tij \u00ebsht\u00eb i motivuar politikisht.<\/p>\n\n\n\n<p>Avokati i tij e quajti vendimin t\u00eb paligjsh\u00ebm, duke th\u00ebn\u00eb se procedurat gjyq\u00ebsore ishin p\u00ebrshpejtuar tep\u00ebr. Vendimi mund t\u00eb apelohet brenda 15 dit\u00ebve, raporton Reuters.<\/p>\n\n\n\n<h3 class=\"wp-block-heading\">Vjedhja e shekullit<\/h3>\n\n\n\n<p>Plahotniuc udh\u00ebhoqi Partin\u00eb Demokratike t\u00eb Moldavis\u00eb, e cila at\u00ebher\u00eb ishte pjes\u00eb e koalicionit qeveris\u00ebs, nga viti 2016 deri n\u00eb vitin 2019. Ai sh\u00ebrbeu gjithashtu si n\u00ebnkryetar i parlamentit dhe gjat\u00eb mandatit t\u00eb tij pati ndikim t\u00eb madh mbi policin\u00eb dhe gjyq\u00ebsorin.<\/p>\n\n\n\n<p>60-vje\u00e7ari, i cili konsiderohet si nj\u00eb nga njer\u00ebzit m\u00eb t\u00eb pasur n\u00eb Moldavi, ka qen\u00eb i dyshuari kryesor p\u00ebr vite me radh\u00eb n\u00eb rastin e zhdukjes s\u00eb nj\u00eb miliard dollar\u00ebsh nga tre nga bankat m\u00eb t\u00eb m\u00ebdha t\u00eb Moldavis\u00eb midis viteve 2014 dhe 2015.<\/p>\n\n\n\n<p>Skandali, i njohur n\u00eb Moldavi si &#8220;vjedhja e shekullit&#8221;, tronditi vendin kur u zbulua se nj\u00eb shum\u00eb e barabart\u00eb me nj\u00eb t\u00eb dymb\u00ebdhjet\u00ebn e PBB-s\u00eb s\u00eb Moldavis\u00eb ishte transferuar jasht\u00eb vendit p\u00ebrmes nj\u00eb rrjeti kredish t\u00eb dyshimta, shk\u00ebmbimesh asetesh dhe transaksionesh aksionesh. Plahotniuc akuzohet personalisht se ka marr\u00eb 39 milion\u00eb dollar\u00eb dhe 3.5 milion\u00eb euro nga k\u00ebto banka.<\/p>\n\n\n\n<p>Zyra e prokurorit njoftoi se ka prova se Plahotniuc i p\u00ebrdori parat\u00eb e t\u00ebrhequra nga bankat p\u00ebr nevoja personale &#8211; blerjen e nj\u00eb avioni Embraer Legacy 650, blerjen e pasurive t\u00eb paluajtshme, pages\u00ebn p\u00ebr sh\u00ebrbime ligjore, mjek\u00ebsore dhe turistike, si dhe p\u00ebr investime n\u00eb biznes. Pasojat e skandalit ndihen ende n\u00eb politik\u00ebn moldave m\u00eb shum\u00eb se nj\u00eb dekad\u00eb m\u00eb von\u00eb. Afera shkaktoi protesta masive, dhe Fondi Monetar Nd\u00ebrkomb\u00ebtar dhe Bashkimi Evropian m\u00eb pas ngrin\u00eb ndihm\u00ebn p\u00ebr Moldavin\u00eb. Rasti \u00e7oi gjithashtu n\u00eb burgosjen e nj\u00eb ish-kryeministri dhe shkarkimin e guvernatorit t\u00eb bank\u00ebs qendrore.<\/p>\n\n\n\n<h3 class=\"wp-block-heading\">Arratisje dhe arrestim<\/h3>\n\n\n\n<p>Plahotniuc iku nga Moldavia n\u00eb vitin 2019 pasi Partia e tij Demokratike humbi zgjedhjet ndaj nj\u00eb koalicioni opozitar t\u00eb udh\u00ebhequr nga Partia e Veprimit dhe Solidaritetit (PAS) e presidentes aktuale Maia Sandu. Ai u akuzua p\u00ebr p\u00ebrfshirje n\u00eb nj\u00eb vjedhje t\u00eb vitit 2020 dhe u arrestua n\u00eb korrik t\u00eb vitit t\u00eb kaluar n\u00eb aeroportin e Athin\u00ebs, pasi hipi n\u00eb nj\u00eb fluturim p\u00ebr n\u00eb Dubai.<\/p>\n\n\n\n<figure class=\"wp-block-image\"><img decoding=\"async\" src=\"https:\/\/ip.index.hr\/remote\/bucket.index.hr\/b\/index\/5c51d276-5bec-4bba-912d-a7b4f4936077.png?width=765\" alt=\"\"\/><\/figure>\n\n\n\n<p>Policia greke tha se Plahotniuc kishte jetuar n\u00eb deri n\u00eb 22 vende q\u00eb nga viti 2023, duke ndryshuar vazhdimisht vendbanimin e tij p\u00ebr t\u00eb shmangur arrestimin. Ai u ekstradua n\u00eb Moldavi n\u00eb shtator 2025 dhe q\u00eb at\u00ebher\u00eb ka qen\u00eb n\u00eb paraburgim.<\/p>\n\n\n\n<p>N\u00eb vitin 2023, Bashkimi Evropian vendosi sanksione kund\u00ebr shtat\u00eb personave nga Moldavia, p\u00ebrfshir\u00eb Plahotniuc, p\u00ebr veprimet e tyre, t\u00eb cilat, si\u00e7 u tha, destabilizuan dhe minuan integritetin territorial t\u00eb Moldavis\u00eb dhe Ukrain\u00ebs fqinje.<\/p>\n","protected":false},"excerpt":{"rendered":"<p>Ish-politikani dhe manjati moldav Vladimir Plahotniuc \u00ebsht\u00eb d\u00ebnuar me 19 vjet burg p\u00ebr rolin e tij n\u00eb nj\u00eb mashtrim masiv bankar prej 1 miliard dollar\u00ebsh. Plahotniuc, i cili m\u00eb par\u00eb i ka mohuar t\u00eb gjitha akuzat, pretendon se \u00ebsht\u00eb i pafajsh\u00ebm dhe se gjyqi kund\u00ebr tij \u00ebsht\u00eb i motivuar politikisht. Avokati i tij e quajti [&hellip;]<\/p>\n","protected":false},"author":4,"featured_media":11357,"comment_status":"open","ping_status":"open","sticky":false,"template":"","format":"standard","meta":{"footnotes":""},"categories":[30,32],"tags":[],"class_list":{"0":"post-11356","1":"post","2":"type-post","3":"status-publish","4":"format-standard","5":"has-post-thumbnail","7":"category-lajme","8":"category-rajon"},"yoast_head":"<!-- This site is optimized with the Yoast SEO plugin v27.4 - https:\/\/yoast.com\/product\/yoast-seo-wordpress\/ -->\n<title>Njeriu dikur m\u00eb i fuqish\u00ebm i Moldavis\u00eb d\u00ebnohet me 19 vjet burg p\u00ebr &#039;vjedhjen e shekullit&#039; - Kosova Times<\/title>\n<meta name=\"robots\" content=\"index, follow, max-snippet:-1, max-image-preview:large, max-video-preview:-1\" \/>\n<link rel=\"canonical\" href=\"https:\/\/kosovatimes.info\/index.php\/2026\/04\/23\/njeriu-dikur-me-i-fuqishem-i-moldavise-denohet-me-19-vjet-burg-per-vjedhjen-e-shekullit\/\" \/>\n<meta property=\"og:locale\" content=\"en_US\" \/>\n<meta property=\"og:type\" content=\"article\" \/>\n<meta property=\"og:title\" content=\"Njeriu dikur m\u00eb i fuqish\u00ebm i Moldavis\u00eb d\u00ebnohet me 19 vjet burg p\u00ebr &#039;vjedhjen e shekullit&#039; - Kosova Times\" \/>\n<meta property=\"og:description\" content=\"Ish-politikani dhe manjati moldav Vladimir Plahotniuc \u00ebsht\u00eb d\u00ebnuar me 19 vjet burg p\u00ebr rolin e tij n\u00eb nj\u00eb mashtrim masiv bankar prej 1 miliard dollar\u00ebsh. Plahotniuc, i cili m\u00eb par\u00eb i ka mohuar t\u00eb gjitha akuzat, pretendon se \u00ebsht\u00eb i pafajsh\u00ebm dhe se gjyqi kund\u00ebr tij \u00ebsht\u00eb i motivuar politikisht. Avokati i tij e quajti [&hellip;]\" \/>\n<meta property=\"og:url\" content=\"https:\/\/kosovatimes.info\/index.php\/2026\/04\/23\/njeriu-dikur-me-i-fuqishem-i-moldavise-denohet-me-19-vjet-burg-per-vjedhjen-e-shekullit\/\" \/>\n<meta property=\"og:site_name\" content=\"Kosova Times\" \/>\n<meta property=\"article:published_time\" content=\"2026-04-23T09:44:59+00:00\" \/>\n<meta property=\"article:modified_time\" content=\"2026-04-23T09:45:02+00:00\" \/>\n<meta property=\"og:image\" content=\"https:\/\/kosovatimes.info\/wp-content\/uploads\/2026\/04\/Vladimir-Plhotniuc.webp\" \/>\n\t<meta property=\"og:image:width\" content=\"765\" \/>\n\t<meta property=\"og:image:height\" content=\"522\" \/>\n\t<meta property=\"og:image:type\" content=\"image\/webp\" \/>\n<meta name=\"author\" content=\"i l\" \/>\n<meta name=\"twitter:card\" content=\"summary_large_image\" \/>\n<meta name=\"twitter:label1\" content=\"Written by\" \/>\n\t<meta name=\"twitter:data1\" content=\"i l\" \/>\n\t<meta name=\"twitter:label2\" content=\"Est. reading time\" \/>\n\t<meta name=\"twitter:data2\" content=\"3 minutes\" \/>\n<script type=\"application\/ld+json\" class=\"yoast-schema-graph\">{\"@context\":\"https:\\\/\\\/schema.org\",\"@graph\":[{\"@type\":\"Article\",\"@id\":\"https:\\\/\\\/kosovatimes.info\\\/index.php\\\/2026\\\/04\\\/23\\\/njeriu-dikur-me-i-fuqishem-i-moldavise-denohet-me-19-vjet-burg-per-vjedhjen-e-shekullit\\\/#article\",\"isPartOf\":{\"@id\":\"https:\\\/\\\/kosovatimes.info\\\/index.php\\\/2026\\\/04\\\/23\\\/njeriu-dikur-me-i-fuqishem-i-moldavise-denohet-me-19-vjet-burg-per-vjedhjen-e-shekullit\\\/\"},\"author\":{\"name\":\"i l\",\"@id\":\"https:\\\/\\\/kosovatimes.info\\\/#\\\/schema\\\/person\\\/7586712b9c512fe68085de007378c915\"},\"headline\":\"Njeriu dikur m\u00eb i fuqish\u00ebm i Moldavis\u00eb d\u00ebnohet me 19 vjet burg p\u00ebr &#8216;vjedhjen e shekullit&#8217;\",\"datePublished\":\"2026-04-23T09:44:59+00:00\",\"dateModified\":\"2026-04-23T09:45:02+00:00\",\"mainEntityOfPage\":{\"@id\":\"https:\\\/\\\/kosovatimes.info\\\/index.php\\\/2026\\\/04\\\/23\\\/njeriu-dikur-me-i-fuqishem-i-moldavise-denohet-me-19-vjet-burg-per-vjedhjen-e-shekullit\\\/\"},\"wordCount\":508,\"commentCount\":0,\"image\":{\"@id\":\"https:\\\/\\\/kosovatimes.info\\\/index.php\\\/2026\\\/04\\\/23\\\/njeriu-dikur-me-i-fuqishem-i-moldavise-denohet-me-19-vjet-burg-per-vjedhjen-e-shekullit\\\/#primaryimage\"},\"thumbnailUrl\":\"https:\\\/\\\/kosovatimes.info\\\/wp-content\\\/uploads\\\/2026\\\/04\\\/Vladimir-Plhotniuc.webp\",\"articleSection\":[\"Lajme\",\"Rajon\"],\"inLanguage\":\"en-US\",\"potentialAction\":[{\"@type\":\"CommentAction\",\"name\":\"Comment\",\"target\":[\"https:\\\/\\\/kosovatimes.info\\\/index.php\\\/2026\\\/04\\\/23\\\/njeriu-dikur-me-i-fuqishem-i-moldavise-denohet-me-19-vjet-burg-per-vjedhjen-e-shekullit\\\/#respond\"]}]},{\"@type\":\"WebPage\",\"@id\":\"https:\\\/\\\/kosovatimes.info\\\/index.php\\\/2026\\\/04\\\/23\\\/njeriu-dikur-me-i-fuqishem-i-moldavise-denohet-me-19-vjet-burg-per-vjedhjen-e-shekullit\\\/\",\"url\":\"https:\\\/\\\/kosovatimes.info\\\/index.php\\\/2026\\\/04\\\/23\\\/njeriu-dikur-me-i-fuqishem-i-moldavise-denohet-me-19-vjet-burg-per-vjedhjen-e-shekullit\\\/\",\"name\":\"Njeriu dikur m\u00eb i fuqish\u00ebm i Moldavis\u00eb d\u00ebnohet me 19 vjet burg p\u00ebr 'vjedhjen e shekullit' - Kosova Times\",\"isPartOf\":{\"@id\":\"https:\\\/\\\/kosovatimes.info\\\/#website\"},\"primaryImageOfPage\":{\"@id\":\"https:\\\/\\\/kosovatimes.info\\\/index.php\\\/2026\\\/04\\\/23\\\/njeriu-dikur-me-i-fuqishem-i-moldavise-denohet-me-19-vjet-burg-per-vjedhjen-e-shekullit\\\/#primaryimage\"},\"image\":{\"@id\":\"https:\\\/\\\/kosovatimes.info\\\/index.php\\\/2026\\\/04\\\/23\\\/njeriu-dikur-me-i-fuqishem-i-moldavise-denohet-me-19-vjet-burg-per-vjedhjen-e-shekullit\\\/#primaryimage\"},\"thumbnailUrl\":\"https:\\\/\\\/kosovatimes.info\\\/wp-content\\\/uploads\\\/2026\\\/04\\\/Vladimir-Plhotniuc.webp\",\"datePublished\":\"2026-04-23T09:44:59+00:00\",\"dateModified\":\"2026-04-23T09:45:02+00:00\",\"author\":{\"@id\":\"https:\\\/\\\/kosovatimes.info\\\/#\\\/schema\\\/person\\\/7586712b9c512fe68085de007378c915\"},\"breadcrumb\":{\"@id\":\"https:\\\/\\\/kosovatimes.info\\\/index.php\\\/2026\\\/04\\\/23\\\/njeriu-dikur-me-i-fuqishem-i-moldavise-denohet-me-19-vjet-burg-per-vjedhjen-e-shekullit\\\/#breadcrumb\"},\"inLanguage\":\"en-US\",\"potentialAction\":[{\"@type\":\"ReadAction\",\"target\":[\"https:\\\/\\\/kosovatimes.info\\\/index.php\\\/2026\\\/04\\\/23\\\/njeriu-dikur-me-i-fuqishem-i-moldavise-denohet-me-19-vjet-burg-per-vjedhjen-e-shekullit\\\/\"]}]},{\"@type\":\"ImageObject\",\"inLanguage\":\"en-US\",\"@id\":\"https:\\\/\\\/kosovatimes.info\\\/index.php\\\/2026\\\/04\\\/23\\\/njeriu-dikur-me-i-fuqishem-i-moldavise-denohet-me-19-vjet-burg-per-vjedhjen-e-shekullit\\\/#primaryimage\",\"url\":\"https:\\\/\\\/kosovatimes.info\\\/wp-content\\\/uploads\\\/2026\\\/04\\\/Vladimir-Plhotniuc.webp\",\"contentUrl\":\"https:\\\/\\\/kosovatimes.info\\\/wp-content\\\/uploads\\\/2026\\\/04\\\/Vladimir-Plhotniuc.webp\",\"width\":765,\"height\":522},{\"@type\":\"BreadcrumbList\",\"@id\":\"https:\\\/\\\/kosovatimes.info\\\/index.php\\\/2026\\\/04\\\/23\\\/njeriu-dikur-me-i-fuqishem-i-moldavise-denohet-me-19-vjet-burg-per-vjedhjen-e-shekullit\\\/#breadcrumb\",\"itemListElement\":[{\"@type\":\"ListItem\",\"position\":1,\"name\":\"Home\",\"item\":\"https:\\\/\\\/kosovatimes.info\\\/\"},{\"@type\":\"ListItem\",\"position\":2,\"name\":\"Njeriu dikur m\u00eb i fuqish\u00ebm i Moldavis\u00eb d\u00ebnohet me 19 vjet burg p\u00ebr &#8216;vjedhjen e shekullit&#8217;\"}]},{\"@type\":\"WebSite\",\"@id\":\"https:\\\/\\\/kosovatimes.info\\\/#website\",\"url\":\"https:\\\/\\\/kosovatimes.info\\\/\",\"name\":\"Kosova Times\",\"description\":\"\",\"potentialAction\":[{\"@type\":\"SearchAction\",\"target\":{\"@type\":\"EntryPoint\",\"urlTemplate\":\"https:\\\/\\\/kosovatimes.info\\\/?s={search_term_string}\"},\"query-input\":{\"@type\":\"PropertyValueSpecification\",\"valueRequired\":true,\"valueName\":\"search_term_string\"}}],\"inLanguage\":\"en-US\"},{\"@type\":\"Person\",\"@id\":\"https:\\\/\\\/kosovatimes.info\\\/#\\\/schema\\\/person\\\/7586712b9c512fe68085de007378c915\",\"name\":\"i l\",\"image\":{\"@type\":\"ImageObject\",\"inLanguage\":\"en-US\",\"@id\":\"https:\\\/\\\/secure.gravatar.com\\\/avatar\\\/bad9296e02816160ae2e2435beda58222022298d5625d49fea74d18816fbb31d?s=96&d=mm&r=g\",\"url\":\"https:\\\/\\\/secure.gravatar.com\\\/avatar\\\/bad9296e02816160ae2e2435beda58222022298d5625d49fea74d18816fbb31d?s=96&d=mm&r=g\",\"contentUrl\":\"https:\\\/\\\/secure.gravatar.com\\\/avatar\\\/bad9296e02816160ae2e2435beda58222022298d5625d49fea74d18816fbb31d?s=96&d=mm&r=g\",\"caption\":\"i l\"},\"url\":\"https:\\\/\\\/kosovatimes.info\\\/index.php\\\/author\\\/iliri\\\/\"}]}<\/script>\n<!-- \/ Yoast SEO plugin. -->","yoast_head_json":{"title":"Njeriu dikur m\u00eb i fuqish\u00ebm i Moldavis\u00eb d\u00ebnohet me 19 vjet burg p\u00ebr 'vjedhjen e shekullit' - Kosova Times","robots":{"index":"index","follow":"follow","max-snippet":"max-snippet:-1","max-image-preview":"max-image-preview:large","max-video-preview":"max-video-preview:-1"},"canonical":"https:\/\/kosovatimes.info\/index.php\/2026\/04\/23\/njeriu-dikur-me-i-fuqishem-i-moldavise-denohet-me-19-vjet-burg-per-vjedhjen-e-shekullit\/","og_locale":"en_US","og_type":"article","og_title":"Njeriu dikur m\u00eb i fuqish\u00ebm i Moldavis\u00eb d\u00ebnohet me 19 vjet burg p\u00ebr 'vjedhjen e shekullit' - Kosova Times","og_description":"Ish-politikani dhe manjati moldav Vladimir Plahotniuc \u00ebsht\u00eb d\u00ebnuar me 19 vjet burg p\u00ebr rolin e tij n\u00eb nj\u00eb mashtrim masiv bankar prej 1 miliard dollar\u00ebsh. Plahotniuc, i cili m\u00eb par\u00eb i ka mohuar t\u00eb gjitha akuzat, pretendon se \u00ebsht\u00eb i pafajsh\u00ebm dhe se gjyqi kund\u00ebr tij \u00ebsht\u00eb i motivuar politikisht. Avokati i tij e quajti [&hellip;]","og_url":"https:\/\/kosovatimes.info\/index.php\/2026\/04\/23\/njeriu-dikur-me-i-fuqishem-i-moldavise-denohet-me-19-vjet-burg-per-vjedhjen-e-shekullit\/","og_site_name":"Kosova Times","article_published_time":"2026-04-23T09:44:59+00:00","article_modified_time":"2026-04-23T09:45:02+00:00","og_image":[{"width":765,"height":522,"url":"https:\/\/kosovatimes.info\/wp-content\/uploads\/2026\/04\/Vladimir-Plhotniuc.webp","type":"image\/webp"}],"author":"i l","twitter_card":"summary_large_image","twitter_misc":{"Written by":"i l","Est. reading time":"3 minutes"},"schema":{"@context":"https:\/\/schema.org","@graph":[{"@type":"Article","@id":"https:\/\/kosovatimes.info\/index.php\/2026\/04\/23\/njeriu-dikur-me-i-fuqishem-i-moldavise-denohet-me-19-vjet-burg-per-vjedhjen-e-shekullit\/#article","isPartOf":{"@id":"https:\/\/kosovatimes.info\/index.php\/2026\/04\/23\/njeriu-dikur-me-i-fuqishem-i-moldavise-denohet-me-19-vjet-burg-per-vjedhjen-e-shekullit\/"},"author":{"name":"i l","@id":"https:\/\/kosovatimes.info\/#\/schema\/person\/7586712b9c512fe68085de007378c915"},"headline":"Njeriu dikur m\u00eb i fuqish\u00ebm i Moldavis\u00eb d\u00ebnohet me 19 vjet burg p\u00ebr &#8216;vjedhjen e shekullit&#8217;","datePublished":"2026-04-23T09:44:59+00:00","dateModified":"2026-04-23T09:45:02+00:00","mainEntityOfPage":{"@id":"https:\/\/kosovatimes.info\/index.php\/2026\/04\/23\/njeriu-dikur-me-i-fuqishem-i-moldavise-denohet-me-19-vjet-burg-per-vjedhjen-e-shekullit\/"},"wordCount":508,"commentCount":0,"image":{"@id":"https:\/\/kosovatimes.info\/index.php\/2026\/04\/23\/njeriu-dikur-me-i-fuqishem-i-moldavise-denohet-me-19-vjet-burg-per-vjedhjen-e-shekullit\/#primaryimage"},"thumbnailUrl":"https:\/\/kosovatimes.info\/wp-content\/uploads\/2026\/04\/Vladimir-Plhotniuc.webp","articleSection":["Lajme","Rajon"],"inLanguage":"en-US","potentialAction":[{"@type":"CommentAction","name":"Comment","target":["https:\/\/kosovatimes.info\/index.php\/2026\/04\/23\/njeriu-dikur-me-i-fuqishem-i-moldavise-denohet-me-19-vjet-burg-per-vjedhjen-e-shekullit\/#respond"]}]},{"@type":"WebPage","@id":"https:\/\/kosovatimes.info\/index.php\/2026\/04\/23\/njeriu-dikur-me-i-fuqishem-i-moldavise-denohet-me-19-vjet-burg-per-vjedhjen-e-shekullit\/","url":"https:\/\/kosovatimes.info\/index.php\/2026\/04\/23\/njeriu-dikur-me-i-fuqishem-i-moldavise-denohet-me-19-vjet-burg-per-vjedhjen-e-shekullit\/","name":"Njeriu dikur m\u00eb i fuqish\u00ebm i Moldavis\u00eb d\u00ebnohet me 19 vjet burg p\u00ebr 'vjedhjen e shekullit' - Kosova Times","isPartOf":{"@id":"https:\/\/kosovatimes.info\/#website"},"primaryImageOfPage":{"@id":"https:\/\/kosovatimes.info\/index.php\/2026\/04\/23\/njeriu-dikur-me-i-fuqishem-i-moldavise-denohet-me-19-vjet-burg-per-vjedhjen-e-shekullit\/#primaryimage"},"image":{"@id":"https:\/\/kosovatimes.info\/index.php\/2026\/04\/23\/njeriu-dikur-me-i-fuqishem-i-moldavise-denohet-me-19-vjet-burg-per-vjedhjen-e-shekullit\/#primaryimage"},"thumbnailUrl":"https:\/\/kosovatimes.info\/wp-content\/uploads\/2026\/04\/Vladimir-Plhotniuc.webp","datePublished":"2026-04-23T09:44:59+00:00","dateModified":"2026-04-23T09:45:02+00:00","author":{"@id":"https:\/\/kosovatimes.info\/#\/schema\/person\/7586712b9c512fe68085de007378c915"},"breadcrumb":{"@id":"https:\/\/kosovatimes.info\/index.php\/2026\/04\/23\/njeriu-dikur-me-i-fuqishem-i-moldavise-denohet-me-19-vjet-burg-per-vjedhjen-e-shekullit\/#breadcrumb"},"inLanguage":"en-US","potentialAction":[{"@type":"ReadAction","target":["https:\/\/kosovatimes.info\/index.php\/2026\/04\/23\/njeriu-dikur-me-i-fuqishem-i-moldavise-denohet-me-19-vjet-burg-per-vjedhjen-e-shekullit\/"]}]},{"@type":"ImageObject","inLanguage":"en-US","@id":"https:\/\/kosovatimes.info\/index.php\/2026\/04\/23\/njeriu-dikur-me-i-fuqishem-i-moldavise-denohet-me-19-vjet-burg-per-vjedhjen-e-shekullit\/#primaryimage","url":"https:\/\/kosovatimes.info\/wp-content\/uploads\/2026\/04\/Vladimir-Plhotniuc.webp","contentUrl":"https:\/\/kosovatimes.info\/wp-content\/uploads\/2026\/04\/Vladimir-Plhotniuc.webp","width":765,"height":522},{"@type":"BreadcrumbList","@id":"https:\/\/kosovatimes.info\/index.php\/2026\/04\/23\/njeriu-dikur-me-i-fuqishem-i-moldavise-denohet-me-19-vjet-burg-per-vjedhjen-e-shekullit\/#breadcrumb","itemListElement":[{"@type":"ListItem","position":1,"name":"Home","item":"https:\/\/kosovatimes.info\/"},{"@type":"ListItem","position":2,"name":"Njeriu dikur m\u00eb i fuqish\u00ebm i Moldavis\u00eb d\u00ebnohet me 19 vjet burg p\u00ebr &#8216;vjedhjen e shekullit&#8217;"}]},{"@type":"WebSite","@id":"https:\/\/kosovatimes.info\/#website","url":"https:\/\/kosovatimes.info\/","name":"Kosova Times","description":"","potentialAction":[{"@type":"SearchAction","target":{"@type":"EntryPoint","urlTemplate":"https:\/\/kosovatimes.info\/?s={search_term_string}"},"query-input":{"@type":"PropertyValueSpecification","valueRequired":true,"valueName":"search_term_string"}}],"inLanguage":"en-US"},{"@type":"Person","@id":"https:\/\/kosovatimes.info\/#\/schema\/person\/7586712b9c512fe68085de007378c915","name":"i l","image":{"@type":"ImageObject","inLanguage":"en-US","@id":"https:\/\/secure.gravatar.com\/avatar\/bad9296e02816160ae2e2435beda58222022298d5625d49fea74d18816fbb31d?s=96&d=mm&r=g","url":"https:\/\/secure.gravatar.com\/avatar\/bad9296e02816160ae2e2435beda58222022298d5625d49fea74d18816fbb31d?s=96&d=mm&r=g","contentUrl":"https:\/\/secure.gravatar.com\/avatar\/bad9296e02816160ae2e2435beda58222022298d5625d49fea74d18816fbb31d?s=96&d=mm&r=g","caption":"i l"},"url":"https:\/\/kosovatimes.info\/index.php\/author\/iliri\/"}]}},"_links":{"self":[{"href":"https:\/\/kosovatimes.info\/index.php\/wp-json\/wp\/v2\/posts\/11356","targetHints":{"allow":["GET"]}}],"collection":[{"href":"https:\/\/kosovatimes.info\/index.php\/wp-json\/wp\/v2\/posts"}],"about":[{"href":"https:\/\/kosovatimes.info\/index.php\/wp-json\/wp\/v2\/types\/post"}],"author":[{"embeddable":true,"href":"https:\/\/kosovatimes.info\/index.php\/wp-json\/wp\/v2\/users\/4"}],"replies":[{"embeddable":true,"href":"https:\/\/kosovatimes.info\/index.php\/wp-json\/wp\/v2\/comments?post=11356"}],"version-history":[{"count":1,"href":"https:\/\/kosovatimes.info\/index.php\/wp-json\/wp\/v2\/posts\/11356\/revisions"}],"predecessor-version":[{"id":11358,"href":"https:\/\/kosovatimes.info\/index.php\/wp-json\/wp\/v2\/posts\/11356\/revisions\/11358"}],"wp:featuredmedia":[{"embeddable":true,"href":"https:\/\/kosovatimes.info\/index.php\/wp-json\/wp\/v2\/media\/11357"}],"wp:attachment":[{"href":"https:\/\/kosovatimes.info\/index.php\/wp-json\/wp\/v2\/media?parent=11356"}],"wp:term":[{"taxonomy":"category","embeddable":true,"href":"https:\/\/kosovatimes.info\/index.php\/wp-json\/wp\/v2\/categories?post=11356"},{"taxonomy":"post_tag","embeddable":true,"href":"https:\/\/kosovatimes.info\/index.php\/wp-json\/wp\/v2\/tags?post=11356"}],"curies":[{"name":"wp","href":"https:\/\/api.w.org\/{rel}","templated":true}]}}