{"id":11363,"date":"2026-04-23T11:53:23","date_gmt":"2026-04-23T09:53:23","guid":{"rendered":"https:\/\/kosovatimes.info\/?p=11363"},"modified":"2026-04-23T11:53:24","modified_gmt":"2026-04-23T09:53:24","slug":"princi-harry-mberriti-ne-kiev","status":"publish","type":"post","link":"https:\/\/kosovatimes.info\/index.php\/2026\/04\/23\/princi-harry-mberriti-ne-kiev\/","title":{"rendered":"Princi Harry mb\u00ebrriti n\u00eb Kiev"},"content":{"rendered":"\n<p>Princi Harry, djali m\u00eb i vog\u00ebl i Mbretit Charles III t\u00eb Britanis\u00eb s\u00eb Madhe, mb\u00ebrriti n\u00eb Kiev p\u00ebr nj\u00eb vizit\u00eb t\u00eb paparalajm\u00ebruar, raportoi gazetari britanik Chris Ship.<\/p>\n\n\n\n<figure class=\"wp-block-embed is-type-rich is-provider-twitter wp-block-embed-twitter\"><div class=\"wp-block-embed__wrapper\">\n<blockquote class=\"twitter-tweet\" data-width=\"550\" data-dnt=\"true\"><p lang=\"en\" dir=\"ltr\">BREAKING: Prince Harry has arrived in Ukraine for an unannounced visit to Kyiv. <a href=\"https:\/\/t.co\/evFmkuPQS6\">pic.twitter.com\/evFmkuPQS6<\/a><\/p>&mdash; Chris Ship (@chrisshipitv) <a href=\"https:\/\/twitter.com\/chrisshipitv\/status\/2047181361321013487?ref_src=twsrc%5Etfw\">April 23, 2026<\/a><\/blockquote><script async src=\"https:\/\/platform.twitter.com\/widgets.js\" charset=\"utf-8\"><\/script>\n<\/div><\/figure>\n\n\n\n<figure class=\"wp-block-embed is-type-rich is-provider-twitter wp-block-embed-twitter\"><div class=\"wp-block-embed__wrapper\">\n<blockquote class=\"twitter-tweet\" data-width=\"550\" data-dnt=\"true\"><p lang=\"en\" dir=\"ltr\">Harry says as he arrived in Kyiv: \u201cIt\u2019s good to be back in Ukraine\u201d. <br>He told ITV News that he wanted &quot;to remind people back home and around the world what Ukraine is up against and to support the people and partners doing extraordinary work every hour of every day in incredibly\u2026 <a href=\"https:\/\/t.co\/3DYIuWqOKL\">pic.twitter.com\/3DYIuWqOKL<\/a><\/p>&mdash; Chris Ship (@chrisshipitv) <a href=\"https:\/\/twitter.com\/chrisshipitv\/status\/2047183873054843286?ref_src=twsrc%5Etfw\">April 23, 2026<\/a><\/blockquote><script async src=\"https:\/\/platform.twitter.com\/widgets.js\" charset=\"utf-8\"><\/script>\n<\/div><\/figure>\n\n\n\n<p>Ky nuk \u00ebsht\u00eb udh\u00ebtimi i par\u00eb i Princit Harry n\u00eb Kiev. Pasi zbriti nga treni, ai tha: &#8220;\u00cbsht\u00eb mir\u00eb q\u00eb jam kthyer n\u00eb Ukrain\u00eb&#8221;, shkruan Ship. Harry i tha ITV News se donte t&#8217;u &#8220;kujtonte njer\u00ebzve n\u00eb vend dhe n\u00eb mbar\u00eb bot\u00ebn se me \u00e7far\u00eb po p\u00ebrballet Ukraina dhe t\u00eb mb\u00ebshteste njer\u00ebzit dhe partner\u00ebt q\u00eb po b\u00ebjn\u00eb pun\u00eb t\u00eb jasht\u00ebzakonshme \u00e7do or\u00eb t\u00eb \u00e7do dite n\u00eb rrethana jasht\u00ebzakonisht t\u00eb v\u00ebshtira&#8221;.<\/p>\n\n\n\n<p>Princi Harry&nbsp;<a href=\"https:\/\/meduza.io\/news\/2025\/09\/12\/prints-garri-vpervye-priehal-v-kiev-do-etogo-on-byl-vo-lvove-no-tam-po-ego-slovam-voynu-pochti-ne-vidno\" rel=\"noreferrer noopener\" target=\"_blank\">vizitoi<\/a>&nbsp;p\u00ebr her\u00eb t\u00eb par\u00eb Kievin n\u00eb shtator 2025. Ai erdhi me ftes\u00eb t\u00eb qeveris\u00eb ukrainase p\u00ebr t\u00eb ndihmuar n\u00eb sh\u00ebrimin e ushtar\u00ebve t\u00eb plagosur r\u00ebnd\u00eb. P\u00ebrpara k\u00ebsaj, Harry&nbsp;<a href=\"https:\/\/meduza.io\/news\/2025\/04\/10\/prints-garri-tayno-priehal-v-ukrainu\" rel=\"noreferrer noopener\" target=\"_blank\">kishte qen\u00eb<\/a>&nbsp;n\u00eb Lviv, por atje, si\u00e7 tha ai, &#8220;lufta ishte pothuajse e padukshme&#8221;.<\/p>\n\n\n\n<p>Me iniciativ\u00ebn e Princit Harry, Loj\u00ebrat Invictus\u2014nj\u00eb gar\u00eb nd\u00ebrkomb\u00ebtare multidisiplinare p\u00ebr personelin ushtarak me aft\u00ebsi t\u00eb kufizuara\u2014jan\u00eb mbajtur q\u00eb nga viti 2014. Fondacioni i Loj\u00ebrave Invictus, i cili organizon gar\u00ebn, mb\u00ebshtet rehabilitimin e personelit ushtarak n\u00eb Ukrain\u00eb duke ofruar pajisje sportive.<\/p>\n\n\n\n<p>N\u00eb vitin 2020, Harry dhe gruaja e tij, Meghan Markle, hoq\u00ebn dor\u00eb nga detyrat e tyre mbret\u00ebrore dhe u zhvendos\u00ebn nga Mbret\u00ebria e Bashkuar n\u00eb Shtetet e Bashkuara. Marr\u00ebdh\u00ebnia e Princit Harry me familjen e tij \u00ebsht\u00eb e tendosur (ve\u00e7an\u00ebrisht p\u00ebr shkak t\u00eb martes\u00ebs s\u00eb tij me Markle), por ai tha n\u00eb nj\u00eb intervist\u00eb me BBC se do t\u00eb donte t\u00eb pajtohej me t\u00eb af\u00ebrmit e tij.<\/p>\n","protected":false},"excerpt":{"rendered":"<p>Princi Harry, djali m\u00eb i vog\u00ebl i Mbretit Charles III t\u00eb Britanis\u00eb s\u00eb Madhe, mb\u00ebrriti n\u00eb Kiev p\u00ebr nj\u00eb vizit\u00eb t\u00eb paparalajm\u00ebruar, raportoi gazetari britanik Chris Ship. Ky nuk \u00ebsht\u00eb udh\u00ebtimi i par\u00eb i Princit Harry n\u00eb Kiev. Pasi zbriti nga treni, ai tha: &#8220;\u00cbsht\u00eb mir\u00eb q\u00eb jam kthyer n\u00eb Ukrain\u00eb&#8221;, shkruan Ship. Harry i [&hellip;]<\/p>\n","protected":false},"author":4,"featured_media":11364,"comment_status":"open","ping_status":"open","sticky":false,"template":"","format":"standard","meta":{"footnotes":""},"categories":[33,30],"tags":[],"class_list":{"0":"post-11363","1":"post","2":"type-post","3":"status-publish","4":"format-standard","5":"has-post-thumbnail","7":"category-bote","8":"category-lajme"},"yoast_head":"<!-- This site is optimized with the Yoast SEO plugin v27.4 - https:\/\/yoast.com\/product\/yoast-seo-wordpress\/ -->\n<title>Princi Harry mb\u00ebrriti n\u00eb Kiev - Kosova Times<\/title>\n<meta name=\"robots\" content=\"index, follow, max-snippet:-1, max-image-preview:large, max-video-preview:-1\" \/>\n<link rel=\"canonical\" href=\"https:\/\/kosovatimes.info\/index.php\/2026\/04\/23\/princi-harry-mberriti-ne-kiev\/\" \/>\n<meta property=\"og:locale\" content=\"en_US\" \/>\n<meta property=\"og:type\" content=\"article\" \/>\n<meta property=\"og:title\" content=\"Princi Harry mb\u00ebrriti n\u00eb Kiev - Kosova Times\" \/>\n<meta property=\"og:description\" content=\"Princi Harry, djali m\u00eb i vog\u00ebl i Mbretit Charles III t\u00eb Britanis\u00eb s\u00eb Madhe, mb\u00ebrriti n\u00eb Kiev p\u00ebr nj\u00eb vizit\u00eb t\u00eb paparalajm\u00ebruar, raportoi gazetari britanik Chris Ship. Ky nuk \u00ebsht\u00eb udh\u00ebtimi i par\u00eb i Princit Harry n\u00eb Kiev. Pasi zbriti nga treni, ai tha: &#8220;\u00cbsht\u00eb mir\u00eb q\u00eb jam kthyer n\u00eb Ukrain\u00eb&#8221;, shkruan Ship. Harry i [&hellip;]\" \/>\n<meta property=\"og:url\" content=\"https:\/\/kosovatimes.info\/index.php\/2026\/04\/23\/princi-harry-mberriti-ne-kiev\/\" \/>\n<meta property=\"og:site_name\" content=\"Kosova Times\" \/>\n<meta property=\"article:published_time\" content=\"2026-04-23T09:53:23+00:00\" \/>\n<meta property=\"article:modified_time\" content=\"2026-04-23T09:53:24+00:00\" \/>\n<meta property=\"og:image\" content=\"https:\/\/kosovatimes.info\/wp-content\/uploads\/2026\/04\/HAry.webp\" \/>\n\t<meta property=\"og:image:width\" content=\"650\" \/>\n\t<meta property=\"og:image:height\" content=\"433\" \/>\n\t<meta property=\"og:image:type\" content=\"image\/webp\" \/>\n<meta name=\"author\" content=\"i l\" \/>\n<meta name=\"twitter:card\" content=\"summary_large_image\" \/>\n<meta name=\"twitter:label1\" content=\"Written by\" \/>\n\t<meta name=\"twitter:data1\" content=\"i l\" \/>\n\t<meta name=\"twitter:label2\" content=\"Est. reading time\" \/>\n\t<meta name=\"twitter:data2\" content=\"2 minutes\" \/>\n<script type=\"application\/ld+json\" class=\"yoast-schema-graph\">{\"@context\":\"https:\\\/\\\/schema.org\",\"@graph\":[{\"@type\":\"Article\",\"@id\":\"https:\\\/\\\/kosovatimes.info\\\/index.php\\\/2026\\\/04\\\/23\\\/princi-harry-mberriti-ne-kiev\\\/#article\",\"isPartOf\":{\"@id\":\"https:\\\/\\\/kosovatimes.info\\\/index.php\\\/2026\\\/04\\\/23\\\/princi-harry-mberriti-ne-kiev\\\/\"},\"author\":{\"name\":\"i l\",\"@id\":\"https:\\\/\\\/kosovatimes.info\\\/#\\\/schema\\\/person\\\/7586712b9c512fe68085de007378c915\"},\"headline\":\"Princi Harry mb\u00ebrriti n\u00eb Kiev\",\"datePublished\":\"2026-04-23T09:53:23+00:00\",\"dateModified\":\"2026-04-23T09:53:24+00:00\",\"mainEntityOfPage\":{\"@id\":\"https:\\\/\\\/kosovatimes.info\\\/index.php\\\/2026\\\/04\\\/23\\\/princi-harry-mberriti-ne-kiev\\\/\"},\"wordCount\":342,\"commentCount\":0,\"image\":{\"@id\":\"https:\\\/\\\/kosovatimes.info\\\/index.php\\\/2026\\\/04\\\/23\\\/princi-harry-mberriti-ne-kiev\\\/#primaryimage\"},\"thumbnailUrl\":\"https:\\\/\\\/kosovatimes.info\\\/wp-content\\\/uploads\\\/2026\\\/04\\\/HAry.webp\",\"articleSection\":[\"Bot\u00eb\",\"Lajme\"],\"inLanguage\":\"en-US\",\"potentialAction\":[{\"@type\":\"CommentAction\",\"name\":\"Comment\",\"target\":[\"https:\\\/\\\/kosovatimes.info\\\/index.php\\\/2026\\\/04\\\/23\\\/princi-harry-mberriti-ne-kiev\\\/#respond\"]}]},{\"@type\":\"WebPage\",\"@id\":\"https:\\\/\\\/kosovatimes.info\\\/index.php\\\/2026\\\/04\\\/23\\\/princi-harry-mberriti-ne-kiev\\\/\",\"url\":\"https:\\\/\\\/kosovatimes.info\\\/index.php\\\/2026\\\/04\\\/23\\\/princi-harry-mberriti-ne-kiev\\\/\",\"name\":\"Princi Harry mb\u00ebrriti n\u00eb Kiev - Kosova Times\",\"isPartOf\":{\"@id\":\"https:\\\/\\\/kosovatimes.info\\\/#website\"},\"primaryImageOfPage\":{\"@id\":\"https:\\\/\\\/kosovatimes.info\\\/index.php\\\/2026\\\/04\\\/23\\\/princi-harry-mberriti-ne-kiev\\\/#primaryimage\"},\"image\":{\"@id\":\"https:\\\/\\\/kosovatimes.info\\\/index.php\\\/2026\\\/04\\\/23\\\/princi-harry-mberriti-ne-kiev\\\/#primaryimage\"},\"thumbnailUrl\":\"https:\\\/\\\/kosovatimes.info\\\/wp-content\\\/uploads\\\/2026\\\/04\\\/HAry.webp\",\"datePublished\":\"2026-04-23T09:53:23+00:00\",\"dateModified\":\"2026-04-23T09:53:24+00:00\",\"author\":{\"@id\":\"https:\\\/\\\/kosovatimes.info\\\/#\\\/schema\\\/person\\\/7586712b9c512fe68085de007378c915\"},\"breadcrumb\":{\"@id\":\"https:\\\/\\\/kosovatimes.info\\\/index.php\\\/2026\\\/04\\\/23\\\/princi-harry-mberriti-ne-kiev\\\/#breadcrumb\"},\"inLanguage\":\"en-US\",\"potentialAction\":[{\"@type\":\"ReadAction\",\"target\":[\"https:\\\/\\\/kosovatimes.info\\\/index.php\\\/2026\\\/04\\\/23\\\/princi-harry-mberriti-ne-kiev\\\/\"]}]},{\"@type\":\"ImageObject\",\"inLanguage\":\"en-US\",\"@id\":\"https:\\\/\\\/kosovatimes.info\\\/index.php\\\/2026\\\/04\\\/23\\\/princi-harry-mberriti-ne-kiev\\\/#primaryimage\",\"url\":\"https:\\\/\\\/kosovatimes.info\\\/wp-content\\\/uploads\\\/2026\\\/04\\\/HAry.webp\",\"contentUrl\":\"https:\\\/\\\/kosovatimes.info\\\/wp-content\\\/uploads\\\/2026\\\/04\\\/HAry.webp\",\"width\":650,\"height\":433},{\"@type\":\"BreadcrumbList\",\"@id\":\"https:\\\/\\\/kosovatimes.info\\\/index.php\\\/2026\\\/04\\\/23\\\/princi-harry-mberriti-ne-kiev\\\/#breadcrumb\",\"itemListElement\":[{\"@type\":\"ListItem\",\"position\":1,\"name\":\"Home\",\"item\":\"https:\\\/\\\/kosovatimes.info\\\/\"},{\"@type\":\"ListItem\",\"position\":2,\"name\":\"Princi Harry mb\u00ebrriti n\u00eb Kiev\"}]},{\"@type\":\"WebSite\",\"@id\":\"https:\\\/\\\/kosovatimes.info\\\/#website\",\"url\":\"https:\\\/\\\/kosovatimes.info\\\/\",\"name\":\"Kosova Times\",\"description\":\"\",\"potentialAction\":[{\"@type\":\"SearchAction\",\"target\":{\"@type\":\"EntryPoint\",\"urlTemplate\":\"https:\\\/\\\/kosovatimes.info\\\/?s={search_term_string}\"},\"query-input\":{\"@type\":\"PropertyValueSpecification\",\"valueRequired\":true,\"valueName\":\"search_term_string\"}}],\"inLanguage\":\"en-US\"},{\"@type\":\"Person\",\"@id\":\"https:\\\/\\\/kosovatimes.info\\\/#\\\/schema\\\/person\\\/7586712b9c512fe68085de007378c915\",\"name\":\"i l\",\"image\":{\"@type\":\"ImageObject\",\"inLanguage\":\"en-US\",\"@id\":\"https:\\\/\\\/secure.gravatar.com\\\/avatar\\\/bad9296e02816160ae2e2435beda58222022298d5625d49fea74d18816fbb31d?s=96&d=mm&r=g\",\"url\":\"https:\\\/\\\/secure.gravatar.com\\\/avatar\\\/bad9296e02816160ae2e2435beda58222022298d5625d49fea74d18816fbb31d?s=96&d=mm&r=g\",\"contentUrl\":\"https:\\\/\\\/secure.gravatar.com\\\/avatar\\\/bad9296e02816160ae2e2435beda58222022298d5625d49fea74d18816fbb31d?s=96&d=mm&r=g\",\"caption\":\"i l\"},\"url\":\"https:\\\/\\\/kosovatimes.info\\\/index.php\\\/author\\\/iliri\\\/\"}]}<\/script>\n<!-- \/ Yoast SEO plugin. -->","yoast_head_json":{"title":"Princi Harry mb\u00ebrriti n\u00eb Kiev - Kosova Times","robots":{"index":"index","follow":"follow","max-snippet":"max-snippet:-1","max-image-preview":"max-image-preview:large","max-video-preview":"max-video-preview:-1"},"canonical":"https:\/\/kosovatimes.info\/index.php\/2026\/04\/23\/princi-harry-mberriti-ne-kiev\/","og_locale":"en_US","og_type":"article","og_title":"Princi Harry mb\u00ebrriti n\u00eb Kiev - Kosova Times","og_description":"Princi Harry, djali m\u00eb i vog\u00ebl i Mbretit Charles III t\u00eb Britanis\u00eb s\u00eb Madhe, mb\u00ebrriti n\u00eb Kiev p\u00ebr nj\u00eb vizit\u00eb t\u00eb paparalajm\u00ebruar, raportoi gazetari britanik Chris Ship. Ky nuk \u00ebsht\u00eb udh\u00ebtimi i par\u00eb i Princit Harry n\u00eb Kiev. Pasi zbriti nga treni, ai tha: &#8220;\u00cbsht\u00eb mir\u00eb q\u00eb jam kthyer n\u00eb Ukrain\u00eb&#8221;, shkruan Ship. Harry i [&hellip;]","og_url":"https:\/\/kosovatimes.info\/index.php\/2026\/04\/23\/princi-harry-mberriti-ne-kiev\/","og_site_name":"Kosova Times","article_published_time":"2026-04-23T09:53:23+00:00","article_modified_time":"2026-04-23T09:53:24+00:00","og_image":[{"width":650,"height":433,"url":"https:\/\/kosovatimes.info\/wp-content\/uploads\/2026\/04\/HAry.webp","type":"image\/webp"}],"author":"i l","twitter_card":"summary_large_image","twitter_misc":{"Written by":"i l","Est. reading time":"2 minutes"},"schema":{"@context":"https:\/\/schema.org","@graph":[{"@type":"Article","@id":"https:\/\/kosovatimes.info\/index.php\/2026\/04\/23\/princi-harry-mberriti-ne-kiev\/#article","isPartOf":{"@id":"https:\/\/kosovatimes.info\/index.php\/2026\/04\/23\/princi-harry-mberriti-ne-kiev\/"},"author":{"name":"i l","@id":"https:\/\/kosovatimes.info\/#\/schema\/person\/7586712b9c512fe68085de007378c915"},"headline":"Princi Harry mb\u00ebrriti n\u00eb Kiev","datePublished":"2026-04-23T09:53:23+00:00","dateModified":"2026-04-23T09:53:24+00:00","mainEntityOfPage":{"@id":"https:\/\/kosovatimes.info\/index.php\/2026\/04\/23\/princi-harry-mberriti-ne-kiev\/"},"wordCount":342,"commentCount":0,"image":{"@id":"https:\/\/kosovatimes.info\/index.php\/2026\/04\/23\/princi-harry-mberriti-ne-kiev\/#primaryimage"},"thumbnailUrl":"https:\/\/kosovatimes.info\/wp-content\/uploads\/2026\/04\/HAry.webp","articleSection":["Bot\u00eb","Lajme"],"inLanguage":"en-US","potentialAction":[{"@type":"CommentAction","name":"Comment","target":["https:\/\/kosovatimes.info\/index.php\/2026\/04\/23\/princi-harry-mberriti-ne-kiev\/#respond"]}]},{"@type":"WebPage","@id":"https:\/\/kosovatimes.info\/index.php\/2026\/04\/23\/princi-harry-mberriti-ne-kiev\/","url":"https:\/\/kosovatimes.info\/index.php\/2026\/04\/23\/princi-harry-mberriti-ne-kiev\/","name":"Princi Harry mb\u00ebrriti n\u00eb Kiev - Kosova Times","isPartOf":{"@id":"https:\/\/kosovatimes.info\/#website"},"primaryImageOfPage":{"@id":"https:\/\/kosovatimes.info\/index.php\/2026\/04\/23\/princi-harry-mberriti-ne-kiev\/#primaryimage"},"image":{"@id":"https:\/\/kosovatimes.info\/index.php\/2026\/04\/23\/princi-harry-mberriti-ne-kiev\/#primaryimage"},"thumbnailUrl":"https:\/\/kosovatimes.info\/wp-content\/uploads\/2026\/04\/HAry.webp","datePublished":"2026-04-23T09:53:23+00:00","dateModified":"2026-04-23T09:53:24+00:00","author":{"@id":"https:\/\/kosovatimes.info\/#\/schema\/person\/7586712b9c512fe68085de007378c915"},"breadcrumb":{"@id":"https:\/\/kosovatimes.info\/index.php\/2026\/04\/23\/princi-harry-mberriti-ne-kiev\/#breadcrumb"},"inLanguage":"en-US","potentialAction":[{"@type":"ReadAction","target":["https:\/\/kosovatimes.info\/index.php\/2026\/04\/23\/princi-harry-mberriti-ne-kiev\/"]}]},{"@type":"ImageObject","inLanguage":"en-US","@id":"https:\/\/kosovatimes.info\/index.php\/2026\/04\/23\/princi-harry-mberriti-ne-kiev\/#primaryimage","url":"https:\/\/kosovatimes.info\/wp-content\/uploads\/2026\/04\/HAry.webp","contentUrl":"https:\/\/kosovatimes.info\/wp-content\/uploads\/2026\/04\/HAry.webp","width":650,"height":433},{"@type":"BreadcrumbList","@id":"https:\/\/kosovatimes.info\/index.php\/2026\/04\/23\/princi-harry-mberriti-ne-kiev\/#breadcrumb","itemListElement":[{"@type":"ListItem","position":1,"name":"Home","item":"https:\/\/kosovatimes.info\/"},{"@type":"ListItem","position":2,"name":"Princi Harry mb\u00ebrriti n\u00eb Kiev"}]},{"@type":"WebSite","@id":"https:\/\/kosovatimes.info\/#website","url":"https:\/\/kosovatimes.info\/","name":"Kosova Times","description":"","potentialAction":[{"@type":"SearchAction","target":{"@type":"EntryPoint","urlTemplate":"https:\/\/kosovatimes.info\/?s={search_term_string}"},"query-input":{"@type":"PropertyValueSpecification","valueRequired":true,"valueName":"search_term_string"}}],"inLanguage":"en-US"},{"@type":"Person","@id":"https:\/\/kosovatimes.info\/#\/schema\/person\/7586712b9c512fe68085de007378c915","name":"i l","image":{"@type":"ImageObject","inLanguage":"en-US","@id":"https:\/\/secure.gravatar.com\/avatar\/bad9296e02816160ae2e2435beda58222022298d5625d49fea74d18816fbb31d?s=96&d=mm&r=g","url":"https:\/\/secure.gravatar.com\/avatar\/bad9296e02816160ae2e2435beda58222022298d5625d49fea74d18816fbb31d?s=96&d=mm&r=g","contentUrl":"https:\/\/secure.gravatar.com\/avatar\/bad9296e02816160ae2e2435beda58222022298d5625d49fea74d18816fbb31d?s=96&d=mm&r=g","caption":"i l"},"url":"https:\/\/kosovatimes.info\/index.php\/author\/iliri\/"}]}},"_links":{"self":[{"href":"https:\/\/kosovatimes.info\/index.php\/wp-json\/wp\/v2\/posts\/11363","targetHints":{"allow":["GET"]}}],"collection":[{"href":"https:\/\/kosovatimes.info\/index.php\/wp-json\/wp\/v2\/posts"}],"about":[{"href":"https:\/\/kosovatimes.info\/index.php\/wp-json\/wp\/v2\/types\/post"}],"author":[{"embeddable":true,"href":"https:\/\/kosovatimes.info\/index.php\/wp-json\/wp\/v2\/users\/4"}],"replies":[{"embeddable":true,"href":"https:\/\/kosovatimes.info\/index.php\/wp-json\/wp\/v2\/comments?post=11363"}],"version-history":[{"count":1,"href":"https:\/\/kosovatimes.info\/index.php\/wp-json\/wp\/v2\/posts\/11363\/revisions"}],"predecessor-version":[{"id":11365,"href":"https:\/\/kosovatimes.info\/index.php\/wp-json\/wp\/v2\/posts\/11363\/revisions\/11365"}],"wp:featuredmedia":[{"embeddable":true,"href":"https:\/\/kosovatimes.info\/index.php\/wp-json\/wp\/v2\/media\/11364"}],"wp:attachment":[{"href":"https:\/\/kosovatimes.info\/index.php\/wp-json\/wp\/v2\/media?parent=11363"}],"wp:term":[{"taxonomy":"category","embeddable":true,"href":"https:\/\/kosovatimes.info\/index.php\/wp-json\/wp\/v2\/categories?post=11363"},{"taxonomy":"post_tag","embeddable":true,"href":"https:\/\/kosovatimes.info\/index.php\/wp-json\/wp\/v2\/tags?post=11363"}],"curies":[{"name":"wp","href":"https:\/\/api.w.org\/{rel}","templated":true}]}}