{"id":11374,"date":"2026-04-23T12:25:28","date_gmt":"2026-04-23T10:25:28","guid":{"rendered":"https:\/\/kosovatimes.info\/?p=11374"},"modified":"2026-04-23T12:25:30","modified_gmt":"2026-04-23T10:25:30","slug":"nje-nga-grate-me-te-veshura-ne-france-zbulon-se-cfare-nuk-do-te-vishnin-kurre-grate-pariziene","status":"publish","type":"post","link":"https:\/\/kosovatimes.info\/index.php\/2026\/04\/23\/nje-nga-grate-me-te-veshura-ne-france-zbulon-se-cfare-nuk-do-te-vishnin-kurre-grate-pariziene\/","title":{"rendered":"Nj\u00eb nga grat\u00eb m\u00eb t\u00eb veshura n\u00eb Franc\u00eb zbulon se \u00e7far\u00eb nuk do t\u00eb vishnin kurr\u00eb grat\u00eb pariziene"},"content":{"rendered":"\n<p><strong>Sekreti i stilit francez q\u00ebndron n\u00eb ekuilib\u00ebr. Ai n\u00ebnkupton nj\u00eb valle delikate t\u00eb kund\u00ebrtash &#8211; mashkullore dhe fem\u00ebrore, t\u00eb sofistikuara dhe paksa t\u00eb \u00e7rregullta &#8211; t\u00eb cilat s\u00eb bashku krijojn\u00eb eleganc\u00ebn n\u00eb form\u00ebn e saj m\u00eb t\u00eb past\u00ebr. Dhe me t\u00eb v\u00ebrtet\u00eb, megjith\u00ebse grat\u00eb pariziene sot jan\u00eb pak m\u00eb t\u00eb relaksuara kur b\u00ebhet fjal\u00eb p\u00ebr estetik\u00ebn e p\u00ebrditshme (torteke, atlete dhe veshje sportive dikur konsideroheshin si shije t\u00eb keqe), ekziston nj\u00eb lloj sofistikimi i p\u00ebrmbajtur q\u00eb garanton leht\u00ebsin\u00eb e eleganc\u00ebs n\u00eb \u00e7do koh\u00eb t\u00eb dit\u00ebs.<\/strong><\/p>\n\n\n\n<p>Stilistja, gazetarja dhe prezantuesja televizive nga bota e mod\u00ebs, Alexandra Golovanoff, u rrit n\u00eb Paris dhe kaloi shum\u00eb koh\u00eb n\u00eb shoq\u00ebrin\u00eb e personaliteteve m\u00eb t\u00eb famshme t\u00eb qytetit, gj\u00eb q\u00eb ndoshta shpjegon ndjenj\u00ebn e lindur t\u00eb stilit q\u00eb ajo zot\u00ebron.<\/p>\n\n\n\n<figure class=\"wp-block-image\" id=\"attachment_2819433\"><img decoding=\"async\" src=\"http:\/\/zadovoljna.nova.rs\/wp-content\/uploads\/2026\/04\/21\/1776779553-profimedia-1081600221-683x1024.jpg\" alt=\"\" class=\"wp-image-2819433\"\/><\/figure>\n\n\n\n<p>Kjo eleganc\u00eb e pap\u00ebrs\u00ebritshme dhe e rast\u00ebsishme \u00ebsht\u00eb p\u00ebrkthyer n\u00eb mark\u00ebn e saj t\u00eb pulovrave prej kashmiri me t\u00eb nj\u00ebjtin em\u00ebr, t\u00eb veshura tashm\u00eb nga Sofia Coppola, Eva Chen, Nicole Kidman dhe Catherine Deneuve (e cila madje ka edhe nj\u00eb model t\u00eb em\u00ebruar sipas saj, bazuar n\u00eb k\u00ebrkes\u00ebn e saj p\u00ebr nj\u00eb siluet\u00eb specifike).<\/p>\n\n\n\n<p>Golovanoff, babai i t\u00eb cilit \u00ebsht\u00eb rus dhe n\u00ebna e t\u00eb cilit \u00ebsht\u00eb gjysm\u00eb rumune dhe gjysm\u00eb franceze, zbulon di\u00e7ka pothuajse t\u00eb pakapshme n\u00eb bot\u00ebn e mod\u00ebs s\u00eb aplikuar &#8211; at\u00eb t\u00eb famshmen pariziene &#8220;je ne sais quoi&#8221;.<\/p>\n\n\n\n<figure class=\"wp-block-image\" id=\"attachment_2819391\"><img decoding=\"async\" src=\"http:\/\/zadovoljna.nova.rs\/wp-content\/uploads\/2026\/04\/21\/1776778840-profimedia-0376965119-1024x681.jpg\" alt=\"\" class=\"wp-image-2819391\"\/><\/figure>\n\n\n\n<h2 class=\"wp-block-heading\">Zot\u00ebroni artin e pap\u00ebrsosm\u00ebris\u00eb<\/h2>\n\n\n\n<p>&#8220;Ne parisien\u00ebt kemi tendenc\u00eb t\u00eb jemi vetvetja, jo perfekt\u00eb &#8211; n\u00ebse, p\u00ebr shembull, ju p\u00eblqejn\u00eb flok\u00ebt e \u00e7rregullt, nuk ka nevoj\u00eb t&#8217;i thani me thar\u00ebse flok\u00ebsh p\u00ebr t&#8217;u dukur elegante. Gjithashtu, \u00ebsht\u00eb e r\u00ebnd\u00ebsishme t\u00eb vishni copa t\u00eb bukura q\u00eb jan\u00eb pak t\u00eb \u00e7rregullta, pak t\u00eb konsumuara. Sipas mendimit tim, parisien\u00ebt nuk jan\u00eb ve\u00e7an\u00ebrisht &#8216;rok and rol&#8217;, m\u00eb shum\u00eb elegant\u00eb borgjez\u00eb.&#8221;<\/p>\n\n\n\n<figure class=\"wp-block-image\" id=\"attachment_2819403\"><img decoding=\"async\" src=\"http:\/\/zadovoljna.nova.rs\/wp-content\/uploads\/2026\/04\/21\/1776778888-profimedia-0848222054-683x1024.jpg\" alt=\"\" class=\"wp-image-2819403\"\/><\/figure>\n\n\n\n<h2 class=\"wp-block-heading\">Arritni ekuilibrin e p\u00ebrsosur.<\/h2>\n\n\n\n<p>&#8220;\u00cbsht\u00eb e r\u00ebnd\u00ebsishme t\u00eb dish si t\u00eb vesh\u00ebsh aksesor\u00eb. Mund t\u00eb mbash nj\u00eb \u00e7ant\u00eb t\u00eb bukur dhe luksoze, por pa manikyr. Po k\u00ebshtu, n\u00ebse vesh taka t\u00eb larta, nuk i kombinoj kurr\u00eb me nj\u00eb fund t\u00eb shkurt\u00ebr. Gjith\u00e7ka ka t\u00eb b\u00ebj\u00eb me ekuilibrin.&#8221;<\/p>\n\n\n\n<figure class=\"wp-block-image\" id=\"attachment_2819401\"><img decoding=\"async\" src=\"http:\/\/zadovoljna.nova.rs\/wp-content\/uploads\/2026\/04\/21\/1776778876-profimedia-0751714723-680x1024.jpg\" alt=\"\" class=\"wp-image-2819401\"\/><\/figure>\n\n\n\n<h2 class=\"wp-block-heading\">Komoditeti \u00ebsht\u00eb thelb\u00ebsor.<\/h2>\n\n\n\n<p>&#8220;Nuk m\u00eb p\u00eblqen t\u00eb jem e ngusht\u00eb ose shum\u00eb e ngusht\u00eb &#8211; gjithmon\u00eb ka t\u00eb b\u00ebj\u00eb me rehatin\u00eb dhe kombinimin e fem\u00ebrores dhe mashkullores. M\u00eb p\u00eblqen t\u00eb kem di\u00e7ka pak &#8216;djal\u00ebsore&#8217;, k\u00ebshtu q\u00eb shpesh vesh xhinse p\u00ebr meshkuj q\u00eb jan\u00eb pak m\u00eb t\u00eb m\u00ebdha dhe m\u00eb t\u00eb gjata. M\u00eb p\u00eblqejn\u00eb k\u00ebshtu.&#8221;<\/p>\n\n\n\n<figure class=\"wp-block-image\" id=\"attachment_2819428\"><img decoding=\"async\" src=\"http:\/\/zadovoljna.nova.rs\/wp-content\/uploads\/2026\/04\/21\/1776779542-profimedia-1059595439-683x1024.jpg\" alt=\"\" class=\"wp-image-2819428\"\/><\/figure>\n\n\n\n<h2 class=\"wp-block-heading\">P\u00ebrmir\u00ebsoni stilimin, por mos e teproni<\/h2>\n\n\n\n<p>&#8220;M\u00eb p\u00eblqejn\u00eb copat shum\u00eb t\u00eb thjeshta, &#8216;t\u00eb pap\u00ebrpunuara&#8217; t\u00eb kombinuara me di\u00e7ka m\u00eb t\u00eb sofistikuar. Gjithmon\u00eb balancoj t\u00eb kund\u00ebrtat &#8211; p\u00ebr shembull, kombinimet e rast\u00ebsishme me diamante. Ose nj\u00eb veshje shum\u00eb e thjesht\u00eb me copa vintage, por me nj\u00eb \u00e7ant\u00eb t\u00eb bukur. M\u00eb t\u00ebrheq marr\u00ebdh\u00ebnia e t\u00eb kund\u00ebrtave &#8211; e sofistikuar dhe e relaksuar. I b\u00ebj t\u00eb gjitha instinktivisht, pa menduar shum\u00eb.&#8221;<\/p>\n\n\n\n<figure class=\"wp-block-image\" id=\"attachment_2819423\"><img decoding=\"async\" src=\"http:\/\/zadovoljna.nova.rs\/wp-content\/uploads\/2026\/04\/21\/1776779530-profimedia-0884751496-682x1024.jpg\" alt=\"\" class=\"wp-image-2819423\"\/><\/figure>\n\n\n\n<h2 class=\"wp-block-heading\">Gjeni themelin e gard\u00ebrob\u00ebs suaj<\/h2>\n\n\n\n<p>&#8220;Nj\u00ebher\u00eb, duke qen\u00eb ulur n\u00eb rreshtin e par\u00eb n\u00eb nj\u00eb sfilat\u00eb mode, kuptova se ndoshta isha veshur shum\u00eb rast\u00ebsisht, k\u00ebshtu q\u00eb vendosa t\u00eb shprehja kreativitetin tim. P\u00ebr mua, thurja ishte e vetmja m\u00ebnyr\u00eb. M\u00eb p\u00eblqen ideja e krijimit t\u00eb rrobave vet\u00ebm nga nj\u00eb fije &#8211; nuk ke nevoj\u00eb p\u00ebr asgj\u00eb tjet\u00ebr, \u00ebsht\u00eb si magji. \u00cbsht\u00eb e ngusht\u00eb, e ngroht\u00eb &#8211; pulovra \u00ebsht\u00eb pothuajse si nj\u00eb mik, nj\u00eb cop\u00eb intime. Modelet tona jan\u00eb b\u00ebr\u00eb nga kashmiri m\u00eb i mir\u00eb n\u00eb Mauritius dhe jan\u00eb thurur me dor\u00eb n\u00eb nj\u00eb tezgjahu. Metoda e prodhimit \u00ebsht\u00eb pik\u00ebrisht ashtu si\u00e7 e doja: nj\u00eb fabrik\u00eb e vog\u00ebl familjare. Kashmiri n\u00eb vetvete \u00ebsht\u00eb t\u00ebr\u00ebsisht natyral. Ne p\u00ebrdorim pambuk organik n\u00eb ver\u00eb. Kjo \u00ebsht\u00eb jasht\u00ebzakonisht e r\u00ebnd\u00ebsishme p\u00ebr mua.&#8221;<\/p>\n\n\n\n<h2 class=\"wp-block-heading\">Nxirr n\u00eb pah bukurin\u00eb natyrore<\/h2>\n\n\n\n<p>&#8220;M\u00eb p\u00eblqen t\u00eb dukem shum\u00eb natyrale. I kushtoj shum\u00eb m\u00eb tep\u00ebr v\u00ebmendje kujdesit p\u00ebr l\u00ebkur\u00ebn sesa makijazhit. Ngjyrat e pulovrave jan\u00eb shum\u00eb t\u00eb r\u00ebnd\u00ebsishme, sepse jan\u00eb krijuar p\u00ebr t&#8217;ju b\u00ebr\u00eb m\u00eb t\u00eb bukur &#8211; ato funksionojn\u00eb si makijazhi dhe varen nga pamja e l\u00ebkur\u00ebs s\u00eb nj\u00eb gruaje. P\u00ebr mua, flok\u00ebt e mir\u00eb dhe l\u00ebkura e kuruar mir\u00eb, me nj\u00eb pulov\u00ebr t\u00eb thjesht\u00eb, jan\u00eb t\u00eb mjaftueshme.&#8221;<\/p>\n\n\n\n<figure class=\"wp-block-image\" id=\"attachment_2819393\"><img decoding=\"async\" src=\"http:\/\/zadovoljna.nova.rs\/wp-content\/uploads\/2026\/04\/21\/1776778852-profimedia-1069167607-1024x683.jpg\" alt=\"\" class=\"wp-image-2819393\"\/><\/figure>\n\n\n\n<h2 class=\"wp-block-heading\">Si t\u00eb kujdeseni p\u00ebr Alexandra Golovanoff<\/h2>\n\n\n\n<p>Alexandra \u00ebsht\u00eb 55 vje\u00e7e dhe, megjith\u00ebse nuk p\u00ebrpiqet ta fsheh\u00eb, l\u00ebkura e saj \u00ebsht\u00eb perfekte. Kujdesi p\u00ebr fytyr\u00ebn dhe flok\u00ebt \u00ebsht\u00eb di\u00e7ka p\u00ebr t\u00eb cil\u00ebn ajo foli me Into The Gloss.<\/p>\n\n\n\n<p>&#8220;P\u00ebr syt\u00eb, m\u00eb p\u00eblqen shum\u00eb SkinCeuticals Eye Gel AOX; ndihmon n\u00eb luftimin e shenjave t\u00eb lodhjes. Talika Lipocils \u00ebsht\u00eb nj\u00eb serum p\u00ebr qerpik\u00ebt q\u00eb duhet aplikuar \u00e7do dit\u00eb, dy her\u00eb n\u00eb dit\u00eb p\u00ebr nj\u00ebzet e tet\u00eb dit\u00eb, dhe funksionon v\u00ebrtet.&#8221;<\/p>\n\n\n\n<p>Nga grimerja Laura Mercier, Undercover Pot No. 2, YSL Touche \u00c9clat p\u00ebr zon\u00ebn posht\u00eb syve dhe p\u00ebr njollat \u200b\u200be err\u00ebta, pudra Dior Forever, hija e duarve Chanel Taupe Gris\u00e9 dhe Smoky Eyes nga Dior. Ai nuk p\u00ebrdor nuanca me shk\u00eblqim, preferon hije plot\u00ebsisht mat.<\/p>\n\n\n\n<figure class=\"wp-block-image\" id=\"attachment_2819397\"><img decoding=\"async\" src=\"http:\/\/zadovoljna.nova.rs\/wp-content\/uploads\/2026\/04\/21\/1776778863-profimedia-0671570085-683x1024.jpg\" alt=\"\" class=\"wp-image-2819397\"\/><\/figure>\n\n\n\n<p>&#8220;P\u00ebr mua, duket se flok\u00ebt jan\u00eb m\u00eb t\u00eb r\u00ebnd\u00ebsish\u00ebm se grimi. Jam bjonde, madje kam pasur nj\u00eb program televiziv t\u00eb quajtur &#8220;La Blonde et Moi&#8221; &#8211; bjonde dhe un\u00eb.&#8221; Njer\u00ebzit m\u00eb njohin nga flok\u00ebt. I laj \u00e7do pes\u00eb deri n\u00eb gjasht\u00eb dit\u00eb; \u00ebsht\u00eb e pamundur p\u00ebr mua t&#8217;i laj \u00e7do dit\u00eb, m\u00eb duhet shum\u00eb koh\u00eb. Kan\u00eb nj\u00eb struktur\u00eb paksa &#8220;t\u00eb fryr\u00eb&#8221;. Parukierja ime quhet Fred, kam punuar me t\u00eb prej vitesh dhe ai b\u00ebn gjith\u00e7ka &#8211; prerjen dhe ngjyrosjen.<\/p>\n\n\n\n<p>Ky \u00ebsht\u00eb nj\u00eb balsam v\u00ebrtet i shk\u00eblqyer, Superbly Smoothing Argan Conditioner nga Kiehl&#8217;s. N\u00eb p\u00ebrgjith\u00ebsi m\u00eb p\u00eblqen shum\u00eb Kiehl&#8217;s p\u00ebr flok\u00ebt, si dhe produktet Aveda. Kam edhe produkte p\u00ebr diellin, p\u00ebr \u00e7do koh\u00eb t\u00eb vitit! P\u00ebr t&#8217;i dh\u00ebn\u00eb struktur\u00eb flok\u00ebve t\u00eb mi, m\u00eb par\u00eb sillja uj\u00eb nga Deti Mesdhe dhe e hidhja n\u00eb nj\u00eb shishe me spraj. Por nuk kam qen\u00eb atje p\u00ebr nj\u00eb koh\u00eb, k\u00ebshtu q\u00eb nuk e kam m\u00eb! Ky \u00ebsht\u00eb p\u00ebr mbrojtje nga dielli &#8211; Korres Red Vine Year-Round Sun Protection, t\u00eb cilin e p\u00ebrdor kur e di q\u00eb do t\u00eb jem jasht\u00eb p\u00ebr nj\u00eb koh\u00eb t\u00eb gjat\u00eb.<\/p>\n","protected":false},"excerpt":{"rendered":"<p>Sekreti i stilit francez q\u00ebndron n\u00eb ekuilib\u00ebr. Ai n\u00ebnkupton nj\u00eb valle delikate t\u00eb kund\u00ebrtash &#8211; mashkullore dhe fem\u00ebrore, t\u00eb sofistikuara dhe paksa t\u00eb \u00e7rregullta &#8211; t\u00eb cilat s\u00eb bashku krijojn\u00eb eleganc\u00ebn n\u00eb form\u00ebn e saj m\u00eb t\u00eb past\u00ebr. Dhe me t\u00eb v\u00ebrtet\u00eb, megjith\u00ebse grat\u00eb pariziene sot jan\u00eb pak m\u00eb t\u00eb relaksuara kur b\u00ebhet fjal\u00eb p\u00ebr [&hellip;]<\/p>\n","protected":false},"author":4,"featured_media":11375,"comment_status":"open","ping_status":"open","sticky":false,"template":"","format":"standard","meta":{"footnotes":""},"categories":[38],"tags":[],"class_list":{"0":"post-11374","1":"post","2":"type-post","3":"status-publish","4":"format-standard","5":"has-post-thumbnail","7":"category-stil"},"yoast_head":"<!-- This site is optimized with the Yoast SEO plugin v27.4 - https:\/\/yoast.com\/product\/yoast-seo-wordpress\/ -->\n<title>Nj\u00eb nga grat\u00eb m\u00eb t\u00eb veshura n\u00eb Franc\u00eb zbulon se \u00e7far\u00eb nuk do t\u00eb vishnin kurr\u00eb grat\u00eb pariziene - Kosova Times<\/title>\n<meta name=\"robots\" content=\"index, follow, max-snippet:-1, max-image-preview:large, max-video-preview:-1\" \/>\n<link rel=\"canonical\" href=\"https:\/\/kosovatimes.info\/index.php\/2026\/04\/23\/nje-nga-grate-me-te-veshura-ne-france-zbulon-se-cfare-nuk-do-te-vishnin-kurre-grate-pariziene\/\" \/>\n<meta property=\"og:locale\" content=\"en_US\" \/>\n<meta property=\"og:type\" content=\"article\" \/>\n<meta property=\"og:title\" content=\"Nj\u00eb nga grat\u00eb m\u00eb t\u00eb veshura n\u00eb Franc\u00eb zbulon se \u00e7far\u00eb nuk do t\u00eb vishnin kurr\u00eb grat\u00eb pariziene - Kosova Times\" \/>\n<meta property=\"og:description\" content=\"Sekreti i stilit francez q\u00ebndron n\u00eb ekuilib\u00ebr. Ai n\u00ebnkupton nj\u00eb valle delikate t\u00eb kund\u00ebrtash &#8211; mashkullore dhe fem\u00ebrore, t\u00eb sofistikuara dhe paksa t\u00eb \u00e7rregullta &#8211; t\u00eb cilat s\u00eb bashku krijojn\u00eb eleganc\u00ebn n\u00eb form\u00ebn e saj m\u00eb t\u00eb past\u00ebr. Dhe me t\u00eb v\u00ebrtet\u00eb, megjith\u00ebse grat\u00eb pariziene sot jan\u00eb pak m\u00eb t\u00eb relaksuara kur b\u00ebhet fjal\u00eb p\u00ebr [&hellip;]\" \/>\n<meta property=\"og:url\" content=\"https:\/\/kosovatimes.info\/index.php\/2026\/04\/23\/nje-nga-grate-me-te-veshura-ne-france-zbulon-se-cfare-nuk-do-te-vishnin-kurre-grate-pariziene\/\" \/>\n<meta property=\"og:site_name\" content=\"Kosova Times\" \/>\n<meta property=\"article:published_time\" content=\"2026-04-23T10:25:28+00:00\" \/>\n<meta property=\"article:modified_time\" content=\"2026-04-23T10:25:30+00:00\" \/>\n<meta property=\"og:image\" content=\"https:\/\/kosovatimes.info\/wp-content\/uploads\/2026\/04\/Alexandra-Golovanoff.jpg\" \/>\n\t<meta property=\"og:image:width\" content=\"750\" \/>\n\t<meta property=\"og:image:height\" content=\"500\" \/>\n\t<meta property=\"og:image:type\" content=\"image\/jpeg\" \/>\n<meta name=\"author\" content=\"i l\" \/>\n<meta name=\"twitter:card\" content=\"summary_large_image\" \/>\n<meta name=\"twitter:label1\" content=\"Written by\" \/>\n\t<meta name=\"twitter:data1\" content=\"i l\" \/>\n\t<meta name=\"twitter:label2\" content=\"Est. reading time\" \/>\n\t<meta name=\"twitter:data2\" content=\"6 minutes\" \/>\n<script type=\"application\/ld+json\" class=\"yoast-schema-graph\">{\"@context\":\"https:\\\/\\\/schema.org\",\"@graph\":[{\"@type\":\"Article\",\"@id\":\"https:\\\/\\\/kosovatimes.info\\\/index.php\\\/2026\\\/04\\\/23\\\/nje-nga-grate-me-te-veshura-ne-france-zbulon-se-cfare-nuk-do-te-vishnin-kurre-grate-pariziene\\\/#article\",\"isPartOf\":{\"@id\":\"https:\\\/\\\/kosovatimes.info\\\/index.php\\\/2026\\\/04\\\/23\\\/nje-nga-grate-me-te-veshura-ne-france-zbulon-se-cfare-nuk-do-te-vishnin-kurre-grate-pariziene\\\/\"},\"author\":{\"name\":\"i l\",\"@id\":\"https:\\\/\\\/kosovatimes.info\\\/#\\\/schema\\\/person\\\/7586712b9c512fe68085de007378c915\"},\"headline\":\"Nj\u00eb nga grat\u00eb m\u00eb t\u00eb veshura n\u00eb Franc\u00eb zbulon se \u00e7far\u00eb nuk do t\u00eb vishnin kurr\u00eb grat\u00eb pariziene\",\"datePublished\":\"2026-04-23T10:25:28+00:00\",\"dateModified\":\"2026-04-23T10:25:30+00:00\",\"mainEntityOfPage\":{\"@id\":\"https:\\\/\\\/kosovatimes.info\\\/index.php\\\/2026\\\/04\\\/23\\\/nje-nga-grate-me-te-veshura-ne-france-zbulon-se-cfare-nuk-do-te-vishnin-kurre-grate-pariziene\\\/\"},\"wordCount\":1147,\"commentCount\":0,\"image\":{\"@id\":\"https:\\\/\\\/kosovatimes.info\\\/index.php\\\/2026\\\/04\\\/23\\\/nje-nga-grate-me-te-veshura-ne-france-zbulon-se-cfare-nuk-do-te-vishnin-kurre-grate-pariziene\\\/#primaryimage\"},\"thumbnailUrl\":\"https:\\\/\\\/kosovatimes.info\\\/wp-content\\\/uploads\\\/2026\\\/04\\\/Alexandra-Golovanoff.jpg\",\"articleSection\":[\"Stil\"],\"inLanguage\":\"en-US\",\"potentialAction\":[{\"@type\":\"CommentAction\",\"name\":\"Comment\",\"target\":[\"https:\\\/\\\/kosovatimes.info\\\/index.php\\\/2026\\\/04\\\/23\\\/nje-nga-grate-me-te-veshura-ne-france-zbulon-se-cfare-nuk-do-te-vishnin-kurre-grate-pariziene\\\/#respond\"]}]},{\"@type\":\"WebPage\",\"@id\":\"https:\\\/\\\/kosovatimes.info\\\/index.php\\\/2026\\\/04\\\/23\\\/nje-nga-grate-me-te-veshura-ne-france-zbulon-se-cfare-nuk-do-te-vishnin-kurre-grate-pariziene\\\/\",\"url\":\"https:\\\/\\\/kosovatimes.info\\\/index.php\\\/2026\\\/04\\\/23\\\/nje-nga-grate-me-te-veshura-ne-france-zbulon-se-cfare-nuk-do-te-vishnin-kurre-grate-pariziene\\\/\",\"name\":\"Nj\u00eb nga grat\u00eb m\u00eb t\u00eb veshura n\u00eb Franc\u00eb zbulon se \u00e7far\u00eb nuk do t\u00eb vishnin kurr\u00eb grat\u00eb pariziene - Kosova Times\",\"isPartOf\":{\"@id\":\"https:\\\/\\\/kosovatimes.info\\\/#website\"},\"primaryImageOfPage\":{\"@id\":\"https:\\\/\\\/kosovatimes.info\\\/index.php\\\/2026\\\/04\\\/23\\\/nje-nga-grate-me-te-veshura-ne-france-zbulon-se-cfare-nuk-do-te-vishnin-kurre-grate-pariziene\\\/#primaryimage\"},\"image\":{\"@id\":\"https:\\\/\\\/kosovatimes.info\\\/index.php\\\/2026\\\/04\\\/23\\\/nje-nga-grate-me-te-veshura-ne-france-zbulon-se-cfare-nuk-do-te-vishnin-kurre-grate-pariziene\\\/#primaryimage\"},\"thumbnailUrl\":\"https:\\\/\\\/kosovatimes.info\\\/wp-content\\\/uploads\\\/2026\\\/04\\\/Alexandra-Golovanoff.jpg\",\"datePublished\":\"2026-04-23T10:25:28+00:00\",\"dateModified\":\"2026-04-23T10:25:30+00:00\",\"author\":{\"@id\":\"https:\\\/\\\/kosovatimes.info\\\/#\\\/schema\\\/person\\\/7586712b9c512fe68085de007378c915\"},\"breadcrumb\":{\"@id\":\"https:\\\/\\\/kosovatimes.info\\\/index.php\\\/2026\\\/04\\\/23\\\/nje-nga-grate-me-te-veshura-ne-france-zbulon-se-cfare-nuk-do-te-vishnin-kurre-grate-pariziene\\\/#breadcrumb\"},\"inLanguage\":\"en-US\",\"potentialAction\":[{\"@type\":\"ReadAction\",\"target\":[\"https:\\\/\\\/kosovatimes.info\\\/index.php\\\/2026\\\/04\\\/23\\\/nje-nga-grate-me-te-veshura-ne-france-zbulon-se-cfare-nuk-do-te-vishnin-kurre-grate-pariziene\\\/\"]}]},{\"@type\":\"ImageObject\",\"inLanguage\":\"en-US\",\"@id\":\"https:\\\/\\\/kosovatimes.info\\\/index.php\\\/2026\\\/04\\\/23\\\/nje-nga-grate-me-te-veshura-ne-france-zbulon-se-cfare-nuk-do-te-vishnin-kurre-grate-pariziene\\\/#primaryimage\",\"url\":\"https:\\\/\\\/kosovatimes.info\\\/wp-content\\\/uploads\\\/2026\\\/04\\\/Alexandra-Golovanoff.jpg\",\"contentUrl\":\"https:\\\/\\\/kosovatimes.info\\\/wp-content\\\/uploads\\\/2026\\\/04\\\/Alexandra-Golovanoff.jpg\",\"width\":750,\"height\":500,\"caption\":\"Alexandra Golovanoff attending the Cerruti 1881 Menswear Fall\\\/Winter 2019-2020 show as part of Paris Fashion Week in Paris, France on January 18, 2019.,Image: 408624886, License: Rights-managed, Restrictions: , Model Release: no, Credit line: Marechal Aurore\\\/ABACA \\\/ Abaca Press \\\/ Profimedia\"},{\"@type\":\"BreadcrumbList\",\"@id\":\"https:\\\/\\\/kosovatimes.info\\\/index.php\\\/2026\\\/04\\\/23\\\/nje-nga-grate-me-te-veshura-ne-france-zbulon-se-cfare-nuk-do-te-vishnin-kurre-grate-pariziene\\\/#breadcrumb\",\"itemListElement\":[{\"@type\":\"ListItem\",\"position\":1,\"name\":\"Home\",\"item\":\"https:\\\/\\\/kosovatimes.info\\\/\"},{\"@type\":\"ListItem\",\"position\":2,\"name\":\"Nj\u00eb nga grat\u00eb m\u00eb t\u00eb veshura n\u00eb Franc\u00eb zbulon se \u00e7far\u00eb nuk do t\u00eb vishnin kurr\u00eb grat\u00eb pariziene\"}]},{\"@type\":\"WebSite\",\"@id\":\"https:\\\/\\\/kosovatimes.info\\\/#website\",\"url\":\"https:\\\/\\\/kosovatimes.info\\\/\",\"name\":\"Kosova Times\",\"description\":\"\",\"potentialAction\":[{\"@type\":\"SearchAction\",\"target\":{\"@type\":\"EntryPoint\",\"urlTemplate\":\"https:\\\/\\\/kosovatimes.info\\\/?s={search_term_string}\"},\"query-input\":{\"@type\":\"PropertyValueSpecification\",\"valueRequired\":true,\"valueName\":\"search_term_string\"}}],\"inLanguage\":\"en-US\"},{\"@type\":\"Person\",\"@id\":\"https:\\\/\\\/kosovatimes.info\\\/#\\\/schema\\\/person\\\/7586712b9c512fe68085de007378c915\",\"name\":\"i l\",\"image\":{\"@type\":\"ImageObject\",\"inLanguage\":\"en-US\",\"@id\":\"https:\\\/\\\/secure.gravatar.com\\\/avatar\\\/bad9296e02816160ae2e2435beda58222022298d5625d49fea74d18816fbb31d?s=96&d=mm&r=g\",\"url\":\"https:\\\/\\\/secure.gravatar.com\\\/avatar\\\/bad9296e02816160ae2e2435beda58222022298d5625d49fea74d18816fbb31d?s=96&d=mm&r=g\",\"contentUrl\":\"https:\\\/\\\/secure.gravatar.com\\\/avatar\\\/bad9296e02816160ae2e2435beda58222022298d5625d49fea74d18816fbb31d?s=96&d=mm&r=g\",\"caption\":\"i l\"},\"url\":\"https:\\\/\\\/kosovatimes.info\\\/index.php\\\/author\\\/iliri\\\/\"}]}<\/script>\n<!-- \/ Yoast SEO plugin. -->","yoast_head_json":{"title":"Nj\u00eb nga grat\u00eb m\u00eb t\u00eb veshura n\u00eb Franc\u00eb zbulon se \u00e7far\u00eb nuk do t\u00eb vishnin kurr\u00eb grat\u00eb pariziene - Kosova Times","robots":{"index":"index","follow":"follow","max-snippet":"max-snippet:-1","max-image-preview":"max-image-preview:large","max-video-preview":"max-video-preview:-1"},"canonical":"https:\/\/kosovatimes.info\/index.php\/2026\/04\/23\/nje-nga-grate-me-te-veshura-ne-france-zbulon-se-cfare-nuk-do-te-vishnin-kurre-grate-pariziene\/","og_locale":"en_US","og_type":"article","og_title":"Nj\u00eb nga grat\u00eb m\u00eb t\u00eb veshura n\u00eb Franc\u00eb zbulon se \u00e7far\u00eb nuk do t\u00eb vishnin kurr\u00eb grat\u00eb pariziene - Kosova Times","og_description":"Sekreti i stilit francez q\u00ebndron n\u00eb ekuilib\u00ebr. Ai n\u00ebnkupton nj\u00eb valle delikate t\u00eb kund\u00ebrtash &#8211; mashkullore dhe fem\u00ebrore, t\u00eb sofistikuara dhe paksa t\u00eb \u00e7rregullta &#8211; t\u00eb cilat s\u00eb bashku krijojn\u00eb eleganc\u00ebn n\u00eb form\u00ebn e saj m\u00eb t\u00eb past\u00ebr. Dhe me t\u00eb v\u00ebrtet\u00eb, megjith\u00ebse grat\u00eb pariziene sot jan\u00eb pak m\u00eb t\u00eb relaksuara kur b\u00ebhet fjal\u00eb p\u00ebr [&hellip;]","og_url":"https:\/\/kosovatimes.info\/index.php\/2026\/04\/23\/nje-nga-grate-me-te-veshura-ne-france-zbulon-se-cfare-nuk-do-te-vishnin-kurre-grate-pariziene\/","og_site_name":"Kosova Times","article_published_time":"2026-04-23T10:25:28+00:00","article_modified_time":"2026-04-23T10:25:30+00:00","og_image":[{"width":750,"height":500,"url":"https:\/\/kosovatimes.info\/wp-content\/uploads\/2026\/04\/Alexandra-Golovanoff.jpg","type":"image\/jpeg"}],"author":"i l","twitter_card":"summary_large_image","twitter_misc":{"Written by":"i l","Est. reading time":"6 minutes"},"schema":{"@context":"https:\/\/schema.org","@graph":[{"@type":"Article","@id":"https:\/\/kosovatimes.info\/index.php\/2026\/04\/23\/nje-nga-grate-me-te-veshura-ne-france-zbulon-se-cfare-nuk-do-te-vishnin-kurre-grate-pariziene\/#article","isPartOf":{"@id":"https:\/\/kosovatimes.info\/index.php\/2026\/04\/23\/nje-nga-grate-me-te-veshura-ne-france-zbulon-se-cfare-nuk-do-te-vishnin-kurre-grate-pariziene\/"},"author":{"name":"i l","@id":"https:\/\/kosovatimes.info\/#\/schema\/person\/7586712b9c512fe68085de007378c915"},"headline":"Nj\u00eb nga grat\u00eb m\u00eb t\u00eb veshura n\u00eb Franc\u00eb zbulon se \u00e7far\u00eb nuk do t\u00eb vishnin kurr\u00eb grat\u00eb pariziene","datePublished":"2026-04-23T10:25:28+00:00","dateModified":"2026-04-23T10:25:30+00:00","mainEntityOfPage":{"@id":"https:\/\/kosovatimes.info\/index.php\/2026\/04\/23\/nje-nga-grate-me-te-veshura-ne-france-zbulon-se-cfare-nuk-do-te-vishnin-kurre-grate-pariziene\/"},"wordCount":1147,"commentCount":0,"image":{"@id":"https:\/\/kosovatimes.info\/index.php\/2026\/04\/23\/nje-nga-grate-me-te-veshura-ne-france-zbulon-se-cfare-nuk-do-te-vishnin-kurre-grate-pariziene\/#primaryimage"},"thumbnailUrl":"https:\/\/kosovatimes.info\/wp-content\/uploads\/2026\/04\/Alexandra-Golovanoff.jpg","articleSection":["Stil"],"inLanguage":"en-US","potentialAction":[{"@type":"CommentAction","name":"Comment","target":["https:\/\/kosovatimes.info\/index.php\/2026\/04\/23\/nje-nga-grate-me-te-veshura-ne-france-zbulon-se-cfare-nuk-do-te-vishnin-kurre-grate-pariziene\/#respond"]}]},{"@type":"WebPage","@id":"https:\/\/kosovatimes.info\/index.php\/2026\/04\/23\/nje-nga-grate-me-te-veshura-ne-france-zbulon-se-cfare-nuk-do-te-vishnin-kurre-grate-pariziene\/","url":"https:\/\/kosovatimes.info\/index.php\/2026\/04\/23\/nje-nga-grate-me-te-veshura-ne-france-zbulon-se-cfare-nuk-do-te-vishnin-kurre-grate-pariziene\/","name":"Nj\u00eb nga grat\u00eb m\u00eb t\u00eb veshura n\u00eb Franc\u00eb zbulon se \u00e7far\u00eb nuk do t\u00eb vishnin kurr\u00eb grat\u00eb pariziene - Kosova Times","isPartOf":{"@id":"https:\/\/kosovatimes.info\/#website"},"primaryImageOfPage":{"@id":"https:\/\/kosovatimes.info\/index.php\/2026\/04\/23\/nje-nga-grate-me-te-veshura-ne-france-zbulon-se-cfare-nuk-do-te-vishnin-kurre-grate-pariziene\/#primaryimage"},"image":{"@id":"https:\/\/kosovatimes.info\/index.php\/2026\/04\/23\/nje-nga-grate-me-te-veshura-ne-france-zbulon-se-cfare-nuk-do-te-vishnin-kurre-grate-pariziene\/#primaryimage"},"thumbnailUrl":"https:\/\/kosovatimes.info\/wp-content\/uploads\/2026\/04\/Alexandra-Golovanoff.jpg","datePublished":"2026-04-23T10:25:28+00:00","dateModified":"2026-04-23T10:25:30+00:00","author":{"@id":"https:\/\/kosovatimes.info\/#\/schema\/person\/7586712b9c512fe68085de007378c915"},"breadcrumb":{"@id":"https:\/\/kosovatimes.info\/index.php\/2026\/04\/23\/nje-nga-grate-me-te-veshura-ne-france-zbulon-se-cfare-nuk-do-te-vishnin-kurre-grate-pariziene\/#breadcrumb"},"inLanguage":"en-US","potentialAction":[{"@type":"ReadAction","target":["https:\/\/kosovatimes.info\/index.php\/2026\/04\/23\/nje-nga-grate-me-te-veshura-ne-france-zbulon-se-cfare-nuk-do-te-vishnin-kurre-grate-pariziene\/"]}]},{"@type":"ImageObject","inLanguage":"en-US","@id":"https:\/\/kosovatimes.info\/index.php\/2026\/04\/23\/nje-nga-grate-me-te-veshura-ne-france-zbulon-se-cfare-nuk-do-te-vishnin-kurre-grate-pariziene\/#primaryimage","url":"https:\/\/kosovatimes.info\/wp-content\/uploads\/2026\/04\/Alexandra-Golovanoff.jpg","contentUrl":"https:\/\/kosovatimes.info\/wp-content\/uploads\/2026\/04\/Alexandra-Golovanoff.jpg","width":750,"height":500,"caption":"Alexandra Golovanoff attending the Cerruti 1881 Menswear Fall\/Winter 2019-2020 show as part of Paris Fashion Week in Paris, France on January 18, 2019.,Image: 408624886, License: Rights-managed, Restrictions: , Model Release: no, Credit line: Marechal Aurore\/ABACA \/ Abaca Press \/ Profimedia"},{"@type":"BreadcrumbList","@id":"https:\/\/kosovatimes.info\/index.php\/2026\/04\/23\/nje-nga-grate-me-te-veshura-ne-france-zbulon-se-cfare-nuk-do-te-vishnin-kurre-grate-pariziene\/#breadcrumb","itemListElement":[{"@type":"ListItem","position":1,"name":"Home","item":"https:\/\/kosovatimes.info\/"},{"@type":"ListItem","position":2,"name":"Nj\u00eb nga grat\u00eb m\u00eb t\u00eb veshura n\u00eb Franc\u00eb zbulon se \u00e7far\u00eb nuk do t\u00eb vishnin kurr\u00eb grat\u00eb pariziene"}]},{"@type":"WebSite","@id":"https:\/\/kosovatimes.info\/#website","url":"https:\/\/kosovatimes.info\/","name":"Kosova Times","description":"","potentialAction":[{"@type":"SearchAction","target":{"@type":"EntryPoint","urlTemplate":"https:\/\/kosovatimes.info\/?s={search_term_string}"},"query-input":{"@type":"PropertyValueSpecification","valueRequired":true,"valueName":"search_term_string"}}],"inLanguage":"en-US"},{"@type":"Person","@id":"https:\/\/kosovatimes.info\/#\/schema\/person\/7586712b9c512fe68085de007378c915","name":"i l","image":{"@type":"ImageObject","inLanguage":"en-US","@id":"https:\/\/secure.gravatar.com\/avatar\/bad9296e02816160ae2e2435beda58222022298d5625d49fea74d18816fbb31d?s=96&d=mm&r=g","url":"https:\/\/secure.gravatar.com\/avatar\/bad9296e02816160ae2e2435beda58222022298d5625d49fea74d18816fbb31d?s=96&d=mm&r=g","contentUrl":"https:\/\/secure.gravatar.com\/avatar\/bad9296e02816160ae2e2435beda58222022298d5625d49fea74d18816fbb31d?s=96&d=mm&r=g","caption":"i l"},"url":"https:\/\/kosovatimes.info\/index.php\/author\/iliri\/"}]}},"_links":{"self":[{"href":"https:\/\/kosovatimes.info\/index.php\/wp-json\/wp\/v2\/posts\/11374","targetHints":{"allow":["GET"]}}],"collection":[{"href":"https:\/\/kosovatimes.info\/index.php\/wp-json\/wp\/v2\/posts"}],"about":[{"href":"https:\/\/kosovatimes.info\/index.php\/wp-json\/wp\/v2\/types\/post"}],"author":[{"embeddable":true,"href":"https:\/\/kosovatimes.info\/index.php\/wp-json\/wp\/v2\/users\/4"}],"replies":[{"embeddable":true,"href":"https:\/\/kosovatimes.info\/index.php\/wp-json\/wp\/v2\/comments?post=11374"}],"version-history":[{"count":1,"href":"https:\/\/kosovatimes.info\/index.php\/wp-json\/wp\/v2\/posts\/11374\/revisions"}],"predecessor-version":[{"id":11376,"href":"https:\/\/kosovatimes.info\/index.php\/wp-json\/wp\/v2\/posts\/11374\/revisions\/11376"}],"wp:featuredmedia":[{"embeddable":true,"href":"https:\/\/kosovatimes.info\/index.php\/wp-json\/wp\/v2\/media\/11375"}],"wp:attachment":[{"href":"https:\/\/kosovatimes.info\/index.php\/wp-json\/wp\/v2\/media?parent=11374"}],"wp:term":[{"taxonomy":"category","embeddable":true,"href":"https:\/\/kosovatimes.info\/index.php\/wp-json\/wp\/v2\/categories?post=11374"},{"taxonomy":"post_tag","embeddable":true,"href":"https:\/\/kosovatimes.info\/index.php\/wp-json\/wp\/v2\/tags?post=11374"}],"curies":[{"name":"wp","href":"https:\/\/api.w.org\/{rel}","templated":true}]}}