{"id":11416,"date":"2026-04-23T14:16:00","date_gmt":"2026-04-23T12:16:00","guid":{"rendered":"https:\/\/kosovatimes.info\/?p=11416"},"modified":"2026-04-23T15:09:26","modified_gmt":"2026-04-23T13:09:26","slug":"ashak-rexhep-qosja-personalitet-i-jashtezakonshem-i-kultures-shqiptare","status":"publish","type":"post","link":"https:\/\/kosovatimes.info\/index.php\/2026\/04\/23\/ashak-rexhep-qosja-personalitet-i-jashtezakonshem-i-kultures-shqiptare\/","title":{"rendered":"ASHAK: Rexhep Qosja, personalitet i jasht\u00ebzakonsh\u00ebm i kultur\u00ebs shqiptare"},"content":{"rendered":"\n<p><a target=\"_blank\" href=\"https:\/\/www.linkedin.com\/shareArticle?mini=true&amp;url=https%3A%2F%2Fwww.rtklive.com%2Fsq%2Fnews-single.php%3FID%3D722909\" rel=\"noreferrer noopener\"><\/a><\/p>\n\n\n\n<h2 class=\"wp-block-heading\"><strong>Akademia e Shkencave dhe e Arteve e Kosov\u00ebs (ASHAK) ka reaguar pas lajmit p\u00ebr ndarjen nga jeta n\u00eb mosh\u00ebn 89 vje\u00e7are t\u00eb akademikut, studiuesit dhe shkrimtarit t\u00eb njohur Rexhep Qosja, an\u00ebtar i k\u00ebsaj akademie dhe an\u00ebtar nderi i Akademis\u00eb s\u00eb Shkencave t\u00eb Shqip\u00ebris\u00eb.<\/strong><\/h2>\n\n\n\n<p>ASHAK u shpreh ngush\u00ebllime familjar\u00ebve, derisa ka b\u00ebr\u00eb t\u00eb ditur se lajmin e hidhur e kan\u00eb marr\u00eb gjat\u00eb nj\u00eb aktiviteti t\u00eb p\u00ebrbashk\u00ebt t\u00eb organizuar n\u00eb Tiran\u00eb, n\u00eb bashk\u00ebpunim me Akademin\u00eb e Shkencave t\u00eb Shqip\u00ebris\u00eb.<\/p>\n\n\n\n<p>\u201cSot, gjat\u00eb nj\u00eb aktiviteti t\u00eb p\u00ebrbashk\u00ebt t\u00eb organizuar n\u00eb Tiran\u00eb nga Akademia e Shkencave t\u00eb Shqip\u00ebris\u00eb dhe Akademia e Shkencave dhe e Arteve t\u00eb Kosov\u00ebs, m\u00ebsuam lajmin e hidhur t\u00eb ndarjes nga jeta t\u00eb akademikut, studiuesit dhe shkrimtarit Rexhep Qosja, an\u00ebtar i ASHAK dhe an\u00ebtar nderi i ASHSH-s\u00eb, nj\u00eb prej figurave m\u00eb t\u00eb shquara t\u00eb mendimit shkencor, letrar dhe komb\u00ebtar shqiptar\u201d, thuhet n\u00eb reagim.<\/p>\n\n\n\n<p>N\u00eb reagimin e saj, ASHAK e ka vler\u00ebsuar lart figur\u00ebn dhe kontributin e Qosjes, duke e cil\u00ebsuar at\u00eb si nj\u00eb personalitet t\u00eb jasht\u00ebzakonsh\u00ebm t\u00eb kultur\u00ebs shqiptare.<\/p>\n\n\n\n<p>\u201cAkademik Rexhep Qosja p\u00ebrfaq\u00ebsonte nj\u00eb personalitet t\u00eb jasht\u00ebzakonsh\u00ebm t\u00eb kultur\u00ebs mbar\u00ebshqiptare, studiues i p\u00ebrkushtuar, shkrimtar dhe intelektual me ndikim t\u00eb gjer\u00eb n\u00eb zhvillimet shkencore, letrare dhe shoq\u00ebrore\u201d, thuhet m\u00eb tej.<\/p>\n\n\n\n<p>Sipas ASHAK-ut, veprimtaria e tij shum\u00ebdimensionale u karakterizua nga nj\u00eb qasje kritike dhe e argumentuar, e mb\u00ebshtetur n\u00eb parime t\u00eb larta akademike, duke dh\u00ebn\u00eb nj\u00eb kontribut t\u00eb ve\u00e7ant\u00eb n\u00eb konsolidimin e mendimit albanologjik dhe afirmimin e identitetit kulturor e historik shqiptar.<\/p>\n\n\n\n<p>Akademia thekson se trash\u00ebgimia q\u00eb Qosja la pas do t\u00eb mbetet nj\u00eb vler\u00eb e \u00e7muar shkencore dhe letrare, duke sh\u00ebrbyer si burim referimi dhe frym\u00ebzimi p\u00ebr brezat e ardhsh\u00ebm.<\/p>\n\n\n\n<p>\u201cP\u00ebrmes angazhimit t\u00eb tij intelektual dhe publik, ai luajti rol t\u00eb r\u00ebnd\u00ebsish\u00ebm n\u00eb mbrojtjen e \u00e7\u00ebshtjes komb\u00ebtare dhe n\u00eb nd\u00ebrtimin e diskursit kritik n\u00eb shoq\u00ebrin\u00eb shqiptare\u201d, thuhet n\u00eb reagim.<\/p>\n\n\n\n<p>ASHAK shton se t\u00eb dy akademit\u00eb, ajo e Kosov\u00ebs dhe ajo e Shqip\u00ebris\u00eb, shprehin mir\u00ebnjohje dhe vler\u00ebsim t\u00eb lart\u00eb p\u00ebr kontributin e tij t\u00eb pashlyesh\u00ebm n\u00eb zhvillimin e shkenc\u00ebs, kultur\u00ebs dhe mendimit bashk\u00ebkohor shqiptar, si dhe p\u00ebr rolin e tij n\u00eb forcimin e bashk\u00ebpunimit nd\u00ebrakademik n\u00eb hap\u00ebsir\u00ebn shqiptare.<\/p>\n\n\n\n<p>N\u00eb fund, ASHAK thekson se kujtimi, vepra dhe kontributi i akademik Rexhep Qosjes do t\u00eb mbeten t\u00eb p\u00ebrhershme n\u00eb fondin e kultur\u00ebs dhe shkenc\u00ebs shqiptare, si dhe n\u00eb nd\u00ebrgjegjen kolektive t\u00eb kombit shqiptar.<\/p>\n","protected":false},"excerpt":{"rendered":"<p>Akademia e Shkencave dhe e Arteve e Kosov\u00ebs (ASHAK) ka reaguar pas lajmit p\u00ebr ndarjen nga jeta n\u00eb mosh\u00ebn 89 vje\u00e7are t\u00eb akademikut, studiuesit dhe shkrimtarit t\u00eb njohur Rexhep Qosja, an\u00ebtar i k\u00ebsaj akademie dhe an\u00ebtar nderi i Akademis\u00eb s\u00eb Shkencave t\u00eb Shqip\u00ebris\u00eb. ASHAK u shpreh ngush\u00ebllime familjar\u00ebve, derisa ka b\u00ebr\u00eb t\u00eb ditur se lajmin [&hellip;]<\/p>\n","protected":false},"author":4,"featured_media":11417,"comment_status":"open","ping_status":"open","sticky":false,"template":"","format":"standard","meta":{"footnotes":""},"categories":[31,30],"tags":[],"class_list":{"0":"post-11416","1":"post","2":"type-post","3":"status-publish","4":"format-standard","5":"has-post-thumbnail","7":"category-kosove","8":"category-lajme"},"yoast_head":"<!-- This site is optimized with the Yoast SEO plugin v27.4 - https:\/\/yoast.com\/product\/yoast-seo-wordpress\/ -->\n<title>ASHAK: Rexhep Qosja, personalitet i jasht\u00ebzakonsh\u00ebm i kultur\u00ebs shqiptare - Kosova Times<\/title>\n<meta name=\"robots\" content=\"index, follow, max-snippet:-1, max-image-preview:large, max-video-preview:-1\" \/>\n<link rel=\"canonical\" href=\"https:\/\/kosovatimes.info\/index.php\/2026\/04\/23\/ashak-rexhep-qosja-personalitet-i-jashtezakonshem-i-kultures-shqiptare\/\" \/>\n<meta property=\"og:locale\" content=\"en_US\" \/>\n<meta property=\"og:type\" content=\"article\" \/>\n<meta property=\"og:title\" content=\"ASHAK: Rexhep Qosja, personalitet i jasht\u00ebzakonsh\u00ebm i kultur\u00ebs shqiptare - Kosova Times\" \/>\n<meta property=\"og:description\" content=\"Akademia e Shkencave dhe e Arteve e Kosov\u00ebs (ASHAK) ka reaguar pas lajmit p\u00ebr ndarjen nga jeta n\u00eb mosh\u00ebn 89 vje\u00e7are t\u00eb akademikut, studiuesit dhe shkrimtarit t\u00eb njohur Rexhep Qosja, an\u00ebtar i k\u00ebsaj akademie dhe an\u00ebtar nderi i Akademis\u00eb s\u00eb Shkencave t\u00eb Shqip\u00ebris\u00eb. ASHAK u shpreh ngush\u00ebllime familjar\u00ebve, derisa ka b\u00ebr\u00eb t\u00eb ditur se lajmin [&hellip;]\" \/>\n<meta property=\"og:url\" content=\"https:\/\/kosovatimes.info\/index.php\/2026\/04\/23\/ashak-rexhep-qosja-personalitet-i-jashtezakonshem-i-kultures-shqiptare\/\" \/>\n<meta property=\"og:site_name\" content=\"Kosova Times\" \/>\n<meta property=\"article:published_time\" content=\"2026-04-23T12:16:00+00:00\" \/>\n<meta property=\"article:modified_time\" content=\"2026-04-23T13:09:26+00:00\" \/>\n<meta property=\"og:image\" content=\"https:\/\/kosovatimes.info\/wp-content\/uploads\/2026\/04\/Qosja-1.jpg\" \/>\n\t<meta property=\"og:image:width\" content=\"780\" \/>\n\t<meta property=\"og:image:height\" content=\"500\" \/>\n\t<meta property=\"og:image:type\" content=\"image\/jpeg\" \/>\n<meta name=\"author\" content=\"i l\" \/>\n<meta name=\"twitter:card\" content=\"summary_large_image\" \/>\n<meta name=\"twitter:label1\" content=\"Written by\" \/>\n\t<meta name=\"twitter:data1\" content=\"i l\" \/>\n\t<meta name=\"twitter:label2\" content=\"Est. reading time\" \/>\n\t<meta name=\"twitter:data2\" content=\"2 minutes\" \/>\n<script type=\"application\/ld+json\" class=\"yoast-schema-graph\">{\"@context\":\"https:\\\/\\\/schema.org\",\"@graph\":[{\"@type\":\"Article\",\"@id\":\"https:\\\/\\\/kosovatimes.info\\\/index.php\\\/2026\\\/04\\\/23\\\/ashak-rexhep-qosja-personalitet-i-jashtezakonshem-i-kultures-shqiptare\\\/#article\",\"isPartOf\":{\"@id\":\"https:\\\/\\\/kosovatimes.info\\\/index.php\\\/2026\\\/04\\\/23\\\/ashak-rexhep-qosja-personalitet-i-jashtezakonshem-i-kultures-shqiptare\\\/\"},\"author\":{\"name\":\"i l\",\"@id\":\"https:\\\/\\\/kosovatimes.info\\\/#\\\/schema\\\/person\\\/7586712b9c512fe68085de007378c915\"},\"headline\":\"ASHAK: Rexhep Qosja, personalitet i jasht\u00ebzakonsh\u00ebm i kultur\u00ebs shqiptare\",\"datePublished\":\"2026-04-23T12:16:00+00:00\",\"dateModified\":\"2026-04-23T13:09:26+00:00\",\"mainEntityOfPage\":{\"@id\":\"https:\\\/\\\/kosovatimes.info\\\/index.php\\\/2026\\\/04\\\/23\\\/ashak-rexhep-qosja-personalitet-i-jashtezakonshem-i-kultures-shqiptare\\\/\"},\"wordCount\":459,\"commentCount\":0,\"image\":{\"@id\":\"https:\\\/\\\/kosovatimes.info\\\/index.php\\\/2026\\\/04\\\/23\\\/ashak-rexhep-qosja-personalitet-i-jashtezakonshem-i-kultures-shqiptare\\\/#primaryimage\"},\"thumbnailUrl\":\"https:\\\/\\\/kosovatimes.info\\\/wp-content\\\/uploads\\\/2026\\\/04\\\/Qosja-1.jpg\",\"articleSection\":[\"Kosov\u00eb\",\"Lajme\"],\"inLanguage\":\"en-US\",\"potentialAction\":[{\"@type\":\"CommentAction\",\"name\":\"Comment\",\"target\":[\"https:\\\/\\\/kosovatimes.info\\\/index.php\\\/2026\\\/04\\\/23\\\/ashak-rexhep-qosja-personalitet-i-jashtezakonshem-i-kultures-shqiptare\\\/#respond\"]}]},{\"@type\":\"WebPage\",\"@id\":\"https:\\\/\\\/kosovatimes.info\\\/index.php\\\/2026\\\/04\\\/23\\\/ashak-rexhep-qosja-personalitet-i-jashtezakonshem-i-kultures-shqiptare\\\/\",\"url\":\"https:\\\/\\\/kosovatimes.info\\\/index.php\\\/2026\\\/04\\\/23\\\/ashak-rexhep-qosja-personalitet-i-jashtezakonshem-i-kultures-shqiptare\\\/\",\"name\":\"ASHAK: Rexhep Qosja, personalitet i jasht\u00ebzakonsh\u00ebm i kultur\u00ebs shqiptare - Kosova Times\",\"isPartOf\":{\"@id\":\"https:\\\/\\\/kosovatimes.info\\\/#website\"},\"primaryImageOfPage\":{\"@id\":\"https:\\\/\\\/kosovatimes.info\\\/index.php\\\/2026\\\/04\\\/23\\\/ashak-rexhep-qosja-personalitet-i-jashtezakonshem-i-kultures-shqiptare\\\/#primaryimage\"},\"image\":{\"@id\":\"https:\\\/\\\/kosovatimes.info\\\/index.php\\\/2026\\\/04\\\/23\\\/ashak-rexhep-qosja-personalitet-i-jashtezakonshem-i-kultures-shqiptare\\\/#primaryimage\"},\"thumbnailUrl\":\"https:\\\/\\\/kosovatimes.info\\\/wp-content\\\/uploads\\\/2026\\\/04\\\/Qosja-1.jpg\",\"datePublished\":\"2026-04-23T12:16:00+00:00\",\"dateModified\":\"2026-04-23T13:09:26+00:00\",\"author\":{\"@id\":\"https:\\\/\\\/kosovatimes.info\\\/#\\\/schema\\\/person\\\/7586712b9c512fe68085de007378c915\"},\"breadcrumb\":{\"@id\":\"https:\\\/\\\/kosovatimes.info\\\/index.php\\\/2026\\\/04\\\/23\\\/ashak-rexhep-qosja-personalitet-i-jashtezakonshem-i-kultures-shqiptare\\\/#breadcrumb\"},\"inLanguage\":\"en-US\",\"potentialAction\":[{\"@type\":\"ReadAction\",\"target\":[\"https:\\\/\\\/kosovatimes.info\\\/index.php\\\/2026\\\/04\\\/23\\\/ashak-rexhep-qosja-personalitet-i-jashtezakonshem-i-kultures-shqiptare\\\/\"]}]},{\"@type\":\"ImageObject\",\"inLanguage\":\"en-US\",\"@id\":\"https:\\\/\\\/kosovatimes.info\\\/index.php\\\/2026\\\/04\\\/23\\\/ashak-rexhep-qosja-personalitet-i-jashtezakonshem-i-kultures-shqiptare\\\/#primaryimage\",\"url\":\"https:\\\/\\\/kosovatimes.info\\\/wp-content\\\/uploads\\\/2026\\\/04\\\/Qosja-1.jpg\",\"contentUrl\":\"https:\\\/\\\/kosovatimes.info\\\/wp-content\\\/uploads\\\/2026\\\/04\\\/Qosja-1.jpg\",\"width\":780,\"height\":500},{\"@type\":\"BreadcrumbList\",\"@id\":\"https:\\\/\\\/kosovatimes.info\\\/index.php\\\/2026\\\/04\\\/23\\\/ashak-rexhep-qosja-personalitet-i-jashtezakonshem-i-kultures-shqiptare\\\/#breadcrumb\",\"itemListElement\":[{\"@type\":\"ListItem\",\"position\":1,\"name\":\"Home\",\"item\":\"https:\\\/\\\/kosovatimes.info\\\/\"},{\"@type\":\"ListItem\",\"position\":2,\"name\":\"ASHAK: Rexhep Qosja, personalitet i jasht\u00ebzakonsh\u00ebm i kultur\u00ebs shqiptare\"}]},{\"@type\":\"WebSite\",\"@id\":\"https:\\\/\\\/kosovatimes.info\\\/#website\",\"url\":\"https:\\\/\\\/kosovatimes.info\\\/\",\"name\":\"Kosova Times\",\"description\":\"\",\"potentialAction\":[{\"@type\":\"SearchAction\",\"target\":{\"@type\":\"EntryPoint\",\"urlTemplate\":\"https:\\\/\\\/kosovatimes.info\\\/?s={search_term_string}\"},\"query-input\":{\"@type\":\"PropertyValueSpecification\",\"valueRequired\":true,\"valueName\":\"search_term_string\"}}],\"inLanguage\":\"en-US\"},{\"@type\":\"Person\",\"@id\":\"https:\\\/\\\/kosovatimes.info\\\/#\\\/schema\\\/person\\\/7586712b9c512fe68085de007378c915\",\"name\":\"i l\",\"image\":{\"@type\":\"ImageObject\",\"inLanguage\":\"en-US\",\"@id\":\"https:\\\/\\\/secure.gravatar.com\\\/avatar\\\/bad9296e02816160ae2e2435beda58222022298d5625d49fea74d18816fbb31d?s=96&d=mm&r=g\",\"url\":\"https:\\\/\\\/secure.gravatar.com\\\/avatar\\\/bad9296e02816160ae2e2435beda58222022298d5625d49fea74d18816fbb31d?s=96&d=mm&r=g\",\"contentUrl\":\"https:\\\/\\\/secure.gravatar.com\\\/avatar\\\/bad9296e02816160ae2e2435beda58222022298d5625d49fea74d18816fbb31d?s=96&d=mm&r=g\",\"caption\":\"i l\"},\"url\":\"https:\\\/\\\/kosovatimes.info\\\/index.php\\\/author\\\/iliri\\\/\"}]}<\/script>\n<!-- \/ Yoast SEO plugin. -->","yoast_head_json":{"title":"ASHAK: Rexhep Qosja, personalitet i jasht\u00ebzakonsh\u00ebm i kultur\u00ebs shqiptare - Kosova Times","robots":{"index":"index","follow":"follow","max-snippet":"max-snippet:-1","max-image-preview":"max-image-preview:large","max-video-preview":"max-video-preview:-1"},"canonical":"https:\/\/kosovatimes.info\/index.php\/2026\/04\/23\/ashak-rexhep-qosja-personalitet-i-jashtezakonshem-i-kultures-shqiptare\/","og_locale":"en_US","og_type":"article","og_title":"ASHAK: Rexhep Qosja, personalitet i jasht\u00ebzakonsh\u00ebm i kultur\u00ebs shqiptare - Kosova Times","og_description":"Akademia e Shkencave dhe e Arteve e Kosov\u00ebs (ASHAK) ka reaguar pas lajmit p\u00ebr ndarjen nga jeta n\u00eb mosh\u00ebn 89 vje\u00e7are t\u00eb akademikut, studiuesit dhe shkrimtarit t\u00eb njohur Rexhep Qosja, an\u00ebtar i k\u00ebsaj akademie dhe an\u00ebtar nderi i Akademis\u00eb s\u00eb Shkencave t\u00eb Shqip\u00ebris\u00eb. ASHAK u shpreh ngush\u00ebllime familjar\u00ebve, derisa ka b\u00ebr\u00eb t\u00eb ditur se lajmin [&hellip;]","og_url":"https:\/\/kosovatimes.info\/index.php\/2026\/04\/23\/ashak-rexhep-qosja-personalitet-i-jashtezakonshem-i-kultures-shqiptare\/","og_site_name":"Kosova Times","article_published_time":"2026-04-23T12:16:00+00:00","article_modified_time":"2026-04-23T13:09:26+00:00","og_image":[{"width":780,"height":500,"url":"https:\/\/kosovatimes.info\/wp-content\/uploads\/2026\/04\/Qosja-1.jpg","type":"image\/jpeg"}],"author":"i l","twitter_card":"summary_large_image","twitter_misc":{"Written by":"i l","Est. reading time":"2 minutes"},"schema":{"@context":"https:\/\/schema.org","@graph":[{"@type":"Article","@id":"https:\/\/kosovatimes.info\/index.php\/2026\/04\/23\/ashak-rexhep-qosja-personalitet-i-jashtezakonshem-i-kultures-shqiptare\/#article","isPartOf":{"@id":"https:\/\/kosovatimes.info\/index.php\/2026\/04\/23\/ashak-rexhep-qosja-personalitet-i-jashtezakonshem-i-kultures-shqiptare\/"},"author":{"name":"i l","@id":"https:\/\/kosovatimes.info\/#\/schema\/person\/7586712b9c512fe68085de007378c915"},"headline":"ASHAK: Rexhep Qosja, personalitet i jasht\u00ebzakonsh\u00ebm i kultur\u00ebs shqiptare","datePublished":"2026-04-23T12:16:00+00:00","dateModified":"2026-04-23T13:09:26+00:00","mainEntityOfPage":{"@id":"https:\/\/kosovatimes.info\/index.php\/2026\/04\/23\/ashak-rexhep-qosja-personalitet-i-jashtezakonshem-i-kultures-shqiptare\/"},"wordCount":459,"commentCount":0,"image":{"@id":"https:\/\/kosovatimes.info\/index.php\/2026\/04\/23\/ashak-rexhep-qosja-personalitet-i-jashtezakonshem-i-kultures-shqiptare\/#primaryimage"},"thumbnailUrl":"https:\/\/kosovatimes.info\/wp-content\/uploads\/2026\/04\/Qosja-1.jpg","articleSection":["Kosov\u00eb","Lajme"],"inLanguage":"en-US","potentialAction":[{"@type":"CommentAction","name":"Comment","target":["https:\/\/kosovatimes.info\/index.php\/2026\/04\/23\/ashak-rexhep-qosja-personalitet-i-jashtezakonshem-i-kultures-shqiptare\/#respond"]}]},{"@type":"WebPage","@id":"https:\/\/kosovatimes.info\/index.php\/2026\/04\/23\/ashak-rexhep-qosja-personalitet-i-jashtezakonshem-i-kultures-shqiptare\/","url":"https:\/\/kosovatimes.info\/index.php\/2026\/04\/23\/ashak-rexhep-qosja-personalitet-i-jashtezakonshem-i-kultures-shqiptare\/","name":"ASHAK: Rexhep Qosja, personalitet i jasht\u00ebzakonsh\u00ebm i kultur\u00ebs shqiptare - Kosova Times","isPartOf":{"@id":"https:\/\/kosovatimes.info\/#website"},"primaryImageOfPage":{"@id":"https:\/\/kosovatimes.info\/index.php\/2026\/04\/23\/ashak-rexhep-qosja-personalitet-i-jashtezakonshem-i-kultures-shqiptare\/#primaryimage"},"image":{"@id":"https:\/\/kosovatimes.info\/index.php\/2026\/04\/23\/ashak-rexhep-qosja-personalitet-i-jashtezakonshem-i-kultures-shqiptare\/#primaryimage"},"thumbnailUrl":"https:\/\/kosovatimes.info\/wp-content\/uploads\/2026\/04\/Qosja-1.jpg","datePublished":"2026-04-23T12:16:00+00:00","dateModified":"2026-04-23T13:09:26+00:00","author":{"@id":"https:\/\/kosovatimes.info\/#\/schema\/person\/7586712b9c512fe68085de007378c915"},"breadcrumb":{"@id":"https:\/\/kosovatimes.info\/index.php\/2026\/04\/23\/ashak-rexhep-qosja-personalitet-i-jashtezakonshem-i-kultures-shqiptare\/#breadcrumb"},"inLanguage":"en-US","potentialAction":[{"@type":"ReadAction","target":["https:\/\/kosovatimes.info\/index.php\/2026\/04\/23\/ashak-rexhep-qosja-personalitet-i-jashtezakonshem-i-kultures-shqiptare\/"]}]},{"@type":"ImageObject","inLanguage":"en-US","@id":"https:\/\/kosovatimes.info\/index.php\/2026\/04\/23\/ashak-rexhep-qosja-personalitet-i-jashtezakonshem-i-kultures-shqiptare\/#primaryimage","url":"https:\/\/kosovatimes.info\/wp-content\/uploads\/2026\/04\/Qosja-1.jpg","contentUrl":"https:\/\/kosovatimes.info\/wp-content\/uploads\/2026\/04\/Qosja-1.jpg","width":780,"height":500},{"@type":"BreadcrumbList","@id":"https:\/\/kosovatimes.info\/index.php\/2026\/04\/23\/ashak-rexhep-qosja-personalitet-i-jashtezakonshem-i-kultures-shqiptare\/#breadcrumb","itemListElement":[{"@type":"ListItem","position":1,"name":"Home","item":"https:\/\/kosovatimes.info\/"},{"@type":"ListItem","position":2,"name":"ASHAK: Rexhep Qosja, personalitet i jasht\u00ebzakonsh\u00ebm i kultur\u00ebs shqiptare"}]},{"@type":"WebSite","@id":"https:\/\/kosovatimes.info\/#website","url":"https:\/\/kosovatimes.info\/","name":"Kosova Times","description":"","potentialAction":[{"@type":"SearchAction","target":{"@type":"EntryPoint","urlTemplate":"https:\/\/kosovatimes.info\/?s={search_term_string}"},"query-input":{"@type":"PropertyValueSpecification","valueRequired":true,"valueName":"search_term_string"}}],"inLanguage":"en-US"},{"@type":"Person","@id":"https:\/\/kosovatimes.info\/#\/schema\/person\/7586712b9c512fe68085de007378c915","name":"i l","image":{"@type":"ImageObject","inLanguage":"en-US","@id":"https:\/\/secure.gravatar.com\/avatar\/bad9296e02816160ae2e2435beda58222022298d5625d49fea74d18816fbb31d?s=96&d=mm&r=g","url":"https:\/\/secure.gravatar.com\/avatar\/bad9296e02816160ae2e2435beda58222022298d5625d49fea74d18816fbb31d?s=96&d=mm&r=g","contentUrl":"https:\/\/secure.gravatar.com\/avatar\/bad9296e02816160ae2e2435beda58222022298d5625d49fea74d18816fbb31d?s=96&d=mm&r=g","caption":"i l"},"url":"https:\/\/kosovatimes.info\/index.php\/author\/iliri\/"}]}},"_links":{"self":[{"href":"https:\/\/kosovatimes.info\/index.php\/wp-json\/wp\/v2\/posts\/11416","targetHints":{"allow":["GET"]}}],"collection":[{"href":"https:\/\/kosovatimes.info\/index.php\/wp-json\/wp\/v2\/posts"}],"about":[{"href":"https:\/\/kosovatimes.info\/index.php\/wp-json\/wp\/v2\/types\/post"}],"author":[{"embeddable":true,"href":"https:\/\/kosovatimes.info\/index.php\/wp-json\/wp\/v2\/users\/4"}],"replies":[{"embeddable":true,"href":"https:\/\/kosovatimes.info\/index.php\/wp-json\/wp\/v2\/comments?post=11416"}],"version-history":[{"count":1,"href":"https:\/\/kosovatimes.info\/index.php\/wp-json\/wp\/v2\/posts\/11416\/revisions"}],"predecessor-version":[{"id":11418,"href":"https:\/\/kosovatimes.info\/index.php\/wp-json\/wp\/v2\/posts\/11416\/revisions\/11418"}],"wp:featuredmedia":[{"embeddable":true,"href":"https:\/\/kosovatimes.info\/index.php\/wp-json\/wp\/v2\/media\/11417"}],"wp:attachment":[{"href":"https:\/\/kosovatimes.info\/index.php\/wp-json\/wp\/v2\/media?parent=11416"}],"wp:term":[{"taxonomy":"category","embeddable":true,"href":"https:\/\/kosovatimes.info\/index.php\/wp-json\/wp\/v2\/categories?post=11416"},{"taxonomy":"post_tag","embeddable":true,"href":"https:\/\/kosovatimes.info\/index.php\/wp-json\/wp\/v2\/tags?post=11416"}],"curies":[{"name":"wp","href":"https:\/\/api.w.org\/{rel}","templated":true}]}}