{"id":11568,"date":"2026-04-24T16:09:00","date_gmt":"2026-04-24T14:09:00","guid":{"rendered":"https:\/\/kosovatimes.info\/?p=11568"},"modified":"2026-04-24T23:01:22","modified_gmt":"2026-04-24T21:01:22","slug":"kuvendi-i-kosoves-zgjedh-anetaret-e-bordit-te-rtk-se","status":"publish","type":"post","link":"https:\/\/kosovatimes.info\/index.php\/2026\/04\/24\/kuvendi-i-kosoves-zgjedh-anetaret-e-bordit-te-rtk-se\/","title":{"rendered":"Kuvendi i Kosov\u00ebs zgjedh an\u00ebtar\u00ebt e Bordit t\u00eb RTK-s\u00eb"},"content":{"rendered":"\n<p><strong>Valmir\u00eb Tha\u00e7i, Flokart Aliu, G\u00ebzim Brahaj, Xheraldina C\u00ebrnobregu, Fatmir Podrimaj dhe Ilirjan Himaj jan\u00eb an\u00ebtar\u00ebt e Bordit t\u00eb ri t\u00eb Radiotelevizionit t\u00eb Kosov\u00ebs, t\u00eb zgjedhur nga Kuvendi i Kosov\u00ebs.<\/strong><\/p>\n\n\n\n<p>Gjat\u00eb procesit t\u00eb votimit ishin t\u00eb pranish\u00ebm 105 deputet\u00eb, teksa 3 flet\u00ebvotime ishin t\u00eb pavlefshme.<\/p>\n\n\n\n<p>Deputetja Albana Bytyqi lexoi&nbsp;<strong>rezultatet si m\u00eb posht\u00eb:<\/strong><\/p>\n\n\n\n<p><em>Valmir\u00eb Tha\u00e7i&nbsp; &#8211; 69 vota<\/em><\/p>\n\n\n\n<p><em>Flokart Aliu \u2013 58 vota<\/em><\/p>\n\n\n\n<p><em>G\u00ebzim Brahaj \u2013 56 vota<\/em><\/p>\n\n\n\n<p><em>Faton Mustafa \u2013 16 vota<\/em><\/p>\n\n\n\n<p><em>Xheraldina C\u00ebrnobregu \u2013 60 vota<\/em><\/p>\n\n\n\n<p><em>Anita To\u00e7i \u2013 33 vota<\/em><\/p>\n\n\n\n<p><em>Lulzim Beqiri \u2013 31 vota<\/em><\/p>\n\n\n\n<p><em>Fatmir Podrimaj \u2013 53 vota<\/em><\/p>\n\n\n\n<p><em>Ilirjan Himaj \u2013 56 vota<\/em><\/p>\n\n\n\n<p><em>Avni Zuka \u2013 3 vota<\/em><\/p>\n\n\n\n<p><em>Adriana Sejda \u2013 36 vota<\/em><\/p>\n\n\n\n<p><em>Arta Jashari \u2013 13 vota<\/em><\/p>\n\n\n\n<p>Nd\u00ebrkaq p\u00ebr an\u00ebtar\u00ebt nga komunitet\u00ebt serb dhe komunitetet jo shumic\u00eb, nuk ka kandidat\u00eb q\u00eb kan\u00eb arritur t\u00eb marrin votat e mjaftueshme. Si pasoj\u00eb do t\u00eb rishpallet konkurs p\u00ebr ta.<\/p>\n\n\n\n<p>\u201cKujtojm\u00eb se mandati i an\u00ebtar\u00ebve t\u00eb Bordit t\u00eb RTK-s\u00eb b\u00ebhet me short sipas nenit 26, paragraf\u00ebt 3 dhe 5, ligjit Nr. 04 L \u2013 046 p\u00ebr RTK\u201d, tha n\u00ebnkryetari Ardian Gola.<\/p>\n\n\n\n<p><strong>N\u00eb Kuvend po zhvillohet votimi p\u00ebr an\u00ebtar\u00eb t\u00eb Bordit t\u00eb RTK-s\u00eb<\/strong><\/p>\n\n\n\n<p>N\u00eb Kuvendin e Kosov\u00ebs ka nisur procesi i votimit t\u00eb fsheht\u00eb p\u00ebr tet\u00eb an\u00ebtar\u00eb t\u00eb Bordit t\u00eb Radiotelevizionit t\u00eb Kosov\u00ebs, gjasht\u00eb shqiptar\u00eb, nj\u00eb nga radh\u00ebt e komunitetit serb dhe nj\u00eb nga komunitetet e tjera jo shumic\u00eb.<\/p>\n\n\n\n<p>Kryetarja e Komisionit ad-hoc p\u00ebr p\u00ebrzgjedhjen e kandidat\u00ebve p\u00ebr an\u00ebtar\u00ebt e Bordit t\u00eb RTK-s\u00eb, Arb\u00ebrie Nagavci tha se p\u00ebr gjasht\u00eb pozita p\u00ebr an\u00ebtar\u00eb t\u00eb Bordit t\u00eb RTK-s\u00eb, nga komuniteti shqiptar, n\u00eb gar\u00eb jan\u00eb 12 kandidat\u00eb.<\/p>\n\n\n\n<p>Ajo tha se pas zhvillimit t\u00eb intervistave fillimisht kan\u00eb qen\u00eb t\u00eb propozuara edhe dy an\u00ebtare t\u00eb tjera p\u00ebr Bordin e RTK-s\u00eb, por nd\u00ebrkoh\u00eb kishin pranuar informacione se dy kandidatet q\u00eb ishin t\u00eb p\u00ebrzgjedhura nga radh\u00ebt e komunitetit shqiptar, Arb\u00ebrore Riza dhe Njomza Beqiri-Novosella, binin ndesh me ligjin p\u00ebr RTK-n\u00eb dhe t\u00eb nj\u00ebjtat nuk kan\u00eb mundur t\u00eb procedohen p\u00ebr em\u00ebrim nga Kuvendi i Kosov\u00ebs.<\/p>\n\n\n\n<p>Ato, tha Nagavci, jan\u00eb z\u00ebvend\u00ebsuar me kandidat\u00ebt t\u00eb cil\u00ebt jan\u00eb n\u00eb radh\u00eb sipas poen\u00ebve t\u00eb vler\u00ebsuar nga komisioni.<\/p>\n\n\n\n<p>Nagavci tregoi se Kuvendi ka pranuar aplikacionet e 75 kandidat\u00ebve, prej tyre 67 kandidat\u00eb shqiptar\u00eb, tre nga radh\u00ebt e komunitetit serb dhe pes\u00eb nga radh\u00ebt e komuniteteve t\u00eb tjera jo shumic\u00eb.<\/p>\n\n\n\n<p>\u201cPas shqyrtimit t\u00eb aplikacioneve jan\u00eb intervistuar 62 kandidat\u00eb, p\u00ebr arsye se disa nga kandidat\u00ebt kan\u00eb qen\u00eb n\u00eb kund\u00ebrshtim me nenin 27 t\u00eb Ligjit p\u00ebr RTK-n\u00eb, dy kandidat\u00eb jan\u00eb t\u00ebrhequr nga kandidatura, disa kandidat\u00eb nuk i kan\u00eb plot\u00ebsuar kushtet e konkursit, dhe gjasht\u00eb kandidat\u00eb nuk kan\u00eb marr\u00eb pjes\u00eb n\u00eb intervistim\u201d, shpjegoi Nagavci.<\/p>\n\n\n\n<p>P\u00ebr procesin kan\u00eb drejtuar kritika partit\u00eb opozitare.<\/p>\n\n\n\n<p>Ganimete Musliu nga Partia Demokratike e Kosov\u00ebs tha se ky proces, sikurse t\u00eb gjitha proceset tjera, sipas saj, q\u00eb po ndodhin brenda k\u00ebtyre dy jav\u00ebve, jan\u00eb t\u00eb l\u00ebnduara dhe jan\u00eb keq t\u00eb menaxhuara.<\/p>\n\n\n\n<p>\u201cUn\u00eb kam ngritur shqet\u00ebsimet e mia edhe gjat\u00eb procesit, q\u00eb nga dita kur \u00ebsht\u00eb b\u00ebr\u00eb themelimi i komisioneve ad-hoc e deri sot kur kemi p\u00ebr t\u2019i votuar personat kinse t\u00eb p\u00ebrzgjedhur\u201d, tha ajo.<\/p>\n\n\n\n<p>Musliu deklaroi se 75 kandidat\u00eb t\u00eb intervistohen p\u00ebr dy dit\u00eb ka qen\u00eb pak koh\u00eb, duke shtuar se kan\u00eb punuar deri n\u00eb or\u00ebn 24:00 t\u00eb nat\u00ebs. \u201cDhe ju e dini \u00e7far\u00eb efikasiteti mund t\u00eb ket\u00eb kur punohet deri n\u00eb at\u00eb koh\u00eb. Kur them kemi punuar deri n\u00eb 24:00 t\u00eb nat\u00ebs \u00ebsht\u00eb fjala q\u00eb kemi punuar nga ora 09:00 deri n\u00eb 24:00, pa asnj\u00eb shk\u00ebputje, p\u00ebrve\u00e7 q\u00eb kemi pasur nj\u00eb or\u00eb pauz\u00eb dreke\u201d.<\/p>\n\n\n\n<p>Ajo n\u00eb em\u00ebr t\u00eb PDK-s\u00eb tha se ata do t\u00eb marrin pjes\u00eb n\u00eb procesin e votimit, nj\u00ebjt\u00eb si\u00e7 u deklaruan edhe nga LDK-ja.<\/p>\n\n\n\n<p>\u201cP\u00ebr t\u00eb mos u p\u00ebrs\u00ebritur ajo \u00e7ka ka ndodhur n\u00eb t\u00eb kaluar\u00ebn dhe p\u00ebr t\u00eb pasur nj\u00eb televizion publik q\u00eb e ka n\u00eb misionin e tij themeltar informimin e drejt\u00eb publik, t\u00eb paansh\u00ebm, t\u00eb pandikuar nga politika, \u00ebsht\u00eb shum\u00eb esenciale dhe shum\u00eb p\u00ebrmbajt\u00ebsore q\u00eb t\u00eb kemi edhe an\u00ebtar\u00eb t\u00eb bordit q\u00eb jan\u00eb t\u00eb pavarur dhe t\u00eb cil\u00ebt i kryejn\u00eb detyrat sipas ligjit dhe nuk lejojn\u00eb nd\u00ebrhyrje qoft\u00eb n\u00eb pjes\u00ebn menaxheriale, por edhe editoriale apo edhe politike t\u00eb k\u00ebtij mediumi publik\u201d, tha Zemaj.<\/p>\n\n\n\n<p>Ai tha se krejt \u00e7ka kan\u00eb k\u00ebrkuar n\u00eb k\u00ebt\u00eb proces ka qen\u00eb transparenc\u00eb dhe koh\u00eb n\u00eb shqyrtimin e aplikacioneve.<\/p>\n\n\n\n<p>Time Kadrijaj e AAK-s\u00eb tha se po b\u00ebhet nj\u00eb proces \u2018shkel e shko\u2019.<\/p>\n\n\n\n<p>\u201cUn\u00eb mendoj q\u00eb procesi i intervistimit \u00ebsht\u00eb dashur t\u00eb zhvillohet n\u00eb at\u00eb form\u00eb q\u00eb t\u00eb kalojn\u00eb ata q\u00eb jan\u00eb m\u00eb t\u00eb mir\u00ebt dhe jo disa njer\u00ebz t\u00eb vijn\u00eb t\u00eb relaksuar n\u00ebp\u00ebr intervista p\u00ebr shkak se i p\u00ebrkasin partis\u00eb n\u00eb pushtet dhe e kan\u00eb ditur me patjet\u00ebr se do t\u00eb zgjidhen\u201d, deklaroi ajo.<\/p>\n\n\n\n<p>Arb\u00ebrie Nagavci, q\u00eb mori s\u00ebrish fjal\u00ebn, ka fal\u00ebnderuar deputet\u00ebt q\u00eb si an\u00ebtar\u00eb komisioni, tha se kan\u00eb b\u00ebr\u00eb pun\u00eb me p\u00ebrkushtim dhe me intensitet t\u00eb shtuar.<\/p>\n\n\n\n<p>Ajo tha se sa i p\u00ebrket gjith\u00eb procesit, ka qen\u00eb legjitim dhe transparent dhe nuk ka asnj\u00eb shkelje, e angazhimi i tyre ka qen\u00eb p\u00ebr shkak t\u00eb domosdoshm\u00ebris\u00eb s\u00eb funksionalizimit t\u00eb Bordit t\u00eb RTK-s\u00eb.<\/p>\n\n\n\n<p>\u201cSot q\u00eb po flasim, ky institucion ka dy vite e m\u00eb shum\u00eb q\u00eb \u00ebsht\u00eb pa bord funksional dhe p\u00ebrve\u00e7 k\u00ebsaj, ka edhe shum\u00eb pozita q\u00eb jan\u00eb me ushtrues detyre dhe detyra jon\u00eb si deputet\u00eb \u00ebsht\u00eb q\u00eb t\u00eb b\u00ebjm\u00eb maksimumin dhe t\u00eb funksionalizojm\u00eb bordin. Un\u00eb konfirmoj edhe nj\u00ebher\u00eb q\u00eb procesi ka qen\u00eb i hapur, plot\u00ebsisht legjitim. Uroj q\u00eb RTK t\u00eb ket\u00eb bord profesional dhe funksional\u201d, tha ajo.<\/p>\n\n\n\n<p>Nd\u00ebrkoh\u00eb, paraprakisht, Kuvendi i Kosov\u00ebs ka zgjedhur an\u00ebtar\u00ebt e K\u00ebshillit Gjyq\u00ebsor t\u00eb Kosov\u00ebs n\u00eb seanc\u00ebn plenare q\u00eb po vazhdon ende.<\/p>\n\n\n\n<p>Me 95 vota \u00ebsht\u00eb zgjedhur Bashkim Hyseni, nd\u00ebrsa Ivana Milenkovi\u0107 ka marr\u00eb 87 vota.<\/p>\n\n\n\n<p>P\u00ebr an\u00ebtarin e tret\u00eb do t\u00eb shpallet s\u00ebrish konkurs.<\/p>\n\n\n\n<p><\/p>\n","protected":false},"excerpt":{"rendered":"<p>Valmir\u00eb Tha\u00e7i, Flokart Aliu, G\u00ebzim Brahaj, Xheraldina C\u00ebrnobregu, Fatmir Podrimaj dhe Ilirjan Himaj jan\u00eb an\u00ebtar\u00ebt e Bordit t\u00eb ri t\u00eb Radiotelevizionit t\u00eb Kosov\u00ebs, t\u00eb zgjedhur nga Kuvendi i Kosov\u00ebs. Gjat\u00eb procesit t\u00eb votimit ishin t\u00eb pranish\u00ebm 105 deputet\u00eb, teksa 3 flet\u00ebvotime ishin t\u00eb pavlefshme. Deputetja Albana Bytyqi lexoi&nbsp;rezultatet si m\u00eb posht\u00eb: Valmir\u00eb Tha\u00e7i&nbsp; &#8211; 69 [&hellip;]<\/p>\n","protected":false},"author":4,"featured_media":10329,"comment_status":"open","ping_status":"open","sticky":false,"template":"","format":"standard","meta":{"footnotes":""},"categories":[31,30],"tags":[],"class_list":{"0":"post-11568","1":"post","2":"type-post","3":"status-publish","4":"format-standard","5":"has-post-thumbnail","7":"category-kosove","8":"category-lajme"},"yoast_head":"<!-- This site is optimized with the Yoast SEO plugin v27.4 - https:\/\/yoast.com\/product\/yoast-seo-wordpress\/ -->\n<title>Kuvendi i Kosov\u00ebs zgjedh an\u00ebtar\u00ebt e Bordit t\u00eb RTK-s\u00eb - Kosova Times<\/title>\n<meta name=\"robots\" content=\"index, follow, max-snippet:-1, max-image-preview:large, max-video-preview:-1\" \/>\n<link rel=\"canonical\" href=\"https:\/\/kosovatimes.info\/index.php\/2026\/04\/24\/kuvendi-i-kosoves-zgjedh-anetaret-e-bordit-te-rtk-se\/\" \/>\n<meta property=\"og:locale\" content=\"en_US\" \/>\n<meta property=\"og:type\" content=\"article\" \/>\n<meta property=\"og:title\" content=\"Kuvendi i Kosov\u00ebs zgjedh an\u00ebtar\u00ebt e Bordit t\u00eb RTK-s\u00eb - Kosova Times\" \/>\n<meta property=\"og:description\" content=\"Valmir\u00eb Tha\u00e7i, Flokart Aliu, G\u00ebzim Brahaj, Xheraldina C\u00ebrnobregu, Fatmir Podrimaj dhe Ilirjan Himaj jan\u00eb an\u00ebtar\u00ebt e Bordit t\u00eb ri t\u00eb Radiotelevizionit t\u00eb Kosov\u00ebs, t\u00eb zgjedhur nga Kuvendi i Kosov\u00ebs. Gjat\u00eb procesit t\u00eb votimit ishin t\u00eb pranish\u00ebm 105 deputet\u00eb, teksa 3 flet\u00ebvotime ishin t\u00eb pavlefshme. Deputetja Albana Bytyqi lexoi&nbsp;rezultatet si m\u00eb posht\u00eb: Valmir\u00eb Tha\u00e7i&nbsp; &#8211; 69 [&hellip;]\" \/>\n<meta property=\"og:url\" content=\"https:\/\/kosovatimes.info\/index.php\/2026\/04\/24\/kuvendi-i-kosoves-zgjedh-anetaret-e-bordit-te-rtk-se\/\" \/>\n<meta property=\"og:site_name\" content=\"Kosova Times\" \/>\n<meta property=\"article:published_time\" content=\"2026-04-24T14:09:00+00:00\" \/>\n<meta property=\"article:modified_time\" content=\"2026-04-24T21:01:22+00:00\" \/>\n<meta property=\"og:image\" content=\"https:\/\/kosovatimes.info\/wp-content\/uploads\/2026\/04\/KUVENDI-8.jpg\" \/>\n\t<meta property=\"og:image:width\" content=\"780\" \/>\n\t<meta property=\"og:image:height\" content=\"500\" \/>\n\t<meta property=\"og:image:type\" content=\"image\/jpeg\" \/>\n<meta name=\"author\" content=\"i l\" \/>\n<meta name=\"twitter:card\" content=\"summary_large_image\" \/>\n<meta name=\"twitter:label1\" content=\"Written by\" \/>\n\t<meta name=\"twitter:data1\" content=\"i l\" \/>\n\t<meta name=\"twitter:label2\" content=\"Est. reading time\" \/>\n\t<meta name=\"twitter:data2\" content=\"5 minutes\" \/>\n<script type=\"application\/ld+json\" class=\"yoast-schema-graph\">{\"@context\":\"https:\\\/\\\/schema.org\",\"@graph\":[{\"@type\":\"Article\",\"@id\":\"https:\\\/\\\/kosovatimes.info\\\/index.php\\\/2026\\\/04\\\/24\\\/kuvendi-i-kosoves-zgjedh-anetaret-e-bordit-te-rtk-se\\\/#article\",\"isPartOf\":{\"@id\":\"https:\\\/\\\/kosovatimes.info\\\/index.php\\\/2026\\\/04\\\/24\\\/kuvendi-i-kosoves-zgjedh-anetaret-e-bordit-te-rtk-se\\\/\"},\"author\":{\"name\":\"i l\",\"@id\":\"https:\\\/\\\/kosovatimes.info\\\/#\\\/schema\\\/person\\\/7586712b9c512fe68085de007378c915\"},\"headline\":\"Kuvendi i Kosov\u00ebs zgjedh an\u00ebtar\u00ebt e Bordit t\u00eb RTK-s\u00eb\",\"datePublished\":\"2026-04-24T14:09:00+00:00\",\"dateModified\":\"2026-04-24T21:01:22+00:00\",\"mainEntityOfPage\":{\"@id\":\"https:\\\/\\\/kosovatimes.info\\\/index.php\\\/2026\\\/04\\\/24\\\/kuvendi-i-kosoves-zgjedh-anetaret-e-bordit-te-rtk-se\\\/\"},\"wordCount\":1026,\"commentCount\":0,\"image\":{\"@id\":\"https:\\\/\\\/kosovatimes.info\\\/index.php\\\/2026\\\/04\\\/24\\\/kuvendi-i-kosoves-zgjedh-anetaret-e-bordit-te-rtk-se\\\/#primaryimage\"},\"thumbnailUrl\":\"https:\\\/\\\/kosovatimes.info\\\/wp-content\\\/uploads\\\/2026\\\/04\\\/KUVENDI-8.jpg\",\"articleSection\":[\"Kosov\u00eb\",\"Lajme\"],\"inLanguage\":\"en-US\",\"potentialAction\":[{\"@type\":\"CommentAction\",\"name\":\"Comment\",\"target\":[\"https:\\\/\\\/kosovatimes.info\\\/index.php\\\/2026\\\/04\\\/24\\\/kuvendi-i-kosoves-zgjedh-anetaret-e-bordit-te-rtk-se\\\/#respond\"]}]},{\"@type\":\"WebPage\",\"@id\":\"https:\\\/\\\/kosovatimes.info\\\/index.php\\\/2026\\\/04\\\/24\\\/kuvendi-i-kosoves-zgjedh-anetaret-e-bordit-te-rtk-se\\\/\",\"url\":\"https:\\\/\\\/kosovatimes.info\\\/index.php\\\/2026\\\/04\\\/24\\\/kuvendi-i-kosoves-zgjedh-anetaret-e-bordit-te-rtk-se\\\/\",\"name\":\"Kuvendi i Kosov\u00ebs zgjedh an\u00ebtar\u00ebt e Bordit t\u00eb RTK-s\u00eb - Kosova Times\",\"isPartOf\":{\"@id\":\"https:\\\/\\\/kosovatimes.info\\\/#website\"},\"primaryImageOfPage\":{\"@id\":\"https:\\\/\\\/kosovatimes.info\\\/index.php\\\/2026\\\/04\\\/24\\\/kuvendi-i-kosoves-zgjedh-anetaret-e-bordit-te-rtk-se\\\/#primaryimage\"},\"image\":{\"@id\":\"https:\\\/\\\/kosovatimes.info\\\/index.php\\\/2026\\\/04\\\/24\\\/kuvendi-i-kosoves-zgjedh-anetaret-e-bordit-te-rtk-se\\\/#primaryimage\"},\"thumbnailUrl\":\"https:\\\/\\\/kosovatimes.info\\\/wp-content\\\/uploads\\\/2026\\\/04\\\/KUVENDI-8.jpg\",\"datePublished\":\"2026-04-24T14:09:00+00:00\",\"dateModified\":\"2026-04-24T21:01:22+00:00\",\"author\":{\"@id\":\"https:\\\/\\\/kosovatimes.info\\\/#\\\/schema\\\/person\\\/7586712b9c512fe68085de007378c915\"},\"breadcrumb\":{\"@id\":\"https:\\\/\\\/kosovatimes.info\\\/index.php\\\/2026\\\/04\\\/24\\\/kuvendi-i-kosoves-zgjedh-anetaret-e-bordit-te-rtk-se\\\/#breadcrumb\"},\"inLanguage\":\"en-US\",\"potentialAction\":[{\"@type\":\"ReadAction\",\"target\":[\"https:\\\/\\\/kosovatimes.info\\\/index.php\\\/2026\\\/04\\\/24\\\/kuvendi-i-kosoves-zgjedh-anetaret-e-bordit-te-rtk-se\\\/\"]}]},{\"@type\":\"ImageObject\",\"inLanguage\":\"en-US\",\"@id\":\"https:\\\/\\\/kosovatimes.info\\\/index.php\\\/2026\\\/04\\\/24\\\/kuvendi-i-kosoves-zgjedh-anetaret-e-bordit-te-rtk-se\\\/#primaryimage\",\"url\":\"https:\\\/\\\/kosovatimes.info\\\/wp-content\\\/uploads\\\/2026\\\/04\\\/KUVENDI-8.jpg\",\"contentUrl\":\"https:\\\/\\\/kosovatimes.info\\\/wp-content\\\/uploads\\\/2026\\\/04\\\/KUVENDI-8.jpg\",\"width\":780,\"height\":500},{\"@type\":\"BreadcrumbList\",\"@id\":\"https:\\\/\\\/kosovatimes.info\\\/index.php\\\/2026\\\/04\\\/24\\\/kuvendi-i-kosoves-zgjedh-anetaret-e-bordit-te-rtk-se\\\/#breadcrumb\",\"itemListElement\":[{\"@type\":\"ListItem\",\"position\":1,\"name\":\"Home\",\"item\":\"https:\\\/\\\/kosovatimes.info\\\/\"},{\"@type\":\"ListItem\",\"position\":2,\"name\":\"Kuvendi i Kosov\u00ebs zgjedh an\u00ebtar\u00ebt e Bordit t\u00eb RTK-s\u00eb\"}]},{\"@type\":\"WebSite\",\"@id\":\"https:\\\/\\\/kosovatimes.info\\\/#website\",\"url\":\"https:\\\/\\\/kosovatimes.info\\\/\",\"name\":\"Kosova Times\",\"description\":\"\",\"potentialAction\":[{\"@type\":\"SearchAction\",\"target\":{\"@type\":\"EntryPoint\",\"urlTemplate\":\"https:\\\/\\\/kosovatimes.info\\\/?s={search_term_string}\"},\"query-input\":{\"@type\":\"PropertyValueSpecification\",\"valueRequired\":true,\"valueName\":\"search_term_string\"}}],\"inLanguage\":\"en-US\"},{\"@type\":\"Person\",\"@id\":\"https:\\\/\\\/kosovatimes.info\\\/#\\\/schema\\\/person\\\/7586712b9c512fe68085de007378c915\",\"name\":\"i l\",\"image\":{\"@type\":\"ImageObject\",\"inLanguage\":\"en-US\",\"@id\":\"https:\\\/\\\/secure.gravatar.com\\\/avatar\\\/bad9296e02816160ae2e2435beda58222022298d5625d49fea74d18816fbb31d?s=96&d=mm&r=g\",\"url\":\"https:\\\/\\\/secure.gravatar.com\\\/avatar\\\/bad9296e02816160ae2e2435beda58222022298d5625d49fea74d18816fbb31d?s=96&d=mm&r=g\",\"contentUrl\":\"https:\\\/\\\/secure.gravatar.com\\\/avatar\\\/bad9296e02816160ae2e2435beda58222022298d5625d49fea74d18816fbb31d?s=96&d=mm&r=g\",\"caption\":\"i l\"},\"url\":\"https:\\\/\\\/kosovatimes.info\\\/index.php\\\/author\\\/iliri\\\/\"}]}<\/script>\n<!-- \/ Yoast SEO plugin. -->","yoast_head_json":{"title":"Kuvendi i Kosov\u00ebs zgjedh an\u00ebtar\u00ebt e Bordit t\u00eb RTK-s\u00eb - Kosova Times","robots":{"index":"index","follow":"follow","max-snippet":"max-snippet:-1","max-image-preview":"max-image-preview:large","max-video-preview":"max-video-preview:-1"},"canonical":"https:\/\/kosovatimes.info\/index.php\/2026\/04\/24\/kuvendi-i-kosoves-zgjedh-anetaret-e-bordit-te-rtk-se\/","og_locale":"en_US","og_type":"article","og_title":"Kuvendi i Kosov\u00ebs zgjedh an\u00ebtar\u00ebt e Bordit t\u00eb RTK-s\u00eb - Kosova Times","og_description":"Valmir\u00eb Tha\u00e7i, Flokart Aliu, G\u00ebzim Brahaj, Xheraldina C\u00ebrnobregu, Fatmir Podrimaj dhe Ilirjan Himaj jan\u00eb an\u00ebtar\u00ebt e Bordit t\u00eb ri t\u00eb Radiotelevizionit t\u00eb Kosov\u00ebs, t\u00eb zgjedhur nga Kuvendi i Kosov\u00ebs. Gjat\u00eb procesit t\u00eb votimit ishin t\u00eb pranish\u00ebm 105 deputet\u00eb, teksa 3 flet\u00ebvotime ishin t\u00eb pavlefshme. Deputetja Albana Bytyqi lexoi&nbsp;rezultatet si m\u00eb posht\u00eb: Valmir\u00eb Tha\u00e7i&nbsp; &#8211; 69 [&hellip;]","og_url":"https:\/\/kosovatimes.info\/index.php\/2026\/04\/24\/kuvendi-i-kosoves-zgjedh-anetaret-e-bordit-te-rtk-se\/","og_site_name":"Kosova Times","article_published_time":"2026-04-24T14:09:00+00:00","article_modified_time":"2026-04-24T21:01:22+00:00","og_image":[{"width":780,"height":500,"url":"https:\/\/kosovatimes.info\/wp-content\/uploads\/2026\/04\/KUVENDI-8.jpg","type":"image\/jpeg"}],"author":"i l","twitter_card":"summary_large_image","twitter_misc":{"Written by":"i l","Est. reading time":"5 minutes"},"schema":{"@context":"https:\/\/schema.org","@graph":[{"@type":"Article","@id":"https:\/\/kosovatimes.info\/index.php\/2026\/04\/24\/kuvendi-i-kosoves-zgjedh-anetaret-e-bordit-te-rtk-se\/#article","isPartOf":{"@id":"https:\/\/kosovatimes.info\/index.php\/2026\/04\/24\/kuvendi-i-kosoves-zgjedh-anetaret-e-bordit-te-rtk-se\/"},"author":{"name":"i l","@id":"https:\/\/kosovatimes.info\/#\/schema\/person\/7586712b9c512fe68085de007378c915"},"headline":"Kuvendi i Kosov\u00ebs zgjedh an\u00ebtar\u00ebt e Bordit t\u00eb RTK-s\u00eb","datePublished":"2026-04-24T14:09:00+00:00","dateModified":"2026-04-24T21:01:22+00:00","mainEntityOfPage":{"@id":"https:\/\/kosovatimes.info\/index.php\/2026\/04\/24\/kuvendi-i-kosoves-zgjedh-anetaret-e-bordit-te-rtk-se\/"},"wordCount":1026,"commentCount":0,"image":{"@id":"https:\/\/kosovatimes.info\/index.php\/2026\/04\/24\/kuvendi-i-kosoves-zgjedh-anetaret-e-bordit-te-rtk-se\/#primaryimage"},"thumbnailUrl":"https:\/\/kosovatimes.info\/wp-content\/uploads\/2026\/04\/KUVENDI-8.jpg","articleSection":["Kosov\u00eb","Lajme"],"inLanguage":"en-US","potentialAction":[{"@type":"CommentAction","name":"Comment","target":["https:\/\/kosovatimes.info\/index.php\/2026\/04\/24\/kuvendi-i-kosoves-zgjedh-anetaret-e-bordit-te-rtk-se\/#respond"]}]},{"@type":"WebPage","@id":"https:\/\/kosovatimes.info\/index.php\/2026\/04\/24\/kuvendi-i-kosoves-zgjedh-anetaret-e-bordit-te-rtk-se\/","url":"https:\/\/kosovatimes.info\/index.php\/2026\/04\/24\/kuvendi-i-kosoves-zgjedh-anetaret-e-bordit-te-rtk-se\/","name":"Kuvendi i Kosov\u00ebs zgjedh an\u00ebtar\u00ebt e Bordit t\u00eb RTK-s\u00eb - Kosova Times","isPartOf":{"@id":"https:\/\/kosovatimes.info\/#website"},"primaryImageOfPage":{"@id":"https:\/\/kosovatimes.info\/index.php\/2026\/04\/24\/kuvendi-i-kosoves-zgjedh-anetaret-e-bordit-te-rtk-se\/#primaryimage"},"image":{"@id":"https:\/\/kosovatimes.info\/index.php\/2026\/04\/24\/kuvendi-i-kosoves-zgjedh-anetaret-e-bordit-te-rtk-se\/#primaryimage"},"thumbnailUrl":"https:\/\/kosovatimes.info\/wp-content\/uploads\/2026\/04\/KUVENDI-8.jpg","datePublished":"2026-04-24T14:09:00+00:00","dateModified":"2026-04-24T21:01:22+00:00","author":{"@id":"https:\/\/kosovatimes.info\/#\/schema\/person\/7586712b9c512fe68085de007378c915"},"breadcrumb":{"@id":"https:\/\/kosovatimes.info\/index.php\/2026\/04\/24\/kuvendi-i-kosoves-zgjedh-anetaret-e-bordit-te-rtk-se\/#breadcrumb"},"inLanguage":"en-US","potentialAction":[{"@type":"ReadAction","target":["https:\/\/kosovatimes.info\/index.php\/2026\/04\/24\/kuvendi-i-kosoves-zgjedh-anetaret-e-bordit-te-rtk-se\/"]}]},{"@type":"ImageObject","inLanguage":"en-US","@id":"https:\/\/kosovatimes.info\/index.php\/2026\/04\/24\/kuvendi-i-kosoves-zgjedh-anetaret-e-bordit-te-rtk-se\/#primaryimage","url":"https:\/\/kosovatimes.info\/wp-content\/uploads\/2026\/04\/KUVENDI-8.jpg","contentUrl":"https:\/\/kosovatimes.info\/wp-content\/uploads\/2026\/04\/KUVENDI-8.jpg","width":780,"height":500},{"@type":"BreadcrumbList","@id":"https:\/\/kosovatimes.info\/index.php\/2026\/04\/24\/kuvendi-i-kosoves-zgjedh-anetaret-e-bordit-te-rtk-se\/#breadcrumb","itemListElement":[{"@type":"ListItem","position":1,"name":"Home","item":"https:\/\/kosovatimes.info\/"},{"@type":"ListItem","position":2,"name":"Kuvendi i Kosov\u00ebs zgjedh an\u00ebtar\u00ebt e Bordit t\u00eb RTK-s\u00eb"}]},{"@type":"WebSite","@id":"https:\/\/kosovatimes.info\/#website","url":"https:\/\/kosovatimes.info\/","name":"Kosova Times","description":"","potentialAction":[{"@type":"SearchAction","target":{"@type":"EntryPoint","urlTemplate":"https:\/\/kosovatimes.info\/?s={search_term_string}"},"query-input":{"@type":"PropertyValueSpecification","valueRequired":true,"valueName":"search_term_string"}}],"inLanguage":"en-US"},{"@type":"Person","@id":"https:\/\/kosovatimes.info\/#\/schema\/person\/7586712b9c512fe68085de007378c915","name":"i l","image":{"@type":"ImageObject","inLanguage":"en-US","@id":"https:\/\/secure.gravatar.com\/avatar\/bad9296e02816160ae2e2435beda58222022298d5625d49fea74d18816fbb31d?s=96&d=mm&r=g","url":"https:\/\/secure.gravatar.com\/avatar\/bad9296e02816160ae2e2435beda58222022298d5625d49fea74d18816fbb31d?s=96&d=mm&r=g","contentUrl":"https:\/\/secure.gravatar.com\/avatar\/bad9296e02816160ae2e2435beda58222022298d5625d49fea74d18816fbb31d?s=96&d=mm&r=g","caption":"i l"},"url":"https:\/\/kosovatimes.info\/index.php\/author\/iliri\/"}]}},"_links":{"self":[{"href":"https:\/\/kosovatimes.info\/index.php\/wp-json\/wp\/v2\/posts\/11568","targetHints":{"allow":["GET"]}}],"collection":[{"href":"https:\/\/kosovatimes.info\/index.php\/wp-json\/wp\/v2\/posts"}],"about":[{"href":"https:\/\/kosovatimes.info\/index.php\/wp-json\/wp\/v2\/types\/post"}],"author":[{"embeddable":true,"href":"https:\/\/kosovatimes.info\/index.php\/wp-json\/wp\/v2\/users\/4"}],"replies":[{"embeddable":true,"href":"https:\/\/kosovatimes.info\/index.php\/wp-json\/wp\/v2\/comments?post=11568"}],"version-history":[{"count":1,"href":"https:\/\/kosovatimes.info\/index.php\/wp-json\/wp\/v2\/posts\/11568\/revisions"}],"predecessor-version":[{"id":11569,"href":"https:\/\/kosovatimes.info\/index.php\/wp-json\/wp\/v2\/posts\/11568\/revisions\/11569"}],"wp:featuredmedia":[{"embeddable":true,"href":"https:\/\/kosovatimes.info\/index.php\/wp-json\/wp\/v2\/media\/10329"}],"wp:attachment":[{"href":"https:\/\/kosovatimes.info\/index.php\/wp-json\/wp\/v2\/media?parent=11568"}],"wp:term":[{"taxonomy":"category","embeddable":true,"href":"https:\/\/kosovatimes.info\/index.php\/wp-json\/wp\/v2\/categories?post=11568"},{"taxonomy":"post_tag","embeddable":true,"href":"https:\/\/kosovatimes.info\/index.php\/wp-json\/wp\/v2\/tags?post=11568"}],"curies":[{"name":"wp","href":"https:\/\/api.w.org\/{rel}","templated":true}]}}