{"id":11579,"date":"2026-04-24T13:30:00","date_gmt":"2026-04-24T11:30:00","guid":{"rendered":"https:\/\/kosovatimes.info\/?p=11579"},"modified":"2026-04-24T23:10:37","modified_gmt":"2026-04-24T21:10:37","slug":"kurti-nuk-jemi-kursyer-per-mbrojtjen-e-te-akuzuarve-ne-hage","status":"publish","type":"post","link":"https:\/\/kosovatimes.info\/index.php\/2026\/04\/24\/kurti-nuk-jemi-kursyer-per-mbrojtjen-e-te-akuzuarve-ne-hage\/","title":{"rendered":"Kurti: Nuk jemi kursyer p\u00ebr mbrojtjen e t\u00eb akuzuarve n\u00eb Hag\u00eb"},"content":{"rendered":"\n<p><strong>Kryeministri, Albin Kurti, i \u00ebsht\u00eb p\u00ebrgjigjur pyetjes s\u00eb deputetes s\u00eb PDK-s\u00eb, Ariana Musliu-Shoshi, e cila nga foltorja e Kuvendit tha se po p\u00ebrcjell\u00eb shqet\u00ebsimin p\u00ebr shkelje t\u00eb t\u00eb drejtave t\u00eb njeriut q\u00eb po ndodhin n\u00eb Dhomat e Specializuara n\u00eb Hag\u00eb.<\/strong><\/p>\n\n\n\n<p>Musliu-Shoshi e ka pyetur Kurtin se n\u00ebse i ka informuar Qeveria partner\u00ebt nd\u00ebrkomb\u00ebtar\u00eb lidhur me shkeljen e t\u00eb drejtave t\u00eb njeriut atje.<\/p>\n\n\n\n<p>Kurti tha se Qeveria e Kosov\u00ebs e trajton me seriozitet t\u00eb plot\u00eb \u00e7do shqet\u00ebsim q\u00eb lidhet me respektimin e t\u00eb drejtave t\u00eb njeriut, p\u00ebrfshir\u00eb edhe Dhomat e Specializuara t\u00eb Kosov\u00ebs.<\/p>\n\n\n\n<p>\u201cN\u00eb k\u00ebt\u00eb drejtim komunikimi institucional me parter\u00ebt nd\u00ebrkomb\u00ebtar \u00ebsht\u00eb i vazhduesh\u00ebm e i strukturuar duke u zhvilluar n\u00eb m\u00ebnyr\u00eb t\u00eb p\u00ebrgjegjshme t\u00eb proceseve gjyq\u00ebsore. Po ashtu nuk kemi hezituar t\u00eb ngrem\u00eb z\u00ebrin kund\u00ebr vendimeve t\u00eb padrejta ndaj krer\u00ebve t\u00eb U\u00c7K-s\u00eb, si\u00e7 ishin moslejimi i presidentit Tha\u00e7i p\u00ebr t\u00eb marr\u00eb pjes\u00eb n\u00eb varrimin e babait t\u00eb tij, si dhe pranimi i dokumenteve zyrtare t\u00eb shtetit gjenocidal t\u00eb Serbis\u00eb, si prova n\u00eb procesin gjyq\u00ebsor atje\u201d.<\/p>\n\n\n\n<p>Tutje, n\u00eb p\u00ebrgjigjen e tij, Kurti tha se arkitektura juridike e Dhomave t\u00eb Specializuara e themeluar n\u00eb baz\u00eb t\u00eb marr\u00ebveshjeve nd\u00ebrkomb\u00ebtare dhe legjislacionit t\u00eb brendsh\u00ebm, garanton pavar\u00ebsi t\u00eb plot\u00eb nga ekzekutivi.<\/p>\n\n\n\n<p>\u201cKjo n\u00ebnkupton q\u00eb Qeveria nuk nd\u00ebrhyn\u00eb n\u00eb procedura gjyq\u00ebsore, dhe as nuk ka qasje t\u00eb drejtp\u00ebrdrejt n\u00eb informacionet operative t\u00eb proceseve n\u00eb zhvillim\u201d.<\/p>\n\n\n\n<p>Megjithat\u00eb, tha Kurti, kjo nuk p\u00ebrjashton p\u00ebrgjegj\u00ebsin\u00eb e tyre p\u00ebr t\u00eb k\u00ebrkuar p\u00ebrgjigje t\u00eb karakterit parimor, e standarde t\u00eb larta t\u00eb transparenc\u00ebs dhe respektimit t\u00eb t\u00eb drejtave themelore.<\/p>\n\n\n\n<p>\u201cN\u00eb k\u00ebt\u00eb kuad\u00ebr, n\u00eb komunikimin zyrtar drejtuar Ekaterina Trendafilovas, un\u00eb kam theksuar se nga perspektiva institucionale e siguris\u00eb s\u00eb Kosov\u00ebs, nuk ekzistojn\u00eb rrethana q\u00eb do t\u00eb pengonin q\u00ebndrimin e t\u00eb akuzuarve n\u00eb territorin e vendit ton\u00eb, gjat\u00eb zhvillimit t\u00eb procedurave, duke garantuar kapacitetin e plot\u00eb t\u00eb institucioneve p\u00ebr t\u00eb siguruar mbar\u00ebvajtjen dhe integritetin e procesit. Kjo paraqet nj\u00eb vler\u00ebsim zyrtar q\u00eb kushtet e siguris\u00eb jan\u00eb t\u00eb mjaftueshme dhe n\u00eb p\u00ebrputhje me standardet p\u00ebrkat\u00ebse\u201d, tha Kurti.<\/p>\n\n\n\n<p>E pyetur nga deputetja e PDK-s\u00eb n\u00ebse mund t\u00eb listoj\u00eb veprimet&nbsp; q\u00eb kan\u00eb b\u00ebr\u00eb, Kurti tha se kan\u00eb &nbsp;b\u00ebr\u00eb at\u00eb \u00e7far\u00eb kan\u00eb mundur, se nuk kan\u00eb pasur rezerva dhe as nuk&nbsp; jan\u00eb kursyer.<\/p>\n\n\n\n<p>\u201cGjat\u00eb k\u00ebtyre pes\u00eb vjet e gjysm\u00eb, gjithsej jan\u00eb ndar\u00eb nga Republika e Kosov\u00ebs mbi 37 milion\u00eb euro p\u00ebr mbrojtjen e t\u00eb akuzuarve padrejt\u00ebsisht n\u00eb Hag\u00eb. Nuk jemi kursyer p\u00ebr t\u2019i mbrojtur me avokat\u00ebt q\u00eb jan\u00eb p\u00ebrzgjedhur prej vet\u00eb atyre\u201d, tha Kurti.<\/p>\n\n\n\n<p>Kreu i ekzekutivit, tha se kontributi m\u00eb i madh q\u00eb e ka dh\u00ebn\u00eb \u00ebsht\u00eb sa ka qen\u00eb deputet q\u00eb nuk ka votuar p\u00ebr themelimin e Speciales.<\/p>\n\n\n\n<p>\u201cKontributin m\u00eb t\u00eb madh e kam dh\u00ebn\u00eb p\u00ebr k\u00ebt\u00eb \u00e7\u00ebshtje kur si deputet i &nbsp;Kuvendit nuk e kam votuar ndryshimin kushtetues dhe as Ligjin p\u00ebr Dhomat e Specializuara n\u00eb Kosov\u00eb, as me 26 qershor e as me 3 gusht 2015. Un\u00eb &nbsp;do t\u00eb u kisha sugjeruar q\u00eb p\u00ebr k\u00ebto t\u00eb merrni p\u00ebrgjigje jo nga pyetjet parlamentare, por nga ato brenda partiake\u201d, i tha Kurti gjat\u00eb p\u00ebrgjigjes s\u00eb tij deputetes s\u00eb PDK-s\u00eb, Ariana Musliu-Shoshi.<\/p>\n\n\n\n<p><strong>Kurti p\u00ebr pag\u00ebn e 13-t\u00eb p\u00ebr RTK-n\u00eb<\/strong><\/p>\n\n\n\n<p>Deputetja e PDK-s\u00eb, Ariana Musliu-Shoshi, gjithashtu e ka pyetur kryeministrin se pse nuk \u00ebsht\u00eb realizuar paga e 13-t\u00eb p\u00ebr punonj\u00ebsit e RTK-s\u00eb.<\/p>\n\n\n\n<p>\u201cPyetja tjet\u00ebr ka t\u00eb b\u00ebj\u00eb me Radiotelevizionin e Kosov\u00ebs e q\u00eb s\u00eb fundmi \u00ebsht\u00eb shnd\u00ebrruar n\u00eb Radio Televizion t\u00eb LVV-s\u00eb , sidoqoft\u00eb i kam pranuar shqet\u00ebsimet e punonj\u00ebsve q\u00eb jan\u00eb aty. Cilat jan\u00eb arsyet pse ende nuk \u00ebsht\u00eb realizuar paga e 13-t\u00eb p\u00ebr pun\u00ebtor\u00ebt e RTK-s\u00eb?\u201d, e pyeti deputetja&nbsp; e PDK-s\u00eb, Kurtin.<\/p>\n\n\n\n<p>\u201cKisha nj\u00eb hamend\u00ebsim fillimisht, se nuk ishte pyetje, sepse n\u00eb fillim t\u00eb pyetjes ju konstatuat, cili \u00ebsht\u00eb kuptimi t\u00eb b\u00ebni pyetje n\u00ebse RTK-n\u00eb e quani Radiotelevizion t\u00eb LVV-s\u00eb\u201d, nisi p\u00ebrgjigjen e tij kreu i ekzekutivit.<\/p>\n\n\n\n<p>\u201cMe k\u00ebso konstatimi kapital, kardinal, nuk ka mund\u00ebsi m\u00eb p\u00ebr pyetje, sidoqoft\u00eb un\u00eb kam mir\u00ebsin\u00eb t\u00eb iu p\u00ebrgjigjem meq\u00eb e kam lexuar pyetjen paraprakisht\u201d, vazhdoi ai.<\/p>\n\n\n\n<p>Sqaroi se vendimi i Qeveris\u00eb mb\u00ebshtetet n\u00eb Ligjin mbi Ndarjet Buxhetore i cili tha se i jep kompetenc\u00eb Qeveris\u00eb q\u00eb n\u00eb p\u00ebrputhje me planifikimet buxhetore t\u00eb ndaj\u00eb mjete p\u00ebr pag\u00ebn e 13-t\u00eb p\u00ebr zyrtar\u00ebt&nbsp; q\u00eb kan\u00eb qen\u00eb t\u00eb angazhuar s\u00eb paku 12 muaj, e q\u00eb plot\u00ebsojn\u00eb kushtet e p\u00ebrcaktuara me vendim.<\/p>\n\n\n\n<p>\u201cVendimi p\u00ebrcakton q\u00eb p\u00ebrfitues jan\u00eb t\u00eb gjith\u00eb t\u00eb pun\u00ebsuarit q\u00eb jan\u00eb pjes\u00eb e list\u00ebs s\u00eb pagave t\u00eb muajit mars 2026, n\u00eb kuad\u00ebr t\u00eb Organizatave Buxhetore. RTK \u00ebsht\u00eb institucion publik i pavarur q\u00eb ushtron veprimtarin\u00eb e vet\u00eb n\u00eb m\u00ebnyr\u00eb t\u00eb pavarur dhe rregullon organizimin e brendsh\u00ebm p\u00ebrfshir\u00eb \u00e7\u00ebshtjet financiare dhe t\u00eb personelit p\u00ebrmes akteve t\u00eb veta. Edhe pse financimi i RTK-s\u00eb sigurohet p\u00ebrmes Kuvendit, i cili mbron autonomin\u00eb institucionale dhe garanton realizimin e misionit t\u00eb sh\u00ebrbimit publik, kjo nuk n\u00ebnkupton p\u00ebrfshirje n\u00eb list\u00ebn e pagave t\u00eb administrat\u00ebs shtet\u00ebrore\u201d, deklaroi ai.<\/p>\n\n\n\n<p>Sipas tij, autonomia institucionale e RTK-s\u00eb reflektohet edhe n\u00eb faktin se&nbsp; \u00e7\u00ebshtjet q\u00eb lidhen me kompensimet e shp\u00ebrblimet e punonj\u00ebsve, rregullohen me rregullore t\u00eb brendshme t\u00eb RTK-s\u00eb.<\/p>\n\n\n\n<p>\u201cRTK \u00ebsht\u00eb e Kosov\u00ebs, jo e Qeveris\u00eb s\u00eb Kosov\u00ebs. RTK \u00ebsht\u00eb e lidhur me Kuvendin e Republik\u00ebs, nuk ka Qeveria ministri t\u00eb informatave ku agjenci e ministris\u00eb \u00ebsht\u00eb RTK-ja, mund t\u00eb ket\u00eb qen\u00eb kjo n\u00eb t\u00eb kaluar\u00ebn n\u00eb kuptimin funksional t\u00eb fjal\u00ebs, por sot funksioni p\u00ebrputhet me ligjin\u201d, tha Kurti.&nbsp;<\/p>\n","protected":false},"excerpt":{"rendered":"<p>Kryeministri, Albin Kurti, i \u00ebsht\u00eb p\u00ebrgjigjur pyetjes s\u00eb deputetes s\u00eb PDK-s\u00eb, Ariana Musliu-Shoshi, e cila nga foltorja e Kuvendit tha se po p\u00ebrcjell\u00eb shqet\u00ebsimin p\u00ebr shkelje t\u00eb t\u00eb drejtave t\u00eb njeriut q\u00eb po ndodhin n\u00eb Dhomat e Specializuara n\u00eb Hag\u00eb. Musliu-Shoshi e ka pyetur Kurtin se n\u00ebse i ka informuar Qeveria partner\u00ebt nd\u00ebrkomb\u00ebtar\u00eb lidhur me [&hellip;]<\/p>\n","protected":false},"author":4,"featured_media":11580,"comment_status":"open","ping_status":"open","sticky":false,"template":"","format":"standard","meta":{"footnotes":""},"categories":[31,30],"tags":[],"class_list":{"0":"post-11579","1":"post","2":"type-post","3":"status-publish","4":"format-standard","5":"has-post-thumbnail","7":"category-kosove","8":"category-lajme"},"yoast_head":"<!-- This site is optimized with the Yoast SEO plugin v27.4 - https:\/\/yoast.com\/product\/yoast-seo-wordpress\/ -->\n<title>Kurti: Nuk jemi kursyer p\u00ebr mbrojtjen e t\u00eb akuzuarve n\u00eb Hag\u00eb - Kosova Times<\/title>\n<meta name=\"robots\" content=\"index, follow, max-snippet:-1, max-image-preview:large, max-video-preview:-1\" \/>\n<link rel=\"canonical\" href=\"https:\/\/kosovatimes.info\/index.php\/2026\/04\/24\/kurti-nuk-jemi-kursyer-per-mbrojtjen-e-te-akuzuarve-ne-hage\/\" \/>\n<meta property=\"og:locale\" content=\"en_US\" \/>\n<meta property=\"og:type\" content=\"article\" \/>\n<meta property=\"og:title\" content=\"Kurti: Nuk jemi kursyer p\u00ebr mbrojtjen e t\u00eb akuzuarve n\u00eb Hag\u00eb - Kosova Times\" \/>\n<meta property=\"og:description\" content=\"Kryeministri, Albin Kurti, i \u00ebsht\u00eb p\u00ebrgjigjur pyetjes s\u00eb deputetes s\u00eb PDK-s\u00eb, Ariana Musliu-Shoshi, e cila nga foltorja e Kuvendit tha se po p\u00ebrcjell\u00eb shqet\u00ebsimin p\u00ebr shkelje t\u00eb t\u00eb drejtave t\u00eb njeriut q\u00eb po ndodhin n\u00eb Dhomat e Specializuara n\u00eb Hag\u00eb. Musliu-Shoshi e ka pyetur Kurtin se n\u00ebse i ka informuar Qeveria partner\u00ebt nd\u00ebrkomb\u00ebtar\u00eb lidhur me [&hellip;]\" \/>\n<meta property=\"og:url\" content=\"https:\/\/kosovatimes.info\/index.php\/2026\/04\/24\/kurti-nuk-jemi-kursyer-per-mbrojtjen-e-te-akuzuarve-ne-hage\/\" \/>\n<meta property=\"og:site_name\" content=\"Kosova Times\" \/>\n<meta property=\"article:published_time\" content=\"2026-04-24T11:30:00+00:00\" \/>\n<meta property=\"article:modified_time\" content=\"2026-04-24T21:10:37+00:00\" \/>\n<meta property=\"og:image\" content=\"https:\/\/kosovatimes.info\/wp-content\/uploads\/2026\/04\/Albin.png\" \/>\n\t<meta property=\"og:image:width\" content=\"669\" \/>\n\t<meta property=\"og:image:height\" content=\"497\" \/>\n\t<meta property=\"og:image:type\" content=\"image\/png\" \/>\n<meta name=\"author\" content=\"i l\" \/>\n<meta name=\"twitter:card\" content=\"summary_large_image\" \/>\n<meta name=\"twitter:label1\" content=\"Written by\" \/>\n\t<meta name=\"twitter:data1\" content=\"i l\" \/>\n\t<meta name=\"twitter:label2\" content=\"Est. reading time\" \/>\n\t<meta name=\"twitter:data2\" content=\"4 minutes\" \/>\n<script type=\"application\/ld+json\" class=\"yoast-schema-graph\">{\"@context\":\"https:\\\/\\\/schema.org\",\"@graph\":[{\"@type\":\"Article\",\"@id\":\"https:\\\/\\\/kosovatimes.info\\\/index.php\\\/2026\\\/04\\\/24\\\/kurti-nuk-jemi-kursyer-per-mbrojtjen-e-te-akuzuarve-ne-hage\\\/#article\",\"isPartOf\":{\"@id\":\"https:\\\/\\\/kosovatimes.info\\\/index.php\\\/2026\\\/04\\\/24\\\/kurti-nuk-jemi-kursyer-per-mbrojtjen-e-te-akuzuarve-ne-hage\\\/\"},\"author\":{\"name\":\"i l\",\"@id\":\"https:\\\/\\\/kosovatimes.info\\\/#\\\/schema\\\/person\\\/7586712b9c512fe68085de007378c915\"},\"headline\":\"Kurti: Nuk jemi kursyer p\u00ebr mbrojtjen e t\u00eb akuzuarve n\u00eb Hag\u00eb\",\"datePublished\":\"2026-04-24T11:30:00+00:00\",\"dateModified\":\"2026-04-24T21:10:37+00:00\",\"mainEntityOfPage\":{\"@id\":\"https:\\\/\\\/kosovatimes.info\\\/index.php\\\/2026\\\/04\\\/24\\\/kurti-nuk-jemi-kursyer-per-mbrojtjen-e-te-akuzuarve-ne-hage\\\/\"},\"wordCount\":998,\"commentCount\":0,\"image\":{\"@id\":\"https:\\\/\\\/kosovatimes.info\\\/index.php\\\/2026\\\/04\\\/24\\\/kurti-nuk-jemi-kursyer-per-mbrojtjen-e-te-akuzuarve-ne-hage\\\/#primaryimage\"},\"thumbnailUrl\":\"https:\\\/\\\/kosovatimes.info\\\/wp-content\\\/uploads\\\/2026\\\/04\\\/Albin.png\",\"articleSection\":[\"Kosov\u00eb\",\"Lajme\"],\"inLanguage\":\"en-US\",\"potentialAction\":[{\"@type\":\"CommentAction\",\"name\":\"Comment\",\"target\":[\"https:\\\/\\\/kosovatimes.info\\\/index.php\\\/2026\\\/04\\\/24\\\/kurti-nuk-jemi-kursyer-per-mbrojtjen-e-te-akuzuarve-ne-hage\\\/#respond\"]}]},{\"@type\":\"WebPage\",\"@id\":\"https:\\\/\\\/kosovatimes.info\\\/index.php\\\/2026\\\/04\\\/24\\\/kurti-nuk-jemi-kursyer-per-mbrojtjen-e-te-akuzuarve-ne-hage\\\/\",\"url\":\"https:\\\/\\\/kosovatimes.info\\\/index.php\\\/2026\\\/04\\\/24\\\/kurti-nuk-jemi-kursyer-per-mbrojtjen-e-te-akuzuarve-ne-hage\\\/\",\"name\":\"Kurti: Nuk jemi kursyer p\u00ebr mbrojtjen e t\u00eb akuzuarve n\u00eb Hag\u00eb - Kosova Times\",\"isPartOf\":{\"@id\":\"https:\\\/\\\/kosovatimes.info\\\/#website\"},\"primaryImageOfPage\":{\"@id\":\"https:\\\/\\\/kosovatimes.info\\\/index.php\\\/2026\\\/04\\\/24\\\/kurti-nuk-jemi-kursyer-per-mbrojtjen-e-te-akuzuarve-ne-hage\\\/#primaryimage\"},\"image\":{\"@id\":\"https:\\\/\\\/kosovatimes.info\\\/index.php\\\/2026\\\/04\\\/24\\\/kurti-nuk-jemi-kursyer-per-mbrojtjen-e-te-akuzuarve-ne-hage\\\/#primaryimage\"},\"thumbnailUrl\":\"https:\\\/\\\/kosovatimes.info\\\/wp-content\\\/uploads\\\/2026\\\/04\\\/Albin.png\",\"datePublished\":\"2026-04-24T11:30:00+00:00\",\"dateModified\":\"2026-04-24T21:10:37+00:00\",\"author\":{\"@id\":\"https:\\\/\\\/kosovatimes.info\\\/#\\\/schema\\\/person\\\/7586712b9c512fe68085de007378c915\"},\"breadcrumb\":{\"@id\":\"https:\\\/\\\/kosovatimes.info\\\/index.php\\\/2026\\\/04\\\/24\\\/kurti-nuk-jemi-kursyer-per-mbrojtjen-e-te-akuzuarve-ne-hage\\\/#breadcrumb\"},\"inLanguage\":\"en-US\",\"potentialAction\":[{\"@type\":\"ReadAction\",\"target\":[\"https:\\\/\\\/kosovatimes.info\\\/index.php\\\/2026\\\/04\\\/24\\\/kurti-nuk-jemi-kursyer-per-mbrojtjen-e-te-akuzuarve-ne-hage\\\/\"]}]},{\"@type\":\"ImageObject\",\"inLanguage\":\"en-US\",\"@id\":\"https:\\\/\\\/kosovatimes.info\\\/index.php\\\/2026\\\/04\\\/24\\\/kurti-nuk-jemi-kursyer-per-mbrojtjen-e-te-akuzuarve-ne-hage\\\/#primaryimage\",\"url\":\"https:\\\/\\\/kosovatimes.info\\\/wp-content\\\/uploads\\\/2026\\\/04\\\/Albin.png\",\"contentUrl\":\"https:\\\/\\\/kosovatimes.info\\\/wp-content\\\/uploads\\\/2026\\\/04\\\/Albin.png\",\"width\":669,\"height\":497},{\"@type\":\"BreadcrumbList\",\"@id\":\"https:\\\/\\\/kosovatimes.info\\\/index.php\\\/2026\\\/04\\\/24\\\/kurti-nuk-jemi-kursyer-per-mbrojtjen-e-te-akuzuarve-ne-hage\\\/#breadcrumb\",\"itemListElement\":[{\"@type\":\"ListItem\",\"position\":1,\"name\":\"Home\",\"item\":\"https:\\\/\\\/kosovatimes.info\\\/\"},{\"@type\":\"ListItem\",\"position\":2,\"name\":\"Kurti: Nuk jemi kursyer p\u00ebr mbrojtjen e t\u00eb akuzuarve n\u00eb Hag\u00eb\"}]},{\"@type\":\"WebSite\",\"@id\":\"https:\\\/\\\/kosovatimes.info\\\/#website\",\"url\":\"https:\\\/\\\/kosovatimes.info\\\/\",\"name\":\"Kosova Times\",\"description\":\"\",\"potentialAction\":[{\"@type\":\"SearchAction\",\"target\":{\"@type\":\"EntryPoint\",\"urlTemplate\":\"https:\\\/\\\/kosovatimes.info\\\/?s={search_term_string}\"},\"query-input\":{\"@type\":\"PropertyValueSpecification\",\"valueRequired\":true,\"valueName\":\"search_term_string\"}}],\"inLanguage\":\"en-US\"},{\"@type\":\"Person\",\"@id\":\"https:\\\/\\\/kosovatimes.info\\\/#\\\/schema\\\/person\\\/7586712b9c512fe68085de007378c915\",\"name\":\"i l\",\"image\":{\"@type\":\"ImageObject\",\"inLanguage\":\"en-US\",\"@id\":\"https:\\\/\\\/secure.gravatar.com\\\/avatar\\\/bad9296e02816160ae2e2435beda58222022298d5625d49fea74d18816fbb31d?s=96&d=mm&r=g\",\"url\":\"https:\\\/\\\/secure.gravatar.com\\\/avatar\\\/bad9296e02816160ae2e2435beda58222022298d5625d49fea74d18816fbb31d?s=96&d=mm&r=g\",\"contentUrl\":\"https:\\\/\\\/secure.gravatar.com\\\/avatar\\\/bad9296e02816160ae2e2435beda58222022298d5625d49fea74d18816fbb31d?s=96&d=mm&r=g\",\"caption\":\"i l\"},\"url\":\"https:\\\/\\\/kosovatimes.info\\\/index.php\\\/author\\\/iliri\\\/\"}]}<\/script>\n<!-- \/ Yoast SEO plugin. -->","yoast_head_json":{"title":"Kurti: Nuk jemi kursyer p\u00ebr mbrojtjen e t\u00eb akuzuarve n\u00eb Hag\u00eb - Kosova Times","robots":{"index":"index","follow":"follow","max-snippet":"max-snippet:-1","max-image-preview":"max-image-preview:large","max-video-preview":"max-video-preview:-1"},"canonical":"https:\/\/kosovatimes.info\/index.php\/2026\/04\/24\/kurti-nuk-jemi-kursyer-per-mbrojtjen-e-te-akuzuarve-ne-hage\/","og_locale":"en_US","og_type":"article","og_title":"Kurti: Nuk jemi kursyer p\u00ebr mbrojtjen e t\u00eb akuzuarve n\u00eb Hag\u00eb - Kosova Times","og_description":"Kryeministri, Albin Kurti, i \u00ebsht\u00eb p\u00ebrgjigjur pyetjes s\u00eb deputetes s\u00eb PDK-s\u00eb, Ariana Musliu-Shoshi, e cila nga foltorja e Kuvendit tha se po p\u00ebrcjell\u00eb shqet\u00ebsimin p\u00ebr shkelje t\u00eb t\u00eb drejtave t\u00eb njeriut q\u00eb po ndodhin n\u00eb Dhomat e Specializuara n\u00eb Hag\u00eb. Musliu-Shoshi e ka pyetur Kurtin se n\u00ebse i ka informuar Qeveria partner\u00ebt nd\u00ebrkomb\u00ebtar\u00eb lidhur me [&hellip;]","og_url":"https:\/\/kosovatimes.info\/index.php\/2026\/04\/24\/kurti-nuk-jemi-kursyer-per-mbrojtjen-e-te-akuzuarve-ne-hage\/","og_site_name":"Kosova Times","article_published_time":"2026-04-24T11:30:00+00:00","article_modified_time":"2026-04-24T21:10:37+00:00","og_image":[{"width":669,"height":497,"url":"https:\/\/kosovatimes.info\/wp-content\/uploads\/2026\/04\/Albin.png","type":"image\/png"}],"author":"i l","twitter_card":"summary_large_image","twitter_misc":{"Written by":"i l","Est. reading time":"4 minutes"},"schema":{"@context":"https:\/\/schema.org","@graph":[{"@type":"Article","@id":"https:\/\/kosovatimes.info\/index.php\/2026\/04\/24\/kurti-nuk-jemi-kursyer-per-mbrojtjen-e-te-akuzuarve-ne-hage\/#article","isPartOf":{"@id":"https:\/\/kosovatimes.info\/index.php\/2026\/04\/24\/kurti-nuk-jemi-kursyer-per-mbrojtjen-e-te-akuzuarve-ne-hage\/"},"author":{"name":"i l","@id":"https:\/\/kosovatimes.info\/#\/schema\/person\/7586712b9c512fe68085de007378c915"},"headline":"Kurti: Nuk jemi kursyer p\u00ebr mbrojtjen e t\u00eb akuzuarve n\u00eb Hag\u00eb","datePublished":"2026-04-24T11:30:00+00:00","dateModified":"2026-04-24T21:10:37+00:00","mainEntityOfPage":{"@id":"https:\/\/kosovatimes.info\/index.php\/2026\/04\/24\/kurti-nuk-jemi-kursyer-per-mbrojtjen-e-te-akuzuarve-ne-hage\/"},"wordCount":998,"commentCount":0,"image":{"@id":"https:\/\/kosovatimes.info\/index.php\/2026\/04\/24\/kurti-nuk-jemi-kursyer-per-mbrojtjen-e-te-akuzuarve-ne-hage\/#primaryimage"},"thumbnailUrl":"https:\/\/kosovatimes.info\/wp-content\/uploads\/2026\/04\/Albin.png","articleSection":["Kosov\u00eb","Lajme"],"inLanguage":"en-US","potentialAction":[{"@type":"CommentAction","name":"Comment","target":["https:\/\/kosovatimes.info\/index.php\/2026\/04\/24\/kurti-nuk-jemi-kursyer-per-mbrojtjen-e-te-akuzuarve-ne-hage\/#respond"]}]},{"@type":"WebPage","@id":"https:\/\/kosovatimes.info\/index.php\/2026\/04\/24\/kurti-nuk-jemi-kursyer-per-mbrojtjen-e-te-akuzuarve-ne-hage\/","url":"https:\/\/kosovatimes.info\/index.php\/2026\/04\/24\/kurti-nuk-jemi-kursyer-per-mbrojtjen-e-te-akuzuarve-ne-hage\/","name":"Kurti: Nuk jemi kursyer p\u00ebr mbrojtjen e t\u00eb akuzuarve n\u00eb Hag\u00eb - Kosova Times","isPartOf":{"@id":"https:\/\/kosovatimes.info\/#website"},"primaryImageOfPage":{"@id":"https:\/\/kosovatimes.info\/index.php\/2026\/04\/24\/kurti-nuk-jemi-kursyer-per-mbrojtjen-e-te-akuzuarve-ne-hage\/#primaryimage"},"image":{"@id":"https:\/\/kosovatimes.info\/index.php\/2026\/04\/24\/kurti-nuk-jemi-kursyer-per-mbrojtjen-e-te-akuzuarve-ne-hage\/#primaryimage"},"thumbnailUrl":"https:\/\/kosovatimes.info\/wp-content\/uploads\/2026\/04\/Albin.png","datePublished":"2026-04-24T11:30:00+00:00","dateModified":"2026-04-24T21:10:37+00:00","author":{"@id":"https:\/\/kosovatimes.info\/#\/schema\/person\/7586712b9c512fe68085de007378c915"},"breadcrumb":{"@id":"https:\/\/kosovatimes.info\/index.php\/2026\/04\/24\/kurti-nuk-jemi-kursyer-per-mbrojtjen-e-te-akuzuarve-ne-hage\/#breadcrumb"},"inLanguage":"en-US","potentialAction":[{"@type":"ReadAction","target":["https:\/\/kosovatimes.info\/index.php\/2026\/04\/24\/kurti-nuk-jemi-kursyer-per-mbrojtjen-e-te-akuzuarve-ne-hage\/"]}]},{"@type":"ImageObject","inLanguage":"en-US","@id":"https:\/\/kosovatimes.info\/index.php\/2026\/04\/24\/kurti-nuk-jemi-kursyer-per-mbrojtjen-e-te-akuzuarve-ne-hage\/#primaryimage","url":"https:\/\/kosovatimes.info\/wp-content\/uploads\/2026\/04\/Albin.png","contentUrl":"https:\/\/kosovatimes.info\/wp-content\/uploads\/2026\/04\/Albin.png","width":669,"height":497},{"@type":"BreadcrumbList","@id":"https:\/\/kosovatimes.info\/index.php\/2026\/04\/24\/kurti-nuk-jemi-kursyer-per-mbrojtjen-e-te-akuzuarve-ne-hage\/#breadcrumb","itemListElement":[{"@type":"ListItem","position":1,"name":"Home","item":"https:\/\/kosovatimes.info\/"},{"@type":"ListItem","position":2,"name":"Kurti: Nuk jemi kursyer p\u00ebr mbrojtjen e t\u00eb akuzuarve n\u00eb Hag\u00eb"}]},{"@type":"WebSite","@id":"https:\/\/kosovatimes.info\/#website","url":"https:\/\/kosovatimes.info\/","name":"Kosova Times","description":"","potentialAction":[{"@type":"SearchAction","target":{"@type":"EntryPoint","urlTemplate":"https:\/\/kosovatimes.info\/?s={search_term_string}"},"query-input":{"@type":"PropertyValueSpecification","valueRequired":true,"valueName":"search_term_string"}}],"inLanguage":"en-US"},{"@type":"Person","@id":"https:\/\/kosovatimes.info\/#\/schema\/person\/7586712b9c512fe68085de007378c915","name":"i l","image":{"@type":"ImageObject","inLanguage":"en-US","@id":"https:\/\/secure.gravatar.com\/avatar\/bad9296e02816160ae2e2435beda58222022298d5625d49fea74d18816fbb31d?s=96&d=mm&r=g","url":"https:\/\/secure.gravatar.com\/avatar\/bad9296e02816160ae2e2435beda58222022298d5625d49fea74d18816fbb31d?s=96&d=mm&r=g","contentUrl":"https:\/\/secure.gravatar.com\/avatar\/bad9296e02816160ae2e2435beda58222022298d5625d49fea74d18816fbb31d?s=96&d=mm&r=g","caption":"i l"},"url":"https:\/\/kosovatimes.info\/index.php\/author\/iliri\/"}]}},"_links":{"self":[{"href":"https:\/\/kosovatimes.info\/index.php\/wp-json\/wp\/v2\/posts\/11579","targetHints":{"allow":["GET"]}}],"collection":[{"href":"https:\/\/kosovatimes.info\/index.php\/wp-json\/wp\/v2\/posts"}],"about":[{"href":"https:\/\/kosovatimes.info\/index.php\/wp-json\/wp\/v2\/types\/post"}],"author":[{"embeddable":true,"href":"https:\/\/kosovatimes.info\/index.php\/wp-json\/wp\/v2\/users\/4"}],"replies":[{"embeddable":true,"href":"https:\/\/kosovatimes.info\/index.php\/wp-json\/wp\/v2\/comments?post=11579"}],"version-history":[{"count":1,"href":"https:\/\/kosovatimes.info\/index.php\/wp-json\/wp\/v2\/posts\/11579\/revisions"}],"predecessor-version":[{"id":11581,"href":"https:\/\/kosovatimes.info\/index.php\/wp-json\/wp\/v2\/posts\/11579\/revisions\/11581"}],"wp:featuredmedia":[{"embeddable":true,"href":"https:\/\/kosovatimes.info\/index.php\/wp-json\/wp\/v2\/media\/11580"}],"wp:attachment":[{"href":"https:\/\/kosovatimes.info\/index.php\/wp-json\/wp\/v2\/media?parent=11579"}],"wp:term":[{"taxonomy":"category","embeddable":true,"href":"https:\/\/kosovatimes.info\/index.php\/wp-json\/wp\/v2\/categories?post=11579"},{"taxonomy":"post_tag","embeddable":true,"href":"https:\/\/kosovatimes.info\/index.php\/wp-json\/wp\/v2\/tags?post=11579"}],"curies":[{"name":"wp","href":"https:\/\/api.w.org\/{rel}","templated":true}]}}