{"id":11585,"date":"2026-04-24T15:08:00","date_gmt":"2026-04-24T13:08:00","guid":{"rendered":"https:\/\/kosovatimes.info\/?p=11585"},"modified":"2026-04-24T23:14:11","modified_gmt":"2026-04-24T21:14:11","slug":"sulmi-ne-banjske-dy-te-akuzuarit-me-burgim-te-perjetshem-njeri-30-vjet","status":"publish","type":"post","link":"https:\/\/kosovatimes.info\/index.php\/2026\/04\/24\/sulmi-ne-banjske-dy-te-akuzuarit-me-burgim-te-perjetshem-njeri-30-vjet\/","title":{"rendered":"Sulmi n\u00eb Banjsk\u00eb, dy t\u00eb akuzuarit me burgim t\u00eb p\u00ebrjetsh\u00ebm, nj\u00ebri 30 vjet"},"content":{"rendered":"\n<p><strong>Gjykata Themelore e Prishtin\u00ebs ka shpallur fajtor, tre serb n\u00eb rastin e sulmit n\u00eb Banjsk\u00eb, duke i shqiptuar d\u00ebnimin me burgim t\u00eb p\u00ebrjetsh\u00ebm dy t\u00eb akuzuarve, Vlladimir Tolliq dhe Bllagoje Spasojeviq, nd\u00ebrsa Dushan Maksimoviq u d\u00ebnua me 30 vjet burgim.<\/strong><\/p>\n\n\n\n<p>Shpalljen e aktgjykimit e ka b\u00ebr\u00eb Kryetari i trupit gjykues, Ngadhnjim Arrni, n\u00eb p\u00ebrb\u00ebrje me an\u00ebtar\u00ebt Rrahman Beqiri dhe Donik\u00eb Shala-Abdyli.<\/p>\n\n\n\n<p>Kujtojm\u00eb se Prokuroria n\u00eb fjal\u00ebn p\u00ebrfundimtare ka k\u00ebrkuar burgim t\u00eb p\u00ebrjetsh\u00ebm p\u00ebr Spasojeviqin, Toliqin e Maksimoviqin. Ata jan\u00eb n\u00eb mesin e 42 personave t\u00eb akuzuar p\u00ebr k\u00ebt\u00eb rast.<\/p>\n\n\n\n<p>Gjate fjal\u00ebs s\u00eb tij prokurori Naim Abazi ka th\u00ebn\u00eb se ekzistojn\u00eb prova t\u00eb qarta se grupi terrorist ka qen\u00eb mir\u00eb i organizuar, qe nga viti 2021 ne Rashk\u00eb, p\u00ebr prishje t\u00eb rendit e qet\u00ebsis\u00eb dhe me q\u00ebllim t\u00eb shk\u00ebputjes s\u00eb nj\u00eb pjese t\u00eb territorit t\u00eb Republik\u00ebs s\u00eb Kosov\u00ebs.<\/p>\n\n\n\n<p>Prokurori ka argumentuar edhe me video e fotografi pjes\u00ebmarrjen dhe p\u00ebrfshirjen e secilit t\u00eb akuzuar, n\u00eb sulmin terrorist n\u00eb Banjska ku u vra rreshteri, Afrim Bunjaku. Burgim t\u00eb p\u00ebrjetsh\u00ebm ka k\u00ebrkuar edhe avokati i familjes Bunjaku, Arianit Koci.<\/p>\n\n\n\n<p>M\u00eb 24 shtator 2023 nj\u00eb grup i armatosur serb\u00ebsh me armatim t\u00eb r\u00ebnd\u00eb, fillimisht bllokoi ur\u00ebn n\u00eb fshatin Banjsk\u00eb t\u00eb Zve\u00e7anit, e m\u00eb pas sulmoi polic\u00ebt q\u00eb shkuan n\u00eb vendngjarje p\u00ebr ta hequr kamionin nga rruga.&nbsp;<\/p>\n\n\n\n<p>Gjat\u00eb sulmit t\u00eb serb\u00ebve t\u00eb armatosur u vra rreshteri Afrim Bunjaku dhe u plagos\u00ebn dy t\u00eb tjer\u00eb polic\u00eb.&nbsp; Sipas aktakuz\u00ebs s\u00eb Prokuroris\u00eb Speciale, synimi i sulmuesve ishte q\u00eb ta ndanin veriun nga Kosova.<\/p>\n","protected":false},"excerpt":{"rendered":"<p>Gjykata Themelore e Prishtin\u00ebs ka shpallur fajtor, tre serb n\u00eb rastin e sulmit n\u00eb Banjsk\u00eb, duke i shqiptuar d\u00ebnimin me burgim t\u00eb p\u00ebrjetsh\u00ebm dy t\u00eb akuzuarve, Vlladimir Tolliq dhe Bllagoje Spasojeviq, nd\u00ebrsa Dushan Maksimoviq u d\u00ebnua me 30 vjet burgim. Shpalljen e aktgjykimit e ka b\u00ebr\u00eb Kryetari i trupit gjykues, Ngadhnjim Arrni, n\u00eb p\u00ebrb\u00ebrje me [&hellip;]<\/p>\n","protected":false},"author":4,"featured_media":11586,"comment_status":"open","ping_status":"open","sticky":false,"template":"","format":"standard","meta":{"footnotes":""},"categories":[31,30],"tags":[],"class_list":{"0":"post-11585","1":"post","2":"type-post","3":"status-publish","4":"format-standard","5":"has-post-thumbnail","7":"category-kosove","8":"category-lajme"},"yoast_head":"<!-- This site is optimized with the Yoast SEO plugin v27.4 - https:\/\/yoast.com\/product\/yoast-seo-wordpress\/ -->\n<title>Sulmi n\u00eb Banjsk\u00eb, dy t\u00eb akuzuarit me burgim t\u00eb p\u00ebrjetsh\u00ebm, nj\u00ebri 30 vjet - Kosova Times<\/title>\n<meta name=\"robots\" content=\"index, follow, max-snippet:-1, max-image-preview:large, max-video-preview:-1\" \/>\n<link rel=\"canonical\" href=\"https:\/\/kosovatimes.info\/index.php\/2026\/04\/24\/sulmi-ne-banjske-dy-te-akuzuarit-me-burgim-te-perjetshem-njeri-30-vjet\/\" \/>\n<meta property=\"og:locale\" content=\"en_US\" \/>\n<meta property=\"og:type\" content=\"article\" \/>\n<meta property=\"og:title\" content=\"Sulmi n\u00eb Banjsk\u00eb, dy t\u00eb akuzuarit me burgim t\u00eb p\u00ebrjetsh\u00ebm, nj\u00ebri 30 vjet - Kosova Times\" \/>\n<meta property=\"og:description\" content=\"Gjykata Themelore e Prishtin\u00ebs ka shpallur fajtor, tre serb n\u00eb rastin e sulmit n\u00eb Banjsk\u00eb, duke i shqiptuar d\u00ebnimin me burgim t\u00eb p\u00ebrjetsh\u00ebm dy t\u00eb akuzuarve, Vlladimir Tolliq dhe Bllagoje Spasojeviq, nd\u00ebrsa Dushan Maksimoviq u d\u00ebnua me 30 vjet burgim. Shpalljen e aktgjykimit e ka b\u00ebr\u00eb Kryetari i trupit gjykues, Ngadhnjim Arrni, n\u00eb p\u00ebrb\u00ebrje me [&hellip;]\" \/>\n<meta property=\"og:url\" content=\"https:\/\/kosovatimes.info\/index.php\/2026\/04\/24\/sulmi-ne-banjske-dy-te-akuzuarit-me-burgim-te-perjetshem-njeri-30-vjet\/\" \/>\n<meta property=\"og:site_name\" content=\"Kosova Times\" \/>\n<meta property=\"article:published_time\" content=\"2026-04-24T13:08:00+00:00\" \/>\n<meta property=\"article:modified_time\" content=\"2026-04-24T21:14:11+00:00\" \/>\n<meta property=\"og:image\" content=\"https:\/\/kosovatimes.info\/wp-content\/uploads\/2026\/04\/Bansk.jpg\" \/>\n\t<meta property=\"og:image:width\" content=\"780\" \/>\n\t<meta property=\"og:image:height\" content=\"339\" \/>\n\t<meta property=\"og:image:type\" content=\"image\/jpeg\" \/>\n<meta name=\"author\" content=\"i l\" \/>\n<meta name=\"twitter:card\" content=\"summary_large_image\" \/>\n<meta name=\"twitter:label1\" content=\"Written by\" \/>\n\t<meta name=\"twitter:data1\" content=\"i l\" \/>\n\t<meta name=\"twitter:label2\" content=\"Est. reading time\" \/>\n\t<meta name=\"twitter:data2\" content=\"2 minutes\" \/>\n<script type=\"application\/ld+json\" class=\"yoast-schema-graph\">{\"@context\":\"https:\\\/\\\/schema.org\",\"@graph\":[{\"@type\":\"Article\",\"@id\":\"https:\\\/\\\/kosovatimes.info\\\/index.php\\\/2026\\\/04\\\/24\\\/sulmi-ne-banjske-dy-te-akuzuarit-me-burgim-te-perjetshem-njeri-30-vjet\\\/#article\",\"isPartOf\":{\"@id\":\"https:\\\/\\\/kosovatimes.info\\\/index.php\\\/2026\\\/04\\\/24\\\/sulmi-ne-banjske-dy-te-akuzuarit-me-burgim-te-perjetshem-njeri-30-vjet\\\/\"},\"author\":{\"name\":\"i l\",\"@id\":\"https:\\\/\\\/kosovatimes.info\\\/#\\\/schema\\\/person\\\/7586712b9c512fe68085de007378c915\"},\"headline\":\"Sulmi n\u00eb Banjsk\u00eb, dy t\u00eb akuzuarit me burgim t\u00eb p\u00ebrjetsh\u00ebm, nj\u00ebri 30 vjet\",\"datePublished\":\"2026-04-24T13:08:00+00:00\",\"dateModified\":\"2026-04-24T21:14:11+00:00\",\"mainEntityOfPage\":{\"@id\":\"https:\\\/\\\/kosovatimes.info\\\/index.php\\\/2026\\\/04\\\/24\\\/sulmi-ne-banjske-dy-te-akuzuarit-me-burgim-te-perjetshem-njeri-30-vjet\\\/\"},\"wordCount\":297,\"commentCount\":0,\"image\":{\"@id\":\"https:\\\/\\\/kosovatimes.info\\\/index.php\\\/2026\\\/04\\\/24\\\/sulmi-ne-banjske-dy-te-akuzuarit-me-burgim-te-perjetshem-njeri-30-vjet\\\/#primaryimage\"},\"thumbnailUrl\":\"https:\\\/\\\/kosovatimes.info\\\/wp-content\\\/uploads\\\/2026\\\/04\\\/Bansk.jpg\",\"articleSection\":[\"Kosov\u00eb\",\"Lajme\"],\"inLanguage\":\"en-US\",\"potentialAction\":[{\"@type\":\"CommentAction\",\"name\":\"Comment\",\"target\":[\"https:\\\/\\\/kosovatimes.info\\\/index.php\\\/2026\\\/04\\\/24\\\/sulmi-ne-banjske-dy-te-akuzuarit-me-burgim-te-perjetshem-njeri-30-vjet\\\/#respond\"]}]},{\"@type\":\"WebPage\",\"@id\":\"https:\\\/\\\/kosovatimes.info\\\/index.php\\\/2026\\\/04\\\/24\\\/sulmi-ne-banjske-dy-te-akuzuarit-me-burgim-te-perjetshem-njeri-30-vjet\\\/\",\"url\":\"https:\\\/\\\/kosovatimes.info\\\/index.php\\\/2026\\\/04\\\/24\\\/sulmi-ne-banjske-dy-te-akuzuarit-me-burgim-te-perjetshem-njeri-30-vjet\\\/\",\"name\":\"Sulmi n\u00eb Banjsk\u00eb, dy t\u00eb akuzuarit me burgim t\u00eb p\u00ebrjetsh\u00ebm, nj\u00ebri 30 vjet - Kosova Times\",\"isPartOf\":{\"@id\":\"https:\\\/\\\/kosovatimes.info\\\/#website\"},\"primaryImageOfPage\":{\"@id\":\"https:\\\/\\\/kosovatimes.info\\\/index.php\\\/2026\\\/04\\\/24\\\/sulmi-ne-banjske-dy-te-akuzuarit-me-burgim-te-perjetshem-njeri-30-vjet\\\/#primaryimage\"},\"image\":{\"@id\":\"https:\\\/\\\/kosovatimes.info\\\/index.php\\\/2026\\\/04\\\/24\\\/sulmi-ne-banjske-dy-te-akuzuarit-me-burgim-te-perjetshem-njeri-30-vjet\\\/#primaryimage\"},\"thumbnailUrl\":\"https:\\\/\\\/kosovatimes.info\\\/wp-content\\\/uploads\\\/2026\\\/04\\\/Bansk.jpg\",\"datePublished\":\"2026-04-24T13:08:00+00:00\",\"dateModified\":\"2026-04-24T21:14:11+00:00\",\"author\":{\"@id\":\"https:\\\/\\\/kosovatimes.info\\\/#\\\/schema\\\/person\\\/7586712b9c512fe68085de007378c915\"},\"breadcrumb\":{\"@id\":\"https:\\\/\\\/kosovatimes.info\\\/index.php\\\/2026\\\/04\\\/24\\\/sulmi-ne-banjske-dy-te-akuzuarit-me-burgim-te-perjetshem-njeri-30-vjet\\\/#breadcrumb\"},\"inLanguage\":\"en-US\",\"potentialAction\":[{\"@type\":\"ReadAction\",\"target\":[\"https:\\\/\\\/kosovatimes.info\\\/index.php\\\/2026\\\/04\\\/24\\\/sulmi-ne-banjske-dy-te-akuzuarit-me-burgim-te-perjetshem-njeri-30-vjet\\\/\"]}]},{\"@type\":\"ImageObject\",\"inLanguage\":\"en-US\",\"@id\":\"https:\\\/\\\/kosovatimes.info\\\/index.php\\\/2026\\\/04\\\/24\\\/sulmi-ne-banjske-dy-te-akuzuarit-me-burgim-te-perjetshem-njeri-30-vjet\\\/#primaryimage\",\"url\":\"https:\\\/\\\/kosovatimes.info\\\/wp-content\\\/uploads\\\/2026\\\/04\\\/Bansk.jpg\",\"contentUrl\":\"https:\\\/\\\/kosovatimes.info\\\/wp-content\\\/uploads\\\/2026\\\/04\\\/Bansk.jpg\",\"width\":780,\"height\":339},{\"@type\":\"BreadcrumbList\",\"@id\":\"https:\\\/\\\/kosovatimes.info\\\/index.php\\\/2026\\\/04\\\/24\\\/sulmi-ne-banjske-dy-te-akuzuarit-me-burgim-te-perjetshem-njeri-30-vjet\\\/#breadcrumb\",\"itemListElement\":[{\"@type\":\"ListItem\",\"position\":1,\"name\":\"Home\",\"item\":\"https:\\\/\\\/kosovatimes.info\\\/\"},{\"@type\":\"ListItem\",\"position\":2,\"name\":\"Sulmi n\u00eb Banjsk\u00eb, dy t\u00eb akuzuarit me burgim t\u00eb p\u00ebrjetsh\u00ebm, nj\u00ebri 30 vjet\"}]},{\"@type\":\"WebSite\",\"@id\":\"https:\\\/\\\/kosovatimes.info\\\/#website\",\"url\":\"https:\\\/\\\/kosovatimes.info\\\/\",\"name\":\"Kosova Times\",\"description\":\"\",\"potentialAction\":[{\"@type\":\"SearchAction\",\"target\":{\"@type\":\"EntryPoint\",\"urlTemplate\":\"https:\\\/\\\/kosovatimes.info\\\/?s={search_term_string}\"},\"query-input\":{\"@type\":\"PropertyValueSpecification\",\"valueRequired\":true,\"valueName\":\"search_term_string\"}}],\"inLanguage\":\"en-US\"},{\"@type\":\"Person\",\"@id\":\"https:\\\/\\\/kosovatimes.info\\\/#\\\/schema\\\/person\\\/7586712b9c512fe68085de007378c915\",\"name\":\"i l\",\"image\":{\"@type\":\"ImageObject\",\"inLanguage\":\"en-US\",\"@id\":\"https:\\\/\\\/secure.gravatar.com\\\/avatar\\\/bad9296e02816160ae2e2435beda58222022298d5625d49fea74d18816fbb31d?s=96&d=mm&r=g\",\"url\":\"https:\\\/\\\/secure.gravatar.com\\\/avatar\\\/bad9296e02816160ae2e2435beda58222022298d5625d49fea74d18816fbb31d?s=96&d=mm&r=g\",\"contentUrl\":\"https:\\\/\\\/secure.gravatar.com\\\/avatar\\\/bad9296e02816160ae2e2435beda58222022298d5625d49fea74d18816fbb31d?s=96&d=mm&r=g\",\"caption\":\"i l\"},\"url\":\"https:\\\/\\\/kosovatimes.info\\\/index.php\\\/author\\\/iliri\\\/\"}]}<\/script>\n<!-- \/ Yoast SEO plugin. -->","yoast_head_json":{"title":"Sulmi n\u00eb Banjsk\u00eb, dy t\u00eb akuzuarit me burgim t\u00eb p\u00ebrjetsh\u00ebm, nj\u00ebri 30 vjet - Kosova Times","robots":{"index":"index","follow":"follow","max-snippet":"max-snippet:-1","max-image-preview":"max-image-preview:large","max-video-preview":"max-video-preview:-1"},"canonical":"https:\/\/kosovatimes.info\/index.php\/2026\/04\/24\/sulmi-ne-banjske-dy-te-akuzuarit-me-burgim-te-perjetshem-njeri-30-vjet\/","og_locale":"en_US","og_type":"article","og_title":"Sulmi n\u00eb Banjsk\u00eb, dy t\u00eb akuzuarit me burgim t\u00eb p\u00ebrjetsh\u00ebm, nj\u00ebri 30 vjet - Kosova Times","og_description":"Gjykata Themelore e Prishtin\u00ebs ka shpallur fajtor, tre serb n\u00eb rastin e sulmit n\u00eb Banjsk\u00eb, duke i shqiptuar d\u00ebnimin me burgim t\u00eb p\u00ebrjetsh\u00ebm dy t\u00eb akuzuarve, Vlladimir Tolliq dhe Bllagoje Spasojeviq, nd\u00ebrsa Dushan Maksimoviq u d\u00ebnua me 30 vjet burgim. Shpalljen e aktgjykimit e ka b\u00ebr\u00eb Kryetari i trupit gjykues, Ngadhnjim Arrni, n\u00eb p\u00ebrb\u00ebrje me [&hellip;]","og_url":"https:\/\/kosovatimes.info\/index.php\/2026\/04\/24\/sulmi-ne-banjske-dy-te-akuzuarit-me-burgim-te-perjetshem-njeri-30-vjet\/","og_site_name":"Kosova Times","article_published_time":"2026-04-24T13:08:00+00:00","article_modified_time":"2026-04-24T21:14:11+00:00","og_image":[{"width":780,"height":339,"url":"https:\/\/kosovatimes.info\/wp-content\/uploads\/2026\/04\/Bansk.jpg","type":"image\/jpeg"}],"author":"i l","twitter_card":"summary_large_image","twitter_misc":{"Written by":"i l","Est. reading time":"2 minutes"},"schema":{"@context":"https:\/\/schema.org","@graph":[{"@type":"Article","@id":"https:\/\/kosovatimes.info\/index.php\/2026\/04\/24\/sulmi-ne-banjske-dy-te-akuzuarit-me-burgim-te-perjetshem-njeri-30-vjet\/#article","isPartOf":{"@id":"https:\/\/kosovatimes.info\/index.php\/2026\/04\/24\/sulmi-ne-banjske-dy-te-akuzuarit-me-burgim-te-perjetshem-njeri-30-vjet\/"},"author":{"name":"i l","@id":"https:\/\/kosovatimes.info\/#\/schema\/person\/7586712b9c512fe68085de007378c915"},"headline":"Sulmi n\u00eb Banjsk\u00eb, dy t\u00eb akuzuarit me burgim t\u00eb p\u00ebrjetsh\u00ebm, nj\u00ebri 30 vjet","datePublished":"2026-04-24T13:08:00+00:00","dateModified":"2026-04-24T21:14:11+00:00","mainEntityOfPage":{"@id":"https:\/\/kosovatimes.info\/index.php\/2026\/04\/24\/sulmi-ne-banjske-dy-te-akuzuarit-me-burgim-te-perjetshem-njeri-30-vjet\/"},"wordCount":297,"commentCount":0,"image":{"@id":"https:\/\/kosovatimes.info\/index.php\/2026\/04\/24\/sulmi-ne-banjske-dy-te-akuzuarit-me-burgim-te-perjetshem-njeri-30-vjet\/#primaryimage"},"thumbnailUrl":"https:\/\/kosovatimes.info\/wp-content\/uploads\/2026\/04\/Bansk.jpg","articleSection":["Kosov\u00eb","Lajme"],"inLanguage":"en-US","potentialAction":[{"@type":"CommentAction","name":"Comment","target":["https:\/\/kosovatimes.info\/index.php\/2026\/04\/24\/sulmi-ne-banjske-dy-te-akuzuarit-me-burgim-te-perjetshem-njeri-30-vjet\/#respond"]}]},{"@type":"WebPage","@id":"https:\/\/kosovatimes.info\/index.php\/2026\/04\/24\/sulmi-ne-banjske-dy-te-akuzuarit-me-burgim-te-perjetshem-njeri-30-vjet\/","url":"https:\/\/kosovatimes.info\/index.php\/2026\/04\/24\/sulmi-ne-banjske-dy-te-akuzuarit-me-burgim-te-perjetshem-njeri-30-vjet\/","name":"Sulmi n\u00eb Banjsk\u00eb, dy t\u00eb akuzuarit me burgim t\u00eb p\u00ebrjetsh\u00ebm, nj\u00ebri 30 vjet - Kosova Times","isPartOf":{"@id":"https:\/\/kosovatimes.info\/#website"},"primaryImageOfPage":{"@id":"https:\/\/kosovatimes.info\/index.php\/2026\/04\/24\/sulmi-ne-banjske-dy-te-akuzuarit-me-burgim-te-perjetshem-njeri-30-vjet\/#primaryimage"},"image":{"@id":"https:\/\/kosovatimes.info\/index.php\/2026\/04\/24\/sulmi-ne-banjske-dy-te-akuzuarit-me-burgim-te-perjetshem-njeri-30-vjet\/#primaryimage"},"thumbnailUrl":"https:\/\/kosovatimes.info\/wp-content\/uploads\/2026\/04\/Bansk.jpg","datePublished":"2026-04-24T13:08:00+00:00","dateModified":"2026-04-24T21:14:11+00:00","author":{"@id":"https:\/\/kosovatimes.info\/#\/schema\/person\/7586712b9c512fe68085de007378c915"},"breadcrumb":{"@id":"https:\/\/kosovatimes.info\/index.php\/2026\/04\/24\/sulmi-ne-banjske-dy-te-akuzuarit-me-burgim-te-perjetshem-njeri-30-vjet\/#breadcrumb"},"inLanguage":"en-US","potentialAction":[{"@type":"ReadAction","target":["https:\/\/kosovatimes.info\/index.php\/2026\/04\/24\/sulmi-ne-banjske-dy-te-akuzuarit-me-burgim-te-perjetshem-njeri-30-vjet\/"]}]},{"@type":"ImageObject","inLanguage":"en-US","@id":"https:\/\/kosovatimes.info\/index.php\/2026\/04\/24\/sulmi-ne-banjske-dy-te-akuzuarit-me-burgim-te-perjetshem-njeri-30-vjet\/#primaryimage","url":"https:\/\/kosovatimes.info\/wp-content\/uploads\/2026\/04\/Bansk.jpg","contentUrl":"https:\/\/kosovatimes.info\/wp-content\/uploads\/2026\/04\/Bansk.jpg","width":780,"height":339},{"@type":"BreadcrumbList","@id":"https:\/\/kosovatimes.info\/index.php\/2026\/04\/24\/sulmi-ne-banjske-dy-te-akuzuarit-me-burgim-te-perjetshem-njeri-30-vjet\/#breadcrumb","itemListElement":[{"@type":"ListItem","position":1,"name":"Home","item":"https:\/\/kosovatimes.info\/"},{"@type":"ListItem","position":2,"name":"Sulmi n\u00eb Banjsk\u00eb, dy t\u00eb akuzuarit me burgim t\u00eb p\u00ebrjetsh\u00ebm, nj\u00ebri 30 vjet"}]},{"@type":"WebSite","@id":"https:\/\/kosovatimes.info\/#website","url":"https:\/\/kosovatimes.info\/","name":"Kosova Times","description":"","potentialAction":[{"@type":"SearchAction","target":{"@type":"EntryPoint","urlTemplate":"https:\/\/kosovatimes.info\/?s={search_term_string}"},"query-input":{"@type":"PropertyValueSpecification","valueRequired":true,"valueName":"search_term_string"}}],"inLanguage":"en-US"},{"@type":"Person","@id":"https:\/\/kosovatimes.info\/#\/schema\/person\/7586712b9c512fe68085de007378c915","name":"i l","image":{"@type":"ImageObject","inLanguage":"en-US","@id":"https:\/\/secure.gravatar.com\/avatar\/bad9296e02816160ae2e2435beda58222022298d5625d49fea74d18816fbb31d?s=96&d=mm&r=g","url":"https:\/\/secure.gravatar.com\/avatar\/bad9296e02816160ae2e2435beda58222022298d5625d49fea74d18816fbb31d?s=96&d=mm&r=g","contentUrl":"https:\/\/secure.gravatar.com\/avatar\/bad9296e02816160ae2e2435beda58222022298d5625d49fea74d18816fbb31d?s=96&d=mm&r=g","caption":"i l"},"url":"https:\/\/kosovatimes.info\/index.php\/author\/iliri\/"}]}},"_links":{"self":[{"href":"https:\/\/kosovatimes.info\/index.php\/wp-json\/wp\/v2\/posts\/11585","targetHints":{"allow":["GET"]}}],"collection":[{"href":"https:\/\/kosovatimes.info\/index.php\/wp-json\/wp\/v2\/posts"}],"about":[{"href":"https:\/\/kosovatimes.info\/index.php\/wp-json\/wp\/v2\/types\/post"}],"author":[{"embeddable":true,"href":"https:\/\/kosovatimes.info\/index.php\/wp-json\/wp\/v2\/users\/4"}],"replies":[{"embeddable":true,"href":"https:\/\/kosovatimes.info\/index.php\/wp-json\/wp\/v2\/comments?post=11585"}],"version-history":[{"count":1,"href":"https:\/\/kosovatimes.info\/index.php\/wp-json\/wp\/v2\/posts\/11585\/revisions"}],"predecessor-version":[{"id":11587,"href":"https:\/\/kosovatimes.info\/index.php\/wp-json\/wp\/v2\/posts\/11585\/revisions\/11587"}],"wp:featuredmedia":[{"embeddable":true,"href":"https:\/\/kosovatimes.info\/index.php\/wp-json\/wp\/v2\/media\/11586"}],"wp:attachment":[{"href":"https:\/\/kosovatimes.info\/index.php\/wp-json\/wp\/v2\/media?parent=11585"}],"wp:term":[{"taxonomy":"category","embeddable":true,"href":"https:\/\/kosovatimes.info\/index.php\/wp-json\/wp\/v2\/categories?post=11585"},{"taxonomy":"post_tag","embeddable":true,"href":"https:\/\/kosovatimes.info\/index.php\/wp-json\/wp\/v2\/tags?post=11585"}],"curies":[{"name":"wp","href":"https:\/\/api.w.org\/{rel}","templated":true}]}}