{"id":11764,"date":"2026-04-26T08:00:00","date_gmt":"2026-04-26T06:00:00","guid":{"rendered":"https:\/\/kosovatimes.info\/?p=11764"},"modified":"2026-04-26T08:28:56","modified_gmt":"2026-04-26T06:28:56","slug":"forumi-ekonomik-kosove-turqi-nje-kapitull-i-ri-per-investimet-dhe-bashkepunimin-strategjik","status":"publish","type":"post","link":"https:\/\/kosovatimes.info\/index.php\/2026\/04\/26\/forumi-ekonomik-kosove-turqi-nje-kapitull-i-ri-per-investimet-dhe-bashkepunimin-strategjik\/","title":{"rendered":"Forumi Ekonomik Kosov\u00eb\u2013Turqi: Nj\u00eb Kapitull i Ri p\u00ebr Investimet dhe Bashk\u00ebpunimin Strategjik"},"content":{"rendered":"\n<p>Dje u mbajt me sukses <strong>Forumi i Bashk\u00ebpunimit Ekonomik Kosov\u00eb\u2013Turqi<\/strong>, nj\u00eb ngjarje ky\u00e7e q\u00eb sh\u00ebnon nj\u00eb hap t\u00eb r\u00ebnd\u00ebsish\u00ebm drejt forcimit t\u00eb raporteve ekonomike dhe diplomatike mes dy vendeve. Kjo \u00ebsht\u00eb nj\u00eb ngjarje v\u00ebrtet dometh\u00ebn\u00ebse p\u00ebr peizazhin ekonomik t\u00eb Kosov\u00ebs dhe rajonit.Forumi sh\u00ebrbeu si nj\u00eb platform\u00eb e r\u00ebnd\u00ebsishme p\u00ebr shk\u00ebmbim idesh krijim partneritetesh t\u00eb reja dhe forcim t\u00eb bashk\u00ebpunimit t\u00eb q\u00ebndruesh\u00ebm nd\u00ebrmjet Kosov\u00ebs dhe Turqis\u00eb. Ky forum u organizua n\u00ebn koordinimin e shk\u00eblqyer t\u00eb <strong>Od\u00ebs Ekonomike Shqiptare<\/strong>, me kryetar <strong>Z. Hyzer Gashi<\/strong>, n\u00eb bashk\u00ebpunim me <strong>Akademin\u00eb U Smile<\/strong>, z Shkelzen Syljemani \u2013 Drejtues p\u00ebr Ballkan dhe <strong>Institutin Shqiptaro Evropian<\/strong>, Z. Florim Rullani dhe Znj. Er\u00ebza Krasniqi.<\/p>\n\n\n\n<p><a href=\"https:\/\/kosovatimes.info\/?p=11764\" target=\"_blank\" rel=\"noreferrer noopener\">View Post\u2197<\/a><\/p>\n\n\n\n<h3 class=\"wp-block-heading\">Forumi mblodhi rreth vetes p\u00ebrfaq\u00ebsues t\u00eb lart\u00eb institucional\u00eb, partner\u00eb strategjik\u00eb dhe nj\u00eb delegacion prej <strong>15 biznesesh prestigjioze nga Turqia<\/strong>. Gjat\u00eb diskutimeve, theksi u vendos n\u00eb fushat me interes jetik p\u00ebr ekonomin\u00eb e Kosov\u00ebs. Si s<strong>ektor\u00eb Strategjik\u00eb, fokusi ishte vene  <\/strong>n\u00eb <strong>energjetik\u00eb<\/strong> dhe <strong>tregti<\/strong>, t\u00eb cilat jan\u00eb jetike p\u00ebr stabilitetin ekonomik t\u00eb Kosov\u00ebs. <\/h3>\n\n\n\n<figure class=\"wp-block-image size-large\"><img loading=\"lazy\" decoding=\"async\" width=\"1024\" height=\"683\" src=\"https:\/\/kosovatimes.info\/wp-content\/uploads\/2026\/04\/turki-1024x683.jpeg\" alt=\"\" class=\"wp-image-11768\" srcset=\"https:\/\/kosovatimes.info\/wp-content\/uploads\/2026\/04\/turki-1024x683.jpeg 1024w, https:\/\/kosovatimes.info\/wp-content\/uploads\/2026\/04\/turki-300x200.jpeg 300w, https:\/\/kosovatimes.info\/wp-content\/uploads\/2026\/04\/turki-768x512.jpeg 768w, https:\/\/kosovatimes.info\/wp-content\/uploads\/2026\/04\/turki-1536x1024.jpeg 1536w, https:\/\/kosovatimes.info\/wp-content\/uploads\/2026\/04\/turki-630x420.jpeg 630w, https:\/\/kosovatimes.info\/wp-content\/uploads\/2026\/04\/turki-150x100.jpeg 150w, https:\/\/kosovatimes.info\/wp-content\/uploads\/2026\/04\/turki-696x464.jpeg 696w, https:\/\/kosovatimes.info\/wp-content\/uploads\/2026\/04\/turki-1068x712.jpeg 1068w, https:\/\/kosovatimes.info\/wp-content\/uploads\/2026\/04\/turki-1920x1280.jpeg 1920w, https:\/\/kosovatimes.info\/wp-content\/uploads\/2026\/04\/turki.jpeg 2048w\" sizes=\"auto, (max-width: 1024px) 100vw, 1024px\" \/><\/figure>\n\n\n\n<p><\/p>\n\n\n\n<figure class=\"wp-block-image size-large\"><img loading=\"lazy\" decoding=\"async\" width=\"1024\" height=\"683\" src=\"https:\/\/kosovatimes.info\/wp-content\/uploads\/2026\/04\/takimi-1-1024x683.jpeg\" alt=\"\" class=\"wp-image-11769\" srcset=\"https:\/\/kosovatimes.info\/wp-content\/uploads\/2026\/04\/takimi-1-1024x683.jpeg 1024w, https:\/\/kosovatimes.info\/wp-content\/uploads\/2026\/04\/takimi-1-300x200.jpeg 300w, https:\/\/kosovatimes.info\/wp-content\/uploads\/2026\/04\/takimi-1-768x512.jpeg 768w, https:\/\/kosovatimes.info\/wp-content\/uploads\/2026\/04\/takimi-1-630x420.jpeg 630w, https:\/\/kosovatimes.info\/wp-content\/uploads\/2026\/04\/takimi-1-150x100.jpeg 150w, https:\/\/kosovatimes.info\/wp-content\/uploads\/2026\/04\/takimi-1-696x464.jpeg 696w, https:\/\/kosovatimes.info\/wp-content\/uploads\/2026\/04\/takimi-1-1068x713.jpeg 1068w, https:\/\/kosovatimes.info\/wp-content\/uploads\/2026\/04\/takimi-1.jpeg 1280w\" sizes=\"auto, (max-width: 1024px) 100vw, 1024px\" \/><\/figure>\n\n\n\n<p>Prania e 15 bizneseve turke krijon nj\u00eb mund\u00ebsi t\u00eb art\u00eb p\u00ebr nd\u00ebrmarrjet vendore q\u00eb t\u00eb gjejn\u00eb partner\u00eb strategjik\u00eb dhe t\u00eb thithin investime t\u00eb huaja direkte. Ky lloj organizimi, ku b\u00ebhen bashk\u00eb akademia, institutet k\u00ebrkimore dhe odat ekonomike, \u00ebsht\u00eb formula e duhur p\u00ebr t\u00eb siguruar q\u00eb marr\u00ebveshjet t\u00eb jen\u00eb t\u00eb q\u00ebndrueshme dhe t\u00eb bazuara n\u00eb t\u00eb dh\u00ebna e strategji afatgjata.<\/p>\n\n\n\n<figure class=\"wp-block-image size-large\"><img loading=\"lazy\" decoding=\"async\" width=\"1024\" height=\"683\" src=\"https:\/\/kosovatimes.info\/wp-content\/uploads\/2026\/04\/biznese-1024x683.jpeg\" alt=\"\" class=\"wp-image-11767\" srcset=\"https:\/\/kosovatimes.info\/wp-content\/uploads\/2026\/04\/biznese-1024x683.jpeg 1024w, https:\/\/kosovatimes.info\/wp-content\/uploads\/2026\/04\/biznese-300x200.jpeg 300w, https:\/\/kosovatimes.info\/wp-content\/uploads\/2026\/04\/biznese-768x512.jpeg 768w, https:\/\/kosovatimes.info\/wp-content\/uploads\/2026\/04\/biznese-1536x1024.jpeg 1536w, https:\/\/kosovatimes.info\/wp-content\/uploads\/2026\/04\/biznese-630x420.jpeg 630w, https:\/\/kosovatimes.info\/wp-content\/uploads\/2026\/04\/biznese-150x100.jpeg 150w, https:\/\/kosovatimes.info\/wp-content\/uploads\/2026\/04\/biznese-696x464.jpeg 696w, https:\/\/kosovatimes.info\/wp-content\/uploads\/2026\/04\/biznese-1068x712.jpeg 1068w, https:\/\/kosovatimes.info\/wp-content\/uploads\/2026\/04\/biznese-1920x1280.jpeg 1920w, https:\/\/kosovatimes.info\/wp-content\/uploads\/2026\/04\/biznese.jpeg 2048w\" sizes=\"auto, (max-width: 1024px) 100vw, 1024px\" \/><\/figure>\n\n\n\n<p>Ky forum nuk sh\u00ebrbeu vet\u00ebm si nj\u00eb hap\u00ebsir\u00eb diskutimi, por si nj\u00eb <strong>platform\u00eb aktive p\u00ebr krijimin e partneriteteve t\u00eb reja<\/strong>. P\u00ebrmes shk\u00ebmbimit t\u00eb ideve dhe rrjet\u00ebzimit mes bizneseve, u hodh\u00ebn bazat p\u00ebr nj\u00eb bashk\u00ebpunim t\u00eb q\u00ebndruesh\u00ebm q\u00eb synon integrimin m\u00eb t\u00eb madh t\u00eb bizneseve kosovare n\u00eb tregjet nd\u00ebrkomb\u00ebtare.&#8221;Ky organizim deshmon se bashkepunimi mes akademise, institutetev dhe odave ekoomike eshte rruga e vetme per nje zhvillim te mirefillte dhe afatgjate. <\/p>\n\n\n\n<p><strong>#KosoveTurqi #ForumiEkonomik #OdaEkonomike #Investime #ZhvillimStrategjik #BashkepunimEkonomik<\/strong><\/p>\n","protected":false},"excerpt":{"rendered":"<p>Dje u mbajt me sukses Forumi i Bashk\u00ebpunimit Ekonomik Kosov\u00eb\u2013Turqi, nj\u00eb ngjarje ky\u00e7e q\u00eb sh\u00ebnon nj\u00eb hap t\u00eb r\u00ebnd\u00ebsish\u00ebm drejt forcimit t\u00eb raporteve ekonomike dhe diplomatike mes dy vendeve. Kjo \u00ebsht\u00eb nj\u00eb ngjarje v\u00ebrtet dometh\u00ebn\u00ebse p\u00ebr peizazhin ekonomik t\u00eb Kosov\u00ebs dhe rajonit.Forumi sh\u00ebrbeu si nj\u00eb platform\u00eb e r\u00ebnd\u00ebsishme p\u00ebr shk\u00ebmbim idesh krijim partneritetesh t\u00eb reja [&hellip;]<\/p>\n","protected":false},"author":4,"featured_media":11765,"comment_status":"open","ping_status":"open","sticky":false,"template":"","format":"standard","meta":{"footnotes":""},"categories":[37],"tags":[],"class_list":{"0":"post-11764","1":"post","2":"type-post","3":"status-publish","4":"format-standard","5":"has-post-thumbnail","7":"category-ekonomi"},"yoast_head":"<!-- This site is optimized with the Yoast SEO plugin v27.4 - https:\/\/yoast.com\/product\/yoast-seo-wordpress\/ -->\n<title>Forumi Ekonomik Kosov\u00eb\u2013Turqi: Nj\u00eb Kapitull i Ri p\u00ebr Investimet dhe Bashk\u00ebpunimin Strategjik - Kosova Times<\/title>\n<meta name=\"robots\" content=\"index, follow, max-snippet:-1, max-image-preview:large, max-video-preview:-1\" \/>\n<link rel=\"canonical\" href=\"https:\/\/kosovatimes.info\/index.php\/2026\/04\/26\/forumi-ekonomik-kosove-turqi-nje-kapitull-i-ri-per-investimet-dhe-bashkepunimin-strategjik\/\" \/>\n<meta property=\"og:locale\" content=\"en_US\" \/>\n<meta property=\"og:type\" content=\"article\" \/>\n<meta property=\"og:title\" content=\"Forumi Ekonomik Kosov\u00eb\u2013Turqi: Nj\u00eb Kapitull i Ri p\u00ebr Investimet dhe Bashk\u00ebpunimin Strategjik - Kosova Times\" \/>\n<meta property=\"og:description\" content=\"Dje u mbajt me sukses Forumi i Bashk\u00ebpunimit Ekonomik Kosov\u00eb\u2013Turqi, nj\u00eb ngjarje ky\u00e7e q\u00eb sh\u00ebnon nj\u00eb hap t\u00eb r\u00ebnd\u00ebsish\u00ebm drejt forcimit t\u00eb raporteve ekonomike dhe diplomatike mes dy vendeve. Kjo \u00ebsht\u00eb nj\u00eb ngjarje v\u00ebrtet dometh\u00ebn\u00ebse p\u00ebr peizazhin ekonomik t\u00eb Kosov\u00ebs dhe rajonit.Forumi sh\u00ebrbeu si nj\u00eb platform\u00eb e r\u00ebnd\u00ebsishme p\u00ebr shk\u00ebmbim idesh krijim partneritetesh t\u00eb reja [&hellip;]\" \/>\n<meta property=\"og:url\" content=\"https:\/\/kosovatimes.info\/index.php\/2026\/04\/26\/forumi-ekonomik-kosove-turqi-nje-kapitull-i-ri-per-investimet-dhe-bashkepunimin-strategjik\/\" \/>\n<meta property=\"og:site_name\" content=\"Kosova Times\" \/>\n<meta property=\"article:published_time\" content=\"2026-04-26T06:00:00+00:00\" \/>\n<meta property=\"article:modified_time\" content=\"2026-04-26T06:28:56+00:00\" \/>\n<meta property=\"og:image\" content=\"https:\/\/kosovatimes.info\/wp-content\/uploads\/2026\/04\/forumi.jpeg\" \/>\n\t<meta property=\"og:image:width\" content=\"2048\" \/>\n\t<meta property=\"og:image:height\" content=\"1365\" \/>\n\t<meta property=\"og:image:type\" content=\"image\/jpeg\" \/>\n<meta name=\"author\" content=\"i l\" \/>\n<meta name=\"twitter:card\" content=\"summary_large_image\" \/>\n<meta name=\"twitter:label1\" content=\"Written by\" \/>\n\t<meta name=\"twitter:data1\" content=\"i l\" \/>\n\t<meta name=\"twitter:label2\" content=\"Est. reading time\" \/>\n\t<meta name=\"twitter:data2\" content=\"3 minutes\" \/>\n<script type=\"application\/ld+json\" class=\"yoast-schema-graph\">{\"@context\":\"https:\\\/\\\/schema.org\",\"@graph\":[{\"@type\":\"Article\",\"@id\":\"https:\\\/\\\/kosovatimes.info\\\/index.php\\\/2026\\\/04\\\/26\\\/forumi-ekonomik-kosove-turqi-nje-kapitull-i-ri-per-investimet-dhe-bashkepunimin-strategjik\\\/#article\",\"isPartOf\":{\"@id\":\"https:\\\/\\\/kosovatimes.info\\\/index.php\\\/2026\\\/04\\\/26\\\/forumi-ekonomik-kosove-turqi-nje-kapitull-i-ri-per-investimet-dhe-bashkepunimin-strategjik\\\/\"},\"author\":{\"name\":\"i l\",\"@id\":\"https:\\\/\\\/kosovatimes.info\\\/#\\\/schema\\\/person\\\/7586712b9c512fe68085de007378c915\"},\"headline\":\"Forumi Ekonomik Kosov\u00eb\u2013Turqi: Nj\u00eb Kapitull i Ri p\u00ebr Investimet dhe Bashk\u00ebpunimin Strategjik\",\"datePublished\":\"2026-04-26T06:00:00+00:00\",\"dateModified\":\"2026-04-26T06:28:56+00:00\",\"mainEntityOfPage\":{\"@id\":\"https:\\\/\\\/kosovatimes.info\\\/index.php\\\/2026\\\/04\\\/26\\\/forumi-ekonomik-kosove-turqi-nje-kapitull-i-ri-per-investimet-dhe-bashkepunimin-strategjik\\\/\"},\"wordCount\":365,\"commentCount\":0,\"image\":{\"@id\":\"https:\\\/\\\/kosovatimes.info\\\/index.php\\\/2026\\\/04\\\/26\\\/forumi-ekonomik-kosove-turqi-nje-kapitull-i-ri-per-investimet-dhe-bashkepunimin-strategjik\\\/#primaryimage\"},\"thumbnailUrl\":\"https:\\\/\\\/kosovatimes.info\\\/wp-content\\\/uploads\\\/2026\\\/04\\\/forumi.jpeg\",\"articleSection\":[\"Ekonomi\"],\"inLanguage\":\"en-US\",\"potentialAction\":[{\"@type\":\"CommentAction\",\"name\":\"Comment\",\"target\":[\"https:\\\/\\\/kosovatimes.info\\\/index.php\\\/2026\\\/04\\\/26\\\/forumi-ekonomik-kosove-turqi-nje-kapitull-i-ri-per-investimet-dhe-bashkepunimin-strategjik\\\/#respond\"]}]},{\"@type\":\"WebPage\",\"@id\":\"https:\\\/\\\/kosovatimes.info\\\/index.php\\\/2026\\\/04\\\/26\\\/forumi-ekonomik-kosove-turqi-nje-kapitull-i-ri-per-investimet-dhe-bashkepunimin-strategjik\\\/\",\"url\":\"https:\\\/\\\/kosovatimes.info\\\/index.php\\\/2026\\\/04\\\/26\\\/forumi-ekonomik-kosove-turqi-nje-kapitull-i-ri-per-investimet-dhe-bashkepunimin-strategjik\\\/\",\"name\":\"Forumi Ekonomik Kosov\u00eb\u2013Turqi: Nj\u00eb Kapitull i Ri p\u00ebr Investimet dhe Bashk\u00ebpunimin Strategjik - Kosova Times\",\"isPartOf\":{\"@id\":\"https:\\\/\\\/kosovatimes.info\\\/#website\"},\"primaryImageOfPage\":{\"@id\":\"https:\\\/\\\/kosovatimes.info\\\/index.php\\\/2026\\\/04\\\/26\\\/forumi-ekonomik-kosove-turqi-nje-kapitull-i-ri-per-investimet-dhe-bashkepunimin-strategjik\\\/#primaryimage\"},\"image\":{\"@id\":\"https:\\\/\\\/kosovatimes.info\\\/index.php\\\/2026\\\/04\\\/26\\\/forumi-ekonomik-kosove-turqi-nje-kapitull-i-ri-per-investimet-dhe-bashkepunimin-strategjik\\\/#primaryimage\"},\"thumbnailUrl\":\"https:\\\/\\\/kosovatimes.info\\\/wp-content\\\/uploads\\\/2026\\\/04\\\/forumi.jpeg\",\"datePublished\":\"2026-04-26T06:00:00+00:00\",\"dateModified\":\"2026-04-26T06:28:56+00:00\",\"author\":{\"@id\":\"https:\\\/\\\/kosovatimes.info\\\/#\\\/schema\\\/person\\\/7586712b9c512fe68085de007378c915\"},\"breadcrumb\":{\"@id\":\"https:\\\/\\\/kosovatimes.info\\\/index.php\\\/2026\\\/04\\\/26\\\/forumi-ekonomik-kosove-turqi-nje-kapitull-i-ri-per-investimet-dhe-bashkepunimin-strategjik\\\/#breadcrumb\"},\"inLanguage\":\"en-US\",\"potentialAction\":[{\"@type\":\"ReadAction\",\"target\":[\"https:\\\/\\\/kosovatimes.info\\\/index.php\\\/2026\\\/04\\\/26\\\/forumi-ekonomik-kosove-turqi-nje-kapitull-i-ri-per-investimet-dhe-bashkepunimin-strategjik\\\/\"]}]},{\"@type\":\"ImageObject\",\"inLanguage\":\"en-US\",\"@id\":\"https:\\\/\\\/kosovatimes.info\\\/index.php\\\/2026\\\/04\\\/26\\\/forumi-ekonomik-kosove-turqi-nje-kapitull-i-ri-per-investimet-dhe-bashkepunimin-strategjik\\\/#primaryimage\",\"url\":\"https:\\\/\\\/kosovatimes.info\\\/wp-content\\\/uploads\\\/2026\\\/04\\\/forumi.jpeg\",\"contentUrl\":\"https:\\\/\\\/kosovatimes.info\\\/wp-content\\\/uploads\\\/2026\\\/04\\\/forumi.jpeg\",\"width\":2048,\"height\":1365},{\"@type\":\"BreadcrumbList\",\"@id\":\"https:\\\/\\\/kosovatimes.info\\\/index.php\\\/2026\\\/04\\\/26\\\/forumi-ekonomik-kosove-turqi-nje-kapitull-i-ri-per-investimet-dhe-bashkepunimin-strategjik\\\/#breadcrumb\",\"itemListElement\":[{\"@type\":\"ListItem\",\"position\":1,\"name\":\"Home\",\"item\":\"https:\\\/\\\/kosovatimes.info\\\/\"},{\"@type\":\"ListItem\",\"position\":2,\"name\":\"Forumi Ekonomik Kosov\u00eb\u2013Turqi: Nj\u00eb Kapitull i Ri p\u00ebr Investimet dhe Bashk\u00ebpunimin Strategjik\"}]},{\"@type\":\"WebSite\",\"@id\":\"https:\\\/\\\/kosovatimes.info\\\/#website\",\"url\":\"https:\\\/\\\/kosovatimes.info\\\/\",\"name\":\"Kosova Times\",\"description\":\"\",\"potentialAction\":[{\"@type\":\"SearchAction\",\"target\":{\"@type\":\"EntryPoint\",\"urlTemplate\":\"https:\\\/\\\/kosovatimes.info\\\/?s={search_term_string}\"},\"query-input\":{\"@type\":\"PropertyValueSpecification\",\"valueRequired\":true,\"valueName\":\"search_term_string\"}}],\"inLanguage\":\"en-US\"},{\"@type\":\"Person\",\"@id\":\"https:\\\/\\\/kosovatimes.info\\\/#\\\/schema\\\/person\\\/7586712b9c512fe68085de007378c915\",\"name\":\"i l\",\"image\":{\"@type\":\"ImageObject\",\"inLanguage\":\"en-US\",\"@id\":\"https:\\\/\\\/secure.gravatar.com\\\/avatar\\\/bad9296e02816160ae2e2435beda58222022298d5625d49fea74d18816fbb31d?s=96&d=mm&r=g\",\"url\":\"https:\\\/\\\/secure.gravatar.com\\\/avatar\\\/bad9296e02816160ae2e2435beda58222022298d5625d49fea74d18816fbb31d?s=96&d=mm&r=g\",\"contentUrl\":\"https:\\\/\\\/secure.gravatar.com\\\/avatar\\\/bad9296e02816160ae2e2435beda58222022298d5625d49fea74d18816fbb31d?s=96&d=mm&r=g\",\"caption\":\"i l\"},\"url\":\"https:\\\/\\\/kosovatimes.info\\\/index.php\\\/author\\\/iliri\\\/\"}]}<\/script>\n<!-- \/ Yoast SEO plugin. -->","yoast_head_json":{"title":"Forumi Ekonomik Kosov\u00eb\u2013Turqi: Nj\u00eb Kapitull i Ri p\u00ebr Investimet dhe Bashk\u00ebpunimin Strategjik - Kosova Times","robots":{"index":"index","follow":"follow","max-snippet":"max-snippet:-1","max-image-preview":"max-image-preview:large","max-video-preview":"max-video-preview:-1"},"canonical":"https:\/\/kosovatimes.info\/index.php\/2026\/04\/26\/forumi-ekonomik-kosove-turqi-nje-kapitull-i-ri-per-investimet-dhe-bashkepunimin-strategjik\/","og_locale":"en_US","og_type":"article","og_title":"Forumi Ekonomik Kosov\u00eb\u2013Turqi: Nj\u00eb Kapitull i Ri p\u00ebr Investimet dhe Bashk\u00ebpunimin Strategjik - Kosova Times","og_description":"Dje u mbajt me sukses Forumi i Bashk\u00ebpunimit Ekonomik Kosov\u00eb\u2013Turqi, nj\u00eb ngjarje ky\u00e7e q\u00eb sh\u00ebnon nj\u00eb hap t\u00eb r\u00ebnd\u00ebsish\u00ebm drejt forcimit t\u00eb raporteve ekonomike dhe diplomatike mes dy vendeve. Kjo \u00ebsht\u00eb nj\u00eb ngjarje v\u00ebrtet dometh\u00ebn\u00ebse p\u00ebr peizazhin ekonomik t\u00eb Kosov\u00ebs dhe rajonit.Forumi sh\u00ebrbeu si nj\u00eb platform\u00eb e r\u00ebnd\u00ebsishme p\u00ebr shk\u00ebmbim idesh krijim partneritetesh t\u00eb reja [&hellip;]","og_url":"https:\/\/kosovatimes.info\/index.php\/2026\/04\/26\/forumi-ekonomik-kosove-turqi-nje-kapitull-i-ri-per-investimet-dhe-bashkepunimin-strategjik\/","og_site_name":"Kosova Times","article_published_time":"2026-04-26T06:00:00+00:00","article_modified_time":"2026-04-26T06:28:56+00:00","og_image":[{"width":2048,"height":1365,"url":"https:\/\/kosovatimes.info\/wp-content\/uploads\/2026\/04\/forumi.jpeg","type":"image\/jpeg"}],"author":"i l","twitter_card":"summary_large_image","twitter_misc":{"Written by":"i l","Est. reading time":"3 minutes"},"schema":{"@context":"https:\/\/schema.org","@graph":[{"@type":"Article","@id":"https:\/\/kosovatimes.info\/index.php\/2026\/04\/26\/forumi-ekonomik-kosove-turqi-nje-kapitull-i-ri-per-investimet-dhe-bashkepunimin-strategjik\/#article","isPartOf":{"@id":"https:\/\/kosovatimes.info\/index.php\/2026\/04\/26\/forumi-ekonomik-kosove-turqi-nje-kapitull-i-ri-per-investimet-dhe-bashkepunimin-strategjik\/"},"author":{"name":"i l","@id":"https:\/\/kosovatimes.info\/#\/schema\/person\/7586712b9c512fe68085de007378c915"},"headline":"Forumi Ekonomik Kosov\u00eb\u2013Turqi: Nj\u00eb Kapitull i Ri p\u00ebr Investimet dhe Bashk\u00ebpunimin Strategjik","datePublished":"2026-04-26T06:00:00+00:00","dateModified":"2026-04-26T06:28:56+00:00","mainEntityOfPage":{"@id":"https:\/\/kosovatimes.info\/index.php\/2026\/04\/26\/forumi-ekonomik-kosove-turqi-nje-kapitull-i-ri-per-investimet-dhe-bashkepunimin-strategjik\/"},"wordCount":365,"commentCount":0,"image":{"@id":"https:\/\/kosovatimes.info\/index.php\/2026\/04\/26\/forumi-ekonomik-kosove-turqi-nje-kapitull-i-ri-per-investimet-dhe-bashkepunimin-strategjik\/#primaryimage"},"thumbnailUrl":"https:\/\/kosovatimes.info\/wp-content\/uploads\/2026\/04\/forumi.jpeg","articleSection":["Ekonomi"],"inLanguage":"en-US","potentialAction":[{"@type":"CommentAction","name":"Comment","target":["https:\/\/kosovatimes.info\/index.php\/2026\/04\/26\/forumi-ekonomik-kosove-turqi-nje-kapitull-i-ri-per-investimet-dhe-bashkepunimin-strategjik\/#respond"]}]},{"@type":"WebPage","@id":"https:\/\/kosovatimes.info\/index.php\/2026\/04\/26\/forumi-ekonomik-kosove-turqi-nje-kapitull-i-ri-per-investimet-dhe-bashkepunimin-strategjik\/","url":"https:\/\/kosovatimes.info\/index.php\/2026\/04\/26\/forumi-ekonomik-kosove-turqi-nje-kapitull-i-ri-per-investimet-dhe-bashkepunimin-strategjik\/","name":"Forumi Ekonomik Kosov\u00eb\u2013Turqi: Nj\u00eb Kapitull i Ri p\u00ebr Investimet dhe Bashk\u00ebpunimin Strategjik - Kosova Times","isPartOf":{"@id":"https:\/\/kosovatimes.info\/#website"},"primaryImageOfPage":{"@id":"https:\/\/kosovatimes.info\/index.php\/2026\/04\/26\/forumi-ekonomik-kosove-turqi-nje-kapitull-i-ri-per-investimet-dhe-bashkepunimin-strategjik\/#primaryimage"},"image":{"@id":"https:\/\/kosovatimes.info\/index.php\/2026\/04\/26\/forumi-ekonomik-kosove-turqi-nje-kapitull-i-ri-per-investimet-dhe-bashkepunimin-strategjik\/#primaryimage"},"thumbnailUrl":"https:\/\/kosovatimes.info\/wp-content\/uploads\/2026\/04\/forumi.jpeg","datePublished":"2026-04-26T06:00:00+00:00","dateModified":"2026-04-26T06:28:56+00:00","author":{"@id":"https:\/\/kosovatimes.info\/#\/schema\/person\/7586712b9c512fe68085de007378c915"},"breadcrumb":{"@id":"https:\/\/kosovatimes.info\/index.php\/2026\/04\/26\/forumi-ekonomik-kosove-turqi-nje-kapitull-i-ri-per-investimet-dhe-bashkepunimin-strategjik\/#breadcrumb"},"inLanguage":"en-US","potentialAction":[{"@type":"ReadAction","target":["https:\/\/kosovatimes.info\/index.php\/2026\/04\/26\/forumi-ekonomik-kosove-turqi-nje-kapitull-i-ri-per-investimet-dhe-bashkepunimin-strategjik\/"]}]},{"@type":"ImageObject","inLanguage":"en-US","@id":"https:\/\/kosovatimes.info\/index.php\/2026\/04\/26\/forumi-ekonomik-kosove-turqi-nje-kapitull-i-ri-per-investimet-dhe-bashkepunimin-strategjik\/#primaryimage","url":"https:\/\/kosovatimes.info\/wp-content\/uploads\/2026\/04\/forumi.jpeg","contentUrl":"https:\/\/kosovatimes.info\/wp-content\/uploads\/2026\/04\/forumi.jpeg","width":2048,"height":1365},{"@type":"BreadcrumbList","@id":"https:\/\/kosovatimes.info\/index.php\/2026\/04\/26\/forumi-ekonomik-kosove-turqi-nje-kapitull-i-ri-per-investimet-dhe-bashkepunimin-strategjik\/#breadcrumb","itemListElement":[{"@type":"ListItem","position":1,"name":"Home","item":"https:\/\/kosovatimes.info\/"},{"@type":"ListItem","position":2,"name":"Forumi Ekonomik Kosov\u00eb\u2013Turqi: Nj\u00eb Kapitull i Ri p\u00ebr Investimet dhe Bashk\u00ebpunimin Strategjik"}]},{"@type":"WebSite","@id":"https:\/\/kosovatimes.info\/#website","url":"https:\/\/kosovatimes.info\/","name":"Kosova Times","description":"","potentialAction":[{"@type":"SearchAction","target":{"@type":"EntryPoint","urlTemplate":"https:\/\/kosovatimes.info\/?s={search_term_string}"},"query-input":{"@type":"PropertyValueSpecification","valueRequired":true,"valueName":"search_term_string"}}],"inLanguage":"en-US"},{"@type":"Person","@id":"https:\/\/kosovatimes.info\/#\/schema\/person\/7586712b9c512fe68085de007378c915","name":"i l","image":{"@type":"ImageObject","inLanguage":"en-US","@id":"https:\/\/secure.gravatar.com\/avatar\/bad9296e02816160ae2e2435beda58222022298d5625d49fea74d18816fbb31d?s=96&d=mm&r=g","url":"https:\/\/secure.gravatar.com\/avatar\/bad9296e02816160ae2e2435beda58222022298d5625d49fea74d18816fbb31d?s=96&d=mm&r=g","contentUrl":"https:\/\/secure.gravatar.com\/avatar\/bad9296e02816160ae2e2435beda58222022298d5625d49fea74d18816fbb31d?s=96&d=mm&r=g","caption":"i l"},"url":"https:\/\/kosovatimes.info\/index.php\/author\/iliri\/"}]}},"_links":{"self":[{"href":"https:\/\/kosovatimes.info\/index.php\/wp-json\/wp\/v2\/posts\/11764","targetHints":{"allow":["GET"]}}],"collection":[{"href":"https:\/\/kosovatimes.info\/index.php\/wp-json\/wp\/v2\/posts"}],"about":[{"href":"https:\/\/kosovatimes.info\/index.php\/wp-json\/wp\/v2\/types\/post"}],"author":[{"embeddable":true,"href":"https:\/\/kosovatimes.info\/index.php\/wp-json\/wp\/v2\/users\/4"}],"replies":[{"embeddable":true,"href":"https:\/\/kosovatimes.info\/index.php\/wp-json\/wp\/v2\/comments?post=11764"}],"version-history":[{"count":3,"href":"https:\/\/kosovatimes.info\/index.php\/wp-json\/wp\/v2\/posts\/11764\/revisions"}],"predecessor-version":[{"id":11779,"href":"https:\/\/kosovatimes.info\/index.php\/wp-json\/wp\/v2\/posts\/11764\/revisions\/11779"}],"wp:featuredmedia":[{"embeddable":true,"href":"https:\/\/kosovatimes.info\/index.php\/wp-json\/wp\/v2\/media\/11765"}],"wp:attachment":[{"href":"https:\/\/kosovatimes.info\/index.php\/wp-json\/wp\/v2\/media?parent=11764"}],"wp:term":[{"taxonomy":"category","embeddable":true,"href":"https:\/\/kosovatimes.info\/index.php\/wp-json\/wp\/v2\/categories?post=11764"},{"taxonomy":"post_tag","embeddable":true,"href":"https:\/\/kosovatimes.info\/index.php\/wp-json\/wp\/v2\/tags?post=11764"}],"curies":[{"name":"wp","href":"https:\/\/api.w.org\/{rel}","templated":true}]}}