{"id":11789,"date":"2026-04-26T11:35:14","date_gmt":"2026-04-26T09:35:14","guid":{"rendered":"https:\/\/kosovatimes.info\/?p=11789"},"modified":"2026-04-26T11:35:17","modified_gmt":"2026-04-26T09:35:17","slug":"vendi-i-zanave-nje-nga-vendet-me-te-cuditshme-ne-skoci-eshte-i-fshehur-ne-ishullin-skye","status":"publish","type":"post","link":"https:\/\/kosovatimes.info\/index.php\/2026\/04\/26\/vendi-i-zanave-nje-nga-vendet-me-te-cuditshme-ne-skoci-eshte-i-fshehur-ne-ishullin-skye\/","title":{"rendered":"Vendi i Zanave: Nj\u00eb nga vendet m\u00eb t\u00eb \u00e7uditshme n\u00eb Skoci \u00ebsht\u00eb i fshehur n\u00eb Ishullin Skye"},"content":{"rendered":"\n<p>Nj\u00eb pamje krejt\u00ebsisht t\u00eb ve\u00e7ant\u00eb dhe t\u00eb ndryshme nga t\u00eb gjitha m\u00eb sip\u00ebr ofrohet nga Gleni i Zanave, nj\u00eb peizazh i vog\u00ebl kodrinor q\u00eb, p\u00ebr shkak t\u00eb formave dhe p\u00ebrmasave t\u00eb tij, duket pothuajse joreal, si nj\u00eb version n\u00eb miniatur\u00eb i nj\u00eb zone m\u00eb t\u00eb madhe malore&#8230;<\/p>\n\n\n\n<p><strong>Ishulli Skye<\/strong>\u00a0\u00ebsht\u00eb nj\u00eb nga pjes\u00ebt m\u00eb t\u00eb vizituara\u00a0<br><strong>t\u00eb Skocis\u00eb,<\/strong>\u00a0kryesisht p\u00ebr shkak t\u00eb peizazheve t\u00eb saj t\u00eb pabesueshme dhe atraksioneve t\u00eb shumta n\u00eb nj\u00eb zon\u00eb relativisht t\u00eb vog\u00ebl. N\u00eb Gadishullin Trotternish mund t\u00eb shihni\u00a0<br><strong>Storr-in,<\/strong>\u00a0nj\u00eb formacion shk\u00ebmbor dominues q\u00eb \u00ebsht\u00eb nj\u00eb nga simbolet e ishullit. Maja e tij mund t\u00eb arrihet n\u00eb rreth nj\u00eb or\u00eb e gjysm\u00eb n\u00eb k\u00ebmb\u00eb. Gjithashtu aty pran\u00eb \u00ebsht\u00eb\u00a0<br><strong>Quiraing,<\/strong>\u00a0nj\u00eb qaf\u00eb malore mahnit\u00ebse me shk\u00ebmbinj dhe pika vrojtimi t\u00eb pazakonta q\u00eb shpesh shfaqen n\u00eb fotografi dhe kartolina t\u00eb Skocis\u00eb.<\/p>\n\n\n\n<p>N\u00eb rr\u00ebz\u00eb t\u00eb vargmalit Cuillin do t\u00eb gjeni&nbsp;<strong>Pishinat e Zanave,<\/strong>&nbsp;nj\u00eb seri pishinash dhe uj\u00ebvarash t\u00eb kalt\u00ebrta e t\u00eb kthjell\u00ebta. Edhe pse uji \u00ebsht\u00eb pothuajse gjithmon\u00eb shum\u00eb i ftoht\u00eb, m\u00eb t\u00eb guximshmit vendosin t\u00eb shkojn\u00eb t\u00eb notojn\u00eb. N\u00eb bregun lindor \u00ebsht\u00eb&nbsp;<strong>Shk\u00ebmbi Kilt<\/strong>&nbsp;, nj\u00eb shk\u00ebmb, kolonat e bazaltit t\u00eb t\u00eb cilit ngjajn\u00eb me palosjet e nj\u00eb kilti skocez, pran\u00eb nj\u00eb uj\u00ebvare q\u00eb bie drejt e n\u00eb det.<\/p>\n\n\n\n<h2 class=\"wp-block-heading\">N\u00eb rrug\u00ebt e s\u00eb kaluar\u00ebs&nbsp;<\/h2>\n\n\n\n<p>Vendet historike n\u00eb Skye mbartin gjithashtu histori emocionuese.&nbsp;<strong>K\u00ebshtjella Dunvegan<\/strong>&nbsp;\u00ebsht\u00eb k\u00ebshtjella m\u00eb e vjet\u00ebr e banuar vazhdimisht n\u00eb Skoci dhe i p\u00ebrket t\u00eb nj\u00ebjtit klan &#8211; MacLeods &#8211; p\u00ebr m\u00eb shum\u00eb se 800 vjet. K\u00ebshtjella Eilean Donan, e vendosur pak para ur\u00ebs q\u00eb t\u00eb \u00e7on n\u00eb ishull, \u00ebsht\u00eb nj\u00eb nga k\u00ebshtjellat m\u00eb t\u00eb fotografuara n\u00eb Evrop\u00eb dhe shfaqet shpesh n\u00eb filma. N\u00eb per\u00ebndim ekstrem \u00ebsht\u00eb&nbsp;<strong>Fari i Neist Point<\/strong>&nbsp;, i famsh\u00ebm p\u00ebr vendndodhjen e tij n\u00eb nj\u00eb shk\u00ebmb, por edhe p\u00ebr faktin se delfin\u00ebt dhe balenat shpesh mund t\u00eb shihen prej andej.<\/p>\n\n\n\n<figure class=\"wp-block-image\"><img decoding=\"async\" src=\"https:\/\/image.dnevnik.hr\/media\/images\/1024xX\/Apr2026\/63302580-otok-skye.jpg\" alt=\"Ishulli i Skye - 5\"\/><\/figure>\n\n\n\n<p>Ishulli i Skye &#8211; 5<\/p>\n\n\n\n<p>Qendra e ishullit \u00ebsht\u00eb&nbsp;<strong>Portree,<\/strong>&nbsp;qyteti m\u00eb i madh dhe m\u00eb i gjall\u00eb n\u00eb ishull, i lidhur me kontinentin me an\u00eb t\u00eb nj\u00eb ure. Portree \u00ebsht\u00eb i njohur p\u00ebr portin e tij t\u00eb rrethuar nga shk\u00ebmbinj piktoresk\u00eb, bare dhe kultur\u00ebn e artin gael. N\u00eb Carbost mund t\u00eb ndaloni n\u00eb distilerin\u00eb&nbsp;<strong>Talisker<\/strong>&nbsp;&#8211; m\u00eb e vjetra n\u00eb ishull, e njohur p\u00ebr uiskin e saj me nj\u00eb karakter t\u00eb fort\u00eb e t\u00eb tymosur q\u00eb pasqyron mjedisin e ashp\u00ebr n\u00eb t\u00eb cilin prodhohet.<\/p>\n\n\n\n<h2 class=\"wp-block-heading\">Zona e deg\u00ebzimit&nbsp;<\/h2>\n\n\n\n<p>Nj\u00eb pamje krejt\u00ebsisht e ndryshme dhe unike nga t\u00eb gjitha m\u00eb sip\u00ebr \u00ebsht\u00eb&nbsp;<strong>Fairy Glen<\/strong>&nbsp;, nj\u00eb peizazh i vog\u00ebl kodrinor q\u00eb, p\u00ebr shkak t\u00eb formave dhe p\u00ebrmasave t\u00eb tij, duket pothuajse joreal, si nj\u00eb version miniatur\u00eb i nj\u00eb zone m\u00eb t\u00eb madhe malore. I vendosur n\u00eb kodrat mbi qytetin e&nbsp;<strong>Uig<\/strong>&nbsp;, n\u00eb vend t\u00eb shk\u00ebmbinjve dramatik\u00eb dhe pamjeve t\u00eb hapura, ai ofron liqene dhe lart\u00ebsi m\u00eb t\u00eb vogla.<\/p>\n\n\n\n<p>Edhe pse emri sugjeron nj\u00eb lidhje me zanat, nuk ka ndonj\u00eb legjend\u00eb specifike q\u00eb ta mb\u00ebshtes\u00eb k\u00ebt\u00eb. Ndjesia e &#8220;p\u00ebrrall\u00ebs&#8221; vjen m\u00eb shum\u00eb nga pamja e saj sesa nga folklori. Peizazhi u formua nga rr\u00ebshqitjet e dheut pas Epok\u00ebs s\u00eb Akullnajave, nj\u00ebsoj si&nbsp;<strong>Quiraing<\/strong>&nbsp;aty pran\u00eb , me er\u00ebn dhe erozionin q\u00eb formuan kodrat dhe shk\u00ebmbinjt\u00eb e pazakont\u00eb gjat\u00eb mij\u00ebra viteve.<\/p>\n\n\n\n<p>Pika qendrore e zon\u00ebs \u00ebsht\u00eb nj\u00eb formacion i njohur si&nbsp;<strong>Castle Ewan,<\/strong>&nbsp;nj\u00eb formacion shk\u00ebmbor natyror q\u00eb i ngjan rr\u00ebnojave t\u00eb nj\u00eb k\u00ebshtjelle mesjetare. Nj\u00eb shteg i ngusht\u00eb dhe mjaft i pjerr\u00ebt t\u00eb \u00e7on n\u00eb maj\u00eb, pjesa e fundit e t\u00eb cilit k\u00ebrkon pak ngjitje, gj\u00eb q\u00eb mund t\u00eb jet\u00eb sfiduese n\u00eb shi ose er\u00eb. Nga maja, mund t\u00eb shihet e gjith\u00eb zona e Fairy Glen dhe lugina p\u00ebrreth.<\/p>\n\n\n\n<p><img decoding=\"async\" src=\"https:\/\/image.dnevnik.hr\/media\/images\/1024xX\/Apr2026\/63302576-otok-skye.jpg\" alt=\"Ishulli i Skye - 1\">Ishulli i Skye &#8211; 1<\/p>\n\n\n\n<h2 class=\"wp-block-heading\">Rrath\u00eb n\u00eb bar&nbsp;<\/h2>\n\n\n\n<p>Zona mund t\u00eb eksplorohet n\u00eb nj\u00eb sh\u00ebtitje relativisht t\u00eb shkurt\u00ebr, rreth nj\u00eb or\u00eb, megjith\u00ebse shumica e vizitor\u00ebve q\u00ebndrojn\u00eb m\u00eb gjat\u00eb p\u00ebr t\u00eb b\u00ebr\u00eb fotografi ose p\u00ebr t\u00eb eksploruar. Nj\u00eb detaj q\u00eb shpesh t\u00ebrheq v\u00ebmendjen jan\u00eb rrath\u00ebt dhe spiralet prej guri q\u00eb vizitor\u00ebt rregullojn\u00eb n\u00eb bar, megjith\u00ebse vendasit nuk e miratojn\u00eb k\u00ebt\u00eb praktik\u00eb sepse&nbsp;<strong>nxit erozionin.<\/strong><\/p>\n\n\n\n<p>Fairy Glen \u00ebsht\u00eb n\u00eb tok\u00eb private, por \u00ebsht\u00eb e hapur p\u00ebr vizitor\u00ebt pa bilet\u00eb. Hyrja b\u00ebhet n\u00ebp\u00ebrmjet nj\u00eb rruge t\u00eb ngusht\u00eb nga&nbsp;<strong>Uig<\/strong>&nbsp;, dhe parkimi \u00ebsht\u00eb i kufizuar, k\u00ebshtu q\u00eb mb\u00ebrritja n\u00eb m\u00ebngjes her\u00ebt ose pasdite von\u00eb konsiderohet m\u00eb praktike. Moti n\u00eb Skye \u00ebsht\u00eb i ndryshuesh\u00ebm dhe terreni \u00ebsht\u00eb shpesh&nbsp;<strong>i lag\u00ebsht dhe i rr\u00ebshqitsh\u00ebm<\/strong>&nbsp;, k\u00ebshtu q\u00eb rekomandohen k\u00ebpuc\u00eb t\u00eb forta dhe rroba t\u00eb pap\u00ebrshkueshme nga uji pavar\u00ebsisht stin\u00ebs.<\/p>\n","protected":false},"excerpt":{"rendered":"<p>Nj\u00eb pamje krejt\u00ebsisht t\u00eb ve\u00e7ant\u00eb dhe t\u00eb ndryshme nga t\u00eb gjitha m\u00eb sip\u00ebr ofrohet nga Gleni i Zanave, nj\u00eb peizazh i vog\u00ebl kodrinor q\u00eb, p\u00ebr shkak t\u00eb formave dhe p\u00ebrmasave t\u00eb tij, duket pothuajse joreal, si nj\u00eb version n\u00eb miniatur\u00eb i nj\u00eb zone m\u00eb t\u00eb madhe malore&#8230; Ishulli Skye\u00a0\u00ebsht\u00eb nj\u00eb nga pjes\u00ebt m\u00eb t\u00eb vizituara\u00a0t\u00eb [&hellip;]<\/p>\n","protected":false},"author":4,"featured_media":11790,"comment_status":"open","ping_status":"open","sticky":false,"template":"","format":"standard","meta":{"footnotes":""},"categories":[43],"tags":[],"class_list":{"0":"post-11789","1":"post","2":"type-post","3":"status-publish","4":"format-standard","5":"has-post-thumbnail","7":"category-turizem"},"yoast_head":"<!-- This site is optimized with the Yoast SEO plugin v27.4 - https:\/\/yoast.com\/product\/yoast-seo-wordpress\/ -->\n<title>Vendi i Zanave: Nj\u00eb nga vendet m\u00eb t\u00eb \u00e7uditshme n\u00eb Skoci \u00ebsht\u00eb i fshehur n\u00eb Ishullin Skye - Kosova Times<\/title>\n<meta name=\"robots\" content=\"index, follow, max-snippet:-1, max-image-preview:large, max-video-preview:-1\" \/>\n<link rel=\"canonical\" href=\"https:\/\/kosovatimes.info\/index.php\/2026\/04\/26\/vendi-i-zanave-nje-nga-vendet-me-te-cuditshme-ne-skoci-eshte-i-fshehur-ne-ishullin-skye\/\" \/>\n<meta property=\"og:locale\" content=\"en_US\" \/>\n<meta property=\"og:type\" content=\"article\" \/>\n<meta property=\"og:title\" content=\"Vendi i Zanave: Nj\u00eb nga vendet m\u00eb t\u00eb \u00e7uditshme n\u00eb Skoci \u00ebsht\u00eb i fshehur n\u00eb Ishullin Skye - Kosova Times\" \/>\n<meta property=\"og:description\" content=\"Nj\u00eb pamje krejt\u00ebsisht t\u00eb ve\u00e7ant\u00eb dhe t\u00eb ndryshme nga t\u00eb gjitha m\u00eb sip\u00ebr ofrohet nga Gleni i Zanave, nj\u00eb peizazh i vog\u00ebl kodrinor q\u00eb, p\u00ebr shkak t\u00eb formave dhe p\u00ebrmasave t\u00eb tij, duket pothuajse joreal, si nj\u00eb version n\u00eb miniatur\u00eb i nj\u00eb zone m\u00eb t\u00eb madhe malore&#8230; Ishulli Skye\u00a0\u00ebsht\u00eb nj\u00eb nga pjes\u00ebt m\u00eb t\u00eb vizituara\u00a0t\u00eb [&hellip;]\" \/>\n<meta property=\"og:url\" content=\"https:\/\/kosovatimes.info\/index.php\/2026\/04\/26\/vendi-i-zanave-nje-nga-vendet-me-te-cuditshme-ne-skoci-eshte-i-fshehur-ne-ishullin-skye\/\" \/>\n<meta property=\"og:site_name\" content=\"Kosova Times\" \/>\n<meta property=\"article:published_time\" content=\"2026-04-26T09:35:14+00:00\" \/>\n<meta property=\"article:modified_time\" content=\"2026-04-26T09:35:17+00:00\" \/>\n<meta property=\"og:image\" content=\"https:\/\/kosovatimes.info\/wp-content\/uploads\/2026\/04\/Glen.webp\" \/>\n\t<meta property=\"og:image:width\" content=\"920\" \/>\n\t<meta property=\"og:image:height\" content=\"695\" \/>\n\t<meta property=\"og:image:type\" content=\"image\/webp\" \/>\n<meta name=\"author\" content=\"i l\" \/>\n<meta name=\"twitter:card\" content=\"summary_large_image\" \/>\n<meta name=\"twitter:label1\" content=\"Written by\" \/>\n\t<meta name=\"twitter:data1\" content=\"i l\" \/>\n\t<meta name=\"twitter:label2\" content=\"Est. reading time\" \/>\n\t<meta name=\"twitter:data2\" content=\"4 minutes\" \/>\n<script type=\"application\/ld+json\" class=\"yoast-schema-graph\">{\"@context\":\"https:\\\/\\\/schema.org\",\"@graph\":[{\"@type\":\"Article\",\"@id\":\"https:\\\/\\\/kosovatimes.info\\\/index.php\\\/2026\\\/04\\\/26\\\/vendi-i-zanave-nje-nga-vendet-me-te-cuditshme-ne-skoci-eshte-i-fshehur-ne-ishullin-skye\\\/#article\",\"isPartOf\":{\"@id\":\"https:\\\/\\\/kosovatimes.info\\\/index.php\\\/2026\\\/04\\\/26\\\/vendi-i-zanave-nje-nga-vendet-me-te-cuditshme-ne-skoci-eshte-i-fshehur-ne-ishullin-skye\\\/\"},\"author\":{\"name\":\"i l\",\"@id\":\"https:\\\/\\\/kosovatimes.info\\\/#\\\/schema\\\/person\\\/7586712b9c512fe68085de007378c915\"},\"headline\":\"Vendi i Zanave: Nj\u00eb nga vendet m\u00eb t\u00eb \u00e7uditshme n\u00eb Skoci \u00ebsht\u00eb i fshehur n\u00eb Ishullin Skye\",\"datePublished\":\"2026-04-26T09:35:14+00:00\",\"dateModified\":\"2026-04-26T09:35:17+00:00\",\"mainEntityOfPage\":{\"@id\":\"https:\\\/\\\/kosovatimes.info\\\/index.php\\\/2026\\\/04\\\/26\\\/vendi-i-zanave-nje-nga-vendet-me-te-cuditshme-ne-skoci-eshte-i-fshehur-ne-ishullin-skye\\\/\"},\"wordCount\":858,\"commentCount\":0,\"image\":{\"@id\":\"https:\\\/\\\/kosovatimes.info\\\/index.php\\\/2026\\\/04\\\/26\\\/vendi-i-zanave-nje-nga-vendet-me-te-cuditshme-ne-skoci-eshte-i-fshehur-ne-ishullin-skye\\\/#primaryimage\"},\"thumbnailUrl\":\"https:\\\/\\\/kosovatimes.info\\\/wp-content\\\/uploads\\\/2026\\\/04\\\/Glen.webp\",\"articleSection\":[\"Turiz\u00ebm\"],\"inLanguage\":\"en-US\",\"potentialAction\":[{\"@type\":\"CommentAction\",\"name\":\"Comment\",\"target\":[\"https:\\\/\\\/kosovatimes.info\\\/index.php\\\/2026\\\/04\\\/26\\\/vendi-i-zanave-nje-nga-vendet-me-te-cuditshme-ne-skoci-eshte-i-fshehur-ne-ishullin-skye\\\/#respond\"]}]},{\"@type\":\"WebPage\",\"@id\":\"https:\\\/\\\/kosovatimes.info\\\/index.php\\\/2026\\\/04\\\/26\\\/vendi-i-zanave-nje-nga-vendet-me-te-cuditshme-ne-skoci-eshte-i-fshehur-ne-ishullin-skye\\\/\",\"url\":\"https:\\\/\\\/kosovatimes.info\\\/index.php\\\/2026\\\/04\\\/26\\\/vendi-i-zanave-nje-nga-vendet-me-te-cuditshme-ne-skoci-eshte-i-fshehur-ne-ishullin-skye\\\/\",\"name\":\"Vendi i Zanave: Nj\u00eb nga vendet m\u00eb t\u00eb \u00e7uditshme n\u00eb Skoci \u00ebsht\u00eb i fshehur n\u00eb Ishullin Skye - Kosova Times\",\"isPartOf\":{\"@id\":\"https:\\\/\\\/kosovatimes.info\\\/#website\"},\"primaryImageOfPage\":{\"@id\":\"https:\\\/\\\/kosovatimes.info\\\/index.php\\\/2026\\\/04\\\/26\\\/vendi-i-zanave-nje-nga-vendet-me-te-cuditshme-ne-skoci-eshte-i-fshehur-ne-ishullin-skye\\\/#primaryimage\"},\"image\":{\"@id\":\"https:\\\/\\\/kosovatimes.info\\\/index.php\\\/2026\\\/04\\\/26\\\/vendi-i-zanave-nje-nga-vendet-me-te-cuditshme-ne-skoci-eshte-i-fshehur-ne-ishullin-skye\\\/#primaryimage\"},\"thumbnailUrl\":\"https:\\\/\\\/kosovatimes.info\\\/wp-content\\\/uploads\\\/2026\\\/04\\\/Glen.webp\",\"datePublished\":\"2026-04-26T09:35:14+00:00\",\"dateModified\":\"2026-04-26T09:35:17+00:00\",\"author\":{\"@id\":\"https:\\\/\\\/kosovatimes.info\\\/#\\\/schema\\\/person\\\/7586712b9c512fe68085de007378c915\"},\"breadcrumb\":{\"@id\":\"https:\\\/\\\/kosovatimes.info\\\/index.php\\\/2026\\\/04\\\/26\\\/vendi-i-zanave-nje-nga-vendet-me-te-cuditshme-ne-skoci-eshte-i-fshehur-ne-ishullin-skye\\\/#breadcrumb\"},\"inLanguage\":\"en-US\",\"potentialAction\":[{\"@type\":\"ReadAction\",\"target\":[\"https:\\\/\\\/kosovatimes.info\\\/index.php\\\/2026\\\/04\\\/26\\\/vendi-i-zanave-nje-nga-vendet-me-te-cuditshme-ne-skoci-eshte-i-fshehur-ne-ishullin-skye\\\/\"]}]},{\"@type\":\"ImageObject\",\"inLanguage\":\"en-US\",\"@id\":\"https:\\\/\\\/kosovatimes.info\\\/index.php\\\/2026\\\/04\\\/26\\\/vendi-i-zanave-nje-nga-vendet-me-te-cuditshme-ne-skoci-eshte-i-fshehur-ne-ishullin-skye\\\/#primaryimage\",\"url\":\"https:\\\/\\\/kosovatimes.info\\\/wp-content\\\/uploads\\\/2026\\\/04\\\/Glen.webp\",\"contentUrl\":\"https:\\\/\\\/kosovatimes.info\\\/wp-content\\\/uploads\\\/2026\\\/04\\\/Glen.webp\",\"width\":920,\"height\":695},{\"@type\":\"BreadcrumbList\",\"@id\":\"https:\\\/\\\/kosovatimes.info\\\/index.php\\\/2026\\\/04\\\/26\\\/vendi-i-zanave-nje-nga-vendet-me-te-cuditshme-ne-skoci-eshte-i-fshehur-ne-ishullin-skye\\\/#breadcrumb\",\"itemListElement\":[{\"@type\":\"ListItem\",\"position\":1,\"name\":\"Home\",\"item\":\"https:\\\/\\\/kosovatimes.info\\\/\"},{\"@type\":\"ListItem\",\"position\":2,\"name\":\"Vendi i Zanave: Nj\u00eb nga vendet m\u00eb t\u00eb \u00e7uditshme n\u00eb Skoci \u00ebsht\u00eb i fshehur n\u00eb Ishullin Skye\"}]},{\"@type\":\"WebSite\",\"@id\":\"https:\\\/\\\/kosovatimes.info\\\/#website\",\"url\":\"https:\\\/\\\/kosovatimes.info\\\/\",\"name\":\"Kosova Times\",\"description\":\"\",\"potentialAction\":[{\"@type\":\"SearchAction\",\"target\":{\"@type\":\"EntryPoint\",\"urlTemplate\":\"https:\\\/\\\/kosovatimes.info\\\/?s={search_term_string}\"},\"query-input\":{\"@type\":\"PropertyValueSpecification\",\"valueRequired\":true,\"valueName\":\"search_term_string\"}}],\"inLanguage\":\"en-US\"},{\"@type\":\"Person\",\"@id\":\"https:\\\/\\\/kosovatimes.info\\\/#\\\/schema\\\/person\\\/7586712b9c512fe68085de007378c915\",\"name\":\"i l\",\"image\":{\"@type\":\"ImageObject\",\"inLanguage\":\"en-US\",\"@id\":\"https:\\\/\\\/secure.gravatar.com\\\/avatar\\\/bad9296e02816160ae2e2435beda58222022298d5625d49fea74d18816fbb31d?s=96&d=mm&r=g\",\"url\":\"https:\\\/\\\/secure.gravatar.com\\\/avatar\\\/bad9296e02816160ae2e2435beda58222022298d5625d49fea74d18816fbb31d?s=96&d=mm&r=g\",\"contentUrl\":\"https:\\\/\\\/secure.gravatar.com\\\/avatar\\\/bad9296e02816160ae2e2435beda58222022298d5625d49fea74d18816fbb31d?s=96&d=mm&r=g\",\"caption\":\"i l\"},\"url\":\"https:\\\/\\\/kosovatimes.info\\\/index.php\\\/author\\\/iliri\\\/\"}]}<\/script>\n<!-- \/ Yoast SEO plugin. -->","yoast_head_json":{"title":"Vendi i Zanave: Nj\u00eb nga vendet m\u00eb t\u00eb \u00e7uditshme n\u00eb Skoci \u00ebsht\u00eb i fshehur n\u00eb Ishullin Skye - Kosova Times","robots":{"index":"index","follow":"follow","max-snippet":"max-snippet:-1","max-image-preview":"max-image-preview:large","max-video-preview":"max-video-preview:-1"},"canonical":"https:\/\/kosovatimes.info\/index.php\/2026\/04\/26\/vendi-i-zanave-nje-nga-vendet-me-te-cuditshme-ne-skoci-eshte-i-fshehur-ne-ishullin-skye\/","og_locale":"en_US","og_type":"article","og_title":"Vendi i Zanave: Nj\u00eb nga vendet m\u00eb t\u00eb \u00e7uditshme n\u00eb Skoci \u00ebsht\u00eb i fshehur n\u00eb Ishullin Skye - Kosova Times","og_description":"Nj\u00eb pamje krejt\u00ebsisht t\u00eb ve\u00e7ant\u00eb dhe t\u00eb ndryshme nga t\u00eb gjitha m\u00eb sip\u00ebr ofrohet nga Gleni i Zanave, nj\u00eb peizazh i vog\u00ebl kodrinor q\u00eb, p\u00ebr shkak t\u00eb formave dhe p\u00ebrmasave t\u00eb tij, duket pothuajse joreal, si nj\u00eb version n\u00eb miniatur\u00eb i nj\u00eb zone m\u00eb t\u00eb madhe malore&#8230; Ishulli Skye\u00a0\u00ebsht\u00eb nj\u00eb nga pjes\u00ebt m\u00eb t\u00eb vizituara\u00a0t\u00eb [&hellip;]","og_url":"https:\/\/kosovatimes.info\/index.php\/2026\/04\/26\/vendi-i-zanave-nje-nga-vendet-me-te-cuditshme-ne-skoci-eshte-i-fshehur-ne-ishullin-skye\/","og_site_name":"Kosova Times","article_published_time":"2026-04-26T09:35:14+00:00","article_modified_time":"2026-04-26T09:35:17+00:00","og_image":[{"width":920,"height":695,"url":"https:\/\/kosovatimes.info\/wp-content\/uploads\/2026\/04\/Glen.webp","type":"image\/webp"}],"author":"i l","twitter_card":"summary_large_image","twitter_misc":{"Written by":"i l","Est. reading time":"4 minutes"},"schema":{"@context":"https:\/\/schema.org","@graph":[{"@type":"Article","@id":"https:\/\/kosovatimes.info\/index.php\/2026\/04\/26\/vendi-i-zanave-nje-nga-vendet-me-te-cuditshme-ne-skoci-eshte-i-fshehur-ne-ishullin-skye\/#article","isPartOf":{"@id":"https:\/\/kosovatimes.info\/index.php\/2026\/04\/26\/vendi-i-zanave-nje-nga-vendet-me-te-cuditshme-ne-skoci-eshte-i-fshehur-ne-ishullin-skye\/"},"author":{"name":"i l","@id":"https:\/\/kosovatimes.info\/#\/schema\/person\/7586712b9c512fe68085de007378c915"},"headline":"Vendi i Zanave: Nj\u00eb nga vendet m\u00eb t\u00eb \u00e7uditshme n\u00eb Skoci \u00ebsht\u00eb i fshehur n\u00eb Ishullin Skye","datePublished":"2026-04-26T09:35:14+00:00","dateModified":"2026-04-26T09:35:17+00:00","mainEntityOfPage":{"@id":"https:\/\/kosovatimes.info\/index.php\/2026\/04\/26\/vendi-i-zanave-nje-nga-vendet-me-te-cuditshme-ne-skoci-eshte-i-fshehur-ne-ishullin-skye\/"},"wordCount":858,"commentCount":0,"image":{"@id":"https:\/\/kosovatimes.info\/index.php\/2026\/04\/26\/vendi-i-zanave-nje-nga-vendet-me-te-cuditshme-ne-skoci-eshte-i-fshehur-ne-ishullin-skye\/#primaryimage"},"thumbnailUrl":"https:\/\/kosovatimes.info\/wp-content\/uploads\/2026\/04\/Glen.webp","articleSection":["Turiz\u00ebm"],"inLanguage":"en-US","potentialAction":[{"@type":"CommentAction","name":"Comment","target":["https:\/\/kosovatimes.info\/index.php\/2026\/04\/26\/vendi-i-zanave-nje-nga-vendet-me-te-cuditshme-ne-skoci-eshte-i-fshehur-ne-ishullin-skye\/#respond"]}]},{"@type":"WebPage","@id":"https:\/\/kosovatimes.info\/index.php\/2026\/04\/26\/vendi-i-zanave-nje-nga-vendet-me-te-cuditshme-ne-skoci-eshte-i-fshehur-ne-ishullin-skye\/","url":"https:\/\/kosovatimes.info\/index.php\/2026\/04\/26\/vendi-i-zanave-nje-nga-vendet-me-te-cuditshme-ne-skoci-eshte-i-fshehur-ne-ishullin-skye\/","name":"Vendi i Zanave: Nj\u00eb nga vendet m\u00eb t\u00eb \u00e7uditshme n\u00eb Skoci \u00ebsht\u00eb i fshehur n\u00eb Ishullin Skye - Kosova Times","isPartOf":{"@id":"https:\/\/kosovatimes.info\/#website"},"primaryImageOfPage":{"@id":"https:\/\/kosovatimes.info\/index.php\/2026\/04\/26\/vendi-i-zanave-nje-nga-vendet-me-te-cuditshme-ne-skoci-eshte-i-fshehur-ne-ishullin-skye\/#primaryimage"},"image":{"@id":"https:\/\/kosovatimes.info\/index.php\/2026\/04\/26\/vendi-i-zanave-nje-nga-vendet-me-te-cuditshme-ne-skoci-eshte-i-fshehur-ne-ishullin-skye\/#primaryimage"},"thumbnailUrl":"https:\/\/kosovatimes.info\/wp-content\/uploads\/2026\/04\/Glen.webp","datePublished":"2026-04-26T09:35:14+00:00","dateModified":"2026-04-26T09:35:17+00:00","author":{"@id":"https:\/\/kosovatimes.info\/#\/schema\/person\/7586712b9c512fe68085de007378c915"},"breadcrumb":{"@id":"https:\/\/kosovatimes.info\/index.php\/2026\/04\/26\/vendi-i-zanave-nje-nga-vendet-me-te-cuditshme-ne-skoci-eshte-i-fshehur-ne-ishullin-skye\/#breadcrumb"},"inLanguage":"en-US","potentialAction":[{"@type":"ReadAction","target":["https:\/\/kosovatimes.info\/index.php\/2026\/04\/26\/vendi-i-zanave-nje-nga-vendet-me-te-cuditshme-ne-skoci-eshte-i-fshehur-ne-ishullin-skye\/"]}]},{"@type":"ImageObject","inLanguage":"en-US","@id":"https:\/\/kosovatimes.info\/index.php\/2026\/04\/26\/vendi-i-zanave-nje-nga-vendet-me-te-cuditshme-ne-skoci-eshte-i-fshehur-ne-ishullin-skye\/#primaryimage","url":"https:\/\/kosovatimes.info\/wp-content\/uploads\/2026\/04\/Glen.webp","contentUrl":"https:\/\/kosovatimes.info\/wp-content\/uploads\/2026\/04\/Glen.webp","width":920,"height":695},{"@type":"BreadcrumbList","@id":"https:\/\/kosovatimes.info\/index.php\/2026\/04\/26\/vendi-i-zanave-nje-nga-vendet-me-te-cuditshme-ne-skoci-eshte-i-fshehur-ne-ishullin-skye\/#breadcrumb","itemListElement":[{"@type":"ListItem","position":1,"name":"Home","item":"https:\/\/kosovatimes.info\/"},{"@type":"ListItem","position":2,"name":"Vendi i Zanave: Nj\u00eb nga vendet m\u00eb t\u00eb \u00e7uditshme n\u00eb Skoci \u00ebsht\u00eb i fshehur n\u00eb Ishullin Skye"}]},{"@type":"WebSite","@id":"https:\/\/kosovatimes.info\/#website","url":"https:\/\/kosovatimes.info\/","name":"Kosova Times","description":"","potentialAction":[{"@type":"SearchAction","target":{"@type":"EntryPoint","urlTemplate":"https:\/\/kosovatimes.info\/?s={search_term_string}"},"query-input":{"@type":"PropertyValueSpecification","valueRequired":true,"valueName":"search_term_string"}}],"inLanguage":"en-US"},{"@type":"Person","@id":"https:\/\/kosovatimes.info\/#\/schema\/person\/7586712b9c512fe68085de007378c915","name":"i l","image":{"@type":"ImageObject","inLanguage":"en-US","@id":"https:\/\/secure.gravatar.com\/avatar\/bad9296e02816160ae2e2435beda58222022298d5625d49fea74d18816fbb31d?s=96&d=mm&r=g","url":"https:\/\/secure.gravatar.com\/avatar\/bad9296e02816160ae2e2435beda58222022298d5625d49fea74d18816fbb31d?s=96&d=mm&r=g","contentUrl":"https:\/\/secure.gravatar.com\/avatar\/bad9296e02816160ae2e2435beda58222022298d5625d49fea74d18816fbb31d?s=96&d=mm&r=g","caption":"i l"},"url":"https:\/\/kosovatimes.info\/index.php\/author\/iliri\/"}]}},"_links":{"self":[{"href":"https:\/\/kosovatimes.info\/index.php\/wp-json\/wp\/v2\/posts\/11789","targetHints":{"allow":["GET"]}}],"collection":[{"href":"https:\/\/kosovatimes.info\/index.php\/wp-json\/wp\/v2\/posts"}],"about":[{"href":"https:\/\/kosovatimes.info\/index.php\/wp-json\/wp\/v2\/types\/post"}],"author":[{"embeddable":true,"href":"https:\/\/kosovatimes.info\/index.php\/wp-json\/wp\/v2\/users\/4"}],"replies":[{"embeddable":true,"href":"https:\/\/kosovatimes.info\/index.php\/wp-json\/wp\/v2\/comments?post=11789"}],"version-history":[{"count":1,"href":"https:\/\/kosovatimes.info\/index.php\/wp-json\/wp\/v2\/posts\/11789\/revisions"}],"predecessor-version":[{"id":11791,"href":"https:\/\/kosovatimes.info\/index.php\/wp-json\/wp\/v2\/posts\/11789\/revisions\/11791"}],"wp:featuredmedia":[{"embeddable":true,"href":"https:\/\/kosovatimes.info\/index.php\/wp-json\/wp\/v2\/media\/11790"}],"wp:attachment":[{"href":"https:\/\/kosovatimes.info\/index.php\/wp-json\/wp\/v2\/media?parent=11789"}],"wp:term":[{"taxonomy":"category","embeddable":true,"href":"https:\/\/kosovatimes.info\/index.php\/wp-json\/wp\/v2\/categories?post=11789"},{"taxonomy":"post_tag","embeddable":true,"href":"https:\/\/kosovatimes.info\/index.php\/wp-json\/wp\/v2\/tags?post=11789"}],"curies":[{"name":"wp","href":"https:\/\/api.w.org\/{rel}","templated":true}]}}