{"id":11804,"date":"2026-04-26T23:30:00","date_gmt":"2026-04-26T21:30:00","guid":{"rendered":"https:\/\/kosovatimes.info\/?p=11804"},"modified":"2026-04-26T13:59:23","modified_gmt":"2026-04-26T11:59:23","slug":"rama-denoj-me-force-sulmin-sulmin-e-dhunshem-me-arme-ne-washington-d-c","status":"publish","type":"post","link":"https:\/\/kosovatimes.info\/index.php\/2026\/04\/26\/rama-denoj-me-force-sulmin-sulmin-e-dhunshem-me-arme-ne-washington-d-c\/","title":{"rendered":"Rama: D\u00ebnoj me forc\u00eb sulmin sulmin e dhunsh\u00ebm me arm\u00eb n\u00eb Washington D.C."},"content":{"rendered":"\n<p><a target=\"_blank\" href=\"https:\/\/www.linkedin.com\/shareArticle?mini=true&amp;url=https%3A%2F%2Fwww.rtklive.com%2Fsq%2Fnews-single.php%3FID%3D723124\" rel=\"noreferrer noopener\"><\/a><\/p>\n\n\n\n<h2 class=\"wp-block-heading\">ATSH<\/h2>\n\n\n\n<p><strong>Kryeministri i Shqip\u00ebris\u00eb, Edi Rama, e konsideroi sot trondit\u00ebs, sulmin e dhunsh\u00ebm me arm\u00eb nga nj\u00eb person i armatosur n\u00eb nj\u00eb hotel n\u00eb Washington D.C. gjat\u00eb nj\u00eb aktiviteti presidencial me gazetar\u00ebt.<\/strong><\/p>\n\n\n\n<p>Rama d\u00ebnoi me forc\u00eb sulmin nd\u00ebrsa u shpreh se \u201cnj\u00eb sulm i till\u00eb godet lirin\u00eb dhe m\u00ebnyr\u00ebn ton\u00eb demokratike t\u00eb jetes\u00ebs kudo\u201d.<\/p>\n\n\n\n<p>\u201cTrondit\u00ebse t\u00eb marr\u00ebsh lajmin p\u00ebr nj\u00eb sulm t\u00eb dhunsh\u00ebm me arm\u00eb nga nj\u00eb person i armatosur n\u00eb nj\u00eb hotel n\u00eb Washington, DC gjat\u00eb nj\u00eb aktiviteti presidencial me gazetar\u00eb. Nj\u00eb sulm i till\u00eb godet lirin\u00eb dhe m\u00ebnyr\u00ebn ton\u00eb demokratike t\u00eb jetes\u00ebs kudo. E d\u00ebnoj me forc\u00eb. I leht\u00ebsuar q\u00eb Presidenti i SHBA-s\u00eb dhe t\u00eb gjith\u00eb t\u00eb pranishmit jan\u00eb t\u00eb sigurt dhe mir\u00eb\u201d, u shpreh Rama.<\/p>\n\n\n\n<p>Presidenti i SHBA-s\u00eb, Donald Trump, nuk p\u00ebsoi l\u00ebndime, nd\u00ebrsa drejtues t\u00eb tjer\u00eb t\u00eb lart\u00eb amerikan\u00eb u evakuuan nga darka vjetore e korrespondent\u00ebve t\u00eb Sht\u00ebpis\u00eb s\u00eb Bardh\u00eb n\u00eb mbr\u00ebmjen e s\u00eb shtun\u00ebs, pas nj\u00eb k\u00ebrc\u00ebnimi me t\u00eb sht\u00ebna arme.<\/p>\n\n\n\n<p>Incidenti ndodhi jasht\u00eb sall\u00ebs s\u00eb banketit n\u00eb hotelin \u201cWashington Hilton\u201d, ku presidenti dhe t\u00eb ftuarit po prisnin t\u00eb fillonin aktivitetin.<\/p>\n","protected":false},"excerpt":{"rendered":"<p>ATSH Kryeministri i Shqip\u00ebris\u00eb, Edi Rama, e konsideroi sot trondit\u00ebs, sulmin e dhunsh\u00ebm me arm\u00eb nga nj\u00eb person i armatosur n\u00eb nj\u00eb hotel n\u00eb Washington D.C. gjat\u00eb nj\u00eb aktiviteti presidencial me gazetar\u00ebt. Rama d\u00ebnoi me forc\u00eb sulmin nd\u00ebrsa u shpreh se \u201cnj\u00eb sulm i till\u00eb godet lirin\u00eb dhe m\u00ebnyr\u00ebn ton\u00eb demokratike t\u00eb jetes\u00ebs kudo\u201d. \u201cTrondit\u00ebse [&hellip;]<\/p>\n","protected":false},"author":4,"featured_media":11805,"comment_status":"open","ping_status":"open","sticky":false,"template":"","format":"standard","meta":{"footnotes":""},"categories":[1],"tags":[],"class_list":{"0":"post-11804","1":"post","2":"type-post","3":"status-publish","4":"format-standard","5":"has-post-thumbnail","7":"category-pafilter"},"yoast_head":"<!-- This site is optimized with the Yoast SEO plugin v27.4 - https:\/\/yoast.com\/product\/yoast-seo-wordpress\/ -->\n<title>Rama: D\u00ebnoj me forc\u00eb sulmin sulmin e dhunsh\u00ebm me arm\u00eb n\u00eb Washington D.C. - Kosova Times<\/title>\n<meta name=\"robots\" content=\"index, follow, max-snippet:-1, max-image-preview:large, max-video-preview:-1\" \/>\n<link rel=\"canonical\" href=\"https:\/\/kosovatimes.info\/index.php\/2026\/04\/26\/rama-denoj-me-force-sulmin-sulmin-e-dhunshem-me-arme-ne-washington-d-c\/\" \/>\n<meta property=\"og:locale\" content=\"en_US\" \/>\n<meta property=\"og:type\" content=\"article\" \/>\n<meta property=\"og:title\" content=\"Rama: D\u00ebnoj me forc\u00eb sulmin sulmin e dhunsh\u00ebm me arm\u00eb n\u00eb Washington D.C. - Kosova Times\" \/>\n<meta property=\"og:description\" content=\"ATSH Kryeministri i Shqip\u00ebris\u00eb, Edi Rama, e konsideroi sot trondit\u00ebs, sulmin e dhunsh\u00ebm me arm\u00eb nga nj\u00eb person i armatosur n\u00eb nj\u00eb hotel n\u00eb Washington D.C. gjat\u00eb nj\u00eb aktiviteti presidencial me gazetar\u00ebt. Rama d\u00ebnoi me forc\u00eb sulmin nd\u00ebrsa u shpreh se \u201cnj\u00eb sulm i till\u00eb godet lirin\u00eb dhe m\u00ebnyr\u00ebn ton\u00eb demokratike t\u00eb jetes\u00ebs kudo\u201d. \u201cTrondit\u00ebse [&hellip;]\" \/>\n<meta property=\"og:url\" content=\"https:\/\/kosovatimes.info\/index.php\/2026\/04\/26\/rama-denoj-me-force-sulmin-sulmin-e-dhunshem-me-arme-ne-washington-d-c\/\" \/>\n<meta property=\"og:site_name\" content=\"Kosova Times\" \/>\n<meta property=\"article:published_time\" content=\"2026-04-26T21:30:00+00:00\" \/>\n<meta property=\"og:image\" content=\"https:\/\/kosovatimes.info\/wp-content\/uploads\/2026\/04\/Rama-6.jpg\" \/>\n\t<meta property=\"og:image:width\" content=\"780\" \/>\n\t<meta property=\"og:image:height\" content=\"500\" \/>\n\t<meta property=\"og:image:type\" content=\"image\/jpeg\" \/>\n<meta name=\"author\" content=\"i l\" \/>\n<meta name=\"twitter:card\" content=\"summary_large_image\" \/>\n<meta name=\"twitter:label1\" content=\"Written by\" \/>\n\t<meta name=\"twitter:data1\" content=\"i l\" \/>\n\t<meta name=\"twitter:label2\" content=\"Est. reading time\" \/>\n\t<meta name=\"twitter:data2\" content=\"1 minute\" \/>\n<script type=\"application\/ld+json\" class=\"yoast-schema-graph\">{\"@context\":\"https:\\\/\\\/schema.org\",\"@graph\":[{\"@type\":\"Article\",\"@id\":\"https:\\\/\\\/kosovatimes.info\\\/index.php\\\/2026\\\/04\\\/26\\\/rama-denoj-me-force-sulmin-sulmin-e-dhunshem-me-arme-ne-washington-d-c\\\/#article\",\"isPartOf\":{\"@id\":\"https:\\\/\\\/kosovatimes.info\\\/index.php\\\/2026\\\/04\\\/26\\\/rama-denoj-me-force-sulmin-sulmin-e-dhunshem-me-arme-ne-washington-d-c\\\/\"},\"author\":{\"name\":\"i l\",\"@id\":\"https:\\\/\\\/kosovatimes.info\\\/#\\\/schema\\\/person\\\/7586712b9c512fe68085de007378c915\"},\"headline\":\"Rama: D\u00ebnoj me forc\u00eb sulmin sulmin e dhunsh\u00ebm me arm\u00eb n\u00eb Washington D.C.\",\"datePublished\":\"2026-04-26T21:30:00+00:00\",\"mainEntityOfPage\":{\"@id\":\"https:\\\/\\\/kosovatimes.info\\\/index.php\\\/2026\\\/04\\\/26\\\/rama-denoj-me-force-sulmin-sulmin-e-dhunshem-me-arme-ne-washington-d-c\\\/\"},\"wordCount\":222,\"commentCount\":0,\"image\":{\"@id\":\"https:\\\/\\\/kosovatimes.info\\\/index.php\\\/2026\\\/04\\\/26\\\/rama-denoj-me-force-sulmin-sulmin-e-dhunshem-me-arme-ne-washington-d-c\\\/#primaryimage\"},\"thumbnailUrl\":\"https:\\\/\\\/kosovatimes.info\\\/wp-content\\\/uploads\\\/2026\\\/04\\\/Rama-6.jpg\",\"articleSection\":[\"pafilter\"],\"inLanguage\":\"en-US\",\"potentialAction\":[{\"@type\":\"CommentAction\",\"name\":\"Comment\",\"target\":[\"https:\\\/\\\/kosovatimes.info\\\/index.php\\\/2026\\\/04\\\/26\\\/rama-denoj-me-force-sulmin-sulmin-e-dhunshem-me-arme-ne-washington-d-c\\\/#respond\"]}]},{\"@type\":\"WebPage\",\"@id\":\"https:\\\/\\\/kosovatimes.info\\\/index.php\\\/2026\\\/04\\\/26\\\/rama-denoj-me-force-sulmin-sulmin-e-dhunshem-me-arme-ne-washington-d-c\\\/\",\"url\":\"https:\\\/\\\/kosovatimes.info\\\/index.php\\\/2026\\\/04\\\/26\\\/rama-denoj-me-force-sulmin-sulmin-e-dhunshem-me-arme-ne-washington-d-c\\\/\",\"name\":\"Rama: D\u00ebnoj me forc\u00eb sulmin sulmin e dhunsh\u00ebm me arm\u00eb n\u00eb Washington D.C. - Kosova Times\",\"isPartOf\":{\"@id\":\"https:\\\/\\\/kosovatimes.info\\\/#website\"},\"primaryImageOfPage\":{\"@id\":\"https:\\\/\\\/kosovatimes.info\\\/index.php\\\/2026\\\/04\\\/26\\\/rama-denoj-me-force-sulmin-sulmin-e-dhunshem-me-arme-ne-washington-d-c\\\/#primaryimage\"},\"image\":{\"@id\":\"https:\\\/\\\/kosovatimes.info\\\/index.php\\\/2026\\\/04\\\/26\\\/rama-denoj-me-force-sulmin-sulmin-e-dhunshem-me-arme-ne-washington-d-c\\\/#primaryimage\"},\"thumbnailUrl\":\"https:\\\/\\\/kosovatimes.info\\\/wp-content\\\/uploads\\\/2026\\\/04\\\/Rama-6.jpg\",\"datePublished\":\"2026-04-26T21:30:00+00:00\",\"author\":{\"@id\":\"https:\\\/\\\/kosovatimes.info\\\/#\\\/schema\\\/person\\\/7586712b9c512fe68085de007378c915\"},\"breadcrumb\":{\"@id\":\"https:\\\/\\\/kosovatimes.info\\\/index.php\\\/2026\\\/04\\\/26\\\/rama-denoj-me-force-sulmin-sulmin-e-dhunshem-me-arme-ne-washington-d-c\\\/#breadcrumb\"},\"inLanguage\":\"en-US\",\"potentialAction\":[{\"@type\":\"ReadAction\",\"target\":[\"https:\\\/\\\/kosovatimes.info\\\/index.php\\\/2026\\\/04\\\/26\\\/rama-denoj-me-force-sulmin-sulmin-e-dhunshem-me-arme-ne-washington-d-c\\\/\"]}]},{\"@type\":\"ImageObject\",\"inLanguage\":\"en-US\",\"@id\":\"https:\\\/\\\/kosovatimes.info\\\/index.php\\\/2026\\\/04\\\/26\\\/rama-denoj-me-force-sulmin-sulmin-e-dhunshem-me-arme-ne-washington-d-c\\\/#primaryimage\",\"url\":\"https:\\\/\\\/kosovatimes.info\\\/wp-content\\\/uploads\\\/2026\\\/04\\\/Rama-6.jpg\",\"contentUrl\":\"https:\\\/\\\/kosovatimes.info\\\/wp-content\\\/uploads\\\/2026\\\/04\\\/Rama-6.jpg\",\"width\":780,\"height\":500},{\"@type\":\"BreadcrumbList\",\"@id\":\"https:\\\/\\\/kosovatimes.info\\\/index.php\\\/2026\\\/04\\\/26\\\/rama-denoj-me-force-sulmin-sulmin-e-dhunshem-me-arme-ne-washington-d-c\\\/#breadcrumb\",\"itemListElement\":[{\"@type\":\"ListItem\",\"position\":1,\"name\":\"Home\",\"item\":\"https:\\\/\\\/kosovatimes.info\\\/\"},{\"@type\":\"ListItem\",\"position\":2,\"name\":\"Rama: D\u00ebnoj me forc\u00eb sulmin sulmin e dhunsh\u00ebm me arm\u00eb n\u00eb Washington D.C.\"}]},{\"@type\":\"WebSite\",\"@id\":\"https:\\\/\\\/kosovatimes.info\\\/#website\",\"url\":\"https:\\\/\\\/kosovatimes.info\\\/\",\"name\":\"Kosova Times\",\"description\":\"\",\"potentialAction\":[{\"@type\":\"SearchAction\",\"target\":{\"@type\":\"EntryPoint\",\"urlTemplate\":\"https:\\\/\\\/kosovatimes.info\\\/?s={search_term_string}\"},\"query-input\":{\"@type\":\"PropertyValueSpecification\",\"valueRequired\":true,\"valueName\":\"search_term_string\"}}],\"inLanguage\":\"en-US\"},{\"@type\":\"Person\",\"@id\":\"https:\\\/\\\/kosovatimes.info\\\/#\\\/schema\\\/person\\\/7586712b9c512fe68085de007378c915\",\"name\":\"i l\",\"image\":{\"@type\":\"ImageObject\",\"inLanguage\":\"en-US\",\"@id\":\"https:\\\/\\\/secure.gravatar.com\\\/avatar\\\/bad9296e02816160ae2e2435beda58222022298d5625d49fea74d18816fbb31d?s=96&d=mm&r=g\",\"url\":\"https:\\\/\\\/secure.gravatar.com\\\/avatar\\\/bad9296e02816160ae2e2435beda58222022298d5625d49fea74d18816fbb31d?s=96&d=mm&r=g\",\"contentUrl\":\"https:\\\/\\\/secure.gravatar.com\\\/avatar\\\/bad9296e02816160ae2e2435beda58222022298d5625d49fea74d18816fbb31d?s=96&d=mm&r=g\",\"caption\":\"i l\"},\"url\":\"https:\\\/\\\/kosovatimes.info\\\/index.php\\\/author\\\/iliri\\\/\"}]}<\/script>\n<!-- \/ Yoast SEO plugin. -->","yoast_head_json":{"title":"Rama: D\u00ebnoj me forc\u00eb sulmin sulmin e dhunsh\u00ebm me arm\u00eb n\u00eb Washington D.C. - Kosova Times","robots":{"index":"index","follow":"follow","max-snippet":"max-snippet:-1","max-image-preview":"max-image-preview:large","max-video-preview":"max-video-preview:-1"},"canonical":"https:\/\/kosovatimes.info\/index.php\/2026\/04\/26\/rama-denoj-me-force-sulmin-sulmin-e-dhunshem-me-arme-ne-washington-d-c\/","og_locale":"en_US","og_type":"article","og_title":"Rama: D\u00ebnoj me forc\u00eb sulmin sulmin e dhunsh\u00ebm me arm\u00eb n\u00eb Washington D.C. - Kosova Times","og_description":"ATSH Kryeministri i Shqip\u00ebris\u00eb, Edi Rama, e konsideroi sot trondit\u00ebs, sulmin e dhunsh\u00ebm me arm\u00eb nga nj\u00eb person i armatosur n\u00eb nj\u00eb hotel n\u00eb Washington D.C. gjat\u00eb nj\u00eb aktiviteti presidencial me gazetar\u00ebt. Rama d\u00ebnoi me forc\u00eb sulmin nd\u00ebrsa u shpreh se \u201cnj\u00eb sulm i till\u00eb godet lirin\u00eb dhe m\u00ebnyr\u00ebn ton\u00eb demokratike t\u00eb jetes\u00ebs kudo\u201d. \u201cTrondit\u00ebse [&hellip;]","og_url":"https:\/\/kosovatimes.info\/index.php\/2026\/04\/26\/rama-denoj-me-force-sulmin-sulmin-e-dhunshem-me-arme-ne-washington-d-c\/","og_site_name":"Kosova Times","article_published_time":"2026-04-26T21:30:00+00:00","og_image":[{"width":780,"height":500,"url":"https:\/\/kosovatimes.info\/wp-content\/uploads\/2026\/04\/Rama-6.jpg","type":"image\/jpeg"}],"author":"i l","twitter_card":"summary_large_image","twitter_misc":{"Written by":"i l","Est. reading time":"1 minute"},"schema":{"@context":"https:\/\/schema.org","@graph":[{"@type":"Article","@id":"https:\/\/kosovatimes.info\/index.php\/2026\/04\/26\/rama-denoj-me-force-sulmin-sulmin-e-dhunshem-me-arme-ne-washington-d-c\/#article","isPartOf":{"@id":"https:\/\/kosovatimes.info\/index.php\/2026\/04\/26\/rama-denoj-me-force-sulmin-sulmin-e-dhunshem-me-arme-ne-washington-d-c\/"},"author":{"name":"i l","@id":"https:\/\/kosovatimes.info\/#\/schema\/person\/7586712b9c512fe68085de007378c915"},"headline":"Rama: D\u00ebnoj me forc\u00eb sulmin sulmin e dhunsh\u00ebm me arm\u00eb n\u00eb Washington D.C.","datePublished":"2026-04-26T21:30:00+00:00","mainEntityOfPage":{"@id":"https:\/\/kosovatimes.info\/index.php\/2026\/04\/26\/rama-denoj-me-force-sulmin-sulmin-e-dhunshem-me-arme-ne-washington-d-c\/"},"wordCount":222,"commentCount":0,"image":{"@id":"https:\/\/kosovatimes.info\/index.php\/2026\/04\/26\/rama-denoj-me-force-sulmin-sulmin-e-dhunshem-me-arme-ne-washington-d-c\/#primaryimage"},"thumbnailUrl":"https:\/\/kosovatimes.info\/wp-content\/uploads\/2026\/04\/Rama-6.jpg","articleSection":["pafilter"],"inLanguage":"en-US","potentialAction":[{"@type":"CommentAction","name":"Comment","target":["https:\/\/kosovatimes.info\/index.php\/2026\/04\/26\/rama-denoj-me-force-sulmin-sulmin-e-dhunshem-me-arme-ne-washington-d-c\/#respond"]}]},{"@type":"WebPage","@id":"https:\/\/kosovatimes.info\/index.php\/2026\/04\/26\/rama-denoj-me-force-sulmin-sulmin-e-dhunshem-me-arme-ne-washington-d-c\/","url":"https:\/\/kosovatimes.info\/index.php\/2026\/04\/26\/rama-denoj-me-force-sulmin-sulmin-e-dhunshem-me-arme-ne-washington-d-c\/","name":"Rama: D\u00ebnoj me forc\u00eb sulmin sulmin e dhunsh\u00ebm me arm\u00eb n\u00eb Washington D.C. - Kosova Times","isPartOf":{"@id":"https:\/\/kosovatimes.info\/#website"},"primaryImageOfPage":{"@id":"https:\/\/kosovatimes.info\/index.php\/2026\/04\/26\/rama-denoj-me-force-sulmin-sulmin-e-dhunshem-me-arme-ne-washington-d-c\/#primaryimage"},"image":{"@id":"https:\/\/kosovatimes.info\/index.php\/2026\/04\/26\/rama-denoj-me-force-sulmin-sulmin-e-dhunshem-me-arme-ne-washington-d-c\/#primaryimage"},"thumbnailUrl":"https:\/\/kosovatimes.info\/wp-content\/uploads\/2026\/04\/Rama-6.jpg","datePublished":"2026-04-26T21:30:00+00:00","author":{"@id":"https:\/\/kosovatimes.info\/#\/schema\/person\/7586712b9c512fe68085de007378c915"},"breadcrumb":{"@id":"https:\/\/kosovatimes.info\/index.php\/2026\/04\/26\/rama-denoj-me-force-sulmin-sulmin-e-dhunshem-me-arme-ne-washington-d-c\/#breadcrumb"},"inLanguage":"en-US","potentialAction":[{"@type":"ReadAction","target":["https:\/\/kosovatimes.info\/index.php\/2026\/04\/26\/rama-denoj-me-force-sulmin-sulmin-e-dhunshem-me-arme-ne-washington-d-c\/"]}]},{"@type":"ImageObject","inLanguage":"en-US","@id":"https:\/\/kosovatimes.info\/index.php\/2026\/04\/26\/rama-denoj-me-force-sulmin-sulmin-e-dhunshem-me-arme-ne-washington-d-c\/#primaryimage","url":"https:\/\/kosovatimes.info\/wp-content\/uploads\/2026\/04\/Rama-6.jpg","contentUrl":"https:\/\/kosovatimes.info\/wp-content\/uploads\/2026\/04\/Rama-6.jpg","width":780,"height":500},{"@type":"BreadcrumbList","@id":"https:\/\/kosovatimes.info\/index.php\/2026\/04\/26\/rama-denoj-me-force-sulmin-sulmin-e-dhunshem-me-arme-ne-washington-d-c\/#breadcrumb","itemListElement":[{"@type":"ListItem","position":1,"name":"Home","item":"https:\/\/kosovatimes.info\/"},{"@type":"ListItem","position":2,"name":"Rama: D\u00ebnoj me forc\u00eb sulmin sulmin e dhunsh\u00ebm me arm\u00eb n\u00eb Washington D.C."}]},{"@type":"WebSite","@id":"https:\/\/kosovatimes.info\/#website","url":"https:\/\/kosovatimes.info\/","name":"Kosova Times","description":"","potentialAction":[{"@type":"SearchAction","target":{"@type":"EntryPoint","urlTemplate":"https:\/\/kosovatimes.info\/?s={search_term_string}"},"query-input":{"@type":"PropertyValueSpecification","valueRequired":true,"valueName":"search_term_string"}}],"inLanguage":"en-US"},{"@type":"Person","@id":"https:\/\/kosovatimes.info\/#\/schema\/person\/7586712b9c512fe68085de007378c915","name":"i l","image":{"@type":"ImageObject","inLanguage":"en-US","@id":"https:\/\/secure.gravatar.com\/avatar\/bad9296e02816160ae2e2435beda58222022298d5625d49fea74d18816fbb31d?s=96&d=mm&r=g","url":"https:\/\/secure.gravatar.com\/avatar\/bad9296e02816160ae2e2435beda58222022298d5625d49fea74d18816fbb31d?s=96&d=mm&r=g","contentUrl":"https:\/\/secure.gravatar.com\/avatar\/bad9296e02816160ae2e2435beda58222022298d5625d49fea74d18816fbb31d?s=96&d=mm&r=g","caption":"i l"},"url":"https:\/\/kosovatimes.info\/index.php\/author\/iliri\/"}]}},"_links":{"self":[{"href":"https:\/\/kosovatimes.info\/index.php\/wp-json\/wp\/v2\/posts\/11804","targetHints":{"allow":["GET"]}}],"collection":[{"href":"https:\/\/kosovatimes.info\/index.php\/wp-json\/wp\/v2\/posts"}],"about":[{"href":"https:\/\/kosovatimes.info\/index.php\/wp-json\/wp\/v2\/types\/post"}],"author":[{"embeddable":true,"href":"https:\/\/kosovatimes.info\/index.php\/wp-json\/wp\/v2\/users\/4"}],"replies":[{"embeddable":true,"href":"https:\/\/kosovatimes.info\/index.php\/wp-json\/wp\/v2\/comments?post=11804"}],"version-history":[{"count":1,"href":"https:\/\/kosovatimes.info\/index.php\/wp-json\/wp\/v2\/posts\/11804\/revisions"}],"predecessor-version":[{"id":11806,"href":"https:\/\/kosovatimes.info\/index.php\/wp-json\/wp\/v2\/posts\/11804\/revisions\/11806"}],"wp:featuredmedia":[{"embeddable":true,"href":"https:\/\/kosovatimes.info\/index.php\/wp-json\/wp\/v2\/media\/11805"}],"wp:attachment":[{"href":"https:\/\/kosovatimes.info\/index.php\/wp-json\/wp\/v2\/media?parent=11804"}],"wp:term":[{"taxonomy":"category","embeddable":true,"href":"https:\/\/kosovatimes.info\/index.php\/wp-json\/wp\/v2\/categories?post=11804"},{"taxonomy":"post_tag","embeddable":true,"href":"https:\/\/kosovatimes.info\/index.php\/wp-json\/wp\/v2\/tags?post=11804"}],"curies":[{"name":"wp","href":"https:\/\/api.w.org\/{rel}","templated":true}]}}