{"id":11807,"date":"2026-04-26T23:37:00","date_gmt":"2026-04-26T21:37:00","guid":{"rendered":"https:\/\/kosovatimes.info\/?p=11807"},"modified":"2026-04-26T14:00:17","modified_gmt":"2026-04-26T12:00:17","slug":"starmer-pas-incidentit-sulmet-ndaj-demokracise-duhet-denuar-ashper","status":"publish","type":"post","link":"https:\/\/kosovatimes.info\/index.php\/2026\/04\/26\/starmer-pas-incidentit-sulmet-ndaj-demokracise-duhet-denuar-ashper\/","title":{"rendered":"Starmer pas incidentit: Sulmet ndaj demokracis\u00eb duhet d\u00ebnuar ashp\u00ebr"},"content":{"rendered":"\n<p><strong>Kryeministri i Britanis\u00eb s\u00eb Madhe, Keir Starmer, ka reaguar pas incidentit gjat\u00eb dark\u00ebs s\u00eb p\u00ebrvitshme t\u00eb korrespondent\u00ebve t\u00eb Sht\u00ebpis\u00eb s\u00eb Bardh\u00eb, n\u00eb Uashington, duke shprehur tronditje p\u00ebr ngjarjet n\u00eb Uashington.<\/strong><\/p>\n\n\n\n<p>Ai ka theksuar se sulmet, ndaj institucioneve demokratike dhe liris\u00eb s\u00eb medias, ku ishte prezent\u00eb edhe presidenti amerikan, Donald Trump, duhet t\u00eb d\u00ebnohen n\u00eb m\u00ebnyr\u00ebn m\u00eb t\u00eb fort\u00eb.<\/p>\n\n\n\n<p>\u201cJam i tronditur nga skenat n\u00eb dark\u00ebn e korrespondent\u00ebve n\u00eb Uashington gjat\u00eb nat\u00ebs. \u00c7do sulm ndaj institucioneve demokratike ose liris\u00eb s\u00eb shtypit duhet t\u00eb d\u00ebnohet n\u00eb m\u00ebnyr\u00ebn m\u00eb t\u00eb ashp\u00ebr t\u00eb mundshme. \u00cbsht\u00eb nj\u00eb leht\u00ebsim i madh q\u00eb presidenti i SHBA-s, Zonja e Par\u00eb dhe t\u00eb gjith\u00eb t\u00eb pranishmit jan\u00eb t\u00eb sigurt,\u201d ka deklaruar Starmer.<\/p>\n\n\n\n<figure class=\"wp-block-image\"><img decoding=\"async\" src=\"https:\/\/www.rtklive.com\/sq\/gallery\/news_hidden_inside\/723125\/sssssaa.jpg\" alt=\"\"\/><\/figure>\n\n\n\n<p>Kujtojm\u00eb se t\u00eb sht\u00ebna me arm\u00eb zjarri kan\u00eb tronditur dark\u00ebn tradicionale t\u00eb gazetar\u00ebve t\u00eb Sht\u00ebpis\u00eb s\u00eb Bardh\u00eb n\u00eb Uashington, ku i pranish\u00ebm ishte edhe presidenti Donald Trump, zonja e par\u00eb Mellania Trump dhe zyrtar\u00eb t\u00eb tjer\u00eb t\u00eb lart\u00eb, duke shkaktuar panik mes qindra t\u00eb pranishm\u00ebve dhe nd\u00ebrprerjen e menj\u00ebhershme t\u00eb ngjarjes.<\/p>\n","protected":false},"excerpt":{"rendered":"<p>Kryeministri i Britanis\u00eb s\u00eb Madhe, Keir Starmer, ka reaguar pas incidentit gjat\u00eb dark\u00ebs s\u00eb p\u00ebrvitshme t\u00eb korrespondent\u00ebve t\u00eb Sht\u00ebpis\u00eb s\u00eb Bardh\u00eb, n\u00eb Uashington, duke shprehur tronditje p\u00ebr ngjarjet n\u00eb Uashington. Ai ka theksuar se sulmet, ndaj institucioneve demokratike dhe liris\u00eb s\u00eb medias, ku ishte prezent\u00eb edhe presidenti amerikan, Donald Trump, duhet t\u00eb d\u00ebnohen n\u00eb m\u00ebnyr\u00ebn [&hellip;]<\/p>\n","protected":false},"author":4,"featured_media":11808,"comment_status":"open","ping_status":"open","sticky":false,"template":"","format":"standard","meta":{"footnotes":""},"categories":[33,30],"tags":[],"class_list":{"0":"post-11807","1":"post","2":"type-post","3":"status-publish","4":"format-standard","5":"has-post-thumbnail","7":"category-bote","8":"category-lajme"},"yoast_head":"<!-- This site is optimized with the Yoast SEO plugin v27.4 - https:\/\/yoast.com\/product\/yoast-seo-wordpress\/ -->\n<title>Starmer pas incidentit: Sulmet ndaj demokracis\u00eb duhet d\u00ebnuar ashp\u00ebr - Kosova Times<\/title>\n<meta name=\"robots\" content=\"index, follow, max-snippet:-1, max-image-preview:large, max-video-preview:-1\" \/>\n<link rel=\"canonical\" href=\"https:\/\/kosovatimes.info\/index.php\/2026\/04\/26\/starmer-pas-incidentit-sulmet-ndaj-demokracise-duhet-denuar-ashper\/\" \/>\n<meta property=\"og:locale\" content=\"en_US\" \/>\n<meta property=\"og:type\" content=\"article\" \/>\n<meta property=\"og:title\" content=\"Starmer pas incidentit: Sulmet ndaj demokracis\u00eb duhet d\u00ebnuar ashp\u00ebr - Kosova Times\" \/>\n<meta property=\"og:description\" content=\"Kryeministri i Britanis\u00eb s\u00eb Madhe, Keir Starmer, ka reaguar pas incidentit gjat\u00eb dark\u00ebs s\u00eb p\u00ebrvitshme t\u00eb korrespondent\u00ebve t\u00eb Sht\u00ebpis\u00eb s\u00eb Bardh\u00eb, n\u00eb Uashington, duke shprehur tronditje p\u00ebr ngjarjet n\u00eb Uashington. Ai ka theksuar se sulmet, ndaj institucioneve demokratike dhe liris\u00eb s\u00eb medias, ku ishte prezent\u00eb edhe presidenti amerikan, Donald Trump, duhet t\u00eb d\u00ebnohen n\u00eb m\u00ebnyr\u00ebn [&hellip;]\" \/>\n<meta property=\"og:url\" content=\"https:\/\/kosovatimes.info\/index.php\/2026\/04\/26\/starmer-pas-incidentit-sulmet-ndaj-demokracise-duhet-denuar-ashper\/\" \/>\n<meta property=\"og:site_name\" content=\"Kosova Times\" \/>\n<meta property=\"article:published_time\" content=\"2026-04-26T21:37:00+00:00\" \/>\n<meta property=\"og:image\" content=\"https:\/\/kosovatimes.info\/wp-content\/uploads\/2026\/04\/Starmer.jpg\" \/>\n\t<meta property=\"og:image:width\" content=\"780\" \/>\n\t<meta property=\"og:image:height\" content=\"500\" \/>\n\t<meta property=\"og:image:type\" content=\"image\/jpeg\" \/>\n<meta name=\"author\" content=\"i l\" \/>\n<meta name=\"twitter:card\" content=\"summary_large_image\" \/>\n<meta name=\"twitter:label1\" content=\"Written by\" \/>\n\t<meta name=\"twitter:data1\" content=\"i l\" \/>\n\t<meta name=\"twitter:label2\" content=\"Est. reading time\" \/>\n\t<meta name=\"twitter:data2\" content=\"2 minutes\" \/>\n<script type=\"application\/ld+json\" class=\"yoast-schema-graph\">{\"@context\":\"https:\\\/\\\/schema.org\",\"@graph\":[{\"@type\":\"Article\",\"@id\":\"https:\\\/\\\/kosovatimes.info\\\/index.php\\\/2026\\\/04\\\/26\\\/starmer-pas-incidentit-sulmet-ndaj-demokracise-duhet-denuar-ashper\\\/#article\",\"isPartOf\":{\"@id\":\"https:\\\/\\\/kosovatimes.info\\\/index.php\\\/2026\\\/04\\\/26\\\/starmer-pas-incidentit-sulmet-ndaj-demokracise-duhet-denuar-ashper\\\/\"},\"author\":{\"name\":\"i l\",\"@id\":\"https:\\\/\\\/kosovatimes.info\\\/#\\\/schema\\\/person\\\/7586712b9c512fe68085de007378c915\"},\"headline\":\"Starmer pas incidentit: Sulmet ndaj demokracis\u00eb duhet d\u00ebnuar ashp\u00ebr\",\"datePublished\":\"2026-04-26T21:37:00+00:00\",\"mainEntityOfPage\":{\"@id\":\"https:\\\/\\\/kosovatimes.info\\\/index.php\\\/2026\\\/04\\\/26\\\/starmer-pas-incidentit-sulmet-ndaj-demokracise-duhet-denuar-ashper\\\/\"},\"wordCount\":199,\"commentCount\":0,\"image\":{\"@id\":\"https:\\\/\\\/kosovatimes.info\\\/index.php\\\/2026\\\/04\\\/26\\\/starmer-pas-incidentit-sulmet-ndaj-demokracise-duhet-denuar-ashper\\\/#primaryimage\"},\"thumbnailUrl\":\"https:\\\/\\\/kosovatimes.info\\\/wp-content\\\/uploads\\\/2026\\\/04\\\/Starmer.jpg\",\"articleSection\":[\"Bot\u00eb\",\"Lajme\"],\"inLanguage\":\"en-US\",\"potentialAction\":[{\"@type\":\"CommentAction\",\"name\":\"Comment\",\"target\":[\"https:\\\/\\\/kosovatimes.info\\\/index.php\\\/2026\\\/04\\\/26\\\/starmer-pas-incidentit-sulmet-ndaj-demokracise-duhet-denuar-ashper\\\/#respond\"]}]},{\"@type\":\"WebPage\",\"@id\":\"https:\\\/\\\/kosovatimes.info\\\/index.php\\\/2026\\\/04\\\/26\\\/starmer-pas-incidentit-sulmet-ndaj-demokracise-duhet-denuar-ashper\\\/\",\"url\":\"https:\\\/\\\/kosovatimes.info\\\/index.php\\\/2026\\\/04\\\/26\\\/starmer-pas-incidentit-sulmet-ndaj-demokracise-duhet-denuar-ashper\\\/\",\"name\":\"Starmer pas incidentit: Sulmet ndaj demokracis\u00eb duhet d\u00ebnuar ashp\u00ebr - Kosova Times\",\"isPartOf\":{\"@id\":\"https:\\\/\\\/kosovatimes.info\\\/#website\"},\"primaryImageOfPage\":{\"@id\":\"https:\\\/\\\/kosovatimes.info\\\/index.php\\\/2026\\\/04\\\/26\\\/starmer-pas-incidentit-sulmet-ndaj-demokracise-duhet-denuar-ashper\\\/#primaryimage\"},\"image\":{\"@id\":\"https:\\\/\\\/kosovatimes.info\\\/index.php\\\/2026\\\/04\\\/26\\\/starmer-pas-incidentit-sulmet-ndaj-demokracise-duhet-denuar-ashper\\\/#primaryimage\"},\"thumbnailUrl\":\"https:\\\/\\\/kosovatimes.info\\\/wp-content\\\/uploads\\\/2026\\\/04\\\/Starmer.jpg\",\"datePublished\":\"2026-04-26T21:37:00+00:00\",\"author\":{\"@id\":\"https:\\\/\\\/kosovatimes.info\\\/#\\\/schema\\\/person\\\/7586712b9c512fe68085de007378c915\"},\"breadcrumb\":{\"@id\":\"https:\\\/\\\/kosovatimes.info\\\/index.php\\\/2026\\\/04\\\/26\\\/starmer-pas-incidentit-sulmet-ndaj-demokracise-duhet-denuar-ashper\\\/#breadcrumb\"},\"inLanguage\":\"en-US\",\"potentialAction\":[{\"@type\":\"ReadAction\",\"target\":[\"https:\\\/\\\/kosovatimes.info\\\/index.php\\\/2026\\\/04\\\/26\\\/starmer-pas-incidentit-sulmet-ndaj-demokracise-duhet-denuar-ashper\\\/\"]}]},{\"@type\":\"ImageObject\",\"inLanguage\":\"en-US\",\"@id\":\"https:\\\/\\\/kosovatimes.info\\\/index.php\\\/2026\\\/04\\\/26\\\/starmer-pas-incidentit-sulmet-ndaj-demokracise-duhet-denuar-ashper\\\/#primaryimage\",\"url\":\"https:\\\/\\\/kosovatimes.info\\\/wp-content\\\/uploads\\\/2026\\\/04\\\/Starmer.jpg\",\"contentUrl\":\"https:\\\/\\\/kosovatimes.info\\\/wp-content\\\/uploads\\\/2026\\\/04\\\/Starmer.jpg\",\"width\":780,\"height\":500},{\"@type\":\"BreadcrumbList\",\"@id\":\"https:\\\/\\\/kosovatimes.info\\\/index.php\\\/2026\\\/04\\\/26\\\/starmer-pas-incidentit-sulmet-ndaj-demokracise-duhet-denuar-ashper\\\/#breadcrumb\",\"itemListElement\":[{\"@type\":\"ListItem\",\"position\":1,\"name\":\"Home\",\"item\":\"https:\\\/\\\/kosovatimes.info\\\/\"},{\"@type\":\"ListItem\",\"position\":2,\"name\":\"Starmer pas incidentit: Sulmet ndaj demokracis\u00eb duhet d\u00ebnuar ashp\u00ebr\"}]},{\"@type\":\"WebSite\",\"@id\":\"https:\\\/\\\/kosovatimes.info\\\/#website\",\"url\":\"https:\\\/\\\/kosovatimes.info\\\/\",\"name\":\"Kosova Times\",\"description\":\"\",\"potentialAction\":[{\"@type\":\"SearchAction\",\"target\":{\"@type\":\"EntryPoint\",\"urlTemplate\":\"https:\\\/\\\/kosovatimes.info\\\/?s={search_term_string}\"},\"query-input\":{\"@type\":\"PropertyValueSpecification\",\"valueRequired\":true,\"valueName\":\"search_term_string\"}}],\"inLanguage\":\"en-US\"},{\"@type\":\"Person\",\"@id\":\"https:\\\/\\\/kosovatimes.info\\\/#\\\/schema\\\/person\\\/7586712b9c512fe68085de007378c915\",\"name\":\"i l\",\"image\":{\"@type\":\"ImageObject\",\"inLanguage\":\"en-US\",\"@id\":\"https:\\\/\\\/secure.gravatar.com\\\/avatar\\\/bad9296e02816160ae2e2435beda58222022298d5625d49fea74d18816fbb31d?s=96&d=mm&r=g\",\"url\":\"https:\\\/\\\/secure.gravatar.com\\\/avatar\\\/bad9296e02816160ae2e2435beda58222022298d5625d49fea74d18816fbb31d?s=96&d=mm&r=g\",\"contentUrl\":\"https:\\\/\\\/secure.gravatar.com\\\/avatar\\\/bad9296e02816160ae2e2435beda58222022298d5625d49fea74d18816fbb31d?s=96&d=mm&r=g\",\"caption\":\"i l\"},\"url\":\"https:\\\/\\\/kosovatimes.info\\\/index.php\\\/author\\\/iliri\\\/\"}]}<\/script>\n<!-- \/ Yoast SEO plugin. -->","yoast_head_json":{"title":"Starmer pas incidentit: Sulmet ndaj demokracis\u00eb duhet d\u00ebnuar ashp\u00ebr - Kosova Times","robots":{"index":"index","follow":"follow","max-snippet":"max-snippet:-1","max-image-preview":"max-image-preview:large","max-video-preview":"max-video-preview:-1"},"canonical":"https:\/\/kosovatimes.info\/index.php\/2026\/04\/26\/starmer-pas-incidentit-sulmet-ndaj-demokracise-duhet-denuar-ashper\/","og_locale":"en_US","og_type":"article","og_title":"Starmer pas incidentit: Sulmet ndaj demokracis\u00eb duhet d\u00ebnuar ashp\u00ebr - Kosova Times","og_description":"Kryeministri i Britanis\u00eb s\u00eb Madhe, Keir Starmer, ka reaguar pas incidentit gjat\u00eb dark\u00ebs s\u00eb p\u00ebrvitshme t\u00eb korrespondent\u00ebve t\u00eb Sht\u00ebpis\u00eb s\u00eb Bardh\u00eb, n\u00eb Uashington, duke shprehur tronditje p\u00ebr ngjarjet n\u00eb Uashington. Ai ka theksuar se sulmet, ndaj institucioneve demokratike dhe liris\u00eb s\u00eb medias, ku ishte prezent\u00eb edhe presidenti amerikan, Donald Trump, duhet t\u00eb d\u00ebnohen n\u00eb m\u00ebnyr\u00ebn [&hellip;]","og_url":"https:\/\/kosovatimes.info\/index.php\/2026\/04\/26\/starmer-pas-incidentit-sulmet-ndaj-demokracise-duhet-denuar-ashper\/","og_site_name":"Kosova Times","article_published_time":"2026-04-26T21:37:00+00:00","og_image":[{"width":780,"height":500,"url":"https:\/\/kosovatimes.info\/wp-content\/uploads\/2026\/04\/Starmer.jpg","type":"image\/jpeg"}],"author":"i l","twitter_card":"summary_large_image","twitter_misc":{"Written by":"i l","Est. reading time":"2 minutes"},"schema":{"@context":"https:\/\/schema.org","@graph":[{"@type":"Article","@id":"https:\/\/kosovatimes.info\/index.php\/2026\/04\/26\/starmer-pas-incidentit-sulmet-ndaj-demokracise-duhet-denuar-ashper\/#article","isPartOf":{"@id":"https:\/\/kosovatimes.info\/index.php\/2026\/04\/26\/starmer-pas-incidentit-sulmet-ndaj-demokracise-duhet-denuar-ashper\/"},"author":{"name":"i l","@id":"https:\/\/kosovatimes.info\/#\/schema\/person\/7586712b9c512fe68085de007378c915"},"headline":"Starmer pas incidentit: Sulmet ndaj demokracis\u00eb duhet d\u00ebnuar ashp\u00ebr","datePublished":"2026-04-26T21:37:00+00:00","mainEntityOfPage":{"@id":"https:\/\/kosovatimes.info\/index.php\/2026\/04\/26\/starmer-pas-incidentit-sulmet-ndaj-demokracise-duhet-denuar-ashper\/"},"wordCount":199,"commentCount":0,"image":{"@id":"https:\/\/kosovatimes.info\/index.php\/2026\/04\/26\/starmer-pas-incidentit-sulmet-ndaj-demokracise-duhet-denuar-ashper\/#primaryimage"},"thumbnailUrl":"https:\/\/kosovatimes.info\/wp-content\/uploads\/2026\/04\/Starmer.jpg","articleSection":["Bot\u00eb","Lajme"],"inLanguage":"en-US","potentialAction":[{"@type":"CommentAction","name":"Comment","target":["https:\/\/kosovatimes.info\/index.php\/2026\/04\/26\/starmer-pas-incidentit-sulmet-ndaj-demokracise-duhet-denuar-ashper\/#respond"]}]},{"@type":"WebPage","@id":"https:\/\/kosovatimes.info\/index.php\/2026\/04\/26\/starmer-pas-incidentit-sulmet-ndaj-demokracise-duhet-denuar-ashper\/","url":"https:\/\/kosovatimes.info\/index.php\/2026\/04\/26\/starmer-pas-incidentit-sulmet-ndaj-demokracise-duhet-denuar-ashper\/","name":"Starmer pas incidentit: Sulmet ndaj demokracis\u00eb duhet d\u00ebnuar ashp\u00ebr - Kosova Times","isPartOf":{"@id":"https:\/\/kosovatimes.info\/#website"},"primaryImageOfPage":{"@id":"https:\/\/kosovatimes.info\/index.php\/2026\/04\/26\/starmer-pas-incidentit-sulmet-ndaj-demokracise-duhet-denuar-ashper\/#primaryimage"},"image":{"@id":"https:\/\/kosovatimes.info\/index.php\/2026\/04\/26\/starmer-pas-incidentit-sulmet-ndaj-demokracise-duhet-denuar-ashper\/#primaryimage"},"thumbnailUrl":"https:\/\/kosovatimes.info\/wp-content\/uploads\/2026\/04\/Starmer.jpg","datePublished":"2026-04-26T21:37:00+00:00","author":{"@id":"https:\/\/kosovatimes.info\/#\/schema\/person\/7586712b9c512fe68085de007378c915"},"breadcrumb":{"@id":"https:\/\/kosovatimes.info\/index.php\/2026\/04\/26\/starmer-pas-incidentit-sulmet-ndaj-demokracise-duhet-denuar-ashper\/#breadcrumb"},"inLanguage":"en-US","potentialAction":[{"@type":"ReadAction","target":["https:\/\/kosovatimes.info\/index.php\/2026\/04\/26\/starmer-pas-incidentit-sulmet-ndaj-demokracise-duhet-denuar-ashper\/"]}]},{"@type":"ImageObject","inLanguage":"en-US","@id":"https:\/\/kosovatimes.info\/index.php\/2026\/04\/26\/starmer-pas-incidentit-sulmet-ndaj-demokracise-duhet-denuar-ashper\/#primaryimage","url":"https:\/\/kosovatimes.info\/wp-content\/uploads\/2026\/04\/Starmer.jpg","contentUrl":"https:\/\/kosovatimes.info\/wp-content\/uploads\/2026\/04\/Starmer.jpg","width":780,"height":500},{"@type":"BreadcrumbList","@id":"https:\/\/kosovatimes.info\/index.php\/2026\/04\/26\/starmer-pas-incidentit-sulmet-ndaj-demokracise-duhet-denuar-ashper\/#breadcrumb","itemListElement":[{"@type":"ListItem","position":1,"name":"Home","item":"https:\/\/kosovatimes.info\/"},{"@type":"ListItem","position":2,"name":"Starmer pas incidentit: Sulmet ndaj demokracis\u00eb duhet d\u00ebnuar ashp\u00ebr"}]},{"@type":"WebSite","@id":"https:\/\/kosovatimes.info\/#website","url":"https:\/\/kosovatimes.info\/","name":"Kosova Times","description":"","potentialAction":[{"@type":"SearchAction","target":{"@type":"EntryPoint","urlTemplate":"https:\/\/kosovatimes.info\/?s={search_term_string}"},"query-input":{"@type":"PropertyValueSpecification","valueRequired":true,"valueName":"search_term_string"}}],"inLanguage":"en-US"},{"@type":"Person","@id":"https:\/\/kosovatimes.info\/#\/schema\/person\/7586712b9c512fe68085de007378c915","name":"i l","image":{"@type":"ImageObject","inLanguage":"en-US","@id":"https:\/\/secure.gravatar.com\/avatar\/bad9296e02816160ae2e2435beda58222022298d5625d49fea74d18816fbb31d?s=96&d=mm&r=g","url":"https:\/\/secure.gravatar.com\/avatar\/bad9296e02816160ae2e2435beda58222022298d5625d49fea74d18816fbb31d?s=96&d=mm&r=g","contentUrl":"https:\/\/secure.gravatar.com\/avatar\/bad9296e02816160ae2e2435beda58222022298d5625d49fea74d18816fbb31d?s=96&d=mm&r=g","caption":"i l"},"url":"https:\/\/kosovatimes.info\/index.php\/author\/iliri\/"}]}},"_links":{"self":[{"href":"https:\/\/kosovatimes.info\/index.php\/wp-json\/wp\/v2\/posts\/11807","targetHints":{"allow":["GET"]}}],"collection":[{"href":"https:\/\/kosovatimes.info\/index.php\/wp-json\/wp\/v2\/posts"}],"about":[{"href":"https:\/\/kosovatimes.info\/index.php\/wp-json\/wp\/v2\/types\/post"}],"author":[{"embeddable":true,"href":"https:\/\/kosovatimes.info\/index.php\/wp-json\/wp\/v2\/users\/4"}],"replies":[{"embeddable":true,"href":"https:\/\/kosovatimes.info\/index.php\/wp-json\/wp\/v2\/comments?post=11807"}],"version-history":[{"count":1,"href":"https:\/\/kosovatimes.info\/index.php\/wp-json\/wp\/v2\/posts\/11807\/revisions"}],"predecessor-version":[{"id":11809,"href":"https:\/\/kosovatimes.info\/index.php\/wp-json\/wp\/v2\/posts\/11807\/revisions\/11809"}],"wp:featuredmedia":[{"embeddable":true,"href":"https:\/\/kosovatimes.info\/index.php\/wp-json\/wp\/v2\/media\/11808"}],"wp:attachment":[{"href":"https:\/\/kosovatimes.info\/index.php\/wp-json\/wp\/v2\/media?parent=11807"}],"wp:term":[{"taxonomy":"category","embeddable":true,"href":"https:\/\/kosovatimes.info\/index.php\/wp-json\/wp\/v2\/categories?post=11807"},{"taxonomy":"post_tag","embeddable":true,"href":"https:\/\/kosovatimes.info\/index.php\/wp-json\/wp\/v2\/tags?post=11807"}],"curies":[{"name":"wp","href":"https:\/\/api.w.org\/{rel}","templated":true}]}}