{"id":11810,"date":"2026-04-26T12:18:00","date_gmt":"2026-04-26T10:18:00","guid":{"rendered":"https:\/\/kosovatimes.info\/?p=11810"},"modified":"2026-04-26T14:01:48","modified_gmt":"2026-04-26T12:01:48","slug":"osmani-reagon-pas-sulmit-ne-darken-e-korrespondenteve-ne-shba","status":"publish","type":"post","link":"https:\/\/kosovatimes.info\/index.php\/2026\/04\/26\/osmani-reagon-pas-sulmit-ne-darken-e-korrespondenteve-ne-shba\/","title":{"rendered":"Osmani reagon pas sulmit n\u00eb dark\u00ebn e korrespondent\u00ebve n\u00eb SHBA"},"content":{"rendered":"\n<p><strong>Ish-presidentja e Kosov\u00ebs, Vjosa Osmani, ka reaguar pas incidentit n\u00eb dark\u00ebn e korrespodent\u00ebve t\u00eb Sht\u00ebpis\u00eb s\u00eb Bardh\u00eb n\u00eb Uashington,, ku po merrte pjes\u00eb edhe presidenti amerikan Donald Trump dhe Zonja e Par\u00eb Melania Trump.<\/strong><\/p>\n\n\n\n<p>Ajo ka shprehur solidaritet me Shtetet e Bashkuara, duke vler\u00ebsuar edhe reagimin e shpejt\u00eb t\u00eb Sh\u00ebrbimit Sekret amerikan.<\/p>\n\n\n\n<p>\u201cD\u00ebrgojm\u00eb lutje dhe solidaritet p\u00ebr presidentin Donald Trump, Zonj\u00ebn e Par\u00eb Melania Trump&nbsp;dhe popullin amerikan pas sulmit t\u00eb nat\u00ebs s\u00eb kaluar n\u00eb dark\u00ebn e korrespondent\u00ebve. Besojm\u00eb n\u00eb q\u00ebndrueshm\u00ebrin\u00eb e SHBA-s\u00eb dhe institucioneve t\u00eb saj dhe mbetemi partner\u00eb n\u00eb promovimin e paqes dhe siguris\u00eb n\u00eb bot\u00eb. Jemi mir\u00ebnjoh\u00ebs p\u00ebr guximin e Sh\u00ebrbimit Sekret q\u00eb veproi shpejt p\u00ebr t\u00eb mbrojtur presidentin dhe t\u00eb pranishmit. Shtetet e Bashkuara mbeten mbrojt\u00ebse e fort\u00eb e liris\u00eb dhe demokracis\u00eb,\u201d ka shkruar Osmani n\u00eb X.<\/p>\n\n\n\n<figure class=\"wp-block-image\"><img decoding=\"async\" src=\"https:\/\/www.rtklive.com\/sq\/gallery\/news_hidden_inside\/723126\/ooo.jpg\" alt=\"\"\/><\/figure>\n","protected":false},"excerpt":{"rendered":"<p>Ish-presidentja e Kosov\u00ebs, Vjosa Osmani, ka reaguar pas incidentit n\u00eb dark\u00ebn e korrespodent\u00ebve t\u00eb Sht\u00ebpis\u00eb s\u00eb Bardh\u00eb n\u00eb Uashington,, ku po merrte pjes\u00eb edhe presidenti amerikan Donald Trump dhe Zonja e Par\u00eb Melania Trump. Ajo ka shprehur solidaritet me Shtetet e Bashkuara, duke vler\u00ebsuar edhe reagimin e shpejt\u00eb t\u00eb Sh\u00ebrbimit Sekret amerikan. \u201cD\u00ebrgojm\u00eb lutje dhe [&hellip;]<\/p>\n","protected":false},"author":4,"featured_media":11811,"comment_status":"open","ping_status":"open","sticky":false,"template":"","format":"standard","meta":{"footnotes":""},"categories":[31,30],"tags":[],"class_list":{"0":"post-11810","1":"post","2":"type-post","3":"status-publish","4":"format-standard","5":"has-post-thumbnail","7":"category-kosove","8":"category-lajme"},"yoast_head":"<!-- This site is optimized with the Yoast SEO plugin v27.4 - https:\/\/yoast.com\/product\/yoast-seo-wordpress\/ -->\n<title>Osmani reagon pas sulmit n\u00eb dark\u00ebn e korrespondent\u00ebve n\u00eb SHBA - Kosova Times<\/title>\n<meta name=\"robots\" content=\"index, follow, max-snippet:-1, max-image-preview:large, max-video-preview:-1\" \/>\n<link rel=\"canonical\" href=\"https:\/\/kosovatimes.info\/index.php\/2026\/04\/26\/osmani-reagon-pas-sulmit-ne-darken-e-korrespondenteve-ne-shba\/\" \/>\n<meta property=\"og:locale\" content=\"en_US\" \/>\n<meta property=\"og:type\" content=\"article\" \/>\n<meta property=\"og:title\" content=\"Osmani reagon pas sulmit n\u00eb dark\u00ebn e korrespondent\u00ebve n\u00eb SHBA - Kosova Times\" \/>\n<meta property=\"og:description\" content=\"Ish-presidentja e Kosov\u00ebs, Vjosa Osmani, ka reaguar pas incidentit n\u00eb dark\u00ebn e korrespodent\u00ebve t\u00eb Sht\u00ebpis\u00eb s\u00eb Bardh\u00eb n\u00eb Uashington,, ku po merrte pjes\u00eb edhe presidenti amerikan Donald Trump dhe Zonja e Par\u00eb Melania Trump. Ajo ka shprehur solidaritet me Shtetet e Bashkuara, duke vler\u00ebsuar edhe reagimin e shpejt\u00eb t\u00eb Sh\u00ebrbimit Sekret amerikan. \u201cD\u00ebrgojm\u00eb lutje dhe [&hellip;]\" \/>\n<meta property=\"og:url\" content=\"https:\/\/kosovatimes.info\/index.php\/2026\/04\/26\/osmani-reagon-pas-sulmit-ne-darken-e-korrespondenteve-ne-shba\/\" \/>\n<meta property=\"og:site_name\" content=\"Kosova Times\" \/>\n<meta property=\"article:published_time\" content=\"2026-04-26T10:18:00+00:00\" \/>\n<meta property=\"article:modified_time\" content=\"2026-04-26T12:01:48+00:00\" \/>\n<meta property=\"og:image\" content=\"https:\/\/kosovatimes.info\/wp-content\/uploads\/2026\/04\/Osmani-8.jpg\" \/>\n\t<meta property=\"og:image:width\" content=\"780\" \/>\n\t<meta property=\"og:image:height\" content=\"500\" \/>\n\t<meta property=\"og:image:type\" content=\"image\/jpeg\" \/>\n<meta name=\"author\" content=\"i l\" \/>\n<meta name=\"twitter:card\" content=\"summary_large_image\" \/>\n<meta name=\"twitter:label1\" content=\"Written by\" \/>\n\t<meta name=\"twitter:data1\" content=\"i l\" \/>\n\t<meta name=\"twitter:label2\" content=\"Est. reading time\" \/>\n\t<meta name=\"twitter:data2\" content=\"1 minute\" \/>\n<script type=\"application\/ld+json\" class=\"yoast-schema-graph\">{\"@context\":\"https:\\\/\\\/schema.org\",\"@graph\":[{\"@type\":\"Article\",\"@id\":\"https:\\\/\\\/kosovatimes.info\\\/index.php\\\/2026\\\/04\\\/26\\\/osmani-reagon-pas-sulmit-ne-darken-e-korrespondenteve-ne-shba\\\/#article\",\"isPartOf\":{\"@id\":\"https:\\\/\\\/kosovatimes.info\\\/index.php\\\/2026\\\/04\\\/26\\\/osmani-reagon-pas-sulmit-ne-darken-e-korrespondenteve-ne-shba\\\/\"},\"author\":{\"name\":\"i l\",\"@id\":\"https:\\\/\\\/kosovatimes.info\\\/#\\\/schema\\\/person\\\/7586712b9c512fe68085de007378c915\"},\"headline\":\"Osmani reagon pas sulmit n\u00eb dark\u00ebn e korrespondent\u00ebve n\u00eb SHBA\",\"datePublished\":\"2026-04-26T10:18:00+00:00\",\"dateModified\":\"2026-04-26T12:01:48+00:00\",\"mainEntityOfPage\":{\"@id\":\"https:\\\/\\\/kosovatimes.info\\\/index.php\\\/2026\\\/04\\\/26\\\/osmani-reagon-pas-sulmit-ne-darken-e-korrespondenteve-ne-shba\\\/\"},\"wordCount\":164,\"commentCount\":0,\"image\":{\"@id\":\"https:\\\/\\\/kosovatimes.info\\\/index.php\\\/2026\\\/04\\\/26\\\/osmani-reagon-pas-sulmit-ne-darken-e-korrespondenteve-ne-shba\\\/#primaryimage\"},\"thumbnailUrl\":\"https:\\\/\\\/kosovatimes.info\\\/wp-content\\\/uploads\\\/2026\\\/04\\\/Osmani-8.jpg\",\"articleSection\":[\"Kosov\u00eb\",\"Lajme\"],\"inLanguage\":\"en-US\",\"potentialAction\":[{\"@type\":\"CommentAction\",\"name\":\"Comment\",\"target\":[\"https:\\\/\\\/kosovatimes.info\\\/index.php\\\/2026\\\/04\\\/26\\\/osmani-reagon-pas-sulmit-ne-darken-e-korrespondenteve-ne-shba\\\/#respond\"]}]},{\"@type\":\"WebPage\",\"@id\":\"https:\\\/\\\/kosovatimes.info\\\/index.php\\\/2026\\\/04\\\/26\\\/osmani-reagon-pas-sulmit-ne-darken-e-korrespondenteve-ne-shba\\\/\",\"url\":\"https:\\\/\\\/kosovatimes.info\\\/index.php\\\/2026\\\/04\\\/26\\\/osmani-reagon-pas-sulmit-ne-darken-e-korrespondenteve-ne-shba\\\/\",\"name\":\"Osmani reagon pas sulmit n\u00eb dark\u00ebn e korrespondent\u00ebve n\u00eb SHBA - Kosova Times\",\"isPartOf\":{\"@id\":\"https:\\\/\\\/kosovatimes.info\\\/#website\"},\"primaryImageOfPage\":{\"@id\":\"https:\\\/\\\/kosovatimes.info\\\/index.php\\\/2026\\\/04\\\/26\\\/osmani-reagon-pas-sulmit-ne-darken-e-korrespondenteve-ne-shba\\\/#primaryimage\"},\"image\":{\"@id\":\"https:\\\/\\\/kosovatimes.info\\\/index.php\\\/2026\\\/04\\\/26\\\/osmani-reagon-pas-sulmit-ne-darken-e-korrespondenteve-ne-shba\\\/#primaryimage\"},\"thumbnailUrl\":\"https:\\\/\\\/kosovatimes.info\\\/wp-content\\\/uploads\\\/2026\\\/04\\\/Osmani-8.jpg\",\"datePublished\":\"2026-04-26T10:18:00+00:00\",\"dateModified\":\"2026-04-26T12:01:48+00:00\",\"author\":{\"@id\":\"https:\\\/\\\/kosovatimes.info\\\/#\\\/schema\\\/person\\\/7586712b9c512fe68085de007378c915\"},\"breadcrumb\":{\"@id\":\"https:\\\/\\\/kosovatimes.info\\\/index.php\\\/2026\\\/04\\\/26\\\/osmani-reagon-pas-sulmit-ne-darken-e-korrespondenteve-ne-shba\\\/#breadcrumb\"},\"inLanguage\":\"en-US\",\"potentialAction\":[{\"@type\":\"ReadAction\",\"target\":[\"https:\\\/\\\/kosovatimes.info\\\/index.php\\\/2026\\\/04\\\/26\\\/osmani-reagon-pas-sulmit-ne-darken-e-korrespondenteve-ne-shba\\\/\"]}]},{\"@type\":\"ImageObject\",\"inLanguage\":\"en-US\",\"@id\":\"https:\\\/\\\/kosovatimes.info\\\/index.php\\\/2026\\\/04\\\/26\\\/osmani-reagon-pas-sulmit-ne-darken-e-korrespondenteve-ne-shba\\\/#primaryimage\",\"url\":\"https:\\\/\\\/kosovatimes.info\\\/wp-content\\\/uploads\\\/2026\\\/04\\\/Osmani-8.jpg\",\"contentUrl\":\"https:\\\/\\\/kosovatimes.info\\\/wp-content\\\/uploads\\\/2026\\\/04\\\/Osmani-8.jpg\",\"width\":780,\"height\":500},{\"@type\":\"BreadcrumbList\",\"@id\":\"https:\\\/\\\/kosovatimes.info\\\/index.php\\\/2026\\\/04\\\/26\\\/osmani-reagon-pas-sulmit-ne-darken-e-korrespondenteve-ne-shba\\\/#breadcrumb\",\"itemListElement\":[{\"@type\":\"ListItem\",\"position\":1,\"name\":\"Home\",\"item\":\"https:\\\/\\\/kosovatimes.info\\\/\"},{\"@type\":\"ListItem\",\"position\":2,\"name\":\"Osmani reagon pas sulmit n\u00eb dark\u00ebn e korrespondent\u00ebve n\u00eb SHBA\"}]},{\"@type\":\"WebSite\",\"@id\":\"https:\\\/\\\/kosovatimes.info\\\/#website\",\"url\":\"https:\\\/\\\/kosovatimes.info\\\/\",\"name\":\"Kosova Times\",\"description\":\"\",\"potentialAction\":[{\"@type\":\"SearchAction\",\"target\":{\"@type\":\"EntryPoint\",\"urlTemplate\":\"https:\\\/\\\/kosovatimes.info\\\/?s={search_term_string}\"},\"query-input\":{\"@type\":\"PropertyValueSpecification\",\"valueRequired\":true,\"valueName\":\"search_term_string\"}}],\"inLanguage\":\"en-US\"},{\"@type\":\"Person\",\"@id\":\"https:\\\/\\\/kosovatimes.info\\\/#\\\/schema\\\/person\\\/7586712b9c512fe68085de007378c915\",\"name\":\"i l\",\"image\":{\"@type\":\"ImageObject\",\"inLanguage\":\"en-US\",\"@id\":\"https:\\\/\\\/secure.gravatar.com\\\/avatar\\\/bad9296e02816160ae2e2435beda58222022298d5625d49fea74d18816fbb31d?s=96&d=mm&r=g\",\"url\":\"https:\\\/\\\/secure.gravatar.com\\\/avatar\\\/bad9296e02816160ae2e2435beda58222022298d5625d49fea74d18816fbb31d?s=96&d=mm&r=g\",\"contentUrl\":\"https:\\\/\\\/secure.gravatar.com\\\/avatar\\\/bad9296e02816160ae2e2435beda58222022298d5625d49fea74d18816fbb31d?s=96&d=mm&r=g\",\"caption\":\"i l\"},\"url\":\"https:\\\/\\\/kosovatimes.info\\\/index.php\\\/author\\\/iliri\\\/\"}]}<\/script>\n<!-- \/ Yoast SEO plugin. -->","yoast_head_json":{"title":"Osmani reagon pas sulmit n\u00eb dark\u00ebn e korrespondent\u00ebve n\u00eb SHBA - Kosova Times","robots":{"index":"index","follow":"follow","max-snippet":"max-snippet:-1","max-image-preview":"max-image-preview:large","max-video-preview":"max-video-preview:-1"},"canonical":"https:\/\/kosovatimes.info\/index.php\/2026\/04\/26\/osmani-reagon-pas-sulmit-ne-darken-e-korrespondenteve-ne-shba\/","og_locale":"en_US","og_type":"article","og_title":"Osmani reagon pas sulmit n\u00eb dark\u00ebn e korrespondent\u00ebve n\u00eb SHBA - Kosova Times","og_description":"Ish-presidentja e Kosov\u00ebs, Vjosa Osmani, ka reaguar pas incidentit n\u00eb dark\u00ebn e korrespodent\u00ebve t\u00eb Sht\u00ebpis\u00eb s\u00eb Bardh\u00eb n\u00eb Uashington,, ku po merrte pjes\u00eb edhe presidenti amerikan Donald Trump dhe Zonja e Par\u00eb Melania Trump. Ajo ka shprehur solidaritet me Shtetet e Bashkuara, duke vler\u00ebsuar edhe reagimin e shpejt\u00eb t\u00eb Sh\u00ebrbimit Sekret amerikan. \u201cD\u00ebrgojm\u00eb lutje dhe [&hellip;]","og_url":"https:\/\/kosovatimes.info\/index.php\/2026\/04\/26\/osmani-reagon-pas-sulmit-ne-darken-e-korrespondenteve-ne-shba\/","og_site_name":"Kosova Times","article_published_time":"2026-04-26T10:18:00+00:00","article_modified_time":"2026-04-26T12:01:48+00:00","og_image":[{"width":780,"height":500,"url":"https:\/\/kosovatimes.info\/wp-content\/uploads\/2026\/04\/Osmani-8.jpg","type":"image\/jpeg"}],"author":"i l","twitter_card":"summary_large_image","twitter_misc":{"Written by":"i l","Est. reading time":"1 minute"},"schema":{"@context":"https:\/\/schema.org","@graph":[{"@type":"Article","@id":"https:\/\/kosovatimes.info\/index.php\/2026\/04\/26\/osmani-reagon-pas-sulmit-ne-darken-e-korrespondenteve-ne-shba\/#article","isPartOf":{"@id":"https:\/\/kosovatimes.info\/index.php\/2026\/04\/26\/osmani-reagon-pas-sulmit-ne-darken-e-korrespondenteve-ne-shba\/"},"author":{"name":"i l","@id":"https:\/\/kosovatimes.info\/#\/schema\/person\/7586712b9c512fe68085de007378c915"},"headline":"Osmani reagon pas sulmit n\u00eb dark\u00ebn e korrespondent\u00ebve n\u00eb SHBA","datePublished":"2026-04-26T10:18:00+00:00","dateModified":"2026-04-26T12:01:48+00:00","mainEntityOfPage":{"@id":"https:\/\/kosovatimes.info\/index.php\/2026\/04\/26\/osmani-reagon-pas-sulmit-ne-darken-e-korrespondenteve-ne-shba\/"},"wordCount":164,"commentCount":0,"image":{"@id":"https:\/\/kosovatimes.info\/index.php\/2026\/04\/26\/osmani-reagon-pas-sulmit-ne-darken-e-korrespondenteve-ne-shba\/#primaryimage"},"thumbnailUrl":"https:\/\/kosovatimes.info\/wp-content\/uploads\/2026\/04\/Osmani-8.jpg","articleSection":["Kosov\u00eb","Lajme"],"inLanguage":"en-US","potentialAction":[{"@type":"CommentAction","name":"Comment","target":["https:\/\/kosovatimes.info\/index.php\/2026\/04\/26\/osmani-reagon-pas-sulmit-ne-darken-e-korrespondenteve-ne-shba\/#respond"]}]},{"@type":"WebPage","@id":"https:\/\/kosovatimes.info\/index.php\/2026\/04\/26\/osmani-reagon-pas-sulmit-ne-darken-e-korrespondenteve-ne-shba\/","url":"https:\/\/kosovatimes.info\/index.php\/2026\/04\/26\/osmani-reagon-pas-sulmit-ne-darken-e-korrespondenteve-ne-shba\/","name":"Osmani reagon pas sulmit n\u00eb dark\u00ebn e korrespondent\u00ebve n\u00eb SHBA - Kosova Times","isPartOf":{"@id":"https:\/\/kosovatimes.info\/#website"},"primaryImageOfPage":{"@id":"https:\/\/kosovatimes.info\/index.php\/2026\/04\/26\/osmani-reagon-pas-sulmit-ne-darken-e-korrespondenteve-ne-shba\/#primaryimage"},"image":{"@id":"https:\/\/kosovatimes.info\/index.php\/2026\/04\/26\/osmani-reagon-pas-sulmit-ne-darken-e-korrespondenteve-ne-shba\/#primaryimage"},"thumbnailUrl":"https:\/\/kosovatimes.info\/wp-content\/uploads\/2026\/04\/Osmani-8.jpg","datePublished":"2026-04-26T10:18:00+00:00","dateModified":"2026-04-26T12:01:48+00:00","author":{"@id":"https:\/\/kosovatimes.info\/#\/schema\/person\/7586712b9c512fe68085de007378c915"},"breadcrumb":{"@id":"https:\/\/kosovatimes.info\/index.php\/2026\/04\/26\/osmani-reagon-pas-sulmit-ne-darken-e-korrespondenteve-ne-shba\/#breadcrumb"},"inLanguage":"en-US","potentialAction":[{"@type":"ReadAction","target":["https:\/\/kosovatimes.info\/index.php\/2026\/04\/26\/osmani-reagon-pas-sulmit-ne-darken-e-korrespondenteve-ne-shba\/"]}]},{"@type":"ImageObject","inLanguage":"en-US","@id":"https:\/\/kosovatimes.info\/index.php\/2026\/04\/26\/osmani-reagon-pas-sulmit-ne-darken-e-korrespondenteve-ne-shba\/#primaryimage","url":"https:\/\/kosovatimes.info\/wp-content\/uploads\/2026\/04\/Osmani-8.jpg","contentUrl":"https:\/\/kosovatimes.info\/wp-content\/uploads\/2026\/04\/Osmani-8.jpg","width":780,"height":500},{"@type":"BreadcrumbList","@id":"https:\/\/kosovatimes.info\/index.php\/2026\/04\/26\/osmani-reagon-pas-sulmit-ne-darken-e-korrespondenteve-ne-shba\/#breadcrumb","itemListElement":[{"@type":"ListItem","position":1,"name":"Home","item":"https:\/\/kosovatimes.info\/"},{"@type":"ListItem","position":2,"name":"Osmani reagon pas sulmit n\u00eb dark\u00ebn e korrespondent\u00ebve n\u00eb SHBA"}]},{"@type":"WebSite","@id":"https:\/\/kosovatimes.info\/#website","url":"https:\/\/kosovatimes.info\/","name":"Kosova Times","description":"","potentialAction":[{"@type":"SearchAction","target":{"@type":"EntryPoint","urlTemplate":"https:\/\/kosovatimes.info\/?s={search_term_string}"},"query-input":{"@type":"PropertyValueSpecification","valueRequired":true,"valueName":"search_term_string"}}],"inLanguage":"en-US"},{"@type":"Person","@id":"https:\/\/kosovatimes.info\/#\/schema\/person\/7586712b9c512fe68085de007378c915","name":"i l","image":{"@type":"ImageObject","inLanguage":"en-US","@id":"https:\/\/secure.gravatar.com\/avatar\/bad9296e02816160ae2e2435beda58222022298d5625d49fea74d18816fbb31d?s=96&d=mm&r=g","url":"https:\/\/secure.gravatar.com\/avatar\/bad9296e02816160ae2e2435beda58222022298d5625d49fea74d18816fbb31d?s=96&d=mm&r=g","contentUrl":"https:\/\/secure.gravatar.com\/avatar\/bad9296e02816160ae2e2435beda58222022298d5625d49fea74d18816fbb31d?s=96&d=mm&r=g","caption":"i l"},"url":"https:\/\/kosovatimes.info\/index.php\/author\/iliri\/"}]}},"_links":{"self":[{"href":"https:\/\/kosovatimes.info\/index.php\/wp-json\/wp\/v2\/posts\/11810","targetHints":{"allow":["GET"]}}],"collection":[{"href":"https:\/\/kosovatimes.info\/index.php\/wp-json\/wp\/v2\/posts"}],"about":[{"href":"https:\/\/kosovatimes.info\/index.php\/wp-json\/wp\/v2\/types\/post"}],"author":[{"embeddable":true,"href":"https:\/\/kosovatimes.info\/index.php\/wp-json\/wp\/v2\/users\/4"}],"replies":[{"embeddable":true,"href":"https:\/\/kosovatimes.info\/index.php\/wp-json\/wp\/v2\/comments?post=11810"}],"version-history":[{"count":1,"href":"https:\/\/kosovatimes.info\/index.php\/wp-json\/wp\/v2\/posts\/11810\/revisions"}],"predecessor-version":[{"id":11812,"href":"https:\/\/kosovatimes.info\/index.php\/wp-json\/wp\/v2\/posts\/11810\/revisions\/11812"}],"wp:featuredmedia":[{"embeddable":true,"href":"https:\/\/kosovatimes.info\/index.php\/wp-json\/wp\/v2\/media\/11811"}],"wp:attachment":[{"href":"https:\/\/kosovatimes.info\/index.php\/wp-json\/wp\/v2\/media?parent=11810"}],"wp:term":[{"taxonomy":"category","embeddable":true,"href":"https:\/\/kosovatimes.info\/index.php\/wp-json\/wp\/v2\/categories?post=11810"},{"taxonomy":"post_tag","embeddable":true,"href":"https:\/\/kosovatimes.info\/index.php\/wp-json\/wp\/v2\/tags?post=11810"}],"curies":[{"name":"wp","href":"https:\/\/api.w.org\/{rel}","templated":true}]}}