{"id":11819,"date":"2026-04-26T14:06:40","date_gmt":"2026-04-26T12:06:40","guid":{"rendered":"https:\/\/kosovatimes.info\/?p=11819"},"modified":"2026-04-26T14:06:42","modified_gmt":"2026-04-26T12:06:42","slug":"nje-helikopter-i-korpusit-afrikan-te-ministrise-se-mbrojtjes-se-rusise-u-rrezua-ne-mali","status":"publish","type":"post","link":"https:\/\/kosovatimes.info\/index.php\/2026\/04\/26\/nje-helikopter-i-korpusit-afrikan-te-ministrise-se-mbrojtjes-se-rusise-u-rrezua-ne-mali\/","title":{"rendered":"Nj\u00eb helikopter i Korpusit Afrikan t\u00eb Ministris\u00eb s\u00eb Mbrojtjes s\u00eb Rusis\u00eb u rr\u00ebzua n\u00eb Mali"},"content":{"rendered":"\n<p><br>Nj\u00eb helikopter q\u00eb i p\u00ebrkiste Korpusit Afrikan t\u00eb Ministris\u00eb s\u00eb Mbrojtjes Ruse u rr\u00ebzua n\u00eb Mali. Sipas kanalit Telegram Fighterbomber, ekuipazhi dhe ekipi i zjarrfik\u00ebsve t\u00eb l\u00ebvizsh\u00ebm n\u00eb bord u vran\u00eb. &#8220;Shkaku paraprak \u00ebsht\u00eb ndikimi i zjarrit t\u00eb jasht\u00ebm (nga nj\u00eb sistem raketash tok\u00eb-aj\u00ebr)&#8221;,&nbsp;<a href=\"https:\/\/t.me\/bomber_fighter\/25043\" target=\"_blank\" rel=\"noreferrer noopener\">thuhet<\/a>&nbsp;n\u00eb raport . Nuk ka konfirmim zyrtar t\u00eb k\u00ebtij informacioni.<\/p>\n\n\n\n<p>Ministria e Jashtme ruse&nbsp;<a href=\"https:\/\/t.me\/MFARussia\/29511\" target=\"_blank\" rel=\"noreferrer noopener\">tha<\/a>&nbsp;t\u00eb diel\u00ebn se m\u00eb 25 prill, grupet e armatosura antiqeveritare &#8220;kryen nj\u00eb seri sulmesh t\u00eb koordinuara n\u00eb kryeqytetin e Malit dhe rajonet fqinje&#8221;.<\/p>\n\n\n\n<p>&#8220;Dyqind e pes\u00ebdhjet\u00eb militant\u00eb sulmuan Aeroportin Nd\u00ebrkomb\u00ebtar Bamako-S\u00e9nou dhe nj\u00eb baz\u00eb ushtarake aty pran\u00eb&#8221;, thuhet n\u00eb deklarat\u00eb. Ministria e Pun\u00ebve t\u00eb Jashtme pretendon se forcat e armatosura t\u00eb Malit e zmbraps\u00ebn sulmin.<\/p>\n\n\n\n<p>Sulmi ndaj helikopterit nuk u p\u00ebrmend n\u00eb deklarat\u00ebn e departamentit.<\/p>\n\n\n\n<p>Sipas botimeve franceze&nbsp;<a href=\"https:\/\/www.jeuneafrique.com\/1791659\/politique\/attaques-au-mali-sadio-camara-ministre-de-la-defense-a-ete-tue\/\" target=\"_blank\" rel=\"noreferrer noopener\">Jeune Afrique<\/a>&nbsp;dhe&nbsp;<a href=\"https:\/\/www.lefigaro.fr\/international\/mali-le-ministre-de-la-defense-aurait-ete-tue-apres-des-combats-entre-l-armee-et-des-djihadistes-20260426\" target=\"_blank\" rel=\"noreferrer noopener\">Le Figaro<\/a>&nbsp;, t\u00eb cilat citojn\u00eb burime, Ministri i Mbrojtjes i Malit,&nbsp;<strong>Sadio Camara,<\/strong>&nbsp;u vra n\u00eb nj\u00eb shp\u00ebrthim n\u00eb baz\u00ebn ushtarake Kati m\u00eb 25 prill . Nj\u00eb kamion i mbushur me eksploziv thuhet se ka shp\u00ebrthyer pran\u00eb sht\u00ebpis\u00eb s\u00eb tij.<\/p>\n\n\n\n<p>T\u00eb shtun\u00ebn, milicit\u00eb e armatosura antiqeveritare kryen nj\u00eb seri sulmesh t\u00eb koordinuara n\u00eb kryeqytetin Bamako dhe disa qytete n\u00eb veri t\u00eb vendit. Sipas OKB-s\u00eb, sulmet godit\u00ebn nj\u00eb baz\u00eb ushtarake n\u00eb Kati, pran\u00eb Bamakos, si dhe qytetet Mopti, Gao dhe Kidal.Disa burime&nbsp;<a href=\"https:\/\/x.com\/casusbellii\/status\/2048336894065274981\" target=\"_blank\" rel=\"noreferrer noopener\">raportojn\u00eb<\/a>&nbsp;se forcat e Korpusit Afrikan jan\u00eb larguar nga Kidal si rezultat i negociatave me forcat antiqeveritare q\u00eb po p\u00ebrparojn\u00eb.<\/p>\n\n\n\n<p>T\u00eb diel\u00ebn, kanali Telegram i Afrika Korps publikoi&nbsp;<a href=\"https:\/\/t.me\/KorpusAfrica2\/162\" target=\"_blank\" rel=\"noreferrer noopener\">nj\u00eb deklarat\u00eb<\/a>&nbsp;ku pretendohej nj\u00eb &#8220;tentativ\u00eb p\u00ebr grusht shteti t\u00eb orkestruar nga agjencit\u00eb per\u00ebndimore t\u00eb inteligjenc\u00ebs&#8221; n\u00eb Mali. Deklarata pretendonte se trupat ruse &#8220;mbanin t\u00eb gjitha pozicionet e r\u00ebnd\u00ebsishme&#8221;.<\/p>\n\n\n\n<p>Asnj\u00eb grup nuk e ka marr\u00eb zyrtarisht p\u00ebrgjegj\u00ebsin\u00eb p\u00ebr sulmet. Burime t\u00eb Reuters n\u00eb agjencit\u00eb e siguris\u00eb i lidhin sulmet me nj\u00eb grup xhihadist t\u00eb lidhur me al-Kaed\u00ebn dhe Frontin \u00c7lirimtar t\u00eb Azawadit, t\u00eb cil\u00ebt veprojn\u00eb n\u00eb nj\u00eb aleanc\u00eb taktike me nj\u00ebri-tjetrin.<\/p>\n\n\n\n<p>N\u00eb korrik 2024, mercenar\u00ebt rus\u00eb humb\u00ebn disa dhjet\u00ebra burra t\u00eb vrar\u00eb n\u00eb betejat me xhihadist\u00ebt malian\u00eb dhe grupin separatist &#8220;L\u00ebvizja Koordinuese e Azawadit&#8221;, i cili avokon p\u00ebr pavar\u00ebsin\u00eb e zonave t\u00eb Malit t\u00eb populluara nga fiset Tuareg.<\/p>\n\n\n\n<p>Mali \u00ebsht\u00eb p\u00ebrballur me grupe t\u00eb armatosura t\u00eb lidhura me al-Kaed\u00ebn dhe grupin terrorist t\u00eb Shtetit Islamik, si dhe me separatist\u00ebt tuareg, p\u00ebr m\u00eb shum\u00eb se nj\u00eb dekad\u00eb.<\/p>\n\n\n\n<p>Ushtria, e udh\u00ebhequr nga Assimi Goita, erdhi n\u00eb pushtet pas grushteve t\u00eb shtetit t\u00eb viteve 2020 dhe 2021, duke premtuar stabilizimin e situat\u00ebs, por situata n\u00eb vend mbetet e paq\u00ebndrueshme.<\/p>\n\n\n\n<p>N\u00eb vitet e fundit, autoritetet maliane jan\u00eb mb\u00ebshtetur te mercenar\u00ebt rus\u00eb p\u00ebr mb\u00ebshtetje, por gjithashtu kan\u00eb filluar t\u00eb k\u00ebrkojn\u00eb afrim me Shtetet e Bashkuara. Sipas Reuters, t\u00eb dyja pal\u00ebt po diskutojn\u00eb nj\u00eb marr\u00ebveshje q\u00eb do t&#8217;i lejonte Uashingtonit t\u00eb rifillonte fluturimet zbuluese mbi vend.<\/p>\n","protected":false},"excerpt":{"rendered":"<p>Nj\u00eb helikopter q\u00eb i p\u00ebrkiste Korpusit Afrikan t\u00eb Ministris\u00eb s\u00eb Mbrojtjes Ruse u rr\u00ebzua n\u00eb Mali. Sipas kanalit Telegram Fighterbomber, ekuipazhi dhe ekipi i zjarrfik\u00ebsve t\u00eb l\u00ebvizsh\u00ebm n\u00eb bord u vran\u00eb. &#8220;Shkaku paraprak \u00ebsht\u00eb ndikimi i zjarrit t\u00eb jasht\u00ebm (nga nj\u00eb sistem raketash tok\u00eb-aj\u00ebr)&#8221;,&nbsp;thuhet&nbsp;n\u00eb raport . Nuk ka konfirmim zyrtar t\u00eb k\u00ebtij informacioni. Ministria e [&hellip;]<\/p>\n","protected":false},"author":4,"featured_media":11820,"comment_status":"open","ping_status":"open","sticky":false,"template":"","format":"standard","meta":{"footnotes":""},"categories":[33,30],"tags":[],"class_list":{"0":"post-11819","1":"post","2":"type-post","3":"status-publish","4":"format-standard","5":"has-post-thumbnail","7":"category-bote","8":"category-lajme"},"yoast_head":"<!-- This site is optimized with the Yoast SEO plugin v27.4 - https:\/\/yoast.com\/product\/yoast-seo-wordpress\/ -->\n<title>Nj\u00eb helikopter i Korpusit Afrikan t\u00eb Ministris\u00eb s\u00eb Mbrojtjes s\u00eb Rusis\u00eb u rr\u00ebzua n\u00eb Mali - Kosova Times<\/title>\n<meta name=\"robots\" content=\"index, follow, max-snippet:-1, max-image-preview:large, max-video-preview:-1\" \/>\n<link rel=\"canonical\" href=\"https:\/\/kosovatimes.info\/index.php\/2026\/04\/26\/nje-helikopter-i-korpusit-afrikan-te-ministrise-se-mbrojtjes-se-rusise-u-rrezua-ne-mali\/\" \/>\n<meta property=\"og:locale\" content=\"en_US\" \/>\n<meta property=\"og:type\" content=\"article\" \/>\n<meta property=\"og:title\" content=\"Nj\u00eb helikopter i Korpusit Afrikan t\u00eb Ministris\u00eb s\u00eb Mbrojtjes s\u00eb Rusis\u00eb u rr\u00ebzua n\u00eb Mali - Kosova Times\" \/>\n<meta property=\"og:description\" content=\"Nj\u00eb helikopter q\u00eb i p\u00ebrkiste Korpusit Afrikan t\u00eb Ministris\u00eb s\u00eb Mbrojtjes Ruse u rr\u00ebzua n\u00eb Mali. Sipas kanalit Telegram Fighterbomber, ekuipazhi dhe ekipi i zjarrfik\u00ebsve t\u00eb l\u00ebvizsh\u00ebm n\u00eb bord u vran\u00eb. &#8220;Shkaku paraprak \u00ebsht\u00eb ndikimi i zjarrit t\u00eb jasht\u00ebm (nga nj\u00eb sistem raketash tok\u00eb-aj\u00ebr)&#8221;,&nbsp;thuhet&nbsp;n\u00eb raport . Nuk ka konfirmim zyrtar t\u00eb k\u00ebtij informacioni. Ministria e [&hellip;]\" \/>\n<meta property=\"og:url\" content=\"https:\/\/kosovatimes.info\/index.php\/2026\/04\/26\/nje-helikopter-i-korpusit-afrikan-te-ministrise-se-mbrojtjes-se-rusise-u-rrezua-ne-mali\/\" \/>\n<meta property=\"og:site_name\" content=\"Kosova Times\" \/>\n<meta property=\"article:published_time\" content=\"2026-04-26T12:06:40+00:00\" \/>\n<meta property=\"article:modified_time\" content=\"2026-04-26T12:06:42+00:00\" \/>\n<meta name=\"author\" content=\"i l\" \/>\n<meta name=\"twitter:card\" content=\"summary_large_image\" \/>\n<meta name=\"twitter:label1\" content=\"Written by\" \/>\n\t<meta name=\"twitter:data1\" content=\"i l\" \/>\n\t<meta name=\"twitter:label2\" content=\"Est. reading time\" \/>\n\t<meta name=\"twitter:data2\" content=\"3 minutes\" \/>\n<script type=\"application\/ld+json\" class=\"yoast-schema-graph\">{\"@context\":\"https:\\\/\\\/schema.org\",\"@graph\":[{\"@type\":\"Article\",\"@id\":\"https:\\\/\\\/kosovatimes.info\\\/index.php\\\/2026\\\/04\\\/26\\\/nje-helikopter-i-korpusit-afrikan-te-ministrise-se-mbrojtjes-se-rusise-u-rrezua-ne-mali\\\/#article\",\"isPartOf\":{\"@id\":\"https:\\\/\\\/kosovatimes.info\\\/index.php\\\/2026\\\/04\\\/26\\\/nje-helikopter-i-korpusit-afrikan-te-ministrise-se-mbrojtjes-se-rusise-u-rrezua-ne-mali\\\/\"},\"author\":{\"name\":\"i l\",\"@id\":\"https:\\\/\\\/kosovatimes.info\\\/#\\\/schema\\\/person\\\/7586712b9c512fe68085de007378c915\"},\"headline\":\"Nj\u00eb helikopter i Korpusit Afrikan t\u00eb Ministris\u00eb s\u00eb Mbrojtjes s\u00eb Rusis\u00eb u rr\u00ebzua n\u00eb Mali\",\"datePublished\":\"2026-04-26T12:06:40+00:00\",\"dateModified\":\"2026-04-26T12:06:42+00:00\",\"mainEntityOfPage\":{\"@id\":\"https:\\\/\\\/kosovatimes.info\\\/index.php\\\/2026\\\/04\\\/26\\\/nje-helikopter-i-korpusit-afrikan-te-ministrise-se-mbrojtjes-se-rusise-u-rrezua-ne-mali\\\/\"},\"wordCount\":533,\"commentCount\":0,\"image\":{\"@id\":\"https:\\\/\\\/kosovatimes.info\\\/index.php\\\/2026\\\/04\\\/26\\\/nje-helikopter-i-korpusit-afrikan-te-ministrise-se-mbrojtjes-se-rusise-u-rrezua-ne-mali\\\/#primaryimage\"},\"thumbnailUrl\":\"https:\\\/\\\/kosovatimes.info\\\/wp-content\\\/uploads\\\/2026\\\/04\\\/MAli-1.avif\",\"articleSection\":[\"Bot\u00eb\",\"Lajme\"],\"inLanguage\":\"en-US\",\"potentialAction\":[{\"@type\":\"CommentAction\",\"name\":\"Comment\",\"target\":[\"https:\\\/\\\/kosovatimes.info\\\/index.php\\\/2026\\\/04\\\/26\\\/nje-helikopter-i-korpusit-afrikan-te-ministrise-se-mbrojtjes-se-rusise-u-rrezua-ne-mali\\\/#respond\"]}]},{\"@type\":\"WebPage\",\"@id\":\"https:\\\/\\\/kosovatimes.info\\\/index.php\\\/2026\\\/04\\\/26\\\/nje-helikopter-i-korpusit-afrikan-te-ministrise-se-mbrojtjes-se-rusise-u-rrezua-ne-mali\\\/\",\"url\":\"https:\\\/\\\/kosovatimes.info\\\/index.php\\\/2026\\\/04\\\/26\\\/nje-helikopter-i-korpusit-afrikan-te-ministrise-se-mbrojtjes-se-rusise-u-rrezua-ne-mali\\\/\",\"name\":\"Nj\u00eb helikopter i Korpusit Afrikan t\u00eb Ministris\u00eb s\u00eb Mbrojtjes s\u00eb Rusis\u00eb u rr\u00ebzua n\u00eb Mali - Kosova Times\",\"isPartOf\":{\"@id\":\"https:\\\/\\\/kosovatimes.info\\\/#website\"},\"primaryImageOfPage\":{\"@id\":\"https:\\\/\\\/kosovatimes.info\\\/index.php\\\/2026\\\/04\\\/26\\\/nje-helikopter-i-korpusit-afrikan-te-ministrise-se-mbrojtjes-se-rusise-u-rrezua-ne-mali\\\/#primaryimage\"},\"image\":{\"@id\":\"https:\\\/\\\/kosovatimes.info\\\/index.php\\\/2026\\\/04\\\/26\\\/nje-helikopter-i-korpusit-afrikan-te-ministrise-se-mbrojtjes-se-rusise-u-rrezua-ne-mali\\\/#primaryimage\"},\"thumbnailUrl\":\"https:\\\/\\\/kosovatimes.info\\\/wp-content\\\/uploads\\\/2026\\\/04\\\/MAli-1.avif\",\"datePublished\":\"2026-04-26T12:06:40+00:00\",\"dateModified\":\"2026-04-26T12:06:42+00:00\",\"author\":{\"@id\":\"https:\\\/\\\/kosovatimes.info\\\/#\\\/schema\\\/person\\\/7586712b9c512fe68085de007378c915\"},\"breadcrumb\":{\"@id\":\"https:\\\/\\\/kosovatimes.info\\\/index.php\\\/2026\\\/04\\\/26\\\/nje-helikopter-i-korpusit-afrikan-te-ministrise-se-mbrojtjes-se-rusise-u-rrezua-ne-mali\\\/#breadcrumb\"},\"inLanguage\":\"en-US\",\"potentialAction\":[{\"@type\":\"ReadAction\",\"target\":[\"https:\\\/\\\/kosovatimes.info\\\/index.php\\\/2026\\\/04\\\/26\\\/nje-helikopter-i-korpusit-afrikan-te-ministrise-se-mbrojtjes-se-rusise-u-rrezua-ne-mali\\\/\"]}]},{\"@type\":\"ImageObject\",\"inLanguage\":\"en-US\",\"@id\":\"https:\\\/\\\/kosovatimes.info\\\/index.php\\\/2026\\\/04\\\/26\\\/nje-helikopter-i-korpusit-afrikan-te-ministrise-se-mbrojtjes-se-rusise-u-rrezua-ne-mali\\\/#primaryimage\",\"url\":\"https:\\\/\\\/kosovatimes.info\\\/wp-content\\\/uploads\\\/2026\\\/04\\\/MAli-1.avif\",\"contentUrl\":\"https:\\\/\\\/kosovatimes.info\\\/wp-content\\\/uploads\\\/2026\\\/04\\\/MAli-1.avif\",\"width\":1023,\"height\":575},{\"@type\":\"BreadcrumbList\",\"@id\":\"https:\\\/\\\/kosovatimes.info\\\/index.php\\\/2026\\\/04\\\/26\\\/nje-helikopter-i-korpusit-afrikan-te-ministrise-se-mbrojtjes-se-rusise-u-rrezua-ne-mali\\\/#breadcrumb\",\"itemListElement\":[{\"@type\":\"ListItem\",\"position\":1,\"name\":\"Home\",\"item\":\"https:\\\/\\\/kosovatimes.info\\\/\"},{\"@type\":\"ListItem\",\"position\":2,\"name\":\"Nj\u00eb helikopter i Korpusit Afrikan t\u00eb Ministris\u00eb s\u00eb Mbrojtjes s\u00eb Rusis\u00eb u rr\u00ebzua n\u00eb Mali\"}]},{\"@type\":\"WebSite\",\"@id\":\"https:\\\/\\\/kosovatimes.info\\\/#website\",\"url\":\"https:\\\/\\\/kosovatimes.info\\\/\",\"name\":\"Kosova Times\",\"description\":\"\",\"potentialAction\":[{\"@type\":\"SearchAction\",\"target\":{\"@type\":\"EntryPoint\",\"urlTemplate\":\"https:\\\/\\\/kosovatimes.info\\\/?s={search_term_string}\"},\"query-input\":{\"@type\":\"PropertyValueSpecification\",\"valueRequired\":true,\"valueName\":\"search_term_string\"}}],\"inLanguage\":\"en-US\"},{\"@type\":\"Person\",\"@id\":\"https:\\\/\\\/kosovatimes.info\\\/#\\\/schema\\\/person\\\/7586712b9c512fe68085de007378c915\",\"name\":\"i l\",\"image\":{\"@type\":\"ImageObject\",\"inLanguage\":\"en-US\",\"@id\":\"https:\\\/\\\/secure.gravatar.com\\\/avatar\\\/bad9296e02816160ae2e2435beda58222022298d5625d49fea74d18816fbb31d?s=96&d=mm&r=g\",\"url\":\"https:\\\/\\\/secure.gravatar.com\\\/avatar\\\/bad9296e02816160ae2e2435beda58222022298d5625d49fea74d18816fbb31d?s=96&d=mm&r=g\",\"contentUrl\":\"https:\\\/\\\/secure.gravatar.com\\\/avatar\\\/bad9296e02816160ae2e2435beda58222022298d5625d49fea74d18816fbb31d?s=96&d=mm&r=g\",\"caption\":\"i l\"},\"url\":\"https:\\\/\\\/kosovatimes.info\\\/index.php\\\/author\\\/iliri\\\/\"}]}<\/script>\n<!-- \/ Yoast SEO plugin. -->","yoast_head_json":{"title":"Nj\u00eb helikopter i Korpusit Afrikan t\u00eb Ministris\u00eb s\u00eb Mbrojtjes s\u00eb Rusis\u00eb u rr\u00ebzua n\u00eb Mali - Kosova Times","robots":{"index":"index","follow":"follow","max-snippet":"max-snippet:-1","max-image-preview":"max-image-preview:large","max-video-preview":"max-video-preview:-1"},"canonical":"https:\/\/kosovatimes.info\/index.php\/2026\/04\/26\/nje-helikopter-i-korpusit-afrikan-te-ministrise-se-mbrojtjes-se-rusise-u-rrezua-ne-mali\/","og_locale":"en_US","og_type":"article","og_title":"Nj\u00eb helikopter i Korpusit Afrikan t\u00eb Ministris\u00eb s\u00eb Mbrojtjes s\u00eb Rusis\u00eb u rr\u00ebzua n\u00eb Mali - Kosova Times","og_description":"Nj\u00eb helikopter q\u00eb i p\u00ebrkiste Korpusit Afrikan t\u00eb Ministris\u00eb s\u00eb Mbrojtjes Ruse u rr\u00ebzua n\u00eb Mali. Sipas kanalit Telegram Fighterbomber, ekuipazhi dhe ekipi i zjarrfik\u00ebsve t\u00eb l\u00ebvizsh\u00ebm n\u00eb bord u vran\u00eb. &#8220;Shkaku paraprak \u00ebsht\u00eb ndikimi i zjarrit t\u00eb jasht\u00ebm (nga nj\u00eb sistem raketash tok\u00eb-aj\u00ebr)&#8221;,&nbsp;thuhet&nbsp;n\u00eb raport . Nuk ka konfirmim zyrtar t\u00eb k\u00ebtij informacioni. Ministria e [&hellip;]","og_url":"https:\/\/kosovatimes.info\/index.php\/2026\/04\/26\/nje-helikopter-i-korpusit-afrikan-te-ministrise-se-mbrojtjes-se-rusise-u-rrezua-ne-mali\/","og_site_name":"Kosova Times","article_published_time":"2026-04-26T12:06:40+00:00","article_modified_time":"2026-04-26T12:06:42+00:00","author":"i l","twitter_card":"summary_large_image","twitter_misc":{"Written by":"i l","Est. reading time":"3 minutes"},"schema":{"@context":"https:\/\/schema.org","@graph":[{"@type":"Article","@id":"https:\/\/kosovatimes.info\/index.php\/2026\/04\/26\/nje-helikopter-i-korpusit-afrikan-te-ministrise-se-mbrojtjes-se-rusise-u-rrezua-ne-mali\/#article","isPartOf":{"@id":"https:\/\/kosovatimes.info\/index.php\/2026\/04\/26\/nje-helikopter-i-korpusit-afrikan-te-ministrise-se-mbrojtjes-se-rusise-u-rrezua-ne-mali\/"},"author":{"name":"i l","@id":"https:\/\/kosovatimes.info\/#\/schema\/person\/7586712b9c512fe68085de007378c915"},"headline":"Nj\u00eb helikopter i Korpusit Afrikan t\u00eb Ministris\u00eb s\u00eb Mbrojtjes s\u00eb Rusis\u00eb u rr\u00ebzua n\u00eb Mali","datePublished":"2026-04-26T12:06:40+00:00","dateModified":"2026-04-26T12:06:42+00:00","mainEntityOfPage":{"@id":"https:\/\/kosovatimes.info\/index.php\/2026\/04\/26\/nje-helikopter-i-korpusit-afrikan-te-ministrise-se-mbrojtjes-se-rusise-u-rrezua-ne-mali\/"},"wordCount":533,"commentCount":0,"image":{"@id":"https:\/\/kosovatimes.info\/index.php\/2026\/04\/26\/nje-helikopter-i-korpusit-afrikan-te-ministrise-se-mbrojtjes-se-rusise-u-rrezua-ne-mali\/#primaryimage"},"thumbnailUrl":"https:\/\/kosovatimes.info\/wp-content\/uploads\/2026\/04\/MAli-1.avif","articleSection":["Bot\u00eb","Lajme"],"inLanguage":"en-US","potentialAction":[{"@type":"CommentAction","name":"Comment","target":["https:\/\/kosovatimes.info\/index.php\/2026\/04\/26\/nje-helikopter-i-korpusit-afrikan-te-ministrise-se-mbrojtjes-se-rusise-u-rrezua-ne-mali\/#respond"]}]},{"@type":"WebPage","@id":"https:\/\/kosovatimes.info\/index.php\/2026\/04\/26\/nje-helikopter-i-korpusit-afrikan-te-ministrise-se-mbrojtjes-se-rusise-u-rrezua-ne-mali\/","url":"https:\/\/kosovatimes.info\/index.php\/2026\/04\/26\/nje-helikopter-i-korpusit-afrikan-te-ministrise-se-mbrojtjes-se-rusise-u-rrezua-ne-mali\/","name":"Nj\u00eb helikopter i Korpusit Afrikan t\u00eb Ministris\u00eb s\u00eb Mbrojtjes s\u00eb Rusis\u00eb u rr\u00ebzua n\u00eb Mali - Kosova Times","isPartOf":{"@id":"https:\/\/kosovatimes.info\/#website"},"primaryImageOfPage":{"@id":"https:\/\/kosovatimes.info\/index.php\/2026\/04\/26\/nje-helikopter-i-korpusit-afrikan-te-ministrise-se-mbrojtjes-se-rusise-u-rrezua-ne-mali\/#primaryimage"},"image":{"@id":"https:\/\/kosovatimes.info\/index.php\/2026\/04\/26\/nje-helikopter-i-korpusit-afrikan-te-ministrise-se-mbrojtjes-se-rusise-u-rrezua-ne-mali\/#primaryimage"},"thumbnailUrl":"https:\/\/kosovatimes.info\/wp-content\/uploads\/2026\/04\/MAli-1.avif","datePublished":"2026-04-26T12:06:40+00:00","dateModified":"2026-04-26T12:06:42+00:00","author":{"@id":"https:\/\/kosovatimes.info\/#\/schema\/person\/7586712b9c512fe68085de007378c915"},"breadcrumb":{"@id":"https:\/\/kosovatimes.info\/index.php\/2026\/04\/26\/nje-helikopter-i-korpusit-afrikan-te-ministrise-se-mbrojtjes-se-rusise-u-rrezua-ne-mali\/#breadcrumb"},"inLanguage":"en-US","potentialAction":[{"@type":"ReadAction","target":["https:\/\/kosovatimes.info\/index.php\/2026\/04\/26\/nje-helikopter-i-korpusit-afrikan-te-ministrise-se-mbrojtjes-se-rusise-u-rrezua-ne-mali\/"]}]},{"@type":"ImageObject","inLanguage":"en-US","@id":"https:\/\/kosovatimes.info\/index.php\/2026\/04\/26\/nje-helikopter-i-korpusit-afrikan-te-ministrise-se-mbrojtjes-se-rusise-u-rrezua-ne-mali\/#primaryimage","url":"https:\/\/kosovatimes.info\/wp-content\/uploads\/2026\/04\/MAli-1.avif","contentUrl":"https:\/\/kosovatimes.info\/wp-content\/uploads\/2026\/04\/MAli-1.avif","width":1023,"height":575},{"@type":"BreadcrumbList","@id":"https:\/\/kosovatimes.info\/index.php\/2026\/04\/26\/nje-helikopter-i-korpusit-afrikan-te-ministrise-se-mbrojtjes-se-rusise-u-rrezua-ne-mali\/#breadcrumb","itemListElement":[{"@type":"ListItem","position":1,"name":"Home","item":"https:\/\/kosovatimes.info\/"},{"@type":"ListItem","position":2,"name":"Nj\u00eb helikopter i Korpusit Afrikan t\u00eb Ministris\u00eb s\u00eb Mbrojtjes s\u00eb Rusis\u00eb u rr\u00ebzua n\u00eb Mali"}]},{"@type":"WebSite","@id":"https:\/\/kosovatimes.info\/#website","url":"https:\/\/kosovatimes.info\/","name":"Kosova Times","description":"","potentialAction":[{"@type":"SearchAction","target":{"@type":"EntryPoint","urlTemplate":"https:\/\/kosovatimes.info\/?s={search_term_string}"},"query-input":{"@type":"PropertyValueSpecification","valueRequired":true,"valueName":"search_term_string"}}],"inLanguage":"en-US"},{"@type":"Person","@id":"https:\/\/kosovatimes.info\/#\/schema\/person\/7586712b9c512fe68085de007378c915","name":"i l","image":{"@type":"ImageObject","inLanguage":"en-US","@id":"https:\/\/secure.gravatar.com\/avatar\/bad9296e02816160ae2e2435beda58222022298d5625d49fea74d18816fbb31d?s=96&d=mm&r=g","url":"https:\/\/secure.gravatar.com\/avatar\/bad9296e02816160ae2e2435beda58222022298d5625d49fea74d18816fbb31d?s=96&d=mm&r=g","contentUrl":"https:\/\/secure.gravatar.com\/avatar\/bad9296e02816160ae2e2435beda58222022298d5625d49fea74d18816fbb31d?s=96&d=mm&r=g","caption":"i l"},"url":"https:\/\/kosovatimes.info\/index.php\/author\/iliri\/"}]}},"_links":{"self":[{"href":"https:\/\/kosovatimes.info\/index.php\/wp-json\/wp\/v2\/posts\/11819","targetHints":{"allow":["GET"]}}],"collection":[{"href":"https:\/\/kosovatimes.info\/index.php\/wp-json\/wp\/v2\/posts"}],"about":[{"href":"https:\/\/kosovatimes.info\/index.php\/wp-json\/wp\/v2\/types\/post"}],"author":[{"embeddable":true,"href":"https:\/\/kosovatimes.info\/index.php\/wp-json\/wp\/v2\/users\/4"}],"replies":[{"embeddable":true,"href":"https:\/\/kosovatimes.info\/index.php\/wp-json\/wp\/v2\/comments?post=11819"}],"version-history":[{"count":1,"href":"https:\/\/kosovatimes.info\/index.php\/wp-json\/wp\/v2\/posts\/11819\/revisions"}],"predecessor-version":[{"id":11821,"href":"https:\/\/kosovatimes.info\/index.php\/wp-json\/wp\/v2\/posts\/11819\/revisions\/11821"}],"wp:featuredmedia":[{"embeddable":true,"href":"https:\/\/kosovatimes.info\/index.php\/wp-json\/wp\/v2\/media\/11820"}],"wp:attachment":[{"href":"https:\/\/kosovatimes.info\/index.php\/wp-json\/wp\/v2\/media?parent=11819"}],"wp:term":[{"taxonomy":"category","embeddable":true,"href":"https:\/\/kosovatimes.info\/index.php\/wp-json\/wp\/v2\/categories?post=11819"},{"taxonomy":"post_tag","embeddable":true,"href":"https:\/\/kosovatimes.info\/index.php\/wp-json\/wp\/v2\/tags?post=11819"}],"curies":[{"name":"wp","href":"https:\/\/api.w.org\/{rel}","templated":true}]}}