{"id":11822,"date":"2026-04-26T14:08:45","date_gmt":"2026-04-26T12:08:45","guid":{"rendered":"https:\/\/kosovatimes.info\/?p=11822"},"modified":"2026-04-26T14:08:48","modified_gmt":"2026-04-26T12:08:48","slug":"vdes-i-burgosuri-politik-rus-oleg-tyryshkin-i-denuar-per-koment-ne-vk","status":"publish","type":"post","link":"https:\/\/kosovatimes.info\/index.php\/2026\/04\/26\/vdes-i-burgosuri-politik-rus-oleg-tyryshkin-i-denuar-per-koment-ne-vk\/","title":{"rendered":"Vdes i burgosuri politik rus Oleg Tyryshkin, i d\u00ebnuar p\u00ebr koment n\u00eb VK"},"content":{"rendered":"\n<p>I burgosuri politik Oleg Tyryshkin ka vdekur n\u00eb burg,&nbsp;<a href=\"https:\/\/t.me\/rusnews\/83754\" target=\"_blank\" rel=\"noreferrer noopener\">raporton<\/a>&nbsp;RusNews , duke cituar aktivist\u00eb q\u00eb korrespondonin me t\u00eb. Ata thon\u00eb se ai vdiq &#8220;nga nj\u00eb problem me zemr\u00ebn&#8221;.<\/p>\n\n\n\n<p>Vendndodhja e sakt\u00eb e Tyryshkin n\u00eb koh\u00ebn e vdekjes s\u00eb tij \u00ebsht\u00eb e panjohur, pasi ngjarja ndodhi nd\u00ebrsa ai po transportohej. Besohet se ai ka qen\u00eb n\u00eb rajonin e Kemerov\u00ebs.<\/p>\n\n\n\n<p>Oleg Tyryshkin ishte 64 vje\u00e7. Ai ishte minator nga Kuzbass dhe aktivist sindikal. N\u00eb dhjetor 2024, nj\u00eb gjykat\u00eb ushtarake e d\u00ebnoi at\u00eb me dy vjet n\u00eb nj\u00eb koloni penale t\u00eb regjimit t\u00eb p\u00ebrgjithsh\u00ebm sipas nenit &#8220;justifikim publik i terrorizmit&#8221; n\u00eb lidhje me nj\u00eb koment q\u00eb ai la n\u00eb VKontakte n\u00eb lidhje me vdekjen e Akhmat Kadyrov n\u00eb vitin 2004.<\/p>\n\n\n\n<p>Sipas faqes&nbsp;<a href=\"https:\/\/memopzk.org\/figurant\/tyryshkin-oleg-vasilevich\">s\u00eb<\/a>&nbsp;internetit &#8220;Mb\u00ebshtetje p\u00ebr t\u00eb Burgosurit Politik\u00eb. Memorial&#8221;, Tyryshkin, nd\u00ebrsa nuk e mohoi autor\u00ebsin\u00eb e komentit p\u00ebr t\u00eb cilin akuzohej, mohoi faj\u00ebsin\u00eb e tij, duke besuar se akuzat ishin t\u00eb pabaza. Ai k\u00ebmb\u00ebnguli se fjal\u00ebt e tij ishin t\u00eb ngarkuara emocionalisht.<\/p>\n\n\n\n<p>Gjyqi i Tyryshkin u zhvillua me dyer t\u00eb mbyllura. Seancat d\u00ebgjimore u shtyn\u00eb disa her\u00eb, pjes\u00ebrisht p\u00ebr shkak t\u00eb sh\u00ebndetit t\u00eb tij: ai kishte probleme serioze, p\u00ebrfshir\u00eb nj\u00eb kist n\u00eb tru.<\/p>\n\n\n\n<ul class=\"wp-block-list\">\n<li>Kjo \u00ebsht\u00eb vdekja e tret\u00eb e njohur e nj\u00eb t\u00eb burgosuri politik n\u00eb Rusi gjat\u00eb prillit. M\u00eb 8 prill, artisti 53-vje\u00e7ar Andrei Akuzin, i arrestuar p\u00ebr nj\u00eb koment n\u00eb internet, kreu vet\u00ebvrasje n\u00eb nj\u00eb qend\u00ebr paraburgimi n\u00eb Komsomolsk-on-Amur. M\u00eb 17 prill, vdekja e t\u00eb burgosurit politik 43-vje\u00e7ar Vegan Khristolyub Bozhiy u raportua n\u00eb Kolonin\u00eb Korrektuese Nr. 2 n\u00eb Voronezh. Sipas t\u00eb njohurve t\u00eb tij, ai u gjet i varur n\u00eb nj\u00eb qeli nd\u00ebshkimi dhe \u00ebsht\u00eb hapur nj\u00eb \u00e7\u00ebshtje penale p\u00ebr neglizhenc\u00eb.<\/li>\n<\/ul>\n","protected":false},"excerpt":{"rendered":"<p>I burgosuri politik Oleg Tyryshkin ka vdekur n\u00eb burg,&nbsp;raporton&nbsp;RusNews , duke cituar aktivist\u00eb q\u00eb korrespondonin me t\u00eb. Ata thon\u00eb se ai vdiq &#8220;nga nj\u00eb problem me zemr\u00ebn&#8221;. Vendndodhja e sakt\u00eb e Tyryshkin n\u00eb koh\u00ebn e vdekjes s\u00eb tij \u00ebsht\u00eb e panjohur, pasi ngjarja ndodhi nd\u00ebrsa ai po transportohej. Besohet se ai ka qen\u00eb n\u00eb rajonin [&hellip;]<\/p>\n","protected":false},"author":4,"featured_media":11823,"comment_status":"open","ping_status":"open","sticky":false,"template":"","format":"standard","meta":{"footnotes":""},"categories":[33,30],"tags":[],"class_list":{"0":"post-11822","1":"post","2":"type-post","3":"status-publish","4":"format-standard","5":"has-post-thumbnail","7":"category-bote","8":"category-lajme"},"yoast_head":"<!-- This site is optimized with the Yoast SEO plugin v27.4 - https:\/\/yoast.com\/product\/yoast-seo-wordpress\/ -->\n<title>Vdes i burgosuri politik rus Oleg Tyryshkin, i d\u00ebnuar p\u00ebr koment n\u00eb VK - Kosova Times<\/title>\n<meta name=\"robots\" content=\"index, follow, max-snippet:-1, max-image-preview:large, max-video-preview:-1\" \/>\n<link rel=\"canonical\" href=\"https:\/\/kosovatimes.info\/index.php\/2026\/04\/26\/vdes-i-burgosuri-politik-rus-oleg-tyryshkin-i-denuar-per-koment-ne-vk\/\" \/>\n<meta property=\"og:locale\" content=\"en_US\" \/>\n<meta property=\"og:type\" content=\"article\" \/>\n<meta property=\"og:title\" content=\"Vdes i burgosuri politik rus Oleg Tyryshkin, i d\u00ebnuar p\u00ebr koment n\u00eb VK - Kosova Times\" \/>\n<meta property=\"og:description\" content=\"I burgosuri politik Oleg Tyryshkin ka vdekur n\u00eb burg,&nbsp;raporton&nbsp;RusNews , duke cituar aktivist\u00eb q\u00eb korrespondonin me t\u00eb. Ata thon\u00eb se ai vdiq &#8220;nga nj\u00eb problem me zemr\u00ebn&#8221;. Vendndodhja e sakt\u00eb e Tyryshkin n\u00eb koh\u00ebn e vdekjes s\u00eb tij \u00ebsht\u00eb e panjohur, pasi ngjarja ndodhi nd\u00ebrsa ai po transportohej. Besohet se ai ka qen\u00eb n\u00eb rajonin [&hellip;]\" \/>\n<meta property=\"og:url\" content=\"https:\/\/kosovatimes.info\/index.php\/2026\/04\/26\/vdes-i-burgosuri-politik-rus-oleg-tyryshkin-i-denuar-per-koment-ne-vk\/\" \/>\n<meta property=\"og:site_name\" content=\"Kosova Times\" \/>\n<meta property=\"article:published_time\" content=\"2026-04-26T12:08:45+00:00\" \/>\n<meta property=\"article:modified_time\" content=\"2026-04-26T12:08:48+00:00\" \/>\n<meta name=\"author\" content=\"i l\" \/>\n<meta name=\"twitter:card\" content=\"summary_large_image\" \/>\n<meta name=\"twitter:label1\" content=\"Written by\" \/>\n\t<meta name=\"twitter:data1\" content=\"i l\" \/>\n\t<meta name=\"twitter:label2\" content=\"Est. reading time\" \/>\n\t<meta name=\"twitter:data2\" content=\"2 minutes\" \/>\n<script type=\"application\/ld+json\" class=\"yoast-schema-graph\">{\"@context\":\"https:\\\/\\\/schema.org\",\"@graph\":[{\"@type\":\"Article\",\"@id\":\"https:\\\/\\\/kosovatimes.info\\\/index.php\\\/2026\\\/04\\\/26\\\/vdes-i-burgosuri-politik-rus-oleg-tyryshkin-i-denuar-per-koment-ne-vk\\\/#article\",\"isPartOf\":{\"@id\":\"https:\\\/\\\/kosovatimes.info\\\/index.php\\\/2026\\\/04\\\/26\\\/vdes-i-burgosuri-politik-rus-oleg-tyryshkin-i-denuar-per-koment-ne-vk\\\/\"},\"author\":{\"name\":\"i l\",\"@id\":\"https:\\\/\\\/kosovatimes.info\\\/#\\\/schema\\\/person\\\/7586712b9c512fe68085de007378c915\"},\"headline\":\"Vdes i burgosuri politik rus Oleg Tyryshkin, i d\u00ebnuar p\u00ebr koment n\u00eb VK\",\"datePublished\":\"2026-04-26T12:08:45+00:00\",\"dateModified\":\"2026-04-26T12:08:48+00:00\",\"mainEntityOfPage\":{\"@id\":\"https:\\\/\\\/kosovatimes.info\\\/index.php\\\/2026\\\/04\\\/26\\\/vdes-i-burgosuri-politik-rus-oleg-tyryshkin-i-denuar-per-koment-ne-vk\\\/\"},\"wordCount\":313,\"commentCount\":0,\"image\":{\"@id\":\"https:\\\/\\\/kosovatimes.info\\\/index.php\\\/2026\\\/04\\\/26\\\/vdes-i-burgosuri-politik-rus-oleg-tyryshkin-i-denuar-per-koment-ne-vk\\\/#primaryimage\"},\"thumbnailUrl\":\"https:\\\/\\\/kosovatimes.info\\\/wp-content\\\/uploads\\\/2026\\\/04\\\/Oleg.avif\",\"articleSection\":[\"Bot\u00eb\",\"Lajme\"],\"inLanguage\":\"en-US\",\"potentialAction\":[{\"@type\":\"CommentAction\",\"name\":\"Comment\",\"target\":[\"https:\\\/\\\/kosovatimes.info\\\/index.php\\\/2026\\\/04\\\/26\\\/vdes-i-burgosuri-politik-rus-oleg-tyryshkin-i-denuar-per-koment-ne-vk\\\/#respond\"]}]},{\"@type\":\"WebPage\",\"@id\":\"https:\\\/\\\/kosovatimes.info\\\/index.php\\\/2026\\\/04\\\/26\\\/vdes-i-burgosuri-politik-rus-oleg-tyryshkin-i-denuar-per-koment-ne-vk\\\/\",\"url\":\"https:\\\/\\\/kosovatimes.info\\\/index.php\\\/2026\\\/04\\\/26\\\/vdes-i-burgosuri-politik-rus-oleg-tyryshkin-i-denuar-per-koment-ne-vk\\\/\",\"name\":\"Vdes i burgosuri politik rus Oleg Tyryshkin, i d\u00ebnuar p\u00ebr koment n\u00eb VK - Kosova Times\",\"isPartOf\":{\"@id\":\"https:\\\/\\\/kosovatimes.info\\\/#website\"},\"primaryImageOfPage\":{\"@id\":\"https:\\\/\\\/kosovatimes.info\\\/index.php\\\/2026\\\/04\\\/26\\\/vdes-i-burgosuri-politik-rus-oleg-tyryshkin-i-denuar-per-koment-ne-vk\\\/#primaryimage\"},\"image\":{\"@id\":\"https:\\\/\\\/kosovatimes.info\\\/index.php\\\/2026\\\/04\\\/26\\\/vdes-i-burgosuri-politik-rus-oleg-tyryshkin-i-denuar-per-koment-ne-vk\\\/#primaryimage\"},\"thumbnailUrl\":\"https:\\\/\\\/kosovatimes.info\\\/wp-content\\\/uploads\\\/2026\\\/04\\\/Oleg.avif\",\"datePublished\":\"2026-04-26T12:08:45+00:00\",\"dateModified\":\"2026-04-26T12:08:48+00:00\",\"author\":{\"@id\":\"https:\\\/\\\/kosovatimes.info\\\/#\\\/schema\\\/person\\\/7586712b9c512fe68085de007378c915\"},\"breadcrumb\":{\"@id\":\"https:\\\/\\\/kosovatimes.info\\\/index.php\\\/2026\\\/04\\\/26\\\/vdes-i-burgosuri-politik-rus-oleg-tyryshkin-i-denuar-per-koment-ne-vk\\\/#breadcrumb\"},\"inLanguage\":\"en-US\",\"potentialAction\":[{\"@type\":\"ReadAction\",\"target\":[\"https:\\\/\\\/kosovatimes.info\\\/index.php\\\/2026\\\/04\\\/26\\\/vdes-i-burgosuri-politik-rus-oleg-tyryshkin-i-denuar-per-koment-ne-vk\\\/\"]}]},{\"@type\":\"ImageObject\",\"inLanguage\":\"en-US\",\"@id\":\"https:\\\/\\\/kosovatimes.info\\\/index.php\\\/2026\\\/04\\\/26\\\/vdes-i-burgosuri-politik-rus-oleg-tyryshkin-i-denuar-per-koment-ne-vk\\\/#primaryimage\",\"url\":\"https:\\\/\\\/kosovatimes.info\\\/wp-content\\\/uploads\\\/2026\\\/04\\\/Oleg.avif\",\"contentUrl\":\"https:\\\/\\\/kosovatimes.info\\\/wp-content\\\/uploads\\\/2026\\\/04\\\/Oleg.avif\",\"width\":1023,\"height\":575},{\"@type\":\"BreadcrumbList\",\"@id\":\"https:\\\/\\\/kosovatimes.info\\\/index.php\\\/2026\\\/04\\\/26\\\/vdes-i-burgosuri-politik-rus-oleg-tyryshkin-i-denuar-per-koment-ne-vk\\\/#breadcrumb\",\"itemListElement\":[{\"@type\":\"ListItem\",\"position\":1,\"name\":\"Home\",\"item\":\"https:\\\/\\\/kosovatimes.info\\\/\"},{\"@type\":\"ListItem\",\"position\":2,\"name\":\"Vdes i burgosuri politik rus Oleg Tyryshkin, i d\u00ebnuar p\u00ebr koment n\u00eb VK\"}]},{\"@type\":\"WebSite\",\"@id\":\"https:\\\/\\\/kosovatimes.info\\\/#website\",\"url\":\"https:\\\/\\\/kosovatimes.info\\\/\",\"name\":\"Kosova Times\",\"description\":\"\",\"potentialAction\":[{\"@type\":\"SearchAction\",\"target\":{\"@type\":\"EntryPoint\",\"urlTemplate\":\"https:\\\/\\\/kosovatimes.info\\\/?s={search_term_string}\"},\"query-input\":{\"@type\":\"PropertyValueSpecification\",\"valueRequired\":true,\"valueName\":\"search_term_string\"}}],\"inLanguage\":\"en-US\"},{\"@type\":\"Person\",\"@id\":\"https:\\\/\\\/kosovatimes.info\\\/#\\\/schema\\\/person\\\/7586712b9c512fe68085de007378c915\",\"name\":\"i l\",\"image\":{\"@type\":\"ImageObject\",\"inLanguage\":\"en-US\",\"@id\":\"https:\\\/\\\/secure.gravatar.com\\\/avatar\\\/bad9296e02816160ae2e2435beda58222022298d5625d49fea74d18816fbb31d?s=96&d=mm&r=g\",\"url\":\"https:\\\/\\\/secure.gravatar.com\\\/avatar\\\/bad9296e02816160ae2e2435beda58222022298d5625d49fea74d18816fbb31d?s=96&d=mm&r=g\",\"contentUrl\":\"https:\\\/\\\/secure.gravatar.com\\\/avatar\\\/bad9296e02816160ae2e2435beda58222022298d5625d49fea74d18816fbb31d?s=96&d=mm&r=g\",\"caption\":\"i l\"},\"url\":\"https:\\\/\\\/kosovatimes.info\\\/index.php\\\/author\\\/iliri\\\/\"}]}<\/script>\n<!-- \/ Yoast SEO plugin. -->","yoast_head_json":{"title":"Vdes i burgosuri politik rus Oleg Tyryshkin, i d\u00ebnuar p\u00ebr koment n\u00eb VK - Kosova Times","robots":{"index":"index","follow":"follow","max-snippet":"max-snippet:-1","max-image-preview":"max-image-preview:large","max-video-preview":"max-video-preview:-1"},"canonical":"https:\/\/kosovatimes.info\/index.php\/2026\/04\/26\/vdes-i-burgosuri-politik-rus-oleg-tyryshkin-i-denuar-per-koment-ne-vk\/","og_locale":"en_US","og_type":"article","og_title":"Vdes i burgosuri politik rus Oleg Tyryshkin, i d\u00ebnuar p\u00ebr koment n\u00eb VK - Kosova Times","og_description":"I burgosuri politik Oleg Tyryshkin ka vdekur n\u00eb burg,&nbsp;raporton&nbsp;RusNews , duke cituar aktivist\u00eb q\u00eb korrespondonin me t\u00eb. Ata thon\u00eb se ai vdiq &#8220;nga nj\u00eb problem me zemr\u00ebn&#8221;. Vendndodhja e sakt\u00eb e Tyryshkin n\u00eb koh\u00ebn e vdekjes s\u00eb tij \u00ebsht\u00eb e panjohur, pasi ngjarja ndodhi nd\u00ebrsa ai po transportohej. Besohet se ai ka qen\u00eb n\u00eb rajonin [&hellip;]","og_url":"https:\/\/kosovatimes.info\/index.php\/2026\/04\/26\/vdes-i-burgosuri-politik-rus-oleg-tyryshkin-i-denuar-per-koment-ne-vk\/","og_site_name":"Kosova Times","article_published_time":"2026-04-26T12:08:45+00:00","article_modified_time":"2026-04-26T12:08:48+00:00","author":"i l","twitter_card":"summary_large_image","twitter_misc":{"Written by":"i l","Est. reading time":"2 minutes"},"schema":{"@context":"https:\/\/schema.org","@graph":[{"@type":"Article","@id":"https:\/\/kosovatimes.info\/index.php\/2026\/04\/26\/vdes-i-burgosuri-politik-rus-oleg-tyryshkin-i-denuar-per-koment-ne-vk\/#article","isPartOf":{"@id":"https:\/\/kosovatimes.info\/index.php\/2026\/04\/26\/vdes-i-burgosuri-politik-rus-oleg-tyryshkin-i-denuar-per-koment-ne-vk\/"},"author":{"name":"i l","@id":"https:\/\/kosovatimes.info\/#\/schema\/person\/7586712b9c512fe68085de007378c915"},"headline":"Vdes i burgosuri politik rus Oleg Tyryshkin, i d\u00ebnuar p\u00ebr koment n\u00eb VK","datePublished":"2026-04-26T12:08:45+00:00","dateModified":"2026-04-26T12:08:48+00:00","mainEntityOfPage":{"@id":"https:\/\/kosovatimes.info\/index.php\/2026\/04\/26\/vdes-i-burgosuri-politik-rus-oleg-tyryshkin-i-denuar-per-koment-ne-vk\/"},"wordCount":313,"commentCount":0,"image":{"@id":"https:\/\/kosovatimes.info\/index.php\/2026\/04\/26\/vdes-i-burgosuri-politik-rus-oleg-tyryshkin-i-denuar-per-koment-ne-vk\/#primaryimage"},"thumbnailUrl":"https:\/\/kosovatimes.info\/wp-content\/uploads\/2026\/04\/Oleg.avif","articleSection":["Bot\u00eb","Lajme"],"inLanguage":"en-US","potentialAction":[{"@type":"CommentAction","name":"Comment","target":["https:\/\/kosovatimes.info\/index.php\/2026\/04\/26\/vdes-i-burgosuri-politik-rus-oleg-tyryshkin-i-denuar-per-koment-ne-vk\/#respond"]}]},{"@type":"WebPage","@id":"https:\/\/kosovatimes.info\/index.php\/2026\/04\/26\/vdes-i-burgosuri-politik-rus-oleg-tyryshkin-i-denuar-per-koment-ne-vk\/","url":"https:\/\/kosovatimes.info\/index.php\/2026\/04\/26\/vdes-i-burgosuri-politik-rus-oleg-tyryshkin-i-denuar-per-koment-ne-vk\/","name":"Vdes i burgosuri politik rus Oleg Tyryshkin, i d\u00ebnuar p\u00ebr koment n\u00eb VK - Kosova Times","isPartOf":{"@id":"https:\/\/kosovatimes.info\/#website"},"primaryImageOfPage":{"@id":"https:\/\/kosovatimes.info\/index.php\/2026\/04\/26\/vdes-i-burgosuri-politik-rus-oleg-tyryshkin-i-denuar-per-koment-ne-vk\/#primaryimage"},"image":{"@id":"https:\/\/kosovatimes.info\/index.php\/2026\/04\/26\/vdes-i-burgosuri-politik-rus-oleg-tyryshkin-i-denuar-per-koment-ne-vk\/#primaryimage"},"thumbnailUrl":"https:\/\/kosovatimes.info\/wp-content\/uploads\/2026\/04\/Oleg.avif","datePublished":"2026-04-26T12:08:45+00:00","dateModified":"2026-04-26T12:08:48+00:00","author":{"@id":"https:\/\/kosovatimes.info\/#\/schema\/person\/7586712b9c512fe68085de007378c915"},"breadcrumb":{"@id":"https:\/\/kosovatimes.info\/index.php\/2026\/04\/26\/vdes-i-burgosuri-politik-rus-oleg-tyryshkin-i-denuar-per-koment-ne-vk\/#breadcrumb"},"inLanguage":"en-US","potentialAction":[{"@type":"ReadAction","target":["https:\/\/kosovatimes.info\/index.php\/2026\/04\/26\/vdes-i-burgosuri-politik-rus-oleg-tyryshkin-i-denuar-per-koment-ne-vk\/"]}]},{"@type":"ImageObject","inLanguage":"en-US","@id":"https:\/\/kosovatimes.info\/index.php\/2026\/04\/26\/vdes-i-burgosuri-politik-rus-oleg-tyryshkin-i-denuar-per-koment-ne-vk\/#primaryimage","url":"https:\/\/kosovatimes.info\/wp-content\/uploads\/2026\/04\/Oleg.avif","contentUrl":"https:\/\/kosovatimes.info\/wp-content\/uploads\/2026\/04\/Oleg.avif","width":1023,"height":575},{"@type":"BreadcrumbList","@id":"https:\/\/kosovatimes.info\/index.php\/2026\/04\/26\/vdes-i-burgosuri-politik-rus-oleg-tyryshkin-i-denuar-per-koment-ne-vk\/#breadcrumb","itemListElement":[{"@type":"ListItem","position":1,"name":"Home","item":"https:\/\/kosovatimes.info\/"},{"@type":"ListItem","position":2,"name":"Vdes i burgosuri politik rus Oleg Tyryshkin, i d\u00ebnuar p\u00ebr koment n\u00eb VK"}]},{"@type":"WebSite","@id":"https:\/\/kosovatimes.info\/#website","url":"https:\/\/kosovatimes.info\/","name":"Kosova Times","description":"","potentialAction":[{"@type":"SearchAction","target":{"@type":"EntryPoint","urlTemplate":"https:\/\/kosovatimes.info\/?s={search_term_string}"},"query-input":{"@type":"PropertyValueSpecification","valueRequired":true,"valueName":"search_term_string"}}],"inLanguage":"en-US"},{"@type":"Person","@id":"https:\/\/kosovatimes.info\/#\/schema\/person\/7586712b9c512fe68085de007378c915","name":"i l","image":{"@type":"ImageObject","inLanguage":"en-US","@id":"https:\/\/secure.gravatar.com\/avatar\/bad9296e02816160ae2e2435beda58222022298d5625d49fea74d18816fbb31d?s=96&d=mm&r=g","url":"https:\/\/secure.gravatar.com\/avatar\/bad9296e02816160ae2e2435beda58222022298d5625d49fea74d18816fbb31d?s=96&d=mm&r=g","contentUrl":"https:\/\/secure.gravatar.com\/avatar\/bad9296e02816160ae2e2435beda58222022298d5625d49fea74d18816fbb31d?s=96&d=mm&r=g","caption":"i l"},"url":"https:\/\/kosovatimes.info\/index.php\/author\/iliri\/"}]}},"_links":{"self":[{"href":"https:\/\/kosovatimes.info\/index.php\/wp-json\/wp\/v2\/posts\/11822","targetHints":{"allow":["GET"]}}],"collection":[{"href":"https:\/\/kosovatimes.info\/index.php\/wp-json\/wp\/v2\/posts"}],"about":[{"href":"https:\/\/kosovatimes.info\/index.php\/wp-json\/wp\/v2\/types\/post"}],"author":[{"embeddable":true,"href":"https:\/\/kosovatimes.info\/index.php\/wp-json\/wp\/v2\/users\/4"}],"replies":[{"embeddable":true,"href":"https:\/\/kosovatimes.info\/index.php\/wp-json\/wp\/v2\/comments?post=11822"}],"version-history":[{"count":1,"href":"https:\/\/kosovatimes.info\/index.php\/wp-json\/wp\/v2\/posts\/11822\/revisions"}],"predecessor-version":[{"id":11824,"href":"https:\/\/kosovatimes.info\/index.php\/wp-json\/wp\/v2\/posts\/11822\/revisions\/11824"}],"wp:featuredmedia":[{"embeddable":true,"href":"https:\/\/kosovatimes.info\/index.php\/wp-json\/wp\/v2\/media\/11823"}],"wp:attachment":[{"href":"https:\/\/kosovatimes.info\/index.php\/wp-json\/wp\/v2\/media?parent=11822"}],"wp:term":[{"taxonomy":"category","embeddable":true,"href":"https:\/\/kosovatimes.info\/index.php\/wp-json\/wp\/v2\/categories?post=11822"},{"taxonomy":"post_tag","embeddable":true,"href":"https:\/\/kosovatimes.info\/index.php\/wp-json\/wp\/v2\/tags?post=11822"}],"curies":[{"name":"wp","href":"https:\/\/api.w.org\/{rel}","templated":true}]}}