{"id":11825,"date":"2026-04-26T14:18:50","date_gmt":"2026-04-26T12:18:50","guid":{"rendered":"https:\/\/kosovatimes.info\/?p=11825"},"modified":"2026-04-26T14:27:03","modified_gmt":"2026-04-26T12:27:03","slug":"regan-u-plagos-prane-te-njejtit-hotel-ne-vitin-1981-ku-u-hap-zjarr-ne-darken-e-trump","status":"publish","type":"post","link":"https:\/\/kosovatimes.info\/index.php\/2026\/04\/26\/regan-u-plagos-prane-te-njejtit-hotel-ne-vitin-1981-ku-u-hap-zjarr-ne-darken-e-trump\/","title":{"rendered":"Regan u plagos pran\u00eb t\u00eb nj\u00ebjtit hotel n\u00eb vitin 1981 ku u hap zjarr ne darken e Trump"},"content":{"rendered":"\n<p>Mbr\u00ebmjen e 25 prillit, nj\u00eb t\u00eb sht\u00ebn\u00eb ndodhi n\u00eb Uashington, D.C., gjat\u00eb nj\u00eb darke me korrespondent\u00ebt e Sht\u00ebpis\u00eb s\u00eb Bardh\u00eb, ku mori pjes\u00eb edhe Presidenti Donald Trump. Presidenti nuk u l\u00ebndua, por nj\u00eb oficer i Sh\u00ebrbimit Sekret u plagos. Personi q\u00eb q\u00eblloi, 31-vje\u00e7ari Cole Thomas Allen, \u00ebsht\u00eb ndaluar. Ja \u00e7far\u00eb dim\u00eb deri m\u00eb tani p\u00ebr incidentin.Shoqata e Korrespondent\u00ebve t\u00eb Sht\u00ebpis\u00eb s\u00eb Bardh\u00eb (WHCA) organizon dark\u00ebn p\u00ebr shtyp n\u00eb Uashington, e cila tradicionalisht mbahet t\u00eb shtun\u00ebn e fundit t\u00eb prillit n\u00eb hotelin Washington Hilton. K\u00ebt\u00eb vit, Trump, i cili injoroi ftesat gjat\u00eb mandatit t\u00eb tij t\u00eb par\u00eb, mori pjes\u00eb n\u00eb k\u00ebt\u00eb aktivitet p\u00ebr her\u00eb t\u00eb par\u00eb.<\/p>\n\n\n\n<figure class=\"wp-block-embed is-type-rich is-provider-twitter wp-block-embed-twitter\"><div class=\"wp-block-embed__wrapper\">\n<blockquote class=\"twitter-tweet\" data-width=\"550\" data-dnt=\"true\"><p lang=\"en\" dir=\"ltr\">This angle shows Stephen Miller, Pete Hegseth, RFK, and their wives. <br><br>Absolutely terrifying. <a href=\"https:\/\/t.co\/I0fbKvmL9z\">pic.twitter.com\/I0fbKvmL9z<\/a><\/p>&mdash; Erin Derham (@HistoryBoutique) <a href=\"https:\/\/twitter.com\/HistoryBoutique\/status\/2048214529931087976?ref_src=twsrc%5Etfw\">April 26, 2026<\/a><\/blockquote><script async src=\"https:\/\/platform.twitter.com\/widgets.js\" charset=\"utf-8\"><\/script>\n<\/div><\/figure>\n\n\n\n<p><a href=\"https:\/\/www.nbcnews.com\/politics\/politics-news\/live-blog\/live-updates-trump-evacuated-white-house-correspondents-dinner-rcna342133\" rel=\"noreferrer noopener\" target=\"_blank\">N\u00eb or\u00ebn 8:36 t\u00eb mbr\u00ebmjes sipas or\u00ebs s\u00eb Uashingtonit (3:36 t\u00eb m\u00ebngjesit sipas or\u00ebs s\u00eb Mosk\u00ebs), nj\u00eb burr\u00eb i armatosur me disa<\/a>&nbsp;arm\u00eb hyri me forc\u00eb n\u00eb pik\u00ebn e kontrollit t\u00eb Sh\u00ebrbimit Sekret n\u00eb holl&nbsp;dhe u p\u00ebrfshi n\u00eb nj\u00eb shk\u00ebmbim zjarri me oficer\u00ebt e zbatimit t\u00eb ligjit. Sulmuesi u rr\u00ebzua p\u00ebrtok\u00eb dhe iu vun\u00eb prangat. Policia m\u00eb von\u00eb raportoi se burri mbante me vete nj\u00eb pushk\u00eb gjahu, nj\u00eb pistolet\u00eb dhe disa thika.<\/p>\n\n\n\n<p>Nj\u00eb agjent i Sh\u00ebrbimit Sekret u plagos gjat\u00eb sulmit (ai mbante veshur nj\u00eb jelek antiplumb). Q\u00eb at\u00ebher\u00eb ai \u00ebsht\u00eb&nbsp;<a href=\"https:\/\/www.nbcnews.com\/politics\/politics-news\/live-blog\/live-updates-trump-evacuated-white-house-correspondents-dinner-rcna342133\" rel=\"noreferrer noopener\" target=\"_blank\">larguar<\/a>&nbsp;nga spitali.<\/p>\n\n\n\n<figure class=\"wp-block-image size-full\"><img loading=\"lazy\" decoding=\"async\" width=\"650\" height=\"735\" src=\"https:\/\/kosovatimes.info\/wp-content\/uploads\/2026\/04\/mysafir.webp\" alt=\"\" class=\"wp-image-11828\" srcset=\"https:\/\/kosovatimes.info\/wp-content\/uploads\/2026\/04\/mysafir.webp 650w, https:\/\/kosovatimes.info\/wp-content\/uploads\/2026\/04\/mysafir-265x300.webp 265w, https:\/\/kosovatimes.info\/wp-content\/uploads\/2026\/04\/mysafir-371x420.webp 371w, https:\/\/kosovatimes.info\/wp-content\/uploads\/2026\/04\/mysafir-150x170.webp 150w, https:\/\/kosovatimes.info\/wp-content\/uploads\/2026\/04\/mysafir-300x339.webp 300w\" sizes=\"auto, (max-width: 650px) 100vw, 650px\" \/><\/figure>\n\n\n\n<p>T\u00eb ftuarit n\u00eb dark\u00eb fshihen pasi Presidenti i SHBA-s\u00eb Donald Trump dhe Zonja e Par\u00eb Melania Trump u shoq\u00ebruan jasht\u00eb dark\u00ebs nga agjent\u00eb t\u00eb Sh\u00ebrbimit Sekret.<\/p>\n\n\n\n<figure class=\"wp-block-image size-full\"><img loading=\"lazy\" decoding=\"async\" width=\"980\" height=\"735\" src=\"https:\/\/kosovatimes.info\/wp-content\/uploads\/2026\/04\/i-dyshimti.webp\" alt=\"\" class=\"wp-image-11830\" srcset=\"https:\/\/kosovatimes.info\/wp-content\/uploads\/2026\/04\/i-dyshimti.webp 980w, https:\/\/kosovatimes.info\/wp-content\/uploads\/2026\/04\/i-dyshimti-300x225.webp 300w, https:\/\/kosovatimes.info\/wp-content\/uploads\/2026\/04\/i-dyshimti-768x576.webp 768w, https:\/\/kosovatimes.info\/wp-content\/uploads\/2026\/04\/i-dyshimti-560x420.webp 560w, https:\/\/kosovatimes.info\/wp-content\/uploads\/2026\/04\/i-dyshimti-80x60.webp 80w, https:\/\/kosovatimes.info\/wp-content\/uploads\/2026\/04\/i-dyshimti-150x113.webp 150w, https:\/\/kosovatimes.info\/wp-content\/uploads\/2026\/04\/i-dyshimti-696x522.webp 696w\" sizes=\"auto, (max-width: 980px) 100vw, 980px\" \/><\/figure>\n\n\n\n<p>I ndaluari Cole Thomas Allen n\u00eb dyshemen\u00eb e hotelit Washington Hilton<\/p>\n\n\n\n<p>Trump, zyrtar\u00ebt e administrat\u00ebs s\u00eb tij dhe gazetar\u00ebt ishin n\u00eb sall\u00ebn e konferencave n\u00eb koh\u00ebn e t\u00eb sht\u00ebnave. Agjent\u00ebt e Sh\u00ebrbimit Sekret menj\u00ebher\u00eb i shoq\u00ebruan presidentin dhe gruan e tij jasht\u00eb, nd\u00ebrsa t\u00eb ftuarit e mbetur u fsheh\u00ebn n\u00ebn tavolina. Agjent\u00eb t\u00eb armatosur m\u00eb pas kontrolluan dhom\u00ebn.<\/p>\n\n\n\n<p>Sipas gazetar\u00ebve t\u00eb pranish\u00ebm n\u00eb dark\u00eb, n\u00eb dhom\u00ebn e ngr\u00ebnies nuk u d\u00ebgjuan t\u00eb sht\u00ebna me arm\u00eb zjarri. Korrespondenti i Sht\u00ebpis\u00eb s\u00eb Bardh\u00eb t\u00eb NBC-s\u00eb, Gabe Gutierrez,&nbsp;<a href=\"https:\/\/meduza.io\/feature\/2026\/04\/26\/%D0%9F%D0%BE%D1%81%D0%BB%D0%B5%D0%B4%D0%BD%D0%B8%D0%B5%20%D0%B3%D0%BE%D0%B4%D1%8B%20%D0%B2%D1%8B%D1%80%D1%83%D1%87%D0%BA%D0%B0%20%D0%B1%D1%8E%D1%80%D0%BE%20%D0%B7%D0%B0%D0%BC%D0%B5%D1%82%D0%BD%D0%BE%20%D1%81%D0%BE%D0%BA%D1%80%D0%B0%D1%82%D0%B8%D0%BB%D0%B0%D1%81%D1%8C,%20%D0%B2%20%D1%82%D0%BE%D0%BC%20%D1%87%D0%B8%D1%81%D0%BB%D0%B5%20%D0%B8%D0%B7-%D0%B7%D0%B0%20%D0%BE%D1%82%D1%81%D1%83%D1%82%D1%81%D1%82%D0%B2%D0%B8%D1%8F%20%D0%BA%D1%80%D1%83%D0%BF%D0%BD%D1%8B%D1%85%20%D0%B3%D0%BE%D1%81%D0%BA%D0%BE%D0%BD%D1%82%D1%80%D0%B0%D0%BA%D1%82%D0%BE%D0%B2,%20%D0%B8%D0%B7-%D0%B7%D0%B0%20%D1%87%D0%B5%D0%B3%D0%BE%20%D0%BF%D1%80%D0%B5%D0%B6%D0%BD%D0%B8%D0%B9%20%D1%81%D0%BE%D0%B1%D1%81%D1%82%D0%B2%D0%B5%D0%BD%D0%BD%D0%B8%D0%BA%20%D0%BC%D0%BE%D0%B3%20%D0%BF%D0%BE%D1%82%D0%B5%D1%80%D1%8F%D1%82%D1%8C%20%D0%B8%D0%BD%D1%82%D0%B5%D1%80%D0%B5%D1%81%20%D0%BA%20%D0%B0%D0%BA%D1%82%D0%B8%D0%B2%D1%83.\" rel=\"noreferrer noopener\" target=\"_blank\">vuri n\u00eb dukje<\/a>&nbsp;se mbr\u00ebmja &#8220;mori fund t\u00eb papritur&#8221;. Sipas prezantuesit t\u00eb NBC-s\u00eb, Tom Llamas, agjent\u00eb t\u00eb armatosur t\u00eb Sh\u00ebrbimit Sekret hyn\u00eb me nxitim n\u00eb dhom\u00eb papritur. M\u00eb pas, t\u00eb gjith\u00eb u fsheh\u00ebn n\u00ebn tavolina.<\/p>\n\n\n\n<p>&#8220;[Sekretari i Shtetit Marco Rubio, i ulur af\u00ebr,] ishte i shqet\u00ebsuar p\u00ebr gruan e tij, e cila ishte ulur p\u00ebrball\u00eb tij n\u00eb tavolin\u00eb. Ai po e shikonte gjithashtu Trumpin: nuk ishte e qart\u00eb se \u00e7far\u00eb po ndodhte. Ne ishim shum\u00eb af\u00ebr Trumpit&#8221;,&nbsp;<a href=\"https:\/\/meduza.io\/feature\/2026\/04\/26\/%D0%9F%D0%BE%D1%81%D0%BB%D0%B5%D0%B4%D0%BD%D0%B8%D0%B5%20%D0%B3%D0%BE%D0%B4%D1%8B%20%D0%B2%D1%8B%D1%80%D1%83%D1%87%D0%BA%D0%B0%20%D0%B1%D1%8E%D1%80%D0%BE%20%D0%B7%D0%B0%D0%BC%D0%B5%D1%82%D0%BD%D0%BE%20%D1%81%D0%BE%D0%BA%D1%80%D0%B0%D1%82%D0%B8%D0%BB%D0%B0%D1%81%D1%8C,%20%D0%B2%20%D1%82%D0%BE%D0%BC%20%D1%87%D0%B8%D1%81%D0%BB%D0%B5%20%D0%B8%D0%B7-%D0%B7%D0%B0%20%D0%BE%D1%82%D1%81%D1%83%D1%82%D1%81%D1%82%D0%B2%D0%B8%D1%8F%20%D0%BA%D1%80%D1%83%D0%BF%D0%BD%D1%8B%D1%85%20%D0%B3%D0%BE%D1%81%D0%BA%D0%BE%D0%BD%D1%82%D1%80%D0%B0%D0%BA%D1%82%D0%BE%D0%B2,%20%D0%B8%D0%B7-%D0%B7%D0%B0%20%D1%87%D0%B5%D0%B3%D0%BE%20%D0%BF%D1%80%D0%B5%D0%B6%D0%BD%D0%B8%D0%B9%20%D1%81%D0%BE%D0%B1%D1%81%D1%82%D0%B2%D0%B5%D0%BD%D0%BD%D0%B8%D0%BA%20%D0%BC%D0%BE%D0%B3%20%D0%BF%D0%BE%D1%82%D0%B5%D1%80%D1%8F%D1%82%D1%8C%20%D0%B8%D0%BD%D1%82%D0%B5%D1%80%D0%B5%D1%81%20%D0%BA%20%D0%B0%D0%BA%D1%82%D0%B8%D0%B2%D1%83.\" rel=\"noreferrer noopener\" target=\"_blank\">tha<\/a>&nbsp;Llamas .<\/p>\n\n\n\n<p>Hoteli Washington Hilton p\u00ebrdoret shpesh p\u00ebr t\u00eb pritur evente ku marrin pjes\u00eb president\u00ebt amerikan\u00eb. N\u00eb vitin 1981, nj\u00eb atentat ndaj Ronald Reagan ndodhi pran\u00eb hotelit: presidenti u q\u00ebllua nd\u00ebrsa po ecte nga hoteli drejt limuzin\u00ebs s\u00eb tij.<\/p>\n\n\n\n<figure class=\"wp-block-embed is-type-video is-provider-youtube wp-block-embed-youtube wp-embed-aspect-16-9 wp-has-aspect-ratio\"><div class=\"wp-block-embed__wrapper\">\n<div class=\"youtube-embed\" data-video_id=\"N1Jid5uRFo4\"><iframe loading=\"lazy\" title=\"Reagan Assassination Attempt\" width=\"696\" height=\"392\" src=\"https:\/\/www.youtube.com\/embed\/N1Jid5uRFo4?feature=oembed&#038;enablejsapi=1\" frameborder=\"0\" allow=\"accelerometer; autoplay; clipboard-write; encrypted-media; gyroscope; picture-in-picture; web-share\" referrerpolicy=\"strict-origin-when-cross-origin\" allowfullscreen><\/iframe><\/div>\n<\/div><\/figure>\n\n\n\n<p><\/p>\n\n\n\n<p>Reagan p\u00ebsoi nj\u00eb plag\u00eb n\u00eb mushk\u00ebri dhe kaloi 12 dit\u00eb n\u00eb spital. Kat\u00ebr persona u plagos\u00ebn n\u00eb sulm, dhe sekretari i shtypit i presidentit, James Brady, p\u00ebsoi nj\u00eb d\u00ebmtim t\u00eb r\u00ebnd\u00eb n\u00eb tru. Autori i sulmit, 25-vje\u00e7ari John Hinckley, u diagnostikua me s\u00ebmundje mendore dhe u shtrua n\u00eb nj\u00eb institucion psikiatrik; ai u lirua n\u00eb vitin 2016.<\/p>\n\n\n\n<figure class=\"wp-block-image size-full\"><img loading=\"lazy\" decoding=\"async\" width=\"980\" height=\"551\" src=\"https:\/\/kosovatimes.info\/wp-content\/uploads\/2026\/04\/agjenti.webp\" alt=\"\" class=\"wp-image-11831\" srcset=\"https:\/\/kosovatimes.info\/wp-content\/uploads\/2026\/04\/agjenti.webp 980w, https:\/\/kosovatimes.info\/wp-content\/uploads\/2026\/04\/agjenti-300x169.webp 300w, https:\/\/kosovatimes.info\/wp-content\/uploads\/2026\/04\/agjenti-768x432.webp 768w, https:\/\/kosovatimes.info\/wp-content\/uploads\/2026\/04\/agjenti-747x420.webp 747w, https:\/\/kosovatimes.info\/wp-content\/uploads\/2026\/04\/agjenti-150x84.webp 150w, https:\/\/kosovatimes.info\/wp-content\/uploads\/2026\/04\/agjenti-696x391.webp 696w\" sizes=\"auto, (max-width: 980px) 100vw, 980px\" \/><\/figure>\n\n\n\n<p>Nj\u00eb pamje e ekranit nga nj\u00eb video e b\u00ebr\u00eb nga nj\u00eb gazetar i AFP gjat\u00eb sulmit. Nj\u00eb agjent i armatosur, duke d\u00ebgjuar zhurm\u00ebn e t\u00eb sht\u00ebnave, ngjitet mbi karrige p\u00ebr t\u00eb arritur n\u00eb sken\u00ebn ku q\u00ebndron Donald Trump.<\/p>\n\n\n\n<p><\/p>\n\n\n\n<figure class=\"wp-block-image size-large\"><img loading=\"lazy\" decoding=\"async\" width=\"1024\" height=\"683\" src=\"https:\/\/kosovatimes.info\/wp-content\/uploads\/2026\/04\/LArgimi-1024x683.webp\" alt=\"\" class=\"wp-image-11832\" srcset=\"https:\/\/kosovatimes.info\/wp-content\/uploads\/2026\/04\/LArgimi-1024x683.webp 1024w, https:\/\/kosovatimes.info\/wp-content\/uploads\/2026\/04\/LArgimi-300x200.webp 300w, https:\/\/kosovatimes.info\/wp-content\/uploads\/2026\/04\/LArgimi-768x512.webp 768w, https:\/\/kosovatimes.info\/wp-content\/uploads\/2026\/04\/LArgimi-630x420.webp 630w, https:\/\/kosovatimes.info\/wp-content\/uploads\/2026\/04\/LArgimi-150x100.webp 150w, https:\/\/kosovatimes.info\/wp-content\/uploads\/2026\/04\/LArgimi-696x464.webp 696w, https:\/\/kosovatimes.info\/wp-content\/uploads\/2026\/04\/LArgimi-1068x712.webp 1068w, https:\/\/kosovatimes.info\/wp-content\/uploads\/2026\/04\/LArgimi.webp 1335w\" sizes=\"auto, (max-width: 1024px) 100vw, 1024px\" \/><\/figure>\n\n\n\n<p>Mysafir\u00ebt e dark\u00ebs largohen nga hoteli pas evakuimit<\/p>\n\n\n\n<figure class=\"wp-block-embed is-type-rich is-provider-twitter wp-block-embed-twitter\"><div class=\"wp-block-embed__wrapper\">\n<blockquote class=\"twitter-tweet\" data-width=\"550\" data-dnt=\"true\"><p lang=\"en\" dir=\"ltr\">View from the ground as Trump senior staff and cabinet members evacuated tonight, including Kennedy, Blanche, Stephen and Katie Miller, and Pete Hegseth. <a href=\"https:\/\/t.co\/p70geTnIF4\">pic.twitter.com\/p70geTnIF4<\/a><\/p>&mdash; Tony Dokoupil (@tonydokoupil) <a href=\"https:\/\/twitter.com\/tonydokoupil\/status\/2048225142099059037?ref_src=twsrc%5Etfw\">April 26, 2026<\/a><\/blockquote><script async src=\"https:\/\/platform.twitter.com\/widgets.js\" charset=\"utf-8\"><\/script>\n<\/div><\/figure>\n\n\n\n<h3 class=\"wp-block-heading\" id=\"16-55f3ca1e2e2239a8c797921bd0521db78940db7502455a03a361ed68529c6ed5\">\u00c7far\u00eb dihet p\u00ebr personin q\u00eb q\u00ebllon?<\/h3>\n\n\n\n<p>Emri i sulmuesit nuk \u00ebsht\u00eb b\u00ebr\u00eb zyrtarisht i ditur, por mediat kryesore amerikane kan\u00eb raportuar tashm\u00eb se ai \u00ebsht\u00eb 31-vje\u00e7ari Cole Thomas Allen nga Torrance, Kaliforni. Policia vuri n\u00eb dukje se ai ka t\u00eb ngjar\u00eb t\u00eb ket\u00eb qen\u00eb nj\u00eb mysafir hoteli.<\/p>\n\n\n\n<p>Dyshohet se Allen veproi i vet\u00ebm. Ai nuk u plagos, por u d\u00ebrgua n\u00eb spital. Zyrtar\u00ebt&nbsp;<a href=\"https:\/\/www.nbcnews.com\/politics\/politics-news\/live-blog\/live-updates-trump-evacuated-white-house-correspondents-dinner-rcna342133\" rel=\"noreferrer noopener\" target=\"_blank\">deklaruan<\/a>&nbsp;se ai nuk kishte t\u00eb kaluar kriminale dhe nuk ishte n\u00eb radarin e zbatimit t\u00eb ligjit n\u00eb Uashington. Motivet e sulmuesit mbeten t\u00eb panjohura. Sipas&nbsp;&nbsp;<a href=\"https:\/\/www.cbsnews.com\/live-updates\/trump-evacuated-white-house-correspondents-dinner-security-incident\/#post-update-80d0ec5e\" rel=\"noreferrer noopener\" target=\"_blank\">nj\u00eb<\/a>&nbsp;burimi t\u00eb CBS News, gjat\u00eb marrjes n\u00eb pyetje, ai deklaroi se donte t\u00eb q\u00ebllonte &#8220;an\u00ebtar\u00ebt e administrat\u00ebs presidenciale&#8221;, pa p\u00ebrmendur vet\u00eb Trumpin si sh\u00ebnjest\u00ebr.<\/p>\n\n\n\n<p>Sipas&nbsp;&nbsp;<a href=\"https:\/\/www.nbcnews.com\/news\/us-news\/shooting-suspect-white-house-correspondents-dinner-cole-thomas-allen-rcna342146\" rel=\"noreferrer noopener\" target=\"_blank\">profilit<\/a>&nbsp;t\u00eb Allen n\u00eb LinkedIn , ai u diplomua nga Instituti i Teknologjis\u00eb i Kalifornis\u00eb n\u00eb vitin 2017 me nj\u00eb diplom\u00eb bachelor n\u00eb inxhinieri mekanike. Universiteti i konfirmoi NBC-s\u00eb se nj\u00eb burr\u00eb me t\u00eb nj\u00ebjtin em\u00ebr kishte studiuar atje.<\/p>\n\n\n\n<p>N\u00eb maj t\u00eb vitit 2025, Allen mori nj\u00eb diplom\u00eb masteri n\u00eb shkenca kompjuterike nga Universiteti Shtet\u00ebror i Kalifornis\u00eb, Dominguez Hills, sipas faqes s\u00eb tij n\u00eb LinkedIn. Gjithashtu thuhet se ai punoi si inxhinier mekanik p\u00ebrpara se t\u00eb b\u00ebhej zhvillues i pavarur i videoloj\u00ebrave dhe t\u00eb jepte m\u00ebsim privat me koh\u00eb t\u00eb pjesshme. Nj\u00eb i njohur i Allen n\u00eb shkoll\u00ebn e mesme&nbsp;<a href=\"https:\/\/www.nbcnews.com\/news\/us-news\/shooting-suspect-white-house-correspondents-dinner-cole-thomas-allen-rcna342146\" rel=\"noreferrer noopener\" target=\"_blank\">e p\u00ebrshkroi<\/a>&nbsp;at\u00eb p\u00ebr gazetar\u00ebt e NBC si &#8220;pothuajse nj\u00eb gjeni&#8221; dhe &#8220;nj\u00eb person shum\u00eb t\u00eb ekuilibruar&#8221;.<\/p>\n\n\n\n<p>I dyshuari \u00ebsht\u00eb akuzuar tashm\u00eb p\u00ebr dy akuza p\u00ebr p\u00ebrdorim t\u00eb arm\u00ebve t\u00eb zjarrit n\u00eb kryerjen e nj\u00eb krimi t\u00eb dhunsh\u00ebm dhe nj\u00eb akuz\u00eb t\u00eb dyt\u00eb p\u00ebr sulm ndaj nj\u00eb oficeri federal me nj\u00eb arm\u00eb t\u00eb rrezikshme,&nbsp;<a href=\"https:\/\/meduza.io\/feature\/2026\/04\/26\/%D0%9F%D0%BE%D1%81%D0%BB%D0%B5%D0%B4%D0%BD%D0%B8%D0%B5%20%D0%B3%D0%BE%D0%B4%D1%8B%20%D0%B2%D1%8B%D1%80%D1%83%D1%87%D0%BA%D0%B0%20%D0%B1%D1%8E%D1%80%D0%BE%20%D0%B7%D0%B0%D0%BC%D0%B5%D1%82%D0%BD%D0%BE%20%D1%81%D0%BE%D0%BA%D1%80%D0%B0%D1%82%D0%B8%D0%BB%D0%B0%D1%81%D1%8C,%20%D0%B2%20%D1%82%D0%BE%D0%BC%20%D1%87%D0%B8%D1%81%D0%BB%D0%B5%20%D0%B8%D0%B7-%D0%B7%D0%B0%20%D0%BE%D1%82%D1%81%D1%83%D1%82%D1%81%D1%82%D0%B2%D0%B8%D1%8F%20%D0%BA%D1%80%D1%83%D0%BF%D0%BD%D1%8B%D1%85%20%D0%B3%D0%BE%D1%81%D0%BA%D0%BE%D0%BD%D1%82%D1%80%D0%B0%D0%BA%D1%82%D0%BE%D0%B2,%20%D0%B8%D0%B7-%D0%B7%D0%B0%20%D1%87%D0%B5%D0%B3%D0%BE%20%D0%BF%D1%80%D0%B5%D0%B6%D0%BD%D0%B8%D0%B9%20%D1%81%D0%BE%D0%B1%D1%81%D1%82%D0%B2%D0%B5%D0%BD%D0%BD%D0%B8%D0%BA%20%D0%BC%D0%BE%D0%B3%20%D0%BF%D0%BE%D1%82%D0%B5%D1%80%D1%8F%D1%82%D1%8C%20%D0%B8%D0%BD%D1%82%D0%B5%D1%80%D0%B5%D1%81%20%D0%BA%20%D0%B0%D0%BA%D1%82%D0%B8%D0%B2%D1%83.\" rel=\"noreferrer noopener\" target=\"_blank\">u tha<\/a>&nbsp;gazetar\u00ebve Prokurorja e Uashingtonit Jeanine Pirro. Ajo shtoi se Allen do t\u00eb paraqitet n\u00eb gjykat\u00ebn federale t\u00eb h\u00ebn\u00ebn, m\u00eb 27 prill.<\/p>\n\n\n\n<figure class=\"wp-block-image size-full\"><img loading=\"lazy\" decoding=\"async\" width=\"980\" height=\"653\" src=\"https:\/\/kosovatimes.info\/wp-content\/uploads\/2026\/04\/melania.webp\" alt=\"\" class=\"wp-image-11833\" srcset=\"https:\/\/kosovatimes.info\/wp-content\/uploads\/2026\/04\/melania.webp 980w, https:\/\/kosovatimes.info\/wp-content\/uploads\/2026\/04\/melania-300x200.webp 300w, https:\/\/kosovatimes.info\/wp-content\/uploads\/2026\/04\/melania-768x512.webp 768w, https:\/\/kosovatimes.info\/wp-content\/uploads\/2026\/04\/melania-630x420.webp 630w, https:\/\/kosovatimes.info\/wp-content\/uploads\/2026\/04\/melania-150x100.webp 150w, https:\/\/kosovatimes.info\/wp-content\/uploads\/2026\/04\/melania-696x464.webp 696w\" sizes=\"auto, (max-width: 980px) 100vw, 980px\" \/><\/figure>\n\n\n\n<h3 class=\"wp-block-heading\" id=\"23-75862d90f19b0b25bcdb5461b20ecf783308ac80a8e5f0760bde6002df9d7af2\">\u00c7far\u00eb thot\u00eb vet\u00eb Trump p\u00ebr sulmin<\/h3>\n\n\n\n<p>Menj\u00ebher\u00eb pas incidentit, Trump shkroi n\u00eb platform\u00ebn e mediave sociale Truth se ishte &#8220;nj\u00eb mbr\u00ebmje e jasht\u00ebzakonshme&#8221; dhe&nbsp;<a href=\"https:\/\/truthsocial.com\/@realDonaldTrump\/116468650367386223\" rel=\"noreferrer noopener\" target=\"_blank\">ndau<\/a>&nbsp;nj\u00eb video nga kamerat e siguris\u00eb s\u00eb hotelit. Videoja tregon nj\u00eb burr\u00eb q\u00eb vrapon p\u00ebrgjat\u00eb nj\u00eb korridori t\u00eb mbushur me personel sigurie. T\u00eb pakt\u00ebn shtat\u00eb personel sigurie nxjerrin arm\u00ebt e tyre dhe i ndjekin.<\/p>\n\n\n\n<p>Nj\u00eb mbr\u00ebmje e jasht\u00ebzakonshme n\u00eb Uashington. Sh\u00ebrbimi Sekret dhe forcat e rendit b\u00ebn\u00eb nj\u00eb pun\u00eb fantastike. Ata vepruan shpejt dhe me guxim. Autori i sulmit \u00ebsht\u00eb n\u00eb paraburgim dhe un\u00eb kam rekomanduar &#8220;LET OUR SHOW VALL\u00cbZIMI T\u00cb VAZHDOJ\u00cb&#8221;, por un\u00eb do t&#8217;i p\u00ebrmbahem udh\u00ebzimeve t\u00eb forcave t\u00eb rendit.<\/p>\n\n\n\n<p>N\u00eb nj\u00eb konferenc\u00eb urgjente p\u00ebr shtyp t\u00eb thirrur pothuajse menj\u00ebher\u00eb pas t\u00eb sht\u00ebnave, Trump vler\u00ebsoi Sh\u00ebrbimin Sekret, duke th\u00ebn\u00eb se &#8220;koha e reagimit ishte absolutisht e pabesueshme&#8221;. Ai tha se &#8220;luftoi me d\u00ebshp\u00ebrim p\u00ebr t\u00eb q\u00ebndruar&#8221; n\u00eb hotel dhe p\u00ebr t\u00eb vazhduar dark\u00ebn e tij, por forcat e rendit k\u00ebmb\u00ebngul\u00ebn se eventi duhej t\u00eb ishte anuluar p\u00ebr arsye sigurie.<\/p>\n\n\n\n<p>&#8220;Sapo fola me oficerin [e plagosur] dhe ai \u00ebsht\u00eb shum\u00eb mir\u00eb&#8221;, tha presidenti, duke shtuar se oficeri \u00ebsht\u00eb n\u00eb &#8220;gjendje t\u00eb shk\u00eblqyer&#8221; dhe me &#8220;shum\u00eb humor t\u00eb mir\u00eb&#8221;. &#8220;Ne e duam dhe e respektojm\u00eb. Dhe ai \u00ebsht\u00eb shum\u00eb krenar p\u00ebr pun\u00ebn e tij&#8221;, shtoi presidenti amerikan.<\/p>\n\n\n\n<p>Trump pretendoi se d\u00ebgjoi nj\u00eb zhurm\u00eb, por nuk e kuptoi se ishin t\u00eb sht\u00ebna me arm\u00eb: &#8220;D\u00ebgjova nj\u00eb zhurm\u00eb dhe mendova se ishte nj\u00eb tabaka.&#8221; &#8220;Mendoj se Melania e dinte sakt\u00ebsisht se \u00e7far\u00eb ndodhi. Mendoj se e kuptoi menj\u00ebher\u00eb se \u00e7far\u00eb ndodhi. Ajo po thoshte: &#8216;Ky \u00ebsht\u00eb nj\u00eb zhurm\u00eb e keqe'&#8221;, tha Trump.<\/p>\n\n\n\n<figure class=\"wp-block-image size-large\"><img loading=\"lazy\" decoding=\"async\" width=\"1024\" height=\"683\" src=\"https:\/\/kosovatimes.info\/wp-content\/uploads\/2026\/04\/Personeli-1024x683.webp\" alt=\"\" class=\"wp-image-11835\" srcset=\"https:\/\/kosovatimes.info\/wp-content\/uploads\/2026\/04\/Personeli-1024x683.webp 1024w, https:\/\/kosovatimes.info\/wp-content\/uploads\/2026\/04\/Personeli-300x200.webp 300w, https:\/\/kosovatimes.info\/wp-content\/uploads\/2026\/04\/Personeli-768x512.webp 768w, https:\/\/kosovatimes.info\/wp-content\/uploads\/2026\/04\/Personeli-630x420.webp 630w, https:\/\/kosovatimes.info\/wp-content\/uploads\/2026\/04\/Personeli-150x100.webp 150w, https:\/\/kosovatimes.info\/wp-content\/uploads\/2026\/04\/Personeli-696x464.webp 696w, https:\/\/kosovatimes.info\/wp-content\/uploads\/2026\/04\/Personeli-1068x712.webp 1068w, https:\/\/kosovatimes.info\/wp-content\/uploads\/2026\/04\/Personeli.webp 1335w\" sizes=\"auto, (max-width: 1024px) 100vw, 1024px\" \/><\/figure>\n\n\n\n<p>Personeli i siguris\u00eb evakuon mysafir\u00ebt e dark\u00ebs.<\/p>\n\n\n\n<figure class=\"wp-block-image size-full\"><img loading=\"lazy\" decoding=\"async\" width=\"980\" height=\"654\" src=\"https:\/\/kosovatimes.info\/wp-content\/uploads\/2026\/04\/agjentet-e-sherbimit.webp\" alt=\"\" class=\"wp-image-11836\" srcset=\"https:\/\/kosovatimes.info\/wp-content\/uploads\/2026\/04\/agjentet-e-sherbimit.webp 980w, https:\/\/kosovatimes.info\/wp-content\/uploads\/2026\/04\/agjentet-e-sherbimit-300x200.webp 300w, https:\/\/kosovatimes.info\/wp-content\/uploads\/2026\/04\/agjentet-e-sherbimit-768x513.webp 768w, https:\/\/kosovatimes.info\/wp-content\/uploads\/2026\/04\/agjentet-e-sherbimit-629x420.webp 629w, https:\/\/kosovatimes.info\/wp-content\/uploads\/2026\/04\/agjentet-e-sherbimit-150x100.webp 150w, https:\/\/kosovatimes.info\/wp-content\/uploads\/2026\/04\/agjentet-e-sherbimit-696x464.webp 696w\" sizes=\"auto, (max-width: 980px) 100vw, 980px\" \/><\/figure>\n\n\n\n<p>Agjent\u00ebt e Sh\u00ebrbimit Sekret t\u00eb SHBA-s\u00eb n\u00eb Hotelin Washington Hilton n\u00eb mbr\u00ebmjen e sulmit<\/p>\n\n\n\n<p>&#8220;Kam studiuar vrasjet dhe duhet t&#8217;ju them se njer\u00ebzit m\u00eb t\u00eb fuqish\u00ebm, ata q\u00eb b\u00ebjn\u00eb m\u00eb shum\u00eb, jan\u00eb ata q\u00eb ndiqen&#8221;,&nbsp;<a href=\"https:\/\/archive.ph\/Jn8MV#selection-687.0-723.168\" rel=\"noreferrer noopener\" target=\"_blank\">u tha<\/a>&nbsp;Trump gazetar\u00ebve. &#8220;Nuk dua t\u00eb them se jam krenar p\u00ebr k\u00ebt\u00eb, por kam arritur shum\u00eb.&#8221;<\/p>\n\n\n\n<p>\u00cbsht\u00eb nj\u00eb profesion i rreziksh\u00ebm. Por un\u00eb nuk mendoj k\u00ebshtu. Jam k\u00ebtu p\u00ebr t\u00eb b\u00ebr\u00eb pun\u00ebn time. Kjo \u00ebsht\u00eb pjes\u00eb e pun\u00ebs &#8211; \u00ebsht\u00eb e rrezikshme &#8211; nuk mund ta imagjinoj nj\u00eb profesion m\u00eb t\u00eb rreziksh\u00ebm. Por e dua vendin tim dhe jam shum\u00eb krenar p\u00ebr t\u00eb.<\/p>\n\n\n\n<p>Trump b\u00ebri shaka se mund t\u00eb mos kishte kandiduar n\u00ebse do t\u2019i kishte ditur rreziqet me t\u00eb cilat p\u00ebrballej (ai u&nbsp;<a href=\"https:\/\/meduza.io\/feature\/2024\/07\/14\/donald-tramp-ranen-na-predvybornom-mitinge-glavnoe\" rel=\"noreferrer noopener\" target=\"_blank\">q\u00ebllua<\/a>&nbsp;n\u00eb vesh gjat\u00eb nj\u00eb tubimi fushate n\u00eb Pensilvani n\u00eb ver\u00ebn e vitit 2024).<\/p>\n\n\n\n<p>Trump u premtoi gazetar\u00ebve se do t\u00eb mbante nj\u00eb dark\u00eb t\u00eb re brenda 30 dit\u00ebsh: &#8220;Ne me t\u00eb v\u00ebrtet\u00eb donim ta vazhdonim [dark\u00ebn] sepse nuk dua q\u00eb k\u00ebta njer\u00ebz t\u00eb s\u00ebmur\u00eb, k\u00ebta bandit\u00eb, k\u00ebta njer\u00ebz t\u00eb tmerrsh\u00ebm, t\u00eb tmerrsh\u00ebm t\u00eb ndryshojn\u00eb vet\u00eb themelin e jet\u00ebs son\u00eb.&#8221;<\/p>\n","protected":false},"excerpt":{"rendered":"<p>Mbr\u00ebmjen e 25 prillit, nj\u00eb t\u00eb sht\u00ebn\u00eb ndodhi n\u00eb Uashington, D.C., gjat\u00eb nj\u00eb darke me korrespondent\u00ebt e Sht\u00ebpis\u00eb s\u00eb Bardh\u00eb, ku mori pjes\u00eb edhe Presidenti Donald Trump. Presidenti nuk u l\u00ebndua, por nj\u00eb oficer i Sh\u00ebrbimit Sekret u plagos. Personi q\u00eb q\u00eblloi, 31-vje\u00e7ari Cole Thomas Allen, \u00ebsht\u00eb ndaluar. Ja \u00e7far\u00eb dim\u00eb deri m\u00eb tani p\u00ebr [&hellip;]<\/p>\n","protected":false},"author":4,"featured_media":11834,"comment_status":"open","ping_status":"open","sticky":false,"template":"","format":"standard","meta":{"footnotes":""},"categories":[33,30],"tags":[],"class_list":{"0":"post-11825","1":"post","2":"type-post","3":"status-publish","4":"format-standard","5":"has-post-thumbnail","7":"category-bote","8":"category-lajme"},"yoast_head":"<!-- This site is optimized with the Yoast SEO plugin v27.4 - https:\/\/yoast.com\/product\/yoast-seo-wordpress\/ -->\n<title>Regan u plagos pran\u00eb t\u00eb nj\u00ebjtit hotel n\u00eb vitin 1981 ku u hap zjarr ne darken e Trump - Kosova Times<\/title>\n<meta name=\"robots\" content=\"index, follow, max-snippet:-1, max-image-preview:large, max-video-preview:-1\" \/>\n<link rel=\"canonical\" href=\"https:\/\/kosovatimes.info\/index.php\/2026\/04\/26\/regan-u-plagos-prane-te-njejtit-hotel-ne-vitin-1981-ku-u-hap-zjarr-ne-darken-e-trump\/\" \/>\n<meta property=\"og:locale\" content=\"en_US\" \/>\n<meta property=\"og:type\" content=\"article\" \/>\n<meta property=\"og:title\" content=\"Regan u plagos pran\u00eb t\u00eb nj\u00ebjtit hotel n\u00eb vitin 1981 ku u hap zjarr ne darken e Trump - Kosova Times\" \/>\n<meta property=\"og:description\" content=\"Mbr\u00ebmjen e 25 prillit, nj\u00eb t\u00eb sht\u00ebn\u00eb ndodhi n\u00eb Uashington, D.C., gjat\u00eb nj\u00eb darke me korrespondent\u00ebt e Sht\u00ebpis\u00eb s\u00eb Bardh\u00eb, ku mori pjes\u00eb edhe Presidenti Donald Trump. Presidenti nuk u l\u00ebndua, por nj\u00eb oficer i Sh\u00ebrbimit Sekret u plagos. Personi q\u00eb q\u00eblloi, 31-vje\u00e7ari Cole Thomas Allen, \u00ebsht\u00eb ndaluar. Ja \u00e7far\u00eb dim\u00eb deri m\u00eb tani p\u00ebr [&hellip;]\" \/>\n<meta property=\"og:url\" content=\"https:\/\/kosovatimes.info\/index.php\/2026\/04\/26\/regan-u-plagos-prane-te-njejtit-hotel-ne-vitin-1981-ku-u-hap-zjarr-ne-darken-e-trump\/\" \/>\n<meta property=\"og:site_name\" content=\"Kosova Times\" \/>\n<meta property=\"article:published_time\" content=\"2026-04-26T12:18:50+00:00\" \/>\n<meta property=\"article:modified_time\" content=\"2026-04-26T12:27:03+00:00\" \/>\n<meta property=\"og:image\" content=\"https:\/\/kosovatimes.info\/wp-content\/uploads\/2026\/04\/Donald-5.webp\" \/>\n\t<meta property=\"og:image:width\" content=\"980\" \/>\n\t<meta property=\"og:image:height\" content=\"653\" \/>\n\t<meta property=\"og:image:type\" content=\"image\/webp\" \/>\n<meta name=\"author\" content=\"i l\" \/>\n<meta name=\"twitter:card\" content=\"summary_large_image\" \/>\n<meta name=\"twitter:label1\" content=\"Written by\" \/>\n\t<meta name=\"twitter:data1\" content=\"i l\" \/>\n\t<meta name=\"twitter:label2\" content=\"Est. reading time\" \/>\n\t<meta name=\"twitter:data2\" content=\"8 minutes\" \/>\n<script type=\"application\/ld+json\" class=\"yoast-schema-graph\">{\"@context\":\"https:\\\/\\\/schema.org\",\"@graph\":[{\"@type\":\"Article\",\"@id\":\"https:\\\/\\\/kosovatimes.info\\\/index.php\\\/2026\\\/04\\\/26\\\/regan-u-plagos-prane-te-njejtit-hotel-ne-vitin-1981-ku-u-hap-zjarr-ne-darken-e-trump\\\/#article\",\"isPartOf\":{\"@id\":\"https:\\\/\\\/kosovatimes.info\\\/index.php\\\/2026\\\/04\\\/26\\\/regan-u-plagos-prane-te-njejtit-hotel-ne-vitin-1981-ku-u-hap-zjarr-ne-darken-e-trump\\\/\"},\"author\":{\"name\":\"i l\",\"@id\":\"https:\\\/\\\/kosovatimes.info\\\/#\\\/schema\\\/person\\\/7586712b9c512fe68085de007378c915\"},\"headline\":\"Regan u plagos pran\u00eb t\u00eb nj\u00ebjtit hotel n\u00eb vitin 1981 ku u hap zjarr ne darken e Trump\",\"datePublished\":\"2026-04-26T12:18:50+00:00\",\"dateModified\":\"2026-04-26T12:27:03+00:00\",\"mainEntityOfPage\":{\"@id\":\"https:\\\/\\\/kosovatimes.info\\\/index.php\\\/2026\\\/04\\\/26\\\/regan-u-plagos-prane-te-njejtit-hotel-ne-vitin-1981-ku-u-hap-zjarr-ne-darken-e-trump\\\/\"},\"wordCount\":1607,\"commentCount\":0,\"image\":{\"@id\":\"https:\\\/\\\/kosovatimes.info\\\/index.php\\\/2026\\\/04\\\/26\\\/regan-u-plagos-prane-te-njejtit-hotel-ne-vitin-1981-ku-u-hap-zjarr-ne-darken-e-trump\\\/#primaryimage\"},\"thumbnailUrl\":\"https:\\\/\\\/kosovatimes.info\\\/wp-content\\\/uploads\\\/2026\\\/04\\\/Donald-5.webp\",\"articleSection\":[\"Bot\u00eb\",\"Lajme\"],\"inLanguage\":\"en-US\",\"potentialAction\":[{\"@type\":\"CommentAction\",\"name\":\"Comment\",\"target\":[\"https:\\\/\\\/kosovatimes.info\\\/index.php\\\/2026\\\/04\\\/26\\\/regan-u-plagos-prane-te-njejtit-hotel-ne-vitin-1981-ku-u-hap-zjarr-ne-darken-e-trump\\\/#respond\"]}]},{\"@type\":\"WebPage\",\"@id\":\"https:\\\/\\\/kosovatimes.info\\\/index.php\\\/2026\\\/04\\\/26\\\/regan-u-plagos-prane-te-njejtit-hotel-ne-vitin-1981-ku-u-hap-zjarr-ne-darken-e-trump\\\/\",\"url\":\"https:\\\/\\\/kosovatimes.info\\\/index.php\\\/2026\\\/04\\\/26\\\/regan-u-plagos-prane-te-njejtit-hotel-ne-vitin-1981-ku-u-hap-zjarr-ne-darken-e-trump\\\/\",\"name\":\"Regan u plagos pran\u00eb t\u00eb nj\u00ebjtit hotel n\u00eb vitin 1981 ku u hap zjarr ne darken e Trump - Kosova Times\",\"isPartOf\":{\"@id\":\"https:\\\/\\\/kosovatimes.info\\\/#website\"},\"primaryImageOfPage\":{\"@id\":\"https:\\\/\\\/kosovatimes.info\\\/index.php\\\/2026\\\/04\\\/26\\\/regan-u-plagos-prane-te-njejtit-hotel-ne-vitin-1981-ku-u-hap-zjarr-ne-darken-e-trump\\\/#primaryimage\"},\"image\":{\"@id\":\"https:\\\/\\\/kosovatimes.info\\\/index.php\\\/2026\\\/04\\\/26\\\/regan-u-plagos-prane-te-njejtit-hotel-ne-vitin-1981-ku-u-hap-zjarr-ne-darken-e-trump\\\/#primaryimage\"},\"thumbnailUrl\":\"https:\\\/\\\/kosovatimes.info\\\/wp-content\\\/uploads\\\/2026\\\/04\\\/Donald-5.webp\",\"datePublished\":\"2026-04-26T12:18:50+00:00\",\"dateModified\":\"2026-04-26T12:27:03+00:00\",\"author\":{\"@id\":\"https:\\\/\\\/kosovatimes.info\\\/#\\\/schema\\\/person\\\/7586712b9c512fe68085de007378c915\"},\"breadcrumb\":{\"@id\":\"https:\\\/\\\/kosovatimes.info\\\/index.php\\\/2026\\\/04\\\/26\\\/regan-u-plagos-prane-te-njejtit-hotel-ne-vitin-1981-ku-u-hap-zjarr-ne-darken-e-trump\\\/#breadcrumb\"},\"inLanguage\":\"en-US\",\"potentialAction\":[{\"@type\":\"ReadAction\",\"target\":[\"https:\\\/\\\/kosovatimes.info\\\/index.php\\\/2026\\\/04\\\/26\\\/regan-u-plagos-prane-te-njejtit-hotel-ne-vitin-1981-ku-u-hap-zjarr-ne-darken-e-trump\\\/\"]}]},{\"@type\":\"ImageObject\",\"inLanguage\":\"en-US\",\"@id\":\"https:\\\/\\\/kosovatimes.info\\\/index.php\\\/2026\\\/04\\\/26\\\/regan-u-plagos-prane-te-njejtit-hotel-ne-vitin-1981-ku-u-hap-zjarr-ne-darken-e-trump\\\/#primaryimage\",\"url\":\"https:\\\/\\\/kosovatimes.info\\\/wp-content\\\/uploads\\\/2026\\\/04\\\/Donald-5.webp\",\"contentUrl\":\"https:\\\/\\\/kosovatimes.info\\\/wp-content\\\/uploads\\\/2026\\\/04\\\/Donald-5.webp\",\"width\":980,\"height\":653},{\"@type\":\"BreadcrumbList\",\"@id\":\"https:\\\/\\\/kosovatimes.info\\\/index.php\\\/2026\\\/04\\\/26\\\/regan-u-plagos-prane-te-njejtit-hotel-ne-vitin-1981-ku-u-hap-zjarr-ne-darken-e-trump\\\/#breadcrumb\",\"itemListElement\":[{\"@type\":\"ListItem\",\"position\":1,\"name\":\"Home\",\"item\":\"https:\\\/\\\/kosovatimes.info\\\/\"},{\"@type\":\"ListItem\",\"position\":2,\"name\":\"Regan u plagos pran\u00eb t\u00eb nj\u00ebjtit hotel n\u00eb vitin 1981 ku u hap zjarr ne darken e Trump\"}]},{\"@type\":\"WebSite\",\"@id\":\"https:\\\/\\\/kosovatimes.info\\\/#website\",\"url\":\"https:\\\/\\\/kosovatimes.info\\\/\",\"name\":\"Kosova Times\",\"description\":\"\",\"potentialAction\":[{\"@type\":\"SearchAction\",\"target\":{\"@type\":\"EntryPoint\",\"urlTemplate\":\"https:\\\/\\\/kosovatimes.info\\\/?s={search_term_string}\"},\"query-input\":{\"@type\":\"PropertyValueSpecification\",\"valueRequired\":true,\"valueName\":\"search_term_string\"}}],\"inLanguage\":\"en-US\"},{\"@type\":\"Person\",\"@id\":\"https:\\\/\\\/kosovatimes.info\\\/#\\\/schema\\\/person\\\/7586712b9c512fe68085de007378c915\",\"name\":\"i l\",\"image\":{\"@type\":\"ImageObject\",\"inLanguage\":\"en-US\",\"@id\":\"https:\\\/\\\/secure.gravatar.com\\\/avatar\\\/bad9296e02816160ae2e2435beda58222022298d5625d49fea74d18816fbb31d?s=96&d=mm&r=g\",\"url\":\"https:\\\/\\\/secure.gravatar.com\\\/avatar\\\/bad9296e02816160ae2e2435beda58222022298d5625d49fea74d18816fbb31d?s=96&d=mm&r=g\",\"contentUrl\":\"https:\\\/\\\/secure.gravatar.com\\\/avatar\\\/bad9296e02816160ae2e2435beda58222022298d5625d49fea74d18816fbb31d?s=96&d=mm&r=g\",\"caption\":\"i l\"},\"url\":\"https:\\\/\\\/kosovatimes.info\\\/index.php\\\/author\\\/iliri\\\/\"}]}<\/script>\n<!-- \/ Yoast SEO plugin. -->","yoast_head_json":{"title":"Regan u plagos pran\u00eb t\u00eb nj\u00ebjtit hotel n\u00eb vitin 1981 ku u hap zjarr ne darken e Trump - Kosova Times","robots":{"index":"index","follow":"follow","max-snippet":"max-snippet:-1","max-image-preview":"max-image-preview:large","max-video-preview":"max-video-preview:-1"},"canonical":"https:\/\/kosovatimes.info\/index.php\/2026\/04\/26\/regan-u-plagos-prane-te-njejtit-hotel-ne-vitin-1981-ku-u-hap-zjarr-ne-darken-e-trump\/","og_locale":"en_US","og_type":"article","og_title":"Regan u plagos pran\u00eb t\u00eb nj\u00ebjtit hotel n\u00eb vitin 1981 ku u hap zjarr ne darken e Trump - Kosova Times","og_description":"Mbr\u00ebmjen e 25 prillit, nj\u00eb t\u00eb sht\u00ebn\u00eb ndodhi n\u00eb Uashington, D.C., gjat\u00eb nj\u00eb darke me korrespondent\u00ebt e Sht\u00ebpis\u00eb s\u00eb Bardh\u00eb, ku mori pjes\u00eb edhe Presidenti Donald Trump. Presidenti nuk u l\u00ebndua, por nj\u00eb oficer i Sh\u00ebrbimit Sekret u plagos. Personi q\u00eb q\u00eblloi, 31-vje\u00e7ari Cole Thomas Allen, \u00ebsht\u00eb ndaluar. Ja \u00e7far\u00eb dim\u00eb deri m\u00eb tani p\u00ebr [&hellip;]","og_url":"https:\/\/kosovatimes.info\/index.php\/2026\/04\/26\/regan-u-plagos-prane-te-njejtit-hotel-ne-vitin-1981-ku-u-hap-zjarr-ne-darken-e-trump\/","og_site_name":"Kosova Times","article_published_time":"2026-04-26T12:18:50+00:00","article_modified_time":"2026-04-26T12:27:03+00:00","og_image":[{"width":980,"height":653,"url":"https:\/\/kosovatimes.info\/wp-content\/uploads\/2026\/04\/Donald-5.webp","type":"image\/webp"}],"author":"i l","twitter_card":"summary_large_image","twitter_misc":{"Written by":"i l","Est. reading time":"8 minutes"},"schema":{"@context":"https:\/\/schema.org","@graph":[{"@type":"Article","@id":"https:\/\/kosovatimes.info\/index.php\/2026\/04\/26\/regan-u-plagos-prane-te-njejtit-hotel-ne-vitin-1981-ku-u-hap-zjarr-ne-darken-e-trump\/#article","isPartOf":{"@id":"https:\/\/kosovatimes.info\/index.php\/2026\/04\/26\/regan-u-plagos-prane-te-njejtit-hotel-ne-vitin-1981-ku-u-hap-zjarr-ne-darken-e-trump\/"},"author":{"name":"i l","@id":"https:\/\/kosovatimes.info\/#\/schema\/person\/7586712b9c512fe68085de007378c915"},"headline":"Regan u plagos pran\u00eb t\u00eb nj\u00ebjtit hotel n\u00eb vitin 1981 ku u hap zjarr ne darken e Trump","datePublished":"2026-04-26T12:18:50+00:00","dateModified":"2026-04-26T12:27:03+00:00","mainEntityOfPage":{"@id":"https:\/\/kosovatimes.info\/index.php\/2026\/04\/26\/regan-u-plagos-prane-te-njejtit-hotel-ne-vitin-1981-ku-u-hap-zjarr-ne-darken-e-trump\/"},"wordCount":1607,"commentCount":0,"image":{"@id":"https:\/\/kosovatimes.info\/index.php\/2026\/04\/26\/regan-u-plagos-prane-te-njejtit-hotel-ne-vitin-1981-ku-u-hap-zjarr-ne-darken-e-trump\/#primaryimage"},"thumbnailUrl":"https:\/\/kosovatimes.info\/wp-content\/uploads\/2026\/04\/Donald-5.webp","articleSection":["Bot\u00eb","Lajme"],"inLanguage":"en-US","potentialAction":[{"@type":"CommentAction","name":"Comment","target":["https:\/\/kosovatimes.info\/index.php\/2026\/04\/26\/regan-u-plagos-prane-te-njejtit-hotel-ne-vitin-1981-ku-u-hap-zjarr-ne-darken-e-trump\/#respond"]}]},{"@type":"WebPage","@id":"https:\/\/kosovatimes.info\/index.php\/2026\/04\/26\/regan-u-plagos-prane-te-njejtit-hotel-ne-vitin-1981-ku-u-hap-zjarr-ne-darken-e-trump\/","url":"https:\/\/kosovatimes.info\/index.php\/2026\/04\/26\/regan-u-plagos-prane-te-njejtit-hotel-ne-vitin-1981-ku-u-hap-zjarr-ne-darken-e-trump\/","name":"Regan u plagos pran\u00eb t\u00eb nj\u00ebjtit hotel n\u00eb vitin 1981 ku u hap zjarr ne darken e Trump - Kosova Times","isPartOf":{"@id":"https:\/\/kosovatimes.info\/#website"},"primaryImageOfPage":{"@id":"https:\/\/kosovatimes.info\/index.php\/2026\/04\/26\/regan-u-plagos-prane-te-njejtit-hotel-ne-vitin-1981-ku-u-hap-zjarr-ne-darken-e-trump\/#primaryimage"},"image":{"@id":"https:\/\/kosovatimes.info\/index.php\/2026\/04\/26\/regan-u-plagos-prane-te-njejtit-hotel-ne-vitin-1981-ku-u-hap-zjarr-ne-darken-e-trump\/#primaryimage"},"thumbnailUrl":"https:\/\/kosovatimes.info\/wp-content\/uploads\/2026\/04\/Donald-5.webp","datePublished":"2026-04-26T12:18:50+00:00","dateModified":"2026-04-26T12:27:03+00:00","author":{"@id":"https:\/\/kosovatimes.info\/#\/schema\/person\/7586712b9c512fe68085de007378c915"},"breadcrumb":{"@id":"https:\/\/kosovatimes.info\/index.php\/2026\/04\/26\/regan-u-plagos-prane-te-njejtit-hotel-ne-vitin-1981-ku-u-hap-zjarr-ne-darken-e-trump\/#breadcrumb"},"inLanguage":"en-US","potentialAction":[{"@type":"ReadAction","target":["https:\/\/kosovatimes.info\/index.php\/2026\/04\/26\/regan-u-plagos-prane-te-njejtit-hotel-ne-vitin-1981-ku-u-hap-zjarr-ne-darken-e-trump\/"]}]},{"@type":"ImageObject","inLanguage":"en-US","@id":"https:\/\/kosovatimes.info\/index.php\/2026\/04\/26\/regan-u-plagos-prane-te-njejtit-hotel-ne-vitin-1981-ku-u-hap-zjarr-ne-darken-e-trump\/#primaryimage","url":"https:\/\/kosovatimes.info\/wp-content\/uploads\/2026\/04\/Donald-5.webp","contentUrl":"https:\/\/kosovatimes.info\/wp-content\/uploads\/2026\/04\/Donald-5.webp","width":980,"height":653},{"@type":"BreadcrumbList","@id":"https:\/\/kosovatimes.info\/index.php\/2026\/04\/26\/regan-u-plagos-prane-te-njejtit-hotel-ne-vitin-1981-ku-u-hap-zjarr-ne-darken-e-trump\/#breadcrumb","itemListElement":[{"@type":"ListItem","position":1,"name":"Home","item":"https:\/\/kosovatimes.info\/"},{"@type":"ListItem","position":2,"name":"Regan u plagos pran\u00eb t\u00eb nj\u00ebjtit hotel n\u00eb vitin 1981 ku u hap zjarr ne darken e Trump"}]},{"@type":"WebSite","@id":"https:\/\/kosovatimes.info\/#website","url":"https:\/\/kosovatimes.info\/","name":"Kosova Times","description":"","potentialAction":[{"@type":"SearchAction","target":{"@type":"EntryPoint","urlTemplate":"https:\/\/kosovatimes.info\/?s={search_term_string}"},"query-input":{"@type":"PropertyValueSpecification","valueRequired":true,"valueName":"search_term_string"}}],"inLanguage":"en-US"},{"@type":"Person","@id":"https:\/\/kosovatimes.info\/#\/schema\/person\/7586712b9c512fe68085de007378c915","name":"i l","image":{"@type":"ImageObject","inLanguage":"en-US","@id":"https:\/\/secure.gravatar.com\/avatar\/bad9296e02816160ae2e2435beda58222022298d5625d49fea74d18816fbb31d?s=96&d=mm&r=g","url":"https:\/\/secure.gravatar.com\/avatar\/bad9296e02816160ae2e2435beda58222022298d5625d49fea74d18816fbb31d?s=96&d=mm&r=g","contentUrl":"https:\/\/secure.gravatar.com\/avatar\/bad9296e02816160ae2e2435beda58222022298d5625d49fea74d18816fbb31d?s=96&d=mm&r=g","caption":"i l"},"url":"https:\/\/kosovatimes.info\/index.php\/author\/iliri\/"}]}},"_links":{"self":[{"href":"https:\/\/kosovatimes.info\/index.php\/wp-json\/wp\/v2\/posts\/11825","targetHints":{"allow":["GET"]}}],"collection":[{"href":"https:\/\/kosovatimes.info\/index.php\/wp-json\/wp\/v2\/posts"}],"about":[{"href":"https:\/\/kosovatimes.info\/index.php\/wp-json\/wp\/v2\/types\/post"}],"author":[{"embeddable":true,"href":"https:\/\/kosovatimes.info\/index.php\/wp-json\/wp\/v2\/users\/4"}],"replies":[{"embeddable":true,"href":"https:\/\/kosovatimes.info\/index.php\/wp-json\/wp\/v2\/comments?post=11825"}],"version-history":[{"count":3,"href":"https:\/\/kosovatimes.info\/index.php\/wp-json\/wp\/v2\/posts\/11825\/revisions"}],"predecessor-version":[{"id":11842,"href":"https:\/\/kosovatimes.info\/index.php\/wp-json\/wp\/v2\/posts\/11825\/revisions\/11842"}],"wp:featuredmedia":[{"embeddable":true,"href":"https:\/\/kosovatimes.info\/index.php\/wp-json\/wp\/v2\/media\/11834"}],"wp:attachment":[{"href":"https:\/\/kosovatimes.info\/index.php\/wp-json\/wp\/v2\/media?parent=11825"}],"wp:term":[{"taxonomy":"category","embeddable":true,"href":"https:\/\/kosovatimes.info\/index.php\/wp-json\/wp\/v2\/categories?post=11825"},{"taxonomy":"post_tag","embeddable":true,"href":"https:\/\/kosovatimes.info\/index.php\/wp-json\/wp\/v2\/tags?post=11825"}],"curies":[{"name":"wp","href":"https:\/\/api.w.org\/{rel}","templated":true}]}}