{"id":11843,"date":"2026-04-26T14:29:33","date_gmt":"2026-04-26T12:29:33","guid":{"rendered":"https:\/\/kosovatimes.info\/?p=11843"},"modified":"2026-04-26T14:29:34","modified_gmt":"2026-04-26T12:29:34","slug":"athinasit-rebelohen-kunder-turisteve-ata-duan-te-ndalojne-ndertimin-e-hoteleve-te-reja-ne-qender","status":"publish","type":"post","link":"https:\/\/kosovatimes.info\/index.php\/2026\/04\/26\/athinasit-rebelohen-kunder-turisteve-ata-duan-te-ndalojne-ndertimin-e-hoteleve-te-reja-ne-qender\/","title":{"rendered":"Athinasit rebelohen kund\u00ebr turist\u00ebve, ata duan t\u00eb ndalojn\u00eb nd\u00ebrtimin e hoteleve t\u00eb reja n\u00eb qend\u00ebr"},"content":{"rendered":"\n<p>N\u00eb zem\u00ebr t\u00eb Athin\u00ebs s\u00eb lasht\u00eb, n\u00eb rrug\u00ebt e ngushta dhe p\u00ebrreth vendeve arkeologjike, grupet turistike jan\u00eb kudo, duke ecur pas guidave turistike.N\u00eb koh\u00eb t\u00eb tjera, zyrtar\u00ebt do t\u2019i kishin pritur me k\u00ebnaq\u00ebsi skena t\u00eb tilla. Por p\u00ebr Haris Doukas, kryetarin socialist t\u00eb bashkis\u00eb, i vendosur t\u2019ua rikthente qendr\u00ebn e mbushur me njer\u00ebz banor\u00ebve t\u00eb saj, fillimi i sezonit turistik do t\u00eb thot\u00eb se pjesa m\u00eb e madhe e qendr\u00ebs historike \u00ebsht\u00eb n\u00eb rrezik mbingopjeje.<\/p>\n\n\n\n<p>&#8220;Athina nuk mund t\u00eb funksionoj\u00eb sikur t\u00eb ishte nj\u00eb hotel i madh. Nevojiten kufizime dhe rregulla. Qytetet duhet t\u00eb ken\u00eb nj\u00eb rol n\u00eb m\u00ebnyr\u00ebn se si zhvillohen&#8221;, beson ai.<\/p>\n\n\n\n<figure class=\"wp-block-image\"><img decoding=\"async\" src=\"https:\/\/static.klix.ba\/media\/images\/vijesti\/260426034.2_xl.jpg?v=1777194280\" alt=\"P\u00ebr Haris Doukas, kryetarin e bashkis\u00eb s\u00eb Athin\u00ebs, fillimi i sezonit turistik do t\u00eb thot\u00eb se nj\u00eb pjes\u00eb e madhe e qendr\u00ebs historike \u00ebsht\u00eb n\u00eb rrezik (Foto: EPA-EFE)\"\/><\/figure>\n\n\n\n<p>P\u00ebr Haris Doukas, kryetarin e bashkis\u00eb s\u00eb Athin\u00ebs, fillimi i sezonit turistik do t\u00eb thot\u00eb se nj\u00eb pjes\u00eb e madhe e qendr\u00ebs historike \u00ebsht\u00eb n\u00eb rrezik (Foto: EPA-EFE)<\/p>\n\n\n\n<p>Vitin e kaluar, m\u00eb shum\u00eb se tet\u00eb milion\u00eb njer\u00ebz vizituan Athin\u00ebn, q\u00eb \u00ebsht\u00eb nj\u00eb rekord p\u00ebr nj\u00eb metropol q\u00eb jo shum\u00eb koh\u00eb m\u00eb par\u00eb konsiderohej vet\u00ebm nj\u00eb ndales\u00eb n\u00eb rrug\u00ebn p\u00ebr n\u00eb ishujt grek\u00eb.<\/p>\n\n\n\n<p>N\u00eb bashkin\u00eb neoklasike, zyrtar\u00ebt thon\u00eb se koha \u00ebsht\u00eb thelb\u00ebsore n\u00ebse Athina nuk d\u00ebshiron t\u00eb b\u00ebhet viktim\u00eb e suksesit t\u00eb vet. Shenjat paralajm\u00ebruese jan\u00eb kudo: nga \u00e7mimet marramend\u00ebse t\u00eb pronave q\u00eb po i l\u00ebn\u00eb jasht\u00eb loje vendasit, deri te infrastruktura e mbingarkuar q\u00eb po i n\u00ebnshtrohet presionit, sipas Guardian.<\/p>\n\n\n\n<p>Kryebashkiaku e gjeti veten n\u00eb konflikt t\u00eb drejtp\u00ebrdrejt\u00eb me ato q\u00eb ai i konsideron si shkaqe t\u00eb zhvillimit t\u00eb pakontrolluar dhe e p\u00ebrqendroi v\u00ebmendjen e tij te kompanit\u00eb e nd\u00ebrtimit q\u00eb duan t\u00eb nd\u00ebrtojn\u00eb nd\u00ebrtesa shum\u00ebkat\u00ebshe n\u00eb rr\u00ebz\u00eb t\u00eb Akropolit nga shekulli i pest\u00eb para Krishtit, si dhe te investitor\u00ebt dhe sip\u00ebrmarr\u00ebsit e pasurive t\u00eb paluajtshme. Ai gjithashtu kund\u00ebrshton p\u00ebrhapjen e bareve dhe restoranteve shpesh pa licenc\u00eb n\u00eb \u00e7ati.<\/p>\n\n\n\n<figure class=\"wp-block-image\"><img decoding=\"async\" src=\"https:\/\/static.klix.ba\/media\/images\/vijesti\/260426034.1_xl.jpg?v=1777194214\" alt=\"Athina nuk mund t\u00eb funksionoj\u00eb sikur t\u00eb ishte nj\u00eb hotel i madh, u urdh\u00ebrua (Foto: EPA-EFE)\"\/><\/figure>\n\n\n\n<p>Athina nuk mund t\u00eb funksionoj\u00eb sikur t\u00eb ishte nj\u00eb hotel i madh, u urdh\u00ebrua (Foto: EPA-EFE)<\/p>\n\n\n\n<p>Konflikti u p\u00ebrshkall\u00ebzua m\u00eb tej k\u00ebt\u00eb jav\u00eb, kur Doukas i tha gazet\u00ebs Guardian se do t\u00eb p\u00ebrdorte ligjin e p\u00ebrdorimit t\u00eb tok\u00ebs turistike, i cili \u00ebsht\u00eb aktualisht n\u00eb diskutim, p\u00ebr t\u00eb k\u00ebrkuar nj\u00eb ndalim t\u00eb plot\u00eb t\u00eb aktivitetit t\u00eb ri biznesor n\u00eb qendr\u00ebn historike t\u00eb qytetit.<\/p>\n\n\n\n<p>Investitor\u00ebt, tha ai, duhet t\u00eb shkojn\u00eb n\u00eb pjes\u00eb t\u00eb tjera m\u00eb pak t\u00eb mbingarkuara t\u00eb qytetit.<\/p>\n\n\n\n<p>Kryebashkiaku prezantoi gjithashtu iden\u00eb e ngrirjes s\u00eb l\u00ebshimit t\u00eb lejeve t\u00eb nd\u00ebrtimit p\u00ebr hotele t\u00eb reja. Kjo do t\u00eb ndiqte nj\u00eb ndalim t\u00eb ngjash\u00ebm t\u00eb vendosur nga qeveria e qendr\u00ebs s\u00eb djatht\u00eb q\u00eb kufizon qirat\u00eb afatshkurtra n\u00eb lagjet me pamje nga Akropoli.<\/p>\n\n\n\n<p>P\u00ebr habin\u00eb e tij, k\u00ebt\u00eb jav\u00eb ai mori mb\u00ebshtetje nga nj\u00eb drejtim i papritur. N\u00eb nj\u00eb aktivitet p\u00ebr t\u00eb promovuar kryeqytetin t\u00eb mart\u00ebn, kreu i shoqat\u00ebs s\u00eb fuqishme t\u00eb hoteleve, Evgenios Vassilikos, p\u00ebrmendi gjithashtu mund\u00ebsin\u00eb e kufizimeve n\u00eb nd\u00ebrtimin e hoteleve, duke p\u00ebrmendur shembullin e Barcelon\u00ebs, e cila nuk ka l\u00ebshuar leje t\u00eb reja hotelesh q\u00eb nga viti 2017.<\/p>\n\n\n\n<p>\u201cNuk kemi pse t\u00eb shpikim ujin e nxeht\u00eb\u201d, tha hotelieri, duke shtuar se kishte ardhur koha q\u00eb sektori i turizmit n\u00eb kryeqytet t\u00eb shqyrtonte seriozisht se ku d\u00ebshiron t\u00eb jet\u00eb pas 10 ose 15 vjet\u00ebsh.<\/p>\n\n\n\n<p>Doukas thot\u00eb se Athina nuk mund t\u00eb b\u00ebhet nj\u00eb tjet\u00ebr Barcelon\u00eb.<\/p>\n","protected":false},"excerpt":{"rendered":"<p>N\u00eb zem\u00ebr t\u00eb Athin\u00ebs s\u00eb lasht\u00eb, n\u00eb rrug\u00ebt e ngushta dhe p\u00ebrreth vendeve arkeologjike, grupet turistike jan\u00eb kudo, duke ecur pas guidave turistike.N\u00eb koh\u00eb t\u00eb tjera, zyrtar\u00ebt do t\u2019i kishin pritur me k\u00ebnaq\u00ebsi skena t\u00eb tilla. Por p\u00ebr Haris Doukas, kryetarin socialist t\u00eb bashkis\u00eb, i vendosur t\u2019ua rikthente qendr\u00ebn e mbushur me njer\u00ebz banor\u00ebve t\u00eb [&hellip;]<\/p>\n","protected":false},"author":4,"featured_media":11844,"comment_status":"open","ping_status":"open","sticky":false,"template":"","format":"standard","meta":{"footnotes":""},"categories":[43],"tags":[],"class_list":{"0":"post-11843","1":"post","2":"type-post","3":"status-publish","4":"format-standard","5":"has-post-thumbnail","7":"category-turizem"},"yoast_head":"<!-- This site is optimized with the Yoast SEO plugin v27.4 - https:\/\/yoast.com\/product\/yoast-seo-wordpress\/ -->\n<title>Athinasit rebelohen kund\u00ebr turist\u00ebve, ata duan t\u00eb ndalojn\u00eb nd\u00ebrtimin e hoteleve t\u00eb reja n\u00eb qend\u00ebr - Kosova Times<\/title>\n<meta name=\"robots\" content=\"index, follow, max-snippet:-1, max-image-preview:large, max-video-preview:-1\" \/>\n<link rel=\"canonical\" href=\"https:\/\/kosovatimes.info\/index.php\/2026\/04\/26\/athinasit-rebelohen-kunder-turisteve-ata-duan-te-ndalojne-ndertimin-e-hoteleve-te-reja-ne-qender\/\" \/>\n<meta property=\"og:locale\" content=\"en_US\" \/>\n<meta property=\"og:type\" content=\"article\" \/>\n<meta property=\"og:title\" content=\"Athinasit rebelohen kund\u00ebr turist\u00ebve, ata duan t\u00eb ndalojn\u00eb nd\u00ebrtimin e hoteleve t\u00eb reja n\u00eb qend\u00ebr - Kosova Times\" \/>\n<meta property=\"og:description\" content=\"N\u00eb zem\u00ebr t\u00eb Athin\u00ebs s\u00eb lasht\u00eb, n\u00eb rrug\u00ebt e ngushta dhe p\u00ebrreth vendeve arkeologjike, grupet turistike jan\u00eb kudo, duke ecur pas guidave turistike.N\u00eb koh\u00eb t\u00eb tjera, zyrtar\u00ebt do t\u2019i kishin pritur me k\u00ebnaq\u00ebsi skena t\u00eb tilla. Por p\u00ebr Haris Doukas, kryetarin socialist t\u00eb bashkis\u00eb, i vendosur t\u2019ua rikthente qendr\u00ebn e mbushur me njer\u00ebz banor\u00ebve t\u00eb [&hellip;]\" \/>\n<meta property=\"og:url\" content=\"https:\/\/kosovatimes.info\/index.php\/2026\/04\/26\/athinasit-rebelohen-kunder-turisteve-ata-duan-te-ndalojne-ndertimin-e-hoteleve-te-reja-ne-qender\/\" \/>\n<meta property=\"og:site_name\" content=\"Kosova Times\" \/>\n<meta property=\"article:published_time\" content=\"2026-04-26T12:29:33+00:00\" \/>\n<meta property=\"article:modified_time\" content=\"2026-04-26T12:29:34+00:00\" \/>\n<meta property=\"og:image\" content=\"https:\/\/kosovatimes.info\/wp-content\/uploads\/2026\/04\/Athina.webp\" \/>\n\t<meta property=\"og:image:width\" content=\"800\" \/>\n\t<meta property=\"og:image:height\" content=\"533\" \/>\n\t<meta property=\"og:image:type\" content=\"image\/webp\" \/>\n<meta name=\"author\" content=\"i l\" \/>\n<meta name=\"twitter:card\" content=\"summary_large_image\" \/>\n<meta name=\"twitter:label1\" content=\"Written by\" \/>\n\t<meta name=\"twitter:data1\" content=\"i l\" \/>\n\t<meta name=\"twitter:label2\" content=\"Est. reading time\" \/>\n\t<meta name=\"twitter:data2\" content=\"3 minutes\" \/>\n<script type=\"application\/ld+json\" class=\"yoast-schema-graph\">{\"@context\":\"https:\\\/\\\/schema.org\",\"@graph\":[{\"@type\":\"Article\",\"@id\":\"https:\\\/\\\/kosovatimes.info\\\/index.php\\\/2026\\\/04\\\/26\\\/athinasit-rebelohen-kunder-turisteve-ata-duan-te-ndalojne-ndertimin-e-hoteleve-te-reja-ne-qender\\\/#article\",\"isPartOf\":{\"@id\":\"https:\\\/\\\/kosovatimes.info\\\/index.php\\\/2026\\\/04\\\/26\\\/athinasit-rebelohen-kunder-turisteve-ata-duan-te-ndalojne-ndertimin-e-hoteleve-te-reja-ne-qender\\\/\"},\"author\":{\"name\":\"i l\",\"@id\":\"https:\\\/\\\/kosovatimes.info\\\/#\\\/schema\\\/person\\\/7586712b9c512fe68085de007378c915\"},\"headline\":\"Athinasit rebelohen kund\u00ebr turist\u00ebve, ata duan t\u00eb ndalojn\u00eb nd\u00ebrtimin e hoteleve t\u00eb reja n\u00eb qend\u00ebr\",\"datePublished\":\"2026-04-26T12:29:33+00:00\",\"dateModified\":\"2026-04-26T12:29:34+00:00\",\"mainEntityOfPage\":{\"@id\":\"https:\\\/\\\/kosovatimes.info\\\/index.php\\\/2026\\\/04\\\/26\\\/athinasit-rebelohen-kunder-turisteve-ata-duan-te-ndalojne-ndertimin-e-hoteleve-te-reja-ne-qender\\\/\"},\"wordCount\":606,\"commentCount\":0,\"image\":{\"@id\":\"https:\\\/\\\/kosovatimes.info\\\/index.php\\\/2026\\\/04\\\/26\\\/athinasit-rebelohen-kunder-turisteve-ata-duan-te-ndalojne-ndertimin-e-hoteleve-te-reja-ne-qender\\\/#primaryimage\"},\"thumbnailUrl\":\"https:\\\/\\\/kosovatimes.info\\\/wp-content\\\/uploads\\\/2026\\\/04\\\/Athina.webp\",\"articleSection\":[\"Turiz\u00ebm\"],\"inLanguage\":\"en-US\",\"potentialAction\":[{\"@type\":\"CommentAction\",\"name\":\"Comment\",\"target\":[\"https:\\\/\\\/kosovatimes.info\\\/index.php\\\/2026\\\/04\\\/26\\\/athinasit-rebelohen-kunder-turisteve-ata-duan-te-ndalojne-ndertimin-e-hoteleve-te-reja-ne-qender\\\/#respond\"]}]},{\"@type\":\"WebPage\",\"@id\":\"https:\\\/\\\/kosovatimes.info\\\/index.php\\\/2026\\\/04\\\/26\\\/athinasit-rebelohen-kunder-turisteve-ata-duan-te-ndalojne-ndertimin-e-hoteleve-te-reja-ne-qender\\\/\",\"url\":\"https:\\\/\\\/kosovatimes.info\\\/index.php\\\/2026\\\/04\\\/26\\\/athinasit-rebelohen-kunder-turisteve-ata-duan-te-ndalojne-ndertimin-e-hoteleve-te-reja-ne-qender\\\/\",\"name\":\"Athinasit rebelohen kund\u00ebr turist\u00ebve, ata duan t\u00eb ndalojn\u00eb nd\u00ebrtimin e hoteleve t\u00eb reja n\u00eb qend\u00ebr - Kosova Times\",\"isPartOf\":{\"@id\":\"https:\\\/\\\/kosovatimes.info\\\/#website\"},\"primaryImageOfPage\":{\"@id\":\"https:\\\/\\\/kosovatimes.info\\\/index.php\\\/2026\\\/04\\\/26\\\/athinasit-rebelohen-kunder-turisteve-ata-duan-te-ndalojne-ndertimin-e-hoteleve-te-reja-ne-qender\\\/#primaryimage\"},\"image\":{\"@id\":\"https:\\\/\\\/kosovatimes.info\\\/index.php\\\/2026\\\/04\\\/26\\\/athinasit-rebelohen-kunder-turisteve-ata-duan-te-ndalojne-ndertimin-e-hoteleve-te-reja-ne-qender\\\/#primaryimage\"},\"thumbnailUrl\":\"https:\\\/\\\/kosovatimes.info\\\/wp-content\\\/uploads\\\/2026\\\/04\\\/Athina.webp\",\"datePublished\":\"2026-04-26T12:29:33+00:00\",\"dateModified\":\"2026-04-26T12:29:34+00:00\",\"author\":{\"@id\":\"https:\\\/\\\/kosovatimes.info\\\/#\\\/schema\\\/person\\\/7586712b9c512fe68085de007378c915\"},\"breadcrumb\":{\"@id\":\"https:\\\/\\\/kosovatimes.info\\\/index.php\\\/2026\\\/04\\\/26\\\/athinasit-rebelohen-kunder-turisteve-ata-duan-te-ndalojne-ndertimin-e-hoteleve-te-reja-ne-qender\\\/#breadcrumb\"},\"inLanguage\":\"en-US\",\"potentialAction\":[{\"@type\":\"ReadAction\",\"target\":[\"https:\\\/\\\/kosovatimes.info\\\/index.php\\\/2026\\\/04\\\/26\\\/athinasit-rebelohen-kunder-turisteve-ata-duan-te-ndalojne-ndertimin-e-hoteleve-te-reja-ne-qender\\\/\"]}]},{\"@type\":\"ImageObject\",\"inLanguage\":\"en-US\",\"@id\":\"https:\\\/\\\/kosovatimes.info\\\/index.php\\\/2026\\\/04\\\/26\\\/athinasit-rebelohen-kunder-turisteve-ata-duan-te-ndalojne-ndertimin-e-hoteleve-te-reja-ne-qender\\\/#primaryimage\",\"url\":\"https:\\\/\\\/kosovatimes.info\\\/wp-content\\\/uploads\\\/2026\\\/04\\\/Athina.webp\",\"contentUrl\":\"https:\\\/\\\/kosovatimes.info\\\/wp-content\\\/uploads\\\/2026\\\/04\\\/Athina.webp\",\"width\":800,\"height\":533},{\"@type\":\"BreadcrumbList\",\"@id\":\"https:\\\/\\\/kosovatimes.info\\\/index.php\\\/2026\\\/04\\\/26\\\/athinasit-rebelohen-kunder-turisteve-ata-duan-te-ndalojne-ndertimin-e-hoteleve-te-reja-ne-qender\\\/#breadcrumb\",\"itemListElement\":[{\"@type\":\"ListItem\",\"position\":1,\"name\":\"Home\",\"item\":\"https:\\\/\\\/kosovatimes.info\\\/\"},{\"@type\":\"ListItem\",\"position\":2,\"name\":\"Athinasit rebelohen kund\u00ebr turist\u00ebve, ata duan t\u00eb ndalojn\u00eb nd\u00ebrtimin e hoteleve t\u00eb reja n\u00eb qend\u00ebr\"}]},{\"@type\":\"WebSite\",\"@id\":\"https:\\\/\\\/kosovatimes.info\\\/#website\",\"url\":\"https:\\\/\\\/kosovatimes.info\\\/\",\"name\":\"Kosova Times\",\"description\":\"\",\"potentialAction\":[{\"@type\":\"SearchAction\",\"target\":{\"@type\":\"EntryPoint\",\"urlTemplate\":\"https:\\\/\\\/kosovatimes.info\\\/?s={search_term_string}\"},\"query-input\":{\"@type\":\"PropertyValueSpecification\",\"valueRequired\":true,\"valueName\":\"search_term_string\"}}],\"inLanguage\":\"en-US\"},{\"@type\":\"Person\",\"@id\":\"https:\\\/\\\/kosovatimes.info\\\/#\\\/schema\\\/person\\\/7586712b9c512fe68085de007378c915\",\"name\":\"i l\",\"image\":{\"@type\":\"ImageObject\",\"inLanguage\":\"en-US\",\"@id\":\"https:\\\/\\\/secure.gravatar.com\\\/avatar\\\/bad9296e02816160ae2e2435beda58222022298d5625d49fea74d18816fbb31d?s=96&d=mm&r=g\",\"url\":\"https:\\\/\\\/secure.gravatar.com\\\/avatar\\\/bad9296e02816160ae2e2435beda58222022298d5625d49fea74d18816fbb31d?s=96&d=mm&r=g\",\"contentUrl\":\"https:\\\/\\\/secure.gravatar.com\\\/avatar\\\/bad9296e02816160ae2e2435beda58222022298d5625d49fea74d18816fbb31d?s=96&d=mm&r=g\",\"caption\":\"i l\"},\"url\":\"https:\\\/\\\/kosovatimes.info\\\/index.php\\\/author\\\/iliri\\\/\"}]}<\/script>\n<!-- \/ Yoast SEO plugin. -->","yoast_head_json":{"title":"Athinasit rebelohen kund\u00ebr turist\u00ebve, ata duan t\u00eb ndalojn\u00eb nd\u00ebrtimin e hoteleve t\u00eb reja n\u00eb qend\u00ebr - Kosova Times","robots":{"index":"index","follow":"follow","max-snippet":"max-snippet:-1","max-image-preview":"max-image-preview:large","max-video-preview":"max-video-preview:-1"},"canonical":"https:\/\/kosovatimes.info\/index.php\/2026\/04\/26\/athinasit-rebelohen-kunder-turisteve-ata-duan-te-ndalojne-ndertimin-e-hoteleve-te-reja-ne-qender\/","og_locale":"en_US","og_type":"article","og_title":"Athinasit rebelohen kund\u00ebr turist\u00ebve, ata duan t\u00eb ndalojn\u00eb nd\u00ebrtimin e hoteleve t\u00eb reja n\u00eb qend\u00ebr - Kosova Times","og_description":"N\u00eb zem\u00ebr t\u00eb Athin\u00ebs s\u00eb lasht\u00eb, n\u00eb rrug\u00ebt e ngushta dhe p\u00ebrreth vendeve arkeologjike, grupet turistike jan\u00eb kudo, duke ecur pas guidave turistike.N\u00eb koh\u00eb t\u00eb tjera, zyrtar\u00ebt do t\u2019i kishin pritur me k\u00ebnaq\u00ebsi skena t\u00eb tilla. Por p\u00ebr Haris Doukas, kryetarin socialist t\u00eb bashkis\u00eb, i vendosur t\u2019ua rikthente qendr\u00ebn e mbushur me njer\u00ebz banor\u00ebve t\u00eb [&hellip;]","og_url":"https:\/\/kosovatimes.info\/index.php\/2026\/04\/26\/athinasit-rebelohen-kunder-turisteve-ata-duan-te-ndalojne-ndertimin-e-hoteleve-te-reja-ne-qender\/","og_site_name":"Kosova Times","article_published_time":"2026-04-26T12:29:33+00:00","article_modified_time":"2026-04-26T12:29:34+00:00","og_image":[{"width":800,"height":533,"url":"https:\/\/kosovatimes.info\/wp-content\/uploads\/2026\/04\/Athina.webp","type":"image\/webp"}],"author":"i l","twitter_card":"summary_large_image","twitter_misc":{"Written by":"i l","Est. reading time":"3 minutes"},"schema":{"@context":"https:\/\/schema.org","@graph":[{"@type":"Article","@id":"https:\/\/kosovatimes.info\/index.php\/2026\/04\/26\/athinasit-rebelohen-kunder-turisteve-ata-duan-te-ndalojne-ndertimin-e-hoteleve-te-reja-ne-qender\/#article","isPartOf":{"@id":"https:\/\/kosovatimes.info\/index.php\/2026\/04\/26\/athinasit-rebelohen-kunder-turisteve-ata-duan-te-ndalojne-ndertimin-e-hoteleve-te-reja-ne-qender\/"},"author":{"name":"i l","@id":"https:\/\/kosovatimes.info\/#\/schema\/person\/7586712b9c512fe68085de007378c915"},"headline":"Athinasit rebelohen kund\u00ebr turist\u00ebve, ata duan t\u00eb ndalojn\u00eb nd\u00ebrtimin e hoteleve t\u00eb reja n\u00eb qend\u00ebr","datePublished":"2026-04-26T12:29:33+00:00","dateModified":"2026-04-26T12:29:34+00:00","mainEntityOfPage":{"@id":"https:\/\/kosovatimes.info\/index.php\/2026\/04\/26\/athinasit-rebelohen-kunder-turisteve-ata-duan-te-ndalojne-ndertimin-e-hoteleve-te-reja-ne-qender\/"},"wordCount":606,"commentCount":0,"image":{"@id":"https:\/\/kosovatimes.info\/index.php\/2026\/04\/26\/athinasit-rebelohen-kunder-turisteve-ata-duan-te-ndalojne-ndertimin-e-hoteleve-te-reja-ne-qender\/#primaryimage"},"thumbnailUrl":"https:\/\/kosovatimes.info\/wp-content\/uploads\/2026\/04\/Athina.webp","articleSection":["Turiz\u00ebm"],"inLanguage":"en-US","potentialAction":[{"@type":"CommentAction","name":"Comment","target":["https:\/\/kosovatimes.info\/index.php\/2026\/04\/26\/athinasit-rebelohen-kunder-turisteve-ata-duan-te-ndalojne-ndertimin-e-hoteleve-te-reja-ne-qender\/#respond"]}]},{"@type":"WebPage","@id":"https:\/\/kosovatimes.info\/index.php\/2026\/04\/26\/athinasit-rebelohen-kunder-turisteve-ata-duan-te-ndalojne-ndertimin-e-hoteleve-te-reja-ne-qender\/","url":"https:\/\/kosovatimes.info\/index.php\/2026\/04\/26\/athinasit-rebelohen-kunder-turisteve-ata-duan-te-ndalojne-ndertimin-e-hoteleve-te-reja-ne-qender\/","name":"Athinasit rebelohen kund\u00ebr turist\u00ebve, ata duan t\u00eb ndalojn\u00eb nd\u00ebrtimin e hoteleve t\u00eb reja n\u00eb qend\u00ebr - Kosova Times","isPartOf":{"@id":"https:\/\/kosovatimes.info\/#website"},"primaryImageOfPage":{"@id":"https:\/\/kosovatimes.info\/index.php\/2026\/04\/26\/athinasit-rebelohen-kunder-turisteve-ata-duan-te-ndalojne-ndertimin-e-hoteleve-te-reja-ne-qender\/#primaryimage"},"image":{"@id":"https:\/\/kosovatimes.info\/index.php\/2026\/04\/26\/athinasit-rebelohen-kunder-turisteve-ata-duan-te-ndalojne-ndertimin-e-hoteleve-te-reja-ne-qender\/#primaryimage"},"thumbnailUrl":"https:\/\/kosovatimes.info\/wp-content\/uploads\/2026\/04\/Athina.webp","datePublished":"2026-04-26T12:29:33+00:00","dateModified":"2026-04-26T12:29:34+00:00","author":{"@id":"https:\/\/kosovatimes.info\/#\/schema\/person\/7586712b9c512fe68085de007378c915"},"breadcrumb":{"@id":"https:\/\/kosovatimes.info\/index.php\/2026\/04\/26\/athinasit-rebelohen-kunder-turisteve-ata-duan-te-ndalojne-ndertimin-e-hoteleve-te-reja-ne-qender\/#breadcrumb"},"inLanguage":"en-US","potentialAction":[{"@type":"ReadAction","target":["https:\/\/kosovatimes.info\/index.php\/2026\/04\/26\/athinasit-rebelohen-kunder-turisteve-ata-duan-te-ndalojne-ndertimin-e-hoteleve-te-reja-ne-qender\/"]}]},{"@type":"ImageObject","inLanguage":"en-US","@id":"https:\/\/kosovatimes.info\/index.php\/2026\/04\/26\/athinasit-rebelohen-kunder-turisteve-ata-duan-te-ndalojne-ndertimin-e-hoteleve-te-reja-ne-qender\/#primaryimage","url":"https:\/\/kosovatimes.info\/wp-content\/uploads\/2026\/04\/Athina.webp","contentUrl":"https:\/\/kosovatimes.info\/wp-content\/uploads\/2026\/04\/Athina.webp","width":800,"height":533},{"@type":"BreadcrumbList","@id":"https:\/\/kosovatimes.info\/index.php\/2026\/04\/26\/athinasit-rebelohen-kunder-turisteve-ata-duan-te-ndalojne-ndertimin-e-hoteleve-te-reja-ne-qender\/#breadcrumb","itemListElement":[{"@type":"ListItem","position":1,"name":"Home","item":"https:\/\/kosovatimes.info\/"},{"@type":"ListItem","position":2,"name":"Athinasit rebelohen kund\u00ebr turist\u00ebve, ata duan t\u00eb ndalojn\u00eb nd\u00ebrtimin e hoteleve t\u00eb reja n\u00eb qend\u00ebr"}]},{"@type":"WebSite","@id":"https:\/\/kosovatimes.info\/#website","url":"https:\/\/kosovatimes.info\/","name":"Kosova Times","description":"","potentialAction":[{"@type":"SearchAction","target":{"@type":"EntryPoint","urlTemplate":"https:\/\/kosovatimes.info\/?s={search_term_string}"},"query-input":{"@type":"PropertyValueSpecification","valueRequired":true,"valueName":"search_term_string"}}],"inLanguage":"en-US"},{"@type":"Person","@id":"https:\/\/kosovatimes.info\/#\/schema\/person\/7586712b9c512fe68085de007378c915","name":"i l","image":{"@type":"ImageObject","inLanguage":"en-US","@id":"https:\/\/secure.gravatar.com\/avatar\/bad9296e02816160ae2e2435beda58222022298d5625d49fea74d18816fbb31d?s=96&d=mm&r=g","url":"https:\/\/secure.gravatar.com\/avatar\/bad9296e02816160ae2e2435beda58222022298d5625d49fea74d18816fbb31d?s=96&d=mm&r=g","contentUrl":"https:\/\/secure.gravatar.com\/avatar\/bad9296e02816160ae2e2435beda58222022298d5625d49fea74d18816fbb31d?s=96&d=mm&r=g","caption":"i l"},"url":"https:\/\/kosovatimes.info\/index.php\/author\/iliri\/"}]}},"_links":{"self":[{"href":"https:\/\/kosovatimes.info\/index.php\/wp-json\/wp\/v2\/posts\/11843","targetHints":{"allow":["GET"]}}],"collection":[{"href":"https:\/\/kosovatimes.info\/index.php\/wp-json\/wp\/v2\/posts"}],"about":[{"href":"https:\/\/kosovatimes.info\/index.php\/wp-json\/wp\/v2\/types\/post"}],"author":[{"embeddable":true,"href":"https:\/\/kosovatimes.info\/index.php\/wp-json\/wp\/v2\/users\/4"}],"replies":[{"embeddable":true,"href":"https:\/\/kosovatimes.info\/index.php\/wp-json\/wp\/v2\/comments?post=11843"}],"version-history":[{"count":1,"href":"https:\/\/kosovatimes.info\/index.php\/wp-json\/wp\/v2\/posts\/11843\/revisions"}],"predecessor-version":[{"id":11845,"href":"https:\/\/kosovatimes.info\/index.php\/wp-json\/wp\/v2\/posts\/11843\/revisions\/11845"}],"wp:featuredmedia":[{"embeddable":true,"href":"https:\/\/kosovatimes.info\/index.php\/wp-json\/wp\/v2\/media\/11844"}],"wp:attachment":[{"href":"https:\/\/kosovatimes.info\/index.php\/wp-json\/wp\/v2\/media?parent=11843"}],"wp:term":[{"taxonomy":"category","embeddable":true,"href":"https:\/\/kosovatimes.info\/index.php\/wp-json\/wp\/v2\/categories?post=11843"},{"taxonomy":"post_tag","embeddable":true,"href":"https:\/\/kosovatimes.info\/index.php\/wp-json\/wp\/v2\/tags?post=11843"}],"curies":[{"name":"wp","href":"https:\/\/api.w.org\/{rel}","templated":true}]}}