{"id":11846,"date":"2026-04-26T14:38:09","date_gmt":"2026-04-26T12:38:09","guid":{"rendered":"https:\/\/kosovatimes.info\/?p=11846"},"modified":"2026-04-26T14:38:10","modified_gmt":"2026-04-26T12:38:10","slug":"reagim-i-gazetarit-sami-curri","status":"publish","type":"post","link":"https:\/\/kosovatimes.info\/index.php\/2026\/04\/26\/reagim-i-gazetarit-sami-curri\/","title":{"rendered":"Reagim i gazetarit Sami Curri"},"content":{"rendered":"\n<p>Fort t\u00eb nderuar miq, koleg\u00eb dhe komuniteti i gazetar\u00ebve,<\/p>\n\n\n\n<p>S\u00eb pari, gjej rastin t\u2019ju fal\u00ebnderoj p\u00ebr \u00e7do mesazh kujdesi, mb\u00ebshtetjeje dhe solidariteti! N\u00eb situata t\u00eb tilla, k\u00ebto fjal\u00eb dhe ky q\u00ebndrim m\u00eb ka ndihmuar shum\u00eb p\u00ebr ta p\u00ebrballuar m\u00eb leht\u00eb dhe p\u00ebr t\u00eb kuptuar se nuk jemi vet\u00ebm.<\/p>\n\n\n\n<p>Sot, rreth or\u00ebs 02:45 t\u00eb m\u00ebngjesit, vet\u00ebm pak metra larg banes\u00ebs sime n\u00eb Bulqiz\u00eb, \u00ebsht\u00eb djegur q\u00ebllimisht makina ime. Nga sa kam konstatuar, nuk b\u00ebhet fjal\u00eb p\u00ebr nj\u00eb zjarr aksidental, por p\u00ebr nj\u00eb akt t\u00eb past\u00ebr dhe t\u00eb paramenduar.<\/p>\n\n\n\n<p>Prej afro 10 vitesh punoj si gazetar dhe me shum\u00eb p\u00ebrkushtim kam themeluar <a href=\"https:\/\/l.facebook.com\/l.php?u=http%3A%2F%2FBulqizaime.al%2F%3Ffbclid%3DIwZXh0bgNhZW0CMTAAYnJpZBExT3hrYWRzZml4Q1pLVWRCd3NydGMGYXBwX2lkEDIyMjAzOTE3ODgyMDA4OTIAAR6xe5W6Qcu68BfrBs-RnFpyBOoQJnlGIvOHewU_ozzbh9mdNNBT-wUziIPnFQ_aem_J0ZpQkP9O9GKVb23ZZ1eiw&amp;h=AT6gJKFWiK2g6Le4_MhG6qkAQH9IuXjF9wST1qrSqZ-2GrUn4l5DCBj4Ok9Sn0_kHf5VDc2n918f9zzrJTRHdtFFnh-4VJ-lFyMVI_clZ6uDZJ18vJKB-kea0KghsGfJzEuPcemaHkl2MQ&amp;__tn__=-UK-y-R&amp;c[0]=AT7rblJM0myEoSy_3GZsLvQZ2AN1LjY1vH-oOEOphAEvs9EStTaTk2bzXf1yIhvcgi8h1-Pt3zILKvuhUQeW7sDP7xz7hPHh_T3ifZtsf702yMrl2-aM6Qg-fUCO-GLt3Kj50KeqbQyTeavrlkEgMEQyZrnIgjupzREcBOXlBegjQnQZ5XkpgDq-tetf2RG70PWow4G9aUge4GEXSd1n3NBIZQ1hbrh2P-wyW3S2iRUK_bEDohCNrA\" rel=\"noreferrer noopener\" target=\"_blank\">Bulqizaime.al<\/a>, me synimin p\u00ebr t\u00eb nd\u00ebrtuar nj\u00eb media lokale t\u00eb pavarur, profesionale dhe n\u00eb sh\u00ebrbim t\u00eb qytetar\u00ebve. Gjithmon\u00eb jam p\u00ebrpjekur t\u2019i q\u00ebndroj besnik misionit t\u00eb gazetaris\u00eb: mbrojtjes s\u00eb interesit publik, raportimit t\u00eb paansh\u00ebm dhe z\u00ebrit t\u00eb komunitetit.<\/p>\n\n\n\n<p>K\u00ebt\u00eb e kam b\u00ebr\u00eb q\u00eb nga dita e par\u00eb dhe do t\u00eb vazhdoj ta b\u00ebj, pavar\u00ebsisht \u00e7do presioni apo p\u00ebrpjekjeje p\u00ebr t\u00eb m\u00eb intimiduar. Fundja, kur zgjedh t\u00eb jesh i drejt\u00eb, i ndersh\u00ebm dhe i p\u00ebrkushtuar ndaj profesionit, p\u00ebrballja me v\u00ebshtir\u00ebsi dhe shqet\u00ebsime t\u00eb tilla b\u00ebhet pjes\u00eb e rrug\u00ebs q\u00eb nuk mund ta shmang\u00ebsh.<\/p>\n\n\n\n<p>Ngjarja e ndodhur \u00ebsht\u00eb e lidhur drejtp\u00ebrdrejt me pun\u00ebn time si gazetar. K\u00ebt\u00eb e kam deklaruar qart\u00eb edhe para oficer\u00ebve t\u00eb policis\u00eb dhe grupit hetimor.<\/p>\n\n\n\n<p>Ky \u00ebsht\u00eb nj\u00eb mesazh frik\u00ebsimi, por dua ta them qart\u00eb: ata q\u00eb e kan\u00eb b\u00ebr\u00eb k\u00ebt\u00eb akt nuk do t\u00eb arrijn\u00eb t\u00eb m\u00eb k\u00ebrc\u00ebnojn\u00eb apo t\u00eb m\u00eb ndalin. P\u00ebr mua, gazetaria nuk \u00ebsht\u00eb thjesht profesion, por mision n\u00eb sh\u00ebrbim t\u00eb publikut dhe do t\u00eb vazhdoj ta ushtroj me t\u00eb nj\u00ebjtin p\u00ebrkushtim, me \u00e7do \u00e7mim.<\/p>\n\n\n\n<p>Prej jav\u00ebsh kemi qen\u00eb p\u00ebrball\u00eb p\u00ebrpjekjeve t\u00eb vazhdueshme p\u00ebr t\u00eb ndikuar dhe ushtruar presion mbi pun\u00ebn ton\u00eb, ve\u00e7an\u00ebrisht p\u00ebr temat q\u00eb kemi trajtuar dhe ato q\u00eb jan\u00eb ende n\u00eb proces raportimi. Megjithat\u00eb, \u00e7do shqet\u00ebsim i qytetar\u00ebve, \u00e7do hall i nj\u00eb banori q\u00eb i preket jeta, prona apo e drejta, do t\u00eb gjej\u00eb gjithmon\u00eb der\u00ebn ton\u00eb t\u00eb hapur dhe hap\u00ebsir\u00ebn e nevojshme p\u00ebr t\u2019u d\u00ebgjuar.<\/p>\n\n\n\n<p>Mbrojtja e interesit publik, \u00e7\u00ebshtjet e mjedisit, problemet e komunitetit dhe protestat q\u00eb lindin n\u00eb \u00e7do cep t\u00eb Dibr\u00ebs kan\u00eb gjetur dhe do t\u00eb vazhdojn\u00eb t\u00eb gjejn\u00eb vend n\u00eb raportimin tim. Kjo \u00ebsht\u00eb dhe do t\u00eb mbetet misioni im kryesore n\u00eb \u00e7do moment: t\u00eb jemi n\u00eb an\u00ebn e publikut dhe t\u00eb s\u00eb v\u00ebrtet\u00ebs.<\/p>\n\n\n\n<p>Fal\u00ebnderoj t\u00eb gjith\u00eb koleg\u00ebt, organizatat e gazetar\u00ebve, miqt\u00eb dhe qytetar\u00ebt q\u00eb kan\u00eb reaguar dhe kan\u00eb k\u00ebrkuar zbardhjen e plot\u00eb t\u00eb k\u00ebsaj ngjarjeje!<\/p>\n\n\n\n<p>Besoj dhe k\u00ebrkoj q\u00eb institucionet p\u00ebrgjegj\u00ebse ta hetojn\u00eb me seriozitet maksimal k\u00ebt\u00eb rast, t\u00eb identifikojn\u00eb autor\u00ebt dhe t\u2019i vendosin p\u00ebrpara drejt\u00ebsis\u00eb! Kjo jo vet\u00ebm p\u00ebr t\u00eb zbardhur k\u00ebt\u00eb ngjarje, por edhe p\u00ebr t\u00eb mos lejuar q\u00eb raste t\u00eb tilla t\u00eb p\u00ebrs\u00ebriten apo t\u00eb sh\u00ebrbejn\u00eb si nxitje p\u00ebr akte t\u00eb ngjashme ndaj gazetar\u00ebve dhe kujtdo q\u00eb ushtron detyr\u00ebn n\u00eb interes t\u00eb publikut.<\/p>\n\n\n\n<p>As frika, as presioni dhe as sulmet nuk do t\u00eb m\u00eb ndalin n\u00eb detyr\u00ebn time p\u00ebr t\u00eb raportuar. Koha do e tregoj\u00eb m\u00eb s\u00eb miri k\u00ebt\u00eb q\u00eb po them.<\/p>\n","protected":false},"excerpt":{"rendered":"<p>Fort t\u00eb nderuar miq, koleg\u00eb dhe komuniteti i gazetar\u00ebve, S\u00eb pari, gjej rastin t\u2019ju fal\u00ebnderoj p\u00ebr \u00e7do mesazh kujdesi, mb\u00ebshtetjeje dhe solidariteti! N\u00eb situata t\u00eb tilla, k\u00ebto fjal\u00eb dhe ky q\u00ebndrim m\u00eb ka ndihmuar shum\u00eb p\u00ebr ta p\u00ebrballuar m\u00eb leht\u00eb dhe p\u00ebr t\u00eb kuptuar se nuk jemi vet\u00ebm. Sot, rreth or\u00ebs 02:45 t\u00eb m\u00ebngjesit, vet\u00ebm [&hellip;]<\/p>\n","protected":false},"author":4,"featured_media":11847,"comment_status":"open","ping_status":"open","sticky":false,"template":"","format":"standard","meta":{"footnotes":""},"categories":[30,32],"tags":[],"class_list":{"0":"post-11846","1":"post","2":"type-post","3":"status-publish","4":"format-standard","5":"has-post-thumbnail","7":"category-lajme","8":"category-rajon"},"yoast_head":"<!-- This site is optimized with the Yoast SEO plugin v27.4 - https:\/\/yoast.com\/product\/yoast-seo-wordpress\/ -->\n<title>Reagim i gazetarit Sami Curri - Kosova Times<\/title>\n<meta name=\"robots\" content=\"index, follow, max-snippet:-1, max-image-preview:large, max-video-preview:-1\" \/>\n<link rel=\"canonical\" href=\"https:\/\/kosovatimes.info\/index.php\/2026\/04\/26\/reagim-i-gazetarit-sami-curri\/\" \/>\n<meta property=\"og:locale\" content=\"en_US\" \/>\n<meta property=\"og:type\" content=\"article\" \/>\n<meta property=\"og:title\" content=\"Reagim i gazetarit Sami Curri - Kosova Times\" \/>\n<meta property=\"og:description\" content=\"Fort t\u00eb nderuar miq, koleg\u00eb dhe komuniteti i gazetar\u00ebve, S\u00eb pari, gjej rastin t\u2019ju fal\u00ebnderoj p\u00ebr \u00e7do mesazh kujdesi, mb\u00ebshtetjeje dhe solidariteti! N\u00eb situata t\u00eb tilla, k\u00ebto fjal\u00eb dhe ky q\u00ebndrim m\u00eb ka ndihmuar shum\u00eb p\u00ebr ta p\u00ebrballuar m\u00eb leht\u00eb dhe p\u00ebr t\u00eb kuptuar se nuk jemi vet\u00ebm. Sot, rreth or\u00ebs 02:45 t\u00eb m\u00ebngjesit, vet\u00ebm [&hellip;]\" \/>\n<meta property=\"og:url\" content=\"https:\/\/kosovatimes.info\/index.php\/2026\/04\/26\/reagim-i-gazetarit-sami-curri\/\" \/>\n<meta property=\"og:site_name\" content=\"Kosova Times\" \/>\n<meta property=\"article:published_time\" content=\"2026-04-26T12:38:09+00:00\" \/>\n<meta property=\"article:modified_time\" content=\"2026-04-26T12:38:10+00:00\" \/>\n<meta property=\"og:image\" content=\"https:\/\/kosovatimes.info\/wp-content\/uploads\/2026\/04\/Makina-3.jpg\" \/>\n\t<meta property=\"og:image:width\" content=\"843\" \/>\n\t<meta property=\"og:image:height\" content=\"537\" \/>\n\t<meta property=\"og:image:type\" content=\"image\/jpeg\" \/>\n<meta name=\"author\" content=\"i l\" \/>\n<meta name=\"twitter:card\" content=\"summary_large_image\" \/>\n<meta name=\"twitter:label1\" content=\"Written by\" \/>\n\t<meta name=\"twitter:data1\" content=\"i l\" \/>\n\t<meta name=\"twitter:label2\" content=\"Est. reading time\" \/>\n\t<meta name=\"twitter:data2\" content=\"3 minutes\" \/>\n<script type=\"application\/ld+json\" class=\"yoast-schema-graph\">{\"@context\":\"https:\\\/\\\/schema.org\",\"@graph\":[{\"@type\":\"Article\",\"@id\":\"https:\\\/\\\/kosovatimes.info\\\/index.php\\\/2026\\\/04\\\/26\\\/reagim-i-gazetarit-sami-curri\\\/#article\",\"isPartOf\":{\"@id\":\"https:\\\/\\\/kosovatimes.info\\\/index.php\\\/2026\\\/04\\\/26\\\/reagim-i-gazetarit-sami-curri\\\/\"},\"author\":{\"name\":\"i l\",\"@id\":\"https:\\\/\\\/kosovatimes.info\\\/#\\\/schema\\\/person\\\/7586712b9c512fe68085de007378c915\"},\"headline\":\"Reagim i gazetarit Sami Curri\",\"datePublished\":\"2026-04-26T12:38:09+00:00\",\"dateModified\":\"2026-04-26T12:38:10+00:00\",\"mainEntityOfPage\":{\"@id\":\"https:\\\/\\\/kosovatimes.info\\\/index.php\\\/2026\\\/04\\\/26\\\/reagim-i-gazetarit-sami-curri\\\/\"},\"wordCount\":608,\"commentCount\":0,\"image\":{\"@id\":\"https:\\\/\\\/kosovatimes.info\\\/index.php\\\/2026\\\/04\\\/26\\\/reagim-i-gazetarit-sami-curri\\\/#primaryimage\"},\"thumbnailUrl\":\"https:\\\/\\\/kosovatimes.info\\\/wp-content\\\/uploads\\\/2026\\\/04\\\/Makina-3.jpg\",\"articleSection\":[\"Lajme\",\"Rajon\"],\"inLanguage\":\"en-US\",\"potentialAction\":[{\"@type\":\"CommentAction\",\"name\":\"Comment\",\"target\":[\"https:\\\/\\\/kosovatimes.info\\\/index.php\\\/2026\\\/04\\\/26\\\/reagim-i-gazetarit-sami-curri\\\/#respond\"]}]},{\"@type\":\"WebPage\",\"@id\":\"https:\\\/\\\/kosovatimes.info\\\/index.php\\\/2026\\\/04\\\/26\\\/reagim-i-gazetarit-sami-curri\\\/\",\"url\":\"https:\\\/\\\/kosovatimes.info\\\/index.php\\\/2026\\\/04\\\/26\\\/reagim-i-gazetarit-sami-curri\\\/\",\"name\":\"Reagim i gazetarit Sami Curri - Kosova Times\",\"isPartOf\":{\"@id\":\"https:\\\/\\\/kosovatimes.info\\\/#website\"},\"primaryImageOfPage\":{\"@id\":\"https:\\\/\\\/kosovatimes.info\\\/index.php\\\/2026\\\/04\\\/26\\\/reagim-i-gazetarit-sami-curri\\\/#primaryimage\"},\"image\":{\"@id\":\"https:\\\/\\\/kosovatimes.info\\\/index.php\\\/2026\\\/04\\\/26\\\/reagim-i-gazetarit-sami-curri\\\/#primaryimage\"},\"thumbnailUrl\":\"https:\\\/\\\/kosovatimes.info\\\/wp-content\\\/uploads\\\/2026\\\/04\\\/Makina-3.jpg\",\"datePublished\":\"2026-04-26T12:38:09+00:00\",\"dateModified\":\"2026-04-26T12:38:10+00:00\",\"author\":{\"@id\":\"https:\\\/\\\/kosovatimes.info\\\/#\\\/schema\\\/person\\\/7586712b9c512fe68085de007378c915\"},\"breadcrumb\":{\"@id\":\"https:\\\/\\\/kosovatimes.info\\\/index.php\\\/2026\\\/04\\\/26\\\/reagim-i-gazetarit-sami-curri\\\/#breadcrumb\"},\"inLanguage\":\"en-US\",\"potentialAction\":[{\"@type\":\"ReadAction\",\"target\":[\"https:\\\/\\\/kosovatimes.info\\\/index.php\\\/2026\\\/04\\\/26\\\/reagim-i-gazetarit-sami-curri\\\/\"]}]},{\"@type\":\"ImageObject\",\"inLanguage\":\"en-US\",\"@id\":\"https:\\\/\\\/kosovatimes.info\\\/index.php\\\/2026\\\/04\\\/26\\\/reagim-i-gazetarit-sami-curri\\\/#primaryimage\",\"url\":\"https:\\\/\\\/kosovatimes.info\\\/wp-content\\\/uploads\\\/2026\\\/04\\\/Makina-3.jpg\",\"contentUrl\":\"https:\\\/\\\/kosovatimes.info\\\/wp-content\\\/uploads\\\/2026\\\/04\\\/Makina-3.jpg\",\"width\":843,\"height\":537},{\"@type\":\"BreadcrumbList\",\"@id\":\"https:\\\/\\\/kosovatimes.info\\\/index.php\\\/2026\\\/04\\\/26\\\/reagim-i-gazetarit-sami-curri\\\/#breadcrumb\",\"itemListElement\":[{\"@type\":\"ListItem\",\"position\":1,\"name\":\"Home\",\"item\":\"https:\\\/\\\/kosovatimes.info\\\/\"},{\"@type\":\"ListItem\",\"position\":2,\"name\":\"Reagim i gazetarit Sami Curri\"}]},{\"@type\":\"WebSite\",\"@id\":\"https:\\\/\\\/kosovatimes.info\\\/#website\",\"url\":\"https:\\\/\\\/kosovatimes.info\\\/\",\"name\":\"Kosova Times\",\"description\":\"\",\"potentialAction\":[{\"@type\":\"SearchAction\",\"target\":{\"@type\":\"EntryPoint\",\"urlTemplate\":\"https:\\\/\\\/kosovatimes.info\\\/?s={search_term_string}\"},\"query-input\":{\"@type\":\"PropertyValueSpecification\",\"valueRequired\":true,\"valueName\":\"search_term_string\"}}],\"inLanguage\":\"en-US\"},{\"@type\":\"Person\",\"@id\":\"https:\\\/\\\/kosovatimes.info\\\/#\\\/schema\\\/person\\\/7586712b9c512fe68085de007378c915\",\"name\":\"i l\",\"image\":{\"@type\":\"ImageObject\",\"inLanguage\":\"en-US\",\"@id\":\"https:\\\/\\\/secure.gravatar.com\\\/avatar\\\/bad9296e02816160ae2e2435beda58222022298d5625d49fea74d18816fbb31d?s=96&d=mm&r=g\",\"url\":\"https:\\\/\\\/secure.gravatar.com\\\/avatar\\\/bad9296e02816160ae2e2435beda58222022298d5625d49fea74d18816fbb31d?s=96&d=mm&r=g\",\"contentUrl\":\"https:\\\/\\\/secure.gravatar.com\\\/avatar\\\/bad9296e02816160ae2e2435beda58222022298d5625d49fea74d18816fbb31d?s=96&d=mm&r=g\",\"caption\":\"i l\"},\"url\":\"https:\\\/\\\/kosovatimes.info\\\/index.php\\\/author\\\/iliri\\\/\"}]}<\/script>\n<!-- \/ Yoast SEO plugin. -->","yoast_head_json":{"title":"Reagim i gazetarit Sami Curri - Kosova Times","robots":{"index":"index","follow":"follow","max-snippet":"max-snippet:-1","max-image-preview":"max-image-preview:large","max-video-preview":"max-video-preview:-1"},"canonical":"https:\/\/kosovatimes.info\/index.php\/2026\/04\/26\/reagim-i-gazetarit-sami-curri\/","og_locale":"en_US","og_type":"article","og_title":"Reagim i gazetarit Sami Curri - Kosova Times","og_description":"Fort t\u00eb nderuar miq, koleg\u00eb dhe komuniteti i gazetar\u00ebve, S\u00eb pari, gjej rastin t\u2019ju fal\u00ebnderoj p\u00ebr \u00e7do mesazh kujdesi, mb\u00ebshtetjeje dhe solidariteti! N\u00eb situata t\u00eb tilla, k\u00ebto fjal\u00eb dhe ky q\u00ebndrim m\u00eb ka ndihmuar shum\u00eb p\u00ebr ta p\u00ebrballuar m\u00eb leht\u00eb dhe p\u00ebr t\u00eb kuptuar se nuk jemi vet\u00ebm. Sot, rreth or\u00ebs 02:45 t\u00eb m\u00ebngjesit, vet\u00ebm [&hellip;]","og_url":"https:\/\/kosovatimes.info\/index.php\/2026\/04\/26\/reagim-i-gazetarit-sami-curri\/","og_site_name":"Kosova Times","article_published_time":"2026-04-26T12:38:09+00:00","article_modified_time":"2026-04-26T12:38:10+00:00","og_image":[{"width":843,"height":537,"url":"https:\/\/kosovatimes.info\/wp-content\/uploads\/2026\/04\/Makina-3.jpg","type":"image\/jpeg"}],"author":"i l","twitter_card":"summary_large_image","twitter_misc":{"Written by":"i l","Est. reading time":"3 minutes"},"schema":{"@context":"https:\/\/schema.org","@graph":[{"@type":"Article","@id":"https:\/\/kosovatimes.info\/index.php\/2026\/04\/26\/reagim-i-gazetarit-sami-curri\/#article","isPartOf":{"@id":"https:\/\/kosovatimes.info\/index.php\/2026\/04\/26\/reagim-i-gazetarit-sami-curri\/"},"author":{"name":"i l","@id":"https:\/\/kosovatimes.info\/#\/schema\/person\/7586712b9c512fe68085de007378c915"},"headline":"Reagim i gazetarit Sami Curri","datePublished":"2026-04-26T12:38:09+00:00","dateModified":"2026-04-26T12:38:10+00:00","mainEntityOfPage":{"@id":"https:\/\/kosovatimes.info\/index.php\/2026\/04\/26\/reagim-i-gazetarit-sami-curri\/"},"wordCount":608,"commentCount":0,"image":{"@id":"https:\/\/kosovatimes.info\/index.php\/2026\/04\/26\/reagim-i-gazetarit-sami-curri\/#primaryimage"},"thumbnailUrl":"https:\/\/kosovatimes.info\/wp-content\/uploads\/2026\/04\/Makina-3.jpg","articleSection":["Lajme","Rajon"],"inLanguage":"en-US","potentialAction":[{"@type":"CommentAction","name":"Comment","target":["https:\/\/kosovatimes.info\/index.php\/2026\/04\/26\/reagim-i-gazetarit-sami-curri\/#respond"]}]},{"@type":"WebPage","@id":"https:\/\/kosovatimes.info\/index.php\/2026\/04\/26\/reagim-i-gazetarit-sami-curri\/","url":"https:\/\/kosovatimes.info\/index.php\/2026\/04\/26\/reagim-i-gazetarit-sami-curri\/","name":"Reagim i gazetarit Sami Curri - Kosova Times","isPartOf":{"@id":"https:\/\/kosovatimes.info\/#website"},"primaryImageOfPage":{"@id":"https:\/\/kosovatimes.info\/index.php\/2026\/04\/26\/reagim-i-gazetarit-sami-curri\/#primaryimage"},"image":{"@id":"https:\/\/kosovatimes.info\/index.php\/2026\/04\/26\/reagim-i-gazetarit-sami-curri\/#primaryimage"},"thumbnailUrl":"https:\/\/kosovatimes.info\/wp-content\/uploads\/2026\/04\/Makina-3.jpg","datePublished":"2026-04-26T12:38:09+00:00","dateModified":"2026-04-26T12:38:10+00:00","author":{"@id":"https:\/\/kosovatimes.info\/#\/schema\/person\/7586712b9c512fe68085de007378c915"},"breadcrumb":{"@id":"https:\/\/kosovatimes.info\/index.php\/2026\/04\/26\/reagim-i-gazetarit-sami-curri\/#breadcrumb"},"inLanguage":"en-US","potentialAction":[{"@type":"ReadAction","target":["https:\/\/kosovatimes.info\/index.php\/2026\/04\/26\/reagim-i-gazetarit-sami-curri\/"]}]},{"@type":"ImageObject","inLanguage":"en-US","@id":"https:\/\/kosovatimes.info\/index.php\/2026\/04\/26\/reagim-i-gazetarit-sami-curri\/#primaryimage","url":"https:\/\/kosovatimes.info\/wp-content\/uploads\/2026\/04\/Makina-3.jpg","contentUrl":"https:\/\/kosovatimes.info\/wp-content\/uploads\/2026\/04\/Makina-3.jpg","width":843,"height":537},{"@type":"BreadcrumbList","@id":"https:\/\/kosovatimes.info\/index.php\/2026\/04\/26\/reagim-i-gazetarit-sami-curri\/#breadcrumb","itemListElement":[{"@type":"ListItem","position":1,"name":"Home","item":"https:\/\/kosovatimes.info\/"},{"@type":"ListItem","position":2,"name":"Reagim i gazetarit Sami Curri"}]},{"@type":"WebSite","@id":"https:\/\/kosovatimes.info\/#website","url":"https:\/\/kosovatimes.info\/","name":"Kosova Times","description":"","potentialAction":[{"@type":"SearchAction","target":{"@type":"EntryPoint","urlTemplate":"https:\/\/kosovatimes.info\/?s={search_term_string}"},"query-input":{"@type":"PropertyValueSpecification","valueRequired":true,"valueName":"search_term_string"}}],"inLanguage":"en-US"},{"@type":"Person","@id":"https:\/\/kosovatimes.info\/#\/schema\/person\/7586712b9c512fe68085de007378c915","name":"i l","image":{"@type":"ImageObject","inLanguage":"en-US","@id":"https:\/\/secure.gravatar.com\/avatar\/bad9296e02816160ae2e2435beda58222022298d5625d49fea74d18816fbb31d?s=96&d=mm&r=g","url":"https:\/\/secure.gravatar.com\/avatar\/bad9296e02816160ae2e2435beda58222022298d5625d49fea74d18816fbb31d?s=96&d=mm&r=g","contentUrl":"https:\/\/secure.gravatar.com\/avatar\/bad9296e02816160ae2e2435beda58222022298d5625d49fea74d18816fbb31d?s=96&d=mm&r=g","caption":"i l"},"url":"https:\/\/kosovatimes.info\/index.php\/author\/iliri\/"}]}},"_links":{"self":[{"href":"https:\/\/kosovatimes.info\/index.php\/wp-json\/wp\/v2\/posts\/11846","targetHints":{"allow":["GET"]}}],"collection":[{"href":"https:\/\/kosovatimes.info\/index.php\/wp-json\/wp\/v2\/posts"}],"about":[{"href":"https:\/\/kosovatimes.info\/index.php\/wp-json\/wp\/v2\/types\/post"}],"author":[{"embeddable":true,"href":"https:\/\/kosovatimes.info\/index.php\/wp-json\/wp\/v2\/users\/4"}],"replies":[{"embeddable":true,"href":"https:\/\/kosovatimes.info\/index.php\/wp-json\/wp\/v2\/comments?post=11846"}],"version-history":[{"count":1,"href":"https:\/\/kosovatimes.info\/index.php\/wp-json\/wp\/v2\/posts\/11846\/revisions"}],"predecessor-version":[{"id":11848,"href":"https:\/\/kosovatimes.info\/index.php\/wp-json\/wp\/v2\/posts\/11846\/revisions\/11848"}],"wp:featuredmedia":[{"embeddable":true,"href":"https:\/\/kosovatimes.info\/index.php\/wp-json\/wp\/v2\/media\/11847"}],"wp:attachment":[{"href":"https:\/\/kosovatimes.info\/index.php\/wp-json\/wp\/v2\/media?parent=11846"}],"wp:term":[{"taxonomy":"category","embeddable":true,"href":"https:\/\/kosovatimes.info\/index.php\/wp-json\/wp\/v2\/categories?post=11846"},{"taxonomy":"post_tag","embeddable":true,"href":"https:\/\/kosovatimes.info\/index.php\/wp-json\/wp\/v2\/tags?post=11846"}],"curies":[{"name":"wp","href":"https:\/\/api.w.org\/{rel}","templated":true}]}}