{"id":11849,"date":"2026-04-26T16:32:17","date_gmt":"2026-04-26T14:32:17","guid":{"rendered":"https:\/\/kosovatimes.info\/?p=11849"},"modified":"2026-04-26T16:35:28","modified_gmt":"2026-04-26T14:35:28","slug":"cipa-mendja-shqiptare-po-mbetet-minoritare-perballe-helmit-virtual-mbrojtja-e-vlerave-eshte-detyre-kombetare","status":"publish","type":"post","link":"https:\/\/kosovatimes.info\/index.php\/2026\/04\/26\/cipa-mendja-shqiptare-po-mbetet-minoritare-perballe-helmit-virtual-mbrojtja-e-vlerave-eshte-detyre-kombetare\/","title":{"rendered":"\u00c7ipa: Mendja shqiptare po mbetet \u201cminoritare\u201d p\u00ebrball\u00eb helmit virtual; mbrojtja e vlerave \u00ebsht\u00eb detyr\u00eb komb\u00ebtare"},"content":{"rendered":"\n<p><strong><em>N\u00eb nj\u00eb reagim t\u00eb fundit q\u00eb ka nxitur reflektim t\u00eb thell\u00eb, publicisti Aleksand\u00ebr \u00c7ipa ka ngritur z\u00ebrin kund\u00ebr nj\u00eb fenomeni q\u00eb po kthehet n\u00eb nj\u00eb patologji komb\u00ebtare: &#8220;helmi verbal&#8221; ndaj dy prej shtyllave m\u00eb t\u00eb larta t\u00eb mendimit shqiptar, Ismail Kadares\u00eb dhe Rexhep Qosjes. Ky shqet\u00ebsim nuk \u00ebsht\u00eb thjesht nj\u00eb mbrojtje kolegjiale, por nj\u00eb diagnoz\u00eb e sakt\u00eb e gjendjes ku ndodhet sot shoq\u00ebria jon\u00eb virtuale dhe reale.\u00c7ipa me t\u00eb drejt\u00eb v\u00ebren se ky agresion i brendsh\u00ebm shpesh sinkronizohet me agjenda t\u00eb jashtme, t\u00eb cilat gjejn\u00eb terren t\u00eb lir\u00eb pik\u00ebrisht aty ku shteti dhe shoq\u00ebria d\u00ebshtojn\u00eb t\u00eb mbrojn\u00eb simbolet e tyre t\u00eb mendjes.<\/em><\/strong><\/p>\n\n\n\n<p>Ja potimi i tij i plote: <\/p>\n\n\n\n<p>&#8220;Kurr\u00eb, nuk e kam kuptuar dhe nuk dua ta besoj, helmin verbal, virtual dhe t\u00eb shkruar t\u00eb shqiptar\u00ebve kund\u00ebr Kadares\u00eb dhe Rexhep Qoses\u2026, m\u00eb her\u00ebt ndaj Naimit, Fisht\u00ebs, Nolit, Lasgushit, \u2026., etj, etj\u2026.!<\/p>\n\n\n\n<p>Fatmir\u00ebsisht, ky helm \u00ebsht\u00eb m\u00eb i pakt\u00eb nga ai i fqinj\u00ebve t\u00eb cil\u00ebt renditen sipas kontributit t\u00eb tyre t\u00eb zi antishqiptar si serb\u00ebt, maqedonasit dhe pak e m\u00eb pak grek\u00ebt pas shqiptar\u00ebve.<\/p>\n\n\n\n<p>Kurr\u00ebsesi jo t\u00eb gjith\u00eb, por pjesa m\u00eb militante e nacionalizmit, kripto dhe filonacionalizmit t\u00eb tyre, e ka kryer dhe kryen me devocion k\u00ebt\u00eb sh\u00ebrbes\u00eb toksikuese ndaj shqiptar\u00ebve, historis\u00eb dhe sidomos kultur\u00ebs son\u00eb.<\/p>\n\n\n\n<p>Avantazhi i tyre q\u00ebndron tek shtetet e tyre, p\u00ebrball\u00eb shtetit ton\u00eb t\u00eb penguar dhe t\u00eb pa-vet\u00ebb\u00ebr\u00eb.<\/p>\n\n\n\n<p>Nuk ka asnj\u00eb dyshim se p\u00ebr ta drejtm\u00ebsuar k\u00ebt\u00eb arsye, krejt shqiptar\u00ebt, mir\u00eb \u00ebsht\u00eb t\u00eb lexojn\u00eb dhe rilexojn\u00eb dhe Kadaren\u00eb, sidomos esen\u00eb \u201cMosmarr\u00ebveshja\u201d dhe Prof. Qosen n\u00eb krejt kolan\u00ebn e vepr\u00ebs s\u00eb vet\u2026<\/p>\n\n\n\n<p>Sepse mendja nd\u00ebr shoq\u00ebrit\u00eb shqiptare \u00ebsht\u00eb \u201cminoritare\u201d n\u00eb raport me shkum\u00ebzimin e p\u00ebrditsh\u00ebm, molepsjen dhe patologjin\u00eb\u2026 sidomos n\u00eb pamjen dhe shprehjen virtuale t\u00eb m\u00ebhershme dhe t\u00eb sotme. (!)<\/p>\n\n\n\n<p>Kombi yn\u00eb shqiptar e ka dhe e ka pasur, (shpresoj optimisht se edhe do ta ket\u00eb), mendjen e mjaftueshme p\u00ebr t\u00eb mos mbetur n\u00eb s\u00ebmundjet apo molepsjet e veta p\u00ebr t\u00eb p\u00ebg\u00ebr\u00eb vlerat e vetes, p\u00ebrpos kontributeve apo rekrutimeve prej fqinj\u00ebve. Do t\u00eb ia dalim t\u00eb mbetemi n\u00eb krenarin\u00eb e vlershme se e kemi cil\u00ebsin\u00eb dhe shquarjen e mendimit shqiptar n\u00eb t\u00ebr\u00ebsin\u00eb e mendimtaris\u00eb europiane.<\/p>\n\n\n\n<p>Kombi yn\u00eb ka vet\u00ebm nj\u00eb betej\u00eb themelore:<\/p>\n\n\n\n<p>T\u00eb mb\u00ebrrij\u00eb tek vetvetja e plot\u00eb.<\/p>\n\n\n\n<p>Kjo \u00ebsht\u00eb koh\u00eb e mbroth\u00ebt p\u00ebr k\u00ebt\u00eb destinacion t\u00eb per\u00ebndish\u00ebm t\u00eb shqiptar\u00ebve t\u00eb cil\u00ebt n\u00eb koh\u00ebn pas mb\u00ebrritjes n\u00eb an\u00ebtar\u00ebsimin tek bashk\u00ebsia e zanafill\u00ebs s\u00eb tyre n\u00eb Europ\u00eb, nuk kan\u00eb p\u00ebr t\u00eb qen\u00eb t\u00eb ndar\u00eb si sot, n\u00eb pes\u00eb shoq\u00ebri, por n\u00eb shoq\u00ebrin\u00eb e s\u00eb nj\u00ebjt\u00ebs gjuh\u00eb komb\u00ebtare.&#8221;, ka shkruar ai. <\/p>\n","protected":false},"excerpt":{"rendered":"<p>N\u00eb nj\u00eb reagim t\u00eb fundit q\u00eb ka nxitur reflektim t\u00eb thell\u00eb, publicisti Aleksand\u00ebr \u00c7ipa ka ngritur z\u00ebrin kund\u00ebr nj\u00eb fenomeni q\u00eb po kthehet n\u00eb nj\u00eb patologji komb\u00ebtare: &#8220;helmi verbal&#8221; ndaj dy prej shtyllave m\u00eb t\u00eb larta t\u00eb mendimit shqiptar, Ismail Kadares\u00eb dhe Rexhep Qosjes. Ky shqet\u00ebsim nuk \u00ebsht\u00eb thjesht nj\u00eb mbrojtje kolegjiale, por nj\u00eb diagnoz\u00eb [&hellip;]<\/p>\n","protected":false},"author":4,"featured_media":9445,"comment_status":"open","ping_status":"open","sticky":false,"template":"","format":"standard","meta":{"footnotes":""},"categories":[35],"tags":[],"class_list":{"0":"post-11849","1":"post","2":"type-post","3":"status-publish","4":"format-standard","5":"has-post-thumbnail","7":"category-opinion"},"yoast_head":"<!-- This site is optimized with the Yoast SEO plugin v27.4 - https:\/\/yoast.com\/product\/yoast-seo-wordpress\/ -->\n<title>\u00c7ipa: Mendja shqiptare po mbetet \u201cminoritare\u201d p\u00ebrball\u00eb helmit virtual; mbrojtja e vlerave \u00ebsht\u00eb detyr\u00eb komb\u00ebtare - Kosova Times<\/title>\n<meta name=\"robots\" content=\"index, follow, max-snippet:-1, max-image-preview:large, max-video-preview:-1\" \/>\n<link rel=\"canonical\" href=\"https:\/\/kosovatimes.info\/index.php\/2026\/04\/26\/cipa-mendja-shqiptare-po-mbetet-minoritare-perballe-helmit-virtual-mbrojtja-e-vlerave-eshte-detyre-kombetare\/\" \/>\n<meta property=\"og:locale\" content=\"en_US\" \/>\n<meta property=\"og:type\" content=\"article\" \/>\n<meta property=\"og:title\" content=\"\u00c7ipa: Mendja shqiptare po mbetet \u201cminoritare\u201d p\u00ebrball\u00eb helmit virtual; mbrojtja e vlerave \u00ebsht\u00eb detyr\u00eb komb\u00ebtare - Kosova Times\" \/>\n<meta property=\"og:description\" content=\"N\u00eb nj\u00eb reagim t\u00eb fundit q\u00eb ka nxitur reflektim t\u00eb thell\u00eb, publicisti Aleksand\u00ebr \u00c7ipa ka ngritur z\u00ebrin kund\u00ebr nj\u00eb fenomeni q\u00eb po kthehet n\u00eb nj\u00eb patologji komb\u00ebtare: &#8220;helmi verbal&#8221; ndaj dy prej shtyllave m\u00eb t\u00eb larta t\u00eb mendimit shqiptar, Ismail Kadares\u00eb dhe Rexhep Qosjes. Ky shqet\u00ebsim nuk \u00ebsht\u00eb thjesht nj\u00eb mbrojtje kolegjiale, por nj\u00eb diagnoz\u00eb [&hellip;]\" \/>\n<meta property=\"og:url\" content=\"https:\/\/kosovatimes.info\/index.php\/2026\/04\/26\/cipa-mendja-shqiptare-po-mbetet-minoritare-perballe-helmit-virtual-mbrojtja-e-vlerave-eshte-detyre-kombetare\/\" \/>\n<meta property=\"og:site_name\" content=\"Kosova Times\" \/>\n<meta property=\"article:published_time\" content=\"2026-04-26T14:32:17+00:00\" \/>\n<meta property=\"article:modified_time\" content=\"2026-04-26T14:35:28+00:00\" \/>\n<meta property=\"og:image\" content=\"https:\/\/kosovatimes.info\/wp-content\/uploads\/2026\/04\/cipa.jpg\" \/>\n\t<meta property=\"og:image:width\" content=\"696\" \/>\n\t<meta property=\"og:image:height\" content=\"395\" \/>\n\t<meta property=\"og:image:type\" content=\"image\/jpeg\" \/>\n<meta name=\"author\" content=\"i l\" \/>\n<meta name=\"twitter:card\" content=\"summary_large_image\" \/>\n<meta name=\"twitter:label1\" content=\"Written by\" \/>\n\t<meta name=\"twitter:data1\" content=\"i l\" \/>\n\t<meta name=\"twitter:label2\" content=\"Est. reading time\" \/>\n\t<meta name=\"twitter:data2\" content=\"2 minutes\" \/>\n<script type=\"application\/ld+json\" class=\"yoast-schema-graph\">{\"@context\":\"https:\\\/\\\/schema.org\",\"@graph\":[{\"@type\":\"Article\",\"@id\":\"https:\\\/\\\/kosovatimes.info\\\/index.php\\\/2026\\\/04\\\/26\\\/cipa-mendja-shqiptare-po-mbetet-minoritare-perballe-helmit-virtual-mbrojtja-e-vlerave-eshte-detyre-kombetare\\\/#article\",\"isPartOf\":{\"@id\":\"https:\\\/\\\/kosovatimes.info\\\/index.php\\\/2026\\\/04\\\/26\\\/cipa-mendja-shqiptare-po-mbetet-minoritare-perballe-helmit-virtual-mbrojtja-e-vlerave-eshte-detyre-kombetare\\\/\"},\"author\":{\"name\":\"i l\",\"@id\":\"https:\\\/\\\/kosovatimes.info\\\/#\\\/schema\\\/person\\\/7586712b9c512fe68085de007378c915\"},\"headline\":\"\u00c7ipa: Mendja shqiptare po mbetet \u201cminoritare\u201d p\u00ebrball\u00eb helmit virtual; mbrojtja e vlerave \u00ebsht\u00eb detyr\u00eb komb\u00ebtare\",\"datePublished\":\"2026-04-26T14:32:17+00:00\",\"dateModified\":\"2026-04-26T14:35:28+00:00\",\"mainEntityOfPage\":{\"@id\":\"https:\\\/\\\/kosovatimes.info\\\/index.php\\\/2026\\\/04\\\/26\\\/cipa-mendja-shqiptare-po-mbetet-minoritare-perballe-helmit-virtual-mbrojtja-e-vlerave-eshte-detyre-kombetare\\\/\"},\"wordCount\":501,\"commentCount\":0,\"image\":{\"@id\":\"https:\\\/\\\/kosovatimes.info\\\/index.php\\\/2026\\\/04\\\/26\\\/cipa-mendja-shqiptare-po-mbetet-minoritare-perballe-helmit-virtual-mbrojtja-e-vlerave-eshte-detyre-kombetare\\\/#primaryimage\"},\"thumbnailUrl\":\"https:\\\/\\\/kosovatimes.info\\\/wp-content\\\/uploads\\\/2026\\\/04\\\/cipa.jpg\",\"articleSection\":[\"Opinion\"],\"inLanguage\":\"en-US\",\"potentialAction\":[{\"@type\":\"CommentAction\",\"name\":\"Comment\",\"target\":[\"https:\\\/\\\/kosovatimes.info\\\/index.php\\\/2026\\\/04\\\/26\\\/cipa-mendja-shqiptare-po-mbetet-minoritare-perballe-helmit-virtual-mbrojtja-e-vlerave-eshte-detyre-kombetare\\\/#respond\"]}]},{\"@type\":\"WebPage\",\"@id\":\"https:\\\/\\\/kosovatimes.info\\\/index.php\\\/2026\\\/04\\\/26\\\/cipa-mendja-shqiptare-po-mbetet-minoritare-perballe-helmit-virtual-mbrojtja-e-vlerave-eshte-detyre-kombetare\\\/\",\"url\":\"https:\\\/\\\/kosovatimes.info\\\/index.php\\\/2026\\\/04\\\/26\\\/cipa-mendja-shqiptare-po-mbetet-minoritare-perballe-helmit-virtual-mbrojtja-e-vlerave-eshte-detyre-kombetare\\\/\",\"name\":\"\u00c7ipa: Mendja shqiptare po mbetet \u201cminoritare\u201d p\u00ebrball\u00eb helmit virtual; mbrojtja e vlerave \u00ebsht\u00eb detyr\u00eb komb\u00ebtare - Kosova Times\",\"isPartOf\":{\"@id\":\"https:\\\/\\\/kosovatimes.info\\\/#website\"},\"primaryImageOfPage\":{\"@id\":\"https:\\\/\\\/kosovatimes.info\\\/index.php\\\/2026\\\/04\\\/26\\\/cipa-mendja-shqiptare-po-mbetet-minoritare-perballe-helmit-virtual-mbrojtja-e-vlerave-eshte-detyre-kombetare\\\/#primaryimage\"},\"image\":{\"@id\":\"https:\\\/\\\/kosovatimes.info\\\/index.php\\\/2026\\\/04\\\/26\\\/cipa-mendja-shqiptare-po-mbetet-minoritare-perballe-helmit-virtual-mbrojtja-e-vlerave-eshte-detyre-kombetare\\\/#primaryimage\"},\"thumbnailUrl\":\"https:\\\/\\\/kosovatimes.info\\\/wp-content\\\/uploads\\\/2026\\\/04\\\/cipa.jpg\",\"datePublished\":\"2026-04-26T14:32:17+00:00\",\"dateModified\":\"2026-04-26T14:35:28+00:00\",\"author\":{\"@id\":\"https:\\\/\\\/kosovatimes.info\\\/#\\\/schema\\\/person\\\/7586712b9c512fe68085de007378c915\"},\"breadcrumb\":{\"@id\":\"https:\\\/\\\/kosovatimes.info\\\/index.php\\\/2026\\\/04\\\/26\\\/cipa-mendja-shqiptare-po-mbetet-minoritare-perballe-helmit-virtual-mbrojtja-e-vlerave-eshte-detyre-kombetare\\\/#breadcrumb\"},\"inLanguage\":\"en-US\",\"potentialAction\":[{\"@type\":\"ReadAction\",\"target\":[\"https:\\\/\\\/kosovatimes.info\\\/index.php\\\/2026\\\/04\\\/26\\\/cipa-mendja-shqiptare-po-mbetet-minoritare-perballe-helmit-virtual-mbrojtja-e-vlerave-eshte-detyre-kombetare\\\/\"]}]},{\"@type\":\"ImageObject\",\"inLanguage\":\"en-US\",\"@id\":\"https:\\\/\\\/kosovatimes.info\\\/index.php\\\/2026\\\/04\\\/26\\\/cipa-mendja-shqiptare-po-mbetet-minoritare-perballe-helmit-virtual-mbrojtja-e-vlerave-eshte-detyre-kombetare\\\/#primaryimage\",\"url\":\"https:\\\/\\\/kosovatimes.info\\\/wp-content\\\/uploads\\\/2026\\\/04\\\/cipa.jpg\",\"contentUrl\":\"https:\\\/\\\/kosovatimes.info\\\/wp-content\\\/uploads\\\/2026\\\/04\\\/cipa.jpg\",\"width\":696,\"height\":395},{\"@type\":\"BreadcrumbList\",\"@id\":\"https:\\\/\\\/kosovatimes.info\\\/index.php\\\/2026\\\/04\\\/26\\\/cipa-mendja-shqiptare-po-mbetet-minoritare-perballe-helmit-virtual-mbrojtja-e-vlerave-eshte-detyre-kombetare\\\/#breadcrumb\",\"itemListElement\":[{\"@type\":\"ListItem\",\"position\":1,\"name\":\"Home\",\"item\":\"https:\\\/\\\/kosovatimes.info\\\/\"},{\"@type\":\"ListItem\",\"position\":2,\"name\":\"\u00c7ipa: Mendja shqiptare po mbetet \u201cminoritare\u201d p\u00ebrball\u00eb helmit virtual; mbrojtja e vlerave \u00ebsht\u00eb detyr\u00eb komb\u00ebtare\"}]},{\"@type\":\"WebSite\",\"@id\":\"https:\\\/\\\/kosovatimes.info\\\/#website\",\"url\":\"https:\\\/\\\/kosovatimes.info\\\/\",\"name\":\"Kosova Times\",\"description\":\"\",\"potentialAction\":[{\"@type\":\"SearchAction\",\"target\":{\"@type\":\"EntryPoint\",\"urlTemplate\":\"https:\\\/\\\/kosovatimes.info\\\/?s={search_term_string}\"},\"query-input\":{\"@type\":\"PropertyValueSpecification\",\"valueRequired\":true,\"valueName\":\"search_term_string\"}}],\"inLanguage\":\"en-US\"},{\"@type\":\"Person\",\"@id\":\"https:\\\/\\\/kosovatimes.info\\\/#\\\/schema\\\/person\\\/7586712b9c512fe68085de007378c915\",\"name\":\"i l\",\"image\":{\"@type\":\"ImageObject\",\"inLanguage\":\"en-US\",\"@id\":\"https:\\\/\\\/secure.gravatar.com\\\/avatar\\\/bad9296e02816160ae2e2435beda58222022298d5625d49fea74d18816fbb31d?s=96&d=mm&r=g\",\"url\":\"https:\\\/\\\/secure.gravatar.com\\\/avatar\\\/bad9296e02816160ae2e2435beda58222022298d5625d49fea74d18816fbb31d?s=96&d=mm&r=g\",\"contentUrl\":\"https:\\\/\\\/secure.gravatar.com\\\/avatar\\\/bad9296e02816160ae2e2435beda58222022298d5625d49fea74d18816fbb31d?s=96&d=mm&r=g\",\"caption\":\"i l\"},\"url\":\"https:\\\/\\\/kosovatimes.info\\\/index.php\\\/author\\\/iliri\\\/\"}]}<\/script>\n<!-- \/ Yoast SEO plugin. -->","yoast_head_json":{"title":"\u00c7ipa: Mendja shqiptare po mbetet \u201cminoritare\u201d p\u00ebrball\u00eb helmit virtual; mbrojtja e vlerave \u00ebsht\u00eb detyr\u00eb komb\u00ebtare - Kosova Times","robots":{"index":"index","follow":"follow","max-snippet":"max-snippet:-1","max-image-preview":"max-image-preview:large","max-video-preview":"max-video-preview:-1"},"canonical":"https:\/\/kosovatimes.info\/index.php\/2026\/04\/26\/cipa-mendja-shqiptare-po-mbetet-minoritare-perballe-helmit-virtual-mbrojtja-e-vlerave-eshte-detyre-kombetare\/","og_locale":"en_US","og_type":"article","og_title":"\u00c7ipa: Mendja shqiptare po mbetet \u201cminoritare\u201d p\u00ebrball\u00eb helmit virtual; mbrojtja e vlerave \u00ebsht\u00eb detyr\u00eb komb\u00ebtare - Kosova Times","og_description":"N\u00eb nj\u00eb reagim t\u00eb fundit q\u00eb ka nxitur reflektim t\u00eb thell\u00eb, publicisti Aleksand\u00ebr \u00c7ipa ka ngritur z\u00ebrin kund\u00ebr nj\u00eb fenomeni q\u00eb po kthehet n\u00eb nj\u00eb patologji komb\u00ebtare: &#8220;helmi verbal&#8221; ndaj dy prej shtyllave m\u00eb t\u00eb larta t\u00eb mendimit shqiptar, Ismail Kadares\u00eb dhe Rexhep Qosjes. Ky shqet\u00ebsim nuk \u00ebsht\u00eb thjesht nj\u00eb mbrojtje kolegjiale, por nj\u00eb diagnoz\u00eb [&hellip;]","og_url":"https:\/\/kosovatimes.info\/index.php\/2026\/04\/26\/cipa-mendja-shqiptare-po-mbetet-minoritare-perballe-helmit-virtual-mbrojtja-e-vlerave-eshte-detyre-kombetare\/","og_site_name":"Kosova Times","article_published_time":"2026-04-26T14:32:17+00:00","article_modified_time":"2026-04-26T14:35:28+00:00","og_image":[{"width":696,"height":395,"url":"https:\/\/kosovatimes.info\/wp-content\/uploads\/2026\/04\/cipa.jpg","type":"image\/jpeg"}],"author":"i l","twitter_card":"summary_large_image","twitter_misc":{"Written by":"i l","Est. reading time":"2 minutes"},"schema":{"@context":"https:\/\/schema.org","@graph":[{"@type":"Article","@id":"https:\/\/kosovatimes.info\/index.php\/2026\/04\/26\/cipa-mendja-shqiptare-po-mbetet-minoritare-perballe-helmit-virtual-mbrojtja-e-vlerave-eshte-detyre-kombetare\/#article","isPartOf":{"@id":"https:\/\/kosovatimes.info\/index.php\/2026\/04\/26\/cipa-mendja-shqiptare-po-mbetet-minoritare-perballe-helmit-virtual-mbrojtja-e-vlerave-eshte-detyre-kombetare\/"},"author":{"name":"i l","@id":"https:\/\/kosovatimes.info\/#\/schema\/person\/7586712b9c512fe68085de007378c915"},"headline":"\u00c7ipa: Mendja shqiptare po mbetet \u201cminoritare\u201d p\u00ebrball\u00eb helmit virtual; mbrojtja e vlerave \u00ebsht\u00eb detyr\u00eb komb\u00ebtare","datePublished":"2026-04-26T14:32:17+00:00","dateModified":"2026-04-26T14:35:28+00:00","mainEntityOfPage":{"@id":"https:\/\/kosovatimes.info\/index.php\/2026\/04\/26\/cipa-mendja-shqiptare-po-mbetet-minoritare-perballe-helmit-virtual-mbrojtja-e-vlerave-eshte-detyre-kombetare\/"},"wordCount":501,"commentCount":0,"image":{"@id":"https:\/\/kosovatimes.info\/index.php\/2026\/04\/26\/cipa-mendja-shqiptare-po-mbetet-minoritare-perballe-helmit-virtual-mbrojtja-e-vlerave-eshte-detyre-kombetare\/#primaryimage"},"thumbnailUrl":"https:\/\/kosovatimes.info\/wp-content\/uploads\/2026\/04\/cipa.jpg","articleSection":["Opinion"],"inLanguage":"en-US","potentialAction":[{"@type":"CommentAction","name":"Comment","target":["https:\/\/kosovatimes.info\/index.php\/2026\/04\/26\/cipa-mendja-shqiptare-po-mbetet-minoritare-perballe-helmit-virtual-mbrojtja-e-vlerave-eshte-detyre-kombetare\/#respond"]}]},{"@type":"WebPage","@id":"https:\/\/kosovatimes.info\/index.php\/2026\/04\/26\/cipa-mendja-shqiptare-po-mbetet-minoritare-perballe-helmit-virtual-mbrojtja-e-vlerave-eshte-detyre-kombetare\/","url":"https:\/\/kosovatimes.info\/index.php\/2026\/04\/26\/cipa-mendja-shqiptare-po-mbetet-minoritare-perballe-helmit-virtual-mbrojtja-e-vlerave-eshte-detyre-kombetare\/","name":"\u00c7ipa: Mendja shqiptare po mbetet \u201cminoritare\u201d p\u00ebrball\u00eb helmit virtual; mbrojtja e vlerave \u00ebsht\u00eb detyr\u00eb komb\u00ebtare - Kosova Times","isPartOf":{"@id":"https:\/\/kosovatimes.info\/#website"},"primaryImageOfPage":{"@id":"https:\/\/kosovatimes.info\/index.php\/2026\/04\/26\/cipa-mendja-shqiptare-po-mbetet-minoritare-perballe-helmit-virtual-mbrojtja-e-vlerave-eshte-detyre-kombetare\/#primaryimage"},"image":{"@id":"https:\/\/kosovatimes.info\/index.php\/2026\/04\/26\/cipa-mendja-shqiptare-po-mbetet-minoritare-perballe-helmit-virtual-mbrojtja-e-vlerave-eshte-detyre-kombetare\/#primaryimage"},"thumbnailUrl":"https:\/\/kosovatimes.info\/wp-content\/uploads\/2026\/04\/cipa.jpg","datePublished":"2026-04-26T14:32:17+00:00","dateModified":"2026-04-26T14:35:28+00:00","author":{"@id":"https:\/\/kosovatimes.info\/#\/schema\/person\/7586712b9c512fe68085de007378c915"},"breadcrumb":{"@id":"https:\/\/kosovatimes.info\/index.php\/2026\/04\/26\/cipa-mendja-shqiptare-po-mbetet-minoritare-perballe-helmit-virtual-mbrojtja-e-vlerave-eshte-detyre-kombetare\/#breadcrumb"},"inLanguage":"en-US","potentialAction":[{"@type":"ReadAction","target":["https:\/\/kosovatimes.info\/index.php\/2026\/04\/26\/cipa-mendja-shqiptare-po-mbetet-minoritare-perballe-helmit-virtual-mbrojtja-e-vlerave-eshte-detyre-kombetare\/"]}]},{"@type":"ImageObject","inLanguage":"en-US","@id":"https:\/\/kosovatimes.info\/index.php\/2026\/04\/26\/cipa-mendja-shqiptare-po-mbetet-minoritare-perballe-helmit-virtual-mbrojtja-e-vlerave-eshte-detyre-kombetare\/#primaryimage","url":"https:\/\/kosovatimes.info\/wp-content\/uploads\/2026\/04\/cipa.jpg","contentUrl":"https:\/\/kosovatimes.info\/wp-content\/uploads\/2026\/04\/cipa.jpg","width":696,"height":395},{"@type":"BreadcrumbList","@id":"https:\/\/kosovatimes.info\/index.php\/2026\/04\/26\/cipa-mendja-shqiptare-po-mbetet-minoritare-perballe-helmit-virtual-mbrojtja-e-vlerave-eshte-detyre-kombetare\/#breadcrumb","itemListElement":[{"@type":"ListItem","position":1,"name":"Home","item":"https:\/\/kosovatimes.info\/"},{"@type":"ListItem","position":2,"name":"\u00c7ipa: Mendja shqiptare po mbetet \u201cminoritare\u201d p\u00ebrball\u00eb helmit virtual; mbrojtja e vlerave \u00ebsht\u00eb detyr\u00eb komb\u00ebtare"}]},{"@type":"WebSite","@id":"https:\/\/kosovatimes.info\/#website","url":"https:\/\/kosovatimes.info\/","name":"Kosova Times","description":"","potentialAction":[{"@type":"SearchAction","target":{"@type":"EntryPoint","urlTemplate":"https:\/\/kosovatimes.info\/?s={search_term_string}"},"query-input":{"@type":"PropertyValueSpecification","valueRequired":true,"valueName":"search_term_string"}}],"inLanguage":"en-US"},{"@type":"Person","@id":"https:\/\/kosovatimes.info\/#\/schema\/person\/7586712b9c512fe68085de007378c915","name":"i l","image":{"@type":"ImageObject","inLanguage":"en-US","@id":"https:\/\/secure.gravatar.com\/avatar\/bad9296e02816160ae2e2435beda58222022298d5625d49fea74d18816fbb31d?s=96&d=mm&r=g","url":"https:\/\/secure.gravatar.com\/avatar\/bad9296e02816160ae2e2435beda58222022298d5625d49fea74d18816fbb31d?s=96&d=mm&r=g","contentUrl":"https:\/\/secure.gravatar.com\/avatar\/bad9296e02816160ae2e2435beda58222022298d5625d49fea74d18816fbb31d?s=96&d=mm&r=g","caption":"i l"},"url":"https:\/\/kosovatimes.info\/index.php\/author\/iliri\/"}]}},"_links":{"self":[{"href":"https:\/\/kosovatimes.info\/index.php\/wp-json\/wp\/v2\/posts\/11849","targetHints":{"allow":["GET"]}}],"collection":[{"href":"https:\/\/kosovatimes.info\/index.php\/wp-json\/wp\/v2\/posts"}],"about":[{"href":"https:\/\/kosovatimes.info\/index.php\/wp-json\/wp\/v2\/types\/post"}],"author":[{"embeddable":true,"href":"https:\/\/kosovatimes.info\/index.php\/wp-json\/wp\/v2\/users\/4"}],"replies":[{"embeddable":true,"href":"https:\/\/kosovatimes.info\/index.php\/wp-json\/wp\/v2\/comments?post=11849"}],"version-history":[{"count":2,"href":"https:\/\/kosovatimes.info\/index.php\/wp-json\/wp\/v2\/posts\/11849\/revisions"}],"predecessor-version":[{"id":11851,"href":"https:\/\/kosovatimes.info\/index.php\/wp-json\/wp\/v2\/posts\/11849\/revisions\/11851"}],"wp:featuredmedia":[{"embeddable":true,"href":"https:\/\/kosovatimes.info\/index.php\/wp-json\/wp\/v2\/media\/9445"}],"wp:attachment":[{"href":"https:\/\/kosovatimes.info\/index.php\/wp-json\/wp\/v2\/media?parent=11849"}],"wp:term":[{"taxonomy":"category","embeddable":true,"href":"https:\/\/kosovatimes.info\/index.php\/wp-json\/wp\/v2\/categories?post=11849"},{"taxonomy":"post_tag","embeddable":true,"href":"https:\/\/kosovatimes.info\/index.php\/wp-json\/wp\/v2\/tags?post=11849"}],"curies":[{"name":"wp","href":"https:\/\/api.w.org\/{rel}","templated":true}]}}