{"id":11860,"date":"2026-04-26T15:02:00","date_gmt":"2026-04-26T13:02:00","guid":{"rendered":"https:\/\/kosovatimes.info\/?p=11860"},"modified":"2026-04-26T19:08:22","modified_gmt":"2026-04-26T17:08:22","slug":"begaj-denon-sulmin-ne-uashington-akte-te-tilla-minojne-demokracine","status":"publish","type":"post","link":"https:\/\/kosovatimes.info\/index.php\/2026\/04\/26\/begaj-denon-sulmin-ne-uashington-akte-te-tilla-minojne-demokracine\/","title":{"rendered":"Begaj d\u00ebnon sulmin n\u00eb Uashington: Akte t\u00eb tilla minojn\u00eb demokracin\u00eb"},"content":{"rendered":"\n<h2 class=\"wp-block-heading\"><strong>Presidenti i Shqip\u00ebris\u00eb, Bajram Begaj, ka d\u00ebnuar ashp\u00ebr incidentin me arm\u00eb t\u00eb ndodhur gjat\u00eb gjat\u00eb dark\u00ebs s\u00eb korrespondent\u00ebve t\u00eb Sht\u00ebpis\u00eb s\u00eb Bardh\u00eb n\u00eb n\u00eb hotelin \u201cWashington Hilton\u201d.<\/strong><\/h2>\n\n\n\n<p>P\u00ebrmes nj\u00eb reagimi n\u00eb rrjetin social \u201cX\u201d, Begaj theksoi se n\u00eb nj\u00eb demokraci, ndasit\u00eb duhet t\u00eb zgjidhen p\u00ebrmes dialogut dhe ideve, e jo p\u00ebrmes dhun\u00ebs.<\/p>\n\n\n\n<p>\u201cSulme t\u00eb tilla brutale q\u00eb minojn\u00eb demokracin\u00eb dhe d\u00ebmtojn\u00eb vlerat themelore t\u00eb saj jan\u00eb t\u00eb papranueshme. Shpreh solidaritet t\u00eb plot\u00eb me popullin amerikan dhe i uroj Presidentit dhe Zonj\u00ebs s\u00eb Par\u00eb dhe t\u00eb gjith\u00eb t\u00eb pranishm\u00ebve sh\u00ebndet dhe siguri\u201d, u shpreh ai.<\/p>\n\n\n\n<p>Sipas raportimeve, presidenti i SHBA-s\u00eb, Donald Trump, nuk p\u00ebsoi l\u00ebndime, nd\u00ebrsa ai dhe zyrtar\u00eb t\u00eb tjer\u00eb t\u00eb lart\u00eb u evakuuan nga aktiviteti pas t\u00eb sht\u00ebnave q\u00eb ndodh\u00ebn jasht\u00eb sall\u00ebs s\u00eb banketit.<\/p>\n","protected":false},"excerpt":{"rendered":"<p>Presidenti i Shqip\u00ebris\u00eb, Bajram Begaj, ka d\u00ebnuar ashp\u00ebr incidentin me arm\u00eb t\u00eb ndodhur gjat\u00eb gjat\u00eb dark\u00ebs s\u00eb korrespondent\u00ebve t\u00eb Sht\u00ebpis\u00eb s\u00eb Bardh\u00eb n\u00eb n\u00eb hotelin \u201cWashington Hilton\u201d. P\u00ebrmes nj\u00eb reagimi n\u00eb rrjetin social \u201cX\u201d, Begaj theksoi se n\u00eb nj\u00eb demokraci, ndasit\u00eb duhet t\u00eb zgjidhen p\u00ebrmes dialogut dhe ideve, e jo p\u00ebrmes dhun\u00ebs. \u201cSulme t\u00eb tilla [&hellip;]<\/p>\n","protected":false},"author":4,"featured_media":11861,"comment_status":"open","ping_status":"open","sticky":false,"template":"","format":"standard","meta":{"footnotes":""},"categories":[30,32],"tags":[],"class_list":{"0":"post-11860","1":"post","2":"type-post","3":"status-publish","4":"format-standard","5":"has-post-thumbnail","7":"category-lajme","8":"category-rajon"},"yoast_head":"<!-- This site is optimized with the Yoast SEO plugin v27.4 - https:\/\/yoast.com\/product\/yoast-seo-wordpress\/ -->\n<title>Begaj d\u00ebnon sulmin n\u00eb Uashington: Akte t\u00eb tilla minojn\u00eb demokracin\u00eb - Kosova Times<\/title>\n<meta name=\"robots\" content=\"index, follow, max-snippet:-1, max-image-preview:large, max-video-preview:-1\" \/>\n<link rel=\"canonical\" href=\"https:\/\/kosovatimes.info\/index.php\/2026\/04\/26\/begaj-denon-sulmin-ne-uashington-akte-te-tilla-minojne-demokracine\/\" \/>\n<meta property=\"og:locale\" content=\"en_US\" \/>\n<meta property=\"og:type\" content=\"article\" \/>\n<meta property=\"og:title\" content=\"Begaj d\u00ebnon sulmin n\u00eb Uashington: Akte t\u00eb tilla minojn\u00eb demokracin\u00eb - Kosova Times\" \/>\n<meta property=\"og:description\" content=\"Presidenti i Shqip\u00ebris\u00eb, Bajram Begaj, ka d\u00ebnuar ashp\u00ebr incidentin me arm\u00eb t\u00eb ndodhur gjat\u00eb gjat\u00eb dark\u00ebs s\u00eb korrespondent\u00ebve t\u00eb Sht\u00ebpis\u00eb s\u00eb Bardh\u00eb n\u00eb n\u00eb hotelin \u201cWashington Hilton\u201d. P\u00ebrmes nj\u00eb reagimi n\u00eb rrjetin social \u201cX\u201d, Begaj theksoi se n\u00eb nj\u00eb demokraci, ndasit\u00eb duhet t\u00eb zgjidhen p\u00ebrmes dialogut dhe ideve, e jo p\u00ebrmes dhun\u00ebs. \u201cSulme t\u00eb tilla [&hellip;]\" \/>\n<meta property=\"og:url\" content=\"https:\/\/kosovatimes.info\/index.php\/2026\/04\/26\/begaj-denon-sulmin-ne-uashington-akte-te-tilla-minojne-demokracine\/\" \/>\n<meta property=\"og:site_name\" content=\"Kosova Times\" \/>\n<meta property=\"article:published_time\" content=\"2026-04-26T13:02:00+00:00\" \/>\n<meta property=\"article:modified_time\" content=\"2026-04-26T17:08:22+00:00\" \/>\n<meta property=\"og:image\" content=\"https:\/\/kosovatimes.info\/wp-content\/uploads\/2026\/04\/Begaj-3.jpg\" \/>\n\t<meta property=\"og:image:width\" content=\"780\" \/>\n\t<meta property=\"og:image:height\" content=\"500\" \/>\n\t<meta property=\"og:image:type\" content=\"image\/jpeg\" \/>\n<meta name=\"author\" content=\"i l\" \/>\n<meta name=\"twitter:card\" content=\"summary_large_image\" \/>\n<meta name=\"twitter:label1\" content=\"Written by\" \/>\n\t<meta name=\"twitter:data1\" content=\"i l\" \/>\n\t<meta name=\"twitter:label2\" content=\"Est. reading time\" \/>\n\t<meta name=\"twitter:data2\" content=\"1 minute\" \/>\n<script type=\"application\/ld+json\" class=\"yoast-schema-graph\">{\"@context\":\"https:\\\/\\\/schema.org\",\"@graph\":[{\"@type\":\"Article\",\"@id\":\"https:\\\/\\\/kosovatimes.info\\\/index.php\\\/2026\\\/04\\\/26\\\/begaj-denon-sulmin-ne-uashington-akte-te-tilla-minojne-demokracine\\\/#article\",\"isPartOf\":{\"@id\":\"https:\\\/\\\/kosovatimes.info\\\/index.php\\\/2026\\\/04\\\/26\\\/begaj-denon-sulmin-ne-uashington-akte-te-tilla-minojne-demokracine\\\/\"},\"author\":{\"name\":\"i l\",\"@id\":\"https:\\\/\\\/kosovatimes.info\\\/#\\\/schema\\\/person\\\/7586712b9c512fe68085de007378c915\"},\"headline\":\"Begaj d\u00ebnon sulmin n\u00eb Uashington: Akte t\u00eb tilla minojn\u00eb demokracin\u00eb\",\"datePublished\":\"2026-04-26T13:02:00+00:00\",\"dateModified\":\"2026-04-26T17:08:22+00:00\",\"mainEntityOfPage\":{\"@id\":\"https:\\\/\\\/kosovatimes.info\\\/index.php\\\/2026\\\/04\\\/26\\\/begaj-denon-sulmin-ne-uashington-akte-te-tilla-minojne-demokracine\\\/\"},\"wordCount\":156,\"commentCount\":0,\"image\":{\"@id\":\"https:\\\/\\\/kosovatimes.info\\\/index.php\\\/2026\\\/04\\\/26\\\/begaj-denon-sulmin-ne-uashington-akte-te-tilla-minojne-demokracine\\\/#primaryimage\"},\"thumbnailUrl\":\"https:\\\/\\\/kosovatimes.info\\\/wp-content\\\/uploads\\\/2026\\\/04\\\/Begaj-3.jpg\",\"articleSection\":[\"Lajme\",\"Rajon\"],\"inLanguage\":\"en-US\",\"potentialAction\":[{\"@type\":\"CommentAction\",\"name\":\"Comment\",\"target\":[\"https:\\\/\\\/kosovatimes.info\\\/index.php\\\/2026\\\/04\\\/26\\\/begaj-denon-sulmin-ne-uashington-akte-te-tilla-minojne-demokracine\\\/#respond\"]}]},{\"@type\":\"WebPage\",\"@id\":\"https:\\\/\\\/kosovatimes.info\\\/index.php\\\/2026\\\/04\\\/26\\\/begaj-denon-sulmin-ne-uashington-akte-te-tilla-minojne-demokracine\\\/\",\"url\":\"https:\\\/\\\/kosovatimes.info\\\/index.php\\\/2026\\\/04\\\/26\\\/begaj-denon-sulmin-ne-uashington-akte-te-tilla-minojne-demokracine\\\/\",\"name\":\"Begaj d\u00ebnon sulmin n\u00eb Uashington: Akte t\u00eb tilla minojn\u00eb demokracin\u00eb - Kosova Times\",\"isPartOf\":{\"@id\":\"https:\\\/\\\/kosovatimes.info\\\/#website\"},\"primaryImageOfPage\":{\"@id\":\"https:\\\/\\\/kosovatimes.info\\\/index.php\\\/2026\\\/04\\\/26\\\/begaj-denon-sulmin-ne-uashington-akte-te-tilla-minojne-demokracine\\\/#primaryimage\"},\"image\":{\"@id\":\"https:\\\/\\\/kosovatimes.info\\\/index.php\\\/2026\\\/04\\\/26\\\/begaj-denon-sulmin-ne-uashington-akte-te-tilla-minojne-demokracine\\\/#primaryimage\"},\"thumbnailUrl\":\"https:\\\/\\\/kosovatimes.info\\\/wp-content\\\/uploads\\\/2026\\\/04\\\/Begaj-3.jpg\",\"datePublished\":\"2026-04-26T13:02:00+00:00\",\"dateModified\":\"2026-04-26T17:08:22+00:00\",\"author\":{\"@id\":\"https:\\\/\\\/kosovatimes.info\\\/#\\\/schema\\\/person\\\/7586712b9c512fe68085de007378c915\"},\"breadcrumb\":{\"@id\":\"https:\\\/\\\/kosovatimes.info\\\/index.php\\\/2026\\\/04\\\/26\\\/begaj-denon-sulmin-ne-uashington-akte-te-tilla-minojne-demokracine\\\/#breadcrumb\"},\"inLanguage\":\"en-US\",\"potentialAction\":[{\"@type\":\"ReadAction\",\"target\":[\"https:\\\/\\\/kosovatimes.info\\\/index.php\\\/2026\\\/04\\\/26\\\/begaj-denon-sulmin-ne-uashington-akte-te-tilla-minojne-demokracine\\\/\"]}]},{\"@type\":\"ImageObject\",\"inLanguage\":\"en-US\",\"@id\":\"https:\\\/\\\/kosovatimes.info\\\/index.php\\\/2026\\\/04\\\/26\\\/begaj-denon-sulmin-ne-uashington-akte-te-tilla-minojne-demokracine\\\/#primaryimage\",\"url\":\"https:\\\/\\\/kosovatimes.info\\\/wp-content\\\/uploads\\\/2026\\\/04\\\/Begaj-3.jpg\",\"contentUrl\":\"https:\\\/\\\/kosovatimes.info\\\/wp-content\\\/uploads\\\/2026\\\/04\\\/Begaj-3.jpg\",\"width\":780,\"height\":500},{\"@type\":\"BreadcrumbList\",\"@id\":\"https:\\\/\\\/kosovatimes.info\\\/index.php\\\/2026\\\/04\\\/26\\\/begaj-denon-sulmin-ne-uashington-akte-te-tilla-minojne-demokracine\\\/#breadcrumb\",\"itemListElement\":[{\"@type\":\"ListItem\",\"position\":1,\"name\":\"Home\",\"item\":\"https:\\\/\\\/kosovatimes.info\\\/\"},{\"@type\":\"ListItem\",\"position\":2,\"name\":\"Begaj d\u00ebnon sulmin n\u00eb Uashington: Akte t\u00eb tilla minojn\u00eb demokracin\u00eb\"}]},{\"@type\":\"WebSite\",\"@id\":\"https:\\\/\\\/kosovatimes.info\\\/#website\",\"url\":\"https:\\\/\\\/kosovatimes.info\\\/\",\"name\":\"Kosova Times\",\"description\":\"\",\"potentialAction\":[{\"@type\":\"SearchAction\",\"target\":{\"@type\":\"EntryPoint\",\"urlTemplate\":\"https:\\\/\\\/kosovatimes.info\\\/?s={search_term_string}\"},\"query-input\":{\"@type\":\"PropertyValueSpecification\",\"valueRequired\":true,\"valueName\":\"search_term_string\"}}],\"inLanguage\":\"en-US\"},{\"@type\":\"Person\",\"@id\":\"https:\\\/\\\/kosovatimes.info\\\/#\\\/schema\\\/person\\\/7586712b9c512fe68085de007378c915\",\"name\":\"i l\",\"image\":{\"@type\":\"ImageObject\",\"inLanguage\":\"en-US\",\"@id\":\"https:\\\/\\\/secure.gravatar.com\\\/avatar\\\/bad9296e02816160ae2e2435beda58222022298d5625d49fea74d18816fbb31d?s=96&d=mm&r=g\",\"url\":\"https:\\\/\\\/secure.gravatar.com\\\/avatar\\\/bad9296e02816160ae2e2435beda58222022298d5625d49fea74d18816fbb31d?s=96&d=mm&r=g\",\"contentUrl\":\"https:\\\/\\\/secure.gravatar.com\\\/avatar\\\/bad9296e02816160ae2e2435beda58222022298d5625d49fea74d18816fbb31d?s=96&d=mm&r=g\",\"caption\":\"i l\"},\"url\":\"https:\\\/\\\/kosovatimes.info\\\/index.php\\\/author\\\/iliri\\\/\"}]}<\/script>\n<!-- \/ Yoast SEO plugin. -->","yoast_head_json":{"title":"Begaj d\u00ebnon sulmin n\u00eb Uashington: Akte t\u00eb tilla minojn\u00eb demokracin\u00eb - Kosova Times","robots":{"index":"index","follow":"follow","max-snippet":"max-snippet:-1","max-image-preview":"max-image-preview:large","max-video-preview":"max-video-preview:-1"},"canonical":"https:\/\/kosovatimes.info\/index.php\/2026\/04\/26\/begaj-denon-sulmin-ne-uashington-akte-te-tilla-minojne-demokracine\/","og_locale":"en_US","og_type":"article","og_title":"Begaj d\u00ebnon sulmin n\u00eb Uashington: Akte t\u00eb tilla minojn\u00eb demokracin\u00eb - Kosova Times","og_description":"Presidenti i Shqip\u00ebris\u00eb, Bajram Begaj, ka d\u00ebnuar ashp\u00ebr incidentin me arm\u00eb t\u00eb ndodhur gjat\u00eb gjat\u00eb dark\u00ebs s\u00eb korrespondent\u00ebve t\u00eb Sht\u00ebpis\u00eb s\u00eb Bardh\u00eb n\u00eb n\u00eb hotelin \u201cWashington Hilton\u201d. P\u00ebrmes nj\u00eb reagimi n\u00eb rrjetin social \u201cX\u201d, Begaj theksoi se n\u00eb nj\u00eb demokraci, ndasit\u00eb duhet t\u00eb zgjidhen p\u00ebrmes dialogut dhe ideve, e jo p\u00ebrmes dhun\u00ebs. \u201cSulme t\u00eb tilla [&hellip;]","og_url":"https:\/\/kosovatimes.info\/index.php\/2026\/04\/26\/begaj-denon-sulmin-ne-uashington-akte-te-tilla-minojne-demokracine\/","og_site_name":"Kosova Times","article_published_time":"2026-04-26T13:02:00+00:00","article_modified_time":"2026-04-26T17:08:22+00:00","og_image":[{"width":780,"height":500,"url":"https:\/\/kosovatimes.info\/wp-content\/uploads\/2026\/04\/Begaj-3.jpg","type":"image\/jpeg"}],"author":"i l","twitter_card":"summary_large_image","twitter_misc":{"Written by":"i l","Est. reading time":"1 minute"},"schema":{"@context":"https:\/\/schema.org","@graph":[{"@type":"Article","@id":"https:\/\/kosovatimes.info\/index.php\/2026\/04\/26\/begaj-denon-sulmin-ne-uashington-akte-te-tilla-minojne-demokracine\/#article","isPartOf":{"@id":"https:\/\/kosovatimes.info\/index.php\/2026\/04\/26\/begaj-denon-sulmin-ne-uashington-akte-te-tilla-minojne-demokracine\/"},"author":{"name":"i l","@id":"https:\/\/kosovatimes.info\/#\/schema\/person\/7586712b9c512fe68085de007378c915"},"headline":"Begaj d\u00ebnon sulmin n\u00eb Uashington: Akte t\u00eb tilla minojn\u00eb demokracin\u00eb","datePublished":"2026-04-26T13:02:00+00:00","dateModified":"2026-04-26T17:08:22+00:00","mainEntityOfPage":{"@id":"https:\/\/kosovatimes.info\/index.php\/2026\/04\/26\/begaj-denon-sulmin-ne-uashington-akte-te-tilla-minojne-demokracine\/"},"wordCount":156,"commentCount":0,"image":{"@id":"https:\/\/kosovatimes.info\/index.php\/2026\/04\/26\/begaj-denon-sulmin-ne-uashington-akte-te-tilla-minojne-demokracine\/#primaryimage"},"thumbnailUrl":"https:\/\/kosovatimes.info\/wp-content\/uploads\/2026\/04\/Begaj-3.jpg","articleSection":["Lajme","Rajon"],"inLanguage":"en-US","potentialAction":[{"@type":"CommentAction","name":"Comment","target":["https:\/\/kosovatimes.info\/index.php\/2026\/04\/26\/begaj-denon-sulmin-ne-uashington-akte-te-tilla-minojne-demokracine\/#respond"]}]},{"@type":"WebPage","@id":"https:\/\/kosovatimes.info\/index.php\/2026\/04\/26\/begaj-denon-sulmin-ne-uashington-akte-te-tilla-minojne-demokracine\/","url":"https:\/\/kosovatimes.info\/index.php\/2026\/04\/26\/begaj-denon-sulmin-ne-uashington-akte-te-tilla-minojne-demokracine\/","name":"Begaj d\u00ebnon sulmin n\u00eb Uashington: Akte t\u00eb tilla minojn\u00eb demokracin\u00eb - Kosova Times","isPartOf":{"@id":"https:\/\/kosovatimes.info\/#website"},"primaryImageOfPage":{"@id":"https:\/\/kosovatimes.info\/index.php\/2026\/04\/26\/begaj-denon-sulmin-ne-uashington-akte-te-tilla-minojne-demokracine\/#primaryimage"},"image":{"@id":"https:\/\/kosovatimes.info\/index.php\/2026\/04\/26\/begaj-denon-sulmin-ne-uashington-akte-te-tilla-minojne-demokracine\/#primaryimage"},"thumbnailUrl":"https:\/\/kosovatimes.info\/wp-content\/uploads\/2026\/04\/Begaj-3.jpg","datePublished":"2026-04-26T13:02:00+00:00","dateModified":"2026-04-26T17:08:22+00:00","author":{"@id":"https:\/\/kosovatimes.info\/#\/schema\/person\/7586712b9c512fe68085de007378c915"},"breadcrumb":{"@id":"https:\/\/kosovatimes.info\/index.php\/2026\/04\/26\/begaj-denon-sulmin-ne-uashington-akte-te-tilla-minojne-demokracine\/#breadcrumb"},"inLanguage":"en-US","potentialAction":[{"@type":"ReadAction","target":["https:\/\/kosovatimes.info\/index.php\/2026\/04\/26\/begaj-denon-sulmin-ne-uashington-akte-te-tilla-minojne-demokracine\/"]}]},{"@type":"ImageObject","inLanguage":"en-US","@id":"https:\/\/kosovatimes.info\/index.php\/2026\/04\/26\/begaj-denon-sulmin-ne-uashington-akte-te-tilla-minojne-demokracine\/#primaryimage","url":"https:\/\/kosovatimes.info\/wp-content\/uploads\/2026\/04\/Begaj-3.jpg","contentUrl":"https:\/\/kosovatimes.info\/wp-content\/uploads\/2026\/04\/Begaj-3.jpg","width":780,"height":500},{"@type":"BreadcrumbList","@id":"https:\/\/kosovatimes.info\/index.php\/2026\/04\/26\/begaj-denon-sulmin-ne-uashington-akte-te-tilla-minojne-demokracine\/#breadcrumb","itemListElement":[{"@type":"ListItem","position":1,"name":"Home","item":"https:\/\/kosovatimes.info\/"},{"@type":"ListItem","position":2,"name":"Begaj d\u00ebnon sulmin n\u00eb Uashington: Akte t\u00eb tilla minojn\u00eb demokracin\u00eb"}]},{"@type":"WebSite","@id":"https:\/\/kosovatimes.info\/#website","url":"https:\/\/kosovatimes.info\/","name":"Kosova Times","description":"","potentialAction":[{"@type":"SearchAction","target":{"@type":"EntryPoint","urlTemplate":"https:\/\/kosovatimes.info\/?s={search_term_string}"},"query-input":{"@type":"PropertyValueSpecification","valueRequired":true,"valueName":"search_term_string"}}],"inLanguage":"en-US"},{"@type":"Person","@id":"https:\/\/kosovatimes.info\/#\/schema\/person\/7586712b9c512fe68085de007378c915","name":"i l","image":{"@type":"ImageObject","inLanguage":"en-US","@id":"https:\/\/secure.gravatar.com\/avatar\/bad9296e02816160ae2e2435beda58222022298d5625d49fea74d18816fbb31d?s=96&d=mm&r=g","url":"https:\/\/secure.gravatar.com\/avatar\/bad9296e02816160ae2e2435beda58222022298d5625d49fea74d18816fbb31d?s=96&d=mm&r=g","contentUrl":"https:\/\/secure.gravatar.com\/avatar\/bad9296e02816160ae2e2435beda58222022298d5625d49fea74d18816fbb31d?s=96&d=mm&r=g","caption":"i l"},"url":"https:\/\/kosovatimes.info\/index.php\/author\/iliri\/"}]}},"_links":{"self":[{"href":"https:\/\/kosovatimes.info\/index.php\/wp-json\/wp\/v2\/posts\/11860","targetHints":{"allow":["GET"]}}],"collection":[{"href":"https:\/\/kosovatimes.info\/index.php\/wp-json\/wp\/v2\/posts"}],"about":[{"href":"https:\/\/kosovatimes.info\/index.php\/wp-json\/wp\/v2\/types\/post"}],"author":[{"embeddable":true,"href":"https:\/\/kosovatimes.info\/index.php\/wp-json\/wp\/v2\/users\/4"}],"replies":[{"embeddable":true,"href":"https:\/\/kosovatimes.info\/index.php\/wp-json\/wp\/v2\/comments?post=11860"}],"version-history":[{"count":1,"href":"https:\/\/kosovatimes.info\/index.php\/wp-json\/wp\/v2\/posts\/11860\/revisions"}],"predecessor-version":[{"id":11862,"href":"https:\/\/kosovatimes.info\/index.php\/wp-json\/wp\/v2\/posts\/11860\/revisions\/11862"}],"wp:featuredmedia":[{"embeddable":true,"href":"https:\/\/kosovatimes.info\/index.php\/wp-json\/wp\/v2\/media\/11861"}],"wp:attachment":[{"href":"https:\/\/kosovatimes.info\/index.php\/wp-json\/wp\/v2\/media?parent=11860"}],"wp:term":[{"taxonomy":"category","embeddable":true,"href":"https:\/\/kosovatimes.info\/index.php\/wp-json\/wp\/v2\/categories?post=11860"},{"taxonomy":"post_tag","embeddable":true,"href":"https:\/\/kosovatimes.info\/index.php\/wp-json\/wp\/v2\/tags?post=11860"}],"curies":[{"name":"wp","href":"https:\/\/api.w.org\/{rel}","templated":true}]}}