{"id":11863,"date":"2026-04-26T17:50:00","date_gmt":"2026-04-26T15:50:00","guid":{"rendered":"https:\/\/kosovatimes.info\/?p=11863"},"modified":"2026-04-26T19:09:29","modified_gmt":"2026-04-26T17:09:29","slug":"u-d-presidentja-shpreh-solidaritet-me-shba-ne-pas-sulmit-ne-uashington","status":"publish","type":"post","link":"https:\/\/kosovatimes.info\/index.php\/2026\/04\/26\/u-d-presidentja-shpreh-solidaritet-me-shba-ne-pas-sulmit-ne-uashington\/","title":{"rendered":"U.d. Presidentja shpreh solidaritet me SHBA-n\u00eb pas sulmit n\u00eb Uashington"},"content":{"rendered":"\n<p><a target=\"_blank\" href=\"https:\/\/www.linkedin.com\/shareArticle?mini=true&amp;url=https%3A%2F%2Fwww.rtklive.com%2Fsq%2Fnews-single.php%3FID%3D723153\" rel=\"noreferrer noopener\"><\/a><\/p>\n\n\n\n<h2 class=\"wp-block-heading\"><strong>U.d. Presidentja e Republik\u00ebs s\u00eb Kosov\u00ebs, Albulena Haxhiu, ka reaguar pas sulmit t\u00eb ndodhur n\u00eb Dark\u00ebn e Korrespondent\u00ebve t\u00eb Sht\u00ebpis\u00eb s\u00eb Bardh\u00eb n\u00eb Uashington.<\/strong><\/h2>\n\n\n\n<p>N\u00eb reagimin e saj, U.d. Presidentja Haxhiu shprehu solidaritet me popullin amerikan dhe leht\u00ebsim q\u00eb Presidenti Donald Trump, Zonja e Par\u00eb dhe t\u00eb gjith\u00eb t\u00eb pranishmit jan\u00eb jasht\u00eb rrezikut.<\/p>\n\n\n\n<p>\u201cPas sulmit shqet\u00ebsues n\u00eb Dark\u00ebn e Korrespondent\u00ebve t\u00eb Sht\u00ebpis\u00eb s\u00eb Bardh\u00eb, jemi pran\u00eb popullit amerikan. T\u00eb leht\u00ebsuar q\u00eb Presidenti Trump, Zonja e Par\u00eb dhe t\u00eb gjith\u00eb t\u00eb pranishmit jan\u00eb t\u00eb sigurt. Zyrtarit t\u00eb plagosur i urojm\u00eb sh\u00ebrim t\u00eb plot\u00eb dhe q\u00ebndrojm\u00eb pran\u00eb Shteteve t\u00eb Bashkuara n\u00eb k\u00ebt\u00eb moment t\u00eb v\u00ebshtir\u00eb\u201d, thuhet n\u00eb reagimin e U.d. Presidentes Haxhiu.<\/p>\n\n\n\n<p>Tutje theksohet se Republika e Kosov\u00ebs d\u00ebnon \u00e7do akt dhune dhe q\u00ebndron pran\u00eb Shteteve t\u00eb Bashkuara t\u00eb Amerik\u00ebs, partnerit dhe aleatit t\u00eb saj strategjik.<\/p>\n","protected":false},"excerpt":{"rendered":"<p>U.d. Presidentja e Republik\u00ebs s\u00eb Kosov\u00ebs, Albulena Haxhiu, ka reaguar pas sulmit t\u00eb ndodhur n\u00eb Dark\u00ebn e Korrespondent\u00ebve t\u00eb Sht\u00ebpis\u00eb s\u00eb Bardh\u00eb n\u00eb Uashington. N\u00eb reagimin e saj, U.d. Presidentja Haxhiu shprehu solidaritet me popullin amerikan dhe leht\u00ebsim q\u00eb Presidenti Donald Trump, Zonja e Par\u00eb dhe t\u00eb gjith\u00eb t\u00eb pranishmit jan\u00eb jasht\u00eb rrezikut. \u201cPas sulmit [&hellip;]<\/p>\n","protected":false},"author":4,"featured_media":11864,"comment_status":"open","ping_status":"open","sticky":false,"template":"","format":"standard","meta":{"footnotes":""},"categories":[31,30],"tags":[],"class_list":{"0":"post-11863","1":"post","2":"type-post","3":"status-publish","4":"format-standard","5":"has-post-thumbnail","7":"category-kosove","8":"category-lajme"},"yoast_head":"<!-- This site is optimized with the Yoast SEO plugin v27.4 - https:\/\/yoast.com\/product\/yoast-seo-wordpress\/ -->\n<title>U.d. Presidentja shpreh solidaritet me SHBA-n\u00eb pas sulmit n\u00eb Uashington - Kosova Times<\/title>\n<meta name=\"robots\" content=\"index, follow, max-snippet:-1, max-image-preview:large, max-video-preview:-1\" \/>\n<link rel=\"canonical\" href=\"https:\/\/kosovatimes.info\/index.php\/2026\/04\/26\/u-d-presidentja-shpreh-solidaritet-me-shba-ne-pas-sulmit-ne-uashington\/\" \/>\n<meta property=\"og:locale\" content=\"en_US\" \/>\n<meta property=\"og:type\" content=\"article\" \/>\n<meta property=\"og:title\" content=\"U.d. Presidentja shpreh solidaritet me SHBA-n\u00eb pas sulmit n\u00eb Uashington - Kosova Times\" \/>\n<meta property=\"og:description\" content=\"U.d. Presidentja e Republik\u00ebs s\u00eb Kosov\u00ebs, Albulena Haxhiu, ka reaguar pas sulmit t\u00eb ndodhur n\u00eb Dark\u00ebn e Korrespondent\u00ebve t\u00eb Sht\u00ebpis\u00eb s\u00eb Bardh\u00eb n\u00eb Uashington. N\u00eb reagimin e saj, U.d. Presidentja Haxhiu shprehu solidaritet me popullin amerikan dhe leht\u00ebsim q\u00eb Presidenti Donald Trump, Zonja e Par\u00eb dhe t\u00eb gjith\u00eb t\u00eb pranishmit jan\u00eb jasht\u00eb rrezikut. \u201cPas sulmit [&hellip;]\" \/>\n<meta property=\"og:url\" content=\"https:\/\/kosovatimes.info\/index.php\/2026\/04\/26\/u-d-presidentja-shpreh-solidaritet-me-shba-ne-pas-sulmit-ne-uashington\/\" \/>\n<meta property=\"og:site_name\" content=\"Kosova Times\" \/>\n<meta property=\"article:published_time\" content=\"2026-04-26T15:50:00+00:00\" \/>\n<meta property=\"article:modified_time\" content=\"2026-04-26T17:09:29+00:00\" \/>\n<meta property=\"og:image\" content=\"https:\/\/kosovatimes.info\/wp-content\/uploads\/2026\/04\/Albulena-3.jpg\" \/>\n\t<meta property=\"og:image:width\" content=\"780\" \/>\n\t<meta property=\"og:image:height\" content=\"500\" \/>\n\t<meta property=\"og:image:type\" content=\"image\/jpeg\" \/>\n<meta name=\"author\" content=\"i l\" \/>\n<meta name=\"twitter:card\" content=\"summary_large_image\" \/>\n<meta name=\"twitter:label1\" content=\"Written by\" \/>\n\t<meta name=\"twitter:data1\" content=\"i l\" \/>\n\t<meta name=\"twitter:label2\" content=\"Est. reading time\" \/>\n\t<meta name=\"twitter:data2\" content=\"1 minute\" \/>\n<script type=\"application\/ld+json\" class=\"yoast-schema-graph\">{\"@context\":\"https:\\\/\\\/schema.org\",\"@graph\":[{\"@type\":\"Article\",\"@id\":\"https:\\\/\\\/kosovatimes.info\\\/index.php\\\/2026\\\/04\\\/26\\\/u-d-presidentja-shpreh-solidaritet-me-shba-ne-pas-sulmit-ne-uashington\\\/#article\",\"isPartOf\":{\"@id\":\"https:\\\/\\\/kosovatimes.info\\\/index.php\\\/2026\\\/04\\\/26\\\/u-d-presidentja-shpreh-solidaritet-me-shba-ne-pas-sulmit-ne-uashington\\\/\"},\"author\":{\"name\":\"i l\",\"@id\":\"https:\\\/\\\/kosovatimes.info\\\/#\\\/schema\\\/person\\\/7586712b9c512fe68085de007378c915\"},\"headline\":\"U.d. Presidentja shpreh solidaritet me SHBA-n\u00eb pas sulmit n\u00eb Uashington\",\"datePublished\":\"2026-04-26T15:50:00+00:00\",\"dateModified\":\"2026-04-26T17:09:29+00:00\",\"mainEntityOfPage\":{\"@id\":\"https:\\\/\\\/kosovatimes.info\\\/index.php\\\/2026\\\/04\\\/26\\\/u-d-presidentja-shpreh-solidaritet-me-shba-ne-pas-sulmit-ne-uashington\\\/\"},\"wordCount\":167,\"commentCount\":0,\"image\":{\"@id\":\"https:\\\/\\\/kosovatimes.info\\\/index.php\\\/2026\\\/04\\\/26\\\/u-d-presidentja-shpreh-solidaritet-me-shba-ne-pas-sulmit-ne-uashington\\\/#primaryimage\"},\"thumbnailUrl\":\"https:\\\/\\\/kosovatimes.info\\\/wp-content\\\/uploads\\\/2026\\\/04\\\/Albulena-3.jpg\",\"articleSection\":[\"Kosov\u00eb\",\"Lajme\"],\"inLanguage\":\"en-US\",\"potentialAction\":[{\"@type\":\"CommentAction\",\"name\":\"Comment\",\"target\":[\"https:\\\/\\\/kosovatimes.info\\\/index.php\\\/2026\\\/04\\\/26\\\/u-d-presidentja-shpreh-solidaritet-me-shba-ne-pas-sulmit-ne-uashington\\\/#respond\"]}]},{\"@type\":\"WebPage\",\"@id\":\"https:\\\/\\\/kosovatimes.info\\\/index.php\\\/2026\\\/04\\\/26\\\/u-d-presidentja-shpreh-solidaritet-me-shba-ne-pas-sulmit-ne-uashington\\\/\",\"url\":\"https:\\\/\\\/kosovatimes.info\\\/index.php\\\/2026\\\/04\\\/26\\\/u-d-presidentja-shpreh-solidaritet-me-shba-ne-pas-sulmit-ne-uashington\\\/\",\"name\":\"U.d. Presidentja shpreh solidaritet me SHBA-n\u00eb pas sulmit n\u00eb Uashington - Kosova Times\",\"isPartOf\":{\"@id\":\"https:\\\/\\\/kosovatimes.info\\\/#website\"},\"primaryImageOfPage\":{\"@id\":\"https:\\\/\\\/kosovatimes.info\\\/index.php\\\/2026\\\/04\\\/26\\\/u-d-presidentja-shpreh-solidaritet-me-shba-ne-pas-sulmit-ne-uashington\\\/#primaryimage\"},\"image\":{\"@id\":\"https:\\\/\\\/kosovatimes.info\\\/index.php\\\/2026\\\/04\\\/26\\\/u-d-presidentja-shpreh-solidaritet-me-shba-ne-pas-sulmit-ne-uashington\\\/#primaryimage\"},\"thumbnailUrl\":\"https:\\\/\\\/kosovatimes.info\\\/wp-content\\\/uploads\\\/2026\\\/04\\\/Albulena-3.jpg\",\"datePublished\":\"2026-04-26T15:50:00+00:00\",\"dateModified\":\"2026-04-26T17:09:29+00:00\",\"author\":{\"@id\":\"https:\\\/\\\/kosovatimes.info\\\/#\\\/schema\\\/person\\\/7586712b9c512fe68085de007378c915\"},\"breadcrumb\":{\"@id\":\"https:\\\/\\\/kosovatimes.info\\\/index.php\\\/2026\\\/04\\\/26\\\/u-d-presidentja-shpreh-solidaritet-me-shba-ne-pas-sulmit-ne-uashington\\\/#breadcrumb\"},\"inLanguage\":\"en-US\",\"potentialAction\":[{\"@type\":\"ReadAction\",\"target\":[\"https:\\\/\\\/kosovatimes.info\\\/index.php\\\/2026\\\/04\\\/26\\\/u-d-presidentja-shpreh-solidaritet-me-shba-ne-pas-sulmit-ne-uashington\\\/\"]}]},{\"@type\":\"ImageObject\",\"inLanguage\":\"en-US\",\"@id\":\"https:\\\/\\\/kosovatimes.info\\\/index.php\\\/2026\\\/04\\\/26\\\/u-d-presidentja-shpreh-solidaritet-me-shba-ne-pas-sulmit-ne-uashington\\\/#primaryimage\",\"url\":\"https:\\\/\\\/kosovatimes.info\\\/wp-content\\\/uploads\\\/2026\\\/04\\\/Albulena-3.jpg\",\"contentUrl\":\"https:\\\/\\\/kosovatimes.info\\\/wp-content\\\/uploads\\\/2026\\\/04\\\/Albulena-3.jpg\",\"width\":780,\"height\":500},{\"@type\":\"BreadcrumbList\",\"@id\":\"https:\\\/\\\/kosovatimes.info\\\/index.php\\\/2026\\\/04\\\/26\\\/u-d-presidentja-shpreh-solidaritet-me-shba-ne-pas-sulmit-ne-uashington\\\/#breadcrumb\",\"itemListElement\":[{\"@type\":\"ListItem\",\"position\":1,\"name\":\"Home\",\"item\":\"https:\\\/\\\/kosovatimes.info\\\/\"},{\"@type\":\"ListItem\",\"position\":2,\"name\":\"U.d. Presidentja shpreh solidaritet me SHBA-n\u00eb pas sulmit n\u00eb Uashington\"}]},{\"@type\":\"WebSite\",\"@id\":\"https:\\\/\\\/kosovatimes.info\\\/#website\",\"url\":\"https:\\\/\\\/kosovatimes.info\\\/\",\"name\":\"Kosova Times\",\"description\":\"\",\"potentialAction\":[{\"@type\":\"SearchAction\",\"target\":{\"@type\":\"EntryPoint\",\"urlTemplate\":\"https:\\\/\\\/kosovatimes.info\\\/?s={search_term_string}\"},\"query-input\":{\"@type\":\"PropertyValueSpecification\",\"valueRequired\":true,\"valueName\":\"search_term_string\"}}],\"inLanguage\":\"en-US\"},{\"@type\":\"Person\",\"@id\":\"https:\\\/\\\/kosovatimes.info\\\/#\\\/schema\\\/person\\\/7586712b9c512fe68085de007378c915\",\"name\":\"i l\",\"image\":{\"@type\":\"ImageObject\",\"inLanguage\":\"en-US\",\"@id\":\"https:\\\/\\\/secure.gravatar.com\\\/avatar\\\/bad9296e02816160ae2e2435beda58222022298d5625d49fea74d18816fbb31d?s=96&d=mm&r=g\",\"url\":\"https:\\\/\\\/secure.gravatar.com\\\/avatar\\\/bad9296e02816160ae2e2435beda58222022298d5625d49fea74d18816fbb31d?s=96&d=mm&r=g\",\"contentUrl\":\"https:\\\/\\\/secure.gravatar.com\\\/avatar\\\/bad9296e02816160ae2e2435beda58222022298d5625d49fea74d18816fbb31d?s=96&d=mm&r=g\",\"caption\":\"i l\"},\"url\":\"https:\\\/\\\/kosovatimes.info\\\/index.php\\\/author\\\/iliri\\\/\"}]}<\/script>\n<!-- \/ Yoast SEO plugin. -->","yoast_head_json":{"title":"U.d. Presidentja shpreh solidaritet me SHBA-n\u00eb pas sulmit n\u00eb Uashington - Kosova Times","robots":{"index":"index","follow":"follow","max-snippet":"max-snippet:-1","max-image-preview":"max-image-preview:large","max-video-preview":"max-video-preview:-1"},"canonical":"https:\/\/kosovatimes.info\/index.php\/2026\/04\/26\/u-d-presidentja-shpreh-solidaritet-me-shba-ne-pas-sulmit-ne-uashington\/","og_locale":"en_US","og_type":"article","og_title":"U.d. Presidentja shpreh solidaritet me SHBA-n\u00eb pas sulmit n\u00eb Uashington - Kosova Times","og_description":"U.d. Presidentja e Republik\u00ebs s\u00eb Kosov\u00ebs, Albulena Haxhiu, ka reaguar pas sulmit t\u00eb ndodhur n\u00eb Dark\u00ebn e Korrespondent\u00ebve t\u00eb Sht\u00ebpis\u00eb s\u00eb Bardh\u00eb n\u00eb Uashington. N\u00eb reagimin e saj, U.d. Presidentja Haxhiu shprehu solidaritet me popullin amerikan dhe leht\u00ebsim q\u00eb Presidenti Donald Trump, Zonja e Par\u00eb dhe t\u00eb gjith\u00eb t\u00eb pranishmit jan\u00eb jasht\u00eb rrezikut. \u201cPas sulmit [&hellip;]","og_url":"https:\/\/kosovatimes.info\/index.php\/2026\/04\/26\/u-d-presidentja-shpreh-solidaritet-me-shba-ne-pas-sulmit-ne-uashington\/","og_site_name":"Kosova Times","article_published_time":"2026-04-26T15:50:00+00:00","article_modified_time":"2026-04-26T17:09:29+00:00","og_image":[{"width":780,"height":500,"url":"https:\/\/kosovatimes.info\/wp-content\/uploads\/2026\/04\/Albulena-3.jpg","type":"image\/jpeg"}],"author":"i l","twitter_card":"summary_large_image","twitter_misc":{"Written by":"i l","Est. reading time":"1 minute"},"schema":{"@context":"https:\/\/schema.org","@graph":[{"@type":"Article","@id":"https:\/\/kosovatimes.info\/index.php\/2026\/04\/26\/u-d-presidentja-shpreh-solidaritet-me-shba-ne-pas-sulmit-ne-uashington\/#article","isPartOf":{"@id":"https:\/\/kosovatimes.info\/index.php\/2026\/04\/26\/u-d-presidentja-shpreh-solidaritet-me-shba-ne-pas-sulmit-ne-uashington\/"},"author":{"name":"i l","@id":"https:\/\/kosovatimes.info\/#\/schema\/person\/7586712b9c512fe68085de007378c915"},"headline":"U.d. Presidentja shpreh solidaritet me SHBA-n\u00eb pas sulmit n\u00eb Uashington","datePublished":"2026-04-26T15:50:00+00:00","dateModified":"2026-04-26T17:09:29+00:00","mainEntityOfPage":{"@id":"https:\/\/kosovatimes.info\/index.php\/2026\/04\/26\/u-d-presidentja-shpreh-solidaritet-me-shba-ne-pas-sulmit-ne-uashington\/"},"wordCount":167,"commentCount":0,"image":{"@id":"https:\/\/kosovatimes.info\/index.php\/2026\/04\/26\/u-d-presidentja-shpreh-solidaritet-me-shba-ne-pas-sulmit-ne-uashington\/#primaryimage"},"thumbnailUrl":"https:\/\/kosovatimes.info\/wp-content\/uploads\/2026\/04\/Albulena-3.jpg","articleSection":["Kosov\u00eb","Lajme"],"inLanguage":"en-US","potentialAction":[{"@type":"CommentAction","name":"Comment","target":["https:\/\/kosovatimes.info\/index.php\/2026\/04\/26\/u-d-presidentja-shpreh-solidaritet-me-shba-ne-pas-sulmit-ne-uashington\/#respond"]}]},{"@type":"WebPage","@id":"https:\/\/kosovatimes.info\/index.php\/2026\/04\/26\/u-d-presidentja-shpreh-solidaritet-me-shba-ne-pas-sulmit-ne-uashington\/","url":"https:\/\/kosovatimes.info\/index.php\/2026\/04\/26\/u-d-presidentja-shpreh-solidaritet-me-shba-ne-pas-sulmit-ne-uashington\/","name":"U.d. Presidentja shpreh solidaritet me SHBA-n\u00eb pas sulmit n\u00eb Uashington - Kosova Times","isPartOf":{"@id":"https:\/\/kosovatimes.info\/#website"},"primaryImageOfPage":{"@id":"https:\/\/kosovatimes.info\/index.php\/2026\/04\/26\/u-d-presidentja-shpreh-solidaritet-me-shba-ne-pas-sulmit-ne-uashington\/#primaryimage"},"image":{"@id":"https:\/\/kosovatimes.info\/index.php\/2026\/04\/26\/u-d-presidentja-shpreh-solidaritet-me-shba-ne-pas-sulmit-ne-uashington\/#primaryimage"},"thumbnailUrl":"https:\/\/kosovatimes.info\/wp-content\/uploads\/2026\/04\/Albulena-3.jpg","datePublished":"2026-04-26T15:50:00+00:00","dateModified":"2026-04-26T17:09:29+00:00","author":{"@id":"https:\/\/kosovatimes.info\/#\/schema\/person\/7586712b9c512fe68085de007378c915"},"breadcrumb":{"@id":"https:\/\/kosovatimes.info\/index.php\/2026\/04\/26\/u-d-presidentja-shpreh-solidaritet-me-shba-ne-pas-sulmit-ne-uashington\/#breadcrumb"},"inLanguage":"en-US","potentialAction":[{"@type":"ReadAction","target":["https:\/\/kosovatimes.info\/index.php\/2026\/04\/26\/u-d-presidentja-shpreh-solidaritet-me-shba-ne-pas-sulmit-ne-uashington\/"]}]},{"@type":"ImageObject","inLanguage":"en-US","@id":"https:\/\/kosovatimes.info\/index.php\/2026\/04\/26\/u-d-presidentja-shpreh-solidaritet-me-shba-ne-pas-sulmit-ne-uashington\/#primaryimage","url":"https:\/\/kosovatimes.info\/wp-content\/uploads\/2026\/04\/Albulena-3.jpg","contentUrl":"https:\/\/kosovatimes.info\/wp-content\/uploads\/2026\/04\/Albulena-3.jpg","width":780,"height":500},{"@type":"BreadcrumbList","@id":"https:\/\/kosovatimes.info\/index.php\/2026\/04\/26\/u-d-presidentja-shpreh-solidaritet-me-shba-ne-pas-sulmit-ne-uashington\/#breadcrumb","itemListElement":[{"@type":"ListItem","position":1,"name":"Home","item":"https:\/\/kosovatimes.info\/"},{"@type":"ListItem","position":2,"name":"U.d. Presidentja shpreh solidaritet me SHBA-n\u00eb pas sulmit n\u00eb Uashington"}]},{"@type":"WebSite","@id":"https:\/\/kosovatimes.info\/#website","url":"https:\/\/kosovatimes.info\/","name":"Kosova Times","description":"","potentialAction":[{"@type":"SearchAction","target":{"@type":"EntryPoint","urlTemplate":"https:\/\/kosovatimes.info\/?s={search_term_string}"},"query-input":{"@type":"PropertyValueSpecification","valueRequired":true,"valueName":"search_term_string"}}],"inLanguage":"en-US"},{"@type":"Person","@id":"https:\/\/kosovatimes.info\/#\/schema\/person\/7586712b9c512fe68085de007378c915","name":"i l","image":{"@type":"ImageObject","inLanguage":"en-US","@id":"https:\/\/secure.gravatar.com\/avatar\/bad9296e02816160ae2e2435beda58222022298d5625d49fea74d18816fbb31d?s=96&d=mm&r=g","url":"https:\/\/secure.gravatar.com\/avatar\/bad9296e02816160ae2e2435beda58222022298d5625d49fea74d18816fbb31d?s=96&d=mm&r=g","contentUrl":"https:\/\/secure.gravatar.com\/avatar\/bad9296e02816160ae2e2435beda58222022298d5625d49fea74d18816fbb31d?s=96&d=mm&r=g","caption":"i l"},"url":"https:\/\/kosovatimes.info\/index.php\/author\/iliri\/"}]}},"_links":{"self":[{"href":"https:\/\/kosovatimes.info\/index.php\/wp-json\/wp\/v2\/posts\/11863","targetHints":{"allow":["GET"]}}],"collection":[{"href":"https:\/\/kosovatimes.info\/index.php\/wp-json\/wp\/v2\/posts"}],"about":[{"href":"https:\/\/kosovatimes.info\/index.php\/wp-json\/wp\/v2\/types\/post"}],"author":[{"embeddable":true,"href":"https:\/\/kosovatimes.info\/index.php\/wp-json\/wp\/v2\/users\/4"}],"replies":[{"embeddable":true,"href":"https:\/\/kosovatimes.info\/index.php\/wp-json\/wp\/v2\/comments?post=11863"}],"version-history":[{"count":1,"href":"https:\/\/kosovatimes.info\/index.php\/wp-json\/wp\/v2\/posts\/11863\/revisions"}],"predecessor-version":[{"id":11865,"href":"https:\/\/kosovatimes.info\/index.php\/wp-json\/wp\/v2\/posts\/11863\/revisions\/11865"}],"wp:featuredmedia":[{"embeddable":true,"href":"https:\/\/kosovatimes.info\/index.php\/wp-json\/wp\/v2\/media\/11864"}],"wp:attachment":[{"href":"https:\/\/kosovatimes.info\/index.php\/wp-json\/wp\/v2\/media?parent=11863"}],"wp:term":[{"taxonomy":"category","embeddable":true,"href":"https:\/\/kosovatimes.info\/index.php\/wp-json\/wp\/v2\/categories?post=11863"},{"taxonomy":"post_tag","embeddable":true,"href":"https:\/\/kosovatimes.info\/index.php\/wp-json\/wp\/v2\/tags?post=11863"}],"curies":[{"name":"wp","href":"https:\/\/api.w.org\/{rel}","templated":true}]}}