{"id":11870,"date":"2026-04-26T18:35:00","date_gmt":"2026-04-26T16:35:00","guid":{"rendered":"https:\/\/kosovatimes.info\/?p=11870"},"modified":"2026-04-26T19:12:02","modified_gmt":"2026-04-26T17:12:02","slug":"begaj-bostoni-mbeshtetje-e-forte-per-shqiperine-e-kosoven","status":"publish","type":"post","link":"https:\/\/kosovatimes.info\/index.php\/2026\/04\/26\/begaj-bostoni-mbeshtetje-e-forte-per-shqiperine-e-kosoven\/","title":{"rendered":"Begaj: Bostoni, mb\u00ebshtetje e fort\u00eb p\u00ebr Shqip\u00ebrin\u00eb e Kosov\u00ebn"},"content":{"rendered":"\n<p><a target=\"_blank\" href=\"https:\/\/www.linkedin.com\/shareArticle?mini=true&amp;url=https%3A%2F%2Fwww.rtklive.com%2Fsq%2Fnews-single.php%3FID%3D723157\" rel=\"noreferrer noopener\"><\/a><\/p>\n\n\n\n<h2 class=\"wp-block-heading\"><strong>Presidenti i Shqip\u00ebris\u00eb, Bajram Begaj ka zhvilluar nj\u00eb vizit\u00eb n\u00eb Boston, ku \u00ebsht\u00eb pritur nga autoritetet m\u00eb t\u00eb larta vendore dhe zhvilloi takime me p\u00ebrfaq\u00ebsues institucional\u00eb dhe komunitetin shqiptar.<\/strong><\/h2>\n\n\n\n<p>Gjat\u00eb vizit\u00ebs, Presidenti Begaj u takua me z\u00ebvend\u00ebsguvernatoren e Massachusetts, Maura Healey, kryetar\u00eb bashkish dhe p\u00ebrfaq\u00ebsues t\u00eb institucioneve vendore n\u00eb zonat ku jetojn\u00eb dhe punojn\u00eb shqiptar\u00ebt, duke vler\u00ebsuar marr\u00ebdh\u00ebniet e ngushta mes Shqip\u00ebris\u00eb dhe Shteteve t\u00eb Bashkuara.<\/p>\n\n\n\n<p>Nga ana e tij, kryetari i Bashkis\u00eb s\u00eb Worcester-it, Joe Petty, i dor\u00ebzoi Presidentit Begaj \u00c7el\u00ebsin e Qytetit.<\/p>\n\n\n\n<p>Presidenti vizitoi gjithashtu Katedralen \u201cSh\u00ebn Gjergji\u201d n\u00eb Boston, Bibliotek\u00ebn e Fan Nolit dhe Kish\u00ebn Ortodokse Shqiptare \u201cSh\u00ebn Maria\u201d.<\/p>\n\n\n\n<p>N\u00eb Qendr\u00ebn Komunitare Shqiptare n\u00eb Beverly, ai u prit nga kryetari i bashkis\u00eb s\u00eb Beverly, Michael P. Cahill dhe qindra shqiptar\u00eb nga t\u00eb gjitha trevat shqipfol\u00ebse, n\u00eb nj\u00eb takim q\u00eb mori karakterin e nj\u00eb feste t\u00eb v\u00ebrtet\u00eb t\u00eb diaspor\u00ebs.<\/p>\n\n\n\n<p>N\u00eb fjal\u00ebn e tij, Presidenti Begaj vuri theksin te r\u00ebnd\u00ebsia historike e Bostonit p\u00ebr shqiptar\u00ebt dhe roli i diaspor\u00ebs n\u00eb form\u00ebsimin e shtetit shqiptar.<\/p>\n\n\n\n<p>\u201cBostoni p\u00ebr ne shqiptar\u00ebt \u00ebsht\u00eb nj\u00eb vend me kujtes\u00eb. Nj\u00eb vend ku historia jon\u00eb nuk \u00ebsht\u00eb vet\u00ebm n\u00eb libra, por n\u00eb njer\u00ebz, n\u00eb familje, n\u00eb institucione dhe n\u00eb komunitetin q\u00eb ju e keni nd\u00ebrtuar me pun\u00eb dhe p\u00ebrkushtim,\u201d&nbsp;u shpreh Presidenti Begaj.<\/p>\n\n\n\n<p>Ai shtoi se n\u00eb k\u00ebt\u00eb qytet jan\u00eb hedhur themelet e r\u00ebnd\u00ebsishme p\u00ebr \u00e7\u00ebshtjen shqiptare dhe orientimin per\u00ebndimor t\u00eb vendit.<\/p>\n\n\n\n<p>\u201cK\u00ebtu jan\u00eb folur ide t\u00eb hershme p\u00ebr shtetin, kombin dhe orientimin ton\u00eb per\u00ebndimor. Nga diaspora e hershme, nga koha e Fan Nolit, deri te familjet q\u00eb kan\u00eb ardhur n\u00eb vitet \u201990, ky komunitet ka qen\u00eb gjithmon\u00eb nj\u00eb z\u00eb i fort\u00eb n\u00eb mb\u00ebshtetje t\u00eb Shqip\u00ebris\u00eb dhe Kosov\u00ebs,\u201d&nbsp; vler\u00ebsoi Presidenti.<\/p>\n\n\n\n<p>Duke folur p\u00ebr rrug\u00ebtimin e emigrant\u00ebve shqiptar\u00eb, Presidenti theksoi sakrificat dhe sukseset e tyre.<\/p>\n\n\n\n<p>\u201cShum\u00eb prej jush e dini nga p\u00ebrvoja personale se \u00e7far\u00eb do t\u00eb thot\u00eb t\u00eb largohesh nga vendi. Por ajo q\u00eb \u00ebsht\u00eb m\u00eb e r\u00ebnd\u00ebsishme \u00ebsht\u00eb se nuk e keni harruar kurr\u00eb prej nga vini. Keni ruajtur gjuh\u00ebn, tradit\u00ebn dhe lidhjen me Shqip\u00ebrin\u00eb dhe Kosov\u00ebn,\u201d u shpreh Begaj.<\/p>\n\n\n\n<p>Ai n\u00ebnvizoi se shqiptar\u00ebt jan\u00eb pjes\u00eb aktive e shoq\u00ebris\u00eb amerikane dhe nj\u00eb histori suksesi n\u00eb shum\u00eb fusha.<\/p>\n\n\n\n<p>N\u00eb p\u00ebrfundim, Begaj theksoi nevoj\u00ebn p\u00ebr nj\u00eb lidhje m\u00eb t\u00eb fort\u00eb mes shtetit dhe diaspor\u00ebs.<\/p>\n\n\n\n<p>\u201cNe kemi kaluar shum\u00eb si komb dhe kemi nj\u00eb mund\u00ebsi t\u00eb re p\u00ebr t\u00eb nd\u00ebrtuar t\u00eb ardhmen. Kjo nuk b\u00ebhet vet\u00ebm nga brenda vendit, por bashk\u00eb me ju. Ju nuk jeni larg Shqip\u00ebris\u00eb, jeni pjes\u00eb e saj,\u201d deklaroi Presidenti.<\/p>\n\n\n\n<p>Ai shtoi se kjo lidhje duhet t\u00eb forcohet dhe t\u00eb kthehet n\u00eb bashk\u00ebpunim konkret n\u00eb sh\u00ebrbim t\u00eb zhvillimit t\u00eb vendit.<\/p>\n\n\n\n<p>\u201cLe ta forcojm\u00eb k\u00ebt\u00eb lidhje, me besim, respekt dhe vizion t\u00eb p\u00ebrbashk\u00ebt,\u201d p\u00ebrfundoi Presidenti Begaj.<\/p>\n","protected":false},"excerpt":{"rendered":"<p>Presidenti i Shqip\u00ebris\u00eb, Bajram Begaj ka zhvilluar nj\u00eb vizit\u00eb n\u00eb Boston, ku \u00ebsht\u00eb pritur nga autoritetet m\u00eb t\u00eb larta vendore dhe zhvilloi takime me p\u00ebrfaq\u00ebsues institucional\u00eb dhe komunitetin shqiptar. Gjat\u00eb vizit\u00ebs, Presidenti Begaj u takua me z\u00ebvend\u00ebsguvernatoren e Massachusetts, Maura Healey, kryetar\u00eb bashkish dhe p\u00ebrfaq\u00ebsues t\u00eb institucioneve vendore n\u00eb zonat ku jetojn\u00eb dhe punojn\u00eb shqiptar\u00ebt, [&hellip;]<\/p>\n","protected":false},"author":4,"featured_media":11871,"comment_status":"open","ping_status":"open","sticky":false,"template":"","format":"standard","meta":{"footnotes":""},"categories":[30,32],"tags":[],"class_list":{"0":"post-11870","1":"post","2":"type-post","3":"status-publish","4":"format-standard","5":"has-post-thumbnail","7":"category-lajme","8":"category-rajon"},"yoast_head":"<!-- This site is optimized with the Yoast SEO plugin v27.4 - https:\/\/yoast.com\/product\/yoast-seo-wordpress\/ -->\n<title>Begaj: Bostoni, mb\u00ebshtetje e fort\u00eb p\u00ebr Shqip\u00ebrin\u00eb e Kosov\u00ebn - Kosova Times<\/title>\n<meta name=\"robots\" content=\"index, follow, max-snippet:-1, max-image-preview:large, max-video-preview:-1\" \/>\n<link rel=\"canonical\" href=\"https:\/\/kosovatimes.info\/index.php\/2026\/04\/26\/begaj-bostoni-mbeshtetje-e-forte-per-shqiperine-e-kosoven\/\" \/>\n<meta property=\"og:locale\" content=\"en_US\" \/>\n<meta property=\"og:type\" content=\"article\" \/>\n<meta property=\"og:title\" content=\"Begaj: Bostoni, mb\u00ebshtetje e fort\u00eb p\u00ebr Shqip\u00ebrin\u00eb e Kosov\u00ebn - Kosova Times\" \/>\n<meta property=\"og:description\" content=\"Presidenti i Shqip\u00ebris\u00eb, Bajram Begaj ka zhvilluar nj\u00eb vizit\u00eb n\u00eb Boston, ku \u00ebsht\u00eb pritur nga autoritetet m\u00eb t\u00eb larta vendore dhe zhvilloi takime me p\u00ebrfaq\u00ebsues institucional\u00eb dhe komunitetin shqiptar. Gjat\u00eb vizit\u00ebs, Presidenti Begaj u takua me z\u00ebvend\u00ebsguvernatoren e Massachusetts, Maura Healey, kryetar\u00eb bashkish dhe p\u00ebrfaq\u00ebsues t\u00eb institucioneve vendore n\u00eb zonat ku jetojn\u00eb dhe punojn\u00eb shqiptar\u00ebt, [&hellip;]\" \/>\n<meta property=\"og:url\" content=\"https:\/\/kosovatimes.info\/index.php\/2026\/04\/26\/begaj-bostoni-mbeshtetje-e-forte-per-shqiperine-e-kosoven\/\" \/>\n<meta property=\"og:site_name\" content=\"Kosova Times\" \/>\n<meta property=\"article:published_time\" content=\"2026-04-26T16:35:00+00:00\" \/>\n<meta property=\"article:modified_time\" content=\"2026-04-26T17:12:02+00:00\" \/>\n<meta property=\"og:image\" content=\"https:\/\/kosovatimes.info\/wp-content\/uploads\/2026\/04\/Bajram.jpg\" \/>\n\t<meta property=\"og:image:width\" content=\"780\" \/>\n\t<meta property=\"og:image:height\" content=\"500\" \/>\n\t<meta property=\"og:image:type\" content=\"image\/jpeg\" \/>\n<meta name=\"author\" content=\"i l\" \/>\n<meta name=\"twitter:card\" content=\"summary_large_image\" \/>\n<meta name=\"twitter:label1\" content=\"Written by\" \/>\n\t<meta name=\"twitter:data1\" content=\"i l\" \/>\n\t<meta name=\"twitter:label2\" content=\"Est. reading time\" \/>\n\t<meta name=\"twitter:data2\" content=\"3 minutes\" \/>\n<script type=\"application\/ld+json\" class=\"yoast-schema-graph\">{\"@context\":\"https:\\\/\\\/schema.org\",\"@graph\":[{\"@type\":\"Article\",\"@id\":\"https:\\\/\\\/kosovatimes.info\\\/index.php\\\/2026\\\/04\\\/26\\\/begaj-bostoni-mbeshtetje-e-forte-per-shqiperine-e-kosoven\\\/#article\",\"isPartOf\":{\"@id\":\"https:\\\/\\\/kosovatimes.info\\\/index.php\\\/2026\\\/04\\\/26\\\/begaj-bostoni-mbeshtetje-e-forte-per-shqiperine-e-kosoven\\\/\"},\"author\":{\"name\":\"i l\",\"@id\":\"https:\\\/\\\/kosovatimes.info\\\/#\\\/schema\\\/person\\\/7586712b9c512fe68085de007378c915\"},\"headline\":\"Begaj: Bostoni, mb\u00ebshtetje e fort\u00eb p\u00ebr Shqip\u00ebrin\u00eb e Kosov\u00ebn\",\"datePublished\":\"2026-04-26T16:35:00+00:00\",\"dateModified\":\"2026-04-26T17:12:02+00:00\",\"mainEntityOfPage\":{\"@id\":\"https:\\\/\\\/kosovatimes.info\\\/index.php\\\/2026\\\/04\\\/26\\\/begaj-bostoni-mbeshtetje-e-forte-per-shqiperine-e-kosoven\\\/\"},\"wordCount\":532,\"commentCount\":0,\"image\":{\"@id\":\"https:\\\/\\\/kosovatimes.info\\\/index.php\\\/2026\\\/04\\\/26\\\/begaj-bostoni-mbeshtetje-e-forte-per-shqiperine-e-kosoven\\\/#primaryimage\"},\"thumbnailUrl\":\"https:\\\/\\\/kosovatimes.info\\\/wp-content\\\/uploads\\\/2026\\\/04\\\/Bajram.jpg\",\"articleSection\":[\"Lajme\",\"Rajon\"],\"inLanguage\":\"en-US\",\"potentialAction\":[{\"@type\":\"CommentAction\",\"name\":\"Comment\",\"target\":[\"https:\\\/\\\/kosovatimes.info\\\/index.php\\\/2026\\\/04\\\/26\\\/begaj-bostoni-mbeshtetje-e-forte-per-shqiperine-e-kosoven\\\/#respond\"]}]},{\"@type\":\"WebPage\",\"@id\":\"https:\\\/\\\/kosovatimes.info\\\/index.php\\\/2026\\\/04\\\/26\\\/begaj-bostoni-mbeshtetje-e-forte-per-shqiperine-e-kosoven\\\/\",\"url\":\"https:\\\/\\\/kosovatimes.info\\\/index.php\\\/2026\\\/04\\\/26\\\/begaj-bostoni-mbeshtetje-e-forte-per-shqiperine-e-kosoven\\\/\",\"name\":\"Begaj: Bostoni, mb\u00ebshtetje e fort\u00eb p\u00ebr Shqip\u00ebrin\u00eb e Kosov\u00ebn - Kosova Times\",\"isPartOf\":{\"@id\":\"https:\\\/\\\/kosovatimes.info\\\/#website\"},\"primaryImageOfPage\":{\"@id\":\"https:\\\/\\\/kosovatimes.info\\\/index.php\\\/2026\\\/04\\\/26\\\/begaj-bostoni-mbeshtetje-e-forte-per-shqiperine-e-kosoven\\\/#primaryimage\"},\"image\":{\"@id\":\"https:\\\/\\\/kosovatimes.info\\\/index.php\\\/2026\\\/04\\\/26\\\/begaj-bostoni-mbeshtetje-e-forte-per-shqiperine-e-kosoven\\\/#primaryimage\"},\"thumbnailUrl\":\"https:\\\/\\\/kosovatimes.info\\\/wp-content\\\/uploads\\\/2026\\\/04\\\/Bajram.jpg\",\"datePublished\":\"2026-04-26T16:35:00+00:00\",\"dateModified\":\"2026-04-26T17:12:02+00:00\",\"author\":{\"@id\":\"https:\\\/\\\/kosovatimes.info\\\/#\\\/schema\\\/person\\\/7586712b9c512fe68085de007378c915\"},\"breadcrumb\":{\"@id\":\"https:\\\/\\\/kosovatimes.info\\\/index.php\\\/2026\\\/04\\\/26\\\/begaj-bostoni-mbeshtetje-e-forte-per-shqiperine-e-kosoven\\\/#breadcrumb\"},\"inLanguage\":\"en-US\",\"potentialAction\":[{\"@type\":\"ReadAction\",\"target\":[\"https:\\\/\\\/kosovatimes.info\\\/index.php\\\/2026\\\/04\\\/26\\\/begaj-bostoni-mbeshtetje-e-forte-per-shqiperine-e-kosoven\\\/\"]}]},{\"@type\":\"ImageObject\",\"inLanguage\":\"en-US\",\"@id\":\"https:\\\/\\\/kosovatimes.info\\\/index.php\\\/2026\\\/04\\\/26\\\/begaj-bostoni-mbeshtetje-e-forte-per-shqiperine-e-kosoven\\\/#primaryimage\",\"url\":\"https:\\\/\\\/kosovatimes.info\\\/wp-content\\\/uploads\\\/2026\\\/04\\\/Bajram.jpg\",\"contentUrl\":\"https:\\\/\\\/kosovatimes.info\\\/wp-content\\\/uploads\\\/2026\\\/04\\\/Bajram.jpg\",\"width\":780,\"height\":500},{\"@type\":\"BreadcrumbList\",\"@id\":\"https:\\\/\\\/kosovatimes.info\\\/index.php\\\/2026\\\/04\\\/26\\\/begaj-bostoni-mbeshtetje-e-forte-per-shqiperine-e-kosoven\\\/#breadcrumb\",\"itemListElement\":[{\"@type\":\"ListItem\",\"position\":1,\"name\":\"Home\",\"item\":\"https:\\\/\\\/kosovatimes.info\\\/\"},{\"@type\":\"ListItem\",\"position\":2,\"name\":\"Begaj: Bostoni, mb\u00ebshtetje e fort\u00eb p\u00ebr Shqip\u00ebrin\u00eb e Kosov\u00ebn\"}]},{\"@type\":\"WebSite\",\"@id\":\"https:\\\/\\\/kosovatimes.info\\\/#website\",\"url\":\"https:\\\/\\\/kosovatimes.info\\\/\",\"name\":\"Kosova Times\",\"description\":\"\",\"potentialAction\":[{\"@type\":\"SearchAction\",\"target\":{\"@type\":\"EntryPoint\",\"urlTemplate\":\"https:\\\/\\\/kosovatimes.info\\\/?s={search_term_string}\"},\"query-input\":{\"@type\":\"PropertyValueSpecification\",\"valueRequired\":true,\"valueName\":\"search_term_string\"}}],\"inLanguage\":\"en-US\"},{\"@type\":\"Person\",\"@id\":\"https:\\\/\\\/kosovatimes.info\\\/#\\\/schema\\\/person\\\/7586712b9c512fe68085de007378c915\",\"name\":\"i l\",\"image\":{\"@type\":\"ImageObject\",\"inLanguage\":\"en-US\",\"@id\":\"https:\\\/\\\/secure.gravatar.com\\\/avatar\\\/bad9296e02816160ae2e2435beda58222022298d5625d49fea74d18816fbb31d?s=96&d=mm&r=g\",\"url\":\"https:\\\/\\\/secure.gravatar.com\\\/avatar\\\/bad9296e02816160ae2e2435beda58222022298d5625d49fea74d18816fbb31d?s=96&d=mm&r=g\",\"contentUrl\":\"https:\\\/\\\/secure.gravatar.com\\\/avatar\\\/bad9296e02816160ae2e2435beda58222022298d5625d49fea74d18816fbb31d?s=96&d=mm&r=g\",\"caption\":\"i l\"},\"url\":\"https:\\\/\\\/kosovatimes.info\\\/index.php\\\/author\\\/iliri\\\/\"}]}<\/script>\n<!-- \/ Yoast SEO plugin. -->","yoast_head_json":{"title":"Begaj: Bostoni, mb\u00ebshtetje e fort\u00eb p\u00ebr Shqip\u00ebrin\u00eb e Kosov\u00ebn - Kosova Times","robots":{"index":"index","follow":"follow","max-snippet":"max-snippet:-1","max-image-preview":"max-image-preview:large","max-video-preview":"max-video-preview:-1"},"canonical":"https:\/\/kosovatimes.info\/index.php\/2026\/04\/26\/begaj-bostoni-mbeshtetje-e-forte-per-shqiperine-e-kosoven\/","og_locale":"en_US","og_type":"article","og_title":"Begaj: Bostoni, mb\u00ebshtetje e fort\u00eb p\u00ebr Shqip\u00ebrin\u00eb e Kosov\u00ebn - Kosova Times","og_description":"Presidenti i Shqip\u00ebris\u00eb, Bajram Begaj ka zhvilluar nj\u00eb vizit\u00eb n\u00eb Boston, ku \u00ebsht\u00eb pritur nga autoritetet m\u00eb t\u00eb larta vendore dhe zhvilloi takime me p\u00ebrfaq\u00ebsues institucional\u00eb dhe komunitetin shqiptar. Gjat\u00eb vizit\u00ebs, Presidenti Begaj u takua me z\u00ebvend\u00ebsguvernatoren e Massachusetts, Maura Healey, kryetar\u00eb bashkish dhe p\u00ebrfaq\u00ebsues t\u00eb institucioneve vendore n\u00eb zonat ku jetojn\u00eb dhe punojn\u00eb shqiptar\u00ebt, [&hellip;]","og_url":"https:\/\/kosovatimes.info\/index.php\/2026\/04\/26\/begaj-bostoni-mbeshtetje-e-forte-per-shqiperine-e-kosoven\/","og_site_name":"Kosova Times","article_published_time":"2026-04-26T16:35:00+00:00","article_modified_time":"2026-04-26T17:12:02+00:00","og_image":[{"width":780,"height":500,"url":"https:\/\/kosovatimes.info\/wp-content\/uploads\/2026\/04\/Bajram.jpg","type":"image\/jpeg"}],"author":"i l","twitter_card":"summary_large_image","twitter_misc":{"Written by":"i l","Est. reading time":"3 minutes"},"schema":{"@context":"https:\/\/schema.org","@graph":[{"@type":"Article","@id":"https:\/\/kosovatimes.info\/index.php\/2026\/04\/26\/begaj-bostoni-mbeshtetje-e-forte-per-shqiperine-e-kosoven\/#article","isPartOf":{"@id":"https:\/\/kosovatimes.info\/index.php\/2026\/04\/26\/begaj-bostoni-mbeshtetje-e-forte-per-shqiperine-e-kosoven\/"},"author":{"name":"i l","@id":"https:\/\/kosovatimes.info\/#\/schema\/person\/7586712b9c512fe68085de007378c915"},"headline":"Begaj: Bostoni, mb\u00ebshtetje e fort\u00eb p\u00ebr Shqip\u00ebrin\u00eb e Kosov\u00ebn","datePublished":"2026-04-26T16:35:00+00:00","dateModified":"2026-04-26T17:12:02+00:00","mainEntityOfPage":{"@id":"https:\/\/kosovatimes.info\/index.php\/2026\/04\/26\/begaj-bostoni-mbeshtetje-e-forte-per-shqiperine-e-kosoven\/"},"wordCount":532,"commentCount":0,"image":{"@id":"https:\/\/kosovatimes.info\/index.php\/2026\/04\/26\/begaj-bostoni-mbeshtetje-e-forte-per-shqiperine-e-kosoven\/#primaryimage"},"thumbnailUrl":"https:\/\/kosovatimes.info\/wp-content\/uploads\/2026\/04\/Bajram.jpg","articleSection":["Lajme","Rajon"],"inLanguage":"en-US","potentialAction":[{"@type":"CommentAction","name":"Comment","target":["https:\/\/kosovatimes.info\/index.php\/2026\/04\/26\/begaj-bostoni-mbeshtetje-e-forte-per-shqiperine-e-kosoven\/#respond"]}]},{"@type":"WebPage","@id":"https:\/\/kosovatimes.info\/index.php\/2026\/04\/26\/begaj-bostoni-mbeshtetje-e-forte-per-shqiperine-e-kosoven\/","url":"https:\/\/kosovatimes.info\/index.php\/2026\/04\/26\/begaj-bostoni-mbeshtetje-e-forte-per-shqiperine-e-kosoven\/","name":"Begaj: Bostoni, mb\u00ebshtetje e fort\u00eb p\u00ebr Shqip\u00ebrin\u00eb e Kosov\u00ebn - Kosova Times","isPartOf":{"@id":"https:\/\/kosovatimes.info\/#website"},"primaryImageOfPage":{"@id":"https:\/\/kosovatimes.info\/index.php\/2026\/04\/26\/begaj-bostoni-mbeshtetje-e-forte-per-shqiperine-e-kosoven\/#primaryimage"},"image":{"@id":"https:\/\/kosovatimes.info\/index.php\/2026\/04\/26\/begaj-bostoni-mbeshtetje-e-forte-per-shqiperine-e-kosoven\/#primaryimage"},"thumbnailUrl":"https:\/\/kosovatimes.info\/wp-content\/uploads\/2026\/04\/Bajram.jpg","datePublished":"2026-04-26T16:35:00+00:00","dateModified":"2026-04-26T17:12:02+00:00","author":{"@id":"https:\/\/kosovatimes.info\/#\/schema\/person\/7586712b9c512fe68085de007378c915"},"breadcrumb":{"@id":"https:\/\/kosovatimes.info\/index.php\/2026\/04\/26\/begaj-bostoni-mbeshtetje-e-forte-per-shqiperine-e-kosoven\/#breadcrumb"},"inLanguage":"en-US","potentialAction":[{"@type":"ReadAction","target":["https:\/\/kosovatimes.info\/index.php\/2026\/04\/26\/begaj-bostoni-mbeshtetje-e-forte-per-shqiperine-e-kosoven\/"]}]},{"@type":"ImageObject","inLanguage":"en-US","@id":"https:\/\/kosovatimes.info\/index.php\/2026\/04\/26\/begaj-bostoni-mbeshtetje-e-forte-per-shqiperine-e-kosoven\/#primaryimage","url":"https:\/\/kosovatimes.info\/wp-content\/uploads\/2026\/04\/Bajram.jpg","contentUrl":"https:\/\/kosovatimes.info\/wp-content\/uploads\/2026\/04\/Bajram.jpg","width":780,"height":500},{"@type":"BreadcrumbList","@id":"https:\/\/kosovatimes.info\/index.php\/2026\/04\/26\/begaj-bostoni-mbeshtetje-e-forte-per-shqiperine-e-kosoven\/#breadcrumb","itemListElement":[{"@type":"ListItem","position":1,"name":"Home","item":"https:\/\/kosovatimes.info\/"},{"@type":"ListItem","position":2,"name":"Begaj: Bostoni, mb\u00ebshtetje e fort\u00eb p\u00ebr Shqip\u00ebrin\u00eb e Kosov\u00ebn"}]},{"@type":"WebSite","@id":"https:\/\/kosovatimes.info\/#website","url":"https:\/\/kosovatimes.info\/","name":"Kosova Times","description":"","potentialAction":[{"@type":"SearchAction","target":{"@type":"EntryPoint","urlTemplate":"https:\/\/kosovatimes.info\/?s={search_term_string}"},"query-input":{"@type":"PropertyValueSpecification","valueRequired":true,"valueName":"search_term_string"}}],"inLanguage":"en-US"},{"@type":"Person","@id":"https:\/\/kosovatimes.info\/#\/schema\/person\/7586712b9c512fe68085de007378c915","name":"i l","image":{"@type":"ImageObject","inLanguage":"en-US","@id":"https:\/\/secure.gravatar.com\/avatar\/bad9296e02816160ae2e2435beda58222022298d5625d49fea74d18816fbb31d?s=96&d=mm&r=g","url":"https:\/\/secure.gravatar.com\/avatar\/bad9296e02816160ae2e2435beda58222022298d5625d49fea74d18816fbb31d?s=96&d=mm&r=g","contentUrl":"https:\/\/secure.gravatar.com\/avatar\/bad9296e02816160ae2e2435beda58222022298d5625d49fea74d18816fbb31d?s=96&d=mm&r=g","caption":"i l"},"url":"https:\/\/kosovatimes.info\/index.php\/author\/iliri\/"}]}},"_links":{"self":[{"href":"https:\/\/kosovatimes.info\/index.php\/wp-json\/wp\/v2\/posts\/11870","targetHints":{"allow":["GET"]}}],"collection":[{"href":"https:\/\/kosovatimes.info\/index.php\/wp-json\/wp\/v2\/posts"}],"about":[{"href":"https:\/\/kosovatimes.info\/index.php\/wp-json\/wp\/v2\/types\/post"}],"author":[{"embeddable":true,"href":"https:\/\/kosovatimes.info\/index.php\/wp-json\/wp\/v2\/users\/4"}],"replies":[{"embeddable":true,"href":"https:\/\/kosovatimes.info\/index.php\/wp-json\/wp\/v2\/comments?post=11870"}],"version-history":[{"count":1,"href":"https:\/\/kosovatimes.info\/index.php\/wp-json\/wp\/v2\/posts\/11870\/revisions"}],"predecessor-version":[{"id":11872,"href":"https:\/\/kosovatimes.info\/index.php\/wp-json\/wp\/v2\/posts\/11870\/revisions\/11872"}],"wp:featuredmedia":[{"embeddable":true,"href":"https:\/\/kosovatimes.info\/index.php\/wp-json\/wp\/v2\/media\/11871"}],"wp:attachment":[{"href":"https:\/\/kosovatimes.info\/index.php\/wp-json\/wp\/v2\/media?parent=11870"}],"wp:term":[{"taxonomy":"category","embeddable":true,"href":"https:\/\/kosovatimes.info\/index.php\/wp-json\/wp\/v2\/categories?post=11870"},{"taxonomy":"post_tag","embeddable":true,"href":"https:\/\/kosovatimes.info\/index.php\/wp-json\/wp\/v2\/tags?post=11870"}],"curies":[{"name":"wp","href":"https:\/\/api.w.org\/{rel}","templated":true}]}}