{"id":11878,"date":"2026-04-26T21:09:00","date_gmt":"2026-04-26T19:09:00","guid":{"rendered":"https:\/\/kosovatimes.info\/?p=11878"},"modified":"2026-04-26T22:36:29","modified_gmt":"2026-04-26T20:36:29","slug":"perurohet-dokumenti-shkencor-per-luften-e-uck-se-ne-drenoc-te-rahovecit","status":"publish","type":"post","link":"https:\/\/kosovatimes.info\/index.php\/2026\/04\/26\/perurohet-dokumenti-shkencor-per-luften-e-uck-se-ne-drenoc-te-rahovecit\/","title":{"rendered":"P\u00ebrurohet dokumenti shkencor p\u00ebr luft\u00ebn e U\u00c7K-s\u00eb n\u00eb Drenoc t\u00eb Rahovecit"},"content":{"rendered":"\n<p><a target=\"_blank\" href=\"https:\/\/www.linkedin.com\/shareArticle?mini=true&amp;url=https%3A%2F%2Fwww.rtklive.com%2Fsq%2Fnews-single.php%3FID%3D723163\" rel=\"noreferrer noopener\"><\/a><\/p>\n\n\n\n<h2 class=\"wp-block-heading\"><strong>Me tem\u00ebn r\u00ebnd\u00ebsia e luft\u00ebs s\u00eb U\u00c7K-s\u00eb n\u00eb Zon\u00ebn Operative t\u00eb Pashtrikut n\u00eb Drenoc, m\u00eb 26 prill 1998, \u00ebsht\u00eb shnd\u00ebrruar n\u00eb nj\u00eb dokument shkencor t\u00eb p\u00ebruruar sot n\u00eb p\u00ebrvjetorin e daljes publike t\u00eb U\u00c7K-s\u00eb n\u00eb k\u00ebt\u00eb zon\u00eb.<\/strong><\/h2>\n\n\n\n<p>\u201cMe q\u00ebllim t\u00eb dokumentimit dhe t\u00eb ofrimit t\u00eb nj\u00eb pamjeje m\u00eb t\u00eb qart\u00eb t\u00eb k\u00ebsaj lufte, n\u00eb k\u00ebt\u00eb tryez\u00eb shkencore u paraqit\u00ebn disa kumtesa nga personalitete t\u00eb bot\u00ebs akademike dhe ushtarake shqiptare. Argumentet historike t\u00eb paraqitura prekin edhe dimensionin shkencor, ngaq\u00eb nj\u00eb luft\u00eb e p\u00ebrmasave t\u00eb tilla nuk mund t\u00eb mos ket\u00eb edhe komponentin shkencor luftarak-taktik brenda vetes\u201d, tha Qemail Krasniqi, kryeredaktor i librit.<\/p>\n\n\n\n<p>\u201cDalja publike e Ushtris\u00eb \u00c7lirimtare t\u00eb Kosov\u00ebs n\u00eb Zon\u00ebn Operative t\u00eb Pashtrikut, k\u00ebtu n\u00eb Drenoc, ishte nj\u00eb nga ato ngjarje q\u00eb i dhan\u00eb drejtim historis\u00eb. E gjith\u00eb Anadrinia u mobilizua dhe entuziazmi ishte i madh. Pleq dhe plaka me lot n\u00eb sy i shihnin bijt\u00eb e bijat e tyre me arm\u00eb n\u00eb krah, t\u00eb gatsh\u00ebm p\u00ebr sakrific\u00eb e flijim p\u00ebr liri. Ishte dita e shum\u00ebpritur\u201d, tha Smajl Latifi, kryetar i Komun\u00ebs s\u00eb Rahovecit.<\/p>\n\n\n\n<p>Nj\u00eb k\u00ebndv\u00ebshtrim mbi librin u dha edhe nga profesori Fatmir Arifi.<\/p>\n\n\n\n<p>\u201cKy v\u00ebllim, me akte studimore, p\u00ebrb\u00ebn nj\u00eb kontribut t\u00eb r\u00ebnd\u00ebsish\u00ebm n\u00eb fush\u00ebn e historiografis\u00eb s\u00eb luft\u00ebs \u00e7lirimtare t\u00eb Kosov\u00ebs, duke ofruar nj\u00eb analiz\u00eb t\u00eb thelluar, t\u00eb shumanshme dhe t\u00eb mir\u00ebstrukturuar t\u00eb zhvillimeve politike, ushtarake dhe shoq\u00ebrore t\u00eb viteve &#8217;90-ta\u201d, tha ai.<\/p>\n\n\n\n<p>P\u00ebr k\u00ebt\u00eb dat\u00eb t\u00eb r\u00ebnd\u00ebsishme foli dhe ish-komandanti i Zon\u00ebs s\u00eb Dukagjinit, Ramush Haradinaj.<\/p>\n\n\n\n<p>\u201cPas daljes publike t\u00eb U\u00c7K-s\u00eb n\u00eb Prekaz, Llaush\u00eb, Morin\u00eb e Dukagjin, ka qen\u00eb shum\u00eb e r\u00ebnd\u00ebsishme me u zgjeru lufta shpejt. Pra mos me u vonu shum\u00eb, sepse po t\u00eb vonoheshim, po mos t\u00eb ndodhte Drenoci e po mos t\u00eb zgjerohej lufta, ata do t\u00eb na lokalizonin, do t\u00eb na rrethonin, m\u00eb leht\u00eb do ta kishin me ne\u201d, tha Haradinaj.<\/p>\n\n\n\n<p>M\u00eb 26 prill t\u00eb vitit 1998, djemt\u00eb dhe bijat e Anadrinis\u00eb dol\u00ebn publikisht kund\u00ebr okupatorit serb n\u00eb Drenoc.<\/p>\n","protected":false},"excerpt":{"rendered":"<p>Me tem\u00ebn r\u00ebnd\u00ebsia e luft\u00ebs s\u00eb U\u00c7K-s\u00eb n\u00eb Zon\u00ebn Operative t\u00eb Pashtrikut n\u00eb Drenoc, m\u00eb 26 prill 1998, \u00ebsht\u00eb shnd\u00ebrruar n\u00eb nj\u00eb dokument shkencor t\u00eb p\u00ebruruar sot n\u00eb p\u00ebrvjetorin e daljes publike t\u00eb U\u00c7K-s\u00eb n\u00eb k\u00ebt\u00eb zon\u00eb. \u201cMe q\u00ebllim t\u00eb dokumentimit dhe t\u00eb ofrimit t\u00eb nj\u00eb pamjeje m\u00eb t\u00eb qart\u00eb t\u00eb k\u00ebsaj lufte, n\u00eb k\u00ebt\u00eb [&hellip;]<\/p>\n","protected":false},"author":4,"featured_media":11879,"comment_status":"open","ping_status":"open","sticky":false,"template":"","format":"standard","meta":{"footnotes":""},"categories":[31,30],"tags":[],"class_list":{"0":"post-11878","1":"post","2":"type-post","3":"status-publish","4":"format-standard","5":"has-post-thumbnail","7":"category-kosove","8":"category-lajme"},"yoast_head":"<!-- This site is optimized with the Yoast SEO plugin v27.4 - https:\/\/yoast.com\/product\/yoast-seo-wordpress\/ -->\n<title>P\u00ebrurohet dokumenti shkencor p\u00ebr luft\u00ebn e U\u00c7K-s\u00eb n\u00eb Drenoc t\u00eb Rahovecit - Kosova Times<\/title>\n<meta name=\"robots\" content=\"index, follow, max-snippet:-1, max-image-preview:large, max-video-preview:-1\" \/>\n<link rel=\"canonical\" href=\"https:\/\/kosovatimes.info\/index.php\/2026\/04\/26\/perurohet-dokumenti-shkencor-per-luften-e-uck-se-ne-drenoc-te-rahovecit\/\" \/>\n<meta property=\"og:locale\" content=\"en_US\" \/>\n<meta property=\"og:type\" content=\"article\" \/>\n<meta property=\"og:title\" content=\"P\u00ebrurohet dokumenti shkencor p\u00ebr luft\u00ebn e U\u00c7K-s\u00eb n\u00eb Drenoc t\u00eb Rahovecit - Kosova Times\" \/>\n<meta property=\"og:description\" content=\"Me tem\u00ebn r\u00ebnd\u00ebsia e luft\u00ebs s\u00eb U\u00c7K-s\u00eb n\u00eb Zon\u00ebn Operative t\u00eb Pashtrikut n\u00eb Drenoc, m\u00eb 26 prill 1998, \u00ebsht\u00eb shnd\u00ebrruar n\u00eb nj\u00eb dokument shkencor t\u00eb p\u00ebruruar sot n\u00eb p\u00ebrvjetorin e daljes publike t\u00eb U\u00c7K-s\u00eb n\u00eb k\u00ebt\u00eb zon\u00eb. \u201cMe q\u00ebllim t\u00eb dokumentimit dhe t\u00eb ofrimit t\u00eb nj\u00eb pamjeje m\u00eb t\u00eb qart\u00eb t\u00eb k\u00ebsaj lufte, n\u00eb k\u00ebt\u00eb [&hellip;]\" \/>\n<meta property=\"og:url\" content=\"https:\/\/kosovatimes.info\/index.php\/2026\/04\/26\/perurohet-dokumenti-shkencor-per-luften-e-uck-se-ne-drenoc-te-rahovecit\/\" \/>\n<meta property=\"og:site_name\" content=\"Kosova Times\" \/>\n<meta property=\"article:published_time\" content=\"2026-04-26T19:09:00+00:00\" \/>\n<meta property=\"article:modified_time\" content=\"2026-04-26T20:36:29+00:00\" \/>\n<meta property=\"og:image\" content=\"https:\/\/kosovatimes.info\/wp-content\/uploads\/2026\/04\/drenoc.jpg\" \/>\n\t<meta property=\"og:image:width\" content=\"780\" \/>\n\t<meta property=\"og:image:height\" content=\"500\" \/>\n\t<meta property=\"og:image:type\" content=\"image\/jpeg\" \/>\n<meta name=\"author\" content=\"i l\" \/>\n<meta name=\"twitter:card\" content=\"summary_large_image\" \/>\n<meta name=\"twitter:label1\" content=\"Written by\" \/>\n\t<meta name=\"twitter:data1\" content=\"i l\" \/>\n\t<meta name=\"twitter:label2\" content=\"Est. reading time\" \/>\n\t<meta name=\"twitter:data2\" content=\"2 minutes\" \/>\n<script type=\"application\/ld+json\" class=\"yoast-schema-graph\">{\"@context\":\"https:\\\/\\\/schema.org\",\"@graph\":[{\"@type\":\"Article\",\"@id\":\"https:\\\/\\\/kosovatimes.info\\\/index.php\\\/2026\\\/04\\\/26\\\/perurohet-dokumenti-shkencor-per-luften-e-uck-se-ne-drenoc-te-rahovecit\\\/#article\",\"isPartOf\":{\"@id\":\"https:\\\/\\\/kosovatimes.info\\\/index.php\\\/2026\\\/04\\\/26\\\/perurohet-dokumenti-shkencor-per-luften-e-uck-se-ne-drenoc-te-rahovecit\\\/\"},\"author\":{\"name\":\"i l\",\"@id\":\"https:\\\/\\\/kosovatimes.info\\\/#\\\/schema\\\/person\\\/7586712b9c512fe68085de007378c915\"},\"headline\":\"P\u00ebrurohet dokumenti shkencor p\u00ebr luft\u00ebn e U\u00c7K-s\u00eb n\u00eb Drenoc t\u00eb Rahovecit\",\"datePublished\":\"2026-04-26T19:09:00+00:00\",\"dateModified\":\"2026-04-26T20:36:29+00:00\",\"mainEntityOfPage\":{\"@id\":\"https:\\\/\\\/kosovatimes.info\\\/index.php\\\/2026\\\/04\\\/26\\\/perurohet-dokumenti-shkencor-per-luften-e-uck-se-ne-drenoc-te-rahovecit\\\/\"},\"wordCount\":377,\"commentCount\":0,\"image\":{\"@id\":\"https:\\\/\\\/kosovatimes.info\\\/index.php\\\/2026\\\/04\\\/26\\\/perurohet-dokumenti-shkencor-per-luften-e-uck-se-ne-drenoc-te-rahovecit\\\/#primaryimage\"},\"thumbnailUrl\":\"https:\\\/\\\/kosovatimes.info\\\/wp-content\\\/uploads\\\/2026\\\/04\\\/drenoc.jpg\",\"articleSection\":[\"Kosov\u00eb\",\"Lajme\"],\"inLanguage\":\"en-US\",\"potentialAction\":[{\"@type\":\"CommentAction\",\"name\":\"Comment\",\"target\":[\"https:\\\/\\\/kosovatimes.info\\\/index.php\\\/2026\\\/04\\\/26\\\/perurohet-dokumenti-shkencor-per-luften-e-uck-se-ne-drenoc-te-rahovecit\\\/#respond\"]}]},{\"@type\":\"WebPage\",\"@id\":\"https:\\\/\\\/kosovatimes.info\\\/index.php\\\/2026\\\/04\\\/26\\\/perurohet-dokumenti-shkencor-per-luften-e-uck-se-ne-drenoc-te-rahovecit\\\/\",\"url\":\"https:\\\/\\\/kosovatimes.info\\\/index.php\\\/2026\\\/04\\\/26\\\/perurohet-dokumenti-shkencor-per-luften-e-uck-se-ne-drenoc-te-rahovecit\\\/\",\"name\":\"P\u00ebrurohet dokumenti shkencor p\u00ebr luft\u00ebn e U\u00c7K-s\u00eb n\u00eb Drenoc t\u00eb Rahovecit - Kosova Times\",\"isPartOf\":{\"@id\":\"https:\\\/\\\/kosovatimes.info\\\/#website\"},\"primaryImageOfPage\":{\"@id\":\"https:\\\/\\\/kosovatimes.info\\\/index.php\\\/2026\\\/04\\\/26\\\/perurohet-dokumenti-shkencor-per-luften-e-uck-se-ne-drenoc-te-rahovecit\\\/#primaryimage\"},\"image\":{\"@id\":\"https:\\\/\\\/kosovatimes.info\\\/index.php\\\/2026\\\/04\\\/26\\\/perurohet-dokumenti-shkencor-per-luften-e-uck-se-ne-drenoc-te-rahovecit\\\/#primaryimage\"},\"thumbnailUrl\":\"https:\\\/\\\/kosovatimes.info\\\/wp-content\\\/uploads\\\/2026\\\/04\\\/drenoc.jpg\",\"datePublished\":\"2026-04-26T19:09:00+00:00\",\"dateModified\":\"2026-04-26T20:36:29+00:00\",\"author\":{\"@id\":\"https:\\\/\\\/kosovatimes.info\\\/#\\\/schema\\\/person\\\/7586712b9c512fe68085de007378c915\"},\"breadcrumb\":{\"@id\":\"https:\\\/\\\/kosovatimes.info\\\/index.php\\\/2026\\\/04\\\/26\\\/perurohet-dokumenti-shkencor-per-luften-e-uck-se-ne-drenoc-te-rahovecit\\\/#breadcrumb\"},\"inLanguage\":\"en-US\",\"potentialAction\":[{\"@type\":\"ReadAction\",\"target\":[\"https:\\\/\\\/kosovatimes.info\\\/index.php\\\/2026\\\/04\\\/26\\\/perurohet-dokumenti-shkencor-per-luften-e-uck-se-ne-drenoc-te-rahovecit\\\/\"]}]},{\"@type\":\"ImageObject\",\"inLanguage\":\"en-US\",\"@id\":\"https:\\\/\\\/kosovatimes.info\\\/index.php\\\/2026\\\/04\\\/26\\\/perurohet-dokumenti-shkencor-per-luften-e-uck-se-ne-drenoc-te-rahovecit\\\/#primaryimage\",\"url\":\"https:\\\/\\\/kosovatimes.info\\\/wp-content\\\/uploads\\\/2026\\\/04\\\/drenoc.jpg\",\"contentUrl\":\"https:\\\/\\\/kosovatimes.info\\\/wp-content\\\/uploads\\\/2026\\\/04\\\/drenoc.jpg\",\"width\":780,\"height\":500},{\"@type\":\"BreadcrumbList\",\"@id\":\"https:\\\/\\\/kosovatimes.info\\\/index.php\\\/2026\\\/04\\\/26\\\/perurohet-dokumenti-shkencor-per-luften-e-uck-se-ne-drenoc-te-rahovecit\\\/#breadcrumb\",\"itemListElement\":[{\"@type\":\"ListItem\",\"position\":1,\"name\":\"Home\",\"item\":\"https:\\\/\\\/kosovatimes.info\\\/\"},{\"@type\":\"ListItem\",\"position\":2,\"name\":\"P\u00ebrurohet dokumenti shkencor p\u00ebr luft\u00ebn e U\u00c7K-s\u00eb n\u00eb Drenoc t\u00eb Rahovecit\"}]},{\"@type\":\"WebSite\",\"@id\":\"https:\\\/\\\/kosovatimes.info\\\/#website\",\"url\":\"https:\\\/\\\/kosovatimes.info\\\/\",\"name\":\"Kosova Times\",\"description\":\"\",\"potentialAction\":[{\"@type\":\"SearchAction\",\"target\":{\"@type\":\"EntryPoint\",\"urlTemplate\":\"https:\\\/\\\/kosovatimes.info\\\/?s={search_term_string}\"},\"query-input\":{\"@type\":\"PropertyValueSpecification\",\"valueRequired\":true,\"valueName\":\"search_term_string\"}}],\"inLanguage\":\"en-US\"},{\"@type\":\"Person\",\"@id\":\"https:\\\/\\\/kosovatimes.info\\\/#\\\/schema\\\/person\\\/7586712b9c512fe68085de007378c915\",\"name\":\"i l\",\"image\":{\"@type\":\"ImageObject\",\"inLanguage\":\"en-US\",\"@id\":\"https:\\\/\\\/secure.gravatar.com\\\/avatar\\\/bad9296e02816160ae2e2435beda58222022298d5625d49fea74d18816fbb31d?s=96&d=mm&r=g\",\"url\":\"https:\\\/\\\/secure.gravatar.com\\\/avatar\\\/bad9296e02816160ae2e2435beda58222022298d5625d49fea74d18816fbb31d?s=96&d=mm&r=g\",\"contentUrl\":\"https:\\\/\\\/secure.gravatar.com\\\/avatar\\\/bad9296e02816160ae2e2435beda58222022298d5625d49fea74d18816fbb31d?s=96&d=mm&r=g\",\"caption\":\"i l\"},\"url\":\"https:\\\/\\\/kosovatimes.info\\\/index.php\\\/author\\\/iliri\\\/\"}]}<\/script>\n<!-- \/ Yoast SEO plugin. -->","yoast_head_json":{"title":"P\u00ebrurohet dokumenti shkencor p\u00ebr luft\u00ebn e U\u00c7K-s\u00eb n\u00eb Drenoc t\u00eb Rahovecit - Kosova Times","robots":{"index":"index","follow":"follow","max-snippet":"max-snippet:-1","max-image-preview":"max-image-preview:large","max-video-preview":"max-video-preview:-1"},"canonical":"https:\/\/kosovatimes.info\/index.php\/2026\/04\/26\/perurohet-dokumenti-shkencor-per-luften-e-uck-se-ne-drenoc-te-rahovecit\/","og_locale":"en_US","og_type":"article","og_title":"P\u00ebrurohet dokumenti shkencor p\u00ebr luft\u00ebn e U\u00c7K-s\u00eb n\u00eb Drenoc t\u00eb Rahovecit - Kosova Times","og_description":"Me tem\u00ebn r\u00ebnd\u00ebsia e luft\u00ebs s\u00eb U\u00c7K-s\u00eb n\u00eb Zon\u00ebn Operative t\u00eb Pashtrikut n\u00eb Drenoc, m\u00eb 26 prill 1998, \u00ebsht\u00eb shnd\u00ebrruar n\u00eb nj\u00eb dokument shkencor t\u00eb p\u00ebruruar sot n\u00eb p\u00ebrvjetorin e daljes publike t\u00eb U\u00c7K-s\u00eb n\u00eb k\u00ebt\u00eb zon\u00eb. \u201cMe q\u00ebllim t\u00eb dokumentimit dhe t\u00eb ofrimit t\u00eb nj\u00eb pamjeje m\u00eb t\u00eb qart\u00eb t\u00eb k\u00ebsaj lufte, n\u00eb k\u00ebt\u00eb [&hellip;]","og_url":"https:\/\/kosovatimes.info\/index.php\/2026\/04\/26\/perurohet-dokumenti-shkencor-per-luften-e-uck-se-ne-drenoc-te-rahovecit\/","og_site_name":"Kosova Times","article_published_time":"2026-04-26T19:09:00+00:00","article_modified_time":"2026-04-26T20:36:29+00:00","og_image":[{"width":780,"height":500,"url":"https:\/\/kosovatimes.info\/wp-content\/uploads\/2026\/04\/drenoc.jpg","type":"image\/jpeg"}],"author":"i l","twitter_card":"summary_large_image","twitter_misc":{"Written by":"i l","Est. reading time":"2 minutes"},"schema":{"@context":"https:\/\/schema.org","@graph":[{"@type":"Article","@id":"https:\/\/kosovatimes.info\/index.php\/2026\/04\/26\/perurohet-dokumenti-shkencor-per-luften-e-uck-se-ne-drenoc-te-rahovecit\/#article","isPartOf":{"@id":"https:\/\/kosovatimes.info\/index.php\/2026\/04\/26\/perurohet-dokumenti-shkencor-per-luften-e-uck-se-ne-drenoc-te-rahovecit\/"},"author":{"name":"i l","@id":"https:\/\/kosovatimes.info\/#\/schema\/person\/7586712b9c512fe68085de007378c915"},"headline":"P\u00ebrurohet dokumenti shkencor p\u00ebr luft\u00ebn e U\u00c7K-s\u00eb n\u00eb Drenoc t\u00eb Rahovecit","datePublished":"2026-04-26T19:09:00+00:00","dateModified":"2026-04-26T20:36:29+00:00","mainEntityOfPage":{"@id":"https:\/\/kosovatimes.info\/index.php\/2026\/04\/26\/perurohet-dokumenti-shkencor-per-luften-e-uck-se-ne-drenoc-te-rahovecit\/"},"wordCount":377,"commentCount":0,"image":{"@id":"https:\/\/kosovatimes.info\/index.php\/2026\/04\/26\/perurohet-dokumenti-shkencor-per-luften-e-uck-se-ne-drenoc-te-rahovecit\/#primaryimage"},"thumbnailUrl":"https:\/\/kosovatimes.info\/wp-content\/uploads\/2026\/04\/drenoc.jpg","articleSection":["Kosov\u00eb","Lajme"],"inLanguage":"en-US","potentialAction":[{"@type":"CommentAction","name":"Comment","target":["https:\/\/kosovatimes.info\/index.php\/2026\/04\/26\/perurohet-dokumenti-shkencor-per-luften-e-uck-se-ne-drenoc-te-rahovecit\/#respond"]}]},{"@type":"WebPage","@id":"https:\/\/kosovatimes.info\/index.php\/2026\/04\/26\/perurohet-dokumenti-shkencor-per-luften-e-uck-se-ne-drenoc-te-rahovecit\/","url":"https:\/\/kosovatimes.info\/index.php\/2026\/04\/26\/perurohet-dokumenti-shkencor-per-luften-e-uck-se-ne-drenoc-te-rahovecit\/","name":"P\u00ebrurohet dokumenti shkencor p\u00ebr luft\u00ebn e U\u00c7K-s\u00eb n\u00eb Drenoc t\u00eb Rahovecit - Kosova Times","isPartOf":{"@id":"https:\/\/kosovatimes.info\/#website"},"primaryImageOfPage":{"@id":"https:\/\/kosovatimes.info\/index.php\/2026\/04\/26\/perurohet-dokumenti-shkencor-per-luften-e-uck-se-ne-drenoc-te-rahovecit\/#primaryimage"},"image":{"@id":"https:\/\/kosovatimes.info\/index.php\/2026\/04\/26\/perurohet-dokumenti-shkencor-per-luften-e-uck-se-ne-drenoc-te-rahovecit\/#primaryimage"},"thumbnailUrl":"https:\/\/kosovatimes.info\/wp-content\/uploads\/2026\/04\/drenoc.jpg","datePublished":"2026-04-26T19:09:00+00:00","dateModified":"2026-04-26T20:36:29+00:00","author":{"@id":"https:\/\/kosovatimes.info\/#\/schema\/person\/7586712b9c512fe68085de007378c915"},"breadcrumb":{"@id":"https:\/\/kosovatimes.info\/index.php\/2026\/04\/26\/perurohet-dokumenti-shkencor-per-luften-e-uck-se-ne-drenoc-te-rahovecit\/#breadcrumb"},"inLanguage":"en-US","potentialAction":[{"@type":"ReadAction","target":["https:\/\/kosovatimes.info\/index.php\/2026\/04\/26\/perurohet-dokumenti-shkencor-per-luften-e-uck-se-ne-drenoc-te-rahovecit\/"]}]},{"@type":"ImageObject","inLanguage":"en-US","@id":"https:\/\/kosovatimes.info\/index.php\/2026\/04\/26\/perurohet-dokumenti-shkencor-per-luften-e-uck-se-ne-drenoc-te-rahovecit\/#primaryimage","url":"https:\/\/kosovatimes.info\/wp-content\/uploads\/2026\/04\/drenoc.jpg","contentUrl":"https:\/\/kosovatimes.info\/wp-content\/uploads\/2026\/04\/drenoc.jpg","width":780,"height":500},{"@type":"BreadcrumbList","@id":"https:\/\/kosovatimes.info\/index.php\/2026\/04\/26\/perurohet-dokumenti-shkencor-per-luften-e-uck-se-ne-drenoc-te-rahovecit\/#breadcrumb","itemListElement":[{"@type":"ListItem","position":1,"name":"Home","item":"https:\/\/kosovatimes.info\/"},{"@type":"ListItem","position":2,"name":"P\u00ebrurohet dokumenti shkencor p\u00ebr luft\u00ebn e U\u00c7K-s\u00eb n\u00eb Drenoc t\u00eb Rahovecit"}]},{"@type":"WebSite","@id":"https:\/\/kosovatimes.info\/#website","url":"https:\/\/kosovatimes.info\/","name":"Kosova Times","description":"","potentialAction":[{"@type":"SearchAction","target":{"@type":"EntryPoint","urlTemplate":"https:\/\/kosovatimes.info\/?s={search_term_string}"},"query-input":{"@type":"PropertyValueSpecification","valueRequired":true,"valueName":"search_term_string"}}],"inLanguage":"en-US"},{"@type":"Person","@id":"https:\/\/kosovatimes.info\/#\/schema\/person\/7586712b9c512fe68085de007378c915","name":"i l","image":{"@type":"ImageObject","inLanguage":"en-US","@id":"https:\/\/secure.gravatar.com\/avatar\/bad9296e02816160ae2e2435beda58222022298d5625d49fea74d18816fbb31d?s=96&d=mm&r=g","url":"https:\/\/secure.gravatar.com\/avatar\/bad9296e02816160ae2e2435beda58222022298d5625d49fea74d18816fbb31d?s=96&d=mm&r=g","contentUrl":"https:\/\/secure.gravatar.com\/avatar\/bad9296e02816160ae2e2435beda58222022298d5625d49fea74d18816fbb31d?s=96&d=mm&r=g","caption":"i l"},"url":"https:\/\/kosovatimes.info\/index.php\/author\/iliri\/"}]}},"_links":{"self":[{"href":"https:\/\/kosovatimes.info\/index.php\/wp-json\/wp\/v2\/posts\/11878","targetHints":{"allow":["GET"]}}],"collection":[{"href":"https:\/\/kosovatimes.info\/index.php\/wp-json\/wp\/v2\/posts"}],"about":[{"href":"https:\/\/kosovatimes.info\/index.php\/wp-json\/wp\/v2\/types\/post"}],"author":[{"embeddable":true,"href":"https:\/\/kosovatimes.info\/index.php\/wp-json\/wp\/v2\/users\/4"}],"replies":[{"embeddable":true,"href":"https:\/\/kosovatimes.info\/index.php\/wp-json\/wp\/v2\/comments?post=11878"}],"version-history":[{"count":1,"href":"https:\/\/kosovatimes.info\/index.php\/wp-json\/wp\/v2\/posts\/11878\/revisions"}],"predecessor-version":[{"id":11880,"href":"https:\/\/kosovatimes.info\/index.php\/wp-json\/wp\/v2\/posts\/11878\/revisions\/11880"}],"wp:featuredmedia":[{"embeddable":true,"href":"https:\/\/kosovatimes.info\/index.php\/wp-json\/wp\/v2\/media\/11879"}],"wp:attachment":[{"href":"https:\/\/kosovatimes.info\/index.php\/wp-json\/wp\/v2\/media?parent=11878"}],"wp:term":[{"taxonomy":"category","embeddable":true,"href":"https:\/\/kosovatimes.info\/index.php\/wp-json\/wp\/v2\/categories?post=11878"},{"taxonomy":"post_tag","embeddable":true,"href":"https:\/\/kosovatimes.info\/index.php\/wp-json\/wp\/v2\/tags?post=11878"}],"curies":[{"name":"wp","href":"https:\/\/api.w.org\/{rel}","templated":true}]}}