{"id":11884,"date":"2026-04-26T22:52:57","date_gmt":"2026-04-26T20:52:57","guid":{"rendered":"https:\/\/kosovatimes.info\/?p=11884"},"modified":"2026-04-26T22:52:59","modified_gmt":"2026-04-26T20:52:59","slug":"delegacioni-rus-vizitoi-phenianin-u-ngrit-nje-monument-per-luftetaret-e-korese-se-veriut-te-vrare-ne-ukraine","status":"publish","type":"post","link":"https:\/\/kosovatimes.info\/index.php\/2026\/04\/26\/delegacioni-rus-vizitoi-phenianin-u-ngrit-nje-monument-per-luftetaret-e-korese-se-veriut-te-vrare-ne-ukraine\/","title":{"rendered":"Delegacioni rus vizitoi Phenianin: U ngrit nj\u00eb monument p\u00ebr luft\u00ebtar\u00ebt e Kores\u00eb s\u00eb Veriut t\u00eb vrar\u00eb n\u00eb Ukrain\u00eb"},"content":{"rendered":"\n<p>Dy politikan\u00eb t\u00eb lart\u00eb rus\u00eb vizituan Phenianin gjat\u00eb fundjav\u00ebs, ku zbuluan nj\u00eb memorial p\u00ebr ushtar\u00ebt e Kores\u00eb s\u00eb Veriut q\u00eb vdiq\u00ebn duke luftuar kund\u00ebr Ukrain\u00ebs.Ministri rus i Mbrojtjes, Andrey Belousov, dhe Kryetari i Dum\u00ebs Shtet\u00ebrore, dhoma e ul\u00ebt e parlamentit rus, Vyacheslav Volodin, ishin n\u00eb delegacionin rus q\u00eb vizitoi Koren\u00eb e Veriut.<\/p>\n\n\n\n<p>Belousov dhe Volodin negociuan me udh\u00ebheq\u00ebsin e Kores\u00eb s\u00eb Veriut Kim Jong-un p\u00ebr nj\u00eb marr\u00ebveshje t\u00eb re mbi bashk\u00ebpunimin n\u00eb mbrojtje q\u00eb do t\u00eb jet\u00eb e vlefshme deri n\u00eb vitin 2031. Bashk\u00ebpunimi ushtarak, politik dhe ekonomik i t\u00eb dy vendeve \u00ebsht\u00eb intensifikuar mes pushtimit t\u00eb plot\u00eb t\u00eb Ukrain\u00ebs nga Rusia, me Phenianin q\u00eb i ofroi mb\u00ebshtetje ushtarake Mosk\u00ebs m\u00eb par\u00eb.<\/p>\n\n\n\n<p>&#8220;Ne kemi r\u00ebn\u00eb dakord me Ministrin\u00eb e Mbrojtjes s\u00eb Kores\u00eb s\u00eb Veriut p\u00ebr ta vendosur bashk\u00ebpunimin ton\u00eb ushtarak n\u00eb nj\u00eb baz\u00eb t\u00eb q\u00ebndrueshme. Jemi gati t\u00eb n\u00ebnshkruajm\u00eb k\u00ebt\u00eb vit planin e bashk\u00ebpunimit ushtarak ruso-korean p\u00ebr periudh\u00ebn 2027-2031, n\u00eb nj\u00eb plan afatgjat\u00eb&#8221;, tha Belousov.<\/p>\n\n\n\n<p>Moska dhe Pheniani kan\u00eb n\u00ebnshkruar tashm\u00eb nj\u00eb marr\u00ebveshje mbrojtjeje t\u00eb nd\u00ebrsjell\u00eb n\u00eb vitin 2024.Sipas raportimeve t\u00eb medias, gjat\u00eb vizit\u00ebs s\u00eb delegacionit rus n\u00eb Koren\u00eb e Veriut, videot e publikuara treguan pajisje ushtarake per\u00ebndimore t\u00eb shkat\u00ebrruara n\u00eb ekspozim.<\/p>\n\n\n\n<p>Automjete t\u00eb furnizuara nga NATO-ja q\u00eb jan\u00eb n\u00eb p\u00ebrdorim n\u00eb Ukrain\u00eb &#8211; t\u00eb tilla si Leopard 2A4, AMX-10 dhe M1117 &#8211; thuhet se u pan\u00eb n\u00eb sfond, me sa duket t\u00eb siguruara nga Rusia p\u00ebr ekspozit\u00ebn.<\/p>\n\n\n\n<p>Belousov u dha gjithashtu \u00e7mime ushtarake ushtar\u00ebve t\u00eb Kores\u00eb s\u00eb Veriut q\u00eb luftojn\u00eb forcat ukrainase n\u00eb rajonin kufitar Kursk t\u00eb Rusis\u00eb.<\/p>\n\n\n\n<p>Udh\u00ebheq\u00ebsi i Kores\u00eb s\u00eb Veriut, Kim Jong-un, nd\u00ebrtoi nj\u00eb monument n\u00eb Phenian p\u00ebr ushtar\u00ebt e tij q\u00eb ran\u00eb n\u00eb luft\u00ebn kund\u00ebr Ukrain\u00ebs. Me rastin e hapjes s\u00eb monumentit, Presidenti rus Vladimir Putin d\u00ebrgoi gjithashtu nj\u00eb telegram n\u00eb t\u00eb cilin fal\u00ebnderoi Kim Jong-un dhe ushtar\u00ebt p\u00ebr p\u00ebrpjekjet e tyre p\u00ebr t\u00eb ndihmuar Rusin\u00eb t\u00eb kthej\u00eb rajonin Kursk n\u00ebn kontrollin rus.<\/p>\n\n\n\n<p>Detajet e viktimave t\u00eb trupave t\u00eb Kores\u00eb s\u00eb Veriut q\u00eb luftojn\u00eb p\u00ebr Rusin\u00eb nuk jan\u00eb t\u00eb disponueshme, por Koreja e Jugut shtatorin e kaluar vler\u00ebsoi se deri n\u00eb 2,000 ushtar\u00eb ishin vrar\u00eb.<\/p>\n\n\n\n<figure class=\"wp-block-image size-large\"><img loading=\"lazy\" decoding=\"async\" width=\"1024\" height=\"576\" src=\"https:\/\/kosovatimes.info\/wp-content\/uploads\/2026\/04\/videoframe_31558-1024x576.png\" alt=\"\" class=\"wp-image-11886\" srcset=\"https:\/\/kosovatimes.info\/wp-content\/uploads\/2026\/04\/videoframe_31558-1024x576.png 1024w, https:\/\/kosovatimes.info\/wp-content\/uploads\/2026\/04\/videoframe_31558-300x169.png 300w, https:\/\/kosovatimes.info\/wp-content\/uploads\/2026\/04\/videoframe_31558-768x432.png 768w, https:\/\/kosovatimes.info\/wp-content\/uploads\/2026\/04\/videoframe_31558-1536x864.png 1536w, https:\/\/kosovatimes.info\/wp-content\/uploads\/2026\/04\/videoframe_31558-747x420.png 747w, https:\/\/kosovatimes.info\/wp-content\/uploads\/2026\/04\/videoframe_31558-150x84.png 150w, https:\/\/kosovatimes.info\/wp-content\/uploads\/2026\/04\/videoframe_31558-696x392.png 696w, https:\/\/kosovatimes.info\/wp-content\/uploads\/2026\/04\/videoframe_31558-1068x601.png 1068w, https:\/\/kosovatimes.info\/wp-content\/uploads\/2026\/04\/videoframe_31558.png 1920w\" sizes=\"auto, (max-width: 1024px) 100vw, 1024px\" \/><\/figure>\n","protected":false},"excerpt":{"rendered":"<p>Dy politikan\u00eb t\u00eb lart\u00eb rus\u00eb vizituan Phenianin gjat\u00eb fundjav\u00ebs, ku zbuluan nj\u00eb memorial p\u00ebr ushtar\u00ebt e Kores\u00eb s\u00eb Veriut q\u00eb vdiq\u00ebn duke luftuar kund\u00ebr Ukrain\u00ebs.Ministri rus i Mbrojtjes, Andrey Belousov, dhe Kryetari i Dum\u00ebs Shtet\u00ebrore, dhoma e ul\u00ebt e parlamentit rus, Vyacheslav Volodin, ishin n\u00eb delegacionin rus q\u00eb vizitoi Koren\u00eb e Veriut. Belousov dhe Volodin [&hellip;]<\/p>\n","protected":false},"author":4,"featured_media":11885,"comment_status":"open","ping_status":"open","sticky":false,"template":"","format":"standard","meta":{"footnotes":""},"categories":[33,30],"tags":[],"class_list":{"0":"post-11884","1":"post","2":"type-post","3":"status-publish","4":"format-standard","5":"has-post-thumbnail","7":"category-bote","8":"category-lajme"},"yoast_head":"<!-- This site is optimized with the Yoast SEO plugin v27.4 - https:\/\/yoast.com\/product\/yoast-seo-wordpress\/ -->\n<title>Delegacioni rus vizitoi Phenianin: U ngrit nj\u00eb monument p\u00ebr luft\u00ebtar\u00ebt e Kores\u00eb s\u00eb Veriut t\u00eb vrar\u00eb n\u00eb Ukrain\u00eb - Kosova Times<\/title>\n<meta name=\"robots\" content=\"index, follow, max-snippet:-1, max-image-preview:large, max-video-preview:-1\" \/>\n<link rel=\"canonical\" href=\"https:\/\/kosovatimes.info\/index.php\/2026\/04\/26\/delegacioni-rus-vizitoi-phenianin-u-ngrit-nje-monument-per-luftetaret-e-korese-se-veriut-te-vrare-ne-ukraine\/\" \/>\n<meta property=\"og:locale\" content=\"en_US\" \/>\n<meta property=\"og:type\" content=\"article\" \/>\n<meta property=\"og:title\" content=\"Delegacioni rus vizitoi Phenianin: U ngrit nj\u00eb monument p\u00ebr luft\u00ebtar\u00ebt e Kores\u00eb s\u00eb Veriut t\u00eb vrar\u00eb n\u00eb Ukrain\u00eb - Kosova Times\" \/>\n<meta property=\"og:description\" content=\"Dy politikan\u00eb t\u00eb lart\u00eb rus\u00eb vizituan Phenianin gjat\u00eb fundjav\u00ebs, ku zbuluan nj\u00eb memorial p\u00ebr ushtar\u00ebt e Kores\u00eb s\u00eb Veriut q\u00eb vdiq\u00ebn duke luftuar kund\u00ebr Ukrain\u00ebs.Ministri rus i Mbrojtjes, Andrey Belousov, dhe Kryetari i Dum\u00ebs Shtet\u00ebrore, dhoma e ul\u00ebt e parlamentit rus, Vyacheslav Volodin, ishin n\u00eb delegacionin rus q\u00eb vizitoi Koren\u00eb e Veriut. Belousov dhe Volodin [&hellip;]\" \/>\n<meta property=\"og:url\" content=\"https:\/\/kosovatimes.info\/index.php\/2026\/04\/26\/delegacioni-rus-vizitoi-phenianin-u-ngrit-nje-monument-per-luftetaret-e-korese-se-veriut-te-vrare-ne-ukraine\/\" \/>\n<meta property=\"og:site_name\" content=\"Kosova Times\" \/>\n<meta property=\"article:published_time\" content=\"2026-04-26T20:52:57+00:00\" \/>\n<meta property=\"article:modified_time\" content=\"2026-04-26T20:52:59+00:00\" \/>\n<meta property=\"og:image\" content=\"https:\/\/kosovatimes.info\/wp-content\/uploads\/2026\/04\/kore.webp\" \/>\n\t<meta property=\"og:image:width\" content=\"936\" \/>\n\t<meta property=\"og:image:height\" content=\"577\" \/>\n\t<meta property=\"og:image:type\" content=\"image\/webp\" \/>\n<meta name=\"author\" content=\"i l\" \/>\n<meta name=\"twitter:card\" content=\"summary_large_image\" \/>\n<meta name=\"twitter:label1\" content=\"Written by\" \/>\n\t<meta name=\"twitter:data1\" content=\"i l\" \/>\n\t<meta name=\"twitter:label2\" content=\"Est. reading time\" \/>\n\t<meta name=\"twitter:data2\" content=\"2 minutes\" \/>\n<script type=\"application\/ld+json\" class=\"yoast-schema-graph\">{\"@context\":\"https:\\\/\\\/schema.org\",\"@graph\":[{\"@type\":\"Article\",\"@id\":\"https:\\\/\\\/kosovatimes.info\\\/index.php\\\/2026\\\/04\\\/26\\\/delegacioni-rus-vizitoi-phenianin-u-ngrit-nje-monument-per-luftetaret-e-korese-se-veriut-te-vrare-ne-ukraine\\\/#article\",\"isPartOf\":{\"@id\":\"https:\\\/\\\/kosovatimes.info\\\/index.php\\\/2026\\\/04\\\/26\\\/delegacioni-rus-vizitoi-phenianin-u-ngrit-nje-monument-per-luftetaret-e-korese-se-veriut-te-vrare-ne-ukraine\\\/\"},\"author\":{\"name\":\"i l\",\"@id\":\"https:\\\/\\\/kosovatimes.info\\\/#\\\/schema\\\/person\\\/7586712b9c512fe68085de007378c915\"},\"headline\":\"Delegacioni rus vizitoi Phenianin: U ngrit nj\u00eb monument p\u00ebr luft\u00ebtar\u00ebt e Kores\u00eb s\u00eb Veriut t\u00eb vrar\u00eb n\u00eb Ukrain\u00eb\",\"datePublished\":\"2026-04-26T20:52:57+00:00\",\"dateModified\":\"2026-04-26T20:52:59+00:00\",\"mainEntityOfPage\":{\"@id\":\"https:\\\/\\\/kosovatimes.info\\\/index.php\\\/2026\\\/04\\\/26\\\/delegacioni-rus-vizitoi-phenianin-u-ngrit-nje-monument-per-luftetaret-e-korese-se-veriut-te-vrare-ne-ukraine\\\/\"},\"wordCount\":414,\"commentCount\":0,\"image\":{\"@id\":\"https:\\\/\\\/kosovatimes.info\\\/index.php\\\/2026\\\/04\\\/26\\\/delegacioni-rus-vizitoi-phenianin-u-ngrit-nje-monument-per-luftetaret-e-korese-se-veriut-te-vrare-ne-ukraine\\\/#primaryimage\"},\"thumbnailUrl\":\"https:\\\/\\\/kosovatimes.info\\\/wp-content\\\/uploads\\\/2026\\\/04\\\/kore.webp\",\"articleSection\":[\"Bot\u00eb\",\"Lajme\"],\"inLanguage\":\"en-US\",\"potentialAction\":[{\"@type\":\"CommentAction\",\"name\":\"Comment\",\"target\":[\"https:\\\/\\\/kosovatimes.info\\\/index.php\\\/2026\\\/04\\\/26\\\/delegacioni-rus-vizitoi-phenianin-u-ngrit-nje-monument-per-luftetaret-e-korese-se-veriut-te-vrare-ne-ukraine\\\/#respond\"]}]},{\"@type\":\"WebPage\",\"@id\":\"https:\\\/\\\/kosovatimes.info\\\/index.php\\\/2026\\\/04\\\/26\\\/delegacioni-rus-vizitoi-phenianin-u-ngrit-nje-monument-per-luftetaret-e-korese-se-veriut-te-vrare-ne-ukraine\\\/\",\"url\":\"https:\\\/\\\/kosovatimes.info\\\/index.php\\\/2026\\\/04\\\/26\\\/delegacioni-rus-vizitoi-phenianin-u-ngrit-nje-monument-per-luftetaret-e-korese-se-veriut-te-vrare-ne-ukraine\\\/\",\"name\":\"Delegacioni rus vizitoi Phenianin: U ngrit nj\u00eb monument p\u00ebr luft\u00ebtar\u00ebt e Kores\u00eb s\u00eb Veriut t\u00eb vrar\u00eb n\u00eb Ukrain\u00eb - Kosova Times\",\"isPartOf\":{\"@id\":\"https:\\\/\\\/kosovatimes.info\\\/#website\"},\"primaryImageOfPage\":{\"@id\":\"https:\\\/\\\/kosovatimes.info\\\/index.php\\\/2026\\\/04\\\/26\\\/delegacioni-rus-vizitoi-phenianin-u-ngrit-nje-monument-per-luftetaret-e-korese-se-veriut-te-vrare-ne-ukraine\\\/#primaryimage\"},\"image\":{\"@id\":\"https:\\\/\\\/kosovatimes.info\\\/index.php\\\/2026\\\/04\\\/26\\\/delegacioni-rus-vizitoi-phenianin-u-ngrit-nje-monument-per-luftetaret-e-korese-se-veriut-te-vrare-ne-ukraine\\\/#primaryimage\"},\"thumbnailUrl\":\"https:\\\/\\\/kosovatimes.info\\\/wp-content\\\/uploads\\\/2026\\\/04\\\/kore.webp\",\"datePublished\":\"2026-04-26T20:52:57+00:00\",\"dateModified\":\"2026-04-26T20:52:59+00:00\",\"author\":{\"@id\":\"https:\\\/\\\/kosovatimes.info\\\/#\\\/schema\\\/person\\\/7586712b9c512fe68085de007378c915\"},\"breadcrumb\":{\"@id\":\"https:\\\/\\\/kosovatimes.info\\\/index.php\\\/2026\\\/04\\\/26\\\/delegacioni-rus-vizitoi-phenianin-u-ngrit-nje-monument-per-luftetaret-e-korese-se-veriut-te-vrare-ne-ukraine\\\/#breadcrumb\"},\"inLanguage\":\"en-US\",\"potentialAction\":[{\"@type\":\"ReadAction\",\"target\":[\"https:\\\/\\\/kosovatimes.info\\\/index.php\\\/2026\\\/04\\\/26\\\/delegacioni-rus-vizitoi-phenianin-u-ngrit-nje-monument-per-luftetaret-e-korese-se-veriut-te-vrare-ne-ukraine\\\/\"]}]},{\"@type\":\"ImageObject\",\"inLanguage\":\"en-US\",\"@id\":\"https:\\\/\\\/kosovatimes.info\\\/index.php\\\/2026\\\/04\\\/26\\\/delegacioni-rus-vizitoi-phenianin-u-ngrit-nje-monument-per-luftetaret-e-korese-se-veriut-te-vrare-ne-ukraine\\\/#primaryimage\",\"url\":\"https:\\\/\\\/kosovatimes.info\\\/wp-content\\\/uploads\\\/2026\\\/04\\\/kore.webp\",\"contentUrl\":\"https:\\\/\\\/kosovatimes.info\\\/wp-content\\\/uploads\\\/2026\\\/04\\\/kore.webp\",\"width\":936,\"height\":577},{\"@type\":\"BreadcrumbList\",\"@id\":\"https:\\\/\\\/kosovatimes.info\\\/index.php\\\/2026\\\/04\\\/26\\\/delegacioni-rus-vizitoi-phenianin-u-ngrit-nje-monument-per-luftetaret-e-korese-se-veriut-te-vrare-ne-ukraine\\\/#breadcrumb\",\"itemListElement\":[{\"@type\":\"ListItem\",\"position\":1,\"name\":\"Home\",\"item\":\"https:\\\/\\\/kosovatimes.info\\\/\"},{\"@type\":\"ListItem\",\"position\":2,\"name\":\"Delegacioni rus vizitoi Phenianin: U ngrit nj\u00eb monument p\u00ebr luft\u00ebtar\u00ebt e Kores\u00eb s\u00eb Veriut t\u00eb vrar\u00eb n\u00eb Ukrain\u00eb\"}]},{\"@type\":\"WebSite\",\"@id\":\"https:\\\/\\\/kosovatimes.info\\\/#website\",\"url\":\"https:\\\/\\\/kosovatimes.info\\\/\",\"name\":\"Kosova Times\",\"description\":\"\",\"potentialAction\":[{\"@type\":\"SearchAction\",\"target\":{\"@type\":\"EntryPoint\",\"urlTemplate\":\"https:\\\/\\\/kosovatimes.info\\\/?s={search_term_string}\"},\"query-input\":{\"@type\":\"PropertyValueSpecification\",\"valueRequired\":true,\"valueName\":\"search_term_string\"}}],\"inLanguage\":\"en-US\"},{\"@type\":\"Person\",\"@id\":\"https:\\\/\\\/kosovatimes.info\\\/#\\\/schema\\\/person\\\/7586712b9c512fe68085de007378c915\",\"name\":\"i l\",\"image\":{\"@type\":\"ImageObject\",\"inLanguage\":\"en-US\",\"@id\":\"https:\\\/\\\/secure.gravatar.com\\\/avatar\\\/bad9296e02816160ae2e2435beda58222022298d5625d49fea74d18816fbb31d?s=96&d=mm&r=g\",\"url\":\"https:\\\/\\\/secure.gravatar.com\\\/avatar\\\/bad9296e02816160ae2e2435beda58222022298d5625d49fea74d18816fbb31d?s=96&d=mm&r=g\",\"contentUrl\":\"https:\\\/\\\/secure.gravatar.com\\\/avatar\\\/bad9296e02816160ae2e2435beda58222022298d5625d49fea74d18816fbb31d?s=96&d=mm&r=g\",\"caption\":\"i l\"},\"url\":\"https:\\\/\\\/kosovatimes.info\\\/index.php\\\/author\\\/iliri\\\/\"}]}<\/script>\n<!-- \/ Yoast SEO plugin. -->","yoast_head_json":{"title":"Delegacioni rus vizitoi Phenianin: U ngrit nj\u00eb monument p\u00ebr luft\u00ebtar\u00ebt e Kores\u00eb s\u00eb Veriut t\u00eb vrar\u00eb n\u00eb Ukrain\u00eb - Kosova Times","robots":{"index":"index","follow":"follow","max-snippet":"max-snippet:-1","max-image-preview":"max-image-preview:large","max-video-preview":"max-video-preview:-1"},"canonical":"https:\/\/kosovatimes.info\/index.php\/2026\/04\/26\/delegacioni-rus-vizitoi-phenianin-u-ngrit-nje-monument-per-luftetaret-e-korese-se-veriut-te-vrare-ne-ukraine\/","og_locale":"en_US","og_type":"article","og_title":"Delegacioni rus vizitoi Phenianin: U ngrit nj\u00eb monument p\u00ebr luft\u00ebtar\u00ebt e Kores\u00eb s\u00eb Veriut t\u00eb vrar\u00eb n\u00eb Ukrain\u00eb - Kosova Times","og_description":"Dy politikan\u00eb t\u00eb lart\u00eb rus\u00eb vizituan Phenianin gjat\u00eb fundjav\u00ebs, ku zbuluan nj\u00eb memorial p\u00ebr ushtar\u00ebt e Kores\u00eb s\u00eb Veriut q\u00eb vdiq\u00ebn duke luftuar kund\u00ebr Ukrain\u00ebs.Ministri rus i Mbrojtjes, Andrey Belousov, dhe Kryetari i Dum\u00ebs Shtet\u00ebrore, dhoma e ul\u00ebt e parlamentit rus, Vyacheslav Volodin, ishin n\u00eb delegacionin rus q\u00eb vizitoi Koren\u00eb e Veriut. Belousov dhe Volodin [&hellip;]","og_url":"https:\/\/kosovatimes.info\/index.php\/2026\/04\/26\/delegacioni-rus-vizitoi-phenianin-u-ngrit-nje-monument-per-luftetaret-e-korese-se-veriut-te-vrare-ne-ukraine\/","og_site_name":"Kosova Times","article_published_time":"2026-04-26T20:52:57+00:00","article_modified_time":"2026-04-26T20:52:59+00:00","og_image":[{"width":936,"height":577,"url":"https:\/\/kosovatimes.info\/wp-content\/uploads\/2026\/04\/kore.webp","type":"image\/webp"}],"author":"i l","twitter_card":"summary_large_image","twitter_misc":{"Written by":"i l","Est. reading time":"2 minutes"},"schema":{"@context":"https:\/\/schema.org","@graph":[{"@type":"Article","@id":"https:\/\/kosovatimes.info\/index.php\/2026\/04\/26\/delegacioni-rus-vizitoi-phenianin-u-ngrit-nje-monument-per-luftetaret-e-korese-se-veriut-te-vrare-ne-ukraine\/#article","isPartOf":{"@id":"https:\/\/kosovatimes.info\/index.php\/2026\/04\/26\/delegacioni-rus-vizitoi-phenianin-u-ngrit-nje-monument-per-luftetaret-e-korese-se-veriut-te-vrare-ne-ukraine\/"},"author":{"name":"i l","@id":"https:\/\/kosovatimes.info\/#\/schema\/person\/7586712b9c512fe68085de007378c915"},"headline":"Delegacioni rus vizitoi Phenianin: U ngrit nj\u00eb monument p\u00ebr luft\u00ebtar\u00ebt e Kores\u00eb s\u00eb Veriut t\u00eb vrar\u00eb n\u00eb Ukrain\u00eb","datePublished":"2026-04-26T20:52:57+00:00","dateModified":"2026-04-26T20:52:59+00:00","mainEntityOfPage":{"@id":"https:\/\/kosovatimes.info\/index.php\/2026\/04\/26\/delegacioni-rus-vizitoi-phenianin-u-ngrit-nje-monument-per-luftetaret-e-korese-se-veriut-te-vrare-ne-ukraine\/"},"wordCount":414,"commentCount":0,"image":{"@id":"https:\/\/kosovatimes.info\/index.php\/2026\/04\/26\/delegacioni-rus-vizitoi-phenianin-u-ngrit-nje-monument-per-luftetaret-e-korese-se-veriut-te-vrare-ne-ukraine\/#primaryimage"},"thumbnailUrl":"https:\/\/kosovatimes.info\/wp-content\/uploads\/2026\/04\/kore.webp","articleSection":["Bot\u00eb","Lajme"],"inLanguage":"en-US","potentialAction":[{"@type":"CommentAction","name":"Comment","target":["https:\/\/kosovatimes.info\/index.php\/2026\/04\/26\/delegacioni-rus-vizitoi-phenianin-u-ngrit-nje-monument-per-luftetaret-e-korese-se-veriut-te-vrare-ne-ukraine\/#respond"]}]},{"@type":"WebPage","@id":"https:\/\/kosovatimes.info\/index.php\/2026\/04\/26\/delegacioni-rus-vizitoi-phenianin-u-ngrit-nje-monument-per-luftetaret-e-korese-se-veriut-te-vrare-ne-ukraine\/","url":"https:\/\/kosovatimes.info\/index.php\/2026\/04\/26\/delegacioni-rus-vizitoi-phenianin-u-ngrit-nje-monument-per-luftetaret-e-korese-se-veriut-te-vrare-ne-ukraine\/","name":"Delegacioni rus vizitoi Phenianin: U ngrit nj\u00eb monument p\u00ebr luft\u00ebtar\u00ebt e Kores\u00eb s\u00eb Veriut t\u00eb vrar\u00eb n\u00eb Ukrain\u00eb - Kosova Times","isPartOf":{"@id":"https:\/\/kosovatimes.info\/#website"},"primaryImageOfPage":{"@id":"https:\/\/kosovatimes.info\/index.php\/2026\/04\/26\/delegacioni-rus-vizitoi-phenianin-u-ngrit-nje-monument-per-luftetaret-e-korese-se-veriut-te-vrare-ne-ukraine\/#primaryimage"},"image":{"@id":"https:\/\/kosovatimes.info\/index.php\/2026\/04\/26\/delegacioni-rus-vizitoi-phenianin-u-ngrit-nje-monument-per-luftetaret-e-korese-se-veriut-te-vrare-ne-ukraine\/#primaryimage"},"thumbnailUrl":"https:\/\/kosovatimes.info\/wp-content\/uploads\/2026\/04\/kore.webp","datePublished":"2026-04-26T20:52:57+00:00","dateModified":"2026-04-26T20:52:59+00:00","author":{"@id":"https:\/\/kosovatimes.info\/#\/schema\/person\/7586712b9c512fe68085de007378c915"},"breadcrumb":{"@id":"https:\/\/kosovatimes.info\/index.php\/2026\/04\/26\/delegacioni-rus-vizitoi-phenianin-u-ngrit-nje-monument-per-luftetaret-e-korese-se-veriut-te-vrare-ne-ukraine\/#breadcrumb"},"inLanguage":"en-US","potentialAction":[{"@type":"ReadAction","target":["https:\/\/kosovatimes.info\/index.php\/2026\/04\/26\/delegacioni-rus-vizitoi-phenianin-u-ngrit-nje-monument-per-luftetaret-e-korese-se-veriut-te-vrare-ne-ukraine\/"]}]},{"@type":"ImageObject","inLanguage":"en-US","@id":"https:\/\/kosovatimes.info\/index.php\/2026\/04\/26\/delegacioni-rus-vizitoi-phenianin-u-ngrit-nje-monument-per-luftetaret-e-korese-se-veriut-te-vrare-ne-ukraine\/#primaryimage","url":"https:\/\/kosovatimes.info\/wp-content\/uploads\/2026\/04\/kore.webp","contentUrl":"https:\/\/kosovatimes.info\/wp-content\/uploads\/2026\/04\/kore.webp","width":936,"height":577},{"@type":"BreadcrumbList","@id":"https:\/\/kosovatimes.info\/index.php\/2026\/04\/26\/delegacioni-rus-vizitoi-phenianin-u-ngrit-nje-monument-per-luftetaret-e-korese-se-veriut-te-vrare-ne-ukraine\/#breadcrumb","itemListElement":[{"@type":"ListItem","position":1,"name":"Home","item":"https:\/\/kosovatimes.info\/"},{"@type":"ListItem","position":2,"name":"Delegacioni rus vizitoi Phenianin: U ngrit nj\u00eb monument p\u00ebr luft\u00ebtar\u00ebt e Kores\u00eb s\u00eb Veriut t\u00eb vrar\u00eb n\u00eb Ukrain\u00eb"}]},{"@type":"WebSite","@id":"https:\/\/kosovatimes.info\/#website","url":"https:\/\/kosovatimes.info\/","name":"Kosova Times","description":"","potentialAction":[{"@type":"SearchAction","target":{"@type":"EntryPoint","urlTemplate":"https:\/\/kosovatimes.info\/?s={search_term_string}"},"query-input":{"@type":"PropertyValueSpecification","valueRequired":true,"valueName":"search_term_string"}}],"inLanguage":"en-US"},{"@type":"Person","@id":"https:\/\/kosovatimes.info\/#\/schema\/person\/7586712b9c512fe68085de007378c915","name":"i l","image":{"@type":"ImageObject","inLanguage":"en-US","@id":"https:\/\/secure.gravatar.com\/avatar\/bad9296e02816160ae2e2435beda58222022298d5625d49fea74d18816fbb31d?s=96&d=mm&r=g","url":"https:\/\/secure.gravatar.com\/avatar\/bad9296e02816160ae2e2435beda58222022298d5625d49fea74d18816fbb31d?s=96&d=mm&r=g","contentUrl":"https:\/\/secure.gravatar.com\/avatar\/bad9296e02816160ae2e2435beda58222022298d5625d49fea74d18816fbb31d?s=96&d=mm&r=g","caption":"i l"},"url":"https:\/\/kosovatimes.info\/index.php\/author\/iliri\/"}]}},"_links":{"self":[{"href":"https:\/\/kosovatimes.info\/index.php\/wp-json\/wp\/v2\/posts\/11884","targetHints":{"allow":["GET"]}}],"collection":[{"href":"https:\/\/kosovatimes.info\/index.php\/wp-json\/wp\/v2\/posts"}],"about":[{"href":"https:\/\/kosovatimes.info\/index.php\/wp-json\/wp\/v2\/types\/post"}],"author":[{"embeddable":true,"href":"https:\/\/kosovatimes.info\/index.php\/wp-json\/wp\/v2\/users\/4"}],"replies":[{"embeddable":true,"href":"https:\/\/kosovatimes.info\/index.php\/wp-json\/wp\/v2\/comments?post=11884"}],"version-history":[{"count":1,"href":"https:\/\/kosovatimes.info\/index.php\/wp-json\/wp\/v2\/posts\/11884\/revisions"}],"predecessor-version":[{"id":11887,"href":"https:\/\/kosovatimes.info\/index.php\/wp-json\/wp\/v2\/posts\/11884\/revisions\/11887"}],"wp:featuredmedia":[{"embeddable":true,"href":"https:\/\/kosovatimes.info\/index.php\/wp-json\/wp\/v2\/media\/11885"}],"wp:attachment":[{"href":"https:\/\/kosovatimes.info\/index.php\/wp-json\/wp\/v2\/media?parent=11884"}],"wp:term":[{"taxonomy":"category","embeddable":true,"href":"https:\/\/kosovatimes.info\/index.php\/wp-json\/wp\/v2\/categories?post=11884"},{"taxonomy":"post_tag","embeddable":true,"href":"https:\/\/kosovatimes.info\/index.php\/wp-json\/wp\/v2\/tags?post=11884"}],"curies":[{"name":"wp","href":"https:\/\/api.w.org\/{rel}","templated":true}]}}