{"id":11888,"date":"2026-04-26T22:54:24","date_gmt":"2026-04-26T20:54:24","guid":{"rendered":"https:\/\/kosovatimes.info\/?p=11888"},"modified":"2026-04-26T22:54:27","modified_gmt":"2026-04-26T20:54:27","slug":"a-kane-filluar-te-largohen-oligarket-e-orbanit-nga-vendi-peter-magyar-kritikon-njeriun-me-te-pasur-ne-hungari","status":"publish","type":"post","link":"https:\/\/kosovatimes.info\/index.php\/2026\/04\/26\/a-kane-filluar-te-largohen-oligarket-e-orbanit-nga-vendi-peter-magyar-kritikon-njeriun-me-te-pasur-ne-hungari\/","title":{"rendered":"A kan\u00eb filluar t\u00eb largohen oligark\u00ebt e Orbanit nga vendi? Peter Magyar kritikon njeriun m\u00eb t\u00eb pasur n\u00eb Hungari"},"content":{"rendered":"\n<p>Kryeministri i ardhsh\u00ebm i Hungaris\u00eb, Peter Magyar, i kritikoi p\u00ebrs\u00ebri oligark\u00ebt e mbledhur rreth Viktor Orbanit dhe tha se ka informacion t\u00eb besuesh\u00ebm se ata po largohen nga vendi.Magyar, duke komentuar n\u00eb rrjetin social X rreth situat\u00ebs n\u00eb Hungari, deklaroi se oligark\u00ebt po i zhvendosin parat\u00eb e tyre nga Hungaria n\u00eb vende t\u00eb tjera.<\/p>\n\n\n\n<p>&#8220;Oligark\u00ebt e lidhur me Orb\u00e1n po transferojn\u00eb dhjet\u00ebra miliard\u00eb forinta n\u00eb Emiratet e Bashkuara Arabe, Shtetet e Bashkuara t\u00eb Amerik\u00ebs, Uruguai dhe vende t\u00eb tjera t\u00eb larg\u00ebta. Jam n\u00eb dijeni se Administrata Komb\u00ebtare Hungareze e Taksave dhe Doganave (NAV), bazuar n\u00eb raportet bankare, ka pezulluar disa transferta me vler\u00eb t\u00eb madhe t\u00eb lidhura me rrethin e Antal Rohan p\u00ebr shkak t\u00eb dyshimeve p\u00ebr pastrim parash. I b\u00ebj thirrje menaxhmentit t\u00eb NAV q\u00eb t\u00eb ngrij\u00eb menj\u00ebher\u00eb k\u00ebto fonde t\u00eb vjedhura&#8221;, tha Magyar.<\/p>\n\n\n\n<p>Ai i b\u00ebri thirrje prokuroris\u00eb dhe policis\u00eb q\u00eb t\u00eb veprojn\u00eb.<\/p>\n\n\n\n<p>\u201cEdhe nj\u00eb her\u00eb, i b\u00ebj thirrje kryeprokurorit, kreut t\u00eb policis\u00eb komb\u00ebtare dhe kreut t\u00eb NAV-it q\u00eb t\u00eb ndalojn\u00eb kriminel\u00ebt q\u00eb i kan\u00eb shkaktuar popullit hungarez d\u00ebme prej mij\u00ebra miliarda forintash dhe t\u00eb mos i lejojn\u00eb ata t\u00eb arratisen, para formimit t\u00eb qeveris\u00eb TISZA, n\u00eb vende nga t\u00eb cilat ekstradimi aktualisht nuk \u00ebsht\u00eb i mundur\u201d, tha ai.<\/p>\n\n\n\n<p>Ai theksoi gjithashtu se hungarez\u00ebt e pasur po shesin gjithashtu aksionet e tyre n\u00eb kompanit\u00eb mediatike.<\/p>\n\n\n\n<p>&#8220;Jam gjithashtu n\u00eb dijeni se oligark\u00ebt e lidhur me Orb\u00e1n kan\u00eb filluar t\u00eb shesin TV2 dhe sht\u00ebpi t\u00eb tjera mediatike me \u00e7mime m\u00eb t\u00eb ul\u00ebta se ato t\u00eb tregut, p\u00ebrfshir\u00eb kompanin\u00eb kryesore t\u00eb propagand\u00ebs s\u00eb lidhur me Roh\u00e1n, Lounge Event Kft. U b\u00ebj thirrje investitor\u00ebve t\u00eb p\u00ebrgjegjsh\u00ebm vendas dhe nd\u00ebrkomb\u00ebtar\u00eb q\u00eb t\u00eb p\u00ebrmbahen nga blerja e aseteve t\u00eb lidhura me mafian; p\u00ebrndryshe, ata mund t\u00eb gjenden p\u00ebrball\u00eb Zyr\u00ebs Komb\u00ebtare t\u00eb Rim\u00ebk\u00ebmbjes dhe Mbrojtjes s\u00eb Aseteve&#8221;, tha Magyar.<\/p>\n\n\n\n<p>N\u00eb fund, Magyari e thirri edhe mikun e hersh\u00ebm t\u00eb Orbanit dhe njeriun m\u00eb t\u00eb pasur n\u00eb Hungari, Lorinc Meszaros.<\/p>\n\n\n\n<p>&#8220;Gjithashtu jam informuar se disa familje oligarkike jan\u00eb larguar tashm\u00eb nga vendi dhe se familja Meszaros pritet t\u00eb udh\u00ebtoj\u00eb p\u00ebr n\u00eb Dubai n\u00eb dit\u00ebt n\u00eb vijim. Sipas raportimeve, disa familje oligarkike me ndikim tashm\u00eb i kan\u00eb t\u00ebrhequr f\u00ebmij\u00ebt e tyre nga shkolla dhe po organizojn\u00eb personel t\u00eb besuesh\u00ebm sigurie p\u00ebr largimin e tyre&#8221;, p\u00ebrfundoi Magyar.<\/p>\n","protected":false},"excerpt":{"rendered":"<p>Kryeministri i ardhsh\u00ebm i Hungaris\u00eb, Peter Magyar, i kritikoi p\u00ebrs\u00ebri oligark\u00ebt e mbledhur rreth Viktor Orbanit dhe tha se ka informacion t\u00eb besuesh\u00ebm se ata po largohen nga vendi.Magyar, duke komentuar n\u00eb rrjetin social X rreth situat\u00ebs n\u00eb Hungari, deklaroi se oligark\u00ebt po i zhvendosin parat\u00eb e tyre nga Hungaria n\u00eb vende t\u00eb tjera. &#8220;Oligark\u00ebt [&hellip;]<\/p>\n","protected":false},"author":4,"featured_media":11889,"comment_status":"open","ping_status":"open","sticky":false,"template":"","format":"standard","meta":{"footnotes":""},"categories":[33,30],"tags":[],"class_list":{"0":"post-11888","1":"post","2":"type-post","3":"status-publish","4":"format-standard","5":"has-post-thumbnail","7":"category-bote","8":"category-lajme"},"yoast_head":"<!-- This site is optimized with the Yoast SEO plugin v27.4 - https:\/\/yoast.com\/product\/yoast-seo-wordpress\/ -->\n<title>A kan\u00eb filluar t\u00eb largohen oligark\u00ebt e Orbanit nga vendi? Peter Magyar kritikon njeriun m\u00eb t\u00eb pasur n\u00eb Hungari - Kosova Times<\/title>\n<meta name=\"robots\" content=\"index, follow, max-snippet:-1, max-image-preview:large, max-video-preview:-1\" \/>\n<link rel=\"canonical\" href=\"https:\/\/kosovatimes.info\/index.php\/2026\/04\/26\/a-kane-filluar-te-largohen-oligarket-e-orbanit-nga-vendi-peter-magyar-kritikon-njeriun-me-te-pasur-ne-hungari\/\" \/>\n<meta property=\"og:locale\" content=\"en_US\" \/>\n<meta property=\"og:type\" content=\"article\" \/>\n<meta property=\"og:title\" content=\"A kan\u00eb filluar t\u00eb largohen oligark\u00ebt e Orbanit nga vendi? Peter Magyar kritikon njeriun m\u00eb t\u00eb pasur n\u00eb Hungari - Kosova Times\" \/>\n<meta property=\"og:description\" content=\"Kryeministri i ardhsh\u00ebm i Hungaris\u00eb, Peter Magyar, i kritikoi p\u00ebrs\u00ebri oligark\u00ebt e mbledhur rreth Viktor Orbanit dhe tha se ka informacion t\u00eb besuesh\u00ebm se ata po largohen nga vendi.Magyar, duke komentuar n\u00eb rrjetin social X rreth situat\u00ebs n\u00eb Hungari, deklaroi se oligark\u00ebt po i zhvendosin parat\u00eb e tyre nga Hungaria n\u00eb vende t\u00eb tjera. &#8220;Oligark\u00ebt [&hellip;]\" \/>\n<meta property=\"og:url\" content=\"https:\/\/kosovatimes.info\/index.php\/2026\/04\/26\/a-kane-filluar-te-largohen-oligarket-e-orbanit-nga-vendi-peter-magyar-kritikon-njeriun-me-te-pasur-ne-hungari\/\" \/>\n<meta property=\"og:site_name\" content=\"Kosova Times\" \/>\n<meta property=\"article:published_time\" content=\"2026-04-26T20:54:24+00:00\" \/>\n<meta property=\"article:modified_time\" content=\"2026-04-26T20:54:27+00:00\" \/>\n<meta property=\"og:image\" content=\"https:\/\/kosovatimes.info\/wp-content\/uploads\/2026\/04\/Magyar-4.webp\" \/>\n\t<meta property=\"og:image:width\" content=\"800\" \/>\n\t<meta property=\"og:image:height\" content=\"533\" \/>\n\t<meta property=\"og:image:type\" content=\"image\/webp\" \/>\n<meta name=\"author\" content=\"i l\" \/>\n<meta name=\"twitter:card\" content=\"summary_large_image\" \/>\n<meta name=\"twitter:label1\" content=\"Written by\" \/>\n\t<meta name=\"twitter:data1\" content=\"i l\" \/>\n\t<meta name=\"twitter:label2\" content=\"Est. reading time\" \/>\n\t<meta name=\"twitter:data2\" content=\"1 minute\" \/>\n<script type=\"application\/ld+json\" class=\"yoast-schema-graph\">{\"@context\":\"https:\\\/\\\/schema.org\",\"@graph\":[{\"@type\":\"Article\",\"@id\":\"https:\\\/\\\/kosovatimes.info\\\/index.php\\\/2026\\\/04\\\/26\\\/a-kane-filluar-te-largohen-oligarket-e-orbanit-nga-vendi-peter-magyar-kritikon-njeriun-me-te-pasur-ne-hungari\\\/#article\",\"isPartOf\":{\"@id\":\"https:\\\/\\\/kosovatimes.info\\\/index.php\\\/2026\\\/04\\\/26\\\/a-kane-filluar-te-largohen-oligarket-e-orbanit-nga-vendi-peter-magyar-kritikon-njeriun-me-te-pasur-ne-hungari\\\/\"},\"author\":{\"name\":\"i l\",\"@id\":\"https:\\\/\\\/kosovatimes.info\\\/#\\\/schema\\\/person\\\/7586712b9c512fe68085de007378c915\"},\"headline\":\"A kan\u00eb filluar t\u00eb largohen oligark\u00ebt e Orbanit nga vendi? Peter Magyar kritikon njeriun m\u00eb t\u00eb pasur n\u00eb Hungari\",\"datePublished\":\"2026-04-26T20:54:24+00:00\",\"dateModified\":\"2026-04-26T20:54:27+00:00\",\"mainEntityOfPage\":{\"@id\":\"https:\\\/\\\/kosovatimes.info\\\/index.php\\\/2026\\\/04\\\/26\\\/a-kane-filluar-te-largohen-oligarket-e-orbanit-nga-vendi-peter-magyar-kritikon-njeriun-me-te-pasur-ne-hungari\\\/\"},\"wordCount\":445,\"commentCount\":0,\"image\":{\"@id\":\"https:\\\/\\\/kosovatimes.info\\\/index.php\\\/2026\\\/04\\\/26\\\/a-kane-filluar-te-largohen-oligarket-e-orbanit-nga-vendi-peter-magyar-kritikon-njeriun-me-te-pasur-ne-hungari\\\/#primaryimage\"},\"thumbnailUrl\":\"https:\\\/\\\/kosovatimes.info\\\/wp-content\\\/uploads\\\/2026\\\/04\\\/Magyar-4.webp\",\"articleSection\":[\"Bot\u00eb\",\"Lajme\"],\"inLanguage\":\"en-US\",\"potentialAction\":[{\"@type\":\"CommentAction\",\"name\":\"Comment\",\"target\":[\"https:\\\/\\\/kosovatimes.info\\\/index.php\\\/2026\\\/04\\\/26\\\/a-kane-filluar-te-largohen-oligarket-e-orbanit-nga-vendi-peter-magyar-kritikon-njeriun-me-te-pasur-ne-hungari\\\/#respond\"]}]},{\"@type\":\"WebPage\",\"@id\":\"https:\\\/\\\/kosovatimes.info\\\/index.php\\\/2026\\\/04\\\/26\\\/a-kane-filluar-te-largohen-oligarket-e-orbanit-nga-vendi-peter-magyar-kritikon-njeriun-me-te-pasur-ne-hungari\\\/\",\"url\":\"https:\\\/\\\/kosovatimes.info\\\/index.php\\\/2026\\\/04\\\/26\\\/a-kane-filluar-te-largohen-oligarket-e-orbanit-nga-vendi-peter-magyar-kritikon-njeriun-me-te-pasur-ne-hungari\\\/\",\"name\":\"A kan\u00eb filluar t\u00eb largohen oligark\u00ebt e Orbanit nga vendi? Peter Magyar kritikon njeriun m\u00eb t\u00eb pasur n\u00eb Hungari - Kosova Times\",\"isPartOf\":{\"@id\":\"https:\\\/\\\/kosovatimes.info\\\/#website\"},\"primaryImageOfPage\":{\"@id\":\"https:\\\/\\\/kosovatimes.info\\\/index.php\\\/2026\\\/04\\\/26\\\/a-kane-filluar-te-largohen-oligarket-e-orbanit-nga-vendi-peter-magyar-kritikon-njeriun-me-te-pasur-ne-hungari\\\/#primaryimage\"},\"image\":{\"@id\":\"https:\\\/\\\/kosovatimes.info\\\/index.php\\\/2026\\\/04\\\/26\\\/a-kane-filluar-te-largohen-oligarket-e-orbanit-nga-vendi-peter-magyar-kritikon-njeriun-me-te-pasur-ne-hungari\\\/#primaryimage\"},\"thumbnailUrl\":\"https:\\\/\\\/kosovatimes.info\\\/wp-content\\\/uploads\\\/2026\\\/04\\\/Magyar-4.webp\",\"datePublished\":\"2026-04-26T20:54:24+00:00\",\"dateModified\":\"2026-04-26T20:54:27+00:00\",\"author\":{\"@id\":\"https:\\\/\\\/kosovatimes.info\\\/#\\\/schema\\\/person\\\/7586712b9c512fe68085de007378c915\"},\"breadcrumb\":{\"@id\":\"https:\\\/\\\/kosovatimes.info\\\/index.php\\\/2026\\\/04\\\/26\\\/a-kane-filluar-te-largohen-oligarket-e-orbanit-nga-vendi-peter-magyar-kritikon-njeriun-me-te-pasur-ne-hungari\\\/#breadcrumb\"},\"inLanguage\":\"en-US\",\"potentialAction\":[{\"@type\":\"ReadAction\",\"target\":[\"https:\\\/\\\/kosovatimes.info\\\/index.php\\\/2026\\\/04\\\/26\\\/a-kane-filluar-te-largohen-oligarket-e-orbanit-nga-vendi-peter-magyar-kritikon-njeriun-me-te-pasur-ne-hungari\\\/\"]}]},{\"@type\":\"ImageObject\",\"inLanguage\":\"en-US\",\"@id\":\"https:\\\/\\\/kosovatimes.info\\\/index.php\\\/2026\\\/04\\\/26\\\/a-kane-filluar-te-largohen-oligarket-e-orbanit-nga-vendi-peter-magyar-kritikon-njeriun-me-te-pasur-ne-hungari\\\/#primaryimage\",\"url\":\"https:\\\/\\\/kosovatimes.info\\\/wp-content\\\/uploads\\\/2026\\\/04\\\/Magyar-4.webp\",\"contentUrl\":\"https:\\\/\\\/kosovatimes.info\\\/wp-content\\\/uploads\\\/2026\\\/04\\\/Magyar-4.webp\",\"width\":800,\"height\":533},{\"@type\":\"BreadcrumbList\",\"@id\":\"https:\\\/\\\/kosovatimes.info\\\/index.php\\\/2026\\\/04\\\/26\\\/a-kane-filluar-te-largohen-oligarket-e-orbanit-nga-vendi-peter-magyar-kritikon-njeriun-me-te-pasur-ne-hungari\\\/#breadcrumb\",\"itemListElement\":[{\"@type\":\"ListItem\",\"position\":1,\"name\":\"Home\",\"item\":\"https:\\\/\\\/kosovatimes.info\\\/\"},{\"@type\":\"ListItem\",\"position\":2,\"name\":\"A kan\u00eb filluar t\u00eb largohen oligark\u00ebt e Orbanit nga vendi? Peter Magyar kritikon njeriun m\u00eb t\u00eb pasur n\u00eb Hungari\"}]},{\"@type\":\"WebSite\",\"@id\":\"https:\\\/\\\/kosovatimes.info\\\/#website\",\"url\":\"https:\\\/\\\/kosovatimes.info\\\/\",\"name\":\"Kosova Times\",\"description\":\"\",\"potentialAction\":[{\"@type\":\"SearchAction\",\"target\":{\"@type\":\"EntryPoint\",\"urlTemplate\":\"https:\\\/\\\/kosovatimes.info\\\/?s={search_term_string}\"},\"query-input\":{\"@type\":\"PropertyValueSpecification\",\"valueRequired\":true,\"valueName\":\"search_term_string\"}}],\"inLanguage\":\"en-US\"},{\"@type\":\"Person\",\"@id\":\"https:\\\/\\\/kosovatimes.info\\\/#\\\/schema\\\/person\\\/7586712b9c512fe68085de007378c915\",\"name\":\"i l\",\"image\":{\"@type\":\"ImageObject\",\"inLanguage\":\"en-US\",\"@id\":\"https:\\\/\\\/secure.gravatar.com\\\/avatar\\\/bad9296e02816160ae2e2435beda58222022298d5625d49fea74d18816fbb31d?s=96&d=mm&r=g\",\"url\":\"https:\\\/\\\/secure.gravatar.com\\\/avatar\\\/bad9296e02816160ae2e2435beda58222022298d5625d49fea74d18816fbb31d?s=96&d=mm&r=g\",\"contentUrl\":\"https:\\\/\\\/secure.gravatar.com\\\/avatar\\\/bad9296e02816160ae2e2435beda58222022298d5625d49fea74d18816fbb31d?s=96&d=mm&r=g\",\"caption\":\"i l\"},\"url\":\"https:\\\/\\\/kosovatimes.info\\\/index.php\\\/author\\\/iliri\\\/\"}]}<\/script>\n<!-- \/ Yoast SEO plugin. -->","yoast_head_json":{"title":"A kan\u00eb filluar t\u00eb largohen oligark\u00ebt e Orbanit nga vendi? Peter Magyar kritikon njeriun m\u00eb t\u00eb pasur n\u00eb Hungari - Kosova Times","robots":{"index":"index","follow":"follow","max-snippet":"max-snippet:-1","max-image-preview":"max-image-preview:large","max-video-preview":"max-video-preview:-1"},"canonical":"https:\/\/kosovatimes.info\/index.php\/2026\/04\/26\/a-kane-filluar-te-largohen-oligarket-e-orbanit-nga-vendi-peter-magyar-kritikon-njeriun-me-te-pasur-ne-hungari\/","og_locale":"en_US","og_type":"article","og_title":"A kan\u00eb filluar t\u00eb largohen oligark\u00ebt e Orbanit nga vendi? Peter Magyar kritikon njeriun m\u00eb t\u00eb pasur n\u00eb Hungari - Kosova Times","og_description":"Kryeministri i ardhsh\u00ebm i Hungaris\u00eb, Peter Magyar, i kritikoi p\u00ebrs\u00ebri oligark\u00ebt e mbledhur rreth Viktor Orbanit dhe tha se ka informacion t\u00eb besuesh\u00ebm se ata po largohen nga vendi.Magyar, duke komentuar n\u00eb rrjetin social X rreth situat\u00ebs n\u00eb Hungari, deklaroi se oligark\u00ebt po i zhvendosin parat\u00eb e tyre nga Hungaria n\u00eb vende t\u00eb tjera. &#8220;Oligark\u00ebt [&hellip;]","og_url":"https:\/\/kosovatimes.info\/index.php\/2026\/04\/26\/a-kane-filluar-te-largohen-oligarket-e-orbanit-nga-vendi-peter-magyar-kritikon-njeriun-me-te-pasur-ne-hungari\/","og_site_name":"Kosova Times","article_published_time":"2026-04-26T20:54:24+00:00","article_modified_time":"2026-04-26T20:54:27+00:00","og_image":[{"width":800,"height":533,"url":"https:\/\/kosovatimes.info\/wp-content\/uploads\/2026\/04\/Magyar-4.webp","type":"image\/webp"}],"author":"i l","twitter_card":"summary_large_image","twitter_misc":{"Written by":"i l","Est. reading time":"1 minute"},"schema":{"@context":"https:\/\/schema.org","@graph":[{"@type":"Article","@id":"https:\/\/kosovatimes.info\/index.php\/2026\/04\/26\/a-kane-filluar-te-largohen-oligarket-e-orbanit-nga-vendi-peter-magyar-kritikon-njeriun-me-te-pasur-ne-hungari\/#article","isPartOf":{"@id":"https:\/\/kosovatimes.info\/index.php\/2026\/04\/26\/a-kane-filluar-te-largohen-oligarket-e-orbanit-nga-vendi-peter-magyar-kritikon-njeriun-me-te-pasur-ne-hungari\/"},"author":{"name":"i l","@id":"https:\/\/kosovatimes.info\/#\/schema\/person\/7586712b9c512fe68085de007378c915"},"headline":"A kan\u00eb filluar t\u00eb largohen oligark\u00ebt e Orbanit nga vendi? Peter Magyar kritikon njeriun m\u00eb t\u00eb pasur n\u00eb Hungari","datePublished":"2026-04-26T20:54:24+00:00","dateModified":"2026-04-26T20:54:27+00:00","mainEntityOfPage":{"@id":"https:\/\/kosovatimes.info\/index.php\/2026\/04\/26\/a-kane-filluar-te-largohen-oligarket-e-orbanit-nga-vendi-peter-magyar-kritikon-njeriun-me-te-pasur-ne-hungari\/"},"wordCount":445,"commentCount":0,"image":{"@id":"https:\/\/kosovatimes.info\/index.php\/2026\/04\/26\/a-kane-filluar-te-largohen-oligarket-e-orbanit-nga-vendi-peter-magyar-kritikon-njeriun-me-te-pasur-ne-hungari\/#primaryimage"},"thumbnailUrl":"https:\/\/kosovatimes.info\/wp-content\/uploads\/2026\/04\/Magyar-4.webp","articleSection":["Bot\u00eb","Lajme"],"inLanguage":"en-US","potentialAction":[{"@type":"CommentAction","name":"Comment","target":["https:\/\/kosovatimes.info\/index.php\/2026\/04\/26\/a-kane-filluar-te-largohen-oligarket-e-orbanit-nga-vendi-peter-magyar-kritikon-njeriun-me-te-pasur-ne-hungari\/#respond"]}]},{"@type":"WebPage","@id":"https:\/\/kosovatimes.info\/index.php\/2026\/04\/26\/a-kane-filluar-te-largohen-oligarket-e-orbanit-nga-vendi-peter-magyar-kritikon-njeriun-me-te-pasur-ne-hungari\/","url":"https:\/\/kosovatimes.info\/index.php\/2026\/04\/26\/a-kane-filluar-te-largohen-oligarket-e-orbanit-nga-vendi-peter-magyar-kritikon-njeriun-me-te-pasur-ne-hungari\/","name":"A kan\u00eb filluar t\u00eb largohen oligark\u00ebt e Orbanit nga vendi? Peter Magyar kritikon njeriun m\u00eb t\u00eb pasur n\u00eb Hungari - Kosova Times","isPartOf":{"@id":"https:\/\/kosovatimes.info\/#website"},"primaryImageOfPage":{"@id":"https:\/\/kosovatimes.info\/index.php\/2026\/04\/26\/a-kane-filluar-te-largohen-oligarket-e-orbanit-nga-vendi-peter-magyar-kritikon-njeriun-me-te-pasur-ne-hungari\/#primaryimage"},"image":{"@id":"https:\/\/kosovatimes.info\/index.php\/2026\/04\/26\/a-kane-filluar-te-largohen-oligarket-e-orbanit-nga-vendi-peter-magyar-kritikon-njeriun-me-te-pasur-ne-hungari\/#primaryimage"},"thumbnailUrl":"https:\/\/kosovatimes.info\/wp-content\/uploads\/2026\/04\/Magyar-4.webp","datePublished":"2026-04-26T20:54:24+00:00","dateModified":"2026-04-26T20:54:27+00:00","author":{"@id":"https:\/\/kosovatimes.info\/#\/schema\/person\/7586712b9c512fe68085de007378c915"},"breadcrumb":{"@id":"https:\/\/kosovatimes.info\/index.php\/2026\/04\/26\/a-kane-filluar-te-largohen-oligarket-e-orbanit-nga-vendi-peter-magyar-kritikon-njeriun-me-te-pasur-ne-hungari\/#breadcrumb"},"inLanguage":"en-US","potentialAction":[{"@type":"ReadAction","target":["https:\/\/kosovatimes.info\/index.php\/2026\/04\/26\/a-kane-filluar-te-largohen-oligarket-e-orbanit-nga-vendi-peter-magyar-kritikon-njeriun-me-te-pasur-ne-hungari\/"]}]},{"@type":"ImageObject","inLanguage":"en-US","@id":"https:\/\/kosovatimes.info\/index.php\/2026\/04\/26\/a-kane-filluar-te-largohen-oligarket-e-orbanit-nga-vendi-peter-magyar-kritikon-njeriun-me-te-pasur-ne-hungari\/#primaryimage","url":"https:\/\/kosovatimes.info\/wp-content\/uploads\/2026\/04\/Magyar-4.webp","contentUrl":"https:\/\/kosovatimes.info\/wp-content\/uploads\/2026\/04\/Magyar-4.webp","width":800,"height":533},{"@type":"BreadcrumbList","@id":"https:\/\/kosovatimes.info\/index.php\/2026\/04\/26\/a-kane-filluar-te-largohen-oligarket-e-orbanit-nga-vendi-peter-magyar-kritikon-njeriun-me-te-pasur-ne-hungari\/#breadcrumb","itemListElement":[{"@type":"ListItem","position":1,"name":"Home","item":"https:\/\/kosovatimes.info\/"},{"@type":"ListItem","position":2,"name":"A kan\u00eb filluar t\u00eb largohen oligark\u00ebt e Orbanit nga vendi? Peter Magyar kritikon njeriun m\u00eb t\u00eb pasur n\u00eb Hungari"}]},{"@type":"WebSite","@id":"https:\/\/kosovatimes.info\/#website","url":"https:\/\/kosovatimes.info\/","name":"Kosova Times","description":"","potentialAction":[{"@type":"SearchAction","target":{"@type":"EntryPoint","urlTemplate":"https:\/\/kosovatimes.info\/?s={search_term_string}"},"query-input":{"@type":"PropertyValueSpecification","valueRequired":true,"valueName":"search_term_string"}}],"inLanguage":"en-US"},{"@type":"Person","@id":"https:\/\/kosovatimes.info\/#\/schema\/person\/7586712b9c512fe68085de007378c915","name":"i l","image":{"@type":"ImageObject","inLanguage":"en-US","@id":"https:\/\/secure.gravatar.com\/avatar\/bad9296e02816160ae2e2435beda58222022298d5625d49fea74d18816fbb31d?s=96&d=mm&r=g","url":"https:\/\/secure.gravatar.com\/avatar\/bad9296e02816160ae2e2435beda58222022298d5625d49fea74d18816fbb31d?s=96&d=mm&r=g","contentUrl":"https:\/\/secure.gravatar.com\/avatar\/bad9296e02816160ae2e2435beda58222022298d5625d49fea74d18816fbb31d?s=96&d=mm&r=g","caption":"i l"},"url":"https:\/\/kosovatimes.info\/index.php\/author\/iliri\/"}]}},"_links":{"self":[{"href":"https:\/\/kosovatimes.info\/index.php\/wp-json\/wp\/v2\/posts\/11888","targetHints":{"allow":["GET"]}}],"collection":[{"href":"https:\/\/kosovatimes.info\/index.php\/wp-json\/wp\/v2\/posts"}],"about":[{"href":"https:\/\/kosovatimes.info\/index.php\/wp-json\/wp\/v2\/types\/post"}],"author":[{"embeddable":true,"href":"https:\/\/kosovatimes.info\/index.php\/wp-json\/wp\/v2\/users\/4"}],"replies":[{"embeddable":true,"href":"https:\/\/kosovatimes.info\/index.php\/wp-json\/wp\/v2\/comments?post=11888"}],"version-history":[{"count":1,"href":"https:\/\/kosovatimes.info\/index.php\/wp-json\/wp\/v2\/posts\/11888\/revisions"}],"predecessor-version":[{"id":11890,"href":"https:\/\/kosovatimes.info\/index.php\/wp-json\/wp\/v2\/posts\/11888\/revisions\/11890"}],"wp:featuredmedia":[{"embeddable":true,"href":"https:\/\/kosovatimes.info\/index.php\/wp-json\/wp\/v2\/media\/11889"}],"wp:attachment":[{"href":"https:\/\/kosovatimes.info\/index.php\/wp-json\/wp\/v2\/media?parent=11888"}],"wp:term":[{"taxonomy":"category","embeddable":true,"href":"https:\/\/kosovatimes.info\/index.php\/wp-json\/wp\/v2\/categories?post=11888"},{"taxonomy":"post_tag","embeddable":true,"href":"https:\/\/kosovatimes.info\/index.php\/wp-json\/wp\/v2\/tags?post=11888"}],"curies":[{"name":"wp","href":"https:\/\/api.w.org\/{rel}","templated":true}]}}