{"id":11891,"date":"2026-04-26T22:59:38","date_gmt":"2026-04-26T20:59:38","guid":{"rendered":"https:\/\/kosovatimes.info\/?p=11891"},"modified":"2026-04-26T23:00:21","modified_gmt":"2026-04-26T21:00:21","slug":"egersi-e-papare-ne-spanje-portieri-i-mundi-te-gjithe-me-radhe-kodro-shikonte-me-habi-se-cfare-po-ndodhte","status":"publish","type":"post","link":"https:\/\/kosovatimes.info\/index.php\/2026\/04\/26\/egersi-e-papare-ne-spanje-portieri-i-mundi-te-gjithe-me-radhe-kodro-shikonte-me-habi-se-cfare-po-ndodhte\/","title":{"rendered":"Eg\u00ebrsi e papar\u00eb n\u00eb Spanj\u00eb: Portieri i mundi t\u00eb gjith\u00eb me radh\u00eb, Kodro shikonte me habi se \u00e7far\u00eb po ndodhte"},"content":{"rendered":"\n<p>Portieri i Zaragoz\u00ebs s\u00eb Spanj\u00ebs, Esteban Andrada, p\u00ebrballet me nj\u00eb pezullim potencialisht historik pasi sulmoi fizikisht kapitenin e Huescas, Jorge Pulido, gjat\u00eb nj\u00eb ndeshjeje t\u00eb divizionit t\u00eb dyt\u00eb spanjoll.Kaos i v\u00ebrtet\u00eb ndodhi n\u00eb duelin midis Huescas dhe Zaragoz\u00ebs. Incidenti ndodhi n\u00eb momentet e fundit t\u00eb nj\u00eb derbi rajonal me rrezik t\u00eb lart\u00eb, i cili ishte n\u00ebn presionin e shtuar t\u00eb nj\u00eb lufte p\u00ebr mbijetes\u00eb.<\/p>\n\n\n\n<p>P\u00ebrplasja filloi kur Andrada, nj\u00eb ish-portier i Boca Juniors, mori kartonin e dyt\u00eb t\u00eb verdh\u00eb p\u00ebr shtyrjen e nj\u00eb mbrojt\u00ebsi t\u00eb Huescas, nd\u00ebrsa skuadra e tij ishte n\u00eb disavantazh 1-0. Pas p\u00ebrjashtimit, portieri vrapoi drejt Pulidos dhe e goditi me grusht n\u00eb fytyr\u00eb. Ai i rrahu t\u00eb gjith\u00eb ata q\u00eb i dol\u00ebn n\u00eb rrug\u00eb.<\/p>\n\n\n\n<p>Goditja e la Pulido-n me \u00ebnjtje t\u00eb dukshme n\u00eb fytyr\u00eb dhe shkaktoi nj\u00eb p\u00ebrleshje t\u00eb madhe ku p\u00ebrfshiheshin disa lojtar\u00eb nga t\u00eb dyja ekipet. Gjyqtar\u00ebt u dhan\u00eb karton\u00eb t\u00eb tjer\u00eb t\u00eb kuq pjes\u00ebmarr\u00ebsve nga t\u00eb dyja pal\u00ebt, nd\u00ebrsa loja u p\u00ebrshkall\u00ebzua n\u00eb kaos para fishk\u00ebllim\u00ebs s\u00eb fundit.&#8221;Nuk e di \u00e7far\u00eb ka ndodhur. Duhet t\u00eb k\u00ebrkoj falje. Real Zaragoza nuk e p\u00ebrfaq\u00ebson k\u00ebt\u00eb. Jemi t\u00eb l\u00ebnduar nga humbja&#8221;, tha Francho Serrano, kapiteni i Real Zaragoz\u00ebs. Udh\u00ebheqja e klubit u distancua publikisht nga veprimet e portierit menj\u00ebher\u00eb pas ndeshjes.<\/p>\n\n\n\n<p>Gjat\u00eb momenteve t\u00eb kaosit, n\u00eb fush\u00eb ishte edhe Kenan Kodro yn\u00eb, i cili nuk nd\u00ebrhyri n\u00eb konflikt dhe ishte midis atyre q\u00eb u p\u00ebrpoq\u00ebn t\u00eb qet\u00ebsonin tensionet.<\/p>\n\n\n\n<figure class=\"wp-block-embed is-type-video is-provider-youtube wp-block-embed-youtube wp-embed-aspect-16-9 wp-has-aspect-ratio\"><div class=\"wp-block-embed__wrapper\">\n<div class=\"youtube-embed\" data-video_id=\"ksNmjG8e8aI\"><iframe loading=\"lazy\" title=\"Esteban Andrada Attacks Jorge Pulido \ud83d\ude33 Real Zaragoza vs Huesca Fight\" width=\"696\" height=\"392\" src=\"https:\/\/www.youtube.com\/embed\/ksNmjG8e8aI?feature=oembed&#038;enablejsapi=1\" frameborder=\"0\" allow=\"accelerometer; autoplay; clipboard-write; encrypted-media; gyroscope; picture-in-picture; web-share\" referrerpolicy=\"strict-origin-when-cross-origin\" allowfullscreen><\/iframe><\/div>\n<\/div><\/figure>\n","protected":false},"excerpt":{"rendered":"<p>Portieri i Zaragoz\u00ebs s\u00eb Spanj\u00ebs, Esteban Andrada, p\u00ebrballet me nj\u00eb pezullim potencialisht historik pasi sulmoi fizikisht kapitenin e Huescas, Jorge Pulido, gjat\u00eb nj\u00eb ndeshjeje t\u00eb divizionit t\u00eb dyt\u00eb spanjoll.Kaos i v\u00ebrtet\u00eb ndodhi n\u00eb duelin midis Huescas dhe Zaragoz\u00ebs. Incidenti ndodhi n\u00eb momentet e fundit t\u00eb nj\u00eb derbi rajonal me rrezik t\u00eb lart\u00eb, i cili ishte [&hellip;]<\/p>\n","protected":false},"author":4,"featured_media":11893,"comment_status":"open","ping_status":"open","sticky":false,"template":"","format":"standard","meta":{"footnotes":""},"categories":[42],"tags":[],"class_list":{"0":"post-11891","1":"post","2":"type-post","3":"status-publish","4":"format-standard","5":"has-post-thumbnail","7":"category-sport"},"yoast_head":"<!-- This site is optimized with the Yoast SEO plugin v27.4 - https:\/\/yoast.com\/product\/yoast-seo-wordpress\/ -->\n<title>Eg\u00ebrsi e papar\u00eb n\u00eb Spanj\u00eb: Portieri i mundi t\u00eb gjith\u00eb me radh\u00eb, Kodro shikonte me habi se \u00e7far\u00eb po ndodhte - Kosova Times<\/title>\n<meta name=\"robots\" content=\"index, follow, max-snippet:-1, max-image-preview:large, max-video-preview:-1\" \/>\n<link rel=\"canonical\" href=\"https:\/\/kosovatimes.info\/index.php\/2026\/04\/26\/egersi-e-papare-ne-spanje-portieri-i-mundi-te-gjithe-me-radhe-kodro-shikonte-me-habi-se-cfare-po-ndodhte\/\" \/>\n<meta property=\"og:locale\" content=\"en_US\" \/>\n<meta property=\"og:type\" content=\"article\" \/>\n<meta property=\"og:title\" content=\"Eg\u00ebrsi e papar\u00eb n\u00eb Spanj\u00eb: Portieri i mundi t\u00eb gjith\u00eb me radh\u00eb, Kodro shikonte me habi se \u00e7far\u00eb po ndodhte - Kosova Times\" \/>\n<meta property=\"og:description\" content=\"Portieri i Zaragoz\u00ebs s\u00eb Spanj\u00ebs, Esteban Andrada, p\u00ebrballet me nj\u00eb pezullim potencialisht historik pasi sulmoi fizikisht kapitenin e Huescas, Jorge Pulido, gjat\u00eb nj\u00eb ndeshjeje t\u00eb divizionit t\u00eb dyt\u00eb spanjoll.Kaos i v\u00ebrtet\u00eb ndodhi n\u00eb duelin midis Huescas dhe Zaragoz\u00ebs. Incidenti ndodhi n\u00eb momentet e fundit t\u00eb nj\u00eb derbi rajonal me rrezik t\u00eb lart\u00eb, i cili ishte [&hellip;]\" \/>\n<meta property=\"og:url\" content=\"https:\/\/kosovatimes.info\/index.php\/2026\/04\/26\/egersi-e-papare-ne-spanje-portieri-i-mundi-te-gjithe-me-radhe-kodro-shikonte-me-habi-se-cfare-po-ndodhte\/\" \/>\n<meta property=\"og:site_name\" content=\"Kosova Times\" \/>\n<meta property=\"article:published_time\" content=\"2026-04-26T20:59:38+00:00\" \/>\n<meta property=\"article:modified_time\" content=\"2026-04-26T21:00:21+00:00\" \/>\n<meta property=\"og:image\" content=\"https:\/\/kosovatimes.info\/wp-content\/uploads\/2026\/04\/download-2.jpeg\" \/>\n\t<meta property=\"og:image:width\" content=\"275\" \/>\n\t<meta property=\"og:image:height\" content=\"184\" \/>\n\t<meta property=\"og:image:type\" content=\"image\/jpeg\" \/>\n<meta name=\"author\" content=\"i l\" \/>\n<meta name=\"twitter:card\" content=\"summary_large_image\" \/>\n<meta name=\"twitter:label1\" content=\"Written by\" \/>\n\t<meta name=\"twitter:data1\" content=\"i l\" \/>\n\t<meta name=\"twitter:label2\" content=\"Est. reading time\" \/>\n\t<meta name=\"twitter:data2\" content=\"2 minutes\" \/>\n<script type=\"application\/ld+json\" class=\"yoast-schema-graph\">{\"@context\":\"https:\\\/\\\/schema.org\",\"@graph\":[{\"@type\":\"Article\",\"@id\":\"https:\\\/\\\/kosovatimes.info\\\/index.php\\\/2026\\\/04\\\/26\\\/egersi-e-papare-ne-spanje-portieri-i-mundi-te-gjithe-me-radhe-kodro-shikonte-me-habi-se-cfare-po-ndodhte\\\/#article\",\"isPartOf\":{\"@id\":\"https:\\\/\\\/kosovatimes.info\\\/index.php\\\/2026\\\/04\\\/26\\\/egersi-e-papare-ne-spanje-portieri-i-mundi-te-gjithe-me-radhe-kodro-shikonte-me-habi-se-cfare-po-ndodhte\\\/\"},\"author\":{\"name\":\"i l\",\"@id\":\"https:\\\/\\\/kosovatimes.info\\\/#\\\/schema\\\/person\\\/7586712b9c512fe68085de007378c915\"},\"headline\":\"Eg\u00ebrsi e papar\u00eb n\u00eb Spanj\u00eb: Portieri i mundi t\u00eb gjith\u00eb me radh\u00eb, Kodro shikonte me habi se \u00e7far\u00eb po ndodhte\",\"datePublished\":\"2026-04-26T20:59:38+00:00\",\"dateModified\":\"2026-04-26T21:00:21+00:00\",\"mainEntityOfPage\":{\"@id\":\"https:\\\/\\\/kosovatimes.info\\\/index.php\\\/2026\\\/04\\\/26\\\/egersi-e-papare-ne-spanje-portieri-i-mundi-te-gjithe-me-radhe-kodro-shikonte-me-habi-se-cfare-po-ndodhte\\\/\"},\"wordCount\":300,\"commentCount\":0,\"image\":{\"@id\":\"https:\\\/\\\/kosovatimes.info\\\/index.php\\\/2026\\\/04\\\/26\\\/egersi-e-papare-ne-spanje-portieri-i-mundi-te-gjithe-me-radhe-kodro-shikonte-me-habi-se-cfare-po-ndodhte\\\/#primaryimage\"},\"thumbnailUrl\":\"https:\\\/\\\/kosovatimes.info\\\/wp-content\\\/uploads\\\/2026\\\/04\\\/download-2.jpeg\",\"articleSection\":[\"Sport\"],\"inLanguage\":\"en-US\",\"potentialAction\":[{\"@type\":\"CommentAction\",\"name\":\"Comment\",\"target\":[\"https:\\\/\\\/kosovatimes.info\\\/index.php\\\/2026\\\/04\\\/26\\\/egersi-e-papare-ne-spanje-portieri-i-mundi-te-gjithe-me-radhe-kodro-shikonte-me-habi-se-cfare-po-ndodhte\\\/#respond\"]}]},{\"@type\":\"WebPage\",\"@id\":\"https:\\\/\\\/kosovatimes.info\\\/index.php\\\/2026\\\/04\\\/26\\\/egersi-e-papare-ne-spanje-portieri-i-mundi-te-gjithe-me-radhe-kodro-shikonte-me-habi-se-cfare-po-ndodhte\\\/\",\"url\":\"https:\\\/\\\/kosovatimes.info\\\/index.php\\\/2026\\\/04\\\/26\\\/egersi-e-papare-ne-spanje-portieri-i-mundi-te-gjithe-me-radhe-kodro-shikonte-me-habi-se-cfare-po-ndodhte\\\/\",\"name\":\"Eg\u00ebrsi e papar\u00eb n\u00eb Spanj\u00eb: Portieri i mundi t\u00eb gjith\u00eb me radh\u00eb, Kodro shikonte me habi se \u00e7far\u00eb po ndodhte - Kosova Times\",\"isPartOf\":{\"@id\":\"https:\\\/\\\/kosovatimes.info\\\/#website\"},\"primaryImageOfPage\":{\"@id\":\"https:\\\/\\\/kosovatimes.info\\\/index.php\\\/2026\\\/04\\\/26\\\/egersi-e-papare-ne-spanje-portieri-i-mundi-te-gjithe-me-radhe-kodro-shikonte-me-habi-se-cfare-po-ndodhte\\\/#primaryimage\"},\"image\":{\"@id\":\"https:\\\/\\\/kosovatimes.info\\\/index.php\\\/2026\\\/04\\\/26\\\/egersi-e-papare-ne-spanje-portieri-i-mundi-te-gjithe-me-radhe-kodro-shikonte-me-habi-se-cfare-po-ndodhte\\\/#primaryimage\"},\"thumbnailUrl\":\"https:\\\/\\\/kosovatimes.info\\\/wp-content\\\/uploads\\\/2026\\\/04\\\/download-2.jpeg\",\"datePublished\":\"2026-04-26T20:59:38+00:00\",\"dateModified\":\"2026-04-26T21:00:21+00:00\",\"author\":{\"@id\":\"https:\\\/\\\/kosovatimes.info\\\/#\\\/schema\\\/person\\\/7586712b9c512fe68085de007378c915\"},\"breadcrumb\":{\"@id\":\"https:\\\/\\\/kosovatimes.info\\\/index.php\\\/2026\\\/04\\\/26\\\/egersi-e-papare-ne-spanje-portieri-i-mundi-te-gjithe-me-radhe-kodro-shikonte-me-habi-se-cfare-po-ndodhte\\\/#breadcrumb\"},\"inLanguage\":\"en-US\",\"potentialAction\":[{\"@type\":\"ReadAction\",\"target\":[\"https:\\\/\\\/kosovatimes.info\\\/index.php\\\/2026\\\/04\\\/26\\\/egersi-e-papare-ne-spanje-portieri-i-mundi-te-gjithe-me-radhe-kodro-shikonte-me-habi-se-cfare-po-ndodhte\\\/\"]}]},{\"@type\":\"ImageObject\",\"inLanguage\":\"en-US\",\"@id\":\"https:\\\/\\\/kosovatimes.info\\\/index.php\\\/2026\\\/04\\\/26\\\/egersi-e-papare-ne-spanje-portieri-i-mundi-te-gjithe-me-radhe-kodro-shikonte-me-habi-se-cfare-po-ndodhte\\\/#primaryimage\",\"url\":\"https:\\\/\\\/kosovatimes.info\\\/wp-content\\\/uploads\\\/2026\\\/04\\\/download-2.jpeg\",\"contentUrl\":\"https:\\\/\\\/kosovatimes.info\\\/wp-content\\\/uploads\\\/2026\\\/04\\\/download-2.jpeg\",\"width\":275,\"height\":184},{\"@type\":\"BreadcrumbList\",\"@id\":\"https:\\\/\\\/kosovatimes.info\\\/index.php\\\/2026\\\/04\\\/26\\\/egersi-e-papare-ne-spanje-portieri-i-mundi-te-gjithe-me-radhe-kodro-shikonte-me-habi-se-cfare-po-ndodhte\\\/#breadcrumb\",\"itemListElement\":[{\"@type\":\"ListItem\",\"position\":1,\"name\":\"Home\",\"item\":\"https:\\\/\\\/kosovatimes.info\\\/\"},{\"@type\":\"ListItem\",\"position\":2,\"name\":\"Eg\u00ebrsi e papar\u00eb n\u00eb Spanj\u00eb: Portieri i mundi t\u00eb gjith\u00eb me radh\u00eb, Kodro shikonte me habi se \u00e7far\u00eb po ndodhte\"}]},{\"@type\":\"WebSite\",\"@id\":\"https:\\\/\\\/kosovatimes.info\\\/#website\",\"url\":\"https:\\\/\\\/kosovatimes.info\\\/\",\"name\":\"Kosova Times\",\"description\":\"\",\"potentialAction\":[{\"@type\":\"SearchAction\",\"target\":{\"@type\":\"EntryPoint\",\"urlTemplate\":\"https:\\\/\\\/kosovatimes.info\\\/?s={search_term_string}\"},\"query-input\":{\"@type\":\"PropertyValueSpecification\",\"valueRequired\":true,\"valueName\":\"search_term_string\"}}],\"inLanguage\":\"en-US\"},{\"@type\":\"Person\",\"@id\":\"https:\\\/\\\/kosovatimes.info\\\/#\\\/schema\\\/person\\\/7586712b9c512fe68085de007378c915\",\"name\":\"i l\",\"image\":{\"@type\":\"ImageObject\",\"inLanguage\":\"en-US\",\"@id\":\"https:\\\/\\\/secure.gravatar.com\\\/avatar\\\/bad9296e02816160ae2e2435beda58222022298d5625d49fea74d18816fbb31d?s=96&d=mm&r=g\",\"url\":\"https:\\\/\\\/secure.gravatar.com\\\/avatar\\\/bad9296e02816160ae2e2435beda58222022298d5625d49fea74d18816fbb31d?s=96&d=mm&r=g\",\"contentUrl\":\"https:\\\/\\\/secure.gravatar.com\\\/avatar\\\/bad9296e02816160ae2e2435beda58222022298d5625d49fea74d18816fbb31d?s=96&d=mm&r=g\",\"caption\":\"i l\"},\"url\":\"https:\\\/\\\/kosovatimes.info\\\/index.php\\\/author\\\/iliri\\\/\"}]}<\/script>\n<!-- \/ Yoast SEO plugin. -->","yoast_head_json":{"title":"Eg\u00ebrsi e papar\u00eb n\u00eb Spanj\u00eb: Portieri i mundi t\u00eb gjith\u00eb me radh\u00eb, Kodro shikonte me habi se \u00e7far\u00eb po ndodhte - Kosova Times","robots":{"index":"index","follow":"follow","max-snippet":"max-snippet:-1","max-image-preview":"max-image-preview:large","max-video-preview":"max-video-preview:-1"},"canonical":"https:\/\/kosovatimes.info\/index.php\/2026\/04\/26\/egersi-e-papare-ne-spanje-portieri-i-mundi-te-gjithe-me-radhe-kodro-shikonte-me-habi-se-cfare-po-ndodhte\/","og_locale":"en_US","og_type":"article","og_title":"Eg\u00ebrsi e papar\u00eb n\u00eb Spanj\u00eb: Portieri i mundi t\u00eb gjith\u00eb me radh\u00eb, Kodro shikonte me habi se \u00e7far\u00eb po ndodhte - Kosova Times","og_description":"Portieri i Zaragoz\u00ebs s\u00eb Spanj\u00ebs, Esteban Andrada, p\u00ebrballet me nj\u00eb pezullim potencialisht historik pasi sulmoi fizikisht kapitenin e Huescas, Jorge Pulido, gjat\u00eb nj\u00eb ndeshjeje t\u00eb divizionit t\u00eb dyt\u00eb spanjoll.Kaos i v\u00ebrtet\u00eb ndodhi n\u00eb duelin midis Huescas dhe Zaragoz\u00ebs. Incidenti ndodhi n\u00eb momentet e fundit t\u00eb nj\u00eb derbi rajonal me rrezik t\u00eb lart\u00eb, i cili ishte [&hellip;]","og_url":"https:\/\/kosovatimes.info\/index.php\/2026\/04\/26\/egersi-e-papare-ne-spanje-portieri-i-mundi-te-gjithe-me-radhe-kodro-shikonte-me-habi-se-cfare-po-ndodhte\/","og_site_name":"Kosova Times","article_published_time":"2026-04-26T20:59:38+00:00","article_modified_time":"2026-04-26T21:00:21+00:00","og_image":[{"width":275,"height":184,"url":"https:\/\/kosovatimes.info\/wp-content\/uploads\/2026\/04\/download-2.jpeg","type":"image\/jpeg"}],"author":"i l","twitter_card":"summary_large_image","twitter_misc":{"Written by":"i l","Est. reading time":"2 minutes"},"schema":{"@context":"https:\/\/schema.org","@graph":[{"@type":"Article","@id":"https:\/\/kosovatimes.info\/index.php\/2026\/04\/26\/egersi-e-papare-ne-spanje-portieri-i-mundi-te-gjithe-me-radhe-kodro-shikonte-me-habi-se-cfare-po-ndodhte\/#article","isPartOf":{"@id":"https:\/\/kosovatimes.info\/index.php\/2026\/04\/26\/egersi-e-papare-ne-spanje-portieri-i-mundi-te-gjithe-me-radhe-kodro-shikonte-me-habi-se-cfare-po-ndodhte\/"},"author":{"name":"i l","@id":"https:\/\/kosovatimes.info\/#\/schema\/person\/7586712b9c512fe68085de007378c915"},"headline":"Eg\u00ebrsi e papar\u00eb n\u00eb Spanj\u00eb: Portieri i mundi t\u00eb gjith\u00eb me radh\u00eb, Kodro shikonte me habi se \u00e7far\u00eb po ndodhte","datePublished":"2026-04-26T20:59:38+00:00","dateModified":"2026-04-26T21:00:21+00:00","mainEntityOfPage":{"@id":"https:\/\/kosovatimes.info\/index.php\/2026\/04\/26\/egersi-e-papare-ne-spanje-portieri-i-mundi-te-gjithe-me-radhe-kodro-shikonte-me-habi-se-cfare-po-ndodhte\/"},"wordCount":300,"commentCount":0,"image":{"@id":"https:\/\/kosovatimes.info\/index.php\/2026\/04\/26\/egersi-e-papare-ne-spanje-portieri-i-mundi-te-gjithe-me-radhe-kodro-shikonte-me-habi-se-cfare-po-ndodhte\/#primaryimage"},"thumbnailUrl":"https:\/\/kosovatimes.info\/wp-content\/uploads\/2026\/04\/download-2.jpeg","articleSection":["Sport"],"inLanguage":"en-US","potentialAction":[{"@type":"CommentAction","name":"Comment","target":["https:\/\/kosovatimes.info\/index.php\/2026\/04\/26\/egersi-e-papare-ne-spanje-portieri-i-mundi-te-gjithe-me-radhe-kodro-shikonte-me-habi-se-cfare-po-ndodhte\/#respond"]}]},{"@type":"WebPage","@id":"https:\/\/kosovatimes.info\/index.php\/2026\/04\/26\/egersi-e-papare-ne-spanje-portieri-i-mundi-te-gjithe-me-radhe-kodro-shikonte-me-habi-se-cfare-po-ndodhte\/","url":"https:\/\/kosovatimes.info\/index.php\/2026\/04\/26\/egersi-e-papare-ne-spanje-portieri-i-mundi-te-gjithe-me-radhe-kodro-shikonte-me-habi-se-cfare-po-ndodhte\/","name":"Eg\u00ebrsi e papar\u00eb n\u00eb Spanj\u00eb: Portieri i mundi t\u00eb gjith\u00eb me radh\u00eb, Kodro shikonte me habi se \u00e7far\u00eb po ndodhte - Kosova Times","isPartOf":{"@id":"https:\/\/kosovatimes.info\/#website"},"primaryImageOfPage":{"@id":"https:\/\/kosovatimes.info\/index.php\/2026\/04\/26\/egersi-e-papare-ne-spanje-portieri-i-mundi-te-gjithe-me-radhe-kodro-shikonte-me-habi-se-cfare-po-ndodhte\/#primaryimage"},"image":{"@id":"https:\/\/kosovatimes.info\/index.php\/2026\/04\/26\/egersi-e-papare-ne-spanje-portieri-i-mundi-te-gjithe-me-radhe-kodro-shikonte-me-habi-se-cfare-po-ndodhte\/#primaryimage"},"thumbnailUrl":"https:\/\/kosovatimes.info\/wp-content\/uploads\/2026\/04\/download-2.jpeg","datePublished":"2026-04-26T20:59:38+00:00","dateModified":"2026-04-26T21:00:21+00:00","author":{"@id":"https:\/\/kosovatimes.info\/#\/schema\/person\/7586712b9c512fe68085de007378c915"},"breadcrumb":{"@id":"https:\/\/kosovatimes.info\/index.php\/2026\/04\/26\/egersi-e-papare-ne-spanje-portieri-i-mundi-te-gjithe-me-radhe-kodro-shikonte-me-habi-se-cfare-po-ndodhte\/#breadcrumb"},"inLanguage":"en-US","potentialAction":[{"@type":"ReadAction","target":["https:\/\/kosovatimes.info\/index.php\/2026\/04\/26\/egersi-e-papare-ne-spanje-portieri-i-mundi-te-gjithe-me-radhe-kodro-shikonte-me-habi-se-cfare-po-ndodhte\/"]}]},{"@type":"ImageObject","inLanguage":"en-US","@id":"https:\/\/kosovatimes.info\/index.php\/2026\/04\/26\/egersi-e-papare-ne-spanje-portieri-i-mundi-te-gjithe-me-radhe-kodro-shikonte-me-habi-se-cfare-po-ndodhte\/#primaryimage","url":"https:\/\/kosovatimes.info\/wp-content\/uploads\/2026\/04\/download-2.jpeg","contentUrl":"https:\/\/kosovatimes.info\/wp-content\/uploads\/2026\/04\/download-2.jpeg","width":275,"height":184},{"@type":"BreadcrumbList","@id":"https:\/\/kosovatimes.info\/index.php\/2026\/04\/26\/egersi-e-papare-ne-spanje-portieri-i-mundi-te-gjithe-me-radhe-kodro-shikonte-me-habi-se-cfare-po-ndodhte\/#breadcrumb","itemListElement":[{"@type":"ListItem","position":1,"name":"Home","item":"https:\/\/kosovatimes.info\/"},{"@type":"ListItem","position":2,"name":"Eg\u00ebrsi e papar\u00eb n\u00eb Spanj\u00eb: Portieri i mundi t\u00eb gjith\u00eb me radh\u00eb, Kodro shikonte me habi se \u00e7far\u00eb po ndodhte"}]},{"@type":"WebSite","@id":"https:\/\/kosovatimes.info\/#website","url":"https:\/\/kosovatimes.info\/","name":"Kosova Times","description":"","potentialAction":[{"@type":"SearchAction","target":{"@type":"EntryPoint","urlTemplate":"https:\/\/kosovatimes.info\/?s={search_term_string}"},"query-input":{"@type":"PropertyValueSpecification","valueRequired":true,"valueName":"search_term_string"}}],"inLanguage":"en-US"},{"@type":"Person","@id":"https:\/\/kosovatimes.info\/#\/schema\/person\/7586712b9c512fe68085de007378c915","name":"i l","image":{"@type":"ImageObject","inLanguage":"en-US","@id":"https:\/\/secure.gravatar.com\/avatar\/bad9296e02816160ae2e2435beda58222022298d5625d49fea74d18816fbb31d?s=96&d=mm&r=g","url":"https:\/\/secure.gravatar.com\/avatar\/bad9296e02816160ae2e2435beda58222022298d5625d49fea74d18816fbb31d?s=96&d=mm&r=g","contentUrl":"https:\/\/secure.gravatar.com\/avatar\/bad9296e02816160ae2e2435beda58222022298d5625d49fea74d18816fbb31d?s=96&d=mm&r=g","caption":"i l"},"url":"https:\/\/kosovatimes.info\/index.php\/author\/iliri\/"}]}},"_links":{"self":[{"href":"https:\/\/kosovatimes.info\/index.php\/wp-json\/wp\/v2\/posts\/11891","targetHints":{"allow":["GET"]}}],"collection":[{"href":"https:\/\/kosovatimes.info\/index.php\/wp-json\/wp\/v2\/posts"}],"about":[{"href":"https:\/\/kosovatimes.info\/index.php\/wp-json\/wp\/v2\/types\/post"}],"author":[{"embeddable":true,"href":"https:\/\/kosovatimes.info\/index.php\/wp-json\/wp\/v2\/users\/4"}],"replies":[{"embeddable":true,"href":"https:\/\/kosovatimes.info\/index.php\/wp-json\/wp\/v2\/comments?post=11891"}],"version-history":[{"count":1,"href":"https:\/\/kosovatimes.info\/index.php\/wp-json\/wp\/v2\/posts\/11891\/revisions"}],"predecessor-version":[{"id":11892,"href":"https:\/\/kosovatimes.info\/index.php\/wp-json\/wp\/v2\/posts\/11891\/revisions\/11892"}],"wp:featuredmedia":[{"embeddable":true,"href":"https:\/\/kosovatimes.info\/index.php\/wp-json\/wp\/v2\/media\/11893"}],"wp:attachment":[{"href":"https:\/\/kosovatimes.info\/index.php\/wp-json\/wp\/v2\/media?parent=11891"}],"wp:term":[{"taxonomy":"category","embeddable":true,"href":"https:\/\/kosovatimes.info\/index.php\/wp-json\/wp\/v2\/categories?post=11891"},{"taxonomy":"post_tag","embeddable":true,"href":"https:\/\/kosovatimes.info\/index.php\/wp-json\/wp\/v2\/tags?post=11891"}],"curies":[{"name":"wp","href":"https:\/\/api.w.org\/{rel}","templated":true}]}}