{"id":11911,"date":"2026-04-27T08:21:59","date_gmt":"2026-04-27T06:21:59","guid":{"rendered":"https:\/\/kosovatimes.info\/?p=11911"},"modified":"2026-04-27T08:22:23","modified_gmt":"2026-04-27T06:22:23","slug":"u-be-nje-pakt-per-te-rrezuar-benjamin-netanyahun","status":"publish","type":"post","link":"https:\/\/kosovatimes.info\/index.php\/2026\/04\/27\/u-be-nje-pakt-per-te-rrezuar-benjamin-netanyahun\/","title":{"rendered":"B\u00ebhet pakti p\u00ebr t\u00eb rr\u00ebzuar Benjamin Netanyahun!"},"content":{"rendered":"\n<p>Dy rival\u00ebt kryesor\u00eb t\u00eb Netanyahut, ish-kryeministrat&nbsp;<strong>Naftali Bennett<\/strong>&nbsp;dhe&nbsp;<strong>Yair Lapid<\/strong>&nbsp;, kan\u00eb njoftuar se po bashkojn\u00eb partit\u00eb e tyre n\u00eb p\u00ebrpjekje p\u00ebr t\u00eb rr\u00ebzuar qeverin\u00eb e tij.<\/p>\n\n\n\n<p>Bennett (i krahut t\u00eb djatht\u00eb) dhe Lapid (i qendr\u00ebs) e njoftuan k\u00ebt\u00eb n\u00eb nj\u00eb konferenc\u00eb t\u00eb p\u00ebrbashk\u00ebt p\u00ebr shtyp t\u00eb diel\u00ebn. Partia e re do t\u00eb quhet S\u00eb Bashku dhe do t\u00eb drejtohet nga Bennett.<\/p>\n\n\n\n<p>&#8220;Pas 30 vitesh, \u00ebsht\u00eb koha t\u00eb ndahemi me Netanyahun dhe t\u00eb hapim nj\u00eb kapitull t\u00eb ri p\u00ebr Izraelin&#8221;, tha Bennett. Lapid shtoi: &#8220;Ne q\u00ebndrojm\u00eb k\u00ebtu s\u00eb bashku p\u00ebr hir t\u00eb f\u00ebmij\u00ebve tan\u00eb. Shteti i Izraelit duhet t\u00eb ndryshoj\u00eb kursin.&#8221;<\/p>\n\n\n\n<figure class=\"wp-block-image\"><a class=\"se__anchor image-popup-vertical-fit open-gallery--photoswipe-embed photoswipe-event\" href=\"https:\/\/media.jutarnji.hr\/images\/slike\/2026\/04\/27\/38794434.jpg\"><img decoding=\"async\" src=\"https:\/\/media.jutarnji.hr\/images\/slike\/2026\/04\/27\/38794434.jpg?1777268915\" alt=\"imazh\"\/><\/a><\/figure>\n\n\n\n<p>Ky nuk \u00ebsht\u00eb bashk\u00ebpunimi i tyre i par\u00eb. N\u00eb vitin 2021, ata s\u00eb bashku i dhan\u00eb fund mandatit 12-vje\u00e7ar t\u00eb Netanyahut, por koalicioni i tyre me nj\u00eb shumic\u00eb t\u00eb ngusht\u00eb zgjati vet\u00ebm 18 muaj. Netanyahu u rikthye n\u00eb pushtet pas zgjedhjeve t\u00eb n\u00ebntorit 2022.N\u00eb muajt e fundit, sondazhet kan\u00eb treguar se Netanyahu po humbet mb\u00ebshtetjen dhe mund t\u00eb humbas\u00eb n\u00eb zgjedhjet e ardhshme, t\u00eb cilat priten deri n\u00eb fund t\u00eb tetorit t\u00eb k\u00ebtij viti.Kush \u00ebsht\u00eb Naftali Bennett?<\/p>\n\n\n\n<p>Bennett (54), nj\u00eb ish-minist\u00ebr i mbrojtjes dhe komando, aktualisht kryeson n\u00eb disa sondazhe. Sipas nj\u00eb sondazhi t\u00eb N12 News t\u00eb 23 prillit, partia e tij do t\u00eb fitonte 21 vende nga 120, nd\u00ebrsa Likud i Netanyahut do t\u00eb fitonte 25. Partia e Lapid do t\u00eb binte n\u00eb vet\u00ebm shtat\u00eb vende, nga 24,&nbsp;<a href=\"https:\/\/news.sky.com\/story\/benjamin-netanyahus-biggest-rivals-merge-in-bid-to-oust-his-government-13536977\" target=\"_blank\" rel=\"noreferrer noopener\">raporton Sky News.<\/a><\/p>\n\n\n\n<p>Prind\u00ebrit e Bennettit kan\u00eb lindur n\u00eb Shtetet e Bashkuara dhe ai flet anglisht t\u00eb p\u00ebrsosur. Ai ka nj\u00eb pik\u00ebpamje jasht\u00ebzakonisht liberale mbi \u00e7\u00ebshtjet ekonomike dhe nj\u00eb q\u00ebndrim t\u00eb ashp\u00ebr ndaj armikut t\u00eb Izraelit, Iranit. Ai e ndan k\u00ebt\u00eb aspekt t\u00eb ideologjis\u00eb s\u00eb tij me Netanyahun, n\u00eb disa nga qeverit\u00eb e t\u00eb cil\u00ebve sh\u00ebrbeu si minist\u00ebr. Ai hyri n\u00eb politik\u00eb pasi shiti kompanin\u00eb e tij t\u00eb teknologjis\u00eb p\u00ebr 145 milion\u00eb dollar\u00eb n\u00eb vitin 2005. Vitin pasardh\u00ebs ai u em\u00ebrua shef i stafit t\u00eb Netanyahut.<\/p>\n\n\n\n<figure class=\"wp-block-image\"><a class=\"se__anchor image-popup-vertical-fit open-gallery--photoswipe-embed photoswipe-event\" href=\"https:\/\/media.jutarnji.hr\/images\/slike\/2026\/04\/27\/38794464.jpg\"><img decoding=\"async\" src=\"https:\/\/media.jutarnji.hr\/images\/slike\/2026\/04\/27\/38794464.jpg?1777268915\" alt=\"imazh\"\/><\/a><\/figure>\n\n\n\n<p>Bennett, p\u00ebrve\u00e7 pozicionit t\u00eb tij si Minist\u00ebr i Mbrojtjes, ishte gjithashtu Minist\u00ebr i Ekonomis\u00eb dhe Minist\u00ebr i Arsimit n\u00eb qeverit\u00eb e Netanyahut. Ai e riem\u00ebrtoi Sht\u00ebpin\u00eb Hebraike n\u00eb t\u00eb Djatht\u00ebn e Re dhe m\u00eb pas formoi bllokun Yaminu (E Djathta) n\u00eb vitin 2018. Partia e tij ishte an\u00ebtare e koalicionit t\u00eb Netanyahut, i cili u shemb po at\u00eb vit.<\/p>\n\n\n\n<h3 class=\"wp-block-heading\">Kush \u00ebsht\u00eb Yair Lapid?<\/h3>\n\n\n\n<p><strong>Yair Lapid<\/strong>&nbsp;\u00ebsht\u00eb nj\u00eb ish-udh\u00ebheq\u00ebs i opozit\u00ebs dhe prezantues televiziv. Ai ka lindur n\u00eb Tel Aviv dhe babai i tij \u00ebsht\u00eb ish-Ministri i Drejt\u00ebsis\u00eb,&nbsp;<strong>Yosef &#8220;Tommy&#8221; Lapid<\/strong>&nbsp;, nj\u00eb gazetar tjet\u00ebr q\u00eb hyri n\u00eb politik\u00eb.<\/p>\n\n\n\n<p>Ai filloi t\u00eb ngrihej politikisht kur partia e tij fitoi papritur 19 vende n\u00eb Knesset n\u00eb vitin 2013, duke e b\u00ebr\u00eb at\u00eb nj\u00eb faktor t\u00eb besuesh\u00ebm n\u00eb politik\u00ebn izraelite. N\u00eb vitin 2019, partia iu bashkua aleanc\u00ebs qendrore Blu-Bardh\u00eb n\u00ebn udh\u00ebheqjen e ish-shefit t\u00eb ushtris\u00eb izraelite&nbsp;<strong>Benny Gantz<\/strong>&nbsp;. Blu dhe t\u00eb Bardh\u00ebt ishin konkurrent\u00ebt kryesor\u00eb t\u00eb Likudit t\u00eb krahut t\u00eb djatht\u00eb t\u00eb Netanyahut n\u00eb tre zgjedhje n\u00eb m\u00eb pak se nj\u00eb vit.<\/p>\n","protected":false},"excerpt":{"rendered":"<p>Dy rival\u00ebt kryesor\u00eb t\u00eb Netanyahut, ish-kryeministrat&nbsp;Naftali Bennett&nbsp;dhe&nbsp;Yair Lapid&nbsp;, kan\u00eb njoftuar se po bashkojn\u00eb partit\u00eb e tyre n\u00eb p\u00ebrpjekje p\u00ebr t\u00eb rr\u00ebzuar qeverin\u00eb e tij. Bennett (i krahut t\u00eb djatht\u00eb) dhe Lapid (i qendr\u00ebs) e njoftuan k\u00ebt\u00eb n\u00eb nj\u00eb konferenc\u00eb t\u00eb p\u00ebrbashk\u00ebt p\u00ebr shtyp t\u00eb diel\u00ebn. Partia e re do t\u00eb quhet S\u00eb Bashku dhe do [&hellip;]<\/p>\n","protected":false},"author":4,"featured_media":11912,"comment_status":"open","ping_status":"open","sticky":false,"template":"","format":"standard","meta":{"footnotes":""},"categories":[33,30],"tags":[],"class_list":{"0":"post-11911","1":"post","2":"type-post","3":"status-publish","4":"format-standard","5":"has-post-thumbnail","7":"category-bote","8":"category-lajme"},"yoast_head":"<!-- This site is optimized with the Yoast SEO plugin v27.4 - https:\/\/yoast.com\/product\/yoast-seo-wordpress\/ -->\n<title>B\u00ebhet pakti p\u00ebr t\u00eb rr\u00ebzuar Benjamin Netanyahun! - Kosova Times<\/title>\n<meta name=\"robots\" content=\"index, follow, max-snippet:-1, max-image-preview:large, max-video-preview:-1\" \/>\n<link rel=\"canonical\" href=\"https:\/\/kosovatimes.info\/index.php\/2026\/04\/27\/u-be-nje-pakt-per-te-rrezuar-benjamin-netanyahun\/\" \/>\n<meta property=\"og:locale\" content=\"en_US\" \/>\n<meta property=\"og:type\" content=\"article\" \/>\n<meta property=\"og:title\" content=\"B\u00ebhet pakti p\u00ebr t\u00eb rr\u00ebzuar Benjamin Netanyahun! - Kosova Times\" \/>\n<meta property=\"og:description\" content=\"Dy rival\u00ebt kryesor\u00eb t\u00eb Netanyahut, ish-kryeministrat&nbsp;Naftali Bennett&nbsp;dhe&nbsp;Yair Lapid&nbsp;, kan\u00eb njoftuar se po bashkojn\u00eb partit\u00eb e tyre n\u00eb p\u00ebrpjekje p\u00ebr t\u00eb rr\u00ebzuar qeverin\u00eb e tij. Bennett (i krahut t\u00eb djatht\u00eb) dhe Lapid (i qendr\u00ebs) e njoftuan k\u00ebt\u00eb n\u00eb nj\u00eb konferenc\u00eb t\u00eb p\u00ebrbashk\u00ebt p\u00ebr shtyp t\u00eb diel\u00ebn. Partia e re do t\u00eb quhet S\u00eb Bashku dhe do [&hellip;]\" \/>\n<meta property=\"og:url\" content=\"https:\/\/kosovatimes.info\/index.php\/2026\/04\/27\/u-be-nje-pakt-per-te-rrezuar-benjamin-netanyahun\/\" \/>\n<meta property=\"og:site_name\" content=\"Kosova Times\" \/>\n<meta property=\"article:published_time\" content=\"2026-04-27T06:21:59+00:00\" \/>\n<meta property=\"article:modified_time\" content=\"2026-04-27T06:22:23+00:00\" \/>\n<meta property=\"og:image\" content=\"https:\/\/kosovatimes.info\/wp-content\/uploads\/2026\/04\/Natanyahu.jpg\" \/>\n\t<meta property=\"og:image:width\" content=\"1280\" \/>\n\t<meta property=\"og:image:height\" content=\"670\" \/>\n\t<meta property=\"og:image:type\" content=\"image\/jpeg\" \/>\n<meta name=\"author\" content=\"i l\" \/>\n<meta name=\"twitter:card\" content=\"summary_large_image\" \/>\n<meta name=\"twitter:label1\" content=\"Written by\" \/>\n\t<meta name=\"twitter:data1\" content=\"i l\" \/>\n\t<meta name=\"twitter:label2\" content=\"Est. reading time\" \/>\n\t<meta name=\"twitter:data2\" content=\"3 minutes\" \/>\n<script type=\"application\/ld+json\" class=\"yoast-schema-graph\">{\"@context\":\"https:\\\/\\\/schema.org\",\"@graph\":[{\"@type\":\"Article\",\"@id\":\"https:\\\/\\\/kosovatimes.info\\\/index.php\\\/2026\\\/04\\\/27\\\/u-be-nje-pakt-per-te-rrezuar-benjamin-netanyahun\\\/#article\",\"isPartOf\":{\"@id\":\"https:\\\/\\\/kosovatimes.info\\\/index.php\\\/2026\\\/04\\\/27\\\/u-be-nje-pakt-per-te-rrezuar-benjamin-netanyahun\\\/\"},\"author\":{\"name\":\"i l\",\"@id\":\"https:\\\/\\\/kosovatimes.info\\\/#\\\/schema\\\/person\\\/7586712b9c512fe68085de007378c915\"},\"headline\":\"B\u00ebhet pakti p\u00ebr t\u00eb rr\u00ebzuar Benjamin Netanyahun!\",\"datePublished\":\"2026-04-27T06:21:59+00:00\",\"dateModified\":\"2026-04-27T06:22:23+00:00\",\"mainEntityOfPage\":{\"@id\":\"https:\\\/\\\/kosovatimes.info\\\/index.php\\\/2026\\\/04\\\/27\\\/u-be-nje-pakt-per-te-rrezuar-benjamin-netanyahun\\\/\"},\"wordCount\":549,\"commentCount\":0,\"image\":{\"@id\":\"https:\\\/\\\/kosovatimes.info\\\/index.php\\\/2026\\\/04\\\/27\\\/u-be-nje-pakt-per-te-rrezuar-benjamin-netanyahun\\\/#primaryimage\"},\"thumbnailUrl\":\"https:\\\/\\\/kosovatimes.info\\\/wp-content\\\/uploads\\\/2026\\\/04\\\/Natanyahu.jpg\",\"articleSection\":[\"Bot\u00eb\",\"Lajme\"],\"inLanguage\":\"en-US\",\"potentialAction\":[{\"@type\":\"CommentAction\",\"name\":\"Comment\",\"target\":[\"https:\\\/\\\/kosovatimes.info\\\/index.php\\\/2026\\\/04\\\/27\\\/u-be-nje-pakt-per-te-rrezuar-benjamin-netanyahun\\\/#respond\"]}]},{\"@type\":\"WebPage\",\"@id\":\"https:\\\/\\\/kosovatimes.info\\\/index.php\\\/2026\\\/04\\\/27\\\/u-be-nje-pakt-per-te-rrezuar-benjamin-netanyahun\\\/\",\"url\":\"https:\\\/\\\/kosovatimes.info\\\/index.php\\\/2026\\\/04\\\/27\\\/u-be-nje-pakt-per-te-rrezuar-benjamin-netanyahun\\\/\",\"name\":\"B\u00ebhet pakti p\u00ebr t\u00eb rr\u00ebzuar Benjamin Netanyahun! - Kosova Times\",\"isPartOf\":{\"@id\":\"https:\\\/\\\/kosovatimes.info\\\/#website\"},\"primaryImageOfPage\":{\"@id\":\"https:\\\/\\\/kosovatimes.info\\\/index.php\\\/2026\\\/04\\\/27\\\/u-be-nje-pakt-per-te-rrezuar-benjamin-netanyahun\\\/#primaryimage\"},\"image\":{\"@id\":\"https:\\\/\\\/kosovatimes.info\\\/index.php\\\/2026\\\/04\\\/27\\\/u-be-nje-pakt-per-te-rrezuar-benjamin-netanyahun\\\/#primaryimage\"},\"thumbnailUrl\":\"https:\\\/\\\/kosovatimes.info\\\/wp-content\\\/uploads\\\/2026\\\/04\\\/Natanyahu.jpg\",\"datePublished\":\"2026-04-27T06:21:59+00:00\",\"dateModified\":\"2026-04-27T06:22:23+00:00\",\"author\":{\"@id\":\"https:\\\/\\\/kosovatimes.info\\\/#\\\/schema\\\/person\\\/7586712b9c512fe68085de007378c915\"},\"breadcrumb\":{\"@id\":\"https:\\\/\\\/kosovatimes.info\\\/index.php\\\/2026\\\/04\\\/27\\\/u-be-nje-pakt-per-te-rrezuar-benjamin-netanyahun\\\/#breadcrumb\"},\"inLanguage\":\"en-US\",\"potentialAction\":[{\"@type\":\"ReadAction\",\"target\":[\"https:\\\/\\\/kosovatimes.info\\\/index.php\\\/2026\\\/04\\\/27\\\/u-be-nje-pakt-per-te-rrezuar-benjamin-netanyahun\\\/\"]}]},{\"@type\":\"ImageObject\",\"inLanguage\":\"en-US\",\"@id\":\"https:\\\/\\\/kosovatimes.info\\\/index.php\\\/2026\\\/04\\\/27\\\/u-be-nje-pakt-per-te-rrezuar-benjamin-netanyahun\\\/#primaryimage\",\"url\":\"https:\\\/\\\/kosovatimes.info\\\/wp-content\\\/uploads\\\/2026\\\/04\\\/Natanyahu.jpg\",\"contentUrl\":\"https:\\\/\\\/kosovatimes.info\\\/wp-content\\\/uploads\\\/2026\\\/04\\\/Natanyahu.jpg\",\"width\":1280,\"height\":670},{\"@type\":\"BreadcrumbList\",\"@id\":\"https:\\\/\\\/kosovatimes.info\\\/index.php\\\/2026\\\/04\\\/27\\\/u-be-nje-pakt-per-te-rrezuar-benjamin-netanyahun\\\/#breadcrumb\",\"itemListElement\":[{\"@type\":\"ListItem\",\"position\":1,\"name\":\"Home\",\"item\":\"https:\\\/\\\/kosovatimes.info\\\/\"},{\"@type\":\"ListItem\",\"position\":2,\"name\":\"B\u00ebhet pakti p\u00ebr t\u00eb rr\u00ebzuar Benjamin Netanyahun!\"}]},{\"@type\":\"WebSite\",\"@id\":\"https:\\\/\\\/kosovatimes.info\\\/#website\",\"url\":\"https:\\\/\\\/kosovatimes.info\\\/\",\"name\":\"Kosova Times\",\"description\":\"\",\"potentialAction\":[{\"@type\":\"SearchAction\",\"target\":{\"@type\":\"EntryPoint\",\"urlTemplate\":\"https:\\\/\\\/kosovatimes.info\\\/?s={search_term_string}\"},\"query-input\":{\"@type\":\"PropertyValueSpecification\",\"valueRequired\":true,\"valueName\":\"search_term_string\"}}],\"inLanguage\":\"en-US\"},{\"@type\":\"Person\",\"@id\":\"https:\\\/\\\/kosovatimes.info\\\/#\\\/schema\\\/person\\\/7586712b9c512fe68085de007378c915\",\"name\":\"i l\",\"image\":{\"@type\":\"ImageObject\",\"inLanguage\":\"en-US\",\"@id\":\"https:\\\/\\\/secure.gravatar.com\\\/avatar\\\/bad9296e02816160ae2e2435beda58222022298d5625d49fea74d18816fbb31d?s=96&d=mm&r=g\",\"url\":\"https:\\\/\\\/secure.gravatar.com\\\/avatar\\\/bad9296e02816160ae2e2435beda58222022298d5625d49fea74d18816fbb31d?s=96&d=mm&r=g\",\"contentUrl\":\"https:\\\/\\\/secure.gravatar.com\\\/avatar\\\/bad9296e02816160ae2e2435beda58222022298d5625d49fea74d18816fbb31d?s=96&d=mm&r=g\",\"caption\":\"i l\"},\"url\":\"https:\\\/\\\/kosovatimes.info\\\/index.php\\\/author\\\/iliri\\\/\"}]}<\/script>\n<!-- \/ Yoast SEO plugin. -->","yoast_head_json":{"title":"B\u00ebhet pakti p\u00ebr t\u00eb rr\u00ebzuar Benjamin Netanyahun! - Kosova Times","robots":{"index":"index","follow":"follow","max-snippet":"max-snippet:-1","max-image-preview":"max-image-preview:large","max-video-preview":"max-video-preview:-1"},"canonical":"https:\/\/kosovatimes.info\/index.php\/2026\/04\/27\/u-be-nje-pakt-per-te-rrezuar-benjamin-netanyahun\/","og_locale":"en_US","og_type":"article","og_title":"B\u00ebhet pakti p\u00ebr t\u00eb rr\u00ebzuar Benjamin Netanyahun! - Kosova Times","og_description":"Dy rival\u00ebt kryesor\u00eb t\u00eb Netanyahut, ish-kryeministrat&nbsp;Naftali Bennett&nbsp;dhe&nbsp;Yair Lapid&nbsp;, kan\u00eb njoftuar se po bashkojn\u00eb partit\u00eb e tyre n\u00eb p\u00ebrpjekje p\u00ebr t\u00eb rr\u00ebzuar qeverin\u00eb e tij. Bennett (i krahut t\u00eb djatht\u00eb) dhe Lapid (i qendr\u00ebs) e njoftuan k\u00ebt\u00eb n\u00eb nj\u00eb konferenc\u00eb t\u00eb p\u00ebrbashk\u00ebt p\u00ebr shtyp t\u00eb diel\u00ebn. Partia e re do t\u00eb quhet S\u00eb Bashku dhe do [&hellip;]","og_url":"https:\/\/kosovatimes.info\/index.php\/2026\/04\/27\/u-be-nje-pakt-per-te-rrezuar-benjamin-netanyahun\/","og_site_name":"Kosova Times","article_published_time":"2026-04-27T06:21:59+00:00","article_modified_time":"2026-04-27T06:22:23+00:00","og_image":[{"width":1280,"height":670,"url":"https:\/\/kosovatimes.info\/wp-content\/uploads\/2026\/04\/Natanyahu.jpg","type":"image\/jpeg"}],"author":"i l","twitter_card":"summary_large_image","twitter_misc":{"Written by":"i l","Est. reading time":"3 minutes"},"schema":{"@context":"https:\/\/schema.org","@graph":[{"@type":"Article","@id":"https:\/\/kosovatimes.info\/index.php\/2026\/04\/27\/u-be-nje-pakt-per-te-rrezuar-benjamin-netanyahun\/#article","isPartOf":{"@id":"https:\/\/kosovatimes.info\/index.php\/2026\/04\/27\/u-be-nje-pakt-per-te-rrezuar-benjamin-netanyahun\/"},"author":{"name":"i l","@id":"https:\/\/kosovatimes.info\/#\/schema\/person\/7586712b9c512fe68085de007378c915"},"headline":"B\u00ebhet pakti p\u00ebr t\u00eb rr\u00ebzuar Benjamin Netanyahun!","datePublished":"2026-04-27T06:21:59+00:00","dateModified":"2026-04-27T06:22:23+00:00","mainEntityOfPage":{"@id":"https:\/\/kosovatimes.info\/index.php\/2026\/04\/27\/u-be-nje-pakt-per-te-rrezuar-benjamin-netanyahun\/"},"wordCount":549,"commentCount":0,"image":{"@id":"https:\/\/kosovatimes.info\/index.php\/2026\/04\/27\/u-be-nje-pakt-per-te-rrezuar-benjamin-netanyahun\/#primaryimage"},"thumbnailUrl":"https:\/\/kosovatimes.info\/wp-content\/uploads\/2026\/04\/Natanyahu.jpg","articleSection":["Bot\u00eb","Lajme"],"inLanguage":"en-US","potentialAction":[{"@type":"CommentAction","name":"Comment","target":["https:\/\/kosovatimes.info\/index.php\/2026\/04\/27\/u-be-nje-pakt-per-te-rrezuar-benjamin-netanyahun\/#respond"]}]},{"@type":"WebPage","@id":"https:\/\/kosovatimes.info\/index.php\/2026\/04\/27\/u-be-nje-pakt-per-te-rrezuar-benjamin-netanyahun\/","url":"https:\/\/kosovatimes.info\/index.php\/2026\/04\/27\/u-be-nje-pakt-per-te-rrezuar-benjamin-netanyahun\/","name":"B\u00ebhet pakti p\u00ebr t\u00eb rr\u00ebzuar Benjamin Netanyahun! - Kosova Times","isPartOf":{"@id":"https:\/\/kosovatimes.info\/#website"},"primaryImageOfPage":{"@id":"https:\/\/kosovatimes.info\/index.php\/2026\/04\/27\/u-be-nje-pakt-per-te-rrezuar-benjamin-netanyahun\/#primaryimage"},"image":{"@id":"https:\/\/kosovatimes.info\/index.php\/2026\/04\/27\/u-be-nje-pakt-per-te-rrezuar-benjamin-netanyahun\/#primaryimage"},"thumbnailUrl":"https:\/\/kosovatimes.info\/wp-content\/uploads\/2026\/04\/Natanyahu.jpg","datePublished":"2026-04-27T06:21:59+00:00","dateModified":"2026-04-27T06:22:23+00:00","author":{"@id":"https:\/\/kosovatimes.info\/#\/schema\/person\/7586712b9c512fe68085de007378c915"},"breadcrumb":{"@id":"https:\/\/kosovatimes.info\/index.php\/2026\/04\/27\/u-be-nje-pakt-per-te-rrezuar-benjamin-netanyahun\/#breadcrumb"},"inLanguage":"en-US","potentialAction":[{"@type":"ReadAction","target":["https:\/\/kosovatimes.info\/index.php\/2026\/04\/27\/u-be-nje-pakt-per-te-rrezuar-benjamin-netanyahun\/"]}]},{"@type":"ImageObject","inLanguage":"en-US","@id":"https:\/\/kosovatimes.info\/index.php\/2026\/04\/27\/u-be-nje-pakt-per-te-rrezuar-benjamin-netanyahun\/#primaryimage","url":"https:\/\/kosovatimes.info\/wp-content\/uploads\/2026\/04\/Natanyahu.jpg","contentUrl":"https:\/\/kosovatimes.info\/wp-content\/uploads\/2026\/04\/Natanyahu.jpg","width":1280,"height":670},{"@type":"BreadcrumbList","@id":"https:\/\/kosovatimes.info\/index.php\/2026\/04\/27\/u-be-nje-pakt-per-te-rrezuar-benjamin-netanyahun\/#breadcrumb","itemListElement":[{"@type":"ListItem","position":1,"name":"Home","item":"https:\/\/kosovatimes.info\/"},{"@type":"ListItem","position":2,"name":"B\u00ebhet pakti p\u00ebr t\u00eb rr\u00ebzuar Benjamin Netanyahun!"}]},{"@type":"WebSite","@id":"https:\/\/kosovatimes.info\/#website","url":"https:\/\/kosovatimes.info\/","name":"Kosova Times","description":"","potentialAction":[{"@type":"SearchAction","target":{"@type":"EntryPoint","urlTemplate":"https:\/\/kosovatimes.info\/?s={search_term_string}"},"query-input":{"@type":"PropertyValueSpecification","valueRequired":true,"valueName":"search_term_string"}}],"inLanguage":"en-US"},{"@type":"Person","@id":"https:\/\/kosovatimes.info\/#\/schema\/person\/7586712b9c512fe68085de007378c915","name":"i l","image":{"@type":"ImageObject","inLanguage":"en-US","@id":"https:\/\/secure.gravatar.com\/avatar\/bad9296e02816160ae2e2435beda58222022298d5625d49fea74d18816fbb31d?s=96&d=mm&r=g","url":"https:\/\/secure.gravatar.com\/avatar\/bad9296e02816160ae2e2435beda58222022298d5625d49fea74d18816fbb31d?s=96&d=mm&r=g","contentUrl":"https:\/\/secure.gravatar.com\/avatar\/bad9296e02816160ae2e2435beda58222022298d5625d49fea74d18816fbb31d?s=96&d=mm&r=g","caption":"i l"},"url":"https:\/\/kosovatimes.info\/index.php\/author\/iliri\/"}]}},"_links":{"self":[{"href":"https:\/\/kosovatimes.info\/index.php\/wp-json\/wp\/v2\/posts\/11911","targetHints":{"allow":["GET"]}}],"collection":[{"href":"https:\/\/kosovatimes.info\/index.php\/wp-json\/wp\/v2\/posts"}],"about":[{"href":"https:\/\/kosovatimes.info\/index.php\/wp-json\/wp\/v2\/types\/post"}],"author":[{"embeddable":true,"href":"https:\/\/kosovatimes.info\/index.php\/wp-json\/wp\/v2\/users\/4"}],"replies":[{"embeddable":true,"href":"https:\/\/kosovatimes.info\/index.php\/wp-json\/wp\/v2\/comments?post=11911"}],"version-history":[{"count":2,"href":"https:\/\/kosovatimes.info\/index.php\/wp-json\/wp\/v2\/posts\/11911\/revisions"}],"predecessor-version":[{"id":11914,"href":"https:\/\/kosovatimes.info\/index.php\/wp-json\/wp\/v2\/posts\/11911\/revisions\/11914"}],"wp:featuredmedia":[{"embeddable":true,"href":"https:\/\/kosovatimes.info\/index.php\/wp-json\/wp\/v2\/media\/11912"}],"wp:attachment":[{"href":"https:\/\/kosovatimes.info\/index.php\/wp-json\/wp\/v2\/media?parent=11911"}],"wp:term":[{"taxonomy":"category","embeddable":true,"href":"https:\/\/kosovatimes.info\/index.php\/wp-json\/wp\/v2\/categories?post=11911"},{"taxonomy":"post_tag","embeddable":true,"href":"https:\/\/kosovatimes.info\/index.php\/wp-json\/wp\/v2\/tags?post=11911"}],"curies":[{"name":"wp","href":"https:\/\/api.w.org\/{rel}","templated":true}]}}