{"id":11918,"date":"2026-04-27T08:32:01","date_gmt":"2026-04-27T06:32:01","guid":{"rendered":"https:\/\/kosovatimes.info\/?p=11918"},"modified":"2026-04-27T08:32:06","modified_gmt":"2026-04-27T06:32:06","slug":"italia-ne-shok-per-skandalin-e-futbollit-interi-dhe-gjyqtari-kryesor-ne-qender-te-vemendjes","status":"publish","type":"post","link":"https:\/\/kosovatimes.info\/index.php\/2026\/04\/27\/italia-ne-shok-per-skandalin-e-futbollit-interi-dhe-gjyqtari-kryesor-ne-qender-te-vemendjes\/","title":{"rendered":"Italia n\u00eb shok p\u00ebr skandalin e futbollit, Interi dhe gjyqtari kryesor n\u00eb qend\u00ebr t\u00eb v\u00ebmendjes"},"content":{"rendered":"\n<p>Gjyqtari kryesor n\u00eb Serie A, Gianluca Rocchi, \u00ebsht\u00eb gjendur n\u00eb qend\u00ebr t\u00eb nj\u00eb skandali t\u00eb madh q\u00eb dyshohet se p\u00ebrfshin edhe Interin.Sipas agjencis\u00eb italiane t\u00eb lajmeve AIA, Rocchi \u00ebsht\u00eb n\u00ebn hetim nga zyra e prokurorit t\u00eb Milanos p\u00ebr &#8220;bashk\u00ebpunim t\u00eb dyshuar n\u00eb mashtrime sportive&#8221; dhe akuzohet p\u00ebr nd\u00ebrhyrje n\u00eb vendimet e dhom\u00ebs s\u00eb VAR dhe favorizim t\u00eb Interit.<\/p>\n\n\n\n<p>Si personi p\u00ebrgjegj\u00ebs p\u00ebr gjyqtar\u00ebt n\u00eb Serie A dhe Serie B, Rocchi dyshohet p\u00ebr nd\u00ebrhyrje t\u00eb drejtp\u00ebrdrejt\u00eb n\u00eb vendimet q\u00eb lidhen me teknologjin\u00eb video (VAR). Prokuroria dyshohet se ka prova t\u00eb forta video dhe audio p\u00ebr k\u00ebto pretendime, dhe ndeshja midis Udineses dhe Parm\u00ebs, e luajtur m\u00eb 1 mars 2025, \u00ebsht\u00eb n\u00ebn shqyrtim n\u00eb ve\u00e7anti.<\/p>\n\n\n\n<p>P\u00ebrve\u00e7 k\u00ebsaj, njeriu i par\u00eb i organizat\u00ebs s\u00eb arbitrave u akuzua p\u00ebr &#8220;favorizim&#8221; t\u00eb Interit duke deleguar arbitra q\u00eb i p\u00ebrgjigjen Nerazzurr\u00ebve.<\/p>\n\n\n\n<figure class=\"wp-block-embed is-type-rich is-provider-twitter wp-block-embed-twitter\"><div class=\"wp-block-embed__wrapper\">\n<blockquote class=\"twitter-tweet\" data-width=\"550\" data-dnt=\"true\"><p lang=\"fr\" dir=\"ltr\">\ud83d\udd34 \u201cUn nouveau choc pour le Calcio\u201d, \u201cFracass\u00e9s\u201d, \u201cLe nouveau Calciopoli ?\u201d : Les Unes des quotidiens sportifs, qui reviennent pour la plupart sur la nouvelle que Gianluca <a href=\"https:\/\/twitter.com\/hashtag\/Rocchi?src=hash&amp;ref_src=twsrc%5Etfw\">#Rocchi<\/a>, chef des arbitres italiens, est accus\u00e9 de \u201ccomplicit\u00e9 de fraude sportive\u201d pour des pressions sur la\u2026 <a href=\"https:\/\/t.co\/2hjtf8EtxU\">pic.twitter.com\/2hjtf8EtxU<\/a><\/p>&mdash; Guillaume Pacini (@Guillaumemp) <a href=\"https:\/\/twitter.com\/Guillaumemp\/status\/2048272618499792982?ref_src=twsrc%5Etfw\">April 26, 2026<\/a><\/blockquote><script async src=\"https:\/\/platform.twitter.com\/widgets.js\" charset=\"utf-8\"><\/script>\n<\/div><\/figure>\n\n\n\n<p>Madje dy nga tre akuzat kryesore t\u00eb aktakuz\u00ebs kund\u00ebr Rocchi-t kan\u00eb t\u00eb b\u00ebjn\u00eb drejtp\u00ebrdrejt me Interin. Sipas agjencis\u00eb AGI, italiani p\u00ebrdori pozicionin e tij p\u00ebr t\u00eb deleguar gjyqtarin Andrea Colombo p\u00ebr ndeshjen Bolonja &#8211; Inter (20 prill 2025). Colombo, dyshohet se ishte gjyqtari &#8220;i personalizuar&#8221; i ekipit mysafir, i cili n\u00eb at\u00eb koh\u00eb po udh\u00ebhiqte nj\u00eb betej\u00eb t\u00eb ashp\u00ebr p\u00ebr titullin.<\/p>\n\n\n\n<p>Pak m\u00eb par\u00eb, Rocchi thuhet se shkoi aq larg sa delegoi nj\u00eb gjyqtar q\u00eb &#8220;nuk ishte sipas d\u00ebshir\u00ebs&#8221; s\u00eb Nerazzurr\u00ebve p\u00ebr ndeshjen e kthimit t\u00eb gjysm\u00ebfinales s\u00eb Kup\u00ebs s\u00eb Italis\u00eb midis AC Milan dhe Inter, me q\u00ebllimin e fshehur p\u00ebr t&#8217;u siguruar atyre nj\u00eb arbit\u00ebr q\u00eb do t\u00eb ishte n\u00eb favor t\u00eb tyre n\u00eb finalen eventuale.<\/p>\n\n\n\n<p>\u00cbsht\u00eb interesante q\u00eb n\u00eb k\u00ebto dy ndeshje, gj\u00ebrat nuk p\u00ebrfunduan me fitoren e Interit, gj\u00eb q\u00eb e shfaj\u00ebson disi klubin e Milanos p\u00ebrtej akuzave t\u00eb thjeshta p\u00ebr manipulim.<\/p>\n\n\n\n<figure class=\"wp-block-embed is-type-rich is-provider-twitter wp-block-embed-twitter\"><div class=\"wp-block-embed__wrapper\">\n<blockquote class=\"twitter-tweet\" data-width=\"550\" data-dnt=\"true\"><p lang=\"fr\" dir=\"ltr\">Gazzetta : L\u2019Inter est \u201cconstern\u00e9e\u201d par les r\u00e9v\u00e9lations autour de Gianluca <a href=\"https:\/\/twitter.com\/hashtag\/Rocchi?src=hash&amp;ref_src=twsrc%5Etfw\">#Rocchi<\/a>, l\u2019\u00e9quipe avait perdu deux troph\u00e9es lors du match \u00e0 Bologne et le derby de Coupe d\u2019Italie. Les dirigeants sont \u201ctr\u00e8s tranquilles\u201d et n\u2019ont re\u00e7u aucun \u201cavis d\u2019enqu\u00eate\u201d \ud83d\uddde\ufe0f <a href=\"https:\/\/t.co\/4Y2AKqMRRR\">pic.twitter.com\/4Y2AKqMRRR<\/a><\/p>&mdash; Guillaume Pacini (@Guillaumemp) <a href=\"https:\/\/twitter.com\/Guillaumemp\/status\/2048276709162512516?ref_src=twsrc%5Etfw\">April 26, 2026<\/a><\/blockquote><script async src=\"https:\/\/platform.twitter.com\/widgets.js\" charset=\"utf-8\"><\/script>\n<\/div><\/figure>\n\n\n\n<p>N\u00eb nj\u00eb deklarat\u00eb p\u00ebr La Gazzetta dello Sport, menaxhmenti i gjigant\u00ebve t\u00eb Milanit tha se ishin &#8220;plot\u00ebsisht t\u00eb qet\u00eb&#8221;, por edhe &#8220;t\u00eb tmerruar&#8221; nga zhvillimi i situat\u00ebs.<\/p>\n\n\n\n<p>Kur b\u00ebhet fjal\u00eb p\u00ebr ndeshjen e diskutueshme midis Udineses dhe Parm\u00ebs, Rocchi dyshohet se i ka b\u00ebr\u00eb presion t\u00eb drejtp\u00ebrdrejt\u00eb gjyqtarit t\u00eb VAR-it q\u00eb ta th\u00ebrriste gjyqtarin p\u00ebr t\u00eb dh\u00ebn\u00eb nj\u00eb penallti p\u00ebr Udinese-n. Sipas akuzave, gjyqtari kryesor po trokiste fjal\u00eb p\u00ebr fjal\u00eb n\u00eb xhamin e dhom\u00ebs s\u00eb VAR-it p\u00ebr t\u00eb t\u00ebrhequr v\u00ebmendjen dhe p\u00ebr t\u00eb p\u00ebrcjell\u00eb udh\u00ebzimet e tij. Ky veprim p\u00ebrfaq\u00ebson nj\u00eb shkelje t\u00eb r\u00ebnd\u00eb t\u00eb rregullave aktuale q\u00eb k\u00ebrkojn\u00eb autonomi t\u00eb plot\u00eb dhe izolim t\u00eb dhom\u00ebs s\u00eb VAR-it.Ish-ndihm\u00ebs gjyqtari Domenico Rocca kishte paraqitur m\u00eb par\u00eb kall\u00ebzime duke paralajm\u00ebruar p\u00ebr sjelljen e Rocchi-t, por ato u rr\u00ebzuan. Megjithat\u00eb, duket se prokuroria tani \u00ebsht\u00eb p\u00ebrqendruar pik\u00ebrisht te ndeshja Udinese &#8211; Parma p\u00ebr shkak t\u00eb provave t\u00eb pakund\u00ebrshtueshme.<\/p>\n\n\n\n<p>Sipas Gazzetta-s, hetuesit aktualisht po shqyrtojn\u00eb gjithsej pes\u00eb ndeshje:<\/p>\n\n\n\n<p>Inter &#8211; Verona (6 janar 2024)<\/p>\n\n\n\n<p>Udinese &#8211; Parma (1 mars 2025)<\/p>\n\n\n\n<p>Salernitana &#8211; Modena (8 mars 2025)<\/p>\n\n\n\n<p>Bolonja &#8211; Inter (20 prill 2025)<\/p>\n\n\n\n<p>Inter &#8211; Milan (23 prill 2025)<\/p>\n\n\n\n<p>Ky lajm p\u00ebrfaq\u00ebson nj\u00eb goditje t\u00eb madhe p\u00ebr futbollin italian, i cili \u00ebsht\u00eb tashm\u00eb n\u00eb nj\u00eb kriz\u00eb t\u00eb thell\u00eb pas rezultateve t\u00eb dob\u00ebta t\u00eb klubeve n\u00eb Evrop\u00eb dhe ekipit komb\u00ebtar q\u00eb humbi Kup\u00ebn e Bot\u00ebs p\u00ebr her\u00eb t\u00eb tret\u00eb radhazi.<\/p>\n\n\n\n<p>Titujt kryesor\u00eb t\u00eb gazetave sportive jan\u00eb britma. Tuttosport pyet hapur: &#8220;Nj\u00eb Calciopoli i ri?&#8221;, nd\u00ebrsa Corriere dello Sport mban nj\u00eb titull t\u00eb madh: &#8220;T\u00eb shkat\u00ebrruarit&#8221;. Il Messaggero shkruan p\u00ebr &#8220;Hetimin q\u00eb trondit Calcio-n&#8221;.<\/p>\n\n\n\n<p>Nga ana tjet\u00ebr, Gianluca Rocchi thot\u00eb se \u00ebsht\u00eb &#8220;i qet\u00eb dhe i vendosur&#8221; n\u00eb q\u00ebllimin e tij p\u00ebr t\u00eb provuar pafaj\u00ebsin\u00eb dhe integritetin e tij.<\/p>\n\n\n\n<p>Nga rruga, q\u00eb nga ky sezon, Rocchi dhe asistent\u00ebt e tij nuk kan\u00eb m\u00eb qasje n\u00eb dhom\u00ebn e VAR-it. Tani, me iniciativ\u00ebn e Federat\u00ebs Italiane t\u00eb Futbollit (FIGC), ka inspektor\u00eb t\u00eb posa\u00e7\u00ebm t\u00eb ngarkuar ekskluzivisht me parandalimin e \u00e7do nd\u00ebrhyrjeje t\u00eb jashtme n\u00eb arbitrim.<\/p>\n","protected":false},"excerpt":{"rendered":"<p>Gjyqtari kryesor n\u00eb Serie A, Gianluca Rocchi, \u00ebsht\u00eb gjendur n\u00eb qend\u00ebr t\u00eb nj\u00eb skandali t\u00eb madh q\u00eb dyshohet se p\u00ebrfshin edhe Interin.Sipas agjencis\u00eb italiane t\u00eb lajmeve AIA, Rocchi \u00ebsht\u00eb n\u00ebn hetim nga zyra e prokurorit t\u00eb Milanos p\u00ebr &#8220;bashk\u00ebpunim t\u00eb dyshuar n\u00eb mashtrime sportive&#8221; dhe akuzohet p\u00ebr nd\u00ebrhyrje n\u00eb vendimet e dhom\u00ebs s\u00eb VAR dhe [&hellip;]<\/p>\n","protected":false},"author":4,"featured_media":11919,"comment_status":"open","ping_status":"open","sticky":false,"template":"","format":"standard","meta":{"footnotes":""},"categories":[42],"tags":[],"class_list":{"0":"post-11918","1":"post","2":"type-post","3":"status-publish","4":"format-standard","5":"has-post-thumbnail","7":"category-sport"},"yoast_head":"<!-- This site is optimized with the Yoast SEO plugin v27.4 - https:\/\/yoast.com\/product\/yoast-seo-wordpress\/ -->\n<title>Italia n\u00eb shok p\u00ebr skandalin e futbollit, Interi dhe gjyqtari kryesor n\u00eb qend\u00ebr t\u00eb v\u00ebmendjes - Kosova Times<\/title>\n<meta name=\"robots\" content=\"index, follow, max-snippet:-1, max-image-preview:large, max-video-preview:-1\" \/>\n<link rel=\"canonical\" href=\"https:\/\/kosovatimes.info\/index.php\/2026\/04\/27\/italia-ne-shok-per-skandalin-e-futbollit-interi-dhe-gjyqtari-kryesor-ne-qender-te-vemendjes\/\" \/>\n<meta property=\"og:locale\" content=\"en_US\" \/>\n<meta property=\"og:type\" content=\"article\" \/>\n<meta property=\"og:title\" content=\"Italia n\u00eb shok p\u00ebr skandalin e futbollit, Interi dhe gjyqtari kryesor n\u00eb qend\u00ebr t\u00eb v\u00ebmendjes - Kosova Times\" \/>\n<meta property=\"og:description\" content=\"Gjyqtari kryesor n\u00eb Serie A, Gianluca Rocchi, \u00ebsht\u00eb gjendur n\u00eb qend\u00ebr t\u00eb nj\u00eb skandali t\u00eb madh q\u00eb dyshohet se p\u00ebrfshin edhe Interin.Sipas agjencis\u00eb italiane t\u00eb lajmeve AIA, Rocchi \u00ebsht\u00eb n\u00ebn hetim nga zyra e prokurorit t\u00eb Milanos p\u00ebr &#8220;bashk\u00ebpunim t\u00eb dyshuar n\u00eb mashtrime sportive&#8221; dhe akuzohet p\u00ebr nd\u00ebrhyrje n\u00eb vendimet e dhom\u00ebs s\u00eb VAR dhe [&hellip;]\" \/>\n<meta property=\"og:url\" content=\"https:\/\/kosovatimes.info\/index.php\/2026\/04\/27\/italia-ne-shok-per-skandalin-e-futbollit-interi-dhe-gjyqtari-kryesor-ne-qender-te-vemendjes\/\" \/>\n<meta property=\"og:site_name\" content=\"Kosova Times\" \/>\n<meta property=\"article:published_time\" content=\"2026-04-27T06:32:01+00:00\" \/>\n<meta property=\"article:modified_time\" content=\"2026-04-27T06:32:06+00:00\" \/>\n<meta property=\"og:image\" content=\"https:\/\/kosovatimes.info\/wp-content\/uploads\/2026\/04\/Itali-1.webp\" \/>\n\t<meta property=\"og:image:width\" content=\"800\" \/>\n\t<meta property=\"og:image:height\" content=\"533\" \/>\n\t<meta property=\"og:image:type\" content=\"image\/webp\" \/>\n<meta name=\"author\" content=\"i l\" \/>\n<meta name=\"twitter:card\" content=\"summary_large_image\" \/>\n<meta name=\"twitter:label1\" content=\"Written by\" \/>\n\t<meta name=\"twitter:data1\" content=\"i l\" \/>\n\t<meta name=\"twitter:label2\" content=\"Est. reading time\" \/>\n\t<meta name=\"twitter:data2\" content=\"3 minutes\" \/>\n<script type=\"application\/ld+json\" class=\"yoast-schema-graph\">{\"@context\":\"https:\\\/\\\/schema.org\",\"@graph\":[{\"@type\":\"Article\",\"@id\":\"https:\\\/\\\/kosovatimes.info\\\/index.php\\\/2026\\\/04\\\/27\\\/italia-ne-shok-per-skandalin-e-futbollit-interi-dhe-gjyqtari-kryesor-ne-qender-te-vemendjes\\\/#article\",\"isPartOf\":{\"@id\":\"https:\\\/\\\/kosovatimes.info\\\/index.php\\\/2026\\\/04\\\/27\\\/italia-ne-shok-per-skandalin-e-futbollit-interi-dhe-gjyqtari-kryesor-ne-qender-te-vemendjes\\\/\"},\"author\":{\"name\":\"i l\",\"@id\":\"https:\\\/\\\/kosovatimes.info\\\/#\\\/schema\\\/person\\\/7586712b9c512fe68085de007378c915\"},\"headline\":\"Italia n\u00eb shok p\u00ebr skandalin e futbollit, Interi dhe gjyqtari kryesor n\u00eb qend\u00ebr t\u00eb v\u00ebmendjes\",\"datePublished\":\"2026-04-27T06:32:01+00:00\",\"dateModified\":\"2026-04-27T06:32:06+00:00\",\"mainEntityOfPage\":{\"@id\":\"https:\\\/\\\/kosovatimes.info\\\/index.php\\\/2026\\\/04\\\/27\\\/italia-ne-shok-per-skandalin-e-futbollit-interi-dhe-gjyqtari-kryesor-ne-qender-te-vemendjes\\\/\"},\"wordCount\":796,\"commentCount\":0,\"image\":{\"@id\":\"https:\\\/\\\/kosovatimes.info\\\/index.php\\\/2026\\\/04\\\/27\\\/italia-ne-shok-per-skandalin-e-futbollit-interi-dhe-gjyqtari-kryesor-ne-qender-te-vemendjes\\\/#primaryimage\"},\"thumbnailUrl\":\"https:\\\/\\\/kosovatimes.info\\\/wp-content\\\/uploads\\\/2026\\\/04\\\/Itali-1.webp\",\"articleSection\":[\"Sport\"],\"inLanguage\":\"en-US\",\"potentialAction\":[{\"@type\":\"CommentAction\",\"name\":\"Comment\",\"target\":[\"https:\\\/\\\/kosovatimes.info\\\/index.php\\\/2026\\\/04\\\/27\\\/italia-ne-shok-per-skandalin-e-futbollit-interi-dhe-gjyqtari-kryesor-ne-qender-te-vemendjes\\\/#respond\"]}]},{\"@type\":\"WebPage\",\"@id\":\"https:\\\/\\\/kosovatimes.info\\\/index.php\\\/2026\\\/04\\\/27\\\/italia-ne-shok-per-skandalin-e-futbollit-interi-dhe-gjyqtari-kryesor-ne-qender-te-vemendjes\\\/\",\"url\":\"https:\\\/\\\/kosovatimes.info\\\/index.php\\\/2026\\\/04\\\/27\\\/italia-ne-shok-per-skandalin-e-futbollit-interi-dhe-gjyqtari-kryesor-ne-qender-te-vemendjes\\\/\",\"name\":\"Italia n\u00eb shok p\u00ebr skandalin e futbollit, Interi dhe gjyqtari kryesor n\u00eb qend\u00ebr t\u00eb v\u00ebmendjes - Kosova Times\",\"isPartOf\":{\"@id\":\"https:\\\/\\\/kosovatimes.info\\\/#website\"},\"primaryImageOfPage\":{\"@id\":\"https:\\\/\\\/kosovatimes.info\\\/index.php\\\/2026\\\/04\\\/27\\\/italia-ne-shok-per-skandalin-e-futbollit-interi-dhe-gjyqtari-kryesor-ne-qender-te-vemendjes\\\/#primaryimage\"},\"image\":{\"@id\":\"https:\\\/\\\/kosovatimes.info\\\/index.php\\\/2026\\\/04\\\/27\\\/italia-ne-shok-per-skandalin-e-futbollit-interi-dhe-gjyqtari-kryesor-ne-qender-te-vemendjes\\\/#primaryimage\"},\"thumbnailUrl\":\"https:\\\/\\\/kosovatimes.info\\\/wp-content\\\/uploads\\\/2026\\\/04\\\/Itali-1.webp\",\"datePublished\":\"2026-04-27T06:32:01+00:00\",\"dateModified\":\"2026-04-27T06:32:06+00:00\",\"author\":{\"@id\":\"https:\\\/\\\/kosovatimes.info\\\/#\\\/schema\\\/person\\\/7586712b9c512fe68085de007378c915\"},\"breadcrumb\":{\"@id\":\"https:\\\/\\\/kosovatimes.info\\\/index.php\\\/2026\\\/04\\\/27\\\/italia-ne-shok-per-skandalin-e-futbollit-interi-dhe-gjyqtari-kryesor-ne-qender-te-vemendjes\\\/#breadcrumb\"},\"inLanguage\":\"en-US\",\"potentialAction\":[{\"@type\":\"ReadAction\",\"target\":[\"https:\\\/\\\/kosovatimes.info\\\/index.php\\\/2026\\\/04\\\/27\\\/italia-ne-shok-per-skandalin-e-futbollit-interi-dhe-gjyqtari-kryesor-ne-qender-te-vemendjes\\\/\"]}]},{\"@type\":\"ImageObject\",\"inLanguage\":\"en-US\",\"@id\":\"https:\\\/\\\/kosovatimes.info\\\/index.php\\\/2026\\\/04\\\/27\\\/italia-ne-shok-per-skandalin-e-futbollit-interi-dhe-gjyqtari-kryesor-ne-qender-te-vemendjes\\\/#primaryimage\",\"url\":\"https:\\\/\\\/kosovatimes.info\\\/wp-content\\\/uploads\\\/2026\\\/04\\\/Itali-1.webp\",\"contentUrl\":\"https:\\\/\\\/kosovatimes.info\\\/wp-content\\\/uploads\\\/2026\\\/04\\\/Itali-1.webp\",\"width\":800,\"height\":533},{\"@type\":\"BreadcrumbList\",\"@id\":\"https:\\\/\\\/kosovatimes.info\\\/index.php\\\/2026\\\/04\\\/27\\\/italia-ne-shok-per-skandalin-e-futbollit-interi-dhe-gjyqtari-kryesor-ne-qender-te-vemendjes\\\/#breadcrumb\",\"itemListElement\":[{\"@type\":\"ListItem\",\"position\":1,\"name\":\"Home\",\"item\":\"https:\\\/\\\/kosovatimes.info\\\/\"},{\"@type\":\"ListItem\",\"position\":2,\"name\":\"Italia n\u00eb shok p\u00ebr skandalin e futbollit, Interi dhe gjyqtari kryesor n\u00eb qend\u00ebr t\u00eb v\u00ebmendjes\"}]},{\"@type\":\"WebSite\",\"@id\":\"https:\\\/\\\/kosovatimes.info\\\/#website\",\"url\":\"https:\\\/\\\/kosovatimes.info\\\/\",\"name\":\"Kosova Times\",\"description\":\"\",\"potentialAction\":[{\"@type\":\"SearchAction\",\"target\":{\"@type\":\"EntryPoint\",\"urlTemplate\":\"https:\\\/\\\/kosovatimes.info\\\/?s={search_term_string}\"},\"query-input\":{\"@type\":\"PropertyValueSpecification\",\"valueRequired\":true,\"valueName\":\"search_term_string\"}}],\"inLanguage\":\"en-US\"},{\"@type\":\"Person\",\"@id\":\"https:\\\/\\\/kosovatimes.info\\\/#\\\/schema\\\/person\\\/7586712b9c512fe68085de007378c915\",\"name\":\"i l\",\"image\":{\"@type\":\"ImageObject\",\"inLanguage\":\"en-US\",\"@id\":\"https:\\\/\\\/secure.gravatar.com\\\/avatar\\\/bad9296e02816160ae2e2435beda58222022298d5625d49fea74d18816fbb31d?s=96&d=mm&r=g\",\"url\":\"https:\\\/\\\/secure.gravatar.com\\\/avatar\\\/bad9296e02816160ae2e2435beda58222022298d5625d49fea74d18816fbb31d?s=96&d=mm&r=g\",\"contentUrl\":\"https:\\\/\\\/secure.gravatar.com\\\/avatar\\\/bad9296e02816160ae2e2435beda58222022298d5625d49fea74d18816fbb31d?s=96&d=mm&r=g\",\"caption\":\"i l\"},\"url\":\"https:\\\/\\\/kosovatimes.info\\\/index.php\\\/author\\\/iliri\\\/\"}]}<\/script>\n<!-- \/ Yoast SEO plugin. -->","yoast_head_json":{"title":"Italia n\u00eb shok p\u00ebr skandalin e futbollit, Interi dhe gjyqtari kryesor n\u00eb qend\u00ebr t\u00eb v\u00ebmendjes - Kosova Times","robots":{"index":"index","follow":"follow","max-snippet":"max-snippet:-1","max-image-preview":"max-image-preview:large","max-video-preview":"max-video-preview:-1"},"canonical":"https:\/\/kosovatimes.info\/index.php\/2026\/04\/27\/italia-ne-shok-per-skandalin-e-futbollit-interi-dhe-gjyqtari-kryesor-ne-qender-te-vemendjes\/","og_locale":"en_US","og_type":"article","og_title":"Italia n\u00eb shok p\u00ebr skandalin e futbollit, Interi dhe gjyqtari kryesor n\u00eb qend\u00ebr t\u00eb v\u00ebmendjes - Kosova Times","og_description":"Gjyqtari kryesor n\u00eb Serie A, Gianluca Rocchi, \u00ebsht\u00eb gjendur n\u00eb qend\u00ebr t\u00eb nj\u00eb skandali t\u00eb madh q\u00eb dyshohet se p\u00ebrfshin edhe Interin.Sipas agjencis\u00eb italiane t\u00eb lajmeve AIA, Rocchi \u00ebsht\u00eb n\u00ebn hetim nga zyra e prokurorit t\u00eb Milanos p\u00ebr &#8220;bashk\u00ebpunim t\u00eb dyshuar n\u00eb mashtrime sportive&#8221; dhe akuzohet p\u00ebr nd\u00ebrhyrje n\u00eb vendimet e dhom\u00ebs s\u00eb VAR dhe [&hellip;]","og_url":"https:\/\/kosovatimes.info\/index.php\/2026\/04\/27\/italia-ne-shok-per-skandalin-e-futbollit-interi-dhe-gjyqtari-kryesor-ne-qender-te-vemendjes\/","og_site_name":"Kosova Times","article_published_time":"2026-04-27T06:32:01+00:00","article_modified_time":"2026-04-27T06:32:06+00:00","og_image":[{"width":800,"height":533,"url":"https:\/\/kosovatimes.info\/wp-content\/uploads\/2026\/04\/Itali-1.webp","type":"image\/webp"}],"author":"i l","twitter_card":"summary_large_image","twitter_misc":{"Written by":"i l","Est. reading time":"3 minutes"},"schema":{"@context":"https:\/\/schema.org","@graph":[{"@type":"Article","@id":"https:\/\/kosovatimes.info\/index.php\/2026\/04\/27\/italia-ne-shok-per-skandalin-e-futbollit-interi-dhe-gjyqtari-kryesor-ne-qender-te-vemendjes\/#article","isPartOf":{"@id":"https:\/\/kosovatimes.info\/index.php\/2026\/04\/27\/italia-ne-shok-per-skandalin-e-futbollit-interi-dhe-gjyqtari-kryesor-ne-qender-te-vemendjes\/"},"author":{"name":"i l","@id":"https:\/\/kosovatimes.info\/#\/schema\/person\/7586712b9c512fe68085de007378c915"},"headline":"Italia n\u00eb shok p\u00ebr skandalin e futbollit, Interi dhe gjyqtari kryesor n\u00eb qend\u00ebr t\u00eb v\u00ebmendjes","datePublished":"2026-04-27T06:32:01+00:00","dateModified":"2026-04-27T06:32:06+00:00","mainEntityOfPage":{"@id":"https:\/\/kosovatimes.info\/index.php\/2026\/04\/27\/italia-ne-shok-per-skandalin-e-futbollit-interi-dhe-gjyqtari-kryesor-ne-qender-te-vemendjes\/"},"wordCount":796,"commentCount":0,"image":{"@id":"https:\/\/kosovatimes.info\/index.php\/2026\/04\/27\/italia-ne-shok-per-skandalin-e-futbollit-interi-dhe-gjyqtari-kryesor-ne-qender-te-vemendjes\/#primaryimage"},"thumbnailUrl":"https:\/\/kosovatimes.info\/wp-content\/uploads\/2026\/04\/Itali-1.webp","articleSection":["Sport"],"inLanguage":"en-US","potentialAction":[{"@type":"CommentAction","name":"Comment","target":["https:\/\/kosovatimes.info\/index.php\/2026\/04\/27\/italia-ne-shok-per-skandalin-e-futbollit-interi-dhe-gjyqtari-kryesor-ne-qender-te-vemendjes\/#respond"]}]},{"@type":"WebPage","@id":"https:\/\/kosovatimes.info\/index.php\/2026\/04\/27\/italia-ne-shok-per-skandalin-e-futbollit-interi-dhe-gjyqtari-kryesor-ne-qender-te-vemendjes\/","url":"https:\/\/kosovatimes.info\/index.php\/2026\/04\/27\/italia-ne-shok-per-skandalin-e-futbollit-interi-dhe-gjyqtari-kryesor-ne-qender-te-vemendjes\/","name":"Italia n\u00eb shok p\u00ebr skandalin e futbollit, Interi dhe gjyqtari kryesor n\u00eb qend\u00ebr t\u00eb v\u00ebmendjes - Kosova Times","isPartOf":{"@id":"https:\/\/kosovatimes.info\/#website"},"primaryImageOfPage":{"@id":"https:\/\/kosovatimes.info\/index.php\/2026\/04\/27\/italia-ne-shok-per-skandalin-e-futbollit-interi-dhe-gjyqtari-kryesor-ne-qender-te-vemendjes\/#primaryimage"},"image":{"@id":"https:\/\/kosovatimes.info\/index.php\/2026\/04\/27\/italia-ne-shok-per-skandalin-e-futbollit-interi-dhe-gjyqtari-kryesor-ne-qender-te-vemendjes\/#primaryimage"},"thumbnailUrl":"https:\/\/kosovatimes.info\/wp-content\/uploads\/2026\/04\/Itali-1.webp","datePublished":"2026-04-27T06:32:01+00:00","dateModified":"2026-04-27T06:32:06+00:00","author":{"@id":"https:\/\/kosovatimes.info\/#\/schema\/person\/7586712b9c512fe68085de007378c915"},"breadcrumb":{"@id":"https:\/\/kosovatimes.info\/index.php\/2026\/04\/27\/italia-ne-shok-per-skandalin-e-futbollit-interi-dhe-gjyqtari-kryesor-ne-qender-te-vemendjes\/#breadcrumb"},"inLanguage":"en-US","potentialAction":[{"@type":"ReadAction","target":["https:\/\/kosovatimes.info\/index.php\/2026\/04\/27\/italia-ne-shok-per-skandalin-e-futbollit-interi-dhe-gjyqtari-kryesor-ne-qender-te-vemendjes\/"]}]},{"@type":"ImageObject","inLanguage":"en-US","@id":"https:\/\/kosovatimes.info\/index.php\/2026\/04\/27\/italia-ne-shok-per-skandalin-e-futbollit-interi-dhe-gjyqtari-kryesor-ne-qender-te-vemendjes\/#primaryimage","url":"https:\/\/kosovatimes.info\/wp-content\/uploads\/2026\/04\/Itali-1.webp","contentUrl":"https:\/\/kosovatimes.info\/wp-content\/uploads\/2026\/04\/Itali-1.webp","width":800,"height":533},{"@type":"BreadcrumbList","@id":"https:\/\/kosovatimes.info\/index.php\/2026\/04\/27\/italia-ne-shok-per-skandalin-e-futbollit-interi-dhe-gjyqtari-kryesor-ne-qender-te-vemendjes\/#breadcrumb","itemListElement":[{"@type":"ListItem","position":1,"name":"Home","item":"https:\/\/kosovatimes.info\/"},{"@type":"ListItem","position":2,"name":"Italia n\u00eb shok p\u00ebr skandalin e futbollit, Interi dhe gjyqtari kryesor n\u00eb qend\u00ebr t\u00eb v\u00ebmendjes"}]},{"@type":"WebSite","@id":"https:\/\/kosovatimes.info\/#website","url":"https:\/\/kosovatimes.info\/","name":"Kosova Times","description":"","potentialAction":[{"@type":"SearchAction","target":{"@type":"EntryPoint","urlTemplate":"https:\/\/kosovatimes.info\/?s={search_term_string}"},"query-input":{"@type":"PropertyValueSpecification","valueRequired":true,"valueName":"search_term_string"}}],"inLanguage":"en-US"},{"@type":"Person","@id":"https:\/\/kosovatimes.info\/#\/schema\/person\/7586712b9c512fe68085de007378c915","name":"i l","image":{"@type":"ImageObject","inLanguage":"en-US","@id":"https:\/\/secure.gravatar.com\/avatar\/bad9296e02816160ae2e2435beda58222022298d5625d49fea74d18816fbb31d?s=96&d=mm&r=g","url":"https:\/\/secure.gravatar.com\/avatar\/bad9296e02816160ae2e2435beda58222022298d5625d49fea74d18816fbb31d?s=96&d=mm&r=g","contentUrl":"https:\/\/secure.gravatar.com\/avatar\/bad9296e02816160ae2e2435beda58222022298d5625d49fea74d18816fbb31d?s=96&d=mm&r=g","caption":"i l"},"url":"https:\/\/kosovatimes.info\/index.php\/author\/iliri\/"}]}},"_links":{"self":[{"href":"https:\/\/kosovatimes.info\/index.php\/wp-json\/wp\/v2\/posts\/11918","targetHints":{"allow":["GET"]}}],"collection":[{"href":"https:\/\/kosovatimes.info\/index.php\/wp-json\/wp\/v2\/posts"}],"about":[{"href":"https:\/\/kosovatimes.info\/index.php\/wp-json\/wp\/v2\/types\/post"}],"author":[{"embeddable":true,"href":"https:\/\/kosovatimes.info\/index.php\/wp-json\/wp\/v2\/users\/4"}],"replies":[{"embeddable":true,"href":"https:\/\/kosovatimes.info\/index.php\/wp-json\/wp\/v2\/comments?post=11918"}],"version-history":[{"count":1,"href":"https:\/\/kosovatimes.info\/index.php\/wp-json\/wp\/v2\/posts\/11918\/revisions"}],"predecessor-version":[{"id":11920,"href":"https:\/\/kosovatimes.info\/index.php\/wp-json\/wp\/v2\/posts\/11918\/revisions\/11920"}],"wp:featuredmedia":[{"embeddable":true,"href":"https:\/\/kosovatimes.info\/index.php\/wp-json\/wp\/v2\/media\/11919"}],"wp:attachment":[{"href":"https:\/\/kosovatimes.info\/index.php\/wp-json\/wp\/v2\/media?parent=11918"}],"wp:term":[{"taxonomy":"category","embeddable":true,"href":"https:\/\/kosovatimes.info\/index.php\/wp-json\/wp\/v2\/categories?post=11918"},{"taxonomy":"post_tag","embeddable":true,"href":"https:\/\/kosovatimes.info\/index.php\/wp-json\/wp\/v2\/tags?post=11918"}],"curies":[{"name":"wp","href":"https:\/\/api.w.org\/{rel}","templated":true}]}}