{"id":11924,"date":"2026-04-27T08:35:42","date_gmt":"2026-04-27T06:35:42","guid":{"rendered":"https:\/\/kosovatimes.info\/?p=11924"},"modified":"2026-04-27T08:35:46","modified_gmt":"2026-04-27T06:35:46","slug":"te-pakten-11-palestineze-perfshire-police-dhe-civile-u-vrane-ne-sulmet-izraelite-ne-te-gjithe-gazen","status":"publish","type":"post","link":"https:\/\/kosovatimes.info\/index.php\/2026\/04\/27\/te-pakten-11-palestineze-perfshire-police-dhe-civile-u-vrane-ne-sulmet-izraelite-ne-te-gjithe-gazen\/","title":{"rendered":"T\u00eb pakt\u00ebn 11 palestinez\u00eb, p\u00ebrfshir\u00eb polic\u00eb dhe civil\u00eb, u vran\u00eb n\u00eb sulmet izraelite n\u00eb t\u00eb gjith\u00eb Gaz\u00ebn"},"content":{"rendered":"\n<p>T\u00eb pakt\u00ebn 11 palestinez\u00eb u vran\u00eb t\u00eb premten n\u00eb sulmet izraelite n\u00eb vende t\u00eb shumta n\u00eb Rripin e Gaz\u00ebs, duke p\u00ebrfshir\u00eb Khan Younis, Beit Lahia dhe Gaza City, mes nj\u00eb arm\u00ebpushimi q\u00eb ka qen\u00eb n\u00eb fuqi q\u00eb nga tetori i vitit 2025.Ministria e Brendshme e Gaz\u00ebs tha se shtat\u00eb persona u vran\u00eb kur nj\u00eb automjet policie u godit n\u00eb Khan Younis n\u00eb jug t\u00eb enklav\u00ebs. Midis viktimave ishin dy oficer\u00eb policie, dy asistent\u00eb policie dhe tre civil\u00eb.<\/p>\n\n\n\n<p>N\u00eb Gaz\u00ebn veriore, sipas burimeve mjek\u00ebsore, nj\u00eb grua dhe nj\u00eb f\u00ebmij\u00eb u vran\u00eb dhe gjasht\u00eb t\u00eb tjer\u00eb u plagos\u00ebn n\u00eb nj\u00eb sulm ndaj sht\u00ebpive pran\u00eb Spitalit Kamal Adwan n\u00eb Beit Lahia.<\/p>\n\n\n\n<p>M\u00eb par\u00eb, sipas t\u00eb nj\u00ebjt\u00ebs ministri, dy polic\u00eb palestinez\u00eb u vran\u00eb dhe dy t\u00eb tjer\u00eb u plagos\u00ebn n\u00eb nj\u00eb sulm ndaj nj\u00eb patrulle policie pran\u00eb stacionit t\u00eb policis\u00eb Sheikh Radwan n\u00eb qytetin e Gaz\u00ebs.<\/p>\n\n\n\n<p>Ministria d\u00ebnoi at\u00eb q\u00eb e quajti &#8220;heshtje t\u00eb vazhdueshme&#8221; t\u00eb organizatave nd\u00ebrkomb\u00ebtare, ve\u00e7an\u00ebrisht Komitetit Nd\u00ebrkomb\u00ebtar t\u00eb Kryqit t\u00eb Kuq, lidhur me sulmet ndaj personelit civil t\u00eb policis\u00eb. Deklarata tha se sulmet p\u00ebrb\u00ebnin &#8220;bashk\u00ebpunim q\u00eb inkurajon shkelje t\u00eb m\u00ebtejshme kund\u00ebr nj\u00eb organi civil t\u00eb mbrojtur nga e drejta nd\u00ebrkomb\u00ebtare&#8221;, duke argumentuar se nuk ka asnj\u00eb justifikim p\u00ebr sh\u00ebnjestrimin e forcave policore q\u00eb ofrojn\u00eb sh\u00ebrbime baz\u00eb p\u00ebr banor\u00ebt e Gaz\u00ebs.<\/p>\n\n\n\n<p>Burime mjek\u00ebsore dhe d\u00ebshmitar\u00eb okular\u00eb deklaruan se objektivat e sulmeve ishin zona jasht\u00eb zonave t\u00eb vendosjes ushtarake izraelite t\u00eb parashikuara n\u00eb marr\u00ebveshjen e arm\u00ebpushimit. Sulmet erdh\u00ebn mes akuzave nga autoritetet e Gaz\u00ebs p\u00ebr shkelje t\u00eb vazhdueshme t\u00eb arm\u00ebpushimit nga ana e Izraelit q\u00eb ka qen\u00eb n\u00eb fuqi q\u00eb nga tetori i vitit 2025, pas nj\u00eb lufte q\u00eb thuhet se ka vrar\u00eb m\u00eb shum\u00eb se 72,000 palestinez\u00eb dhe ka plagosur m\u00eb shum\u00eb se 172,000, kryesisht gra dhe f\u00ebmij\u00eb.<\/p>\n\n\n\n<p>Zyra e medias e qeveris\u00eb n\u00eb Gaza njoftoi m\u00eb 14 prill se Izraeli kishte kryer 2,400 shkelje t\u00eb arm\u00ebpushimit, duke p\u00ebrfshir\u00eb vrasje, arrestime, masa bllokade dhe politika urie. Ministria e Sh\u00ebndet\u00ebsis\u00eb e Gaz\u00ebs pretendon se k\u00ebto shkelje deri m\u00eb tani kan\u00eb \u00e7uar n\u00eb vdekjen e 972 palestinez\u00ebve dhe plagosjen e 2,235 t\u00eb tjer\u00ebve.<\/p>\n","protected":false},"excerpt":{"rendered":"<p>T\u00eb pakt\u00ebn 11 palestinez\u00eb u vran\u00eb t\u00eb premten n\u00eb sulmet izraelite n\u00eb vende t\u00eb shumta n\u00eb Rripin e Gaz\u00ebs, duke p\u00ebrfshir\u00eb Khan Younis, Beit Lahia dhe Gaza City, mes nj\u00eb arm\u00ebpushimi q\u00eb ka qen\u00eb n\u00eb fuqi q\u00eb nga tetori i vitit 2025.Ministria e Brendshme e Gaz\u00ebs tha se shtat\u00eb persona u vran\u00eb kur nj\u00eb automjet [&hellip;]<\/p>\n","protected":false},"author":4,"featured_media":11925,"comment_status":"open","ping_status":"open","sticky":false,"template":"","format":"standard","meta":{"footnotes":""},"categories":[33,30],"tags":[],"class_list":{"0":"post-11924","1":"post","2":"type-post","3":"status-publish","4":"format-standard","5":"has-post-thumbnail","7":"category-bote","8":"category-lajme"},"yoast_head":"<!-- This site is optimized with the Yoast SEO plugin v27.4 - https:\/\/yoast.com\/product\/yoast-seo-wordpress\/ -->\n<title>T\u00eb pakt\u00ebn 11 palestinez\u00eb, p\u00ebrfshir\u00eb polic\u00eb dhe civil\u00eb, u vran\u00eb n\u00eb sulmet izraelite n\u00eb t\u00eb gjith\u00eb Gaz\u00ebn - Kosova Times<\/title>\n<meta name=\"robots\" content=\"index, follow, max-snippet:-1, max-image-preview:large, max-video-preview:-1\" \/>\n<link rel=\"canonical\" href=\"https:\/\/kosovatimes.info\/index.php\/2026\/04\/27\/te-pakten-11-palestineze-perfshire-police-dhe-civile-u-vrane-ne-sulmet-izraelite-ne-te-gjithe-gazen\/\" \/>\n<meta property=\"og:locale\" content=\"en_US\" \/>\n<meta property=\"og:type\" content=\"article\" \/>\n<meta property=\"og:title\" content=\"T\u00eb pakt\u00ebn 11 palestinez\u00eb, p\u00ebrfshir\u00eb polic\u00eb dhe civil\u00eb, u vran\u00eb n\u00eb sulmet izraelite n\u00eb t\u00eb gjith\u00eb Gaz\u00ebn - Kosova Times\" \/>\n<meta property=\"og:description\" content=\"T\u00eb pakt\u00ebn 11 palestinez\u00eb u vran\u00eb t\u00eb premten n\u00eb sulmet izraelite n\u00eb vende t\u00eb shumta n\u00eb Rripin e Gaz\u00ebs, duke p\u00ebrfshir\u00eb Khan Younis, Beit Lahia dhe Gaza City, mes nj\u00eb arm\u00ebpushimi q\u00eb ka qen\u00eb n\u00eb fuqi q\u00eb nga tetori i vitit 2025.Ministria e Brendshme e Gaz\u00ebs tha se shtat\u00eb persona u vran\u00eb kur nj\u00eb automjet [&hellip;]\" \/>\n<meta property=\"og:url\" content=\"https:\/\/kosovatimes.info\/index.php\/2026\/04\/27\/te-pakten-11-palestineze-perfshire-police-dhe-civile-u-vrane-ne-sulmet-izraelite-ne-te-gjithe-gazen\/\" \/>\n<meta property=\"og:site_name\" content=\"Kosova Times\" \/>\n<meta property=\"article:published_time\" content=\"2026-04-27T06:35:42+00:00\" \/>\n<meta property=\"article:modified_time\" content=\"2026-04-27T06:35:46+00:00\" \/>\n<meta property=\"og:image\" content=\"https:\/\/kosovatimes.info\/wp-content\/uploads\/2026\/04\/Izrael-1.webp\" \/>\n\t<meta property=\"og:image:width\" content=\"800\" \/>\n\t<meta property=\"og:image:height\" content=\"533\" \/>\n\t<meta property=\"og:image:type\" content=\"image\/webp\" \/>\n<meta name=\"author\" content=\"i l\" \/>\n<meta name=\"twitter:card\" content=\"summary_large_image\" \/>\n<meta name=\"twitter:label1\" content=\"Written by\" \/>\n\t<meta name=\"twitter:data1\" content=\"i l\" \/>\n\t<meta name=\"twitter:label2\" content=\"Est. reading time\" \/>\n\t<meta name=\"twitter:data2\" content=\"2 minutes\" \/>\n<script type=\"application\/ld+json\" class=\"yoast-schema-graph\">{\"@context\":\"https:\\\/\\\/schema.org\",\"@graph\":[{\"@type\":\"Article\",\"@id\":\"https:\\\/\\\/kosovatimes.info\\\/index.php\\\/2026\\\/04\\\/27\\\/te-pakten-11-palestineze-perfshire-police-dhe-civile-u-vrane-ne-sulmet-izraelite-ne-te-gjithe-gazen\\\/#article\",\"isPartOf\":{\"@id\":\"https:\\\/\\\/kosovatimes.info\\\/index.php\\\/2026\\\/04\\\/27\\\/te-pakten-11-palestineze-perfshire-police-dhe-civile-u-vrane-ne-sulmet-izraelite-ne-te-gjithe-gazen\\\/\"},\"author\":{\"name\":\"i l\",\"@id\":\"https:\\\/\\\/kosovatimes.info\\\/#\\\/schema\\\/person\\\/7586712b9c512fe68085de007378c915\"},\"headline\":\"T\u00eb pakt\u00ebn 11 palestinez\u00eb, p\u00ebrfshir\u00eb polic\u00eb dhe civil\u00eb, u vran\u00eb n\u00eb sulmet izraelite n\u00eb t\u00eb gjith\u00eb Gaz\u00ebn\",\"datePublished\":\"2026-04-27T06:35:42+00:00\",\"dateModified\":\"2026-04-27T06:35:46+00:00\",\"mainEntityOfPage\":{\"@id\":\"https:\\\/\\\/kosovatimes.info\\\/index.php\\\/2026\\\/04\\\/27\\\/te-pakten-11-palestineze-perfshire-police-dhe-civile-u-vrane-ne-sulmet-izraelite-ne-te-gjithe-gazen\\\/\"},\"wordCount\":403,\"commentCount\":0,\"image\":{\"@id\":\"https:\\\/\\\/kosovatimes.info\\\/index.php\\\/2026\\\/04\\\/27\\\/te-pakten-11-palestineze-perfshire-police-dhe-civile-u-vrane-ne-sulmet-izraelite-ne-te-gjithe-gazen\\\/#primaryimage\"},\"thumbnailUrl\":\"https:\\\/\\\/kosovatimes.info\\\/wp-content\\\/uploads\\\/2026\\\/04\\\/Izrael-1.webp\",\"articleSection\":[\"Bot\u00eb\",\"Lajme\"],\"inLanguage\":\"en-US\",\"potentialAction\":[{\"@type\":\"CommentAction\",\"name\":\"Comment\",\"target\":[\"https:\\\/\\\/kosovatimes.info\\\/index.php\\\/2026\\\/04\\\/27\\\/te-pakten-11-palestineze-perfshire-police-dhe-civile-u-vrane-ne-sulmet-izraelite-ne-te-gjithe-gazen\\\/#respond\"]}]},{\"@type\":\"WebPage\",\"@id\":\"https:\\\/\\\/kosovatimes.info\\\/index.php\\\/2026\\\/04\\\/27\\\/te-pakten-11-palestineze-perfshire-police-dhe-civile-u-vrane-ne-sulmet-izraelite-ne-te-gjithe-gazen\\\/\",\"url\":\"https:\\\/\\\/kosovatimes.info\\\/index.php\\\/2026\\\/04\\\/27\\\/te-pakten-11-palestineze-perfshire-police-dhe-civile-u-vrane-ne-sulmet-izraelite-ne-te-gjithe-gazen\\\/\",\"name\":\"T\u00eb pakt\u00ebn 11 palestinez\u00eb, p\u00ebrfshir\u00eb polic\u00eb dhe civil\u00eb, u vran\u00eb n\u00eb sulmet izraelite n\u00eb t\u00eb gjith\u00eb Gaz\u00ebn - Kosova Times\",\"isPartOf\":{\"@id\":\"https:\\\/\\\/kosovatimes.info\\\/#website\"},\"primaryImageOfPage\":{\"@id\":\"https:\\\/\\\/kosovatimes.info\\\/index.php\\\/2026\\\/04\\\/27\\\/te-pakten-11-palestineze-perfshire-police-dhe-civile-u-vrane-ne-sulmet-izraelite-ne-te-gjithe-gazen\\\/#primaryimage\"},\"image\":{\"@id\":\"https:\\\/\\\/kosovatimes.info\\\/index.php\\\/2026\\\/04\\\/27\\\/te-pakten-11-palestineze-perfshire-police-dhe-civile-u-vrane-ne-sulmet-izraelite-ne-te-gjithe-gazen\\\/#primaryimage\"},\"thumbnailUrl\":\"https:\\\/\\\/kosovatimes.info\\\/wp-content\\\/uploads\\\/2026\\\/04\\\/Izrael-1.webp\",\"datePublished\":\"2026-04-27T06:35:42+00:00\",\"dateModified\":\"2026-04-27T06:35:46+00:00\",\"author\":{\"@id\":\"https:\\\/\\\/kosovatimes.info\\\/#\\\/schema\\\/person\\\/7586712b9c512fe68085de007378c915\"},\"breadcrumb\":{\"@id\":\"https:\\\/\\\/kosovatimes.info\\\/index.php\\\/2026\\\/04\\\/27\\\/te-pakten-11-palestineze-perfshire-police-dhe-civile-u-vrane-ne-sulmet-izraelite-ne-te-gjithe-gazen\\\/#breadcrumb\"},\"inLanguage\":\"en-US\",\"potentialAction\":[{\"@type\":\"ReadAction\",\"target\":[\"https:\\\/\\\/kosovatimes.info\\\/index.php\\\/2026\\\/04\\\/27\\\/te-pakten-11-palestineze-perfshire-police-dhe-civile-u-vrane-ne-sulmet-izraelite-ne-te-gjithe-gazen\\\/\"]}]},{\"@type\":\"ImageObject\",\"inLanguage\":\"en-US\",\"@id\":\"https:\\\/\\\/kosovatimes.info\\\/index.php\\\/2026\\\/04\\\/27\\\/te-pakten-11-palestineze-perfshire-police-dhe-civile-u-vrane-ne-sulmet-izraelite-ne-te-gjithe-gazen\\\/#primaryimage\",\"url\":\"https:\\\/\\\/kosovatimes.info\\\/wp-content\\\/uploads\\\/2026\\\/04\\\/Izrael-1.webp\",\"contentUrl\":\"https:\\\/\\\/kosovatimes.info\\\/wp-content\\\/uploads\\\/2026\\\/04\\\/Izrael-1.webp\",\"width\":800,\"height\":533},{\"@type\":\"BreadcrumbList\",\"@id\":\"https:\\\/\\\/kosovatimes.info\\\/index.php\\\/2026\\\/04\\\/27\\\/te-pakten-11-palestineze-perfshire-police-dhe-civile-u-vrane-ne-sulmet-izraelite-ne-te-gjithe-gazen\\\/#breadcrumb\",\"itemListElement\":[{\"@type\":\"ListItem\",\"position\":1,\"name\":\"Home\",\"item\":\"https:\\\/\\\/kosovatimes.info\\\/\"},{\"@type\":\"ListItem\",\"position\":2,\"name\":\"T\u00eb pakt\u00ebn 11 palestinez\u00eb, p\u00ebrfshir\u00eb polic\u00eb dhe civil\u00eb, u vran\u00eb n\u00eb sulmet izraelite n\u00eb t\u00eb gjith\u00eb Gaz\u00ebn\"}]},{\"@type\":\"WebSite\",\"@id\":\"https:\\\/\\\/kosovatimes.info\\\/#website\",\"url\":\"https:\\\/\\\/kosovatimes.info\\\/\",\"name\":\"Kosova Times\",\"description\":\"\",\"potentialAction\":[{\"@type\":\"SearchAction\",\"target\":{\"@type\":\"EntryPoint\",\"urlTemplate\":\"https:\\\/\\\/kosovatimes.info\\\/?s={search_term_string}\"},\"query-input\":{\"@type\":\"PropertyValueSpecification\",\"valueRequired\":true,\"valueName\":\"search_term_string\"}}],\"inLanguage\":\"en-US\"},{\"@type\":\"Person\",\"@id\":\"https:\\\/\\\/kosovatimes.info\\\/#\\\/schema\\\/person\\\/7586712b9c512fe68085de007378c915\",\"name\":\"i l\",\"image\":{\"@type\":\"ImageObject\",\"inLanguage\":\"en-US\",\"@id\":\"https:\\\/\\\/secure.gravatar.com\\\/avatar\\\/bad9296e02816160ae2e2435beda58222022298d5625d49fea74d18816fbb31d?s=96&d=mm&r=g\",\"url\":\"https:\\\/\\\/secure.gravatar.com\\\/avatar\\\/bad9296e02816160ae2e2435beda58222022298d5625d49fea74d18816fbb31d?s=96&d=mm&r=g\",\"contentUrl\":\"https:\\\/\\\/secure.gravatar.com\\\/avatar\\\/bad9296e02816160ae2e2435beda58222022298d5625d49fea74d18816fbb31d?s=96&d=mm&r=g\",\"caption\":\"i l\"},\"url\":\"https:\\\/\\\/kosovatimes.info\\\/index.php\\\/author\\\/iliri\\\/\"}]}<\/script>\n<!-- \/ Yoast SEO plugin. -->","yoast_head_json":{"title":"T\u00eb pakt\u00ebn 11 palestinez\u00eb, p\u00ebrfshir\u00eb polic\u00eb dhe civil\u00eb, u vran\u00eb n\u00eb sulmet izraelite n\u00eb t\u00eb gjith\u00eb Gaz\u00ebn - Kosova Times","robots":{"index":"index","follow":"follow","max-snippet":"max-snippet:-1","max-image-preview":"max-image-preview:large","max-video-preview":"max-video-preview:-1"},"canonical":"https:\/\/kosovatimes.info\/index.php\/2026\/04\/27\/te-pakten-11-palestineze-perfshire-police-dhe-civile-u-vrane-ne-sulmet-izraelite-ne-te-gjithe-gazen\/","og_locale":"en_US","og_type":"article","og_title":"T\u00eb pakt\u00ebn 11 palestinez\u00eb, p\u00ebrfshir\u00eb polic\u00eb dhe civil\u00eb, u vran\u00eb n\u00eb sulmet izraelite n\u00eb t\u00eb gjith\u00eb Gaz\u00ebn - Kosova Times","og_description":"T\u00eb pakt\u00ebn 11 palestinez\u00eb u vran\u00eb t\u00eb premten n\u00eb sulmet izraelite n\u00eb vende t\u00eb shumta n\u00eb Rripin e Gaz\u00ebs, duke p\u00ebrfshir\u00eb Khan Younis, Beit Lahia dhe Gaza City, mes nj\u00eb arm\u00ebpushimi q\u00eb ka qen\u00eb n\u00eb fuqi q\u00eb nga tetori i vitit 2025.Ministria e Brendshme e Gaz\u00ebs tha se shtat\u00eb persona u vran\u00eb kur nj\u00eb automjet [&hellip;]","og_url":"https:\/\/kosovatimes.info\/index.php\/2026\/04\/27\/te-pakten-11-palestineze-perfshire-police-dhe-civile-u-vrane-ne-sulmet-izraelite-ne-te-gjithe-gazen\/","og_site_name":"Kosova Times","article_published_time":"2026-04-27T06:35:42+00:00","article_modified_time":"2026-04-27T06:35:46+00:00","og_image":[{"width":800,"height":533,"url":"https:\/\/kosovatimes.info\/wp-content\/uploads\/2026\/04\/Izrael-1.webp","type":"image\/webp"}],"author":"i l","twitter_card":"summary_large_image","twitter_misc":{"Written by":"i l","Est. reading time":"2 minutes"},"schema":{"@context":"https:\/\/schema.org","@graph":[{"@type":"Article","@id":"https:\/\/kosovatimes.info\/index.php\/2026\/04\/27\/te-pakten-11-palestineze-perfshire-police-dhe-civile-u-vrane-ne-sulmet-izraelite-ne-te-gjithe-gazen\/#article","isPartOf":{"@id":"https:\/\/kosovatimes.info\/index.php\/2026\/04\/27\/te-pakten-11-palestineze-perfshire-police-dhe-civile-u-vrane-ne-sulmet-izraelite-ne-te-gjithe-gazen\/"},"author":{"name":"i l","@id":"https:\/\/kosovatimes.info\/#\/schema\/person\/7586712b9c512fe68085de007378c915"},"headline":"T\u00eb pakt\u00ebn 11 palestinez\u00eb, p\u00ebrfshir\u00eb polic\u00eb dhe civil\u00eb, u vran\u00eb n\u00eb sulmet izraelite n\u00eb t\u00eb gjith\u00eb Gaz\u00ebn","datePublished":"2026-04-27T06:35:42+00:00","dateModified":"2026-04-27T06:35:46+00:00","mainEntityOfPage":{"@id":"https:\/\/kosovatimes.info\/index.php\/2026\/04\/27\/te-pakten-11-palestineze-perfshire-police-dhe-civile-u-vrane-ne-sulmet-izraelite-ne-te-gjithe-gazen\/"},"wordCount":403,"commentCount":0,"image":{"@id":"https:\/\/kosovatimes.info\/index.php\/2026\/04\/27\/te-pakten-11-palestineze-perfshire-police-dhe-civile-u-vrane-ne-sulmet-izraelite-ne-te-gjithe-gazen\/#primaryimage"},"thumbnailUrl":"https:\/\/kosovatimes.info\/wp-content\/uploads\/2026\/04\/Izrael-1.webp","articleSection":["Bot\u00eb","Lajme"],"inLanguage":"en-US","potentialAction":[{"@type":"CommentAction","name":"Comment","target":["https:\/\/kosovatimes.info\/index.php\/2026\/04\/27\/te-pakten-11-palestineze-perfshire-police-dhe-civile-u-vrane-ne-sulmet-izraelite-ne-te-gjithe-gazen\/#respond"]}]},{"@type":"WebPage","@id":"https:\/\/kosovatimes.info\/index.php\/2026\/04\/27\/te-pakten-11-palestineze-perfshire-police-dhe-civile-u-vrane-ne-sulmet-izraelite-ne-te-gjithe-gazen\/","url":"https:\/\/kosovatimes.info\/index.php\/2026\/04\/27\/te-pakten-11-palestineze-perfshire-police-dhe-civile-u-vrane-ne-sulmet-izraelite-ne-te-gjithe-gazen\/","name":"T\u00eb pakt\u00ebn 11 palestinez\u00eb, p\u00ebrfshir\u00eb polic\u00eb dhe civil\u00eb, u vran\u00eb n\u00eb sulmet izraelite n\u00eb t\u00eb gjith\u00eb Gaz\u00ebn - Kosova Times","isPartOf":{"@id":"https:\/\/kosovatimes.info\/#website"},"primaryImageOfPage":{"@id":"https:\/\/kosovatimes.info\/index.php\/2026\/04\/27\/te-pakten-11-palestineze-perfshire-police-dhe-civile-u-vrane-ne-sulmet-izraelite-ne-te-gjithe-gazen\/#primaryimage"},"image":{"@id":"https:\/\/kosovatimes.info\/index.php\/2026\/04\/27\/te-pakten-11-palestineze-perfshire-police-dhe-civile-u-vrane-ne-sulmet-izraelite-ne-te-gjithe-gazen\/#primaryimage"},"thumbnailUrl":"https:\/\/kosovatimes.info\/wp-content\/uploads\/2026\/04\/Izrael-1.webp","datePublished":"2026-04-27T06:35:42+00:00","dateModified":"2026-04-27T06:35:46+00:00","author":{"@id":"https:\/\/kosovatimes.info\/#\/schema\/person\/7586712b9c512fe68085de007378c915"},"breadcrumb":{"@id":"https:\/\/kosovatimes.info\/index.php\/2026\/04\/27\/te-pakten-11-palestineze-perfshire-police-dhe-civile-u-vrane-ne-sulmet-izraelite-ne-te-gjithe-gazen\/#breadcrumb"},"inLanguage":"en-US","potentialAction":[{"@type":"ReadAction","target":["https:\/\/kosovatimes.info\/index.php\/2026\/04\/27\/te-pakten-11-palestineze-perfshire-police-dhe-civile-u-vrane-ne-sulmet-izraelite-ne-te-gjithe-gazen\/"]}]},{"@type":"ImageObject","inLanguage":"en-US","@id":"https:\/\/kosovatimes.info\/index.php\/2026\/04\/27\/te-pakten-11-palestineze-perfshire-police-dhe-civile-u-vrane-ne-sulmet-izraelite-ne-te-gjithe-gazen\/#primaryimage","url":"https:\/\/kosovatimes.info\/wp-content\/uploads\/2026\/04\/Izrael-1.webp","contentUrl":"https:\/\/kosovatimes.info\/wp-content\/uploads\/2026\/04\/Izrael-1.webp","width":800,"height":533},{"@type":"BreadcrumbList","@id":"https:\/\/kosovatimes.info\/index.php\/2026\/04\/27\/te-pakten-11-palestineze-perfshire-police-dhe-civile-u-vrane-ne-sulmet-izraelite-ne-te-gjithe-gazen\/#breadcrumb","itemListElement":[{"@type":"ListItem","position":1,"name":"Home","item":"https:\/\/kosovatimes.info\/"},{"@type":"ListItem","position":2,"name":"T\u00eb pakt\u00ebn 11 palestinez\u00eb, p\u00ebrfshir\u00eb polic\u00eb dhe civil\u00eb, u vran\u00eb n\u00eb sulmet izraelite n\u00eb t\u00eb gjith\u00eb Gaz\u00ebn"}]},{"@type":"WebSite","@id":"https:\/\/kosovatimes.info\/#website","url":"https:\/\/kosovatimes.info\/","name":"Kosova Times","description":"","potentialAction":[{"@type":"SearchAction","target":{"@type":"EntryPoint","urlTemplate":"https:\/\/kosovatimes.info\/?s={search_term_string}"},"query-input":{"@type":"PropertyValueSpecification","valueRequired":true,"valueName":"search_term_string"}}],"inLanguage":"en-US"},{"@type":"Person","@id":"https:\/\/kosovatimes.info\/#\/schema\/person\/7586712b9c512fe68085de007378c915","name":"i l","image":{"@type":"ImageObject","inLanguage":"en-US","@id":"https:\/\/secure.gravatar.com\/avatar\/bad9296e02816160ae2e2435beda58222022298d5625d49fea74d18816fbb31d?s=96&d=mm&r=g","url":"https:\/\/secure.gravatar.com\/avatar\/bad9296e02816160ae2e2435beda58222022298d5625d49fea74d18816fbb31d?s=96&d=mm&r=g","contentUrl":"https:\/\/secure.gravatar.com\/avatar\/bad9296e02816160ae2e2435beda58222022298d5625d49fea74d18816fbb31d?s=96&d=mm&r=g","caption":"i l"},"url":"https:\/\/kosovatimes.info\/index.php\/author\/iliri\/"}]}},"_links":{"self":[{"href":"https:\/\/kosovatimes.info\/index.php\/wp-json\/wp\/v2\/posts\/11924","targetHints":{"allow":["GET"]}}],"collection":[{"href":"https:\/\/kosovatimes.info\/index.php\/wp-json\/wp\/v2\/posts"}],"about":[{"href":"https:\/\/kosovatimes.info\/index.php\/wp-json\/wp\/v2\/types\/post"}],"author":[{"embeddable":true,"href":"https:\/\/kosovatimes.info\/index.php\/wp-json\/wp\/v2\/users\/4"}],"replies":[{"embeddable":true,"href":"https:\/\/kosovatimes.info\/index.php\/wp-json\/wp\/v2\/comments?post=11924"}],"version-history":[{"count":1,"href":"https:\/\/kosovatimes.info\/index.php\/wp-json\/wp\/v2\/posts\/11924\/revisions"}],"predecessor-version":[{"id":11926,"href":"https:\/\/kosovatimes.info\/index.php\/wp-json\/wp\/v2\/posts\/11924\/revisions\/11926"}],"wp:featuredmedia":[{"embeddable":true,"href":"https:\/\/kosovatimes.info\/index.php\/wp-json\/wp\/v2\/media\/11925"}],"wp:attachment":[{"href":"https:\/\/kosovatimes.info\/index.php\/wp-json\/wp\/v2\/media?parent=11924"}],"wp:term":[{"taxonomy":"category","embeddable":true,"href":"https:\/\/kosovatimes.info\/index.php\/wp-json\/wp\/v2\/categories?post=11924"},{"taxonomy":"post_tag","embeddable":true,"href":"https:\/\/kosovatimes.info\/index.php\/wp-json\/wp\/v2\/tags?post=11924"}],"curies":[{"name":"wp","href":"https:\/\/api.w.org\/{rel}","templated":true}]}}