{"id":11932,"date":"2026-04-27T08:44:31","date_gmt":"2026-04-27T06:44:31","guid":{"rendered":"https:\/\/kosovatimes.info\/?p=11932"},"modified":"2026-04-27T08:46:16","modified_gmt":"2026-04-27T06:46:16","slug":"ne-moske-ra-bore-pemet-u-rrezuan-dhe-disa-fluturime-u-anuluan-ne-aeroportin-nderkombetar-te-vnukovos","status":"publish","type":"post","link":"https:\/\/kosovatimes.info\/index.php\/2026\/04\/27\/ne-moske-ra-bore-pemet-u-rrezuan-dhe-disa-fluturime-u-anuluan-ne-aeroportin-nderkombetar-te-vnukovos\/","title":{"rendered":"Moska mbulohet me d\u00ebbor\u00eb, pem\u00eb te rr\u00ebzuara, anulohet fluturimet"},"content":{"rendered":"\n<p>Bor\u00eb ra n\u00eb Mosk\u00eb dhe rajonin e Mosk\u00ebs m\u00eb 27 prill. Qyteti ka l\u00ebshuar nj\u00eb alarm portokalli p\u00ebr motin p\u00ebr shkak t\u00eb bor\u00ebs, akullit dhe er\u00ebrave t\u00eb forta,&nbsp;<a href=\"https:\/\/www.interfax.ru\/moscow\/1086171\" rel=\"noreferrer noopener\" target=\"_blank\">raportoi<\/a>&nbsp;Qendra Hidrometeorologjike .&nbsp;<\/p>\n\n\n\n<p>Ata&nbsp;<a href=\"https:\/\/www.mskagency.ru\/materials\/3545813\" rel=\"noreferrer noopener\" target=\"_blank\">sqaruan<\/a>&nbsp;se bora dhe er\u00ebrat e forta n\u00eb Mosk\u00eb dhe rajonin p\u00ebrreth, me shpejt\u00ebsi q\u00eb arrijn\u00eb 18-23 metra n\u00eb sekond\u00eb, do t\u00eb vazhdojn\u00eb deri n\u00eb fund t\u00eb dit\u00ebs. Specialisti i qendr\u00ebs s\u00eb motit Phobos, Evgeny Tishkovets, deklaroi se Moska ka marr\u00eb gjysm\u00ebn e reshjeve mujore.&nbsp;&nbsp;<\/p>\n\n\n\n<p><\/p>\n\n\n\n<p>Era dhe bora kan\u00eb rr\u00ebzuar pem\u00eb n\u00eb pjes\u00eb t\u00eb ndryshme t\u00eb Mosk\u00ebs. N\u00eb linj\u00ebn e metros\u00eb Arbatsko-Pokrovskaya, nj\u00eb pem\u00eb&nbsp;<a href=\"https:\/\/www.mskagency.ru\/materials\/3545797\" rel=\"noreferrer noopener\" target=\"_blank\">ra<\/a>&nbsp;mbi shina, duke penguar sh\u00ebrbimin e trenit midis stacioneve Partizanskaya dhe Shchelkovskaya.&nbsp;<\/p>\n\n\n\n<p><\/p>\n\n\n\n<p>Sipas&nbsp; kanalit&nbsp;<a href=\"https:\/\/t.me\/bazabazon\/45597\" rel=\"noreferrer noopener\" target=\"_blank\">t\u00eb<\/a>&nbsp;Telegramit &#8220;Baza&#8221;, mbi 50 fluturime nuk mund\u00ebn t\u00eb niseshin nga Aeroporti i Vnukovos gjat\u00eb nat\u00ebs p\u00ebr shkak t\u00eb reshjeve t\u00eb bor\u00ebs. Sh\u00ebrbimi p\u00ebr shtyp i aeroportit&nbsp;<a href=\"https:\/\/t.me\/vnukovoairport_VKO\/3121\" rel=\"noreferrer noopener\" target=\"_blank\">raportoi<\/a>&nbsp;m\u00eb von\u00eb se disa fluturime u vonuan &#8220;p\u00ebr shkak t\u00eb kushteve t\u00eb k\u00ebqija t\u00eb motit&#8221;.&nbsp;<\/p>\n\n\n\n<p><\/p>\n\n\n\n<p>N\u00eb qytetet e rajonit t\u00eb Mosk\u00ebs, Dubna dhe Domodedovo, energjia elektrike u nd\u00ebrpre pjes\u00ebrisht p\u00ebr shkak t\u00eb reshjeve t\u00eb bor\u00ebs dhe pem\u00ebve t\u00eb rr\u00ebzuara,&nbsp;<a href=\"https:\/\/t.me\/ostorozhno_moskva\/31696\" rel=\"noreferrer noopener\" target=\"_blank\">raportojn\u00eb<\/a>&nbsp;autoritetet lokale . P\u00ebrve\u00e7 k\u00ebsaj,&nbsp;sh\u00ebrbimi hekurudhor p\u00ebr n\u00eb Mosk\u00eb&nbsp;&nbsp;<a href=\"https:\/\/t.me\/msk1_news\/95871\" rel=\"noreferrer noopener\" target=\"_blank\">u nd\u00ebrpre n\u00eb linjat Paveletsky dhe Savelovsky.<\/a><\/p>\n","protected":false},"excerpt":{"rendered":"<p>Bor\u00eb ra n\u00eb Mosk\u00eb dhe rajonin e Mosk\u00ebs m\u00eb 27 prill. Qyteti ka l\u00ebshuar nj\u00eb alarm portokalli p\u00ebr motin p\u00ebr shkak t\u00eb bor\u00ebs, akullit dhe er\u00ebrave t\u00eb forta,&nbsp;raportoi&nbsp;Qendra Hidrometeorologjike .&nbsp; Ata&nbsp;sqaruan&nbsp;se bora dhe er\u00ebrat e forta n\u00eb Mosk\u00eb dhe rajonin p\u00ebrreth, me shpejt\u00ebsi q\u00eb arrijn\u00eb 18-23 metra n\u00eb sekond\u00eb, do t\u00eb vazhdojn\u00eb deri n\u00eb fund [&hellip;]<\/p>\n","protected":false},"author":4,"featured_media":11933,"comment_status":"open","ping_status":"open","sticky":false,"template":"","format":"standard","meta":{"footnotes":""},"categories":[33,30],"tags":[],"class_list":{"0":"post-11932","1":"post","2":"type-post","3":"status-publish","4":"format-standard","5":"has-post-thumbnail","7":"category-bote","8":"category-lajme"},"yoast_head":"<!-- This site is optimized with the Yoast SEO plugin v27.4 - https:\/\/yoast.com\/product\/yoast-seo-wordpress\/ -->\n<title>Moska mbulohet me d\u00ebbor\u00eb, pem\u00eb te rr\u00ebzuara, anulohet fluturimet - Kosova Times<\/title>\n<meta name=\"robots\" content=\"index, follow, max-snippet:-1, max-image-preview:large, max-video-preview:-1\" \/>\n<link rel=\"canonical\" href=\"https:\/\/kosovatimes.info\/index.php\/2026\/04\/27\/ne-moske-ra-bore-pemet-u-rrezuan-dhe-disa-fluturime-u-anuluan-ne-aeroportin-nderkombetar-te-vnukovos\/\" \/>\n<meta property=\"og:locale\" content=\"en_US\" \/>\n<meta property=\"og:type\" content=\"article\" \/>\n<meta property=\"og:title\" content=\"Moska mbulohet me d\u00ebbor\u00eb, pem\u00eb te rr\u00ebzuara, anulohet fluturimet - Kosova Times\" \/>\n<meta property=\"og:description\" content=\"Bor\u00eb ra n\u00eb Mosk\u00eb dhe rajonin e Mosk\u00ebs m\u00eb 27 prill. Qyteti ka l\u00ebshuar nj\u00eb alarm portokalli p\u00ebr motin p\u00ebr shkak t\u00eb bor\u00ebs, akullit dhe er\u00ebrave t\u00eb forta,&nbsp;raportoi&nbsp;Qendra Hidrometeorologjike .&nbsp; Ata&nbsp;sqaruan&nbsp;se bora dhe er\u00ebrat e forta n\u00eb Mosk\u00eb dhe rajonin p\u00ebrreth, me shpejt\u00ebsi q\u00eb arrijn\u00eb 18-23 metra n\u00eb sekond\u00eb, do t\u00eb vazhdojn\u00eb deri n\u00eb fund [&hellip;]\" \/>\n<meta property=\"og:url\" content=\"https:\/\/kosovatimes.info\/index.php\/2026\/04\/27\/ne-moske-ra-bore-pemet-u-rrezuan-dhe-disa-fluturime-u-anuluan-ne-aeroportin-nderkombetar-te-vnukovos\/\" \/>\n<meta property=\"og:site_name\" content=\"Kosova Times\" \/>\n<meta property=\"article:published_time\" content=\"2026-04-27T06:44:31+00:00\" \/>\n<meta property=\"article:modified_time\" content=\"2026-04-27T06:46:16+00:00\" \/>\n<meta property=\"og:image\" content=\"https:\/\/kosovatimes.info\/wp-content\/uploads\/2026\/04\/Moska.jpeg\" \/>\n\t<meta property=\"og:image:width\" content=\"299\" \/>\n\t<meta property=\"og:image:height\" content=\"168\" \/>\n\t<meta property=\"og:image:type\" content=\"image\/jpeg\" \/>\n<meta name=\"author\" content=\"i l\" \/>\n<meta name=\"twitter:card\" content=\"summary_large_image\" \/>\n<meta name=\"twitter:label1\" content=\"Written by\" \/>\n\t<meta name=\"twitter:data1\" content=\"i l\" \/>\n\t<meta name=\"twitter:label2\" content=\"Est. reading time\" \/>\n\t<meta name=\"twitter:data2\" content=\"2 minutes\" \/>\n<script type=\"application\/ld+json\" class=\"yoast-schema-graph\">{\"@context\":\"https:\\\/\\\/schema.org\",\"@graph\":[{\"@type\":\"Article\",\"@id\":\"https:\\\/\\\/kosovatimes.info\\\/index.php\\\/2026\\\/04\\\/27\\\/ne-moske-ra-bore-pemet-u-rrezuan-dhe-disa-fluturime-u-anuluan-ne-aeroportin-nderkombetar-te-vnukovos\\\/#article\",\"isPartOf\":{\"@id\":\"https:\\\/\\\/kosovatimes.info\\\/index.php\\\/2026\\\/04\\\/27\\\/ne-moske-ra-bore-pemet-u-rrezuan-dhe-disa-fluturime-u-anuluan-ne-aeroportin-nderkombetar-te-vnukovos\\\/\"},\"author\":{\"name\":\"i l\",\"@id\":\"https:\\\/\\\/kosovatimes.info\\\/#\\\/schema\\\/person\\\/7586712b9c512fe68085de007378c915\"},\"headline\":\"Moska mbulohet me d\u00ebbor\u00eb, pem\u00eb te rr\u00ebzuara, anulohet fluturimet\",\"datePublished\":\"2026-04-27T06:44:31+00:00\",\"dateModified\":\"2026-04-27T06:46:16+00:00\",\"mainEntityOfPage\":{\"@id\":\"https:\\\/\\\/kosovatimes.info\\\/index.php\\\/2026\\\/04\\\/27\\\/ne-moske-ra-bore-pemet-u-rrezuan-dhe-disa-fluturime-u-anuluan-ne-aeroportin-nderkombetar-te-vnukovos\\\/\"},\"wordCount\":261,\"commentCount\":0,\"image\":{\"@id\":\"https:\\\/\\\/kosovatimes.info\\\/index.php\\\/2026\\\/04\\\/27\\\/ne-moske-ra-bore-pemet-u-rrezuan-dhe-disa-fluturime-u-anuluan-ne-aeroportin-nderkombetar-te-vnukovos\\\/#primaryimage\"},\"thumbnailUrl\":\"https:\\\/\\\/kosovatimes.info\\\/wp-content\\\/uploads\\\/2026\\\/04\\\/Moska.jpeg\",\"articleSection\":[\"Bot\u00eb\",\"Lajme\"],\"inLanguage\":\"en-US\",\"potentialAction\":[{\"@type\":\"CommentAction\",\"name\":\"Comment\",\"target\":[\"https:\\\/\\\/kosovatimes.info\\\/index.php\\\/2026\\\/04\\\/27\\\/ne-moske-ra-bore-pemet-u-rrezuan-dhe-disa-fluturime-u-anuluan-ne-aeroportin-nderkombetar-te-vnukovos\\\/#respond\"]}]},{\"@type\":\"WebPage\",\"@id\":\"https:\\\/\\\/kosovatimes.info\\\/index.php\\\/2026\\\/04\\\/27\\\/ne-moske-ra-bore-pemet-u-rrezuan-dhe-disa-fluturime-u-anuluan-ne-aeroportin-nderkombetar-te-vnukovos\\\/\",\"url\":\"https:\\\/\\\/kosovatimes.info\\\/index.php\\\/2026\\\/04\\\/27\\\/ne-moske-ra-bore-pemet-u-rrezuan-dhe-disa-fluturime-u-anuluan-ne-aeroportin-nderkombetar-te-vnukovos\\\/\",\"name\":\"Moska mbulohet me d\u00ebbor\u00eb, pem\u00eb te rr\u00ebzuara, anulohet fluturimet - Kosova Times\",\"isPartOf\":{\"@id\":\"https:\\\/\\\/kosovatimes.info\\\/#website\"},\"primaryImageOfPage\":{\"@id\":\"https:\\\/\\\/kosovatimes.info\\\/index.php\\\/2026\\\/04\\\/27\\\/ne-moske-ra-bore-pemet-u-rrezuan-dhe-disa-fluturime-u-anuluan-ne-aeroportin-nderkombetar-te-vnukovos\\\/#primaryimage\"},\"image\":{\"@id\":\"https:\\\/\\\/kosovatimes.info\\\/index.php\\\/2026\\\/04\\\/27\\\/ne-moske-ra-bore-pemet-u-rrezuan-dhe-disa-fluturime-u-anuluan-ne-aeroportin-nderkombetar-te-vnukovos\\\/#primaryimage\"},\"thumbnailUrl\":\"https:\\\/\\\/kosovatimes.info\\\/wp-content\\\/uploads\\\/2026\\\/04\\\/Moska.jpeg\",\"datePublished\":\"2026-04-27T06:44:31+00:00\",\"dateModified\":\"2026-04-27T06:46:16+00:00\",\"author\":{\"@id\":\"https:\\\/\\\/kosovatimes.info\\\/#\\\/schema\\\/person\\\/7586712b9c512fe68085de007378c915\"},\"breadcrumb\":{\"@id\":\"https:\\\/\\\/kosovatimes.info\\\/index.php\\\/2026\\\/04\\\/27\\\/ne-moske-ra-bore-pemet-u-rrezuan-dhe-disa-fluturime-u-anuluan-ne-aeroportin-nderkombetar-te-vnukovos\\\/#breadcrumb\"},\"inLanguage\":\"en-US\",\"potentialAction\":[{\"@type\":\"ReadAction\",\"target\":[\"https:\\\/\\\/kosovatimes.info\\\/index.php\\\/2026\\\/04\\\/27\\\/ne-moske-ra-bore-pemet-u-rrezuan-dhe-disa-fluturime-u-anuluan-ne-aeroportin-nderkombetar-te-vnukovos\\\/\"]}]},{\"@type\":\"ImageObject\",\"inLanguage\":\"en-US\",\"@id\":\"https:\\\/\\\/kosovatimes.info\\\/index.php\\\/2026\\\/04\\\/27\\\/ne-moske-ra-bore-pemet-u-rrezuan-dhe-disa-fluturime-u-anuluan-ne-aeroportin-nderkombetar-te-vnukovos\\\/#primaryimage\",\"url\":\"https:\\\/\\\/kosovatimes.info\\\/wp-content\\\/uploads\\\/2026\\\/04\\\/Moska.jpeg\",\"contentUrl\":\"https:\\\/\\\/kosovatimes.info\\\/wp-content\\\/uploads\\\/2026\\\/04\\\/Moska.jpeg\",\"width\":299,\"height\":168},{\"@type\":\"BreadcrumbList\",\"@id\":\"https:\\\/\\\/kosovatimes.info\\\/index.php\\\/2026\\\/04\\\/27\\\/ne-moske-ra-bore-pemet-u-rrezuan-dhe-disa-fluturime-u-anuluan-ne-aeroportin-nderkombetar-te-vnukovos\\\/#breadcrumb\",\"itemListElement\":[{\"@type\":\"ListItem\",\"position\":1,\"name\":\"Home\",\"item\":\"https:\\\/\\\/kosovatimes.info\\\/\"},{\"@type\":\"ListItem\",\"position\":2,\"name\":\"Moska mbulohet me d\u00ebbor\u00eb, pem\u00eb te rr\u00ebzuara, anulohet fluturimet\"}]},{\"@type\":\"WebSite\",\"@id\":\"https:\\\/\\\/kosovatimes.info\\\/#website\",\"url\":\"https:\\\/\\\/kosovatimes.info\\\/\",\"name\":\"Kosova Times\",\"description\":\"\",\"potentialAction\":[{\"@type\":\"SearchAction\",\"target\":{\"@type\":\"EntryPoint\",\"urlTemplate\":\"https:\\\/\\\/kosovatimes.info\\\/?s={search_term_string}\"},\"query-input\":{\"@type\":\"PropertyValueSpecification\",\"valueRequired\":true,\"valueName\":\"search_term_string\"}}],\"inLanguage\":\"en-US\"},{\"@type\":\"Person\",\"@id\":\"https:\\\/\\\/kosovatimes.info\\\/#\\\/schema\\\/person\\\/7586712b9c512fe68085de007378c915\",\"name\":\"i l\",\"image\":{\"@type\":\"ImageObject\",\"inLanguage\":\"en-US\",\"@id\":\"https:\\\/\\\/secure.gravatar.com\\\/avatar\\\/bad9296e02816160ae2e2435beda58222022298d5625d49fea74d18816fbb31d?s=96&d=mm&r=g\",\"url\":\"https:\\\/\\\/secure.gravatar.com\\\/avatar\\\/bad9296e02816160ae2e2435beda58222022298d5625d49fea74d18816fbb31d?s=96&d=mm&r=g\",\"contentUrl\":\"https:\\\/\\\/secure.gravatar.com\\\/avatar\\\/bad9296e02816160ae2e2435beda58222022298d5625d49fea74d18816fbb31d?s=96&d=mm&r=g\",\"caption\":\"i l\"},\"url\":\"https:\\\/\\\/kosovatimes.info\\\/index.php\\\/author\\\/iliri\\\/\"}]}<\/script>\n<!-- \/ Yoast SEO plugin. -->","yoast_head_json":{"title":"Moska mbulohet me d\u00ebbor\u00eb, pem\u00eb te rr\u00ebzuara, anulohet fluturimet - Kosova Times","robots":{"index":"index","follow":"follow","max-snippet":"max-snippet:-1","max-image-preview":"max-image-preview:large","max-video-preview":"max-video-preview:-1"},"canonical":"https:\/\/kosovatimes.info\/index.php\/2026\/04\/27\/ne-moske-ra-bore-pemet-u-rrezuan-dhe-disa-fluturime-u-anuluan-ne-aeroportin-nderkombetar-te-vnukovos\/","og_locale":"en_US","og_type":"article","og_title":"Moska mbulohet me d\u00ebbor\u00eb, pem\u00eb te rr\u00ebzuara, anulohet fluturimet - Kosova Times","og_description":"Bor\u00eb ra n\u00eb Mosk\u00eb dhe rajonin e Mosk\u00ebs m\u00eb 27 prill. Qyteti ka l\u00ebshuar nj\u00eb alarm portokalli p\u00ebr motin p\u00ebr shkak t\u00eb bor\u00ebs, akullit dhe er\u00ebrave t\u00eb forta,&nbsp;raportoi&nbsp;Qendra Hidrometeorologjike .&nbsp; Ata&nbsp;sqaruan&nbsp;se bora dhe er\u00ebrat e forta n\u00eb Mosk\u00eb dhe rajonin p\u00ebrreth, me shpejt\u00ebsi q\u00eb arrijn\u00eb 18-23 metra n\u00eb sekond\u00eb, do t\u00eb vazhdojn\u00eb deri n\u00eb fund [&hellip;]","og_url":"https:\/\/kosovatimes.info\/index.php\/2026\/04\/27\/ne-moske-ra-bore-pemet-u-rrezuan-dhe-disa-fluturime-u-anuluan-ne-aeroportin-nderkombetar-te-vnukovos\/","og_site_name":"Kosova Times","article_published_time":"2026-04-27T06:44:31+00:00","article_modified_time":"2026-04-27T06:46:16+00:00","og_image":[{"width":299,"height":168,"url":"https:\/\/kosovatimes.info\/wp-content\/uploads\/2026\/04\/Moska.jpeg","type":"image\/jpeg"}],"author":"i l","twitter_card":"summary_large_image","twitter_misc":{"Written by":"i l","Est. reading time":"2 minutes"},"schema":{"@context":"https:\/\/schema.org","@graph":[{"@type":"Article","@id":"https:\/\/kosovatimes.info\/index.php\/2026\/04\/27\/ne-moske-ra-bore-pemet-u-rrezuan-dhe-disa-fluturime-u-anuluan-ne-aeroportin-nderkombetar-te-vnukovos\/#article","isPartOf":{"@id":"https:\/\/kosovatimes.info\/index.php\/2026\/04\/27\/ne-moske-ra-bore-pemet-u-rrezuan-dhe-disa-fluturime-u-anuluan-ne-aeroportin-nderkombetar-te-vnukovos\/"},"author":{"name":"i l","@id":"https:\/\/kosovatimes.info\/#\/schema\/person\/7586712b9c512fe68085de007378c915"},"headline":"Moska mbulohet me d\u00ebbor\u00eb, pem\u00eb te rr\u00ebzuara, anulohet fluturimet","datePublished":"2026-04-27T06:44:31+00:00","dateModified":"2026-04-27T06:46:16+00:00","mainEntityOfPage":{"@id":"https:\/\/kosovatimes.info\/index.php\/2026\/04\/27\/ne-moske-ra-bore-pemet-u-rrezuan-dhe-disa-fluturime-u-anuluan-ne-aeroportin-nderkombetar-te-vnukovos\/"},"wordCount":261,"commentCount":0,"image":{"@id":"https:\/\/kosovatimes.info\/index.php\/2026\/04\/27\/ne-moske-ra-bore-pemet-u-rrezuan-dhe-disa-fluturime-u-anuluan-ne-aeroportin-nderkombetar-te-vnukovos\/#primaryimage"},"thumbnailUrl":"https:\/\/kosovatimes.info\/wp-content\/uploads\/2026\/04\/Moska.jpeg","articleSection":["Bot\u00eb","Lajme"],"inLanguage":"en-US","potentialAction":[{"@type":"CommentAction","name":"Comment","target":["https:\/\/kosovatimes.info\/index.php\/2026\/04\/27\/ne-moske-ra-bore-pemet-u-rrezuan-dhe-disa-fluturime-u-anuluan-ne-aeroportin-nderkombetar-te-vnukovos\/#respond"]}]},{"@type":"WebPage","@id":"https:\/\/kosovatimes.info\/index.php\/2026\/04\/27\/ne-moske-ra-bore-pemet-u-rrezuan-dhe-disa-fluturime-u-anuluan-ne-aeroportin-nderkombetar-te-vnukovos\/","url":"https:\/\/kosovatimes.info\/index.php\/2026\/04\/27\/ne-moske-ra-bore-pemet-u-rrezuan-dhe-disa-fluturime-u-anuluan-ne-aeroportin-nderkombetar-te-vnukovos\/","name":"Moska mbulohet me d\u00ebbor\u00eb, pem\u00eb te rr\u00ebzuara, anulohet fluturimet - Kosova Times","isPartOf":{"@id":"https:\/\/kosovatimes.info\/#website"},"primaryImageOfPage":{"@id":"https:\/\/kosovatimes.info\/index.php\/2026\/04\/27\/ne-moske-ra-bore-pemet-u-rrezuan-dhe-disa-fluturime-u-anuluan-ne-aeroportin-nderkombetar-te-vnukovos\/#primaryimage"},"image":{"@id":"https:\/\/kosovatimes.info\/index.php\/2026\/04\/27\/ne-moske-ra-bore-pemet-u-rrezuan-dhe-disa-fluturime-u-anuluan-ne-aeroportin-nderkombetar-te-vnukovos\/#primaryimage"},"thumbnailUrl":"https:\/\/kosovatimes.info\/wp-content\/uploads\/2026\/04\/Moska.jpeg","datePublished":"2026-04-27T06:44:31+00:00","dateModified":"2026-04-27T06:46:16+00:00","author":{"@id":"https:\/\/kosovatimes.info\/#\/schema\/person\/7586712b9c512fe68085de007378c915"},"breadcrumb":{"@id":"https:\/\/kosovatimes.info\/index.php\/2026\/04\/27\/ne-moske-ra-bore-pemet-u-rrezuan-dhe-disa-fluturime-u-anuluan-ne-aeroportin-nderkombetar-te-vnukovos\/#breadcrumb"},"inLanguage":"en-US","potentialAction":[{"@type":"ReadAction","target":["https:\/\/kosovatimes.info\/index.php\/2026\/04\/27\/ne-moske-ra-bore-pemet-u-rrezuan-dhe-disa-fluturime-u-anuluan-ne-aeroportin-nderkombetar-te-vnukovos\/"]}]},{"@type":"ImageObject","inLanguage":"en-US","@id":"https:\/\/kosovatimes.info\/index.php\/2026\/04\/27\/ne-moske-ra-bore-pemet-u-rrezuan-dhe-disa-fluturime-u-anuluan-ne-aeroportin-nderkombetar-te-vnukovos\/#primaryimage","url":"https:\/\/kosovatimes.info\/wp-content\/uploads\/2026\/04\/Moska.jpeg","contentUrl":"https:\/\/kosovatimes.info\/wp-content\/uploads\/2026\/04\/Moska.jpeg","width":299,"height":168},{"@type":"BreadcrumbList","@id":"https:\/\/kosovatimes.info\/index.php\/2026\/04\/27\/ne-moske-ra-bore-pemet-u-rrezuan-dhe-disa-fluturime-u-anuluan-ne-aeroportin-nderkombetar-te-vnukovos\/#breadcrumb","itemListElement":[{"@type":"ListItem","position":1,"name":"Home","item":"https:\/\/kosovatimes.info\/"},{"@type":"ListItem","position":2,"name":"Moska mbulohet me d\u00ebbor\u00eb, pem\u00eb te rr\u00ebzuara, anulohet fluturimet"}]},{"@type":"WebSite","@id":"https:\/\/kosovatimes.info\/#website","url":"https:\/\/kosovatimes.info\/","name":"Kosova Times","description":"","potentialAction":[{"@type":"SearchAction","target":{"@type":"EntryPoint","urlTemplate":"https:\/\/kosovatimes.info\/?s={search_term_string}"},"query-input":{"@type":"PropertyValueSpecification","valueRequired":true,"valueName":"search_term_string"}}],"inLanguage":"en-US"},{"@type":"Person","@id":"https:\/\/kosovatimes.info\/#\/schema\/person\/7586712b9c512fe68085de007378c915","name":"i l","image":{"@type":"ImageObject","inLanguage":"en-US","@id":"https:\/\/secure.gravatar.com\/avatar\/bad9296e02816160ae2e2435beda58222022298d5625d49fea74d18816fbb31d?s=96&d=mm&r=g","url":"https:\/\/secure.gravatar.com\/avatar\/bad9296e02816160ae2e2435beda58222022298d5625d49fea74d18816fbb31d?s=96&d=mm&r=g","contentUrl":"https:\/\/secure.gravatar.com\/avatar\/bad9296e02816160ae2e2435beda58222022298d5625d49fea74d18816fbb31d?s=96&d=mm&r=g","caption":"i l"},"url":"https:\/\/kosovatimes.info\/index.php\/author\/iliri\/"}]}},"_links":{"self":[{"href":"https:\/\/kosovatimes.info\/index.php\/wp-json\/wp\/v2\/posts\/11932","targetHints":{"allow":["GET"]}}],"collection":[{"href":"https:\/\/kosovatimes.info\/index.php\/wp-json\/wp\/v2\/posts"}],"about":[{"href":"https:\/\/kosovatimes.info\/index.php\/wp-json\/wp\/v2\/types\/post"}],"author":[{"embeddable":true,"href":"https:\/\/kosovatimes.info\/index.php\/wp-json\/wp\/v2\/users\/4"}],"replies":[{"embeddable":true,"href":"https:\/\/kosovatimes.info\/index.php\/wp-json\/wp\/v2\/comments?post=11932"}],"version-history":[{"count":3,"href":"https:\/\/kosovatimes.info\/index.php\/wp-json\/wp\/v2\/posts\/11932\/revisions"}],"predecessor-version":[{"id":11936,"href":"https:\/\/kosovatimes.info\/index.php\/wp-json\/wp\/v2\/posts\/11932\/revisions\/11936"}],"wp:featuredmedia":[{"embeddable":true,"href":"https:\/\/kosovatimes.info\/index.php\/wp-json\/wp\/v2\/media\/11933"}],"wp:attachment":[{"href":"https:\/\/kosovatimes.info\/index.php\/wp-json\/wp\/v2\/media?parent=11932"}],"wp:term":[{"taxonomy":"category","embeddable":true,"href":"https:\/\/kosovatimes.info\/index.php\/wp-json\/wp\/v2\/categories?post=11932"},{"taxonomy":"post_tag","embeddable":true,"href":"https:\/\/kosovatimes.info\/index.php\/wp-json\/wp\/v2\/tags?post=11932"}],"curies":[{"name":"wp","href":"https:\/\/api.w.org\/{rel}","templated":true}]}}