{"id":11946,"date":"2026-04-27T08:39:00","date_gmt":"2026-04-27T06:39:00","guid":{"rendered":"https:\/\/kosovatimes.info\/?p=11946"},"modified":"2026-04-27T09:03:31","modified_gmt":"2026-04-27T07:03:31","slug":"arrestohet-nje-23-vjecar-per-vjedhje-te-rende-ne-prishtine","status":"publish","type":"post","link":"https:\/\/kosovatimes.info\/index.php\/2026\/04\/27\/arrestohet-nje-23-vjecar-per-vjedhje-te-rende-ne-prishtine\/","title":{"rendered":"Arrestohet nj\u00eb 23-vje\u00e7ar p\u00ebr vjedhje t\u00eb r\u00ebnd\u00eb n\u00eb Prishtin\u00eb"},"content":{"rendered":"\n<p><strong>Policia e Kosov\u00ebs ka arrestuar nj\u00eb person t\u00eb dyshuar p\u00ebr vjedhje t\u00eb r\u00ebnd\u00eb, pas nj\u00eb rasti t\u00eb raportuar m\u00eb 23 prill 2026 n\u00eb kryeqytet.<\/strong><\/p>\n\n\n\n<p>Sipas njoftimit, nj\u00ebsitet hetimore kan\u00eb nd\u00ebrmarr\u00eb veprime t\u00eb menj\u00ebhershme, duke arritur q\u00eb p\u00ebrmes pun\u00ebs operative t\u00eb identifikojn\u00eb dhe prangosin t\u00eb dyshuarin.<\/p>\n\n\n\n<p>B\u00ebhet fjal\u00eb p\u00ebr R.K., 23 vje\u00e7, shtetas i Kosov\u00ebs, i cili pas intervistimit n\u00eb prani t\u00eb prokurorit \u00ebsht\u00eb d\u00ebrguar n\u00eb mbajtje p\u00ebr 48 or\u00eb.<\/p>\n\n\n\n<p>Policia b\u00ebn\u00eb t\u00eb ditur se pas p\u00ebrfundimit t\u00eb procedurave hetimore, sendet e vjedhura jan\u00eb kthyer te pronari.<\/p>\n\n\n\n<p>Hetimet lidhur me rastin jan\u00eb duke vazhduar.<\/p>\n","protected":false},"excerpt":{"rendered":"<p>Policia e Kosov\u00ebs ka arrestuar nj\u00eb person t\u00eb dyshuar p\u00ebr vjedhje t\u00eb r\u00ebnd\u00eb, pas nj\u00eb rasti t\u00eb raportuar m\u00eb 23 prill 2026 n\u00eb kryeqytet. Sipas njoftimit, nj\u00ebsitet hetimore kan\u00eb nd\u00ebrmarr\u00eb veprime t\u00eb menj\u00ebhershme, duke arritur q\u00eb p\u00ebrmes pun\u00ebs operative t\u00eb identifikojn\u00eb dhe prangosin t\u00eb dyshuarin. B\u00ebhet fjal\u00eb p\u00ebr R.K., 23 vje\u00e7, shtetas i Kosov\u00ebs, i [&hellip;]<\/p>\n","protected":false},"author":4,"featured_media":526,"comment_status":"open","ping_status":"open","sticky":false,"template":"","format":"standard","meta":{"footnotes":""},"categories":[31,30],"tags":[],"class_list":{"0":"post-11946","1":"post","2":"type-post","3":"status-publish","4":"format-standard","5":"has-post-thumbnail","7":"category-kosove","8":"category-lajme"},"yoast_head":"<!-- This site is optimized with the Yoast SEO plugin v27.4 - https:\/\/yoast.com\/product\/yoast-seo-wordpress\/ -->\n<title>Arrestohet nj\u00eb 23-vje\u00e7ar p\u00ebr vjedhje t\u00eb r\u00ebnd\u00eb n\u00eb Prishtin\u00eb - Kosova Times<\/title>\n<meta name=\"robots\" content=\"index, follow, max-snippet:-1, max-image-preview:large, max-video-preview:-1\" \/>\n<link rel=\"canonical\" href=\"https:\/\/kosovatimes.info\/index.php\/2026\/04\/27\/arrestohet-nje-23-vjecar-per-vjedhje-te-rende-ne-prishtine\/\" \/>\n<meta property=\"og:locale\" content=\"en_US\" \/>\n<meta property=\"og:type\" content=\"article\" \/>\n<meta property=\"og:title\" content=\"Arrestohet nj\u00eb 23-vje\u00e7ar p\u00ebr vjedhje t\u00eb r\u00ebnd\u00eb n\u00eb Prishtin\u00eb - Kosova Times\" \/>\n<meta property=\"og:description\" content=\"Policia e Kosov\u00ebs ka arrestuar nj\u00eb person t\u00eb dyshuar p\u00ebr vjedhje t\u00eb r\u00ebnd\u00eb, pas nj\u00eb rasti t\u00eb raportuar m\u00eb 23 prill 2026 n\u00eb kryeqytet. Sipas njoftimit, nj\u00ebsitet hetimore kan\u00eb nd\u00ebrmarr\u00eb veprime t\u00eb menj\u00ebhershme, duke arritur q\u00eb p\u00ebrmes pun\u00ebs operative t\u00eb identifikojn\u00eb dhe prangosin t\u00eb dyshuarin. B\u00ebhet fjal\u00eb p\u00ebr R.K., 23 vje\u00e7, shtetas i Kosov\u00ebs, i [&hellip;]\" \/>\n<meta property=\"og:url\" content=\"https:\/\/kosovatimes.info\/index.php\/2026\/04\/27\/arrestohet-nje-23-vjecar-per-vjedhje-te-rende-ne-prishtine\/\" \/>\n<meta property=\"og:site_name\" content=\"Kosova Times\" \/>\n<meta property=\"article:published_time\" content=\"2026-04-27T06:39:00+00:00\" \/>\n<meta property=\"article:modified_time\" content=\"2026-04-27T07:03:31+00:00\" \/>\n<meta property=\"og:image\" content=\"https:\/\/kosovatimes.info\/wp-content\/uploads\/2026\/02\/arrest.jpeg\" \/>\n\t<meta property=\"og:image:width\" content=\"204\" \/>\n\t<meta property=\"og:image:height\" content=\"192\" \/>\n\t<meta property=\"og:image:type\" content=\"image\/jpeg\" \/>\n<meta name=\"author\" content=\"i l\" \/>\n<meta name=\"twitter:card\" content=\"summary_large_image\" \/>\n<meta name=\"twitter:label1\" content=\"Written by\" \/>\n\t<meta name=\"twitter:data1\" content=\"i l\" \/>\n\t<meta name=\"twitter:label2\" content=\"Est. reading time\" \/>\n\t<meta name=\"twitter:data2\" content=\"1 minute\" \/>\n<script type=\"application\/ld+json\" class=\"yoast-schema-graph\">{\"@context\":\"https:\\\/\\\/schema.org\",\"@graph\":[{\"@type\":\"Article\",\"@id\":\"https:\\\/\\\/kosovatimes.info\\\/index.php\\\/2026\\\/04\\\/27\\\/arrestohet-nje-23-vjecar-per-vjedhje-te-rende-ne-prishtine\\\/#article\",\"isPartOf\":{\"@id\":\"https:\\\/\\\/kosovatimes.info\\\/index.php\\\/2026\\\/04\\\/27\\\/arrestohet-nje-23-vjecar-per-vjedhje-te-rende-ne-prishtine\\\/\"},\"author\":{\"name\":\"i l\",\"@id\":\"https:\\\/\\\/kosovatimes.info\\\/#\\\/schema\\\/person\\\/7586712b9c512fe68085de007378c915\"},\"headline\":\"Arrestohet nj\u00eb 23-vje\u00e7ar p\u00ebr vjedhje t\u00eb r\u00ebnd\u00eb n\u00eb Prishtin\u00eb\",\"datePublished\":\"2026-04-27T06:39:00+00:00\",\"dateModified\":\"2026-04-27T07:03:31+00:00\",\"mainEntityOfPage\":{\"@id\":\"https:\\\/\\\/kosovatimes.info\\\/index.php\\\/2026\\\/04\\\/27\\\/arrestohet-nje-23-vjecar-per-vjedhje-te-rende-ne-prishtine\\\/\"},\"wordCount\":117,\"commentCount\":0,\"image\":{\"@id\":\"https:\\\/\\\/kosovatimes.info\\\/index.php\\\/2026\\\/04\\\/27\\\/arrestohet-nje-23-vjecar-per-vjedhje-te-rende-ne-prishtine\\\/#primaryimage\"},\"thumbnailUrl\":\"https:\\\/\\\/kosovatimes.info\\\/wp-content\\\/uploads\\\/2026\\\/02\\\/arrest.jpeg\",\"articleSection\":[\"Kosov\u00eb\",\"Lajme\"],\"inLanguage\":\"en-US\",\"potentialAction\":[{\"@type\":\"CommentAction\",\"name\":\"Comment\",\"target\":[\"https:\\\/\\\/kosovatimes.info\\\/index.php\\\/2026\\\/04\\\/27\\\/arrestohet-nje-23-vjecar-per-vjedhje-te-rende-ne-prishtine\\\/#respond\"]}]},{\"@type\":\"WebPage\",\"@id\":\"https:\\\/\\\/kosovatimes.info\\\/index.php\\\/2026\\\/04\\\/27\\\/arrestohet-nje-23-vjecar-per-vjedhje-te-rende-ne-prishtine\\\/\",\"url\":\"https:\\\/\\\/kosovatimes.info\\\/index.php\\\/2026\\\/04\\\/27\\\/arrestohet-nje-23-vjecar-per-vjedhje-te-rende-ne-prishtine\\\/\",\"name\":\"Arrestohet nj\u00eb 23-vje\u00e7ar p\u00ebr vjedhje t\u00eb r\u00ebnd\u00eb n\u00eb Prishtin\u00eb - Kosova Times\",\"isPartOf\":{\"@id\":\"https:\\\/\\\/kosovatimes.info\\\/#website\"},\"primaryImageOfPage\":{\"@id\":\"https:\\\/\\\/kosovatimes.info\\\/index.php\\\/2026\\\/04\\\/27\\\/arrestohet-nje-23-vjecar-per-vjedhje-te-rende-ne-prishtine\\\/#primaryimage\"},\"image\":{\"@id\":\"https:\\\/\\\/kosovatimes.info\\\/index.php\\\/2026\\\/04\\\/27\\\/arrestohet-nje-23-vjecar-per-vjedhje-te-rende-ne-prishtine\\\/#primaryimage\"},\"thumbnailUrl\":\"https:\\\/\\\/kosovatimes.info\\\/wp-content\\\/uploads\\\/2026\\\/02\\\/arrest.jpeg\",\"datePublished\":\"2026-04-27T06:39:00+00:00\",\"dateModified\":\"2026-04-27T07:03:31+00:00\",\"author\":{\"@id\":\"https:\\\/\\\/kosovatimes.info\\\/#\\\/schema\\\/person\\\/7586712b9c512fe68085de007378c915\"},\"breadcrumb\":{\"@id\":\"https:\\\/\\\/kosovatimes.info\\\/index.php\\\/2026\\\/04\\\/27\\\/arrestohet-nje-23-vjecar-per-vjedhje-te-rende-ne-prishtine\\\/#breadcrumb\"},\"inLanguage\":\"en-US\",\"potentialAction\":[{\"@type\":\"ReadAction\",\"target\":[\"https:\\\/\\\/kosovatimes.info\\\/index.php\\\/2026\\\/04\\\/27\\\/arrestohet-nje-23-vjecar-per-vjedhje-te-rende-ne-prishtine\\\/\"]}]},{\"@type\":\"ImageObject\",\"inLanguage\":\"en-US\",\"@id\":\"https:\\\/\\\/kosovatimes.info\\\/index.php\\\/2026\\\/04\\\/27\\\/arrestohet-nje-23-vjecar-per-vjedhje-te-rende-ne-prishtine\\\/#primaryimage\",\"url\":\"https:\\\/\\\/kosovatimes.info\\\/wp-content\\\/uploads\\\/2026\\\/02\\\/arrest.jpeg\",\"contentUrl\":\"https:\\\/\\\/kosovatimes.info\\\/wp-content\\\/uploads\\\/2026\\\/02\\\/arrest.jpeg\",\"width\":204,\"height\":192},{\"@type\":\"BreadcrumbList\",\"@id\":\"https:\\\/\\\/kosovatimes.info\\\/index.php\\\/2026\\\/04\\\/27\\\/arrestohet-nje-23-vjecar-per-vjedhje-te-rende-ne-prishtine\\\/#breadcrumb\",\"itemListElement\":[{\"@type\":\"ListItem\",\"position\":1,\"name\":\"Home\",\"item\":\"https:\\\/\\\/kosovatimes.info\\\/\"},{\"@type\":\"ListItem\",\"position\":2,\"name\":\"Arrestohet nj\u00eb 23-vje\u00e7ar p\u00ebr vjedhje t\u00eb r\u00ebnd\u00eb n\u00eb Prishtin\u00eb\"}]},{\"@type\":\"WebSite\",\"@id\":\"https:\\\/\\\/kosovatimes.info\\\/#website\",\"url\":\"https:\\\/\\\/kosovatimes.info\\\/\",\"name\":\"Kosova Times\",\"description\":\"\",\"potentialAction\":[{\"@type\":\"SearchAction\",\"target\":{\"@type\":\"EntryPoint\",\"urlTemplate\":\"https:\\\/\\\/kosovatimes.info\\\/?s={search_term_string}\"},\"query-input\":{\"@type\":\"PropertyValueSpecification\",\"valueRequired\":true,\"valueName\":\"search_term_string\"}}],\"inLanguage\":\"en-US\"},{\"@type\":\"Person\",\"@id\":\"https:\\\/\\\/kosovatimes.info\\\/#\\\/schema\\\/person\\\/7586712b9c512fe68085de007378c915\",\"name\":\"i l\",\"image\":{\"@type\":\"ImageObject\",\"inLanguage\":\"en-US\",\"@id\":\"https:\\\/\\\/secure.gravatar.com\\\/avatar\\\/bad9296e02816160ae2e2435beda58222022298d5625d49fea74d18816fbb31d?s=96&d=mm&r=g\",\"url\":\"https:\\\/\\\/secure.gravatar.com\\\/avatar\\\/bad9296e02816160ae2e2435beda58222022298d5625d49fea74d18816fbb31d?s=96&d=mm&r=g\",\"contentUrl\":\"https:\\\/\\\/secure.gravatar.com\\\/avatar\\\/bad9296e02816160ae2e2435beda58222022298d5625d49fea74d18816fbb31d?s=96&d=mm&r=g\",\"caption\":\"i l\"},\"url\":\"https:\\\/\\\/kosovatimes.info\\\/index.php\\\/author\\\/iliri\\\/\"}]}<\/script>\n<!-- \/ Yoast SEO plugin. -->","yoast_head_json":{"title":"Arrestohet nj\u00eb 23-vje\u00e7ar p\u00ebr vjedhje t\u00eb r\u00ebnd\u00eb n\u00eb Prishtin\u00eb - Kosova Times","robots":{"index":"index","follow":"follow","max-snippet":"max-snippet:-1","max-image-preview":"max-image-preview:large","max-video-preview":"max-video-preview:-1"},"canonical":"https:\/\/kosovatimes.info\/index.php\/2026\/04\/27\/arrestohet-nje-23-vjecar-per-vjedhje-te-rende-ne-prishtine\/","og_locale":"en_US","og_type":"article","og_title":"Arrestohet nj\u00eb 23-vje\u00e7ar p\u00ebr vjedhje t\u00eb r\u00ebnd\u00eb n\u00eb Prishtin\u00eb - Kosova Times","og_description":"Policia e Kosov\u00ebs ka arrestuar nj\u00eb person t\u00eb dyshuar p\u00ebr vjedhje t\u00eb r\u00ebnd\u00eb, pas nj\u00eb rasti t\u00eb raportuar m\u00eb 23 prill 2026 n\u00eb kryeqytet. Sipas njoftimit, nj\u00ebsitet hetimore kan\u00eb nd\u00ebrmarr\u00eb veprime t\u00eb menj\u00ebhershme, duke arritur q\u00eb p\u00ebrmes pun\u00ebs operative t\u00eb identifikojn\u00eb dhe prangosin t\u00eb dyshuarin. B\u00ebhet fjal\u00eb p\u00ebr R.K., 23 vje\u00e7, shtetas i Kosov\u00ebs, i [&hellip;]","og_url":"https:\/\/kosovatimes.info\/index.php\/2026\/04\/27\/arrestohet-nje-23-vjecar-per-vjedhje-te-rende-ne-prishtine\/","og_site_name":"Kosova Times","article_published_time":"2026-04-27T06:39:00+00:00","article_modified_time":"2026-04-27T07:03:31+00:00","og_image":[{"width":204,"height":192,"url":"https:\/\/kosovatimes.info\/wp-content\/uploads\/2026\/02\/arrest.jpeg","type":"image\/jpeg"}],"author":"i l","twitter_card":"summary_large_image","twitter_misc":{"Written by":"i l","Est. reading time":"1 minute"},"schema":{"@context":"https:\/\/schema.org","@graph":[{"@type":"Article","@id":"https:\/\/kosovatimes.info\/index.php\/2026\/04\/27\/arrestohet-nje-23-vjecar-per-vjedhje-te-rende-ne-prishtine\/#article","isPartOf":{"@id":"https:\/\/kosovatimes.info\/index.php\/2026\/04\/27\/arrestohet-nje-23-vjecar-per-vjedhje-te-rende-ne-prishtine\/"},"author":{"name":"i l","@id":"https:\/\/kosovatimes.info\/#\/schema\/person\/7586712b9c512fe68085de007378c915"},"headline":"Arrestohet nj\u00eb 23-vje\u00e7ar p\u00ebr vjedhje t\u00eb r\u00ebnd\u00eb n\u00eb Prishtin\u00eb","datePublished":"2026-04-27T06:39:00+00:00","dateModified":"2026-04-27T07:03:31+00:00","mainEntityOfPage":{"@id":"https:\/\/kosovatimes.info\/index.php\/2026\/04\/27\/arrestohet-nje-23-vjecar-per-vjedhje-te-rende-ne-prishtine\/"},"wordCount":117,"commentCount":0,"image":{"@id":"https:\/\/kosovatimes.info\/index.php\/2026\/04\/27\/arrestohet-nje-23-vjecar-per-vjedhje-te-rende-ne-prishtine\/#primaryimage"},"thumbnailUrl":"https:\/\/kosovatimes.info\/wp-content\/uploads\/2026\/02\/arrest.jpeg","articleSection":["Kosov\u00eb","Lajme"],"inLanguage":"en-US","potentialAction":[{"@type":"CommentAction","name":"Comment","target":["https:\/\/kosovatimes.info\/index.php\/2026\/04\/27\/arrestohet-nje-23-vjecar-per-vjedhje-te-rende-ne-prishtine\/#respond"]}]},{"@type":"WebPage","@id":"https:\/\/kosovatimes.info\/index.php\/2026\/04\/27\/arrestohet-nje-23-vjecar-per-vjedhje-te-rende-ne-prishtine\/","url":"https:\/\/kosovatimes.info\/index.php\/2026\/04\/27\/arrestohet-nje-23-vjecar-per-vjedhje-te-rende-ne-prishtine\/","name":"Arrestohet nj\u00eb 23-vje\u00e7ar p\u00ebr vjedhje t\u00eb r\u00ebnd\u00eb n\u00eb Prishtin\u00eb - Kosova Times","isPartOf":{"@id":"https:\/\/kosovatimes.info\/#website"},"primaryImageOfPage":{"@id":"https:\/\/kosovatimes.info\/index.php\/2026\/04\/27\/arrestohet-nje-23-vjecar-per-vjedhje-te-rende-ne-prishtine\/#primaryimage"},"image":{"@id":"https:\/\/kosovatimes.info\/index.php\/2026\/04\/27\/arrestohet-nje-23-vjecar-per-vjedhje-te-rende-ne-prishtine\/#primaryimage"},"thumbnailUrl":"https:\/\/kosovatimes.info\/wp-content\/uploads\/2026\/02\/arrest.jpeg","datePublished":"2026-04-27T06:39:00+00:00","dateModified":"2026-04-27T07:03:31+00:00","author":{"@id":"https:\/\/kosovatimes.info\/#\/schema\/person\/7586712b9c512fe68085de007378c915"},"breadcrumb":{"@id":"https:\/\/kosovatimes.info\/index.php\/2026\/04\/27\/arrestohet-nje-23-vjecar-per-vjedhje-te-rende-ne-prishtine\/#breadcrumb"},"inLanguage":"en-US","potentialAction":[{"@type":"ReadAction","target":["https:\/\/kosovatimes.info\/index.php\/2026\/04\/27\/arrestohet-nje-23-vjecar-per-vjedhje-te-rende-ne-prishtine\/"]}]},{"@type":"ImageObject","inLanguage":"en-US","@id":"https:\/\/kosovatimes.info\/index.php\/2026\/04\/27\/arrestohet-nje-23-vjecar-per-vjedhje-te-rende-ne-prishtine\/#primaryimage","url":"https:\/\/kosovatimes.info\/wp-content\/uploads\/2026\/02\/arrest.jpeg","contentUrl":"https:\/\/kosovatimes.info\/wp-content\/uploads\/2026\/02\/arrest.jpeg","width":204,"height":192},{"@type":"BreadcrumbList","@id":"https:\/\/kosovatimes.info\/index.php\/2026\/04\/27\/arrestohet-nje-23-vjecar-per-vjedhje-te-rende-ne-prishtine\/#breadcrumb","itemListElement":[{"@type":"ListItem","position":1,"name":"Home","item":"https:\/\/kosovatimes.info\/"},{"@type":"ListItem","position":2,"name":"Arrestohet nj\u00eb 23-vje\u00e7ar p\u00ebr vjedhje t\u00eb r\u00ebnd\u00eb n\u00eb Prishtin\u00eb"}]},{"@type":"WebSite","@id":"https:\/\/kosovatimes.info\/#website","url":"https:\/\/kosovatimes.info\/","name":"Kosova Times","description":"","potentialAction":[{"@type":"SearchAction","target":{"@type":"EntryPoint","urlTemplate":"https:\/\/kosovatimes.info\/?s={search_term_string}"},"query-input":{"@type":"PropertyValueSpecification","valueRequired":true,"valueName":"search_term_string"}}],"inLanguage":"en-US"},{"@type":"Person","@id":"https:\/\/kosovatimes.info\/#\/schema\/person\/7586712b9c512fe68085de007378c915","name":"i l","image":{"@type":"ImageObject","inLanguage":"en-US","@id":"https:\/\/secure.gravatar.com\/avatar\/bad9296e02816160ae2e2435beda58222022298d5625d49fea74d18816fbb31d?s=96&d=mm&r=g","url":"https:\/\/secure.gravatar.com\/avatar\/bad9296e02816160ae2e2435beda58222022298d5625d49fea74d18816fbb31d?s=96&d=mm&r=g","contentUrl":"https:\/\/secure.gravatar.com\/avatar\/bad9296e02816160ae2e2435beda58222022298d5625d49fea74d18816fbb31d?s=96&d=mm&r=g","caption":"i l"},"url":"https:\/\/kosovatimes.info\/index.php\/author\/iliri\/"}]}},"_links":{"self":[{"href":"https:\/\/kosovatimes.info\/index.php\/wp-json\/wp\/v2\/posts\/11946","targetHints":{"allow":["GET"]}}],"collection":[{"href":"https:\/\/kosovatimes.info\/index.php\/wp-json\/wp\/v2\/posts"}],"about":[{"href":"https:\/\/kosovatimes.info\/index.php\/wp-json\/wp\/v2\/types\/post"}],"author":[{"embeddable":true,"href":"https:\/\/kosovatimes.info\/index.php\/wp-json\/wp\/v2\/users\/4"}],"replies":[{"embeddable":true,"href":"https:\/\/kosovatimes.info\/index.php\/wp-json\/wp\/v2\/comments?post=11946"}],"version-history":[{"count":1,"href":"https:\/\/kosovatimes.info\/index.php\/wp-json\/wp\/v2\/posts\/11946\/revisions"}],"predecessor-version":[{"id":11947,"href":"https:\/\/kosovatimes.info\/index.php\/wp-json\/wp\/v2\/posts\/11946\/revisions\/11947"}],"wp:featuredmedia":[{"embeddable":true,"href":"https:\/\/kosovatimes.info\/index.php\/wp-json\/wp\/v2\/media\/526"}],"wp:attachment":[{"href":"https:\/\/kosovatimes.info\/index.php\/wp-json\/wp\/v2\/media?parent=11946"}],"wp:term":[{"taxonomy":"category","embeddable":true,"href":"https:\/\/kosovatimes.info\/index.php\/wp-json\/wp\/v2\/categories?post=11946"},{"taxonomy":"post_tag","embeddable":true,"href":"https:\/\/kosovatimes.info\/index.php\/wp-json\/wp\/v2\/tags?post=11946"}],"curies":[{"name":"wp","href":"https:\/\/api.w.org\/{rel}","templated":true}]}}