{"id":11951,"date":"2026-04-27T09:10:03","date_gmt":"2026-04-27T07:10:03","guid":{"rendered":"https:\/\/kosovatimes.info\/?p=11951"},"modified":"2026-04-27T09:10:05","modified_gmt":"2026-04-27T07:10:05","slug":"a-do-te-jetonit-ne-nje-shtepi-prej-qelqi-me-nje-peme-qe-rritet-brenda-saj","status":"publish","type":"post","link":"https:\/\/kosovatimes.info\/index.php\/2026\/04\/27\/a-do-te-jetonit-ne-nje-shtepi-prej-qelqi-me-nje-peme-qe-rritet-brenda-saj\/","title":{"rendered":"A do t\u00eb jetonit n\u00eb nj\u00eb sht\u00ebpi prej qelqi me nj\u00eb pem\u00eb q\u00eb rritet brenda saj?"},"content":{"rendered":"\n<p>Sht\u00ebpia unike prej qelqi me kat\u00ebr kate q\u00eb mb\u00ebshtillet rreth nj\u00eb peme t\u00eb gjall\u00eb \u00ebsht\u00eb projektuar si nj\u00eb streh\u00eb nga jeta e zhurmshme e qytetit dhe nj\u00eb p\u00ebrzierje e dizajnit modern, q\u00ebndrueshm\u00ebris\u00eb dhe natyr\u00ebs.Projekti, i em\u00ebruar n\u00eb m\u00ebnyr\u00eb p\u00ebrshkruese &#8211;\u00a0<br><strong>Pema n\u00eb Sht\u00ebpi<\/strong>\u00a0&#8211; \u00ebsht\u00eb nga arkitekti kazak\u00a0<br><strong>Aibek Almasov<\/strong>\u00a0nga studioja\u00a0<br><strong>e dizajnit A. Masow<\/strong>\u00a0, dhe \u00ebsht\u00eb projektuar si nj\u00eb streh\u00eb e qet\u00eb p\u00ebr t&#8217;i shp\u00ebtuar nxitimit dhe zhurm\u00ebs s\u00eb qytetit.I konceptuar&nbsp;<strong>diku n\u00eb pyjet<\/strong>&nbsp;pran\u00eb Almaty-t, kryeqytetit t\u00eb Kazakistanit, nj\u00eb nga projektet m\u00eb t\u00eb pazakonta t\u00eb banesave q\u00eb trazoi shpirtrat e arkitektur\u00ebs n\u00eb t\u00eb gjith\u00eb bot\u00ebn \u00ebsht\u00eb jo m\u00eb pak interesant nj\u00eb dekad\u00eb m\u00eb von\u00eb.<\/p>\n\n\n\n<p>Ideja \u00ebsht\u00eb e thjesht\u00eb dhe jasht\u00ebzakonisht efektive:&nbsp;<strong>nj\u00eb sht\u00ebpi cilindrike prej qelqi<\/strong>&nbsp;e nd\u00ebrtuar, ose m\u00eb sakt\u00eb e mb\u00ebshtjell\u00eb, rreth nj\u00eb peme t\u00eb gjall\u00eb. Sht\u00ebpia, rreth 13 metra e lart\u00eb, shtrihet n\u00eb kat\u00ebr kate, t\u00eb organizuara n\u00eb nivele n\u00eb form\u00eb unaze rreth pem\u00ebs q\u00eb formon boshtin vertikal t\u00eb nd\u00ebrtes\u00ebs.<\/p>\n\n\n\n<p><strong>Fasada transparente<\/strong>\u00a0lejon pamje panoramike t\u00eb pyllit nga \u00e7do pjes\u00eb e sht\u00ebpis\u00eb, dhe kufiri midis brend\u00ebsis\u00eb dhe jashtme nuk ekziston. Elementi qendror i hap\u00ebsir\u00ebs \u00ebsht\u00eb nj\u00eb shkall\u00eb spirale q\u00eb mb\u00ebshtjell me eleganc\u00eb trungun e nj\u00eb bredhi, duke lidhur t\u00eb gjitha katet.Projekti u zhvillua fillimisht n\u00eb&nbsp;<strong>vitin 2013<\/strong>&nbsp;, por realizimi ishte i pasigurt p\u00ebr nj\u00eb koh\u00eb t\u00eb gjat\u00eb p\u00ebr shkak t\u00eb munges\u00ebs s\u00eb investitor\u00ebve. Sot, me interesin e p\u00ebrt\u00ebrir\u00eb nga investitor\u00ebt &#8211; p\u00ebrfshir\u00eb prodhuesit e qelqit dhe paneleve diellore &#8211; nd\u00ebrtimi m\u00eb n\u00eb fund mund t\u00eb b\u00ebhet realitet.<\/p>\n\n\n\n<p>P\u00ebrve\u00e7 dizajnit t\u00eb saj mbres\u00ebl\u00ebn\u00ebs, sht\u00ebpia thekson&nbsp;<strong>q\u00ebndrueshm\u00ebrin\u00eb<\/strong>&nbsp;. Ajo planifikon t\u00eb p\u00ebrdor\u00eb panele diellore transparente p\u00ebr t\u00eb gjeneruar energji, nj\u00eb sistem mbledhjeje dhe pastrimi t\u00eb ujit t\u00eb shiut, si dhe ventilim pasiv p\u00ebr t\u00eb lejuar qarkullimin natyror t\u00eb ajrit. Energjia do t\u00eb ruhet n\u00eb nj\u00eb sistem baterish, duke e b\u00ebr\u00eb sht\u00ebpin\u00eb t\u00eb pavarur nga ana energjetike.<\/p>\n\n\n\n<p>Kostoja e parashikuar e nd\u00ebrtimit \u00ebsht\u00eb rreth&nbsp;<strong>350 mij\u00eb euro<\/strong>&nbsp;, dhe autori thekson se kjo nuk \u00ebsht\u00eb vet\u00ebm pasuri e paluajtshme, por &#8220;nj\u00eb koncept i jet\u00ebs n\u00eb t\u00eb cilin arkitektura nuk dominon natyr\u00ebn, por bashk\u00ebjeton me t\u00eb&#8221;.<\/p>\n","protected":false},"excerpt":{"rendered":"<p>Sht\u00ebpia unike prej qelqi me kat\u00ebr kate q\u00eb mb\u00ebshtillet rreth nj\u00eb peme t\u00eb gjall\u00eb \u00ebsht\u00eb projektuar si nj\u00eb streh\u00eb nga jeta e zhurmshme e qytetit dhe nj\u00eb p\u00ebrzierje e dizajnit modern, q\u00ebndrueshm\u00ebris\u00eb dhe natyr\u00ebs.Projekti, i em\u00ebruar n\u00eb m\u00ebnyr\u00eb p\u00ebrshkruese &#8211;\u00a0Pema n\u00eb Sht\u00ebpi\u00a0&#8211; \u00ebsht\u00eb nga arkitekti kazak\u00a0Aibek Almasov\u00a0nga studioja\u00a0e dizajnit A. Masow\u00a0, dhe \u00ebsht\u00eb projektuar si [&hellip;]<\/p>\n","protected":false},"author":4,"featured_media":11952,"comment_status":"open","ping_status":"open","sticky":false,"template":"","format":"standard","meta":{"footnotes":""},"categories":[38],"tags":[],"class_list":{"0":"post-11951","1":"post","2":"type-post","3":"status-publish","4":"format-standard","5":"has-post-thumbnail","7":"category-stil"},"yoast_head":"<!-- This site is optimized with the Yoast SEO plugin v27.4 - https:\/\/yoast.com\/product\/yoast-seo-wordpress\/ -->\n<title>A do t\u00eb jetonit n\u00eb nj\u00eb sht\u00ebpi prej qelqi me nj\u00eb pem\u00eb q\u00eb rritet brenda saj? - Kosova Times<\/title>\n<meta name=\"robots\" content=\"index, follow, max-snippet:-1, max-image-preview:large, max-video-preview:-1\" \/>\n<link rel=\"canonical\" href=\"https:\/\/kosovatimes.info\/index.php\/2026\/04\/27\/a-do-te-jetonit-ne-nje-shtepi-prej-qelqi-me-nje-peme-qe-rritet-brenda-saj\/\" \/>\n<meta property=\"og:locale\" content=\"en_US\" \/>\n<meta property=\"og:type\" content=\"article\" \/>\n<meta property=\"og:title\" content=\"A do t\u00eb jetonit n\u00eb nj\u00eb sht\u00ebpi prej qelqi me nj\u00eb pem\u00eb q\u00eb rritet brenda saj? - Kosova Times\" \/>\n<meta property=\"og:description\" content=\"Sht\u00ebpia unike prej qelqi me kat\u00ebr kate q\u00eb mb\u00ebshtillet rreth nj\u00eb peme t\u00eb gjall\u00eb \u00ebsht\u00eb projektuar si nj\u00eb streh\u00eb nga jeta e zhurmshme e qytetit dhe nj\u00eb p\u00ebrzierje e dizajnit modern, q\u00ebndrueshm\u00ebris\u00eb dhe natyr\u00ebs.Projekti, i em\u00ebruar n\u00eb m\u00ebnyr\u00eb p\u00ebrshkruese &#8211;\u00a0Pema n\u00eb Sht\u00ebpi\u00a0&#8211; \u00ebsht\u00eb nga arkitekti kazak\u00a0Aibek Almasov\u00a0nga studioja\u00a0e dizajnit A. Masow\u00a0, dhe \u00ebsht\u00eb projektuar si [&hellip;]\" \/>\n<meta property=\"og:url\" content=\"https:\/\/kosovatimes.info\/index.php\/2026\/04\/27\/a-do-te-jetonit-ne-nje-shtepi-prej-qelqi-me-nje-peme-qe-rritet-brenda-saj\/\" \/>\n<meta property=\"og:site_name\" content=\"Kosova Times\" \/>\n<meta property=\"article:published_time\" content=\"2026-04-27T07:10:03+00:00\" \/>\n<meta property=\"article:modified_time\" content=\"2026-04-27T07:10:05+00:00\" \/>\n<meta property=\"og:image\" content=\"https:\/\/kosovatimes.info\/wp-content\/uploads\/2026\/04\/shtepi.jpg\" \/>\n\t<meta property=\"og:image:width\" content=\"920\" \/>\n\t<meta property=\"og:image:height\" content=\"695\" \/>\n\t<meta property=\"og:image:type\" content=\"image\/jpeg\" \/>\n<meta name=\"author\" content=\"i l\" \/>\n<meta name=\"twitter:card\" content=\"summary_large_image\" \/>\n<meta name=\"twitter:label1\" content=\"Written by\" \/>\n\t<meta name=\"twitter:data1\" content=\"i l\" \/>\n\t<meta name=\"twitter:label2\" content=\"Est. reading time\" \/>\n\t<meta name=\"twitter:data2\" content=\"2 minutes\" \/>\n<script type=\"application\/ld+json\" class=\"yoast-schema-graph\">{\"@context\":\"https:\\\/\\\/schema.org\",\"@graph\":[{\"@type\":\"Article\",\"@id\":\"https:\\\/\\\/kosovatimes.info\\\/index.php\\\/2026\\\/04\\\/27\\\/a-do-te-jetonit-ne-nje-shtepi-prej-qelqi-me-nje-peme-qe-rritet-brenda-saj\\\/#article\",\"isPartOf\":{\"@id\":\"https:\\\/\\\/kosovatimes.info\\\/index.php\\\/2026\\\/04\\\/27\\\/a-do-te-jetonit-ne-nje-shtepi-prej-qelqi-me-nje-peme-qe-rritet-brenda-saj\\\/\"},\"author\":{\"name\":\"i l\",\"@id\":\"https:\\\/\\\/kosovatimes.info\\\/#\\\/schema\\\/person\\\/7586712b9c512fe68085de007378c915\"},\"headline\":\"A do t\u00eb jetonit n\u00eb nj\u00eb sht\u00ebpi prej qelqi me nj\u00eb pem\u00eb q\u00eb rritet brenda saj?\",\"datePublished\":\"2026-04-27T07:10:03+00:00\",\"dateModified\":\"2026-04-27T07:10:05+00:00\",\"mainEntityOfPage\":{\"@id\":\"https:\\\/\\\/kosovatimes.info\\\/index.php\\\/2026\\\/04\\\/27\\\/a-do-te-jetonit-ne-nje-shtepi-prej-qelqi-me-nje-peme-qe-rritet-brenda-saj\\\/\"},\"wordCount\":421,\"commentCount\":0,\"image\":{\"@id\":\"https:\\\/\\\/kosovatimes.info\\\/index.php\\\/2026\\\/04\\\/27\\\/a-do-te-jetonit-ne-nje-shtepi-prej-qelqi-me-nje-peme-qe-rritet-brenda-saj\\\/#primaryimage\"},\"thumbnailUrl\":\"https:\\\/\\\/kosovatimes.info\\\/wp-content\\\/uploads\\\/2026\\\/04\\\/shtepi.jpg\",\"articleSection\":[\"Stil\"],\"inLanguage\":\"en-US\",\"potentialAction\":[{\"@type\":\"CommentAction\",\"name\":\"Comment\",\"target\":[\"https:\\\/\\\/kosovatimes.info\\\/index.php\\\/2026\\\/04\\\/27\\\/a-do-te-jetonit-ne-nje-shtepi-prej-qelqi-me-nje-peme-qe-rritet-brenda-saj\\\/#respond\"]}]},{\"@type\":\"WebPage\",\"@id\":\"https:\\\/\\\/kosovatimes.info\\\/index.php\\\/2026\\\/04\\\/27\\\/a-do-te-jetonit-ne-nje-shtepi-prej-qelqi-me-nje-peme-qe-rritet-brenda-saj\\\/\",\"url\":\"https:\\\/\\\/kosovatimes.info\\\/index.php\\\/2026\\\/04\\\/27\\\/a-do-te-jetonit-ne-nje-shtepi-prej-qelqi-me-nje-peme-qe-rritet-brenda-saj\\\/\",\"name\":\"A do t\u00eb jetonit n\u00eb nj\u00eb sht\u00ebpi prej qelqi me nj\u00eb pem\u00eb q\u00eb rritet brenda saj? - Kosova Times\",\"isPartOf\":{\"@id\":\"https:\\\/\\\/kosovatimes.info\\\/#website\"},\"primaryImageOfPage\":{\"@id\":\"https:\\\/\\\/kosovatimes.info\\\/index.php\\\/2026\\\/04\\\/27\\\/a-do-te-jetonit-ne-nje-shtepi-prej-qelqi-me-nje-peme-qe-rritet-brenda-saj\\\/#primaryimage\"},\"image\":{\"@id\":\"https:\\\/\\\/kosovatimes.info\\\/index.php\\\/2026\\\/04\\\/27\\\/a-do-te-jetonit-ne-nje-shtepi-prej-qelqi-me-nje-peme-qe-rritet-brenda-saj\\\/#primaryimage\"},\"thumbnailUrl\":\"https:\\\/\\\/kosovatimes.info\\\/wp-content\\\/uploads\\\/2026\\\/04\\\/shtepi.jpg\",\"datePublished\":\"2026-04-27T07:10:03+00:00\",\"dateModified\":\"2026-04-27T07:10:05+00:00\",\"author\":{\"@id\":\"https:\\\/\\\/kosovatimes.info\\\/#\\\/schema\\\/person\\\/7586712b9c512fe68085de007378c915\"},\"breadcrumb\":{\"@id\":\"https:\\\/\\\/kosovatimes.info\\\/index.php\\\/2026\\\/04\\\/27\\\/a-do-te-jetonit-ne-nje-shtepi-prej-qelqi-me-nje-peme-qe-rritet-brenda-saj\\\/#breadcrumb\"},\"inLanguage\":\"en-US\",\"potentialAction\":[{\"@type\":\"ReadAction\",\"target\":[\"https:\\\/\\\/kosovatimes.info\\\/index.php\\\/2026\\\/04\\\/27\\\/a-do-te-jetonit-ne-nje-shtepi-prej-qelqi-me-nje-peme-qe-rritet-brenda-saj\\\/\"]}]},{\"@type\":\"ImageObject\",\"inLanguage\":\"en-US\",\"@id\":\"https:\\\/\\\/kosovatimes.info\\\/index.php\\\/2026\\\/04\\\/27\\\/a-do-te-jetonit-ne-nje-shtepi-prej-qelqi-me-nje-peme-qe-rritet-brenda-saj\\\/#primaryimage\",\"url\":\"https:\\\/\\\/kosovatimes.info\\\/wp-content\\\/uploads\\\/2026\\\/04\\\/shtepi.jpg\",\"contentUrl\":\"https:\\\/\\\/kosovatimes.info\\\/wp-content\\\/uploads\\\/2026\\\/04\\\/shtepi.jpg\",\"width\":920,\"height\":695},{\"@type\":\"BreadcrumbList\",\"@id\":\"https:\\\/\\\/kosovatimes.info\\\/index.php\\\/2026\\\/04\\\/27\\\/a-do-te-jetonit-ne-nje-shtepi-prej-qelqi-me-nje-peme-qe-rritet-brenda-saj\\\/#breadcrumb\",\"itemListElement\":[{\"@type\":\"ListItem\",\"position\":1,\"name\":\"Home\",\"item\":\"https:\\\/\\\/kosovatimes.info\\\/\"},{\"@type\":\"ListItem\",\"position\":2,\"name\":\"A do t\u00eb jetonit n\u00eb nj\u00eb sht\u00ebpi prej qelqi me nj\u00eb pem\u00eb q\u00eb rritet brenda saj?\"}]},{\"@type\":\"WebSite\",\"@id\":\"https:\\\/\\\/kosovatimes.info\\\/#website\",\"url\":\"https:\\\/\\\/kosovatimes.info\\\/\",\"name\":\"Kosova Times\",\"description\":\"\",\"potentialAction\":[{\"@type\":\"SearchAction\",\"target\":{\"@type\":\"EntryPoint\",\"urlTemplate\":\"https:\\\/\\\/kosovatimes.info\\\/?s={search_term_string}\"},\"query-input\":{\"@type\":\"PropertyValueSpecification\",\"valueRequired\":true,\"valueName\":\"search_term_string\"}}],\"inLanguage\":\"en-US\"},{\"@type\":\"Person\",\"@id\":\"https:\\\/\\\/kosovatimes.info\\\/#\\\/schema\\\/person\\\/7586712b9c512fe68085de007378c915\",\"name\":\"i l\",\"image\":{\"@type\":\"ImageObject\",\"inLanguage\":\"en-US\",\"@id\":\"https:\\\/\\\/secure.gravatar.com\\\/avatar\\\/bad9296e02816160ae2e2435beda58222022298d5625d49fea74d18816fbb31d?s=96&d=mm&r=g\",\"url\":\"https:\\\/\\\/secure.gravatar.com\\\/avatar\\\/bad9296e02816160ae2e2435beda58222022298d5625d49fea74d18816fbb31d?s=96&d=mm&r=g\",\"contentUrl\":\"https:\\\/\\\/secure.gravatar.com\\\/avatar\\\/bad9296e02816160ae2e2435beda58222022298d5625d49fea74d18816fbb31d?s=96&d=mm&r=g\",\"caption\":\"i l\"},\"url\":\"https:\\\/\\\/kosovatimes.info\\\/index.php\\\/author\\\/iliri\\\/\"}]}<\/script>\n<!-- \/ Yoast SEO plugin. -->","yoast_head_json":{"title":"A do t\u00eb jetonit n\u00eb nj\u00eb sht\u00ebpi prej qelqi me nj\u00eb pem\u00eb q\u00eb rritet brenda saj? - Kosova Times","robots":{"index":"index","follow":"follow","max-snippet":"max-snippet:-1","max-image-preview":"max-image-preview:large","max-video-preview":"max-video-preview:-1"},"canonical":"https:\/\/kosovatimes.info\/index.php\/2026\/04\/27\/a-do-te-jetonit-ne-nje-shtepi-prej-qelqi-me-nje-peme-qe-rritet-brenda-saj\/","og_locale":"en_US","og_type":"article","og_title":"A do t\u00eb jetonit n\u00eb nj\u00eb sht\u00ebpi prej qelqi me nj\u00eb pem\u00eb q\u00eb rritet brenda saj? - Kosova Times","og_description":"Sht\u00ebpia unike prej qelqi me kat\u00ebr kate q\u00eb mb\u00ebshtillet rreth nj\u00eb peme t\u00eb gjall\u00eb \u00ebsht\u00eb projektuar si nj\u00eb streh\u00eb nga jeta e zhurmshme e qytetit dhe nj\u00eb p\u00ebrzierje e dizajnit modern, q\u00ebndrueshm\u00ebris\u00eb dhe natyr\u00ebs.Projekti, i em\u00ebruar n\u00eb m\u00ebnyr\u00eb p\u00ebrshkruese &#8211;\u00a0Pema n\u00eb Sht\u00ebpi\u00a0&#8211; \u00ebsht\u00eb nga arkitekti kazak\u00a0Aibek Almasov\u00a0nga studioja\u00a0e dizajnit A. Masow\u00a0, dhe \u00ebsht\u00eb projektuar si [&hellip;]","og_url":"https:\/\/kosovatimes.info\/index.php\/2026\/04\/27\/a-do-te-jetonit-ne-nje-shtepi-prej-qelqi-me-nje-peme-qe-rritet-brenda-saj\/","og_site_name":"Kosova Times","article_published_time":"2026-04-27T07:10:03+00:00","article_modified_time":"2026-04-27T07:10:05+00:00","og_image":[{"width":920,"height":695,"url":"https:\/\/kosovatimes.info\/wp-content\/uploads\/2026\/04\/shtepi.jpg","type":"image\/jpeg"}],"author":"i l","twitter_card":"summary_large_image","twitter_misc":{"Written by":"i l","Est. reading time":"2 minutes"},"schema":{"@context":"https:\/\/schema.org","@graph":[{"@type":"Article","@id":"https:\/\/kosovatimes.info\/index.php\/2026\/04\/27\/a-do-te-jetonit-ne-nje-shtepi-prej-qelqi-me-nje-peme-qe-rritet-brenda-saj\/#article","isPartOf":{"@id":"https:\/\/kosovatimes.info\/index.php\/2026\/04\/27\/a-do-te-jetonit-ne-nje-shtepi-prej-qelqi-me-nje-peme-qe-rritet-brenda-saj\/"},"author":{"name":"i l","@id":"https:\/\/kosovatimes.info\/#\/schema\/person\/7586712b9c512fe68085de007378c915"},"headline":"A do t\u00eb jetonit n\u00eb nj\u00eb sht\u00ebpi prej qelqi me nj\u00eb pem\u00eb q\u00eb rritet brenda saj?","datePublished":"2026-04-27T07:10:03+00:00","dateModified":"2026-04-27T07:10:05+00:00","mainEntityOfPage":{"@id":"https:\/\/kosovatimes.info\/index.php\/2026\/04\/27\/a-do-te-jetonit-ne-nje-shtepi-prej-qelqi-me-nje-peme-qe-rritet-brenda-saj\/"},"wordCount":421,"commentCount":0,"image":{"@id":"https:\/\/kosovatimes.info\/index.php\/2026\/04\/27\/a-do-te-jetonit-ne-nje-shtepi-prej-qelqi-me-nje-peme-qe-rritet-brenda-saj\/#primaryimage"},"thumbnailUrl":"https:\/\/kosovatimes.info\/wp-content\/uploads\/2026\/04\/shtepi.jpg","articleSection":["Stil"],"inLanguage":"en-US","potentialAction":[{"@type":"CommentAction","name":"Comment","target":["https:\/\/kosovatimes.info\/index.php\/2026\/04\/27\/a-do-te-jetonit-ne-nje-shtepi-prej-qelqi-me-nje-peme-qe-rritet-brenda-saj\/#respond"]}]},{"@type":"WebPage","@id":"https:\/\/kosovatimes.info\/index.php\/2026\/04\/27\/a-do-te-jetonit-ne-nje-shtepi-prej-qelqi-me-nje-peme-qe-rritet-brenda-saj\/","url":"https:\/\/kosovatimes.info\/index.php\/2026\/04\/27\/a-do-te-jetonit-ne-nje-shtepi-prej-qelqi-me-nje-peme-qe-rritet-brenda-saj\/","name":"A do t\u00eb jetonit n\u00eb nj\u00eb sht\u00ebpi prej qelqi me nj\u00eb pem\u00eb q\u00eb rritet brenda saj? - Kosova Times","isPartOf":{"@id":"https:\/\/kosovatimes.info\/#website"},"primaryImageOfPage":{"@id":"https:\/\/kosovatimes.info\/index.php\/2026\/04\/27\/a-do-te-jetonit-ne-nje-shtepi-prej-qelqi-me-nje-peme-qe-rritet-brenda-saj\/#primaryimage"},"image":{"@id":"https:\/\/kosovatimes.info\/index.php\/2026\/04\/27\/a-do-te-jetonit-ne-nje-shtepi-prej-qelqi-me-nje-peme-qe-rritet-brenda-saj\/#primaryimage"},"thumbnailUrl":"https:\/\/kosovatimes.info\/wp-content\/uploads\/2026\/04\/shtepi.jpg","datePublished":"2026-04-27T07:10:03+00:00","dateModified":"2026-04-27T07:10:05+00:00","author":{"@id":"https:\/\/kosovatimes.info\/#\/schema\/person\/7586712b9c512fe68085de007378c915"},"breadcrumb":{"@id":"https:\/\/kosovatimes.info\/index.php\/2026\/04\/27\/a-do-te-jetonit-ne-nje-shtepi-prej-qelqi-me-nje-peme-qe-rritet-brenda-saj\/#breadcrumb"},"inLanguage":"en-US","potentialAction":[{"@type":"ReadAction","target":["https:\/\/kosovatimes.info\/index.php\/2026\/04\/27\/a-do-te-jetonit-ne-nje-shtepi-prej-qelqi-me-nje-peme-qe-rritet-brenda-saj\/"]}]},{"@type":"ImageObject","inLanguage":"en-US","@id":"https:\/\/kosovatimes.info\/index.php\/2026\/04\/27\/a-do-te-jetonit-ne-nje-shtepi-prej-qelqi-me-nje-peme-qe-rritet-brenda-saj\/#primaryimage","url":"https:\/\/kosovatimes.info\/wp-content\/uploads\/2026\/04\/shtepi.jpg","contentUrl":"https:\/\/kosovatimes.info\/wp-content\/uploads\/2026\/04\/shtepi.jpg","width":920,"height":695},{"@type":"BreadcrumbList","@id":"https:\/\/kosovatimes.info\/index.php\/2026\/04\/27\/a-do-te-jetonit-ne-nje-shtepi-prej-qelqi-me-nje-peme-qe-rritet-brenda-saj\/#breadcrumb","itemListElement":[{"@type":"ListItem","position":1,"name":"Home","item":"https:\/\/kosovatimes.info\/"},{"@type":"ListItem","position":2,"name":"A do t\u00eb jetonit n\u00eb nj\u00eb sht\u00ebpi prej qelqi me nj\u00eb pem\u00eb q\u00eb rritet brenda saj?"}]},{"@type":"WebSite","@id":"https:\/\/kosovatimes.info\/#website","url":"https:\/\/kosovatimes.info\/","name":"Kosova Times","description":"","potentialAction":[{"@type":"SearchAction","target":{"@type":"EntryPoint","urlTemplate":"https:\/\/kosovatimes.info\/?s={search_term_string}"},"query-input":{"@type":"PropertyValueSpecification","valueRequired":true,"valueName":"search_term_string"}}],"inLanguage":"en-US"},{"@type":"Person","@id":"https:\/\/kosovatimes.info\/#\/schema\/person\/7586712b9c512fe68085de007378c915","name":"i l","image":{"@type":"ImageObject","inLanguage":"en-US","@id":"https:\/\/secure.gravatar.com\/avatar\/bad9296e02816160ae2e2435beda58222022298d5625d49fea74d18816fbb31d?s=96&d=mm&r=g","url":"https:\/\/secure.gravatar.com\/avatar\/bad9296e02816160ae2e2435beda58222022298d5625d49fea74d18816fbb31d?s=96&d=mm&r=g","contentUrl":"https:\/\/secure.gravatar.com\/avatar\/bad9296e02816160ae2e2435beda58222022298d5625d49fea74d18816fbb31d?s=96&d=mm&r=g","caption":"i l"},"url":"https:\/\/kosovatimes.info\/index.php\/author\/iliri\/"}]}},"_links":{"self":[{"href":"https:\/\/kosovatimes.info\/index.php\/wp-json\/wp\/v2\/posts\/11951","targetHints":{"allow":["GET"]}}],"collection":[{"href":"https:\/\/kosovatimes.info\/index.php\/wp-json\/wp\/v2\/posts"}],"about":[{"href":"https:\/\/kosovatimes.info\/index.php\/wp-json\/wp\/v2\/types\/post"}],"author":[{"embeddable":true,"href":"https:\/\/kosovatimes.info\/index.php\/wp-json\/wp\/v2\/users\/4"}],"replies":[{"embeddable":true,"href":"https:\/\/kosovatimes.info\/index.php\/wp-json\/wp\/v2\/comments?post=11951"}],"version-history":[{"count":1,"href":"https:\/\/kosovatimes.info\/index.php\/wp-json\/wp\/v2\/posts\/11951\/revisions"}],"predecessor-version":[{"id":11953,"href":"https:\/\/kosovatimes.info\/index.php\/wp-json\/wp\/v2\/posts\/11951\/revisions\/11953"}],"wp:featuredmedia":[{"embeddable":true,"href":"https:\/\/kosovatimes.info\/index.php\/wp-json\/wp\/v2\/media\/11952"}],"wp:attachment":[{"href":"https:\/\/kosovatimes.info\/index.php\/wp-json\/wp\/v2\/media?parent=11951"}],"wp:term":[{"taxonomy":"category","embeddable":true,"href":"https:\/\/kosovatimes.info\/index.php\/wp-json\/wp\/v2\/categories?post=11951"},{"taxonomy":"post_tag","embeddable":true,"href":"https:\/\/kosovatimes.info\/index.php\/wp-json\/wp\/v2\/tags?post=11951"}],"curies":[{"name":"wp","href":"https:\/\/api.w.org\/{rel}","templated":true}]}}