{"id":11960,"date":"2026-04-27T09:19:16","date_gmt":"2026-04-27T07:19:16","guid":{"rendered":"https:\/\/kosovatimes.info\/?p=11960"},"modified":"2026-04-27T09:19:19","modified_gmt":"2026-04-27T07:19:19","slug":"cantat-me-te-bukura-te-plazhit-15-modele-ne-mode-per-vitin-2026","status":"publish","type":"post","link":"https:\/\/kosovatimes.info\/index.php\/2026\/04\/27\/cantat-me-te-bukura-te-plazhit-15-modele-ne-mode-per-vitin-2026\/","title":{"rendered":"\u00c7antat m\u00eb t\u00eb bukura t\u00eb plazhit: 15 modele n\u00eb mod\u00eb p\u00ebr vitin 2026"},"content":{"rendered":"\n<p><strong>\u00c7antat e plazhit k\u00ebt\u00eb ver\u00eb nuk jan\u00eb vet\u00ebm p\u00ebr t&#8217;u \u00e7lodhur n\u00eb r\u00ebr\u00eb dhe diell, por po b\u00ebhen edhe nj\u00eb aksesor n\u00eb mod\u00eb i p\u00ebrditsh\u00ebm q\u00eb i shton nj\u00eb prekje t\u00eb ve\u00e7ant\u00eb veshjes suaj n\u00eb qytet.<\/strong><\/p>\n\n\n\n<p>Nj\u00eb artikull i domosdosh\u00ebm veror, \u00e7anta e plazhit tradicionalisht \u00ebsht\u00eb b\u00ebr\u00eb prej xunkthi p\u00ebr t\u00eb qen\u00eb e q\u00ebndrueshme dhe rezistente ndaj temperaturave t\u00eb larta. Sht\u00ebpit\u00eb e mod\u00ebs Loewe dhe Prada i kan\u00eb rikthyer k\u00ebto&nbsp;<a href=\"https:\/\/zadovoljna.nova.rs\/tag\/torbe\/\" target=\"_blank\" rel=\"noreferrer noopener\">\u00e7anta<\/a>&nbsp;n\u00eb qend\u00ebr t\u00eb v\u00ebmendjes dhe sot ato vijn\u00eb n\u00eb versione t\u00eb b\u00ebra prej kanavac\u00eb, plastike, l\u00ebkure, materialesh t\u00eb thurura me grep, kasht\u00eb ose rafia.<\/p>\n\n\n\n<figure class=\"wp-block-image\" id=\"attachment_2819661\"><img decoding=\"async\" src=\"http:\/\/zadovoljna.nova.rs\/wp-content\/uploads\/2026\/04\/22\/1776854526-engin-akyurt-RIfgWJ8coCo-unsplash-683x1024.jpg\" alt=\"\" class=\"wp-image-2819661\"\/><\/figure>\n\n\n\n<p>Ata q\u00eb e duan nj\u00eb stil t\u00ebrheq\u00ebs do t\u00eb zgjedhin nj\u00eb dizajn t\u00eb guximsh\u00ebm, t\u00eb zbukuruar me rruaza, thek\u00eb ose q\u00ebndisje. T\u00eb tjer\u00eb do t\u00eb zgjedhin nj\u00eb shport\u00eb origjinale prej xunkthi t\u00eb endur me dor\u00eb p\u00ebr nj\u00eb pamje t\u00eb v\u00ebrtet\u00eb boho, sipas\u00a0<br><a href=\"https:\/\/www.vogue.fr\/shopping\/galerie\/meilleur-sac-de-plage-tendance-ete\" target=\"_blank\" rel=\"noreferrer noopener\">Vogue France<\/a>\u00a0.<\/p>\n\n\n\n<p>Kjo \u00e7ant\u00eb \u00ebsht\u00eb shum\u00eb popullore kryesisht sepse \u00ebsht\u00eb e madhe dhe p\u00ebr k\u00ebt\u00eb arsye shum\u00eb praktike.<\/p>\n\n\n\n<p>Mund t\u00eb mbaj\u00eb nj\u00eb rroba banje dhe peshqir, krem \u200b\u200bkund\u00ebr diellit, syze dielli, nj\u00eb shishe me uj\u00eb&#8230; Kjo \u00ebsht\u00eb arsyeja pse \u00ebsht\u00eb nj\u00eb zgjedhje e shk\u00eblqyer p\u00ebr p\u00ebrdorim t\u00eb p\u00ebrditsh\u00ebm, pavar\u00ebsisht nga plazhi apo pishina, dhe modelet m\u00eb t\u00eb bukura p\u00ebr sezonin q\u00eb vjen tashm\u00eb po bien n\u00eb sy.<\/p>\n\n\n\n<h2 class=\"wp-block-heading\">\u00c7antat m\u00eb t\u00eb bukura t\u00eb plazhit p\u00ebr vitin 2026.<\/h2>\n\n\n\n<h3 class=\"wp-block-heading\">Gucci<\/h3>\n\n\n\n<figure class=\"wp-block-image\" id=\"attachment_2819703\"><img decoding=\"async\" src=\"http:\/\/zadovoljna.nova.rs\/wp-content\/uploads\/2026\/04\/22\/1776854566-Gucci-torba-za-plazu.webp\" alt=\"\u00c7ant\u00eb plazhi Gucci\" class=\"wp-image-2819703\"\/><\/figure>\n\n\n\n<h3 class=\"wp-block-heading\">Miu Miu<\/h3>\n\n\n\n<figure class=\"wp-block-image\" id=\"attachment_2819702\"><img decoding=\"async\" src=\"http:\/\/zadovoljna.nova.rs\/wp-content\/uploads\/2026\/04\/22\/1776854565-Miu-Miu-torba-za-placu.webp\" alt=\"\u00c7anta e pagave Miu Miu\" class=\"wp-image-2819702\"\/><\/figure>\n\n\n\n<h3 class=\"wp-block-heading\">Tommy Hilfiger<\/h3>\n\n\n\n<figure class=\"wp-block-image\" id=\"attachment_2819701\"><img decoding=\"async\" src=\"http:\/\/zadovoljna.nova.rs\/wp-content\/uploads\/2026\/04\/22\/1776854563-Tommy-Hilfiger-torba-za-plazu.webp\" alt=\"\u00c7ant\u00eb plazhi Tommy Hilfiger\" class=\"wp-image-2819701\"\/><\/figure>\n\n\n\n<h3 class=\"wp-block-heading\">Mango<\/h3>\n\n\n\n<figure class=\"wp-block-image\" id=\"attachment_2819697\"><img decoding=\"async\" src=\"http:\/\/zadovoljna.nova.rs\/wp-content\/uploads\/2026\/04\/22\/1776854562-Mango-torba-za-plazu.webp\" alt=\"\u00c7ant\u00eb plazhi me mango\" class=\"wp-image-2819697\"\/><\/figure>\n\n\n\n<h3 class=\"wp-block-heading\">Chlo\u00e9<\/h3>\n\n\n\n<figure class=\"wp-block-image\" id=\"attachment_2819692\"><img decoding=\"async\" src=\"http:\/\/zadovoljna.nova.rs\/wp-content\/uploads\/2026\/04\/22\/1776854560-Chloe-torba-za-plazu.webp\" alt=\"\u00c7ant\u00eb plazhi Chlo\u00e9\" class=\"wp-image-2819692\"\/><\/figure>\n\n\n\n<h3 class=\"wp-block-heading\">S\u00e9zane<\/h3>\n\n\n\n<figure class=\"wp-block-image\" id=\"attachment_2819688\"><img decoding=\"async\" src=\"http:\/\/zadovoljna.nova.rs\/wp-content\/uploads\/2026\/04\/22\/1776854559-Sezane-torba-za-plazu.webp\" alt=\"\u00c7ant\u00eb plazhi S\u00e9zane\" class=\"wp-image-2819688\"\/><\/figure>\n\n\n\n<h3 class=\"wp-block-heading\">Polo Ralph Lauren<\/h3>\n\n\n\n<figure class=\"wp-block-image\" id=\"attachment_2819687\"><img decoding=\"async\" src=\"http:\/\/zadovoljna.nova.rs\/wp-content\/uploads\/2026\/04\/22\/1776854557-Polo-Ralph-Lauren-torba-za-plazu.webp\" alt=\"\u00c7ant\u00eb plazhi Polo Ralph Lauren\" class=\"wp-image-2819687\"\/><\/figure>\n\n\n\n<h3 class=\"wp-block-heading\">COS<\/h3>\n\n\n\n<figure class=\"wp-block-image\" id=\"attachment_2819682\"><img decoding=\"async\" src=\"http:\/\/zadovoljna.nova.rs\/wp-content\/uploads\/2026\/04\/22\/1776854556-COS-torba-za-plazu.webp\" alt=\"\u00c7ant\u00eb plazhi COS\" class=\"wp-image-2819682\"\/><\/figure>\n\n\n\n<h3 class=\"wp-block-heading\">Saint Laurent nga Anthony Vaccarello<\/h3>\n\n\n\n<figure class=\"wp-block-image\" id=\"attachment_2819681\"><img decoding=\"async\" src=\"http:\/\/zadovoljna.nova.rs\/wp-content\/uploads\/2026\/04\/22\/1776854554-Saint-Laurent-par-Anthony-Vaccarello-torba-za-plazu.webp\" alt=\"\u00c7anta plazhi Saint Laurent Anthony Vaccarello, pal\u00eb, t\u00eb veshura me xhaketa.\" class=\"wp-image-2819681\"\/><\/figure>\n\n\n\n<h3 class=\"wp-block-heading\">Pol\u00e8ne<\/h3>\n\n\n\n<figure class=\"wp-block-image\" id=\"attachment_2819678\"><img decoding=\"async\" src=\"http:\/\/zadovoljna.nova.rs\/wp-content\/uploads\/2026\/04\/22\/1776854552-Polene-torba-za-plazu.webp\" alt=\"Qese plazhi me polen\" class=\"wp-image-2819678\"\/><\/figure>\n\n\n\n<h3 class=\"wp-block-heading\">Jacquemus<\/h3>\n\n\n\n<figure class=\"wp-block-image\" id=\"attachment_2819673\"><img decoding=\"async\" src=\"http:\/\/zadovoljna.nova.rs\/wp-content\/uploads\/2026\/04\/22\/1776854551-Jacquemus-torba-za-plazu.webp\" alt=\"\u00c7ant\u00eb plazhi Jacquemus\" class=\"wp-image-2819673\"\/><\/figure>\n\n\n\n<h3 class=\"wp-block-heading\">Zadig dhe Voltaire<\/h3>\n\n\n\n<figure class=\"wp-block-image\" id=\"attachment_2819671\"><img decoding=\"async\" src=\"http:\/\/zadovoljna.nova.rs\/wp-content\/uploads\/2026\/04\/22\/1776854549-Zadig-Voltaire-torba-za-plazu.webp\" alt=\"\u00c7ant\u00eb plazhi Zadig &amp; Voltaire\" class=\"wp-image-2819671\"\/><\/figure>\n\n\n\n<h3 class=\"wp-block-heading\">Victoria Beckham<\/h3>\n\n\n\n<figure class=\"wp-block-image\" id=\"attachment_2819668\"><img decoding=\"async\" src=\"http:\/\/zadovoljna.nova.rs\/wp-content\/uploads\/2026\/04\/22\/1776854548-Victoria-Beckham-torba-za-plazu.webp\" alt=\"\u00c7anta e plazhit Victoria Beckham\" class=\"wp-image-2819668\"\/><\/figure>\n\n\n\n<h3 class=\"wp-block-heading\">Khaite<\/h3>\n\n\n\n<figure class=\"wp-block-image\" id=\"attachment_2819667\"><img decoding=\"async\" src=\"http:\/\/zadovoljna.nova.rs\/wp-content\/uploads\/2026\/04\/22\/1776854546-Khaite-torba-za-plazu.webp\" alt=\"\u00c7ant\u00eb plazhi Khaite\" class=\"wp-image-2819667\"\/><\/figure>\n\n\n\n<h3 class=\"wp-block-heading\">Loewe<\/h3>\n\n\n\n<figure class=\"wp-block-image\" id=\"attachment_2819662\"><img decoding=\"async\" src=\"http:\/\/zadovoljna.nova.rs\/wp-content\/uploads\/2026\/04\/22\/1776854544-Loewe-torba-za-plazu.webp\" alt=\"\u00c7ant\u00eb plazhi Loewe\" class=\"wp-image-2819662\"\/><\/figure>\n","protected":false},"excerpt":{"rendered":"<p>\u00c7antat e plazhit k\u00ebt\u00eb ver\u00eb nuk jan\u00eb vet\u00ebm p\u00ebr t&#8217;u \u00e7lodhur n\u00eb r\u00ebr\u00eb dhe diell, por po b\u00ebhen edhe nj\u00eb aksesor n\u00eb mod\u00eb i p\u00ebrditsh\u00ebm q\u00eb i shton nj\u00eb prekje t\u00eb ve\u00e7ant\u00eb veshjes suaj n\u00eb qytet. Nj\u00eb artikull i domosdosh\u00ebm veror, \u00e7anta e plazhit tradicionalisht \u00ebsht\u00eb b\u00ebr\u00eb prej xunkthi p\u00ebr t\u00eb qen\u00eb e q\u00ebndrueshme dhe [&hellip;]<\/p>\n","protected":false},"author":4,"featured_media":11961,"comment_status":"open","ping_status":"open","sticky":false,"template":"","format":"standard","meta":{"footnotes":""},"categories":[38],"tags":[],"class_list":{"0":"post-11960","1":"post","2":"type-post","3":"status-publish","4":"format-standard","5":"has-post-thumbnail","7":"category-stil"},"yoast_head":"<!-- This site is optimized with the Yoast SEO plugin v27.4 - https:\/\/yoast.com\/product\/yoast-seo-wordpress\/ -->\n<title>\u00c7antat m\u00eb t\u00eb bukura t\u00eb plazhit: 15 modele n\u00eb mod\u00eb p\u00ebr vitin 2026 - Kosova Times<\/title>\n<meta name=\"robots\" content=\"index, follow, max-snippet:-1, max-image-preview:large, max-video-preview:-1\" \/>\n<link rel=\"canonical\" href=\"https:\/\/kosovatimes.info\/index.php\/2026\/04\/27\/cantat-me-te-bukura-te-plazhit-15-modele-ne-mode-per-vitin-2026\/\" \/>\n<meta property=\"og:locale\" content=\"en_US\" \/>\n<meta property=\"og:type\" content=\"article\" \/>\n<meta property=\"og:title\" content=\"\u00c7antat m\u00eb t\u00eb bukura t\u00eb plazhit: 15 modele n\u00eb mod\u00eb p\u00ebr vitin 2026 - Kosova Times\" \/>\n<meta property=\"og:description\" content=\"\u00c7antat e plazhit k\u00ebt\u00eb ver\u00eb nuk jan\u00eb vet\u00ebm p\u00ebr t&#8217;u \u00e7lodhur n\u00eb r\u00ebr\u00eb dhe diell, por po b\u00ebhen edhe nj\u00eb aksesor n\u00eb mod\u00eb i p\u00ebrditsh\u00ebm q\u00eb i shton nj\u00eb prekje t\u00eb ve\u00e7ant\u00eb veshjes suaj n\u00eb qytet. Nj\u00eb artikull i domosdosh\u00ebm veror, \u00e7anta e plazhit tradicionalisht \u00ebsht\u00eb b\u00ebr\u00eb prej xunkthi p\u00ebr t\u00eb qen\u00eb e q\u00ebndrueshme dhe [&hellip;]\" \/>\n<meta property=\"og:url\" content=\"https:\/\/kosovatimes.info\/index.php\/2026\/04\/27\/cantat-me-te-bukura-te-plazhit-15-modele-ne-mode-per-vitin-2026\/\" \/>\n<meta property=\"og:site_name\" content=\"Kosova Times\" \/>\n<meta property=\"article:published_time\" content=\"2026-04-27T07:19:16+00:00\" \/>\n<meta property=\"article:modified_time\" content=\"2026-04-27T07:19:19+00:00\" \/>\n<meta property=\"og:image\" content=\"https:\/\/kosovatimes.info\/wp-content\/uploads\/2026\/04\/Cantat.jpg\" \/>\n\t<meta property=\"og:image:width\" content=\"750\" \/>\n\t<meta property=\"og:image:height\" content=\"582\" \/>\n\t<meta property=\"og:image:type\" content=\"image\/jpeg\" \/>\n<meta name=\"author\" content=\"i l\" \/>\n<meta name=\"twitter:card\" content=\"summary_large_image\" \/>\n<meta name=\"twitter:label1\" content=\"Written by\" \/>\n\t<meta name=\"twitter:data1\" content=\"i l\" \/>\n\t<meta name=\"twitter:label2\" content=\"Est. reading time\" \/>\n\t<meta name=\"twitter:data2\" content=\"5 minutes\" \/>\n<script type=\"application\/ld+json\" class=\"yoast-schema-graph\">{\"@context\":\"https:\\\/\\\/schema.org\",\"@graph\":[{\"@type\":\"Article\",\"@id\":\"https:\\\/\\\/kosovatimes.info\\\/index.php\\\/2026\\\/04\\\/27\\\/cantat-me-te-bukura-te-plazhit-15-modele-ne-mode-per-vitin-2026\\\/#article\",\"isPartOf\":{\"@id\":\"https:\\\/\\\/kosovatimes.info\\\/index.php\\\/2026\\\/04\\\/27\\\/cantat-me-te-bukura-te-plazhit-15-modele-ne-mode-per-vitin-2026\\\/\"},\"author\":{\"name\":\"i l\",\"@id\":\"https:\\\/\\\/kosovatimes.info\\\/#\\\/schema\\\/person\\\/7586712b9c512fe68085de007378c915\"},\"headline\":\"\u00c7antat m\u00eb t\u00eb bukura t\u00eb plazhit: 15 modele n\u00eb mod\u00eb p\u00ebr vitin 2026\",\"datePublished\":\"2026-04-27T07:19:16+00:00\",\"dateModified\":\"2026-04-27T07:19:19+00:00\",\"mainEntityOfPage\":{\"@id\":\"https:\\\/\\\/kosovatimes.info\\\/index.php\\\/2026\\\/04\\\/27\\\/cantat-me-te-bukura-te-plazhit-15-modele-ne-mode-per-vitin-2026\\\/\"},\"wordCount\":291,\"commentCount\":0,\"image\":{\"@id\":\"https:\\\/\\\/kosovatimes.info\\\/index.php\\\/2026\\\/04\\\/27\\\/cantat-me-te-bukura-te-plazhit-15-modele-ne-mode-per-vitin-2026\\\/#primaryimage\"},\"thumbnailUrl\":\"https:\\\/\\\/kosovatimes.info\\\/wp-content\\\/uploads\\\/2026\\\/04\\\/Cantat.jpg\",\"articleSection\":[\"Stil\"],\"inLanguage\":\"en-US\",\"potentialAction\":[{\"@type\":\"CommentAction\",\"name\":\"Comment\",\"target\":[\"https:\\\/\\\/kosovatimes.info\\\/index.php\\\/2026\\\/04\\\/27\\\/cantat-me-te-bukura-te-plazhit-15-modele-ne-mode-per-vitin-2026\\\/#respond\"]}]},{\"@type\":\"WebPage\",\"@id\":\"https:\\\/\\\/kosovatimes.info\\\/index.php\\\/2026\\\/04\\\/27\\\/cantat-me-te-bukura-te-plazhit-15-modele-ne-mode-per-vitin-2026\\\/\",\"url\":\"https:\\\/\\\/kosovatimes.info\\\/index.php\\\/2026\\\/04\\\/27\\\/cantat-me-te-bukura-te-plazhit-15-modele-ne-mode-per-vitin-2026\\\/\",\"name\":\"\u00c7antat m\u00eb t\u00eb bukura t\u00eb plazhit: 15 modele n\u00eb mod\u00eb p\u00ebr vitin 2026 - Kosova Times\",\"isPartOf\":{\"@id\":\"https:\\\/\\\/kosovatimes.info\\\/#website\"},\"primaryImageOfPage\":{\"@id\":\"https:\\\/\\\/kosovatimes.info\\\/index.php\\\/2026\\\/04\\\/27\\\/cantat-me-te-bukura-te-plazhit-15-modele-ne-mode-per-vitin-2026\\\/#primaryimage\"},\"image\":{\"@id\":\"https:\\\/\\\/kosovatimes.info\\\/index.php\\\/2026\\\/04\\\/27\\\/cantat-me-te-bukura-te-plazhit-15-modele-ne-mode-per-vitin-2026\\\/#primaryimage\"},\"thumbnailUrl\":\"https:\\\/\\\/kosovatimes.info\\\/wp-content\\\/uploads\\\/2026\\\/04\\\/Cantat.jpg\",\"datePublished\":\"2026-04-27T07:19:16+00:00\",\"dateModified\":\"2026-04-27T07:19:19+00:00\",\"author\":{\"@id\":\"https:\\\/\\\/kosovatimes.info\\\/#\\\/schema\\\/person\\\/7586712b9c512fe68085de007378c915\"},\"breadcrumb\":{\"@id\":\"https:\\\/\\\/kosovatimes.info\\\/index.php\\\/2026\\\/04\\\/27\\\/cantat-me-te-bukura-te-plazhit-15-modele-ne-mode-per-vitin-2026\\\/#breadcrumb\"},\"inLanguage\":\"en-US\",\"potentialAction\":[{\"@type\":\"ReadAction\",\"target\":[\"https:\\\/\\\/kosovatimes.info\\\/index.php\\\/2026\\\/04\\\/27\\\/cantat-me-te-bukura-te-plazhit-15-modele-ne-mode-per-vitin-2026\\\/\"]}]},{\"@type\":\"ImageObject\",\"inLanguage\":\"en-US\",\"@id\":\"https:\\\/\\\/kosovatimes.info\\\/index.php\\\/2026\\\/04\\\/27\\\/cantat-me-te-bukura-te-plazhit-15-modele-ne-mode-per-vitin-2026\\\/#primaryimage\",\"url\":\"https:\\\/\\\/kosovatimes.info\\\/wp-content\\\/uploads\\\/2026\\\/04\\\/Cantat.jpg\",\"contentUrl\":\"https:\\\/\\\/kosovatimes.info\\\/wp-content\\\/uploads\\\/2026\\\/04\\\/Cantat.jpg\",\"width\":750,\"height\":582},{\"@type\":\"BreadcrumbList\",\"@id\":\"https:\\\/\\\/kosovatimes.info\\\/index.php\\\/2026\\\/04\\\/27\\\/cantat-me-te-bukura-te-plazhit-15-modele-ne-mode-per-vitin-2026\\\/#breadcrumb\",\"itemListElement\":[{\"@type\":\"ListItem\",\"position\":1,\"name\":\"Home\",\"item\":\"https:\\\/\\\/kosovatimes.info\\\/\"},{\"@type\":\"ListItem\",\"position\":2,\"name\":\"\u00c7antat m\u00eb t\u00eb bukura t\u00eb plazhit: 15 modele n\u00eb mod\u00eb p\u00ebr vitin 2026\"}]},{\"@type\":\"WebSite\",\"@id\":\"https:\\\/\\\/kosovatimes.info\\\/#website\",\"url\":\"https:\\\/\\\/kosovatimes.info\\\/\",\"name\":\"Kosova Times\",\"description\":\"\",\"potentialAction\":[{\"@type\":\"SearchAction\",\"target\":{\"@type\":\"EntryPoint\",\"urlTemplate\":\"https:\\\/\\\/kosovatimes.info\\\/?s={search_term_string}\"},\"query-input\":{\"@type\":\"PropertyValueSpecification\",\"valueRequired\":true,\"valueName\":\"search_term_string\"}}],\"inLanguage\":\"en-US\"},{\"@type\":\"Person\",\"@id\":\"https:\\\/\\\/kosovatimes.info\\\/#\\\/schema\\\/person\\\/7586712b9c512fe68085de007378c915\",\"name\":\"i l\",\"image\":{\"@type\":\"ImageObject\",\"inLanguage\":\"en-US\",\"@id\":\"https:\\\/\\\/secure.gravatar.com\\\/avatar\\\/bad9296e02816160ae2e2435beda58222022298d5625d49fea74d18816fbb31d?s=96&d=mm&r=g\",\"url\":\"https:\\\/\\\/secure.gravatar.com\\\/avatar\\\/bad9296e02816160ae2e2435beda58222022298d5625d49fea74d18816fbb31d?s=96&d=mm&r=g\",\"contentUrl\":\"https:\\\/\\\/secure.gravatar.com\\\/avatar\\\/bad9296e02816160ae2e2435beda58222022298d5625d49fea74d18816fbb31d?s=96&d=mm&r=g\",\"caption\":\"i l\"},\"url\":\"https:\\\/\\\/kosovatimes.info\\\/index.php\\\/author\\\/iliri\\\/\"}]}<\/script>\n<!-- \/ Yoast SEO plugin. -->","yoast_head_json":{"title":"\u00c7antat m\u00eb t\u00eb bukura t\u00eb plazhit: 15 modele n\u00eb mod\u00eb p\u00ebr vitin 2026 - Kosova Times","robots":{"index":"index","follow":"follow","max-snippet":"max-snippet:-1","max-image-preview":"max-image-preview:large","max-video-preview":"max-video-preview:-1"},"canonical":"https:\/\/kosovatimes.info\/index.php\/2026\/04\/27\/cantat-me-te-bukura-te-plazhit-15-modele-ne-mode-per-vitin-2026\/","og_locale":"en_US","og_type":"article","og_title":"\u00c7antat m\u00eb t\u00eb bukura t\u00eb plazhit: 15 modele n\u00eb mod\u00eb p\u00ebr vitin 2026 - Kosova Times","og_description":"\u00c7antat e plazhit k\u00ebt\u00eb ver\u00eb nuk jan\u00eb vet\u00ebm p\u00ebr t&#8217;u \u00e7lodhur n\u00eb r\u00ebr\u00eb dhe diell, por po b\u00ebhen edhe nj\u00eb aksesor n\u00eb mod\u00eb i p\u00ebrditsh\u00ebm q\u00eb i shton nj\u00eb prekje t\u00eb ve\u00e7ant\u00eb veshjes suaj n\u00eb qytet. Nj\u00eb artikull i domosdosh\u00ebm veror, \u00e7anta e plazhit tradicionalisht \u00ebsht\u00eb b\u00ebr\u00eb prej xunkthi p\u00ebr t\u00eb qen\u00eb e q\u00ebndrueshme dhe [&hellip;]","og_url":"https:\/\/kosovatimes.info\/index.php\/2026\/04\/27\/cantat-me-te-bukura-te-plazhit-15-modele-ne-mode-per-vitin-2026\/","og_site_name":"Kosova Times","article_published_time":"2026-04-27T07:19:16+00:00","article_modified_time":"2026-04-27T07:19:19+00:00","og_image":[{"width":750,"height":582,"url":"https:\/\/kosovatimes.info\/wp-content\/uploads\/2026\/04\/Cantat.jpg","type":"image\/jpeg"}],"author":"i l","twitter_card":"summary_large_image","twitter_misc":{"Written by":"i l","Est. reading time":"5 minutes"},"schema":{"@context":"https:\/\/schema.org","@graph":[{"@type":"Article","@id":"https:\/\/kosovatimes.info\/index.php\/2026\/04\/27\/cantat-me-te-bukura-te-plazhit-15-modele-ne-mode-per-vitin-2026\/#article","isPartOf":{"@id":"https:\/\/kosovatimes.info\/index.php\/2026\/04\/27\/cantat-me-te-bukura-te-plazhit-15-modele-ne-mode-per-vitin-2026\/"},"author":{"name":"i l","@id":"https:\/\/kosovatimes.info\/#\/schema\/person\/7586712b9c512fe68085de007378c915"},"headline":"\u00c7antat m\u00eb t\u00eb bukura t\u00eb plazhit: 15 modele n\u00eb mod\u00eb p\u00ebr vitin 2026","datePublished":"2026-04-27T07:19:16+00:00","dateModified":"2026-04-27T07:19:19+00:00","mainEntityOfPage":{"@id":"https:\/\/kosovatimes.info\/index.php\/2026\/04\/27\/cantat-me-te-bukura-te-plazhit-15-modele-ne-mode-per-vitin-2026\/"},"wordCount":291,"commentCount":0,"image":{"@id":"https:\/\/kosovatimes.info\/index.php\/2026\/04\/27\/cantat-me-te-bukura-te-plazhit-15-modele-ne-mode-per-vitin-2026\/#primaryimage"},"thumbnailUrl":"https:\/\/kosovatimes.info\/wp-content\/uploads\/2026\/04\/Cantat.jpg","articleSection":["Stil"],"inLanguage":"en-US","potentialAction":[{"@type":"CommentAction","name":"Comment","target":["https:\/\/kosovatimes.info\/index.php\/2026\/04\/27\/cantat-me-te-bukura-te-plazhit-15-modele-ne-mode-per-vitin-2026\/#respond"]}]},{"@type":"WebPage","@id":"https:\/\/kosovatimes.info\/index.php\/2026\/04\/27\/cantat-me-te-bukura-te-plazhit-15-modele-ne-mode-per-vitin-2026\/","url":"https:\/\/kosovatimes.info\/index.php\/2026\/04\/27\/cantat-me-te-bukura-te-plazhit-15-modele-ne-mode-per-vitin-2026\/","name":"\u00c7antat m\u00eb t\u00eb bukura t\u00eb plazhit: 15 modele n\u00eb mod\u00eb p\u00ebr vitin 2026 - Kosova Times","isPartOf":{"@id":"https:\/\/kosovatimes.info\/#website"},"primaryImageOfPage":{"@id":"https:\/\/kosovatimes.info\/index.php\/2026\/04\/27\/cantat-me-te-bukura-te-plazhit-15-modele-ne-mode-per-vitin-2026\/#primaryimage"},"image":{"@id":"https:\/\/kosovatimes.info\/index.php\/2026\/04\/27\/cantat-me-te-bukura-te-plazhit-15-modele-ne-mode-per-vitin-2026\/#primaryimage"},"thumbnailUrl":"https:\/\/kosovatimes.info\/wp-content\/uploads\/2026\/04\/Cantat.jpg","datePublished":"2026-04-27T07:19:16+00:00","dateModified":"2026-04-27T07:19:19+00:00","author":{"@id":"https:\/\/kosovatimes.info\/#\/schema\/person\/7586712b9c512fe68085de007378c915"},"breadcrumb":{"@id":"https:\/\/kosovatimes.info\/index.php\/2026\/04\/27\/cantat-me-te-bukura-te-plazhit-15-modele-ne-mode-per-vitin-2026\/#breadcrumb"},"inLanguage":"en-US","potentialAction":[{"@type":"ReadAction","target":["https:\/\/kosovatimes.info\/index.php\/2026\/04\/27\/cantat-me-te-bukura-te-plazhit-15-modele-ne-mode-per-vitin-2026\/"]}]},{"@type":"ImageObject","inLanguage":"en-US","@id":"https:\/\/kosovatimes.info\/index.php\/2026\/04\/27\/cantat-me-te-bukura-te-plazhit-15-modele-ne-mode-per-vitin-2026\/#primaryimage","url":"https:\/\/kosovatimes.info\/wp-content\/uploads\/2026\/04\/Cantat.jpg","contentUrl":"https:\/\/kosovatimes.info\/wp-content\/uploads\/2026\/04\/Cantat.jpg","width":750,"height":582},{"@type":"BreadcrumbList","@id":"https:\/\/kosovatimes.info\/index.php\/2026\/04\/27\/cantat-me-te-bukura-te-plazhit-15-modele-ne-mode-per-vitin-2026\/#breadcrumb","itemListElement":[{"@type":"ListItem","position":1,"name":"Home","item":"https:\/\/kosovatimes.info\/"},{"@type":"ListItem","position":2,"name":"\u00c7antat m\u00eb t\u00eb bukura t\u00eb plazhit: 15 modele n\u00eb mod\u00eb p\u00ebr vitin 2026"}]},{"@type":"WebSite","@id":"https:\/\/kosovatimes.info\/#website","url":"https:\/\/kosovatimes.info\/","name":"Kosova Times","description":"","potentialAction":[{"@type":"SearchAction","target":{"@type":"EntryPoint","urlTemplate":"https:\/\/kosovatimes.info\/?s={search_term_string}"},"query-input":{"@type":"PropertyValueSpecification","valueRequired":true,"valueName":"search_term_string"}}],"inLanguage":"en-US"},{"@type":"Person","@id":"https:\/\/kosovatimes.info\/#\/schema\/person\/7586712b9c512fe68085de007378c915","name":"i l","image":{"@type":"ImageObject","inLanguage":"en-US","@id":"https:\/\/secure.gravatar.com\/avatar\/bad9296e02816160ae2e2435beda58222022298d5625d49fea74d18816fbb31d?s=96&d=mm&r=g","url":"https:\/\/secure.gravatar.com\/avatar\/bad9296e02816160ae2e2435beda58222022298d5625d49fea74d18816fbb31d?s=96&d=mm&r=g","contentUrl":"https:\/\/secure.gravatar.com\/avatar\/bad9296e02816160ae2e2435beda58222022298d5625d49fea74d18816fbb31d?s=96&d=mm&r=g","caption":"i l"},"url":"https:\/\/kosovatimes.info\/index.php\/author\/iliri\/"}]}},"_links":{"self":[{"href":"https:\/\/kosovatimes.info\/index.php\/wp-json\/wp\/v2\/posts\/11960","targetHints":{"allow":["GET"]}}],"collection":[{"href":"https:\/\/kosovatimes.info\/index.php\/wp-json\/wp\/v2\/posts"}],"about":[{"href":"https:\/\/kosovatimes.info\/index.php\/wp-json\/wp\/v2\/types\/post"}],"author":[{"embeddable":true,"href":"https:\/\/kosovatimes.info\/index.php\/wp-json\/wp\/v2\/users\/4"}],"replies":[{"embeddable":true,"href":"https:\/\/kosovatimes.info\/index.php\/wp-json\/wp\/v2\/comments?post=11960"}],"version-history":[{"count":1,"href":"https:\/\/kosovatimes.info\/index.php\/wp-json\/wp\/v2\/posts\/11960\/revisions"}],"predecessor-version":[{"id":11962,"href":"https:\/\/kosovatimes.info\/index.php\/wp-json\/wp\/v2\/posts\/11960\/revisions\/11962"}],"wp:featuredmedia":[{"embeddable":true,"href":"https:\/\/kosovatimes.info\/index.php\/wp-json\/wp\/v2\/media\/11961"}],"wp:attachment":[{"href":"https:\/\/kosovatimes.info\/index.php\/wp-json\/wp\/v2\/media?parent=11960"}],"wp:term":[{"taxonomy":"category","embeddable":true,"href":"https:\/\/kosovatimes.info\/index.php\/wp-json\/wp\/v2\/categories?post=11960"},{"taxonomy":"post_tag","embeddable":true,"href":"https:\/\/kosovatimes.info\/index.php\/wp-json\/wp\/v2\/tags?post=11960"}],"curies":[{"name":"wp","href":"https:\/\/api.w.org\/{rel}","templated":true}]}}