{"id":11963,"date":"2026-04-27T09:22:29","date_gmt":"2026-04-27T07:22:29","guid":{"rendered":"https:\/\/kosovatimes.info\/?p=11963"},"modified":"2026-04-27T09:22:30","modified_gmt":"2026-04-27T07:22:30","slug":"keto-do-te-jene-rrobat-e-banjes-njepjeseshe-me-te-kerkuara-per-veren-e-vitit-2026","status":"publish","type":"post","link":"https:\/\/kosovatimes.info\/index.php\/2026\/04\/27\/keto-do-te-jene-rrobat-e-banjes-njepjeseshe-me-te-kerkuara-per-veren-e-vitit-2026\/","title":{"rendered":"K\u00ebto do t\u00eb jen\u00eb rrobat e banj\u00ebs nj\u00ebpjes\u00ebshe m\u00eb t\u00eb k\u00ebrkuara p\u00ebr ver\u00ebn e vitit 2026"},"content":{"rendered":"\n<p><strong>Minimaliz\u00ebm apo modele lulesh? Elegante apo t\u00eb relaksuara? Ngjyra t\u00eb ndezura apo detaje t\u00eb shndritshme? K\u00ebt\u00eb ver\u00eb, p\u00ebrzgjedhja \u00ebsht\u00eb m\u00eb e larmishme se kurr\u00eb, k\u00ebshtu q\u00eb t\u00eb gjith\u00eb mund t\u00eb gjejn\u00eb nj\u00eb stil q\u00eb i p\u00ebrshtatet dhe ta veshin at\u00eb me vet\u00ebbesim.<\/strong><\/p>\n\n\n\n<p>Ndikimi i estetik\u00ebs s\u00eb viteve n\u00ebnt\u00ebdhjet\u00eb \u00ebsht\u00eb p\u00ebrs\u00ebri i fort\u00eb, k\u00ebshtu q\u00eb modelet minimaliste po kthehen n\u00eb fokus.<\/p>\n\n\n\n<figure class=\"wp-block-image\" id=\"attachment_2814782\"><img decoding=\"async\" src=\"http:\/\/zadovoljna.nova.rs\/wp-content\/uploads\/2026\/04\/07\/1775568460-profimedia-0993647986-683x1024.jpg\" alt=\"\" class=\"wp-image-2814782\"\/><\/figure>\n\n\n\n<p>Rroba banje t\u00eb thjeshta dhe t\u00eb sofistikuara nj\u00ebpjes\u00ebshe, pa detaje t\u00eb tep\u00ebrta, mbeten nj\u00eb zgjedhje e sigurt p\u00ebr t\u00eb gjith\u00eb ata q\u00eb e duan eleganc\u00ebn e p\u00ebrjetshme. Modelet me skaje kontrastuese bien n\u00eb sy n\u00eb ve\u00e7anti &#8211; nj\u00eb detaj diskret si nj\u00eb vij\u00eb e bardh\u00eb mund ta ndryshoj\u00eb plot\u00ebsisht pamjen e nj\u00eb prerjeje klasike.<\/p>\n\n\n\n<p>N\u00ebse jeni besnike ndaj rrobave t\u00eb banj\u00ebs s\u00eb zez\u00eb, por d\u00ebshironi nj\u00eb rifreskim, \u00e7el\u00ebsi \u00ebsht\u00eb te detajet. \u00c7arjet e lehta an\u00ebsore, prerjet asimetrike ose zbukurimet e vogla metalike si element\u00ebt e art\u00eb ose motivet e guaskave mund t&#8217;i japin nj\u00eb dimension t\u00eb ri k\u00ebtij kostumi t\u00eb p\u00ebrjetsh\u00ebm.P\u00ebr ata q\u00eb p\u00eblqejn\u00eb t\u00eb eksperimentojn\u00eb, plazhi \u00ebsht\u00eb vendi ideal p\u00ebr t\u00eb luajtur me ngjyrat. Nuancat intensive si roz\u00eb e ndezur, portokalli dhe blu kobalti dominojn\u00eb k\u00ebt\u00eb sezon &#8211; perfekte p\u00ebr t\u00eb theksuar nj\u00eb l\u00ebkur\u00eb t\u00eb nxir\u00eb. Ekzistojn\u00eb gjithashtu modele t\u00eb b\u00ebra nga materiale t\u00eb shndritshme ose me xixa, t\u00eb cilat reflektojn\u00eb rrezet e diellit dhe t\u00ebrheqin v\u00ebmendjen.<\/p>\n\n\n\n<h2 class=\"wp-block-heading\">Trendet kryesore n\u00eb rrobat e banj\u00ebs me nj\u00eb cop\u00eb<\/h2>\n\n\n\n<h2 class=\"wp-block-heading\">Detaje kontrastuese<\/h2>\n\n\n\n<figure class=\"wp-block-image\" id=\"attachment_2814807\"><img decoding=\"async\" src=\"http:\/\/zadovoljna.nova.rs\/wp-content\/uploads\/2026\/04\/07\/1775569335-Untitled-5-683x1024.jpg\" alt=\"\" class=\"wp-image-2814807\"\/><\/figure>\n\n\n\n<p>Modelet me skaje t\u00eb theksuara n\u00eb nj\u00eb ngjyr\u00eb t\u00eb ndryshme sjellin nj\u00eb prekje elegance dhe form\u00ebsojn\u00eb vizualisht siluet\u00ebn. Ato jan\u00eb t\u00eb thjeshta, por efektive.<\/p>\n\n\n\n<h2 class=\"wp-block-heading\">Dekolte me vija t\u00eb ngushta<\/h2>\n\n\n\n<figure class=\"wp-block-image\" id=\"attachment_2814798\"><img decoding=\"async\" src=\"http:\/\/zadovoljna.nova.rs\/wp-content\/uploads\/2026\/04\/07\/1775569325-Untitled-3-826x1024.jpg\" alt=\"\" class=\"wp-image-2814798\"\/><\/figure>\n\n\n\n<p>Prerjet q\u00eb lidhen rreth qaf\u00ebs theksojn\u00eb supet dhe shpin\u00ebn, nd\u00ebrkoh\u00eb q\u00eb mbeten praktike dhe fem\u00ebrore. Ato shpesh kan\u00eb rripa t\u00eb rregulluesh\u00ebm q\u00eb i japin form\u00eb m\u00eb tej figur\u00ebs.<\/p>\n\n\n\n<h2 class=\"wp-block-heading\">Pika<\/h2>\n\n\n\n<figure class=\"wp-block-image\" id=\"attachment_2814793\"><img decoding=\"async\" src=\"http:\/\/zadovoljna.nova.rs\/wp-content\/uploads\/2026\/04\/07\/1775569311-Untitled-1-847x1024.jpg\" alt=\"\" class=\"wp-image-2814793\"\/><\/figure>\n\n\n\n<p>Ky model retro \u00ebsht\u00eb rikthyer shum\u00eb n\u00eb mod\u00eb dhe tani shihet shpesh edhe n\u00eb rroba banje, duke u dh\u00ebn\u00eb atyre nj\u00eb pamje t\u00eb gjall\u00eb dhe paksa nostalgjike.<\/p>\n\n\n\n<h2 class=\"wp-block-heading\">Motive lulesh<\/h2>\n\n\n\n<figure class=\"wp-block-image\" id=\"attachment_2814808\"><img decoding=\"async\" src=\"http:\/\/zadovoljna.nova.rs\/wp-content\/uploads\/2026\/04\/07\/1775569339-Untitled-6-683x1024.jpg\" alt=\"\" class=\"wp-image-2814808\"\/><\/figure>\n\n\n\n<p>Printimet e m\u00ebdha dhe shum\u00ebngjyr\u00ebshe me lule, t\u00eb frym\u00ebzuara nga estetika e viteve tet\u00ebdhjet\u00eb, jan\u00eb rikthyer n\u00eb mod\u00eb. Dikur t\u00eb konsideruara t\u00eb vjetruara, sot ato duken t\u00eb fresk\u00ebta dhe mbres\u00ebl\u00ebn\u00ebse.<\/p>\n\n\n\n<h2 class=\"wp-block-heading\">Prerje moderne me detaje efektive<\/h2>\n\n\n\n<figure class=\"wp-block-image\" id=\"attachment_2814796\"><img decoding=\"async\" src=\"http:\/\/zadovoljna.nova.rs\/wp-content\/uploads\/2026\/04\/07\/1775569318-Untitled-2-847x1024.jpg\" alt=\"\" class=\"wp-image-2814796\"\/><\/figure>\n\n\n\n<p>Siluetat klasike ia l\u00ebn\u00eb vendin prerjeve interesante &#8211; asimetria, detajet &#8220;e prera&#8221; q\u00eb zbulojn\u00eb n\u00eb m\u00ebnyr\u00eb diskrete l\u00ebkur\u00ebn, modelet n\u00eb nj\u00ebr\u00ebn shpatull ose me dekorime si bizhuteri. Ka shum\u00eb mund\u00ebsi, dhe secila sjell nj\u00eb karakter t\u00eb ve\u00e7ant\u00eb.<\/p>\n\n\n\n<figure class=\"wp-block-image\" id=\"attachment_2814802\"><img decoding=\"async\" src=\"http:\/\/zadovoljna.nova.rs\/wp-content\/uploads\/2026\/04\/07\/1775569332-Untitled-4-683x1024.jpg\" alt=\"\" class=\"wp-image-2814802\"\/><\/figure>\n","protected":false},"excerpt":{"rendered":"<p>Minimaliz\u00ebm apo modele lulesh? Elegante apo t\u00eb relaksuara? Ngjyra t\u00eb ndezura apo detaje t\u00eb shndritshme? K\u00ebt\u00eb ver\u00eb, p\u00ebrzgjedhja \u00ebsht\u00eb m\u00eb e larmishme se kurr\u00eb, k\u00ebshtu q\u00eb t\u00eb gjith\u00eb mund t\u00eb gjejn\u00eb nj\u00eb stil q\u00eb i p\u00ebrshtatet dhe ta veshin at\u00eb me vet\u00ebbesim. Ndikimi i estetik\u00ebs s\u00eb viteve n\u00ebnt\u00ebdhjet\u00eb \u00ebsht\u00eb p\u00ebrs\u00ebri i fort\u00eb, k\u00ebshtu q\u00eb modelet [&hellip;]<\/p>\n","protected":false},"author":4,"featured_media":11964,"comment_status":"open","ping_status":"open","sticky":false,"template":"","format":"standard","meta":{"footnotes":""},"categories":[38],"tags":[],"class_list":{"0":"post-11963","1":"post","2":"type-post","3":"status-publish","4":"format-standard","5":"has-post-thumbnail","7":"category-stil"},"yoast_head":"<!-- This site is optimized with the Yoast SEO plugin v27.4 - https:\/\/yoast.com\/product\/yoast-seo-wordpress\/ -->\n<title>K\u00ebto do t\u00eb jen\u00eb rrobat e banj\u00ebs nj\u00ebpjes\u00ebshe m\u00eb t\u00eb k\u00ebrkuara p\u00ebr ver\u00ebn e vitit 2026 - Kosova Times<\/title>\n<meta name=\"robots\" content=\"index, follow, max-snippet:-1, max-image-preview:large, max-video-preview:-1\" \/>\n<link rel=\"canonical\" href=\"https:\/\/kosovatimes.info\/index.php\/2026\/04\/27\/keto-do-te-jene-rrobat-e-banjes-njepjeseshe-me-te-kerkuara-per-veren-e-vitit-2026\/\" \/>\n<meta property=\"og:locale\" content=\"en_US\" \/>\n<meta property=\"og:type\" content=\"article\" \/>\n<meta property=\"og:title\" content=\"K\u00ebto do t\u00eb jen\u00eb rrobat e banj\u00ebs nj\u00ebpjes\u00ebshe m\u00eb t\u00eb k\u00ebrkuara p\u00ebr ver\u00ebn e vitit 2026 - Kosova Times\" \/>\n<meta property=\"og:description\" content=\"Minimaliz\u00ebm apo modele lulesh? Elegante apo t\u00eb relaksuara? Ngjyra t\u00eb ndezura apo detaje t\u00eb shndritshme? K\u00ebt\u00eb ver\u00eb, p\u00ebrzgjedhja \u00ebsht\u00eb m\u00eb e larmishme se kurr\u00eb, k\u00ebshtu q\u00eb t\u00eb gjith\u00eb mund t\u00eb gjejn\u00eb nj\u00eb stil q\u00eb i p\u00ebrshtatet dhe ta veshin at\u00eb me vet\u00ebbesim. Ndikimi i estetik\u00ebs s\u00eb viteve n\u00ebnt\u00ebdhjet\u00eb \u00ebsht\u00eb p\u00ebrs\u00ebri i fort\u00eb, k\u00ebshtu q\u00eb modelet [&hellip;]\" \/>\n<meta property=\"og:url\" content=\"https:\/\/kosovatimes.info\/index.php\/2026\/04\/27\/keto-do-te-jene-rrobat-e-banjes-njepjeseshe-me-te-kerkuara-per-veren-e-vitit-2026\/\" \/>\n<meta property=\"og:site_name\" content=\"Kosova Times\" \/>\n<meta property=\"article:published_time\" content=\"2026-04-27T07:22:29+00:00\" \/>\n<meta property=\"article:modified_time\" content=\"2026-04-27T07:22:30+00:00\" \/>\n<meta property=\"og:image\" content=\"https:\/\/kosovatimes.info\/wp-content\/uploads\/2026\/04\/Kostume-1.jpg\" \/>\n\t<meta property=\"og:image:width\" content=\"750\" \/>\n\t<meta property=\"og:image:height\" content=\"562\" \/>\n\t<meta property=\"og:image:type\" content=\"image\/jpeg\" \/>\n<meta name=\"author\" content=\"i l\" \/>\n<meta name=\"twitter:card\" content=\"summary_large_image\" \/>\n<meta name=\"twitter:label1\" content=\"Written by\" \/>\n\t<meta name=\"twitter:data1\" content=\"i l\" \/>\n\t<meta name=\"twitter:label2\" content=\"Est. reading time\" \/>\n\t<meta name=\"twitter:data2\" content=\"4 minutes\" \/>\n<script type=\"application\/ld+json\" class=\"yoast-schema-graph\">{\"@context\":\"https:\\\/\\\/schema.org\",\"@graph\":[{\"@type\":\"Article\",\"@id\":\"https:\\\/\\\/kosovatimes.info\\\/index.php\\\/2026\\\/04\\\/27\\\/keto-do-te-jene-rrobat-e-banjes-njepjeseshe-me-te-kerkuara-per-veren-e-vitit-2026\\\/#article\",\"isPartOf\":{\"@id\":\"https:\\\/\\\/kosovatimes.info\\\/index.php\\\/2026\\\/04\\\/27\\\/keto-do-te-jene-rrobat-e-banjes-njepjeseshe-me-te-kerkuara-per-veren-e-vitit-2026\\\/\"},\"author\":{\"name\":\"i l\",\"@id\":\"https:\\\/\\\/kosovatimes.info\\\/#\\\/schema\\\/person\\\/7586712b9c512fe68085de007378c915\"},\"headline\":\"K\u00ebto do t\u00eb jen\u00eb rrobat e banj\u00ebs nj\u00ebpjes\u00ebshe m\u00eb t\u00eb k\u00ebrkuara p\u00ebr ver\u00ebn e vitit 2026\",\"datePublished\":\"2026-04-27T07:22:29+00:00\",\"dateModified\":\"2026-04-27T07:22:30+00:00\",\"mainEntityOfPage\":{\"@id\":\"https:\\\/\\\/kosovatimes.info\\\/index.php\\\/2026\\\/04\\\/27\\\/keto-do-te-jene-rrobat-e-banjes-njepjeseshe-me-te-kerkuara-per-veren-e-vitit-2026\\\/\"},\"wordCount\":477,\"commentCount\":0,\"image\":{\"@id\":\"https:\\\/\\\/kosovatimes.info\\\/index.php\\\/2026\\\/04\\\/27\\\/keto-do-te-jene-rrobat-e-banjes-njepjeseshe-me-te-kerkuara-per-veren-e-vitit-2026\\\/#primaryimage\"},\"thumbnailUrl\":\"https:\\\/\\\/kosovatimes.info\\\/wp-content\\\/uploads\\\/2026\\\/04\\\/Kostume-1.jpg\",\"articleSection\":[\"Stil\"],\"inLanguage\":\"en-US\",\"potentialAction\":[{\"@type\":\"CommentAction\",\"name\":\"Comment\",\"target\":[\"https:\\\/\\\/kosovatimes.info\\\/index.php\\\/2026\\\/04\\\/27\\\/keto-do-te-jene-rrobat-e-banjes-njepjeseshe-me-te-kerkuara-per-veren-e-vitit-2026\\\/#respond\"]}]},{\"@type\":\"WebPage\",\"@id\":\"https:\\\/\\\/kosovatimes.info\\\/index.php\\\/2026\\\/04\\\/27\\\/keto-do-te-jene-rrobat-e-banjes-njepjeseshe-me-te-kerkuara-per-veren-e-vitit-2026\\\/\",\"url\":\"https:\\\/\\\/kosovatimes.info\\\/index.php\\\/2026\\\/04\\\/27\\\/keto-do-te-jene-rrobat-e-banjes-njepjeseshe-me-te-kerkuara-per-veren-e-vitit-2026\\\/\",\"name\":\"K\u00ebto do t\u00eb jen\u00eb rrobat e banj\u00ebs nj\u00ebpjes\u00ebshe m\u00eb t\u00eb k\u00ebrkuara p\u00ebr ver\u00ebn e vitit 2026 - Kosova Times\",\"isPartOf\":{\"@id\":\"https:\\\/\\\/kosovatimes.info\\\/#website\"},\"primaryImageOfPage\":{\"@id\":\"https:\\\/\\\/kosovatimes.info\\\/index.php\\\/2026\\\/04\\\/27\\\/keto-do-te-jene-rrobat-e-banjes-njepjeseshe-me-te-kerkuara-per-veren-e-vitit-2026\\\/#primaryimage\"},\"image\":{\"@id\":\"https:\\\/\\\/kosovatimes.info\\\/index.php\\\/2026\\\/04\\\/27\\\/keto-do-te-jene-rrobat-e-banjes-njepjeseshe-me-te-kerkuara-per-veren-e-vitit-2026\\\/#primaryimage\"},\"thumbnailUrl\":\"https:\\\/\\\/kosovatimes.info\\\/wp-content\\\/uploads\\\/2026\\\/04\\\/Kostume-1.jpg\",\"datePublished\":\"2026-04-27T07:22:29+00:00\",\"dateModified\":\"2026-04-27T07:22:30+00:00\",\"author\":{\"@id\":\"https:\\\/\\\/kosovatimes.info\\\/#\\\/schema\\\/person\\\/7586712b9c512fe68085de007378c915\"},\"breadcrumb\":{\"@id\":\"https:\\\/\\\/kosovatimes.info\\\/index.php\\\/2026\\\/04\\\/27\\\/keto-do-te-jene-rrobat-e-banjes-njepjeseshe-me-te-kerkuara-per-veren-e-vitit-2026\\\/#breadcrumb\"},\"inLanguage\":\"en-US\",\"potentialAction\":[{\"@type\":\"ReadAction\",\"target\":[\"https:\\\/\\\/kosovatimes.info\\\/index.php\\\/2026\\\/04\\\/27\\\/keto-do-te-jene-rrobat-e-banjes-njepjeseshe-me-te-kerkuara-per-veren-e-vitit-2026\\\/\"]}]},{\"@type\":\"ImageObject\",\"inLanguage\":\"en-US\",\"@id\":\"https:\\\/\\\/kosovatimes.info\\\/index.php\\\/2026\\\/04\\\/27\\\/keto-do-te-jene-rrobat-e-banjes-njepjeseshe-me-te-kerkuara-per-veren-e-vitit-2026\\\/#primaryimage\",\"url\":\"https:\\\/\\\/kosovatimes.info\\\/wp-content\\\/uploads\\\/2026\\\/04\\\/Kostume-1.jpg\",\"contentUrl\":\"https:\\\/\\\/kosovatimes.info\\\/wp-content\\\/uploads\\\/2026\\\/04\\\/Kostume-1.jpg\",\"width\":750,\"height\":562},{\"@type\":\"BreadcrumbList\",\"@id\":\"https:\\\/\\\/kosovatimes.info\\\/index.php\\\/2026\\\/04\\\/27\\\/keto-do-te-jene-rrobat-e-banjes-njepjeseshe-me-te-kerkuara-per-veren-e-vitit-2026\\\/#breadcrumb\",\"itemListElement\":[{\"@type\":\"ListItem\",\"position\":1,\"name\":\"Home\",\"item\":\"https:\\\/\\\/kosovatimes.info\\\/\"},{\"@type\":\"ListItem\",\"position\":2,\"name\":\"K\u00ebto do t\u00eb jen\u00eb rrobat e banj\u00ebs nj\u00ebpjes\u00ebshe m\u00eb t\u00eb k\u00ebrkuara p\u00ebr ver\u00ebn e vitit 2026\"}]},{\"@type\":\"WebSite\",\"@id\":\"https:\\\/\\\/kosovatimes.info\\\/#website\",\"url\":\"https:\\\/\\\/kosovatimes.info\\\/\",\"name\":\"Kosova Times\",\"description\":\"\",\"potentialAction\":[{\"@type\":\"SearchAction\",\"target\":{\"@type\":\"EntryPoint\",\"urlTemplate\":\"https:\\\/\\\/kosovatimes.info\\\/?s={search_term_string}\"},\"query-input\":{\"@type\":\"PropertyValueSpecification\",\"valueRequired\":true,\"valueName\":\"search_term_string\"}}],\"inLanguage\":\"en-US\"},{\"@type\":\"Person\",\"@id\":\"https:\\\/\\\/kosovatimes.info\\\/#\\\/schema\\\/person\\\/7586712b9c512fe68085de007378c915\",\"name\":\"i l\",\"image\":{\"@type\":\"ImageObject\",\"inLanguage\":\"en-US\",\"@id\":\"https:\\\/\\\/secure.gravatar.com\\\/avatar\\\/bad9296e02816160ae2e2435beda58222022298d5625d49fea74d18816fbb31d?s=96&d=mm&r=g\",\"url\":\"https:\\\/\\\/secure.gravatar.com\\\/avatar\\\/bad9296e02816160ae2e2435beda58222022298d5625d49fea74d18816fbb31d?s=96&d=mm&r=g\",\"contentUrl\":\"https:\\\/\\\/secure.gravatar.com\\\/avatar\\\/bad9296e02816160ae2e2435beda58222022298d5625d49fea74d18816fbb31d?s=96&d=mm&r=g\",\"caption\":\"i l\"},\"url\":\"https:\\\/\\\/kosovatimes.info\\\/index.php\\\/author\\\/iliri\\\/\"}]}<\/script>\n<!-- \/ Yoast SEO plugin. -->","yoast_head_json":{"title":"K\u00ebto do t\u00eb jen\u00eb rrobat e banj\u00ebs nj\u00ebpjes\u00ebshe m\u00eb t\u00eb k\u00ebrkuara p\u00ebr ver\u00ebn e vitit 2026 - Kosova Times","robots":{"index":"index","follow":"follow","max-snippet":"max-snippet:-1","max-image-preview":"max-image-preview:large","max-video-preview":"max-video-preview:-1"},"canonical":"https:\/\/kosovatimes.info\/index.php\/2026\/04\/27\/keto-do-te-jene-rrobat-e-banjes-njepjeseshe-me-te-kerkuara-per-veren-e-vitit-2026\/","og_locale":"en_US","og_type":"article","og_title":"K\u00ebto do t\u00eb jen\u00eb rrobat e banj\u00ebs nj\u00ebpjes\u00ebshe m\u00eb t\u00eb k\u00ebrkuara p\u00ebr ver\u00ebn e vitit 2026 - Kosova Times","og_description":"Minimaliz\u00ebm apo modele lulesh? Elegante apo t\u00eb relaksuara? Ngjyra t\u00eb ndezura apo detaje t\u00eb shndritshme? K\u00ebt\u00eb ver\u00eb, p\u00ebrzgjedhja \u00ebsht\u00eb m\u00eb e larmishme se kurr\u00eb, k\u00ebshtu q\u00eb t\u00eb gjith\u00eb mund t\u00eb gjejn\u00eb nj\u00eb stil q\u00eb i p\u00ebrshtatet dhe ta veshin at\u00eb me vet\u00ebbesim. Ndikimi i estetik\u00ebs s\u00eb viteve n\u00ebnt\u00ebdhjet\u00eb \u00ebsht\u00eb p\u00ebrs\u00ebri i fort\u00eb, k\u00ebshtu q\u00eb modelet [&hellip;]","og_url":"https:\/\/kosovatimes.info\/index.php\/2026\/04\/27\/keto-do-te-jene-rrobat-e-banjes-njepjeseshe-me-te-kerkuara-per-veren-e-vitit-2026\/","og_site_name":"Kosova Times","article_published_time":"2026-04-27T07:22:29+00:00","article_modified_time":"2026-04-27T07:22:30+00:00","og_image":[{"width":750,"height":562,"url":"https:\/\/kosovatimes.info\/wp-content\/uploads\/2026\/04\/Kostume-1.jpg","type":"image\/jpeg"}],"author":"i l","twitter_card":"summary_large_image","twitter_misc":{"Written by":"i l","Est. reading time":"4 minutes"},"schema":{"@context":"https:\/\/schema.org","@graph":[{"@type":"Article","@id":"https:\/\/kosovatimes.info\/index.php\/2026\/04\/27\/keto-do-te-jene-rrobat-e-banjes-njepjeseshe-me-te-kerkuara-per-veren-e-vitit-2026\/#article","isPartOf":{"@id":"https:\/\/kosovatimes.info\/index.php\/2026\/04\/27\/keto-do-te-jene-rrobat-e-banjes-njepjeseshe-me-te-kerkuara-per-veren-e-vitit-2026\/"},"author":{"name":"i l","@id":"https:\/\/kosovatimes.info\/#\/schema\/person\/7586712b9c512fe68085de007378c915"},"headline":"K\u00ebto do t\u00eb jen\u00eb rrobat e banj\u00ebs nj\u00ebpjes\u00ebshe m\u00eb t\u00eb k\u00ebrkuara p\u00ebr ver\u00ebn e vitit 2026","datePublished":"2026-04-27T07:22:29+00:00","dateModified":"2026-04-27T07:22:30+00:00","mainEntityOfPage":{"@id":"https:\/\/kosovatimes.info\/index.php\/2026\/04\/27\/keto-do-te-jene-rrobat-e-banjes-njepjeseshe-me-te-kerkuara-per-veren-e-vitit-2026\/"},"wordCount":477,"commentCount":0,"image":{"@id":"https:\/\/kosovatimes.info\/index.php\/2026\/04\/27\/keto-do-te-jene-rrobat-e-banjes-njepjeseshe-me-te-kerkuara-per-veren-e-vitit-2026\/#primaryimage"},"thumbnailUrl":"https:\/\/kosovatimes.info\/wp-content\/uploads\/2026\/04\/Kostume-1.jpg","articleSection":["Stil"],"inLanguage":"en-US","potentialAction":[{"@type":"CommentAction","name":"Comment","target":["https:\/\/kosovatimes.info\/index.php\/2026\/04\/27\/keto-do-te-jene-rrobat-e-banjes-njepjeseshe-me-te-kerkuara-per-veren-e-vitit-2026\/#respond"]}]},{"@type":"WebPage","@id":"https:\/\/kosovatimes.info\/index.php\/2026\/04\/27\/keto-do-te-jene-rrobat-e-banjes-njepjeseshe-me-te-kerkuara-per-veren-e-vitit-2026\/","url":"https:\/\/kosovatimes.info\/index.php\/2026\/04\/27\/keto-do-te-jene-rrobat-e-banjes-njepjeseshe-me-te-kerkuara-per-veren-e-vitit-2026\/","name":"K\u00ebto do t\u00eb jen\u00eb rrobat e banj\u00ebs nj\u00ebpjes\u00ebshe m\u00eb t\u00eb k\u00ebrkuara p\u00ebr ver\u00ebn e vitit 2026 - Kosova Times","isPartOf":{"@id":"https:\/\/kosovatimes.info\/#website"},"primaryImageOfPage":{"@id":"https:\/\/kosovatimes.info\/index.php\/2026\/04\/27\/keto-do-te-jene-rrobat-e-banjes-njepjeseshe-me-te-kerkuara-per-veren-e-vitit-2026\/#primaryimage"},"image":{"@id":"https:\/\/kosovatimes.info\/index.php\/2026\/04\/27\/keto-do-te-jene-rrobat-e-banjes-njepjeseshe-me-te-kerkuara-per-veren-e-vitit-2026\/#primaryimage"},"thumbnailUrl":"https:\/\/kosovatimes.info\/wp-content\/uploads\/2026\/04\/Kostume-1.jpg","datePublished":"2026-04-27T07:22:29+00:00","dateModified":"2026-04-27T07:22:30+00:00","author":{"@id":"https:\/\/kosovatimes.info\/#\/schema\/person\/7586712b9c512fe68085de007378c915"},"breadcrumb":{"@id":"https:\/\/kosovatimes.info\/index.php\/2026\/04\/27\/keto-do-te-jene-rrobat-e-banjes-njepjeseshe-me-te-kerkuara-per-veren-e-vitit-2026\/#breadcrumb"},"inLanguage":"en-US","potentialAction":[{"@type":"ReadAction","target":["https:\/\/kosovatimes.info\/index.php\/2026\/04\/27\/keto-do-te-jene-rrobat-e-banjes-njepjeseshe-me-te-kerkuara-per-veren-e-vitit-2026\/"]}]},{"@type":"ImageObject","inLanguage":"en-US","@id":"https:\/\/kosovatimes.info\/index.php\/2026\/04\/27\/keto-do-te-jene-rrobat-e-banjes-njepjeseshe-me-te-kerkuara-per-veren-e-vitit-2026\/#primaryimage","url":"https:\/\/kosovatimes.info\/wp-content\/uploads\/2026\/04\/Kostume-1.jpg","contentUrl":"https:\/\/kosovatimes.info\/wp-content\/uploads\/2026\/04\/Kostume-1.jpg","width":750,"height":562},{"@type":"BreadcrumbList","@id":"https:\/\/kosovatimes.info\/index.php\/2026\/04\/27\/keto-do-te-jene-rrobat-e-banjes-njepjeseshe-me-te-kerkuara-per-veren-e-vitit-2026\/#breadcrumb","itemListElement":[{"@type":"ListItem","position":1,"name":"Home","item":"https:\/\/kosovatimes.info\/"},{"@type":"ListItem","position":2,"name":"K\u00ebto do t\u00eb jen\u00eb rrobat e banj\u00ebs nj\u00ebpjes\u00ebshe m\u00eb t\u00eb k\u00ebrkuara p\u00ebr ver\u00ebn e vitit 2026"}]},{"@type":"WebSite","@id":"https:\/\/kosovatimes.info\/#website","url":"https:\/\/kosovatimes.info\/","name":"Kosova Times","description":"","potentialAction":[{"@type":"SearchAction","target":{"@type":"EntryPoint","urlTemplate":"https:\/\/kosovatimes.info\/?s={search_term_string}"},"query-input":{"@type":"PropertyValueSpecification","valueRequired":true,"valueName":"search_term_string"}}],"inLanguage":"en-US"},{"@type":"Person","@id":"https:\/\/kosovatimes.info\/#\/schema\/person\/7586712b9c512fe68085de007378c915","name":"i l","image":{"@type":"ImageObject","inLanguage":"en-US","@id":"https:\/\/secure.gravatar.com\/avatar\/bad9296e02816160ae2e2435beda58222022298d5625d49fea74d18816fbb31d?s=96&d=mm&r=g","url":"https:\/\/secure.gravatar.com\/avatar\/bad9296e02816160ae2e2435beda58222022298d5625d49fea74d18816fbb31d?s=96&d=mm&r=g","contentUrl":"https:\/\/secure.gravatar.com\/avatar\/bad9296e02816160ae2e2435beda58222022298d5625d49fea74d18816fbb31d?s=96&d=mm&r=g","caption":"i l"},"url":"https:\/\/kosovatimes.info\/index.php\/author\/iliri\/"}]}},"_links":{"self":[{"href":"https:\/\/kosovatimes.info\/index.php\/wp-json\/wp\/v2\/posts\/11963","targetHints":{"allow":["GET"]}}],"collection":[{"href":"https:\/\/kosovatimes.info\/index.php\/wp-json\/wp\/v2\/posts"}],"about":[{"href":"https:\/\/kosovatimes.info\/index.php\/wp-json\/wp\/v2\/types\/post"}],"author":[{"embeddable":true,"href":"https:\/\/kosovatimes.info\/index.php\/wp-json\/wp\/v2\/users\/4"}],"replies":[{"embeddable":true,"href":"https:\/\/kosovatimes.info\/index.php\/wp-json\/wp\/v2\/comments?post=11963"}],"version-history":[{"count":1,"href":"https:\/\/kosovatimes.info\/index.php\/wp-json\/wp\/v2\/posts\/11963\/revisions"}],"predecessor-version":[{"id":11965,"href":"https:\/\/kosovatimes.info\/index.php\/wp-json\/wp\/v2\/posts\/11963\/revisions\/11965"}],"wp:featuredmedia":[{"embeddable":true,"href":"https:\/\/kosovatimes.info\/index.php\/wp-json\/wp\/v2\/media\/11964"}],"wp:attachment":[{"href":"https:\/\/kosovatimes.info\/index.php\/wp-json\/wp\/v2\/media?parent=11963"}],"wp:term":[{"taxonomy":"category","embeddable":true,"href":"https:\/\/kosovatimes.info\/index.php\/wp-json\/wp\/v2\/categories?post=11963"},{"taxonomy":"post_tag","embeddable":true,"href":"https:\/\/kosovatimes.info\/index.php\/wp-json\/wp\/v2\/tags?post=11963"}],"curies":[{"name":"wp","href":"https:\/\/api.w.org\/{rel}","templated":true}]}}