{"id":11975,"date":"2026-04-27T09:30:00","date_gmt":"2026-04-27T07:30:00","guid":{"rendered":"https:\/\/kosovatimes.info\/?p=11975"},"modified":"2026-04-27T09:35:28","modified_gmt":"2026-04-27T07:35:28","slug":"pese-raste-te-dhunes-ne-familje-raportohen-brenda-24-oreve-ne-kosove","status":"publish","type":"post","link":"https:\/\/kosovatimes.info\/index.php\/2026\/04\/27\/pese-raste-te-dhunes-ne-familje-raportohen-brenda-24-oreve-ne-kosove\/","title":{"rendered":"Pes\u00eb raste t\u00eb dhun\u00ebs n\u00eb familje raportohen brenda 24 or\u00ebve n\u00eb Kosov\u00eb"},"content":{"rendered":"\n<p><strong>Gjat\u00eb 24 or\u00ebve t\u00eb fundit, n\u00eb Kosova jan\u00eb raportuar pes\u00eb raste t\u00eb dhun\u00ebs n\u00eb familje, sipas raportit t\u00eb policis\u00eb. Dy raste jan\u00eb regjistruar n\u00eb Prishtina, nd\u00ebrsa nga nj\u00eb rast n\u00eb Podujeva, Peja dhe Gjakova. Si pasoj\u00eb, kat\u00ebr persona jan\u00eb arrestuar.<\/strong><\/p>\n\n\n\n<p>Sipas raportit policor, kat\u00ebr persona jan\u00eb arrestuar lidhur me k\u00ebto raste, nd\u00ebrsa viktimat n\u00eb disa raste kan\u00eb pranuar trajtim mjek\u00ebsor.<\/p>\n\n\n\n<p>N\u00eb nj\u00eb nga rastet n\u00eb Prishtin\u00eb, nj\u00eb burr\u00eb&nbsp;dhe nj\u00eb grua&nbsp;jan\u00eb arrestuar pasi dyshohet se jan\u00eb p\u00ebrleshur fizikisht mes vete, por m\u00eb pas jan\u00eb liruar me urdh\u00ebr t\u00eb prokurorit dhe rasti po trajtohet n\u00eb procedur\u00eb t\u00eb rregullt.<\/p>\n\n\n\n<p>Nd\u00ebrkoh\u00eb, n\u00eb nj\u00eb tjet\u00ebr rast po n\u00eb kryeqytet, nj\u00eb person&nbsp;dyshohet se ka ushtruar dhun\u00eb ndaj nj\u00eb gruaje, e cila ka marr\u00eb trajtim mjek\u00ebsor, nd\u00ebrsa i dyshuari \u00ebsht\u00eb liruar pas intervistimit.<\/p>\n\n\n\n<p>N\u00eb Gjakova, nj\u00eb i dyshuar \u00ebsht\u00eb arrestuar dhe me vendim t\u00eb prokurorit \u00ebsht\u00eb d\u00ebrguar n\u00eb mbajtje, nd\u00ebrsa n\u00eb Podujeva rasti \u00ebsht\u00eb n\u00eb faz\u00ebn e hetimeve.<\/p>\n\n\n\n<p>Nd\u00ebrkaq, n\u00eb Peja, nj\u00eb burr\u00eb&nbsp;\u00ebsht\u00eb arrestuar p\u00ebr dhun\u00eb ndaj familjar\u00ebve t\u00eb tij dhe, me vendim t\u00eb prokurorit, \u00ebsht\u00eb d\u00ebrguar n\u00eb ndalim si dhe n\u00eb trajtim mjek\u00ebsor.<\/p>\n\n\n\n<p>Autoritetet vazhdojn\u00eb t\u00eb b\u00ebjn\u00eb thirrje p\u00ebr raportimin e rasteve t\u00eb dhun\u00ebs dhe ofrimin e ndihm\u00ebs p\u00ebr viktimat.<\/p>\n","protected":false},"excerpt":{"rendered":"<p>Gjat\u00eb 24 or\u00ebve t\u00eb fundit, n\u00eb Kosova jan\u00eb raportuar pes\u00eb raste t\u00eb dhun\u00ebs n\u00eb familje, sipas raportit t\u00eb policis\u00eb. Dy raste jan\u00eb regjistruar n\u00eb Prishtina, nd\u00ebrsa nga nj\u00eb rast n\u00eb Podujeva, Peja dhe Gjakova. Si pasoj\u00eb, kat\u00ebr persona jan\u00eb arrestuar. Sipas raportit policor, kat\u00ebr persona jan\u00eb arrestuar lidhur me k\u00ebto raste, nd\u00ebrsa viktimat n\u00eb disa [&hellip;]<\/p>\n","protected":false},"author":4,"featured_media":1590,"comment_status":"open","ping_status":"open","sticky":false,"template":"","format":"standard","meta":{"footnotes":""},"categories":[31,30],"tags":[],"class_list":{"0":"post-11975","1":"post","2":"type-post","3":"status-publish","4":"format-standard","5":"has-post-thumbnail","7":"category-kosove","8":"category-lajme"},"yoast_head":"<!-- This site is optimized with the Yoast SEO plugin v27.4 - https:\/\/yoast.com\/product\/yoast-seo-wordpress\/ -->\n<title>Pes\u00eb raste t\u00eb dhun\u00ebs n\u00eb familje raportohen brenda 24 or\u00ebve n\u00eb Kosov\u00eb - Kosova Times<\/title>\n<meta name=\"robots\" content=\"index, follow, max-snippet:-1, max-image-preview:large, max-video-preview:-1\" \/>\n<link rel=\"canonical\" href=\"https:\/\/kosovatimes.info\/index.php\/2026\/04\/27\/pese-raste-te-dhunes-ne-familje-raportohen-brenda-24-oreve-ne-kosove\/\" \/>\n<meta property=\"og:locale\" content=\"en_US\" \/>\n<meta property=\"og:type\" content=\"article\" \/>\n<meta property=\"og:title\" content=\"Pes\u00eb raste t\u00eb dhun\u00ebs n\u00eb familje raportohen brenda 24 or\u00ebve n\u00eb Kosov\u00eb - Kosova Times\" \/>\n<meta property=\"og:description\" content=\"Gjat\u00eb 24 or\u00ebve t\u00eb fundit, n\u00eb Kosova jan\u00eb raportuar pes\u00eb raste t\u00eb dhun\u00ebs n\u00eb familje, sipas raportit t\u00eb policis\u00eb. Dy raste jan\u00eb regjistruar n\u00eb Prishtina, nd\u00ebrsa nga nj\u00eb rast n\u00eb Podujeva, Peja dhe Gjakova. Si pasoj\u00eb, kat\u00ebr persona jan\u00eb arrestuar. Sipas raportit policor, kat\u00ebr persona jan\u00eb arrestuar lidhur me k\u00ebto raste, nd\u00ebrsa viktimat n\u00eb disa [&hellip;]\" \/>\n<meta property=\"og:url\" content=\"https:\/\/kosovatimes.info\/index.php\/2026\/04\/27\/pese-raste-te-dhunes-ne-familje-raportohen-brenda-24-oreve-ne-kosove\/\" \/>\n<meta property=\"og:site_name\" content=\"Kosova Times\" \/>\n<meta property=\"article:published_time\" content=\"2026-04-27T07:30:00+00:00\" \/>\n<meta property=\"article:modified_time\" content=\"2026-04-27T07:35:28+00:00\" \/>\n<meta property=\"og:image\" content=\"https:\/\/kosovatimes.info\/wp-content\/uploads\/2026\/02\/dhuna.jpg\" \/>\n\t<meta property=\"og:image:width\" content=\"780\" \/>\n\t<meta property=\"og:image:height\" content=\"500\" \/>\n\t<meta property=\"og:image:type\" content=\"image\/jpeg\" \/>\n<meta name=\"author\" content=\"i l\" \/>\n<meta name=\"twitter:card\" content=\"summary_large_image\" \/>\n<meta name=\"twitter:label1\" content=\"Written by\" \/>\n\t<meta name=\"twitter:data1\" content=\"i l\" \/>\n\t<meta name=\"twitter:label2\" content=\"Est. reading time\" \/>\n\t<meta name=\"twitter:data2\" content=\"2 minutes\" \/>\n<script type=\"application\/ld+json\" class=\"yoast-schema-graph\">{\"@context\":\"https:\\\/\\\/schema.org\",\"@graph\":[{\"@type\":\"Article\",\"@id\":\"https:\\\/\\\/kosovatimes.info\\\/index.php\\\/2026\\\/04\\\/27\\\/pese-raste-te-dhunes-ne-familje-raportohen-brenda-24-oreve-ne-kosove\\\/#article\",\"isPartOf\":{\"@id\":\"https:\\\/\\\/kosovatimes.info\\\/index.php\\\/2026\\\/04\\\/27\\\/pese-raste-te-dhunes-ne-familje-raportohen-brenda-24-oreve-ne-kosove\\\/\"},\"author\":{\"name\":\"i l\",\"@id\":\"https:\\\/\\\/kosovatimes.info\\\/#\\\/schema\\\/person\\\/7586712b9c512fe68085de007378c915\"},\"headline\":\"Pes\u00eb raste t\u00eb dhun\u00ebs n\u00eb familje raportohen brenda 24 or\u00ebve n\u00eb Kosov\u00eb\",\"datePublished\":\"2026-04-27T07:30:00+00:00\",\"dateModified\":\"2026-04-27T07:35:28+00:00\",\"mainEntityOfPage\":{\"@id\":\"https:\\\/\\\/kosovatimes.info\\\/index.php\\\/2026\\\/04\\\/27\\\/pese-raste-te-dhunes-ne-familje-raportohen-brenda-24-oreve-ne-kosove\\\/\"},\"wordCount\":241,\"commentCount\":0,\"image\":{\"@id\":\"https:\\\/\\\/kosovatimes.info\\\/index.php\\\/2026\\\/04\\\/27\\\/pese-raste-te-dhunes-ne-familje-raportohen-brenda-24-oreve-ne-kosove\\\/#primaryimage\"},\"thumbnailUrl\":\"https:\\\/\\\/kosovatimes.info\\\/wp-content\\\/uploads\\\/2026\\\/02\\\/dhuna.jpg\",\"articleSection\":[\"Kosov\u00eb\",\"Lajme\"],\"inLanguage\":\"en-US\",\"potentialAction\":[{\"@type\":\"CommentAction\",\"name\":\"Comment\",\"target\":[\"https:\\\/\\\/kosovatimes.info\\\/index.php\\\/2026\\\/04\\\/27\\\/pese-raste-te-dhunes-ne-familje-raportohen-brenda-24-oreve-ne-kosove\\\/#respond\"]}]},{\"@type\":\"WebPage\",\"@id\":\"https:\\\/\\\/kosovatimes.info\\\/index.php\\\/2026\\\/04\\\/27\\\/pese-raste-te-dhunes-ne-familje-raportohen-brenda-24-oreve-ne-kosove\\\/\",\"url\":\"https:\\\/\\\/kosovatimes.info\\\/index.php\\\/2026\\\/04\\\/27\\\/pese-raste-te-dhunes-ne-familje-raportohen-brenda-24-oreve-ne-kosove\\\/\",\"name\":\"Pes\u00eb raste t\u00eb dhun\u00ebs n\u00eb familje raportohen brenda 24 or\u00ebve n\u00eb Kosov\u00eb - Kosova Times\",\"isPartOf\":{\"@id\":\"https:\\\/\\\/kosovatimes.info\\\/#website\"},\"primaryImageOfPage\":{\"@id\":\"https:\\\/\\\/kosovatimes.info\\\/index.php\\\/2026\\\/04\\\/27\\\/pese-raste-te-dhunes-ne-familje-raportohen-brenda-24-oreve-ne-kosove\\\/#primaryimage\"},\"image\":{\"@id\":\"https:\\\/\\\/kosovatimes.info\\\/index.php\\\/2026\\\/04\\\/27\\\/pese-raste-te-dhunes-ne-familje-raportohen-brenda-24-oreve-ne-kosove\\\/#primaryimage\"},\"thumbnailUrl\":\"https:\\\/\\\/kosovatimes.info\\\/wp-content\\\/uploads\\\/2026\\\/02\\\/dhuna.jpg\",\"datePublished\":\"2026-04-27T07:30:00+00:00\",\"dateModified\":\"2026-04-27T07:35:28+00:00\",\"author\":{\"@id\":\"https:\\\/\\\/kosovatimes.info\\\/#\\\/schema\\\/person\\\/7586712b9c512fe68085de007378c915\"},\"breadcrumb\":{\"@id\":\"https:\\\/\\\/kosovatimes.info\\\/index.php\\\/2026\\\/04\\\/27\\\/pese-raste-te-dhunes-ne-familje-raportohen-brenda-24-oreve-ne-kosove\\\/#breadcrumb\"},\"inLanguage\":\"en-US\",\"potentialAction\":[{\"@type\":\"ReadAction\",\"target\":[\"https:\\\/\\\/kosovatimes.info\\\/index.php\\\/2026\\\/04\\\/27\\\/pese-raste-te-dhunes-ne-familje-raportohen-brenda-24-oreve-ne-kosove\\\/\"]}]},{\"@type\":\"ImageObject\",\"inLanguage\":\"en-US\",\"@id\":\"https:\\\/\\\/kosovatimes.info\\\/index.php\\\/2026\\\/04\\\/27\\\/pese-raste-te-dhunes-ne-familje-raportohen-brenda-24-oreve-ne-kosove\\\/#primaryimage\",\"url\":\"https:\\\/\\\/kosovatimes.info\\\/wp-content\\\/uploads\\\/2026\\\/02\\\/dhuna.jpg\",\"contentUrl\":\"https:\\\/\\\/kosovatimes.info\\\/wp-content\\\/uploads\\\/2026\\\/02\\\/dhuna.jpg\",\"width\":780,\"height\":500},{\"@type\":\"BreadcrumbList\",\"@id\":\"https:\\\/\\\/kosovatimes.info\\\/index.php\\\/2026\\\/04\\\/27\\\/pese-raste-te-dhunes-ne-familje-raportohen-brenda-24-oreve-ne-kosove\\\/#breadcrumb\",\"itemListElement\":[{\"@type\":\"ListItem\",\"position\":1,\"name\":\"Home\",\"item\":\"https:\\\/\\\/kosovatimes.info\\\/\"},{\"@type\":\"ListItem\",\"position\":2,\"name\":\"Pes\u00eb raste t\u00eb dhun\u00ebs n\u00eb familje raportohen brenda 24 or\u00ebve n\u00eb Kosov\u00eb\"}]},{\"@type\":\"WebSite\",\"@id\":\"https:\\\/\\\/kosovatimes.info\\\/#website\",\"url\":\"https:\\\/\\\/kosovatimes.info\\\/\",\"name\":\"Kosova Times\",\"description\":\"\",\"potentialAction\":[{\"@type\":\"SearchAction\",\"target\":{\"@type\":\"EntryPoint\",\"urlTemplate\":\"https:\\\/\\\/kosovatimes.info\\\/?s={search_term_string}\"},\"query-input\":{\"@type\":\"PropertyValueSpecification\",\"valueRequired\":true,\"valueName\":\"search_term_string\"}}],\"inLanguage\":\"en-US\"},{\"@type\":\"Person\",\"@id\":\"https:\\\/\\\/kosovatimes.info\\\/#\\\/schema\\\/person\\\/7586712b9c512fe68085de007378c915\",\"name\":\"i l\",\"image\":{\"@type\":\"ImageObject\",\"inLanguage\":\"en-US\",\"@id\":\"https:\\\/\\\/secure.gravatar.com\\\/avatar\\\/bad9296e02816160ae2e2435beda58222022298d5625d49fea74d18816fbb31d?s=96&d=mm&r=g\",\"url\":\"https:\\\/\\\/secure.gravatar.com\\\/avatar\\\/bad9296e02816160ae2e2435beda58222022298d5625d49fea74d18816fbb31d?s=96&d=mm&r=g\",\"contentUrl\":\"https:\\\/\\\/secure.gravatar.com\\\/avatar\\\/bad9296e02816160ae2e2435beda58222022298d5625d49fea74d18816fbb31d?s=96&d=mm&r=g\",\"caption\":\"i l\"},\"url\":\"https:\\\/\\\/kosovatimes.info\\\/index.php\\\/author\\\/iliri\\\/\"}]}<\/script>\n<!-- \/ Yoast SEO plugin. -->","yoast_head_json":{"title":"Pes\u00eb raste t\u00eb dhun\u00ebs n\u00eb familje raportohen brenda 24 or\u00ebve n\u00eb Kosov\u00eb - Kosova Times","robots":{"index":"index","follow":"follow","max-snippet":"max-snippet:-1","max-image-preview":"max-image-preview:large","max-video-preview":"max-video-preview:-1"},"canonical":"https:\/\/kosovatimes.info\/index.php\/2026\/04\/27\/pese-raste-te-dhunes-ne-familje-raportohen-brenda-24-oreve-ne-kosove\/","og_locale":"en_US","og_type":"article","og_title":"Pes\u00eb raste t\u00eb dhun\u00ebs n\u00eb familje raportohen brenda 24 or\u00ebve n\u00eb Kosov\u00eb - Kosova Times","og_description":"Gjat\u00eb 24 or\u00ebve t\u00eb fundit, n\u00eb Kosova jan\u00eb raportuar pes\u00eb raste t\u00eb dhun\u00ebs n\u00eb familje, sipas raportit t\u00eb policis\u00eb. Dy raste jan\u00eb regjistruar n\u00eb Prishtina, nd\u00ebrsa nga nj\u00eb rast n\u00eb Podujeva, Peja dhe Gjakova. Si pasoj\u00eb, kat\u00ebr persona jan\u00eb arrestuar. Sipas raportit policor, kat\u00ebr persona jan\u00eb arrestuar lidhur me k\u00ebto raste, nd\u00ebrsa viktimat n\u00eb disa [&hellip;]","og_url":"https:\/\/kosovatimes.info\/index.php\/2026\/04\/27\/pese-raste-te-dhunes-ne-familje-raportohen-brenda-24-oreve-ne-kosove\/","og_site_name":"Kosova Times","article_published_time":"2026-04-27T07:30:00+00:00","article_modified_time":"2026-04-27T07:35:28+00:00","og_image":[{"width":780,"height":500,"url":"https:\/\/kosovatimes.info\/wp-content\/uploads\/2026\/02\/dhuna.jpg","type":"image\/jpeg"}],"author":"i l","twitter_card":"summary_large_image","twitter_misc":{"Written by":"i l","Est. reading time":"2 minutes"},"schema":{"@context":"https:\/\/schema.org","@graph":[{"@type":"Article","@id":"https:\/\/kosovatimes.info\/index.php\/2026\/04\/27\/pese-raste-te-dhunes-ne-familje-raportohen-brenda-24-oreve-ne-kosove\/#article","isPartOf":{"@id":"https:\/\/kosovatimes.info\/index.php\/2026\/04\/27\/pese-raste-te-dhunes-ne-familje-raportohen-brenda-24-oreve-ne-kosove\/"},"author":{"name":"i l","@id":"https:\/\/kosovatimes.info\/#\/schema\/person\/7586712b9c512fe68085de007378c915"},"headline":"Pes\u00eb raste t\u00eb dhun\u00ebs n\u00eb familje raportohen brenda 24 or\u00ebve n\u00eb Kosov\u00eb","datePublished":"2026-04-27T07:30:00+00:00","dateModified":"2026-04-27T07:35:28+00:00","mainEntityOfPage":{"@id":"https:\/\/kosovatimes.info\/index.php\/2026\/04\/27\/pese-raste-te-dhunes-ne-familje-raportohen-brenda-24-oreve-ne-kosove\/"},"wordCount":241,"commentCount":0,"image":{"@id":"https:\/\/kosovatimes.info\/index.php\/2026\/04\/27\/pese-raste-te-dhunes-ne-familje-raportohen-brenda-24-oreve-ne-kosove\/#primaryimage"},"thumbnailUrl":"https:\/\/kosovatimes.info\/wp-content\/uploads\/2026\/02\/dhuna.jpg","articleSection":["Kosov\u00eb","Lajme"],"inLanguage":"en-US","potentialAction":[{"@type":"CommentAction","name":"Comment","target":["https:\/\/kosovatimes.info\/index.php\/2026\/04\/27\/pese-raste-te-dhunes-ne-familje-raportohen-brenda-24-oreve-ne-kosove\/#respond"]}]},{"@type":"WebPage","@id":"https:\/\/kosovatimes.info\/index.php\/2026\/04\/27\/pese-raste-te-dhunes-ne-familje-raportohen-brenda-24-oreve-ne-kosove\/","url":"https:\/\/kosovatimes.info\/index.php\/2026\/04\/27\/pese-raste-te-dhunes-ne-familje-raportohen-brenda-24-oreve-ne-kosove\/","name":"Pes\u00eb raste t\u00eb dhun\u00ebs n\u00eb familje raportohen brenda 24 or\u00ebve n\u00eb Kosov\u00eb - Kosova Times","isPartOf":{"@id":"https:\/\/kosovatimes.info\/#website"},"primaryImageOfPage":{"@id":"https:\/\/kosovatimes.info\/index.php\/2026\/04\/27\/pese-raste-te-dhunes-ne-familje-raportohen-brenda-24-oreve-ne-kosove\/#primaryimage"},"image":{"@id":"https:\/\/kosovatimes.info\/index.php\/2026\/04\/27\/pese-raste-te-dhunes-ne-familje-raportohen-brenda-24-oreve-ne-kosove\/#primaryimage"},"thumbnailUrl":"https:\/\/kosovatimes.info\/wp-content\/uploads\/2026\/02\/dhuna.jpg","datePublished":"2026-04-27T07:30:00+00:00","dateModified":"2026-04-27T07:35:28+00:00","author":{"@id":"https:\/\/kosovatimes.info\/#\/schema\/person\/7586712b9c512fe68085de007378c915"},"breadcrumb":{"@id":"https:\/\/kosovatimes.info\/index.php\/2026\/04\/27\/pese-raste-te-dhunes-ne-familje-raportohen-brenda-24-oreve-ne-kosove\/#breadcrumb"},"inLanguage":"en-US","potentialAction":[{"@type":"ReadAction","target":["https:\/\/kosovatimes.info\/index.php\/2026\/04\/27\/pese-raste-te-dhunes-ne-familje-raportohen-brenda-24-oreve-ne-kosove\/"]}]},{"@type":"ImageObject","inLanguage":"en-US","@id":"https:\/\/kosovatimes.info\/index.php\/2026\/04\/27\/pese-raste-te-dhunes-ne-familje-raportohen-brenda-24-oreve-ne-kosove\/#primaryimage","url":"https:\/\/kosovatimes.info\/wp-content\/uploads\/2026\/02\/dhuna.jpg","contentUrl":"https:\/\/kosovatimes.info\/wp-content\/uploads\/2026\/02\/dhuna.jpg","width":780,"height":500},{"@type":"BreadcrumbList","@id":"https:\/\/kosovatimes.info\/index.php\/2026\/04\/27\/pese-raste-te-dhunes-ne-familje-raportohen-brenda-24-oreve-ne-kosove\/#breadcrumb","itemListElement":[{"@type":"ListItem","position":1,"name":"Home","item":"https:\/\/kosovatimes.info\/"},{"@type":"ListItem","position":2,"name":"Pes\u00eb raste t\u00eb dhun\u00ebs n\u00eb familje raportohen brenda 24 or\u00ebve n\u00eb Kosov\u00eb"}]},{"@type":"WebSite","@id":"https:\/\/kosovatimes.info\/#website","url":"https:\/\/kosovatimes.info\/","name":"Kosova Times","description":"","potentialAction":[{"@type":"SearchAction","target":{"@type":"EntryPoint","urlTemplate":"https:\/\/kosovatimes.info\/?s={search_term_string}"},"query-input":{"@type":"PropertyValueSpecification","valueRequired":true,"valueName":"search_term_string"}}],"inLanguage":"en-US"},{"@type":"Person","@id":"https:\/\/kosovatimes.info\/#\/schema\/person\/7586712b9c512fe68085de007378c915","name":"i l","image":{"@type":"ImageObject","inLanguage":"en-US","@id":"https:\/\/secure.gravatar.com\/avatar\/bad9296e02816160ae2e2435beda58222022298d5625d49fea74d18816fbb31d?s=96&d=mm&r=g","url":"https:\/\/secure.gravatar.com\/avatar\/bad9296e02816160ae2e2435beda58222022298d5625d49fea74d18816fbb31d?s=96&d=mm&r=g","contentUrl":"https:\/\/secure.gravatar.com\/avatar\/bad9296e02816160ae2e2435beda58222022298d5625d49fea74d18816fbb31d?s=96&d=mm&r=g","caption":"i l"},"url":"https:\/\/kosovatimes.info\/index.php\/author\/iliri\/"}]}},"_links":{"self":[{"href":"https:\/\/kosovatimes.info\/index.php\/wp-json\/wp\/v2\/posts\/11975","targetHints":{"allow":["GET"]}}],"collection":[{"href":"https:\/\/kosovatimes.info\/index.php\/wp-json\/wp\/v2\/posts"}],"about":[{"href":"https:\/\/kosovatimes.info\/index.php\/wp-json\/wp\/v2\/types\/post"}],"author":[{"embeddable":true,"href":"https:\/\/kosovatimes.info\/index.php\/wp-json\/wp\/v2\/users\/4"}],"replies":[{"embeddable":true,"href":"https:\/\/kosovatimes.info\/index.php\/wp-json\/wp\/v2\/comments?post=11975"}],"version-history":[{"count":1,"href":"https:\/\/kosovatimes.info\/index.php\/wp-json\/wp\/v2\/posts\/11975\/revisions"}],"predecessor-version":[{"id":11976,"href":"https:\/\/kosovatimes.info\/index.php\/wp-json\/wp\/v2\/posts\/11975\/revisions\/11976"}],"wp:featuredmedia":[{"embeddable":true,"href":"https:\/\/kosovatimes.info\/index.php\/wp-json\/wp\/v2\/media\/1590"}],"wp:attachment":[{"href":"https:\/\/kosovatimes.info\/index.php\/wp-json\/wp\/v2\/media?parent=11975"}],"wp:term":[{"taxonomy":"category","embeddable":true,"href":"https:\/\/kosovatimes.info\/index.php\/wp-json\/wp\/v2\/categories?post=11975"},{"taxonomy":"post_tag","embeddable":true,"href":"https:\/\/kosovatimes.info\/index.php\/wp-json\/wp\/v2\/tags?post=11975"}],"curies":[{"name":"wp","href":"https:\/\/api.w.org\/{rel}","templated":true}]}}