{"id":11983,"date":"2026-04-27T09:49:11","date_gmt":"2026-04-27T07:49:11","guid":{"rendered":"https:\/\/kosovatimes.info\/?p=11983"},"modified":"2026-04-27T09:49:14","modified_gmt":"2026-04-27T07:49:14","slug":"parqet-dhe-kopshtet-me-te-bukura-evropiane-qe-duhet-ti-shihni-te-pakten-nje-here","status":"publish","type":"post","link":"https:\/\/kosovatimes.info\/index.php\/2026\/04\/27\/parqet-dhe-kopshtet-me-te-bukura-evropiane-qe-duhet-ti-shihni-te-pakten-nje-here\/","title":{"rendered":"Parqet dhe kopshtet m\u00eb t\u00eb bukura evropiane q\u00eb duhet t&#8217;i shihni t\u00eb pakt\u00ebn nj\u00eb her\u00eb"},"content":{"rendered":"\n<p><strong>Pranvera \u00ebsht\u00eb koha ideale p\u00ebr udh\u00ebtime q\u00eb nuk jan\u00eb vet\u00ebm pushime, por edhe nj\u00eb p\u00ebrvoj\u00eb e v\u00ebrtet\u00eb estetike. Nd\u00ebrsa natyra zgjohet, Evropa shnd\u00ebrrohet n\u00eb nj\u00eb kartolin\u00eb &#8211; parqet dhe kopshtet lul\u00ebzojn\u00eb n\u00eb shk\u00eblqim t\u00eb plot\u00eb, dhe qytetet fitojn\u00eb nj\u00eb energji krejt\u00ebsisht t\u00eb re, romantike.<\/strong><\/p>\n\n\n\n<p>N\u00ebse po planifikoni nj\u00eb arratisje n\u00eb natyr\u00eb, nj\u00eb piknik n\u00eb aj\u00ebr t\u00eb past\u00ebr ose thjesht d\u00ebshironi t\u00eb shijoni peizazhe t\u00ebrheq\u00ebse, k\u00ebto jan\u00eb destinacionet q\u00eb duhet t&#8217;i vendosni n\u00eb list\u00ebn tuaj t\u00eb d\u00ebshirave.<\/p>\n\n\n\n<p>Si pjes\u00eb e projektit sezonal&nbsp;<a href=\"https:\/\/zadovoljna.nova.rs\/tag\/rise-and-shine\/\">Rise&amp;Shine<\/a>&nbsp;t\u00eb portalit Zadepna.rs, ju sjellim nj\u00eb p\u00ebrmbledhje t\u00eb parqeve dhe kopshteve m\u00eb t\u00eb bukura evropiane, t\u00eb cilat n\u00eb pranver\u00eb duken si nga nj\u00eb p\u00ebrrall\u00eb dhe jan\u00eb perfekte p\u00ebr&nbsp;<a href=\"https:\/\/zadovoljna.nova.rs\/tag\/putovanje\/\">udh\u00ebtime,<\/a>&nbsp;piknik\u00eb dhe pushime n\u00eb natyr\u00eb.<\/p>\n\n\n\n<h2 class=\"wp-block-heading\"><strong>Keukenhof, Holand\u00eb &#8211; nj\u00eb parajs\u00eb tulipan\u00ebsh q\u00eb zgjat vet\u00ebm disa jav\u00eb<\/strong><\/h2>\n\n\n\n<p>Nj\u00eb nga kopshtet m\u00eb t\u00eb famshme t\u00eb pranver\u00ebs n\u00eb bot\u00eb ndodhet n\u00eb Lise, jo shum\u00eb larg Amsterdamit. Keukenhof \u00ebsht\u00eb i hapur \u00e7do vit vet\u00ebm gjat\u00eb pranver\u00ebs (zakonisht nga mesi i marsit deri n\u00eb mesin e majit), kur miliona tulipan\u00eb, narcis\u00eb dhe zymbyl lul\u00ebzojn\u00eb n\u00eb peizazhe t\u00eb dizajnuara n\u00eb m\u00ebnyr\u00eb perfekte.<\/p>\n\n\n\n<figure class=\"wp-block-image\" id=\"attachment_2818756\"><img decoding=\"async\" src=\"http:\/\/zadovoljna.nova.rs\/wp-content\/uploads\/2026\/04\/20\/1776678982-profimedia-0474727042-1024x682.jpg\" alt=\"\" class=\"wp-image-2818756\"\/><\/figure>\n\n\n\n<p>Ajo q\u00eb e b\u00ebn t\u00eb ve\u00e7ant\u00eb k\u00ebt\u00eb park nuk \u00ebsht\u00eb vet\u00ebm sasia e luleve, por edhe m\u00ebnyra se si \u00ebsht\u00eb projektuar gjith\u00e7ka &#8211; \u00e7do rrugic\u00eb, ur\u00eb dhe pamje sh\u00ebrben si sfond p\u00ebr fotot.<\/p>\n\n\n\n<p>Ideale p\u00ebr: sh\u00ebtitje romantike, fotografi dhe nj\u00eb udh\u00ebtim ditor nga Amsterdami<\/p>\n\n\n\n<h2 class=\"wp-block-heading\"><strong>Provence, Franc\u00eb \u2013 aroma e livandos dhe fushave t\u00eb pafundme t\u00eb vjollc\u00ebs<\/strong><\/h2>\n\n\n\n<p>Edhe pse sezoni kulmor i livandos \u00ebsht\u00eb n\u00eb qershor dhe korrik, pranvera \u00ebsht\u00eb koha ideale p\u00ebr t\u00eb vizituar Provencen pa turma dhe p\u00ebr t\u00eb shijuar kopshtet, vreshtat dhe fshatrat e saj autentike.<\/p>\n\n\n\n<figure class=\"wp-block-image\" id=\"attachment_2818743\"><img decoding=\"async\" src=\"http:\/\/zadovoljna.nova.rs\/wp-content\/uploads\/2026\/04\/20\/1776678831-profimedia-1021338457-1024x682.jpg\" alt=\"\" class=\"wp-image-2818743\"\/><\/figure>\n\n\n\n<h2 class=\"wp-block-heading\"><strong>Champ de Mars, Paris \u2013 piknik me pamje nga Kulla Eiffel<\/strong><\/h2>\n\n\n\n<p>N\u00ebse d\u00ebshironi nj\u00eb version urban t\u00eb k\u00ebnaq\u00ebsis\u00eb pranverore, Champ de Mars \u00ebsht\u00eb nj\u00eb nga vendet m\u00eb t\u00eb bukura n\u00eb Evrop\u00eb. Ky park, i vendosur pak posht\u00eb Kull\u00ebs Eiffel, b\u00ebhet nj\u00eb vend i preferuar p\u00ebr piknik\u00eb, rreze dielli dhe shoq\u00ebrizim n\u00eb pranver\u00eb.<\/p>\n\n\n\n<figure class=\"wp-block-image\" id=\"attachment_2820053\"><img decoding=\"async\" src=\"http:\/\/zadovoljna.nova.rs\/wp-content\/uploads\/2026\/04\/23\/1776935722-profimedia-0334690102-1024x682.jpg\" alt=\"\" class=\"wp-image-2820053\"\/><\/figure>\n\n\n\n<p>Hap\u00ebsirat e gjelbra, pamjet e hapura dhe energjia e Parisit e b\u00ebjn\u00eb at\u00eb vendin ideal p\u00ebr t&#8217;u \u00e7lodhur pas vizitave turistike.<\/p>\n\n\n\n<p>Ideale p\u00ebr: piknik, pushime n\u00eb qytet dhe arg\u00ebtim t\u00eb relaksuar<\/p>\n\n\n\n<h2 class=\"wp-block-heading\"><strong>Kodra Pet\u0159\u00edn, Prag\u00eb &#8211; duke lul\u00ebzuar me pamjen m\u00eb t\u00eb bukur t\u00eb qytetit<\/strong><\/h2>\n\n\n\n<p>Kopshtet Pet\u0159\u00edn n\u00eb Prag\u00eb jan\u00eb ve\u00e7an\u00ebrisht magjike n\u00eb pranver\u00eb, kur pem\u00ebt \u00e7elin dhe qyteti shihet nga nj\u00eb perspektiv\u00eb krejt\u00ebsisht e ndryshme.<\/p>\n\n\n\n<figure class=\"wp-block-image\" id=\"attachment_2818761\"><img decoding=\"async\" src=\"http:\/\/zadovoljna.nova.rs\/wp-content\/uploads\/2026\/04\/20\/1776679043-profimedia-0514969000-1024x682.jpg\" alt=\"\" class=\"wp-image-2818761\"\/><\/figure>\n\n\n\n<p>Nj\u00eb sh\u00ebtitje n\u00eb k\u00ebt\u00eb kod\u00ebr kombinon natyr\u00ebn, romanc\u00ebn dhe nj\u00eb pamje t\u00eb qendr\u00ebs historike t\u00eb Prag\u00ebs. Shpesh krahasohet me nj\u00eb Montmartre t\u00eb vog\u00ebl parizien, por me m\u00eb shum\u00eb gjelb\u00ebrim dhe paqe.<\/p>\n\n\n\n<p>Ideale p\u00ebr: sh\u00ebtitje romantike dhe foto panoramike<\/p>\n\n\n\n<h2 class=\"wp-block-heading\"><strong>Funchal, Madeira &#8211; ishulli i pranver\u00ebs s\u00eb p\u00ebrjetshme<\/strong><\/h2>\n\n\n\n<p>Madeira quhet &#8220;ishulli i pranver\u00ebs s\u00eb p\u00ebrjetshme&#8221; p\u00ebr nj\u00eb arsye, dhe kryeqyteti i saj, Funchal, ofron disa nga kopshtet m\u00eb t\u00eb bukura n\u00eb Evrop\u00eb.<\/p>\n\n\n\n<p>Kopshti Tropikal i Pallatit Monte dhe Parku Santa Catarina jan\u00eb vende ku bim\u00ebt ekzotike, liqenet dhe pamjet e oqeanit bashkohen n\u00eb nj\u00eb p\u00ebrvoj\u00eb unike.<\/p>\n\n\n\n<p>Klima \u00ebsht\u00eb e but\u00eb gjat\u00eb gjith\u00eb vitit, por n\u00eb pranver\u00eb natyra arrin kulmin e saj.<\/p>\n\n\n\n<figure class=\"wp-block-image\" id=\"attachment_2818753\"><img decoding=\"async\" src=\"http:\/\/zadovoljna.nova.rs\/wp-content\/uploads\/2026\/04\/20\/1776678929-profimedia-0989182995-1024x682.jpg\" alt=\"\" class=\"wp-image-2818753\"\/><\/figure>\n\n\n\n<p>Ideale p\u00ebr: pushime ekzotike, natyr\u00eb dhe paqe<\/p>\n\n\n\n<h2 class=\"wp-block-heading\"><strong>Si t\u00eb planifikoni udh\u00ebtimin perfekt t\u00eb pranver\u00ebs<\/strong><\/h2>\n\n\n\n<p><strong>Zgjidhni koh\u00ebn e duhur<\/strong>&nbsp;&#8211; shum\u00eb kopshte, si Keukenhof, jan\u00eb t\u00eb hapura vet\u00ebm p\u00ebr nj\u00eb koh\u00eb t\u00eb kufizuar<\/p>\n\n\n\n<p><strong>Shmangni turmat e m\u00ebdha<\/strong>&nbsp;&#8211; fundi i marsit dhe fillimi i prillit jan\u00eb shpesh idealet.<\/p>\n\n\n\n<p><strong>Planifikoni nj\u00eb piknik<\/strong>&nbsp;&#8211; shum\u00eb parqe ofrojn\u00eb kushte perfekte p\u00ebr nj\u00eb arg\u00ebtim t\u00eb relaksuar<\/p>\n\n\n\n<p><strong>Kushtojini v\u00ebmendje kushteve t\u00eb motit<\/strong>&nbsp;&#8211; pranvera mund t\u00eb jet\u00eb e ndryshueshme<\/p>\n","protected":false},"excerpt":{"rendered":"<p>Pranvera \u00ebsht\u00eb koha ideale p\u00ebr udh\u00ebtime q\u00eb nuk jan\u00eb vet\u00ebm pushime, por edhe nj\u00eb p\u00ebrvoj\u00eb e v\u00ebrtet\u00eb estetike. Nd\u00ebrsa natyra zgjohet, Evropa shnd\u00ebrrohet n\u00eb nj\u00eb kartolin\u00eb &#8211; parqet dhe kopshtet lul\u00ebzojn\u00eb n\u00eb shk\u00eblqim t\u00eb plot\u00eb, dhe qytetet fitojn\u00eb nj\u00eb energji krejt\u00ebsisht t\u00eb re, romantike. N\u00ebse po planifikoni nj\u00eb arratisje n\u00eb natyr\u00eb, nj\u00eb piknik n\u00eb aj\u00ebr [&hellip;]<\/p>\n","protected":false},"author":4,"featured_media":11984,"comment_status":"open","ping_status":"open","sticky":false,"template":"","format":"standard","meta":{"footnotes":""},"categories":[43],"tags":[],"class_list":{"0":"post-11983","1":"post","2":"type-post","3":"status-publish","4":"format-standard","5":"has-post-thumbnail","7":"category-turizem"},"yoast_head":"<!-- This site is optimized with the Yoast SEO plugin v27.4 - https:\/\/yoast.com\/product\/yoast-seo-wordpress\/ -->\n<title>Parqet dhe kopshtet m\u00eb t\u00eb bukura evropiane q\u00eb duhet t&#039;i shihni t\u00eb pakt\u00ebn nj\u00eb her\u00eb - Kosova Times<\/title>\n<meta name=\"robots\" content=\"index, follow, max-snippet:-1, max-image-preview:large, max-video-preview:-1\" \/>\n<link rel=\"canonical\" href=\"https:\/\/kosovatimes.info\/index.php\/2026\/04\/27\/parqet-dhe-kopshtet-me-te-bukura-evropiane-qe-duhet-ti-shihni-te-pakten-nje-here\/\" \/>\n<meta property=\"og:locale\" content=\"en_US\" \/>\n<meta property=\"og:type\" content=\"article\" \/>\n<meta property=\"og:title\" content=\"Parqet dhe kopshtet m\u00eb t\u00eb bukura evropiane q\u00eb duhet t&#039;i shihni t\u00eb pakt\u00ebn nj\u00eb her\u00eb - Kosova Times\" \/>\n<meta property=\"og:description\" content=\"Pranvera \u00ebsht\u00eb koha ideale p\u00ebr udh\u00ebtime q\u00eb nuk jan\u00eb vet\u00ebm pushime, por edhe nj\u00eb p\u00ebrvoj\u00eb e v\u00ebrtet\u00eb estetike. Nd\u00ebrsa natyra zgjohet, Evropa shnd\u00ebrrohet n\u00eb nj\u00eb kartolin\u00eb &#8211; parqet dhe kopshtet lul\u00ebzojn\u00eb n\u00eb shk\u00eblqim t\u00eb plot\u00eb, dhe qytetet fitojn\u00eb nj\u00eb energji krejt\u00ebsisht t\u00eb re, romantike. N\u00ebse po planifikoni nj\u00eb arratisje n\u00eb natyr\u00eb, nj\u00eb piknik n\u00eb aj\u00ebr [&hellip;]\" \/>\n<meta property=\"og:url\" content=\"https:\/\/kosovatimes.info\/index.php\/2026\/04\/27\/parqet-dhe-kopshtet-me-te-bukura-evropiane-qe-duhet-ti-shihni-te-pakten-nje-here\/\" \/>\n<meta property=\"og:site_name\" content=\"Kosova Times\" \/>\n<meta property=\"article:published_time\" content=\"2026-04-27T07:49:11+00:00\" \/>\n<meta property=\"article:modified_time\" content=\"2026-04-27T07:49:14+00:00\" \/>\n<meta property=\"og:image\" content=\"https:\/\/kosovatimes.info\/wp-content\/uploads\/2026\/04\/Parqet.jpg\" \/>\n\t<meta property=\"og:image:width\" content=\"750\" \/>\n\t<meta property=\"og:image:height\" content=\"500\" \/>\n\t<meta property=\"og:image:type\" content=\"image\/jpeg\" \/>\n<meta name=\"author\" content=\"i l\" \/>\n<meta name=\"twitter:card\" content=\"summary_large_image\" \/>\n<meta name=\"twitter:label1\" content=\"Written by\" \/>\n\t<meta name=\"twitter:data1\" content=\"i l\" \/>\n\t<meta name=\"twitter:label2\" content=\"Est. reading time\" \/>\n\t<meta name=\"twitter:data2\" content=\"4 minutes\" \/>\n<script type=\"application\/ld+json\" class=\"yoast-schema-graph\">{\"@context\":\"https:\\\/\\\/schema.org\",\"@graph\":[{\"@type\":\"Article\",\"@id\":\"https:\\\/\\\/kosovatimes.info\\\/index.php\\\/2026\\\/04\\\/27\\\/parqet-dhe-kopshtet-me-te-bukura-evropiane-qe-duhet-ti-shihni-te-pakten-nje-here\\\/#article\",\"isPartOf\":{\"@id\":\"https:\\\/\\\/kosovatimes.info\\\/index.php\\\/2026\\\/04\\\/27\\\/parqet-dhe-kopshtet-me-te-bukura-evropiane-qe-duhet-ti-shihni-te-pakten-nje-here\\\/\"},\"author\":{\"name\":\"i l\",\"@id\":\"https:\\\/\\\/kosovatimes.info\\\/#\\\/schema\\\/person\\\/7586712b9c512fe68085de007378c915\"},\"headline\":\"Parqet dhe kopshtet m\u00eb t\u00eb bukura evropiane q\u00eb duhet t&#8217;i shihni t\u00eb pakt\u00ebn nj\u00eb her\u00eb\",\"datePublished\":\"2026-04-27T07:49:11+00:00\",\"dateModified\":\"2026-04-27T07:49:14+00:00\",\"mainEntityOfPage\":{\"@id\":\"https:\\\/\\\/kosovatimes.info\\\/index.php\\\/2026\\\/04\\\/27\\\/parqet-dhe-kopshtet-me-te-bukura-evropiane-qe-duhet-ti-shihni-te-pakten-nje-here\\\/\"},\"wordCount\":684,\"commentCount\":0,\"image\":{\"@id\":\"https:\\\/\\\/kosovatimes.info\\\/index.php\\\/2026\\\/04\\\/27\\\/parqet-dhe-kopshtet-me-te-bukura-evropiane-qe-duhet-ti-shihni-te-pakten-nje-here\\\/#primaryimage\"},\"thumbnailUrl\":\"https:\\\/\\\/kosovatimes.info\\\/wp-content\\\/uploads\\\/2026\\\/04\\\/Parqet.jpg\",\"articleSection\":[\"Turiz\u00ebm\"],\"inLanguage\":\"en-US\",\"potentialAction\":[{\"@type\":\"CommentAction\",\"name\":\"Comment\",\"target\":[\"https:\\\/\\\/kosovatimes.info\\\/index.php\\\/2026\\\/04\\\/27\\\/parqet-dhe-kopshtet-me-te-bukura-evropiane-qe-duhet-ti-shihni-te-pakten-nje-here\\\/#respond\"]}]},{\"@type\":\"WebPage\",\"@id\":\"https:\\\/\\\/kosovatimes.info\\\/index.php\\\/2026\\\/04\\\/27\\\/parqet-dhe-kopshtet-me-te-bukura-evropiane-qe-duhet-ti-shihni-te-pakten-nje-here\\\/\",\"url\":\"https:\\\/\\\/kosovatimes.info\\\/index.php\\\/2026\\\/04\\\/27\\\/parqet-dhe-kopshtet-me-te-bukura-evropiane-qe-duhet-ti-shihni-te-pakten-nje-here\\\/\",\"name\":\"Parqet dhe kopshtet m\u00eb t\u00eb bukura evropiane q\u00eb duhet t'i shihni t\u00eb pakt\u00ebn nj\u00eb her\u00eb - Kosova Times\",\"isPartOf\":{\"@id\":\"https:\\\/\\\/kosovatimes.info\\\/#website\"},\"primaryImageOfPage\":{\"@id\":\"https:\\\/\\\/kosovatimes.info\\\/index.php\\\/2026\\\/04\\\/27\\\/parqet-dhe-kopshtet-me-te-bukura-evropiane-qe-duhet-ti-shihni-te-pakten-nje-here\\\/#primaryimage\"},\"image\":{\"@id\":\"https:\\\/\\\/kosovatimes.info\\\/index.php\\\/2026\\\/04\\\/27\\\/parqet-dhe-kopshtet-me-te-bukura-evropiane-qe-duhet-ti-shihni-te-pakten-nje-here\\\/#primaryimage\"},\"thumbnailUrl\":\"https:\\\/\\\/kosovatimes.info\\\/wp-content\\\/uploads\\\/2026\\\/04\\\/Parqet.jpg\",\"datePublished\":\"2026-04-27T07:49:11+00:00\",\"dateModified\":\"2026-04-27T07:49:14+00:00\",\"author\":{\"@id\":\"https:\\\/\\\/kosovatimes.info\\\/#\\\/schema\\\/person\\\/7586712b9c512fe68085de007378c915\"},\"breadcrumb\":{\"@id\":\"https:\\\/\\\/kosovatimes.info\\\/index.php\\\/2026\\\/04\\\/27\\\/parqet-dhe-kopshtet-me-te-bukura-evropiane-qe-duhet-ti-shihni-te-pakten-nje-here\\\/#breadcrumb\"},\"inLanguage\":\"en-US\",\"potentialAction\":[{\"@type\":\"ReadAction\",\"target\":[\"https:\\\/\\\/kosovatimes.info\\\/index.php\\\/2026\\\/04\\\/27\\\/parqet-dhe-kopshtet-me-te-bukura-evropiane-qe-duhet-ti-shihni-te-pakten-nje-here\\\/\"]}]},{\"@type\":\"ImageObject\",\"inLanguage\":\"en-US\",\"@id\":\"https:\\\/\\\/kosovatimes.info\\\/index.php\\\/2026\\\/04\\\/27\\\/parqet-dhe-kopshtet-me-te-bukura-evropiane-qe-duhet-ti-shihni-te-pakten-nje-here\\\/#primaryimage\",\"url\":\"https:\\\/\\\/kosovatimes.info\\\/wp-content\\\/uploads\\\/2026\\\/04\\\/Parqet.jpg\",\"contentUrl\":\"https:\\\/\\\/kosovatimes.info\\\/wp-content\\\/uploads\\\/2026\\\/04\\\/Parqet.jpg\",\"width\":750,\"height\":500,\"caption\":\"Image: 1002848944, License: Rights-managed, Restrictions: , Model Release: no, Credit line: Konrad Zelazowski \\\/ Alamy \\\/ Profimedia\"},{\"@type\":\"BreadcrumbList\",\"@id\":\"https:\\\/\\\/kosovatimes.info\\\/index.php\\\/2026\\\/04\\\/27\\\/parqet-dhe-kopshtet-me-te-bukura-evropiane-qe-duhet-ti-shihni-te-pakten-nje-here\\\/#breadcrumb\",\"itemListElement\":[{\"@type\":\"ListItem\",\"position\":1,\"name\":\"Home\",\"item\":\"https:\\\/\\\/kosovatimes.info\\\/\"},{\"@type\":\"ListItem\",\"position\":2,\"name\":\"Parqet dhe kopshtet m\u00eb t\u00eb bukura evropiane q\u00eb duhet t&#8217;i shihni t\u00eb pakt\u00ebn nj\u00eb her\u00eb\"}]},{\"@type\":\"WebSite\",\"@id\":\"https:\\\/\\\/kosovatimes.info\\\/#website\",\"url\":\"https:\\\/\\\/kosovatimes.info\\\/\",\"name\":\"Kosova Times\",\"description\":\"\",\"potentialAction\":[{\"@type\":\"SearchAction\",\"target\":{\"@type\":\"EntryPoint\",\"urlTemplate\":\"https:\\\/\\\/kosovatimes.info\\\/?s={search_term_string}\"},\"query-input\":{\"@type\":\"PropertyValueSpecification\",\"valueRequired\":true,\"valueName\":\"search_term_string\"}}],\"inLanguage\":\"en-US\"},{\"@type\":\"Person\",\"@id\":\"https:\\\/\\\/kosovatimes.info\\\/#\\\/schema\\\/person\\\/7586712b9c512fe68085de007378c915\",\"name\":\"i l\",\"image\":{\"@type\":\"ImageObject\",\"inLanguage\":\"en-US\",\"@id\":\"https:\\\/\\\/secure.gravatar.com\\\/avatar\\\/bad9296e02816160ae2e2435beda58222022298d5625d49fea74d18816fbb31d?s=96&d=mm&r=g\",\"url\":\"https:\\\/\\\/secure.gravatar.com\\\/avatar\\\/bad9296e02816160ae2e2435beda58222022298d5625d49fea74d18816fbb31d?s=96&d=mm&r=g\",\"contentUrl\":\"https:\\\/\\\/secure.gravatar.com\\\/avatar\\\/bad9296e02816160ae2e2435beda58222022298d5625d49fea74d18816fbb31d?s=96&d=mm&r=g\",\"caption\":\"i l\"},\"url\":\"https:\\\/\\\/kosovatimes.info\\\/index.php\\\/author\\\/iliri\\\/\"}]}<\/script>\n<!-- \/ Yoast SEO plugin. -->","yoast_head_json":{"title":"Parqet dhe kopshtet m\u00eb t\u00eb bukura evropiane q\u00eb duhet t'i shihni t\u00eb pakt\u00ebn nj\u00eb her\u00eb - Kosova Times","robots":{"index":"index","follow":"follow","max-snippet":"max-snippet:-1","max-image-preview":"max-image-preview:large","max-video-preview":"max-video-preview:-1"},"canonical":"https:\/\/kosovatimes.info\/index.php\/2026\/04\/27\/parqet-dhe-kopshtet-me-te-bukura-evropiane-qe-duhet-ti-shihni-te-pakten-nje-here\/","og_locale":"en_US","og_type":"article","og_title":"Parqet dhe kopshtet m\u00eb t\u00eb bukura evropiane q\u00eb duhet t'i shihni t\u00eb pakt\u00ebn nj\u00eb her\u00eb - Kosova Times","og_description":"Pranvera \u00ebsht\u00eb koha ideale p\u00ebr udh\u00ebtime q\u00eb nuk jan\u00eb vet\u00ebm pushime, por edhe nj\u00eb p\u00ebrvoj\u00eb e v\u00ebrtet\u00eb estetike. Nd\u00ebrsa natyra zgjohet, Evropa shnd\u00ebrrohet n\u00eb nj\u00eb kartolin\u00eb &#8211; parqet dhe kopshtet lul\u00ebzojn\u00eb n\u00eb shk\u00eblqim t\u00eb plot\u00eb, dhe qytetet fitojn\u00eb nj\u00eb energji krejt\u00ebsisht t\u00eb re, romantike. N\u00ebse po planifikoni nj\u00eb arratisje n\u00eb natyr\u00eb, nj\u00eb piknik n\u00eb aj\u00ebr [&hellip;]","og_url":"https:\/\/kosovatimes.info\/index.php\/2026\/04\/27\/parqet-dhe-kopshtet-me-te-bukura-evropiane-qe-duhet-ti-shihni-te-pakten-nje-here\/","og_site_name":"Kosova Times","article_published_time":"2026-04-27T07:49:11+00:00","article_modified_time":"2026-04-27T07:49:14+00:00","og_image":[{"width":750,"height":500,"url":"https:\/\/kosovatimes.info\/wp-content\/uploads\/2026\/04\/Parqet.jpg","type":"image\/jpeg"}],"author":"i l","twitter_card":"summary_large_image","twitter_misc":{"Written by":"i l","Est. reading time":"4 minutes"},"schema":{"@context":"https:\/\/schema.org","@graph":[{"@type":"Article","@id":"https:\/\/kosovatimes.info\/index.php\/2026\/04\/27\/parqet-dhe-kopshtet-me-te-bukura-evropiane-qe-duhet-ti-shihni-te-pakten-nje-here\/#article","isPartOf":{"@id":"https:\/\/kosovatimes.info\/index.php\/2026\/04\/27\/parqet-dhe-kopshtet-me-te-bukura-evropiane-qe-duhet-ti-shihni-te-pakten-nje-here\/"},"author":{"name":"i l","@id":"https:\/\/kosovatimes.info\/#\/schema\/person\/7586712b9c512fe68085de007378c915"},"headline":"Parqet dhe kopshtet m\u00eb t\u00eb bukura evropiane q\u00eb duhet t&#8217;i shihni t\u00eb pakt\u00ebn nj\u00eb her\u00eb","datePublished":"2026-04-27T07:49:11+00:00","dateModified":"2026-04-27T07:49:14+00:00","mainEntityOfPage":{"@id":"https:\/\/kosovatimes.info\/index.php\/2026\/04\/27\/parqet-dhe-kopshtet-me-te-bukura-evropiane-qe-duhet-ti-shihni-te-pakten-nje-here\/"},"wordCount":684,"commentCount":0,"image":{"@id":"https:\/\/kosovatimes.info\/index.php\/2026\/04\/27\/parqet-dhe-kopshtet-me-te-bukura-evropiane-qe-duhet-ti-shihni-te-pakten-nje-here\/#primaryimage"},"thumbnailUrl":"https:\/\/kosovatimes.info\/wp-content\/uploads\/2026\/04\/Parqet.jpg","articleSection":["Turiz\u00ebm"],"inLanguage":"en-US","potentialAction":[{"@type":"CommentAction","name":"Comment","target":["https:\/\/kosovatimes.info\/index.php\/2026\/04\/27\/parqet-dhe-kopshtet-me-te-bukura-evropiane-qe-duhet-ti-shihni-te-pakten-nje-here\/#respond"]}]},{"@type":"WebPage","@id":"https:\/\/kosovatimes.info\/index.php\/2026\/04\/27\/parqet-dhe-kopshtet-me-te-bukura-evropiane-qe-duhet-ti-shihni-te-pakten-nje-here\/","url":"https:\/\/kosovatimes.info\/index.php\/2026\/04\/27\/parqet-dhe-kopshtet-me-te-bukura-evropiane-qe-duhet-ti-shihni-te-pakten-nje-here\/","name":"Parqet dhe kopshtet m\u00eb t\u00eb bukura evropiane q\u00eb duhet t'i shihni t\u00eb pakt\u00ebn nj\u00eb her\u00eb - Kosova Times","isPartOf":{"@id":"https:\/\/kosovatimes.info\/#website"},"primaryImageOfPage":{"@id":"https:\/\/kosovatimes.info\/index.php\/2026\/04\/27\/parqet-dhe-kopshtet-me-te-bukura-evropiane-qe-duhet-ti-shihni-te-pakten-nje-here\/#primaryimage"},"image":{"@id":"https:\/\/kosovatimes.info\/index.php\/2026\/04\/27\/parqet-dhe-kopshtet-me-te-bukura-evropiane-qe-duhet-ti-shihni-te-pakten-nje-here\/#primaryimage"},"thumbnailUrl":"https:\/\/kosovatimes.info\/wp-content\/uploads\/2026\/04\/Parqet.jpg","datePublished":"2026-04-27T07:49:11+00:00","dateModified":"2026-04-27T07:49:14+00:00","author":{"@id":"https:\/\/kosovatimes.info\/#\/schema\/person\/7586712b9c512fe68085de007378c915"},"breadcrumb":{"@id":"https:\/\/kosovatimes.info\/index.php\/2026\/04\/27\/parqet-dhe-kopshtet-me-te-bukura-evropiane-qe-duhet-ti-shihni-te-pakten-nje-here\/#breadcrumb"},"inLanguage":"en-US","potentialAction":[{"@type":"ReadAction","target":["https:\/\/kosovatimes.info\/index.php\/2026\/04\/27\/parqet-dhe-kopshtet-me-te-bukura-evropiane-qe-duhet-ti-shihni-te-pakten-nje-here\/"]}]},{"@type":"ImageObject","inLanguage":"en-US","@id":"https:\/\/kosovatimes.info\/index.php\/2026\/04\/27\/parqet-dhe-kopshtet-me-te-bukura-evropiane-qe-duhet-ti-shihni-te-pakten-nje-here\/#primaryimage","url":"https:\/\/kosovatimes.info\/wp-content\/uploads\/2026\/04\/Parqet.jpg","contentUrl":"https:\/\/kosovatimes.info\/wp-content\/uploads\/2026\/04\/Parqet.jpg","width":750,"height":500,"caption":"Image: 1002848944, License: Rights-managed, Restrictions: , Model Release: no, Credit line: Konrad Zelazowski \/ Alamy \/ Profimedia"},{"@type":"BreadcrumbList","@id":"https:\/\/kosovatimes.info\/index.php\/2026\/04\/27\/parqet-dhe-kopshtet-me-te-bukura-evropiane-qe-duhet-ti-shihni-te-pakten-nje-here\/#breadcrumb","itemListElement":[{"@type":"ListItem","position":1,"name":"Home","item":"https:\/\/kosovatimes.info\/"},{"@type":"ListItem","position":2,"name":"Parqet dhe kopshtet m\u00eb t\u00eb bukura evropiane q\u00eb duhet t&#8217;i shihni t\u00eb pakt\u00ebn nj\u00eb her\u00eb"}]},{"@type":"WebSite","@id":"https:\/\/kosovatimes.info\/#website","url":"https:\/\/kosovatimes.info\/","name":"Kosova Times","description":"","potentialAction":[{"@type":"SearchAction","target":{"@type":"EntryPoint","urlTemplate":"https:\/\/kosovatimes.info\/?s={search_term_string}"},"query-input":{"@type":"PropertyValueSpecification","valueRequired":true,"valueName":"search_term_string"}}],"inLanguage":"en-US"},{"@type":"Person","@id":"https:\/\/kosovatimes.info\/#\/schema\/person\/7586712b9c512fe68085de007378c915","name":"i l","image":{"@type":"ImageObject","inLanguage":"en-US","@id":"https:\/\/secure.gravatar.com\/avatar\/bad9296e02816160ae2e2435beda58222022298d5625d49fea74d18816fbb31d?s=96&d=mm&r=g","url":"https:\/\/secure.gravatar.com\/avatar\/bad9296e02816160ae2e2435beda58222022298d5625d49fea74d18816fbb31d?s=96&d=mm&r=g","contentUrl":"https:\/\/secure.gravatar.com\/avatar\/bad9296e02816160ae2e2435beda58222022298d5625d49fea74d18816fbb31d?s=96&d=mm&r=g","caption":"i l"},"url":"https:\/\/kosovatimes.info\/index.php\/author\/iliri\/"}]}},"_links":{"self":[{"href":"https:\/\/kosovatimes.info\/index.php\/wp-json\/wp\/v2\/posts\/11983","targetHints":{"allow":["GET"]}}],"collection":[{"href":"https:\/\/kosovatimes.info\/index.php\/wp-json\/wp\/v2\/posts"}],"about":[{"href":"https:\/\/kosovatimes.info\/index.php\/wp-json\/wp\/v2\/types\/post"}],"author":[{"embeddable":true,"href":"https:\/\/kosovatimes.info\/index.php\/wp-json\/wp\/v2\/users\/4"}],"replies":[{"embeddable":true,"href":"https:\/\/kosovatimes.info\/index.php\/wp-json\/wp\/v2\/comments?post=11983"}],"version-history":[{"count":1,"href":"https:\/\/kosovatimes.info\/index.php\/wp-json\/wp\/v2\/posts\/11983\/revisions"}],"predecessor-version":[{"id":11985,"href":"https:\/\/kosovatimes.info\/index.php\/wp-json\/wp\/v2\/posts\/11983\/revisions\/11985"}],"wp:featuredmedia":[{"embeddable":true,"href":"https:\/\/kosovatimes.info\/index.php\/wp-json\/wp\/v2\/media\/11984"}],"wp:attachment":[{"href":"https:\/\/kosovatimes.info\/index.php\/wp-json\/wp\/v2\/media?parent=11983"}],"wp:term":[{"taxonomy":"category","embeddable":true,"href":"https:\/\/kosovatimes.info\/index.php\/wp-json\/wp\/v2\/categories?post=11983"},{"taxonomy":"post_tag","embeddable":true,"href":"https:\/\/kosovatimes.info\/index.php\/wp-json\/wp\/v2\/tags?post=11983"}],"curies":[{"name":"wp","href":"https:\/\/api.w.org\/{rel}","templated":true}]}}