{"id":11989,"date":"2026-04-27T09:54:46","date_gmt":"2026-04-27T07:54:46","guid":{"rendered":"https:\/\/kosovatimes.info\/?p=11989"},"modified":"2026-04-27T09:55:12","modified_gmt":"2026-04-27T07:55:12","slug":"as-mokasina-dhe-as-balerina-keto-kepuce-te-sheshta-jane-me-ne-trend-per-pranveren-2026","status":"publish","type":"post","link":"https:\/\/kosovatimes.info\/index.php\/2026\/04\/27\/as-mokasina-dhe-as-balerina-keto-kepuce-te-sheshta-jane-me-ne-trend-per-pranveren-2026\/","title":{"rendered":"As mokasina dhe as balerina &#8211; k\u00ebto k\u00ebpuc\u00eb t\u00eb sheshta jan\u00eb m\u00eb n\u00eb trend p\u00ebr pranver\u00ebn 2026"},"content":{"rendered":"\n<p><strong>Ky model u b\u00eb shpejt viral dhe \u00ebsht\u00eb ende n\u00eb krye t\u00eb listave t\u00eb d\u00ebshirave t\u00eb shum\u00eb fashionistave p\u00ebr vitin 2026.<\/strong>Ky vit \u00ebsht\u00eb b\u00ebr\u00eb zyrtarisht viti i k\u00ebpuc\u00ebve t\u00eb buta. Baletat minimaliste dhe\u00a0mokasinat \u00a0, por ka dal\u00eb nj\u00eb trend i ri i k\u00ebpuc\u00ebve t\u00eb sheshta q\u00eb po b\u00ebhet shpejt trendi &#8220;i&#8221; i vitit 2026. K\u00ebto jan\u00eb k\u00ebpuc\u00eb oxford t\u00eb buta, ve\u00e7an\u00ebrisht n\u00eb l\u00ebkur\u00eb t\u00eb bardh\u00eb.<\/p>\n\n\n\n<figure class=\"wp-block-image\" id=\"attachment_2820762\"><img decoding=\"async\" src=\"http:\/\/zadovoljna.nova.rs\/wp-content\/uploads\/2026\/04\/26\/1777189219-profimedia-1093664325-720x1024.jpg\" alt=\"Charlize Theron\" class=\"wp-image-2820762\"\/><\/figure>\n\n\n\n<p>Pik\u00ebrisht nj\u00eb model i till\u00eb \u00ebsht\u00eb veshur s\u00eb fundmi nga aktorja Charlize Theron, me nj\u00eb pulov\u00ebr dhe fund ngjyr\u00eb bezh\u00eb nga Bottega Veneta.<\/p>\n\n\n\n<figure class=\"wp-block-image\" id=\"attachment_2820757\"><img decoding=\"async\" src=\"http:\/\/zadovoljna.nova.rs\/wp-content\/uploads\/2026\/04\/26\/1777189205-profimedia-1093533333-683x1024.jpg\" alt=\"Charlize Theron\" class=\"wp-image-2820757\"\/><\/figure>\n\n\n\n<p>K\u00ebto k\u00ebpuc\u00eb kan\u00eb qen\u00eb pjes\u00eb e ofert\u00ebs s\u00eb vazhdueshme t\u00eb Repetto p\u00ebr vite me radh\u00eb, t\u00eb frym\u00ebzuara nga stili i grave franceze, por mania e v\u00ebrtet\u00eb filloi kur ato u shfaq\u00ebn n\u00eb sfilat\u00ebn e koleksionit debutues t\u00eb Michael Ryder p\u00ebr Celine, dhe m\u00eb pas p\u00ebrs\u00ebri n\u00eb sfilat\u00ebn e Celine p\u00ebr sezonin pranver\u00eb\/ver\u00eb 2026. N\u00eb ve\u00e7anti, modeli i l\u00ebkur\u00ebs s\u00eb bardh\u00eb u b\u00eb shpejt viral dhe \u00ebsht\u00eb ende n\u00eb krye t\u00eb listave t\u00eb d\u00ebshirave t\u00eb shum\u00eb adhuruesve t\u00eb mod\u00ebs p\u00ebr vitin 2026, shkruan\u00a0<br><a href=\"https:\/\/www.whowhatwear.com\/uk\/fashion\/celebrity-style\/soft-oxford-flat-shoe-trend-charlize-theron\" target=\"_blank\" rel=\"noreferrer noopener\">Who What Wear<\/a>\u00a0.<\/p>\n\n\n\n<p>Shum\u00eb marka t\u00eb tjera kan\u00eb p\u00ebrqafuar gjithashtu k\u00ebpuc\u00ebt Oxford t\u00eb buta k\u00ebt\u00eb vit, k\u00ebshtu q\u00eb ka shum\u00eb mund\u00ebsi n\u00eb kategori t\u00eb ndryshme \u00e7mimesh. Problemi i vet\u00ebm \u00ebsht\u00eb se ato shiten shum\u00eb shpejt.<\/p>\n\n\n\n<h2 class=\"wp-block-heading\">Trendet e k\u00ebpuc\u00ebve Oxford p\u00ebr pranver\u00ebn 2026.<\/h2>\n\n\n\n<h3 class=\"wp-block-heading\">I t\u00ebr\u00eb<\/h3>\n\n\n\n<figure class=\"wp-block-image\" id=\"attachment_2820782\"><img decoding=\"async\" src=\"http:\/\/zadovoljna.nova.rs\/wp-content\/uploads\/2026\/04\/26\/1777189571-CELINE-okfordice.webp\" alt=\"T\u00eb gjitha Oxford-et\" class=\"wp-image-2820782\"\/><figcaption class=\"wp-element-caption\">Foto: Promo\/Celine<\/figcaption><\/figure>\n\n\n\n<h3 class=\"wp-block-heading\">Mango<\/h3>\n\n\n\n<figure class=\"wp-block-image\" id=\"attachment_2820773\"><img decoding=\"async\" src=\"http:\/\/zadovoljna.nova.rs\/wp-content\/uploads\/2026\/04\/26\/1777189562-MANGO-oksfordice-732x1024.webp\" alt=\"Oksford me mango\" class=\"wp-image-2820773\"\/><figcaption class=\"wp-element-caption\">Foto: Promo\/Mango<\/figcaption><\/figure>\n\n\n\n<h3 class=\"wp-block-heading\">COS<\/h3>\n\n\n\n<figure class=\"wp-block-image\" id=\"attachment_2820776\"><img decoding=\"async\" src=\"http:\/\/zadovoljna.nova.rs\/wp-content\/uploads\/2026\/04\/26\/1777189564-COS-okfordice-683x1024.webp\" alt=\"\u00c7izme oksfordi COS\" class=\"wp-image-2820776\"\/><figcaption class=\"wp-element-caption\">Foto: Promo\/COS<\/figcaption><\/figure>\n\n\n\n<h3 class=\"wp-block-heading\">Zara<\/h3>\n\n\n\n<figure class=\"wp-block-image\" id=\"attachment_2820777\"><img decoding=\"async\" src=\"http:\/\/zadovoljna.nova.rs\/wp-content\/uploads\/2026\/04\/26\/1777189568-ZARA-okfordice-683x1024.webp\" alt=\"Zara oxfords\" class=\"wp-image-2820777\"\/><figcaption class=\"wp-element-caption\">Foto: Promo\/Zara<\/figcaption><\/figure>\n\n\n\n<h3 class=\"wp-block-heading\">Prada<\/h3>\n\n\n\n<figure class=\"wp-block-image\" id=\"attachment_2820771\"><img decoding=\"async\" src=\"http:\/\/zadovoljna.nova.rs\/wp-content\/uploads\/2026\/04\/26\/1777189560-Prada-oksfordice-906x1024.webp\" alt=\"Prada oxfords\" class=\"wp-image-2820771\"\/><\/figure>\n","protected":false},"excerpt":{"rendered":"<p>Ky model u b\u00eb shpejt viral dhe \u00ebsht\u00eb ende n\u00eb krye t\u00eb listave t\u00eb d\u00ebshirave t\u00eb shum\u00eb fashionistave p\u00ebr vitin 2026.Ky vit \u00ebsht\u00eb b\u00ebr\u00eb zyrtarisht viti i k\u00ebpuc\u00ebve t\u00eb buta. Baletat minimaliste dhe\u00a0mokasinat \u00a0, por ka dal\u00eb nj\u00eb trend i ri i k\u00ebpuc\u00ebve t\u00eb sheshta q\u00eb po b\u00ebhet shpejt trendi &#8220;i&#8221; i vitit 2026. K\u00ebto [&hellip;]<\/p>\n","protected":false},"author":4,"featured_media":11990,"comment_status":"open","ping_status":"open","sticky":false,"template":"","format":"standard","meta":{"footnotes":""},"categories":[40],"tags":[],"class_list":{"0":"post-11989","1":"post","2":"type-post","3":"status-publish","4":"format-standard","5":"has-post-thumbnail","7":"category-mode"},"yoast_head":"<!-- This site is optimized with the Yoast SEO plugin v27.4 - https:\/\/yoast.com\/product\/yoast-seo-wordpress\/ -->\n<title>As mokasina dhe as balerina - k\u00ebto k\u00ebpuc\u00eb t\u00eb sheshta jan\u00eb m\u00eb n\u00eb trend p\u00ebr pranver\u00ebn 2026 - Kosova Times<\/title>\n<meta name=\"robots\" content=\"index, follow, max-snippet:-1, max-image-preview:large, max-video-preview:-1\" \/>\n<link rel=\"canonical\" href=\"https:\/\/kosovatimes.info\/index.php\/2026\/04\/27\/as-mokasina-dhe-as-balerina-keto-kepuce-te-sheshta-jane-me-ne-trend-per-pranveren-2026\/\" \/>\n<meta property=\"og:locale\" content=\"en_US\" \/>\n<meta property=\"og:type\" content=\"article\" \/>\n<meta property=\"og:title\" content=\"As mokasina dhe as balerina - k\u00ebto k\u00ebpuc\u00eb t\u00eb sheshta jan\u00eb m\u00eb n\u00eb trend p\u00ebr pranver\u00ebn 2026 - Kosova Times\" \/>\n<meta property=\"og:description\" content=\"Ky model u b\u00eb shpejt viral dhe \u00ebsht\u00eb ende n\u00eb krye t\u00eb listave t\u00eb d\u00ebshirave t\u00eb shum\u00eb fashionistave p\u00ebr vitin 2026.Ky vit \u00ebsht\u00eb b\u00ebr\u00eb zyrtarisht viti i k\u00ebpuc\u00ebve t\u00eb buta. Baletat minimaliste dhe\u00a0mokasinat \u00a0, por ka dal\u00eb nj\u00eb trend i ri i k\u00ebpuc\u00ebve t\u00eb sheshta q\u00eb po b\u00ebhet shpejt trendi &#8220;i&#8221; i vitit 2026. K\u00ebto [&hellip;]\" \/>\n<meta property=\"og:url\" content=\"https:\/\/kosovatimes.info\/index.php\/2026\/04\/27\/as-mokasina-dhe-as-balerina-keto-kepuce-te-sheshta-jane-me-ne-trend-per-pranveren-2026\/\" \/>\n<meta property=\"og:site_name\" content=\"Kosova Times\" \/>\n<meta property=\"article:published_time\" content=\"2026-04-27T07:54:46+00:00\" \/>\n<meta property=\"article:modified_time\" content=\"2026-04-27T07:55:12+00:00\" \/>\n<meta property=\"og:image\" content=\"https:\/\/kosovatimes.info\/wp-content\/uploads\/2026\/04\/Kepuce.jpg\" \/>\n\t<meta property=\"og:image:width\" content=\"750\" \/>\n\t<meta property=\"og:image:height\" content=\"500\" \/>\n\t<meta property=\"og:image:type\" content=\"image\/jpeg\" \/>\n<meta name=\"author\" content=\"i l\" \/>\n<meta name=\"twitter:card\" content=\"summary_large_image\" \/>\n<meta name=\"twitter:label1\" content=\"Written by\" \/>\n\t<meta name=\"twitter:data1\" content=\"i l\" \/>\n\t<meta name=\"twitter:label2\" content=\"Est. reading time\" \/>\n\t<meta name=\"twitter:data2\" content=\"3 minutes\" \/>\n<script type=\"application\/ld+json\" class=\"yoast-schema-graph\">{\"@context\":\"https:\\\/\\\/schema.org\",\"@graph\":[{\"@type\":\"Article\",\"@id\":\"https:\\\/\\\/kosovatimes.info\\\/index.php\\\/2026\\\/04\\\/27\\\/as-mokasina-dhe-as-balerina-keto-kepuce-te-sheshta-jane-me-ne-trend-per-pranveren-2026\\\/#article\",\"isPartOf\":{\"@id\":\"https:\\\/\\\/kosovatimes.info\\\/index.php\\\/2026\\\/04\\\/27\\\/as-mokasina-dhe-as-balerina-keto-kepuce-te-sheshta-jane-me-ne-trend-per-pranveren-2026\\\/\"},\"author\":{\"name\":\"i l\",\"@id\":\"https:\\\/\\\/kosovatimes.info\\\/#\\\/schema\\\/person\\\/7586712b9c512fe68085de007378c915\"},\"headline\":\"As mokasina dhe as balerina &#8211; k\u00ebto k\u00ebpuc\u00eb t\u00eb sheshta jan\u00eb m\u00eb n\u00eb trend p\u00ebr pranver\u00ebn 2026\",\"datePublished\":\"2026-04-27T07:54:46+00:00\",\"dateModified\":\"2026-04-27T07:55:12+00:00\",\"mainEntityOfPage\":{\"@id\":\"https:\\\/\\\/kosovatimes.info\\\/index.php\\\/2026\\\/04\\\/27\\\/as-mokasina-dhe-as-balerina-keto-kepuce-te-sheshta-jane-me-ne-trend-per-pranveren-2026\\\/\"},\"wordCount\":293,\"commentCount\":0,\"image\":{\"@id\":\"https:\\\/\\\/kosovatimes.info\\\/index.php\\\/2026\\\/04\\\/27\\\/as-mokasina-dhe-as-balerina-keto-kepuce-te-sheshta-jane-me-ne-trend-per-pranveren-2026\\\/#primaryimage\"},\"thumbnailUrl\":\"https:\\\/\\\/kosovatimes.info\\\/wp-content\\\/uploads\\\/2026\\\/04\\\/Kepuce.jpg\",\"articleSection\":[\"Mod\u00eb\"],\"inLanguage\":\"en-US\",\"potentialAction\":[{\"@type\":\"CommentAction\",\"name\":\"Comment\",\"target\":[\"https:\\\/\\\/kosovatimes.info\\\/index.php\\\/2026\\\/04\\\/27\\\/as-mokasina-dhe-as-balerina-keto-kepuce-te-sheshta-jane-me-ne-trend-per-pranveren-2026\\\/#respond\"]}]},{\"@type\":\"WebPage\",\"@id\":\"https:\\\/\\\/kosovatimes.info\\\/index.php\\\/2026\\\/04\\\/27\\\/as-mokasina-dhe-as-balerina-keto-kepuce-te-sheshta-jane-me-ne-trend-per-pranveren-2026\\\/\",\"url\":\"https:\\\/\\\/kosovatimes.info\\\/index.php\\\/2026\\\/04\\\/27\\\/as-mokasina-dhe-as-balerina-keto-kepuce-te-sheshta-jane-me-ne-trend-per-pranveren-2026\\\/\",\"name\":\"As mokasina dhe as balerina - k\u00ebto k\u00ebpuc\u00eb t\u00eb sheshta jan\u00eb m\u00eb n\u00eb trend p\u00ebr pranver\u00ebn 2026 - Kosova Times\",\"isPartOf\":{\"@id\":\"https:\\\/\\\/kosovatimes.info\\\/#website\"},\"primaryImageOfPage\":{\"@id\":\"https:\\\/\\\/kosovatimes.info\\\/index.php\\\/2026\\\/04\\\/27\\\/as-mokasina-dhe-as-balerina-keto-kepuce-te-sheshta-jane-me-ne-trend-per-pranveren-2026\\\/#primaryimage\"},\"image\":{\"@id\":\"https:\\\/\\\/kosovatimes.info\\\/index.php\\\/2026\\\/04\\\/27\\\/as-mokasina-dhe-as-balerina-keto-kepuce-te-sheshta-jane-me-ne-trend-per-pranveren-2026\\\/#primaryimage\"},\"thumbnailUrl\":\"https:\\\/\\\/kosovatimes.info\\\/wp-content\\\/uploads\\\/2026\\\/04\\\/Kepuce.jpg\",\"datePublished\":\"2026-04-27T07:54:46+00:00\",\"dateModified\":\"2026-04-27T07:55:12+00:00\",\"author\":{\"@id\":\"https:\\\/\\\/kosovatimes.info\\\/#\\\/schema\\\/person\\\/7586712b9c512fe68085de007378c915\"},\"breadcrumb\":{\"@id\":\"https:\\\/\\\/kosovatimes.info\\\/index.php\\\/2026\\\/04\\\/27\\\/as-mokasina-dhe-as-balerina-keto-kepuce-te-sheshta-jane-me-ne-trend-per-pranveren-2026\\\/#breadcrumb\"},\"inLanguage\":\"en-US\",\"potentialAction\":[{\"@type\":\"ReadAction\",\"target\":[\"https:\\\/\\\/kosovatimes.info\\\/index.php\\\/2026\\\/04\\\/27\\\/as-mokasina-dhe-as-balerina-keto-kepuce-te-sheshta-jane-me-ne-trend-per-pranveren-2026\\\/\"]}]},{\"@type\":\"ImageObject\",\"inLanguage\":\"en-US\",\"@id\":\"https:\\\/\\\/kosovatimes.info\\\/index.php\\\/2026\\\/04\\\/27\\\/as-mokasina-dhe-as-balerina-keto-kepuce-te-sheshta-jane-me-ne-trend-per-pranveren-2026\\\/#primaryimage\",\"url\":\"https:\\\/\\\/kosovatimes.info\\\/wp-content\\\/uploads\\\/2026\\\/04\\\/Kepuce.jpg\",\"contentUrl\":\"https:\\\/\\\/kosovatimes.info\\\/wp-content\\\/uploads\\\/2026\\\/04\\\/Kepuce.jpg\",\"width\":750,\"height\":500},{\"@type\":\"BreadcrumbList\",\"@id\":\"https:\\\/\\\/kosovatimes.info\\\/index.php\\\/2026\\\/04\\\/27\\\/as-mokasina-dhe-as-balerina-keto-kepuce-te-sheshta-jane-me-ne-trend-per-pranveren-2026\\\/#breadcrumb\",\"itemListElement\":[{\"@type\":\"ListItem\",\"position\":1,\"name\":\"Home\",\"item\":\"https:\\\/\\\/kosovatimes.info\\\/\"},{\"@type\":\"ListItem\",\"position\":2,\"name\":\"As mokasina dhe as balerina &#8211; k\u00ebto k\u00ebpuc\u00eb t\u00eb sheshta jan\u00eb m\u00eb n\u00eb trend p\u00ebr pranver\u00ebn 2026\"}]},{\"@type\":\"WebSite\",\"@id\":\"https:\\\/\\\/kosovatimes.info\\\/#website\",\"url\":\"https:\\\/\\\/kosovatimes.info\\\/\",\"name\":\"Kosova Times\",\"description\":\"\",\"potentialAction\":[{\"@type\":\"SearchAction\",\"target\":{\"@type\":\"EntryPoint\",\"urlTemplate\":\"https:\\\/\\\/kosovatimes.info\\\/?s={search_term_string}\"},\"query-input\":{\"@type\":\"PropertyValueSpecification\",\"valueRequired\":true,\"valueName\":\"search_term_string\"}}],\"inLanguage\":\"en-US\"},{\"@type\":\"Person\",\"@id\":\"https:\\\/\\\/kosovatimes.info\\\/#\\\/schema\\\/person\\\/7586712b9c512fe68085de007378c915\",\"name\":\"i l\",\"image\":{\"@type\":\"ImageObject\",\"inLanguage\":\"en-US\",\"@id\":\"https:\\\/\\\/secure.gravatar.com\\\/avatar\\\/bad9296e02816160ae2e2435beda58222022298d5625d49fea74d18816fbb31d?s=96&d=mm&r=g\",\"url\":\"https:\\\/\\\/secure.gravatar.com\\\/avatar\\\/bad9296e02816160ae2e2435beda58222022298d5625d49fea74d18816fbb31d?s=96&d=mm&r=g\",\"contentUrl\":\"https:\\\/\\\/secure.gravatar.com\\\/avatar\\\/bad9296e02816160ae2e2435beda58222022298d5625d49fea74d18816fbb31d?s=96&d=mm&r=g\",\"caption\":\"i l\"},\"url\":\"https:\\\/\\\/kosovatimes.info\\\/index.php\\\/author\\\/iliri\\\/\"}]}<\/script>\n<!-- \/ Yoast SEO plugin. -->","yoast_head_json":{"title":"As mokasina dhe as balerina - k\u00ebto k\u00ebpuc\u00eb t\u00eb sheshta jan\u00eb m\u00eb n\u00eb trend p\u00ebr pranver\u00ebn 2026 - Kosova Times","robots":{"index":"index","follow":"follow","max-snippet":"max-snippet:-1","max-image-preview":"max-image-preview:large","max-video-preview":"max-video-preview:-1"},"canonical":"https:\/\/kosovatimes.info\/index.php\/2026\/04\/27\/as-mokasina-dhe-as-balerina-keto-kepuce-te-sheshta-jane-me-ne-trend-per-pranveren-2026\/","og_locale":"en_US","og_type":"article","og_title":"As mokasina dhe as balerina - k\u00ebto k\u00ebpuc\u00eb t\u00eb sheshta jan\u00eb m\u00eb n\u00eb trend p\u00ebr pranver\u00ebn 2026 - Kosova Times","og_description":"Ky model u b\u00eb shpejt viral dhe \u00ebsht\u00eb ende n\u00eb krye t\u00eb listave t\u00eb d\u00ebshirave t\u00eb shum\u00eb fashionistave p\u00ebr vitin 2026.Ky vit \u00ebsht\u00eb b\u00ebr\u00eb zyrtarisht viti i k\u00ebpuc\u00ebve t\u00eb buta. Baletat minimaliste dhe\u00a0mokasinat \u00a0, por ka dal\u00eb nj\u00eb trend i ri i k\u00ebpuc\u00ebve t\u00eb sheshta q\u00eb po b\u00ebhet shpejt trendi &#8220;i&#8221; i vitit 2026. K\u00ebto [&hellip;]","og_url":"https:\/\/kosovatimes.info\/index.php\/2026\/04\/27\/as-mokasina-dhe-as-balerina-keto-kepuce-te-sheshta-jane-me-ne-trend-per-pranveren-2026\/","og_site_name":"Kosova Times","article_published_time":"2026-04-27T07:54:46+00:00","article_modified_time":"2026-04-27T07:55:12+00:00","og_image":[{"width":750,"height":500,"url":"https:\/\/kosovatimes.info\/wp-content\/uploads\/2026\/04\/Kepuce.jpg","type":"image\/jpeg"}],"author":"i l","twitter_card":"summary_large_image","twitter_misc":{"Written by":"i l","Est. reading time":"3 minutes"},"schema":{"@context":"https:\/\/schema.org","@graph":[{"@type":"Article","@id":"https:\/\/kosovatimes.info\/index.php\/2026\/04\/27\/as-mokasina-dhe-as-balerina-keto-kepuce-te-sheshta-jane-me-ne-trend-per-pranveren-2026\/#article","isPartOf":{"@id":"https:\/\/kosovatimes.info\/index.php\/2026\/04\/27\/as-mokasina-dhe-as-balerina-keto-kepuce-te-sheshta-jane-me-ne-trend-per-pranveren-2026\/"},"author":{"name":"i l","@id":"https:\/\/kosovatimes.info\/#\/schema\/person\/7586712b9c512fe68085de007378c915"},"headline":"As mokasina dhe as balerina &#8211; k\u00ebto k\u00ebpuc\u00eb t\u00eb sheshta jan\u00eb m\u00eb n\u00eb trend p\u00ebr pranver\u00ebn 2026","datePublished":"2026-04-27T07:54:46+00:00","dateModified":"2026-04-27T07:55:12+00:00","mainEntityOfPage":{"@id":"https:\/\/kosovatimes.info\/index.php\/2026\/04\/27\/as-mokasina-dhe-as-balerina-keto-kepuce-te-sheshta-jane-me-ne-trend-per-pranveren-2026\/"},"wordCount":293,"commentCount":0,"image":{"@id":"https:\/\/kosovatimes.info\/index.php\/2026\/04\/27\/as-mokasina-dhe-as-balerina-keto-kepuce-te-sheshta-jane-me-ne-trend-per-pranveren-2026\/#primaryimage"},"thumbnailUrl":"https:\/\/kosovatimes.info\/wp-content\/uploads\/2026\/04\/Kepuce.jpg","articleSection":["Mod\u00eb"],"inLanguage":"en-US","potentialAction":[{"@type":"CommentAction","name":"Comment","target":["https:\/\/kosovatimes.info\/index.php\/2026\/04\/27\/as-mokasina-dhe-as-balerina-keto-kepuce-te-sheshta-jane-me-ne-trend-per-pranveren-2026\/#respond"]}]},{"@type":"WebPage","@id":"https:\/\/kosovatimes.info\/index.php\/2026\/04\/27\/as-mokasina-dhe-as-balerina-keto-kepuce-te-sheshta-jane-me-ne-trend-per-pranveren-2026\/","url":"https:\/\/kosovatimes.info\/index.php\/2026\/04\/27\/as-mokasina-dhe-as-balerina-keto-kepuce-te-sheshta-jane-me-ne-trend-per-pranveren-2026\/","name":"As mokasina dhe as balerina - k\u00ebto k\u00ebpuc\u00eb t\u00eb sheshta jan\u00eb m\u00eb n\u00eb trend p\u00ebr pranver\u00ebn 2026 - Kosova Times","isPartOf":{"@id":"https:\/\/kosovatimes.info\/#website"},"primaryImageOfPage":{"@id":"https:\/\/kosovatimes.info\/index.php\/2026\/04\/27\/as-mokasina-dhe-as-balerina-keto-kepuce-te-sheshta-jane-me-ne-trend-per-pranveren-2026\/#primaryimage"},"image":{"@id":"https:\/\/kosovatimes.info\/index.php\/2026\/04\/27\/as-mokasina-dhe-as-balerina-keto-kepuce-te-sheshta-jane-me-ne-trend-per-pranveren-2026\/#primaryimage"},"thumbnailUrl":"https:\/\/kosovatimes.info\/wp-content\/uploads\/2026\/04\/Kepuce.jpg","datePublished":"2026-04-27T07:54:46+00:00","dateModified":"2026-04-27T07:55:12+00:00","author":{"@id":"https:\/\/kosovatimes.info\/#\/schema\/person\/7586712b9c512fe68085de007378c915"},"breadcrumb":{"@id":"https:\/\/kosovatimes.info\/index.php\/2026\/04\/27\/as-mokasina-dhe-as-balerina-keto-kepuce-te-sheshta-jane-me-ne-trend-per-pranveren-2026\/#breadcrumb"},"inLanguage":"en-US","potentialAction":[{"@type":"ReadAction","target":["https:\/\/kosovatimes.info\/index.php\/2026\/04\/27\/as-mokasina-dhe-as-balerina-keto-kepuce-te-sheshta-jane-me-ne-trend-per-pranveren-2026\/"]}]},{"@type":"ImageObject","inLanguage":"en-US","@id":"https:\/\/kosovatimes.info\/index.php\/2026\/04\/27\/as-mokasina-dhe-as-balerina-keto-kepuce-te-sheshta-jane-me-ne-trend-per-pranveren-2026\/#primaryimage","url":"https:\/\/kosovatimes.info\/wp-content\/uploads\/2026\/04\/Kepuce.jpg","contentUrl":"https:\/\/kosovatimes.info\/wp-content\/uploads\/2026\/04\/Kepuce.jpg","width":750,"height":500},{"@type":"BreadcrumbList","@id":"https:\/\/kosovatimes.info\/index.php\/2026\/04\/27\/as-mokasina-dhe-as-balerina-keto-kepuce-te-sheshta-jane-me-ne-trend-per-pranveren-2026\/#breadcrumb","itemListElement":[{"@type":"ListItem","position":1,"name":"Home","item":"https:\/\/kosovatimes.info\/"},{"@type":"ListItem","position":2,"name":"As mokasina dhe as balerina &#8211; k\u00ebto k\u00ebpuc\u00eb t\u00eb sheshta jan\u00eb m\u00eb n\u00eb trend p\u00ebr pranver\u00ebn 2026"}]},{"@type":"WebSite","@id":"https:\/\/kosovatimes.info\/#website","url":"https:\/\/kosovatimes.info\/","name":"Kosova Times","description":"","potentialAction":[{"@type":"SearchAction","target":{"@type":"EntryPoint","urlTemplate":"https:\/\/kosovatimes.info\/?s={search_term_string}"},"query-input":{"@type":"PropertyValueSpecification","valueRequired":true,"valueName":"search_term_string"}}],"inLanguage":"en-US"},{"@type":"Person","@id":"https:\/\/kosovatimes.info\/#\/schema\/person\/7586712b9c512fe68085de007378c915","name":"i l","image":{"@type":"ImageObject","inLanguage":"en-US","@id":"https:\/\/secure.gravatar.com\/avatar\/bad9296e02816160ae2e2435beda58222022298d5625d49fea74d18816fbb31d?s=96&d=mm&r=g","url":"https:\/\/secure.gravatar.com\/avatar\/bad9296e02816160ae2e2435beda58222022298d5625d49fea74d18816fbb31d?s=96&d=mm&r=g","contentUrl":"https:\/\/secure.gravatar.com\/avatar\/bad9296e02816160ae2e2435beda58222022298d5625d49fea74d18816fbb31d?s=96&d=mm&r=g","caption":"i l"},"url":"https:\/\/kosovatimes.info\/index.php\/author\/iliri\/"}]}},"_links":{"self":[{"href":"https:\/\/kosovatimes.info\/index.php\/wp-json\/wp\/v2\/posts\/11989","targetHints":{"allow":["GET"]}}],"collection":[{"href":"https:\/\/kosovatimes.info\/index.php\/wp-json\/wp\/v2\/posts"}],"about":[{"href":"https:\/\/kosovatimes.info\/index.php\/wp-json\/wp\/v2\/types\/post"}],"author":[{"embeddable":true,"href":"https:\/\/kosovatimes.info\/index.php\/wp-json\/wp\/v2\/users\/4"}],"replies":[{"embeddable":true,"href":"https:\/\/kosovatimes.info\/index.php\/wp-json\/wp\/v2\/comments?post=11989"}],"version-history":[{"count":2,"href":"https:\/\/kosovatimes.info\/index.php\/wp-json\/wp\/v2\/posts\/11989\/revisions"}],"predecessor-version":[{"id":11992,"href":"https:\/\/kosovatimes.info\/index.php\/wp-json\/wp\/v2\/posts\/11989\/revisions\/11992"}],"wp:featuredmedia":[{"embeddable":true,"href":"https:\/\/kosovatimes.info\/index.php\/wp-json\/wp\/v2\/media\/11990"}],"wp:attachment":[{"href":"https:\/\/kosovatimes.info\/index.php\/wp-json\/wp\/v2\/media?parent=11989"}],"wp:term":[{"taxonomy":"category","embeddable":true,"href":"https:\/\/kosovatimes.info\/index.php\/wp-json\/wp\/v2\/categories?post=11989"},{"taxonomy":"post_tag","embeddable":true,"href":"https:\/\/kosovatimes.info\/index.php\/wp-json\/wp\/v2\/tags?post=11989"}],"curies":[{"name":"wp","href":"https:\/\/api.w.org\/{rel}","templated":true}]}}