{"id":11993,"date":"2026-04-27T09:42:00","date_gmt":"2026-04-27T07:42:00","guid":{"rendered":"https:\/\/kosovatimes.info\/?p=11993"},"modified":"2026-04-27T09:56:38","modified_gmt":"2026-04-27T07:56:38","slug":"be-shpreh-keqardhje-qe-serbia-ska-marre-hapa-ndaj-pergjegjesve-te-banjske","status":"publish","type":"post","link":"https:\/\/kosovatimes.info\/index.php\/2026\/04\/27\/be-shpreh-keqardhje-qe-serbia-ska-marre-hapa-ndaj-pergjegjesve-te-banjske\/","title":{"rendered":"BE shpreh keqardhje q\u00eb Serbia s\u2019ka marr\u00eb hapa ndaj p\u00ebrgjegj\u00ebsve t\u00eb Banjsk\u00eb"},"content":{"rendered":"\n<p><strong>Bashkimi Evropian ka shprehur keqardhje q\u00eb Serbia ende nuk ka nd\u00ebrmarr\u00eb hapat e nevojsh\u00ebm p\u00ebr t\u2019i sjell\u00eb para drejt\u00ebsis\u00eb p\u00ebrgjegj\u00ebsit p\u00ebr sulmet n\u00eb veri t\u00eb Kosov\u00ebs n\u00eb vitin 2023, pas vendimit t\u00eb fundit p\u00ebr rastin e Banjsk\u00ebs.<\/strong><\/p>\n\n\n\n<p>Nj\u00eb z\u00ebdh\u00ebn\u00ebs i Komisionit Evropian e b\u00ebri k\u00ebt\u00eb deklarat\u00eb duke komentuar vendimin e s\u00eb premtes t\u00eb Gjykat\u00ebs Themelore n\u00eb Prishtin\u00eb, me t\u00eb cilin tre serb\u00eb u shpall\u00ebn fajtor\u00eb p\u00ebr sulmin n\u00eb Banjsk\u00eb.<\/p>\n\n\n\n<p>Sipas vendimit t\u00eb gjykat\u00ebs, me burgim t\u00eb p\u00ebrjetsh\u00ebm jan\u00eb d\u00ebnuar Vlladimir Toliq dhe Bllagoje Spasojeviq, nd\u00ebrsa Dushan Maksimoviq \u00ebsht\u00eb d\u00ebnuar me 30 vjet burgim.<\/p>\n","protected":false},"excerpt":{"rendered":"<p>Bashkimi Evropian ka shprehur keqardhje q\u00eb Serbia ende nuk ka nd\u00ebrmarr\u00eb hapat e nevojsh\u00ebm p\u00ebr t\u2019i sjell\u00eb para drejt\u00ebsis\u00eb p\u00ebrgjegj\u00ebsit p\u00ebr sulmet n\u00eb veri t\u00eb Kosov\u00ebs n\u00eb vitin 2023, pas vendimit t\u00eb fundit p\u00ebr rastin e Banjsk\u00ebs. Nj\u00eb z\u00ebdh\u00ebn\u00ebs i Komisionit Evropian e b\u00ebri k\u00ebt\u00eb deklarat\u00eb duke komentuar vendimin e s\u00eb premtes t\u00eb Gjykat\u00ebs Themelore [&hellip;]<\/p>\n","protected":false},"author":4,"featured_media":11994,"comment_status":"open","ping_status":"open","sticky":false,"template":"","format":"standard","meta":{"footnotes":""},"categories":[31,30],"tags":[],"class_list":{"0":"post-11993","1":"post","2":"type-post","3":"status-publish","4":"format-standard","5":"has-post-thumbnail","7":"category-kosove","8":"category-lajme"},"yoast_head":"<!-- This site is optimized with the Yoast SEO plugin v27.4 - https:\/\/yoast.com\/product\/yoast-seo-wordpress\/ -->\n<title>BE shpreh keqardhje q\u00eb Serbia s\u2019ka marr\u00eb hapa ndaj p\u00ebrgjegj\u00ebsve t\u00eb Banjsk\u00eb - Kosova Times<\/title>\n<meta name=\"robots\" content=\"index, follow, max-snippet:-1, max-image-preview:large, max-video-preview:-1\" \/>\n<link rel=\"canonical\" href=\"https:\/\/kosovatimes.info\/index.php\/2026\/04\/27\/be-shpreh-keqardhje-qe-serbia-ska-marre-hapa-ndaj-pergjegjesve-te-banjske\/\" \/>\n<meta property=\"og:locale\" content=\"en_US\" \/>\n<meta property=\"og:type\" content=\"article\" \/>\n<meta property=\"og:title\" content=\"BE shpreh keqardhje q\u00eb Serbia s\u2019ka marr\u00eb hapa ndaj p\u00ebrgjegj\u00ebsve t\u00eb Banjsk\u00eb - Kosova Times\" \/>\n<meta property=\"og:description\" content=\"Bashkimi Evropian ka shprehur keqardhje q\u00eb Serbia ende nuk ka nd\u00ebrmarr\u00eb hapat e nevojsh\u00ebm p\u00ebr t\u2019i sjell\u00eb para drejt\u00ebsis\u00eb p\u00ebrgjegj\u00ebsit p\u00ebr sulmet n\u00eb veri t\u00eb Kosov\u00ebs n\u00eb vitin 2023, pas vendimit t\u00eb fundit p\u00ebr rastin e Banjsk\u00ebs. Nj\u00eb z\u00ebdh\u00ebn\u00ebs i Komisionit Evropian e b\u00ebri k\u00ebt\u00eb deklarat\u00eb duke komentuar vendimin e s\u00eb premtes t\u00eb Gjykat\u00ebs Themelore [&hellip;]\" \/>\n<meta property=\"og:url\" content=\"https:\/\/kosovatimes.info\/index.php\/2026\/04\/27\/be-shpreh-keqardhje-qe-serbia-ska-marre-hapa-ndaj-pergjegjesve-te-banjske\/\" \/>\n<meta property=\"og:site_name\" content=\"Kosova Times\" \/>\n<meta property=\"article:published_time\" content=\"2026-04-27T07:42:00+00:00\" \/>\n<meta property=\"article:modified_time\" content=\"2026-04-27T07:56:38+00:00\" \/>\n<meta property=\"og:image\" content=\"https:\/\/kosovatimes.info\/wp-content\/uploads\/2026\/04\/BE-1.jpg\" \/>\n\t<meta property=\"og:image:width\" content=\"780\" \/>\n\t<meta property=\"og:image:height\" content=\"500\" \/>\n\t<meta property=\"og:image:type\" content=\"image\/jpeg\" \/>\n<meta name=\"author\" content=\"i l\" \/>\n<meta name=\"twitter:card\" content=\"summary_large_image\" \/>\n<meta name=\"twitter:label1\" content=\"Written by\" \/>\n\t<meta name=\"twitter:data1\" content=\"i l\" \/>\n\t<meta name=\"twitter:label2\" content=\"Est. reading time\" \/>\n\t<meta name=\"twitter:data2\" content=\"1 minute\" \/>\n<script type=\"application\/ld+json\" class=\"yoast-schema-graph\">{\"@context\":\"https:\\\/\\\/schema.org\",\"@graph\":[{\"@type\":\"Article\",\"@id\":\"https:\\\/\\\/kosovatimes.info\\\/index.php\\\/2026\\\/04\\\/27\\\/be-shpreh-keqardhje-qe-serbia-ska-marre-hapa-ndaj-pergjegjesve-te-banjske\\\/#article\",\"isPartOf\":{\"@id\":\"https:\\\/\\\/kosovatimes.info\\\/index.php\\\/2026\\\/04\\\/27\\\/be-shpreh-keqardhje-qe-serbia-ska-marre-hapa-ndaj-pergjegjesve-te-banjske\\\/\"},\"author\":{\"name\":\"i l\",\"@id\":\"https:\\\/\\\/kosovatimes.info\\\/#\\\/schema\\\/person\\\/7586712b9c512fe68085de007378c915\"},\"headline\":\"BE shpreh keqardhje q\u00eb Serbia s\u2019ka marr\u00eb hapa ndaj p\u00ebrgjegj\u00ebsve t\u00eb Banjsk\u00eb\",\"datePublished\":\"2026-04-27T07:42:00+00:00\",\"dateModified\":\"2026-04-27T07:56:38+00:00\",\"mainEntityOfPage\":{\"@id\":\"https:\\\/\\\/kosovatimes.info\\\/index.php\\\/2026\\\/04\\\/27\\\/be-shpreh-keqardhje-qe-serbia-ska-marre-hapa-ndaj-pergjegjesve-te-banjske\\\/\"},\"wordCount\":131,\"commentCount\":0,\"image\":{\"@id\":\"https:\\\/\\\/kosovatimes.info\\\/index.php\\\/2026\\\/04\\\/27\\\/be-shpreh-keqardhje-qe-serbia-ska-marre-hapa-ndaj-pergjegjesve-te-banjske\\\/#primaryimage\"},\"thumbnailUrl\":\"https:\\\/\\\/kosovatimes.info\\\/wp-content\\\/uploads\\\/2026\\\/04\\\/BE-1.jpg\",\"articleSection\":[\"Kosov\u00eb\",\"Lajme\"],\"inLanguage\":\"en-US\",\"potentialAction\":[{\"@type\":\"CommentAction\",\"name\":\"Comment\",\"target\":[\"https:\\\/\\\/kosovatimes.info\\\/index.php\\\/2026\\\/04\\\/27\\\/be-shpreh-keqardhje-qe-serbia-ska-marre-hapa-ndaj-pergjegjesve-te-banjske\\\/#respond\"]}]},{\"@type\":\"WebPage\",\"@id\":\"https:\\\/\\\/kosovatimes.info\\\/index.php\\\/2026\\\/04\\\/27\\\/be-shpreh-keqardhje-qe-serbia-ska-marre-hapa-ndaj-pergjegjesve-te-banjske\\\/\",\"url\":\"https:\\\/\\\/kosovatimes.info\\\/index.php\\\/2026\\\/04\\\/27\\\/be-shpreh-keqardhje-qe-serbia-ska-marre-hapa-ndaj-pergjegjesve-te-banjske\\\/\",\"name\":\"BE shpreh keqardhje q\u00eb Serbia s\u2019ka marr\u00eb hapa ndaj p\u00ebrgjegj\u00ebsve t\u00eb Banjsk\u00eb - Kosova Times\",\"isPartOf\":{\"@id\":\"https:\\\/\\\/kosovatimes.info\\\/#website\"},\"primaryImageOfPage\":{\"@id\":\"https:\\\/\\\/kosovatimes.info\\\/index.php\\\/2026\\\/04\\\/27\\\/be-shpreh-keqardhje-qe-serbia-ska-marre-hapa-ndaj-pergjegjesve-te-banjske\\\/#primaryimage\"},\"image\":{\"@id\":\"https:\\\/\\\/kosovatimes.info\\\/index.php\\\/2026\\\/04\\\/27\\\/be-shpreh-keqardhje-qe-serbia-ska-marre-hapa-ndaj-pergjegjesve-te-banjske\\\/#primaryimage\"},\"thumbnailUrl\":\"https:\\\/\\\/kosovatimes.info\\\/wp-content\\\/uploads\\\/2026\\\/04\\\/BE-1.jpg\",\"datePublished\":\"2026-04-27T07:42:00+00:00\",\"dateModified\":\"2026-04-27T07:56:38+00:00\",\"author\":{\"@id\":\"https:\\\/\\\/kosovatimes.info\\\/#\\\/schema\\\/person\\\/7586712b9c512fe68085de007378c915\"},\"breadcrumb\":{\"@id\":\"https:\\\/\\\/kosovatimes.info\\\/index.php\\\/2026\\\/04\\\/27\\\/be-shpreh-keqardhje-qe-serbia-ska-marre-hapa-ndaj-pergjegjesve-te-banjske\\\/#breadcrumb\"},\"inLanguage\":\"en-US\",\"potentialAction\":[{\"@type\":\"ReadAction\",\"target\":[\"https:\\\/\\\/kosovatimes.info\\\/index.php\\\/2026\\\/04\\\/27\\\/be-shpreh-keqardhje-qe-serbia-ska-marre-hapa-ndaj-pergjegjesve-te-banjske\\\/\"]}]},{\"@type\":\"ImageObject\",\"inLanguage\":\"en-US\",\"@id\":\"https:\\\/\\\/kosovatimes.info\\\/index.php\\\/2026\\\/04\\\/27\\\/be-shpreh-keqardhje-qe-serbia-ska-marre-hapa-ndaj-pergjegjesve-te-banjske\\\/#primaryimage\",\"url\":\"https:\\\/\\\/kosovatimes.info\\\/wp-content\\\/uploads\\\/2026\\\/04\\\/BE-1.jpg\",\"contentUrl\":\"https:\\\/\\\/kosovatimes.info\\\/wp-content\\\/uploads\\\/2026\\\/04\\\/BE-1.jpg\",\"width\":780,\"height\":500},{\"@type\":\"BreadcrumbList\",\"@id\":\"https:\\\/\\\/kosovatimes.info\\\/index.php\\\/2026\\\/04\\\/27\\\/be-shpreh-keqardhje-qe-serbia-ska-marre-hapa-ndaj-pergjegjesve-te-banjske\\\/#breadcrumb\",\"itemListElement\":[{\"@type\":\"ListItem\",\"position\":1,\"name\":\"Home\",\"item\":\"https:\\\/\\\/kosovatimes.info\\\/\"},{\"@type\":\"ListItem\",\"position\":2,\"name\":\"BE shpreh keqardhje q\u00eb Serbia s\u2019ka marr\u00eb hapa ndaj p\u00ebrgjegj\u00ebsve t\u00eb Banjsk\u00eb\"}]},{\"@type\":\"WebSite\",\"@id\":\"https:\\\/\\\/kosovatimes.info\\\/#website\",\"url\":\"https:\\\/\\\/kosovatimes.info\\\/\",\"name\":\"Kosova Times\",\"description\":\"\",\"potentialAction\":[{\"@type\":\"SearchAction\",\"target\":{\"@type\":\"EntryPoint\",\"urlTemplate\":\"https:\\\/\\\/kosovatimes.info\\\/?s={search_term_string}\"},\"query-input\":{\"@type\":\"PropertyValueSpecification\",\"valueRequired\":true,\"valueName\":\"search_term_string\"}}],\"inLanguage\":\"en-US\"},{\"@type\":\"Person\",\"@id\":\"https:\\\/\\\/kosovatimes.info\\\/#\\\/schema\\\/person\\\/7586712b9c512fe68085de007378c915\",\"name\":\"i l\",\"image\":{\"@type\":\"ImageObject\",\"inLanguage\":\"en-US\",\"@id\":\"https:\\\/\\\/secure.gravatar.com\\\/avatar\\\/bad9296e02816160ae2e2435beda58222022298d5625d49fea74d18816fbb31d?s=96&d=mm&r=g\",\"url\":\"https:\\\/\\\/secure.gravatar.com\\\/avatar\\\/bad9296e02816160ae2e2435beda58222022298d5625d49fea74d18816fbb31d?s=96&d=mm&r=g\",\"contentUrl\":\"https:\\\/\\\/secure.gravatar.com\\\/avatar\\\/bad9296e02816160ae2e2435beda58222022298d5625d49fea74d18816fbb31d?s=96&d=mm&r=g\",\"caption\":\"i l\"},\"url\":\"https:\\\/\\\/kosovatimes.info\\\/index.php\\\/author\\\/iliri\\\/\"}]}<\/script>\n<!-- \/ Yoast SEO plugin. -->","yoast_head_json":{"title":"BE shpreh keqardhje q\u00eb Serbia s\u2019ka marr\u00eb hapa ndaj p\u00ebrgjegj\u00ebsve t\u00eb Banjsk\u00eb - Kosova Times","robots":{"index":"index","follow":"follow","max-snippet":"max-snippet:-1","max-image-preview":"max-image-preview:large","max-video-preview":"max-video-preview:-1"},"canonical":"https:\/\/kosovatimes.info\/index.php\/2026\/04\/27\/be-shpreh-keqardhje-qe-serbia-ska-marre-hapa-ndaj-pergjegjesve-te-banjske\/","og_locale":"en_US","og_type":"article","og_title":"BE shpreh keqardhje q\u00eb Serbia s\u2019ka marr\u00eb hapa ndaj p\u00ebrgjegj\u00ebsve t\u00eb Banjsk\u00eb - Kosova Times","og_description":"Bashkimi Evropian ka shprehur keqardhje q\u00eb Serbia ende nuk ka nd\u00ebrmarr\u00eb hapat e nevojsh\u00ebm p\u00ebr t\u2019i sjell\u00eb para drejt\u00ebsis\u00eb p\u00ebrgjegj\u00ebsit p\u00ebr sulmet n\u00eb veri t\u00eb Kosov\u00ebs n\u00eb vitin 2023, pas vendimit t\u00eb fundit p\u00ebr rastin e Banjsk\u00ebs. Nj\u00eb z\u00ebdh\u00ebn\u00ebs i Komisionit Evropian e b\u00ebri k\u00ebt\u00eb deklarat\u00eb duke komentuar vendimin e s\u00eb premtes t\u00eb Gjykat\u00ebs Themelore [&hellip;]","og_url":"https:\/\/kosovatimes.info\/index.php\/2026\/04\/27\/be-shpreh-keqardhje-qe-serbia-ska-marre-hapa-ndaj-pergjegjesve-te-banjske\/","og_site_name":"Kosova Times","article_published_time":"2026-04-27T07:42:00+00:00","article_modified_time":"2026-04-27T07:56:38+00:00","og_image":[{"width":780,"height":500,"url":"https:\/\/kosovatimes.info\/wp-content\/uploads\/2026\/04\/BE-1.jpg","type":"image\/jpeg"}],"author":"i l","twitter_card":"summary_large_image","twitter_misc":{"Written by":"i l","Est. reading time":"1 minute"},"schema":{"@context":"https:\/\/schema.org","@graph":[{"@type":"Article","@id":"https:\/\/kosovatimes.info\/index.php\/2026\/04\/27\/be-shpreh-keqardhje-qe-serbia-ska-marre-hapa-ndaj-pergjegjesve-te-banjske\/#article","isPartOf":{"@id":"https:\/\/kosovatimes.info\/index.php\/2026\/04\/27\/be-shpreh-keqardhje-qe-serbia-ska-marre-hapa-ndaj-pergjegjesve-te-banjske\/"},"author":{"name":"i l","@id":"https:\/\/kosovatimes.info\/#\/schema\/person\/7586712b9c512fe68085de007378c915"},"headline":"BE shpreh keqardhje q\u00eb Serbia s\u2019ka marr\u00eb hapa ndaj p\u00ebrgjegj\u00ebsve t\u00eb Banjsk\u00eb","datePublished":"2026-04-27T07:42:00+00:00","dateModified":"2026-04-27T07:56:38+00:00","mainEntityOfPage":{"@id":"https:\/\/kosovatimes.info\/index.php\/2026\/04\/27\/be-shpreh-keqardhje-qe-serbia-ska-marre-hapa-ndaj-pergjegjesve-te-banjske\/"},"wordCount":131,"commentCount":0,"image":{"@id":"https:\/\/kosovatimes.info\/index.php\/2026\/04\/27\/be-shpreh-keqardhje-qe-serbia-ska-marre-hapa-ndaj-pergjegjesve-te-banjske\/#primaryimage"},"thumbnailUrl":"https:\/\/kosovatimes.info\/wp-content\/uploads\/2026\/04\/BE-1.jpg","articleSection":["Kosov\u00eb","Lajme"],"inLanguage":"en-US","potentialAction":[{"@type":"CommentAction","name":"Comment","target":["https:\/\/kosovatimes.info\/index.php\/2026\/04\/27\/be-shpreh-keqardhje-qe-serbia-ska-marre-hapa-ndaj-pergjegjesve-te-banjske\/#respond"]}]},{"@type":"WebPage","@id":"https:\/\/kosovatimes.info\/index.php\/2026\/04\/27\/be-shpreh-keqardhje-qe-serbia-ska-marre-hapa-ndaj-pergjegjesve-te-banjske\/","url":"https:\/\/kosovatimes.info\/index.php\/2026\/04\/27\/be-shpreh-keqardhje-qe-serbia-ska-marre-hapa-ndaj-pergjegjesve-te-banjske\/","name":"BE shpreh keqardhje q\u00eb Serbia s\u2019ka marr\u00eb hapa ndaj p\u00ebrgjegj\u00ebsve t\u00eb Banjsk\u00eb - Kosova Times","isPartOf":{"@id":"https:\/\/kosovatimes.info\/#website"},"primaryImageOfPage":{"@id":"https:\/\/kosovatimes.info\/index.php\/2026\/04\/27\/be-shpreh-keqardhje-qe-serbia-ska-marre-hapa-ndaj-pergjegjesve-te-banjske\/#primaryimage"},"image":{"@id":"https:\/\/kosovatimes.info\/index.php\/2026\/04\/27\/be-shpreh-keqardhje-qe-serbia-ska-marre-hapa-ndaj-pergjegjesve-te-banjske\/#primaryimage"},"thumbnailUrl":"https:\/\/kosovatimes.info\/wp-content\/uploads\/2026\/04\/BE-1.jpg","datePublished":"2026-04-27T07:42:00+00:00","dateModified":"2026-04-27T07:56:38+00:00","author":{"@id":"https:\/\/kosovatimes.info\/#\/schema\/person\/7586712b9c512fe68085de007378c915"},"breadcrumb":{"@id":"https:\/\/kosovatimes.info\/index.php\/2026\/04\/27\/be-shpreh-keqardhje-qe-serbia-ska-marre-hapa-ndaj-pergjegjesve-te-banjske\/#breadcrumb"},"inLanguage":"en-US","potentialAction":[{"@type":"ReadAction","target":["https:\/\/kosovatimes.info\/index.php\/2026\/04\/27\/be-shpreh-keqardhje-qe-serbia-ska-marre-hapa-ndaj-pergjegjesve-te-banjske\/"]}]},{"@type":"ImageObject","inLanguage":"en-US","@id":"https:\/\/kosovatimes.info\/index.php\/2026\/04\/27\/be-shpreh-keqardhje-qe-serbia-ska-marre-hapa-ndaj-pergjegjesve-te-banjske\/#primaryimage","url":"https:\/\/kosovatimes.info\/wp-content\/uploads\/2026\/04\/BE-1.jpg","contentUrl":"https:\/\/kosovatimes.info\/wp-content\/uploads\/2026\/04\/BE-1.jpg","width":780,"height":500},{"@type":"BreadcrumbList","@id":"https:\/\/kosovatimes.info\/index.php\/2026\/04\/27\/be-shpreh-keqardhje-qe-serbia-ska-marre-hapa-ndaj-pergjegjesve-te-banjske\/#breadcrumb","itemListElement":[{"@type":"ListItem","position":1,"name":"Home","item":"https:\/\/kosovatimes.info\/"},{"@type":"ListItem","position":2,"name":"BE shpreh keqardhje q\u00eb Serbia s\u2019ka marr\u00eb hapa ndaj p\u00ebrgjegj\u00ebsve t\u00eb Banjsk\u00eb"}]},{"@type":"WebSite","@id":"https:\/\/kosovatimes.info\/#website","url":"https:\/\/kosovatimes.info\/","name":"Kosova Times","description":"","potentialAction":[{"@type":"SearchAction","target":{"@type":"EntryPoint","urlTemplate":"https:\/\/kosovatimes.info\/?s={search_term_string}"},"query-input":{"@type":"PropertyValueSpecification","valueRequired":true,"valueName":"search_term_string"}}],"inLanguage":"en-US"},{"@type":"Person","@id":"https:\/\/kosovatimes.info\/#\/schema\/person\/7586712b9c512fe68085de007378c915","name":"i l","image":{"@type":"ImageObject","inLanguage":"en-US","@id":"https:\/\/secure.gravatar.com\/avatar\/bad9296e02816160ae2e2435beda58222022298d5625d49fea74d18816fbb31d?s=96&d=mm&r=g","url":"https:\/\/secure.gravatar.com\/avatar\/bad9296e02816160ae2e2435beda58222022298d5625d49fea74d18816fbb31d?s=96&d=mm&r=g","contentUrl":"https:\/\/secure.gravatar.com\/avatar\/bad9296e02816160ae2e2435beda58222022298d5625d49fea74d18816fbb31d?s=96&d=mm&r=g","caption":"i l"},"url":"https:\/\/kosovatimes.info\/index.php\/author\/iliri\/"}]}},"_links":{"self":[{"href":"https:\/\/kosovatimes.info\/index.php\/wp-json\/wp\/v2\/posts\/11993","targetHints":{"allow":["GET"]}}],"collection":[{"href":"https:\/\/kosovatimes.info\/index.php\/wp-json\/wp\/v2\/posts"}],"about":[{"href":"https:\/\/kosovatimes.info\/index.php\/wp-json\/wp\/v2\/types\/post"}],"author":[{"embeddable":true,"href":"https:\/\/kosovatimes.info\/index.php\/wp-json\/wp\/v2\/users\/4"}],"replies":[{"embeddable":true,"href":"https:\/\/kosovatimes.info\/index.php\/wp-json\/wp\/v2\/comments?post=11993"}],"version-history":[{"count":1,"href":"https:\/\/kosovatimes.info\/index.php\/wp-json\/wp\/v2\/posts\/11993\/revisions"}],"predecessor-version":[{"id":11995,"href":"https:\/\/kosovatimes.info\/index.php\/wp-json\/wp\/v2\/posts\/11993\/revisions\/11995"}],"wp:featuredmedia":[{"embeddable":true,"href":"https:\/\/kosovatimes.info\/index.php\/wp-json\/wp\/v2\/media\/11994"}],"wp:attachment":[{"href":"https:\/\/kosovatimes.info\/index.php\/wp-json\/wp\/v2\/media?parent=11993"}],"wp:term":[{"taxonomy":"category","embeddable":true,"href":"https:\/\/kosovatimes.info\/index.php\/wp-json\/wp\/v2\/categories?post=11993"},{"taxonomy":"post_tag","embeddable":true,"href":"https:\/\/kosovatimes.info\/index.php\/wp-json\/wp\/v2\/tags?post=11993"}],"curies":[{"name":"wp","href":"https:\/\/api.w.org\/{rel}","templated":true}]}}