{"id":12020,"date":"2026-04-27T10:32:00","date_gmt":"2026-04-27T08:32:00","guid":{"rendered":"https:\/\/kosovatimes.info\/?p=12020"},"modified":"2026-04-27T10:36:32","modified_gmt":"2026-04-27T08:36:32","slug":"nje-delegacion-i-komitetit-ushtarak-te-nato-s-qendron-per-vizite-ne-kosove","status":"publish","type":"post","link":"https:\/\/kosovatimes.info\/index.php\/2026\/04\/27\/nje-delegacion-i-komitetit-ushtarak-te-nato-s-qendron-per-vizite-ne-kosove\/","title":{"rendered":"Nj\u00eb delegacion i Komitetit Ushtarak t\u00eb NATO-s q\u00ebndron p\u00ebr vizit\u00eb n\u00eb Kosov\u00eb"},"content":{"rendered":"\n<p><strong>Policia e Kosov\u00ebs ka njoftuar se sot dhe nes\u00ebr, n\u00eb Republik\u00ebn e Kosov\u00ebs do t\u00eb q\u00ebndroj\u00eb p\u00ebr vizit\u00eb zyrtare nj\u00eb delegacion i Komitetit Ushtarak t\u00eb NATO-s.<\/strong><\/p>\n\n\n\n<p>Sipas njoftimit, gjat\u00eb k\u00ebsaj vizite Policia e Kosov\u00ebs do t\u00eb angazhohet p\u00ebr ruajtjen e rendit dhe qet\u00ebsis\u00eb publike, si dhe p\u00ebr rregullimin e trafikut gjat\u00eb l\u00ebvizjes s\u00eb eskort\u00ebs dhe q\u00ebndrimit t\u00eb delegacionit n\u00eb vend.<\/p>\n\n\n\n<p>P\u00ebr t\u00eb mund\u00ebsuar qarkullimin e lir\u00eb t\u00eb eskort\u00ebs dhe zhvillimin e aktiviteteve sipas agjend\u00ebs zyrtare t\u00eb vizit\u00ebs, policia ka b\u00ebr\u00eb t\u00eb ditur se do t\u00eb ket\u00eb nd\u00ebrprerje t\u00eb p\u00ebrkohshme t\u00eb qarkullimit n\u00eb disa segmente rrugore.<\/p>\n\n\n\n<p>\u201cNd\u00ebrprerjet do t\u00eb jen\u00eb n\u00eb intervale t\u00eb shkurtra kohore n\u00eb rrug\u00ebt ku pritet t\u00eb kaloj\u00eb eskorta, nd\u00ebrsa sipas nevoj\u00ebs do t\u00eb b\u00ebhet edhe riorientimi i trafikut n\u00eb rrug\u00eb alternative\u201d, thuhet n\u00eb njoftim.<\/p>\n\n\n\n<p>Policia e Kosov\u00ebs ka k\u00ebrkuar mir\u00ebkuptim nga qytetar\u00ebt dhe pjes\u00ebmarr\u00ebsit n\u00eb trafik gjat\u00eb k\u00ebsaj periudhe.<\/p>\n","protected":false},"excerpt":{"rendered":"<p>Policia e Kosov\u00ebs ka njoftuar se sot dhe nes\u00ebr, n\u00eb Republik\u00ebn e Kosov\u00ebs do t\u00eb q\u00ebndroj\u00eb p\u00ebr vizit\u00eb zyrtare nj\u00eb delegacion i Komitetit Ushtarak t\u00eb NATO-s. Sipas njoftimit, gjat\u00eb k\u00ebsaj vizite Policia e Kosov\u00ebs do t\u00eb angazhohet p\u00ebr ruajtjen e rendit dhe qet\u00ebsis\u00eb publike, si dhe p\u00ebr rregullimin e trafikut gjat\u00eb l\u00ebvizjes s\u00eb eskort\u00ebs dhe [&hellip;]<\/p>\n","protected":false},"author":4,"featured_media":12021,"comment_status":"open","ping_status":"open","sticky":false,"template":"","format":"standard","meta":{"footnotes":""},"categories":[31,30],"tags":[],"class_list":{"0":"post-12020","1":"post","2":"type-post","3":"status-publish","4":"format-standard","5":"has-post-thumbnail","7":"category-kosove","8":"category-lajme"},"yoast_head":"<!-- This site is optimized with the Yoast SEO plugin v27.4 - https:\/\/yoast.com\/product\/yoast-seo-wordpress\/ -->\n<title>Nj\u00eb delegacion i Komitetit Ushtarak t\u00eb NATO-s q\u00ebndron p\u00ebr vizit\u00eb n\u00eb Kosov\u00eb - Kosova Times<\/title>\n<meta name=\"robots\" content=\"index, follow, max-snippet:-1, max-image-preview:large, max-video-preview:-1\" \/>\n<link rel=\"canonical\" href=\"https:\/\/kosovatimes.info\/index.php\/2026\/04\/27\/nje-delegacion-i-komitetit-ushtarak-te-nato-s-qendron-per-vizite-ne-kosove\/\" \/>\n<meta property=\"og:locale\" content=\"en_US\" \/>\n<meta property=\"og:type\" content=\"article\" \/>\n<meta property=\"og:title\" content=\"Nj\u00eb delegacion i Komitetit Ushtarak t\u00eb NATO-s q\u00ebndron p\u00ebr vizit\u00eb n\u00eb Kosov\u00eb - Kosova Times\" \/>\n<meta property=\"og:description\" content=\"Policia e Kosov\u00ebs ka njoftuar se sot dhe nes\u00ebr, n\u00eb Republik\u00ebn e Kosov\u00ebs do t\u00eb q\u00ebndroj\u00eb p\u00ebr vizit\u00eb zyrtare nj\u00eb delegacion i Komitetit Ushtarak t\u00eb NATO-s. Sipas njoftimit, gjat\u00eb k\u00ebsaj vizite Policia e Kosov\u00ebs do t\u00eb angazhohet p\u00ebr ruajtjen e rendit dhe qet\u00ebsis\u00eb publike, si dhe p\u00ebr rregullimin e trafikut gjat\u00eb l\u00ebvizjes s\u00eb eskort\u00ebs dhe [&hellip;]\" \/>\n<meta property=\"og:url\" content=\"https:\/\/kosovatimes.info\/index.php\/2026\/04\/27\/nje-delegacion-i-komitetit-ushtarak-te-nato-s-qendron-per-vizite-ne-kosove\/\" \/>\n<meta property=\"og:site_name\" content=\"Kosova Times\" \/>\n<meta property=\"article:published_time\" content=\"2026-04-27T08:32:00+00:00\" \/>\n<meta property=\"article:modified_time\" content=\"2026-04-27T08:36:32+00:00\" \/>\n<meta property=\"og:image\" content=\"https:\/\/kosovatimes.info\/wp-content\/uploads\/2026\/04\/NATO-1.jpg\" \/>\n\t<meta property=\"og:image:width\" content=\"780\" \/>\n\t<meta property=\"og:image:height\" content=\"500\" \/>\n\t<meta property=\"og:image:type\" content=\"image\/jpeg\" \/>\n<meta name=\"author\" content=\"i l\" \/>\n<meta name=\"twitter:card\" content=\"summary_large_image\" \/>\n<meta name=\"twitter:label1\" content=\"Written by\" \/>\n\t<meta name=\"twitter:data1\" content=\"i l\" \/>\n\t<meta name=\"twitter:label2\" content=\"Est. reading time\" \/>\n\t<meta name=\"twitter:data2\" content=\"1 minute\" \/>\n<script type=\"application\/ld+json\" class=\"yoast-schema-graph\">{\"@context\":\"https:\\\/\\\/schema.org\",\"@graph\":[{\"@type\":\"Article\",\"@id\":\"https:\\\/\\\/kosovatimes.info\\\/index.php\\\/2026\\\/04\\\/27\\\/nje-delegacion-i-komitetit-ushtarak-te-nato-s-qendron-per-vizite-ne-kosove\\\/#article\",\"isPartOf\":{\"@id\":\"https:\\\/\\\/kosovatimes.info\\\/index.php\\\/2026\\\/04\\\/27\\\/nje-delegacion-i-komitetit-ushtarak-te-nato-s-qendron-per-vizite-ne-kosove\\\/\"},\"author\":{\"name\":\"i l\",\"@id\":\"https:\\\/\\\/kosovatimes.info\\\/#\\\/schema\\\/person\\\/7586712b9c512fe68085de007378c915\"},\"headline\":\"Nj\u00eb delegacion i Komitetit Ushtarak t\u00eb NATO-s q\u00ebndron p\u00ebr vizit\u00eb n\u00eb Kosov\u00eb\",\"datePublished\":\"2026-04-27T08:32:00+00:00\",\"dateModified\":\"2026-04-27T08:36:32+00:00\",\"mainEntityOfPage\":{\"@id\":\"https:\\\/\\\/kosovatimes.info\\\/index.php\\\/2026\\\/04\\\/27\\\/nje-delegacion-i-komitetit-ushtarak-te-nato-s-qendron-per-vizite-ne-kosove\\\/\"},\"wordCount\":190,\"commentCount\":0,\"image\":{\"@id\":\"https:\\\/\\\/kosovatimes.info\\\/index.php\\\/2026\\\/04\\\/27\\\/nje-delegacion-i-komitetit-ushtarak-te-nato-s-qendron-per-vizite-ne-kosove\\\/#primaryimage\"},\"thumbnailUrl\":\"https:\\\/\\\/kosovatimes.info\\\/wp-content\\\/uploads\\\/2026\\\/04\\\/NATO-1.jpg\",\"articleSection\":[\"Kosov\u00eb\",\"Lajme\"],\"inLanguage\":\"en-US\",\"potentialAction\":[{\"@type\":\"CommentAction\",\"name\":\"Comment\",\"target\":[\"https:\\\/\\\/kosovatimes.info\\\/index.php\\\/2026\\\/04\\\/27\\\/nje-delegacion-i-komitetit-ushtarak-te-nato-s-qendron-per-vizite-ne-kosove\\\/#respond\"]}]},{\"@type\":\"WebPage\",\"@id\":\"https:\\\/\\\/kosovatimes.info\\\/index.php\\\/2026\\\/04\\\/27\\\/nje-delegacion-i-komitetit-ushtarak-te-nato-s-qendron-per-vizite-ne-kosove\\\/\",\"url\":\"https:\\\/\\\/kosovatimes.info\\\/index.php\\\/2026\\\/04\\\/27\\\/nje-delegacion-i-komitetit-ushtarak-te-nato-s-qendron-per-vizite-ne-kosove\\\/\",\"name\":\"Nj\u00eb delegacion i Komitetit Ushtarak t\u00eb NATO-s q\u00ebndron p\u00ebr vizit\u00eb n\u00eb Kosov\u00eb - Kosova Times\",\"isPartOf\":{\"@id\":\"https:\\\/\\\/kosovatimes.info\\\/#website\"},\"primaryImageOfPage\":{\"@id\":\"https:\\\/\\\/kosovatimes.info\\\/index.php\\\/2026\\\/04\\\/27\\\/nje-delegacion-i-komitetit-ushtarak-te-nato-s-qendron-per-vizite-ne-kosove\\\/#primaryimage\"},\"image\":{\"@id\":\"https:\\\/\\\/kosovatimes.info\\\/index.php\\\/2026\\\/04\\\/27\\\/nje-delegacion-i-komitetit-ushtarak-te-nato-s-qendron-per-vizite-ne-kosove\\\/#primaryimage\"},\"thumbnailUrl\":\"https:\\\/\\\/kosovatimes.info\\\/wp-content\\\/uploads\\\/2026\\\/04\\\/NATO-1.jpg\",\"datePublished\":\"2026-04-27T08:32:00+00:00\",\"dateModified\":\"2026-04-27T08:36:32+00:00\",\"author\":{\"@id\":\"https:\\\/\\\/kosovatimes.info\\\/#\\\/schema\\\/person\\\/7586712b9c512fe68085de007378c915\"},\"breadcrumb\":{\"@id\":\"https:\\\/\\\/kosovatimes.info\\\/index.php\\\/2026\\\/04\\\/27\\\/nje-delegacion-i-komitetit-ushtarak-te-nato-s-qendron-per-vizite-ne-kosove\\\/#breadcrumb\"},\"inLanguage\":\"en-US\",\"potentialAction\":[{\"@type\":\"ReadAction\",\"target\":[\"https:\\\/\\\/kosovatimes.info\\\/index.php\\\/2026\\\/04\\\/27\\\/nje-delegacion-i-komitetit-ushtarak-te-nato-s-qendron-per-vizite-ne-kosove\\\/\"]}]},{\"@type\":\"ImageObject\",\"inLanguage\":\"en-US\",\"@id\":\"https:\\\/\\\/kosovatimes.info\\\/index.php\\\/2026\\\/04\\\/27\\\/nje-delegacion-i-komitetit-ushtarak-te-nato-s-qendron-per-vizite-ne-kosove\\\/#primaryimage\",\"url\":\"https:\\\/\\\/kosovatimes.info\\\/wp-content\\\/uploads\\\/2026\\\/04\\\/NATO-1.jpg\",\"contentUrl\":\"https:\\\/\\\/kosovatimes.info\\\/wp-content\\\/uploads\\\/2026\\\/04\\\/NATO-1.jpg\",\"width\":780,\"height\":500},{\"@type\":\"BreadcrumbList\",\"@id\":\"https:\\\/\\\/kosovatimes.info\\\/index.php\\\/2026\\\/04\\\/27\\\/nje-delegacion-i-komitetit-ushtarak-te-nato-s-qendron-per-vizite-ne-kosove\\\/#breadcrumb\",\"itemListElement\":[{\"@type\":\"ListItem\",\"position\":1,\"name\":\"Home\",\"item\":\"https:\\\/\\\/kosovatimes.info\\\/\"},{\"@type\":\"ListItem\",\"position\":2,\"name\":\"Nj\u00eb delegacion i Komitetit Ushtarak t\u00eb NATO-s q\u00ebndron p\u00ebr vizit\u00eb n\u00eb Kosov\u00eb\"}]},{\"@type\":\"WebSite\",\"@id\":\"https:\\\/\\\/kosovatimes.info\\\/#website\",\"url\":\"https:\\\/\\\/kosovatimes.info\\\/\",\"name\":\"Kosova Times\",\"description\":\"\",\"potentialAction\":[{\"@type\":\"SearchAction\",\"target\":{\"@type\":\"EntryPoint\",\"urlTemplate\":\"https:\\\/\\\/kosovatimes.info\\\/?s={search_term_string}\"},\"query-input\":{\"@type\":\"PropertyValueSpecification\",\"valueRequired\":true,\"valueName\":\"search_term_string\"}}],\"inLanguage\":\"en-US\"},{\"@type\":\"Person\",\"@id\":\"https:\\\/\\\/kosovatimes.info\\\/#\\\/schema\\\/person\\\/7586712b9c512fe68085de007378c915\",\"name\":\"i l\",\"image\":{\"@type\":\"ImageObject\",\"inLanguage\":\"en-US\",\"@id\":\"https:\\\/\\\/secure.gravatar.com\\\/avatar\\\/bad9296e02816160ae2e2435beda58222022298d5625d49fea74d18816fbb31d?s=96&d=mm&r=g\",\"url\":\"https:\\\/\\\/secure.gravatar.com\\\/avatar\\\/bad9296e02816160ae2e2435beda58222022298d5625d49fea74d18816fbb31d?s=96&d=mm&r=g\",\"contentUrl\":\"https:\\\/\\\/secure.gravatar.com\\\/avatar\\\/bad9296e02816160ae2e2435beda58222022298d5625d49fea74d18816fbb31d?s=96&d=mm&r=g\",\"caption\":\"i l\"},\"url\":\"https:\\\/\\\/kosovatimes.info\\\/index.php\\\/author\\\/iliri\\\/\"}]}<\/script>\n<!-- \/ Yoast SEO plugin. -->","yoast_head_json":{"title":"Nj\u00eb delegacion i Komitetit Ushtarak t\u00eb NATO-s q\u00ebndron p\u00ebr vizit\u00eb n\u00eb Kosov\u00eb - Kosova Times","robots":{"index":"index","follow":"follow","max-snippet":"max-snippet:-1","max-image-preview":"max-image-preview:large","max-video-preview":"max-video-preview:-1"},"canonical":"https:\/\/kosovatimes.info\/index.php\/2026\/04\/27\/nje-delegacion-i-komitetit-ushtarak-te-nato-s-qendron-per-vizite-ne-kosove\/","og_locale":"en_US","og_type":"article","og_title":"Nj\u00eb delegacion i Komitetit Ushtarak t\u00eb NATO-s q\u00ebndron p\u00ebr vizit\u00eb n\u00eb Kosov\u00eb - Kosova Times","og_description":"Policia e Kosov\u00ebs ka njoftuar se sot dhe nes\u00ebr, n\u00eb Republik\u00ebn e Kosov\u00ebs do t\u00eb q\u00ebndroj\u00eb p\u00ebr vizit\u00eb zyrtare nj\u00eb delegacion i Komitetit Ushtarak t\u00eb NATO-s. Sipas njoftimit, gjat\u00eb k\u00ebsaj vizite Policia e Kosov\u00ebs do t\u00eb angazhohet p\u00ebr ruajtjen e rendit dhe qet\u00ebsis\u00eb publike, si dhe p\u00ebr rregullimin e trafikut gjat\u00eb l\u00ebvizjes s\u00eb eskort\u00ebs dhe [&hellip;]","og_url":"https:\/\/kosovatimes.info\/index.php\/2026\/04\/27\/nje-delegacion-i-komitetit-ushtarak-te-nato-s-qendron-per-vizite-ne-kosove\/","og_site_name":"Kosova Times","article_published_time":"2026-04-27T08:32:00+00:00","article_modified_time":"2026-04-27T08:36:32+00:00","og_image":[{"width":780,"height":500,"url":"https:\/\/kosovatimes.info\/wp-content\/uploads\/2026\/04\/NATO-1.jpg","type":"image\/jpeg"}],"author":"i l","twitter_card":"summary_large_image","twitter_misc":{"Written by":"i l","Est. reading time":"1 minute"},"schema":{"@context":"https:\/\/schema.org","@graph":[{"@type":"Article","@id":"https:\/\/kosovatimes.info\/index.php\/2026\/04\/27\/nje-delegacion-i-komitetit-ushtarak-te-nato-s-qendron-per-vizite-ne-kosove\/#article","isPartOf":{"@id":"https:\/\/kosovatimes.info\/index.php\/2026\/04\/27\/nje-delegacion-i-komitetit-ushtarak-te-nato-s-qendron-per-vizite-ne-kosove\/"},"author":{"name":"i l","@id":"https:\/\/kosovatimes.info\/#\/schema\/person\/7586712b9c512fe68085de007378c915"},"headline":"Nj\u00eb delegacion i Komitetit Ushtarak t\u00eb NATO-s q\u00ebndron p\u00ebr vizit\u00eb n\u00eb Kosov\u00eb","datePublished":"2026-04-27T08:32:00+00:00","dateModified":"2026-04-27T08:36:32+00:00","mainEntityOfPage":{"@id":"https:\/\/kosovatimes.info\/index.php\/2026\/04\/27\/nje-delegacion-i-komitetit-ushtarak-te-nato-s-qendron-per-vizite-ne-kosove\/"},"wordCount":190,"commentCount":0,"image":{"@id":"https:\/\/kosovatimes.info\/index.php\/2026\/04\/27\/nje-delegacion-i-komitetit-ushtarak-te-nato-s-qendron-per-vizite-ne-kosove\/#primaryimage"},"thumbnailUrl":"https:\/\/kosovatimes.info\/wp-content\/uploads\/2026\/04\/NATO-1.jpg","articleSection":["Kosov\u00eb","Lajme"],"inLanguage":"en-US","potentialAction":[{"@type":"CommentAction","name":"Comment","target":["https:\/\/kosovatimes.info\/index.php\/2026\/04\/27\/nje-delegacion-i-komitetit-ushtarak-te-nato-s-qendron-per-vizite-ne-kosove\/#respond"]}]},{"@type":"WebPage","@id":"https:\/\/kosovatimes.info\/index.php\/2026\/04\/27\/nje-delegacion-i-komitetit-ushtarak-te-nato-s-qendron-per-vizite-ne-kosove\/","url":"https:\/\/kosovatimes.info\/index.php\/2026\/04\/27\/nje-delegacion-i-komitetit-ushtarak-te-nato-s-qendron-per-vizite-ne-kosove\/","name":"Nj\u00eb delegacion i Komitetit Ushtarak t\u00eb NATO-s q\u00ebndron p\u00ebr vizit\u00eb n\u00eb Kosov\u00eb - Kosova Times","isPartOf":{"@id":"https:\/\/kosovatimes.info\/#website"},"primaryImageOfPage":{"@id":"https:\/\/kosovatimes.info\/index.php\/2026\/04\/27\/nje-delegacion-i-komitetit-ushtarak-te-nato-s-qendron-per-vizite-ne-kosove\/#primaryimage"},"image":{"@id":"https:\/\/kosovatimes.info\/index.php\/2026\/04\/27\/nje-delegacion-i-komitetit-ushtarak-te-nato-s-qendron-per-vizite-ne-kosove\/#primaryimage"},"thumbnailUrl":"https:\/\/kosovatimes.info\/wp-content\/uploads\/2026\/04\/NATO-1.jpg","datePublished":"2026-04-27T08:32:00+00:00","dateModified":"2026-04-27T08:36:32+00:00","author":{"@id":"https:\/\/kosovatimes.info\/#\/schema\/person\/7586712b9c512fe68085de007378c915"},"breadcrumb":{"@id":"https:\/\/kosovatimes.info\/index.php\/2026\/04\/27\/nje-delegacion-i-komitetit-ushtarak-te-nato-s-qendron-per-vizite-ne-kosove\/#breadcrumb"},"inLanguage":"en-US","potentialAction":[{"@type":"ReadAction","target":["https:\/\/kosovatimes.info\/index.php\/2026\/04\/27\/nje-delegacion-i-komitetit-ushtarak-te-nato-s-qendron-per-vizite-ne-kosove\/"]}]},{"@type":"ImageObject","inLanguage":"en-US","@id":"https:\/\/kosovatimes.info\/index.php\/2026\/04\/27\/nje-delegacion-i-komitetit-ushtarak-te-nato-s-qendron-per-vizite-ne-kosove\/#primaryimage","url":"https:\/\/kosovatimes.info\/wp-content\/uploads\/2026\/04\/NATO-1.jpg","contentUrl":"https:\/\/kosovatimes.info\/wp-content\/uploads\/2026\/04\/NATO-1.jpg","width":780,"height":500},{"@type":"BreadcrumbList","@id":"https:\/\/kosovatimes.info\/index.php\/2026\/04\/27\/nje-delegacion-i-komitetit-ushtarak-te-nato-s-qendron-per-vizite-ne-kosove\/#breadcrumb","itemListElement":[{"@type":"ListItem","position":1,"name":"Home","item":"https:\/\/kosovatimes.info\/"},{"@type":"ListItem","position":2,"name":"Nj\u00eb delegacion i Komitetit Ushtarak t\u00eb NATO-s q\u00ebndron p\u00ebr vizit\u00eb n\u00eb Kosov\u00eb"}]},{"@type":"WebSite","@id":"https:\/\/kosovatimes.info\/#website","url":"https:\/\/kosovatimes.info\/","name":"Kosova Times","description":"","potentialAction":[{"@type":"SearchAction","target":{"@type":"EntryPoint","urlTemplate":"https:\/\/kosovatimes.info\/?s={search_term_string}"},"query-input":{"@type":"PropertyValueSpecification","valueRequired":true,"valueName":"search_term_string"}}],"inLanguage":"en-US"},{"@type":"Person","@id":"https:\/\/kosovatimes.info\/#\/schema\/person\/7586712b9c512fe68085de007378c915","name":"i l","image":{"@type":"ImageObject","inLanguage":"en-US","@id":"https:\/\/secure.gravatar.com\/avatar\/bad9296e02816160ae2e2435beda58222022298d5625d49fea74d18816fbb31d?s=96&d=mm&r=g","url":"https:\/\/secure.gravatar.com\/avatar\/bad9296e02816160ae2e2435beda58222022298d5625d49fea74d18816fbb31d?s=96&d=mm&r=g","contentUrl":"https:\/\/secure.gravatar.com\/avatar\/bad9296e02816160ae2e2435beda58222022298d5625d49fea74d18816fbb31d?s=96&d=mm&r=g","caption":"i l"},"url":"https:\/\/kosovatimes.info\/index.php\/author\/iliri\/"}]}},"_links":{"self":[{"href":"https:\/\/kosovatimes.info\/index.php\/wp-json\/wp\/v2\/posts\/12020","targetHints":{"allow":["GET"]}}],"collection":[{"href":"https:\/\/kosovatimes.info\/index.php\/wp-json\/wp\/v2\/posts"}],"about":[{"href":"https:\/\/kosovatimes.info\/index.php\/wp-json\/wp\/v2\/types\/post"}],"author":[{"embeddable":true,"href":"https:\/\/kosovatimes.info\/index.php\/wp-json\/wp\/v2\/users\/4"}],"replies":[{"embeddable":true,"href":"https:\/\/kosovatimes.info\/index.php\/wp-json\/wp\/v2\/comments?post=12020"}],"version-history":[{"count":1,"href":"https:\/\/kosovatimes.info\/index.php\/wp-json\/wp\/v2\/posts\/12020\/revisions"}],"predecessor-version":[{"id":12022,"href":"https:\/\/kosovatimes.info\/index.php\/wp-json\/wp\/v2\/posts\/12020\/revisions\/12022"}],"wp:featuredmedia":[{"embeddable":true,"href":"https:\/\/kosovatimes.info\/index.php\/wp-json\/wp\/v2\/media\/12021"}],"wp:attachment":[{"href":"https:\/\/kosovatimes.info\/index.php\/wp-json\/wp\/v2\/media?parent=12020"}],"wp:term":[{"taxonomy":"category","embeddable":true,"href":"https:\/\/kosovatimes.info\/index.php\/wp-json\/wp\/v2\/categories?post=12020"},{"taxonomy":"post_tag","embeddable":true,"href":"https:\/\/kosovatimes.info\/index.php\/wp-json\/wp\/v2\/tags?post=12020"}],"curies":[{"name":"wp","href":"https:\/\/api.w.org\/{rel}","templated":true}]}}