{"id":12026,"date":"2026-04-27T11:31:00","date_gmt":"2026-04-27T09:31:00","guid":{"rendered":"https:\/\/kosovatimes.info\/?p=12026"},"modified":"2026-04-27T13:14:34","modified_gmt":"2026-04-27T11:14:34","slug":"behrami-kerkon-raportim-te-trendafiloves-kundershtohet-nga-selimi","status":"publish","type":"post","link":"https:\/\/kosovatimes.info\/index.php\/2026\/04\/27\/behrami-kerkon-raportim-te-trendafiloves-kundershtohet-nga-selimi\/","title":{"rendered":"Behrami k\u00ebrkon raportim t\u00eb Trendafilov\u00ebs, kund\u00ebrshtohet nga Selimi"},"content":{"rendered":"\n<p><a target=\"_blank\" href=\"https:\/\/www.linkedin.com\/shareArticle?mini=true&amp;url=https%3A%2F%2Fwww.rtklive.com%2Fsq%2Fnews-single.php%3FID%3D723209\" rel=\"noreferrer noopener\"><\/a><\/p>\n\n\n\n<h2 class=\"wp-block-heading\"><strong>N\u00eb mbledhjen e Komisionit p\u00ebr t\u00eb Drejtat e Njeriut, Barazi Gjinore, Pun\u00eb, Familje, Vlerat e Luft\u00ebs \u00c7lirimtare dhe Peticione n\u00eb Kuvendin e Kosov\u00ebs \u00ebsht\u00eb ngritur debat p\u00ebr mund\u00ebsin\u00eb e thirrjes p\u00ebr raportim t\u00eb kryetares s\u00eb Dhomave t\u00eb Specializuara n\u00eb Hag\u00eb, Ekaterina Trendafilova.<\/strong><\/h2>\n\n\n\n<p>Propozimi \u00ebsht\u00eb b\u00ebr\u00eb nga an\u00ebtari i k\u00ebtij komisioni nga PDK-ja, Artan Behrami, i cili ka argumentuar se ekzistojn\u00eb shqet\u00ebsime p\u00ebr shkelje t\u00eb t\u00eb drejtave t\u00eb njeriut dhe devijim nga mandati i gjykat\u00ebs.<\/p>\n\n\n\n<p>Gjat\u00eb mbledhjes s\u00eb komisionit, Behrami argumentoi se gjat\u00eb gjasht\u00eb viteve t\u00eb funksionimit t\u00eb k\u00ebsaj gjykate, sipas tij, ka pasur \u201cdevijim nga mandati\u201d dhe shqet\u00ebsime t\u00eb shumta p\u00ebr t\u00eb drejtat e njeriut t\u00eb t\u00eb paraburgosurve n\u00eb Hag\u00eb.<\/p>\n\n\n\n<p>\u201cN\u00eb k\u00ebto gjasht\u00eb vite kemi qen\u00eb d\u00ebshmitar\u00eb t\u00eb nj\u00eb devijimi shum\u00eb t\u00eb madh t\u00eb mandatit. Ka shqet\u00ebsime serioze p\u00ebr cenim t\u00eb t\u00eb drejtave t\u00eb njeriut t\u00eb t\u00eb paraburgosurve\u201d, tha Behrami, duke shtuar se raportimi nuk do t\u00eb n\u00ebnkuptonte nd\u00ebrhyrje n\u00eb drejt\u00ebsi, por \u201cndri\u00e7im t\u00eb s\u00eb v\u00ebrtet\u00ebs\u201d.<\/p>\n\n\n\n<p>Ai theksoi gjithashtu se gjykata, sipas tij, nuk i raporton Kuvendit t\u00eb Kosov\u00ebs, por p\u00ebrmes EULEX-it dhe UNMIK-ut, duke e cil\u00ebsuar k\u00ebt\u00eb si problematik\u00eb institucionale. Behrami renditi edhe nj\u00eb s\u00ebr\u00eb pretendimesh p\u00ebr shkelje, p\u00ebrfshir\u00eb paraburgimin e zgjatur, munges\u00ebn e transparenc\u00ebs, kufizimin e vizitave dhe munges\u00ebn e mekanizmave t\u00eb pavarur t\u00eb ankes\u00ebs.<\/p>\n\n\n\n<p>\u201cNe nuk synojm\u00eb t\u00eb nd\u00ebrhyjm\u00eb n\u00eb drejt\u00ebsi, por t\u00eb kuptojm\u00eb n\u00ebse jan\u00eb respektuar t\u00eb drejtat e njeriut\u201d, u shpreh ai.<\/p>\n\n\n\n<p>Ndaj k\u00ebtij propozimi reagoi deputetja e L\u00ebvizjes Vet\u00ebvendosje, Shqipe Selimi, e cila vuri n\u00eb dyshim kompetencat e Kuvendit p\u00ebr t\u00eb thirrur p\u00ebr raportim Dhomat e Specializuara.<\/p>\n\n\n\n<p>Sipas saj, gjykatat nuk raportojn\u00eb p\u00ebr raste konkrete q\u00eb jan\u00eb n\u00eb proces dhe Dhomat e Specializuara kan\u00eb status t\u00eb ve\u00e7ant\u00eb juridik nd\u00ebrkomb\u00ebtar.<\/p>\n\n\n\n<p>\u201cEdhe m\u00eb lejoni t\u2019ju rikujtoj se Kuvendi nuk ka kompetenc\u00eb mbik\u00ebqyrjeje direkte p\u00ebr k\u00ebt\u00eb institucion\u201d, tha Selimi, duke cituar edhe nenet e ligjit p\u00ebr Dhomat e Specializuara q\u00eb i japin supremaci k\u00ebtij institucioni mbi ligjet vendore.<\/p>\n\n\n\n<p>Ajo shtoi se gjykatat n\u00eb Kosov\u00eb nuk thirren p\u00ebr raportim mbi proceset gjyq\u00ebsore dhe se e nj\u00ebjta praktik\u00eb vlen edhe p\u00ebr Dhomat e Specializuara.<\/p>\n\n\n\n<p>\u201cProcesin n\u00eb Hag\u00eb mos e b\u00ebni pjes\u00eb t\u00eb fushatave politike\u201d, u shpreh ajo, duke paralajm\u00ebruar se nj\u00eb veprim i till\u00eb mund t\u00eb ket\u00eb pasoja institucionale dhe politike.<\/p>\n","protected":false},"excerpt":{"rendered":"<p>N\u00eb mbledhjen e Komisionit p\u00ebr t\u00eb Drejtat e Njeriut, Barazi Gjinore, Pun\u00eb, Familje, Vlerat e Luft\u00ebs \u00c7lirimtare dhe Peticione n\u00eb Kuvendin e Kosov\u00ebs \u00ebsht\u00eb ngritur debat p\u00ebr mund\u00ebsin\u00eb e thirrjes p\u00ebr raportim t\u00eb kryetares s\u00eb Dhomave t\u00eb Specializuara n\u00eb Hag\u00eb, Ekaterina Trendafilova. Propozimi \u00ebsht\u00eb b\u00ebr\u00eb nga an\u00ebtari i k\u00ebtij komisioni nga PDK-ja, Artan Behrami, i [&hellip;]<\/p>\n","protected":false},"author":4,"featured_media":12027,"comment_status":"open","ping_status":"open","sticky":false,"template":"","format":"standard","meta":{"footnotes":""},"categories":[31,30],"tags":[],"class_list":{"0":"post-12026","1":"post","2":"type-post","3":"status-publish","4":"format-standard","5":"has-post-thumbnail","7":"category-kosove","8":"category-lajme"},"yoast_head":"<!-- This site is optimized with the Yoast SEO plugin v27.4 - https:\/\/yoast.com\/product\/yoast-seo-wordpress\/ -->\n<title>Behrami k\u00ebrkon raportim t\u00eb Trendafilov\u00ebs, kund\u00ebrshtohet nga Selimi - Kosova Times<\/title>\n<meta name=\"robots\" content=\"index, follow, max-snippet:-1, max-image-preview:large, max-video-preview:-1\" \/>\n<link rel=\"canonical\" href=\"https:\/\/kosovatimes.info\/index.php\/2026\/04\/27\/behrami-kerkon-raportim-te-trendafiloves-kundershtohet-nga-selimi\/\" \/>\n<meta property=\"og:locale\" content=\"en_US\" \/>\n<meta property=\"og:type\" content=\"article\" \/>\n<meta property=\"og:title\" content=\"Behrami k\u00ebrkon raportim t\u00eb Trendafilov\u00ebs, kund\u00ebrshtohet nga Selimi - Kosova Times\" \/>\n<meta property=\"og:description\" content=\"N\u00eb mbledhjen e Komisionit p\u00ebr t\u00eb Drejtat e Njeriut, Barazi Gjinore, Pun\u00eb, Familje, Vlerat e Luft\u00ebs \u00c7lirimtare dhe Peticione n\u00eb Kuvendin e Kosov\u00ebs \u00ebsht\u00eb ngritur debat p\u00ebr mund\u00ebsin\u00eb e thirrjes p\u00ebr raportim t\u00eb kryetares s\u00eb Dhomave t\u00eb Specializuara n\u00eb Hag\u00eb, Ekaterina Trendafilova. Propozimi \u00ebsht\u00eb b\u00ebr\u00eb nga an\u00ebtari i k\u00ebtij komisioni nga PDK-ja, Artan Behrami, i [&hellip;]\" \/>\n<meta property=\"og:url\" content=\"https:\/\/kosovatimes.info\/index.php\/2026\/04\/27\/behrami-kerkon-raportim-te-trendafiloves-kundershtohet-nga-selimi\/\" \/>\n<meta property=\"og:site_name\" content=\"Kosova Times\" \/>\n<meta property=\"article:published_time\" content=\"2026-04-27T09:31:00+00:00\" \/>\n<meta property=\"article:modified_time\" content=\"2026-04-27T11:14:34+00:00\" \/>\n<meta property=\"og:image\" content=\"https:\/\/kosovatimes.info\/wp-content\/uploads\/2026\/04\/Behrami.jpg\" \/>\n\t<meta property=\"og:image:width\" content=\"780\" \/>\n\t<meta property=\"og:image:height\" content=\"500\" \/>\n\t<meta property=\"og:image:type\" content=\"image\/jpeg\" \/>\n<meta name=\"author\" content=\"i l\" \/>\n<meta name=\"twitter:card\" content=\"summary_large_image\" \/>\n<meta name=\"twitter:label1\" content=\"Written by\" \/>\n\t<meta name=\"twitter:data1\" content=\"i l\" \/>\n\t<meta name=\"twitter:label2\" content=\"Est. reading time\" \/>\n\t<meta name=\"twitter:data2\" content=\"2 minutes\" \/>\n<script type=\"application\/ld+json\" class=\"yoast-schema-graph\">{\"@context\":\"https:\\\/\\\/schema.org\",\"@graph\":[{\"@type\":\"Article\",\"@id\":\"https:\\\/\\\/kosovatimes.info\\\/index.php\\\/2026\\\/04\\\/27\\\/behrami-kerkon-raportim-te-trendafiloves-kundershtohet-nga-selimi\\\/#article\",\"isPartOf\":{\"@id\":\"https:\\\/\\\/kosovatimes.info\\\/index.php\\\/2026\\\/04\\\/27\\\/behrami-kerkon-raportim-te-trendafiloves-kundershtohet-nga-selimi\\\/\"},\"author\":{\"name\":\"i l\",\"@id\":\"https:\\\/\\\/kosovatimes.info\\\/#\\\/schema\\\/person\\\/7586712b9c512fe68085de007378c915\"},\"headline\":\"Behrami k\u00ebrkon raportim t\u00eb Trendafilov\u00ebs, kund\u00ebrshtohet nga Selimi\",\"datePublished\":\"2026-04-27T09:31:00+00:00\",\"dateModified\":\"2026-04-27T11:14:34+00:00\",\"mainEntityOfPage\":{\"@id\":\"https:\\\/\\\/kosovatimes.info\\\/index.php\\\/2026\\\/04\\\/27\\\/behrami-kerkon-raportim-te-trendafiloves-kundershtohet-nga-selimi\\\/\"},\"wordCount\":433,\"commentCount\":0,\"image\":{\"@id\":\"https:\\\/\\\/kosovatimes.info\\\/index.php\\\/2026\\\/04\\\/27\\\/behrami-kerkon-raportim-te-trendafiloves-kundershtohet-nga-selimi\\\/#primaryimage\"},\"thumbnailUrl\":\"https:\\\/\\\/kosovatimes.info\\\/wp-content\\\/uploads\\\/2026\\\/04\\\/Behrami.jpg\",\"articleSection\":[\"Kosov\u00eb\",\"Lajme\"],\"inLanguage\":\"en-US\",\"potentialAction\":[{\"@type\":\"CommentAction\",\"name\":\"Comment\",\"target\":[\"https:\\\/\\\/kosovatimes.info\\\/index.php\\\/2026\\\/04\\\/27\\\/behrami-kerkon-raportim-te-trendafiloves-kundershtohet-nga-selimi\\\/#respond\"]}]},{\"@type\":\"WebPage\",\"@id\":\"https:\\\/\\\/kosovatimes.info\\\/index.php\\\/2026\\\/04\\\/27\\\/behrami-kerkon-raportim-te-trendafiloves-kundershtohet-nga-selimi\\\/\",\"url\":\"https:\\\/\\\/kosovatimes.info\\\/index.php\\\/2026\\\/04\\\/27\\\/behrami-kerkon-raportim-te-trendafiloves-kundershtohet-nga-selimi\\\/\",\"name\":\"Behrami k\u00ebrkon raportim t\u00eb Trendafilov\u00ebs, kund\u00ebrshtohet nga Selimi - Kosova Times\",\"isPartOf\":{\"@id\":\"https:\\\/\\\/kosovatimes.info\\\/#website\"},\"primaryImageOfPage\":{\"@id\":\"https:\\\/\\\/kosovatimes.info\\\/index.php\\\/2026\\\/04\\\/27\\\/behrami-kerkon-raportim-te-trendafiloves-kundershtohet-nga-selimi\\\/#primaryimage\"},\"image\":{\"@id\":\"https:\\\/\\\/kosovatimes.info\\\/index.php\\\/2026\\\/04\\\/27\\\/behrami-kerkon-raportim-te-trendafiloves-kundershtohet-nga-selimi\\\/#primaryimage\"},\"thumbnailUrl\":\"https:\\\/\\\/kosovatimes.info\\\/wp-content\\\/uploads\\\/2026\\\/04\\\/Behrami.jpg\",\"datePublished\":\"2026-04-27T09:31:00+00:00\",\"dateModified\":\"2026-04-27T11:14:34+00:00\",\"author\":{\"@id\":\"https:\\\/\\\/kosovatimes.info\\\/#\\\/schema\\\/person\\\/7586712b9c512fe68085de007378c915\"},\"breadcrumb\":{\"@id\":\"https:\\\/\\\/kosovatimes.info\\\/index.php\\\/2026\\\/04\\\/27\\\/behrami-kerkon-raportim-te-trendafiloves-kundershtohet-nga-selimi\\\/#breadcrumb\"},\"inLanguage\":\"en-US\",\"potentialAction\":[{\"@type\":\"ReadAction\",\"target\":[\"https:\\\/\\\/kosovatimes.info\\\/index.php\\\/2026\\\/04\\\/27\\\/behrami-kerkon-raportim-te-trendafiloves-kundershtohet-nga-selimi\\\/\"]}]},{\"@type\":\"ImageObject\",\"inLanguage\":\"en-US\",\"@id\":\"https:\\\/\\\/kosovatimes.info\\\/index.php\\\/2026\\\/04\\\/27\\\/behrami-kerkon-raportim-te-trendafiloves-kundershtohet-nga-selimi\\\/#primaryimage\",\"url\":\"https:\\\/\\\/kosovatimes.info\\\/wp-content\\\/uploads\\\/2026\\\/04\\\/Behrami.jpg\",\"contentUrl\":\"https:\\\/\\\/kosovatimes.info\\\/wp-content\\\/uploads\\\/2026\\\/04\\\/Behrami.jpg\",\"width\":780,\"height\":500},{\"@type\":\"BreadcrumbList\",\"@id\":\"https:\\\/\\\/kosovatimes.info\\\/index.php\\\/2026\\\/04\\\/27\\\/behrami-kerkon-raportim-te-trendafiloves-kundershtohet-nga-selimi\\\/#breadcrumb\",\"itemListElement\":[{\"@type\":\"ListItem\",\"position\":1,\"name\":\"Home\",\"item\":\"https:\\\/\\\/kosovatimes.info\\\/\"},{\"@type\":\"ListItem\",\"position\":2,\"name\":\"Behrami k\u00ebrkon raportim t\u00eb Trendafilov\u00ebs, kund\u00ebrshtohet nga Selimi\"}]},{\"@type\":\"WebSite\",\"@id\":\"https:\\\/\\\/kosovatimes.info\\\/#website\",\"url\":\"https:\\\/\\\/kosovatimes.info\\\/\",\"name\":\"Kosova Times\",\"description\":\"\",\"potentialAction\":[{\"@type\":\"SearchAction\",\"target\":{\"@type\":\"EntryPoint\",\"urlTemplate\":\"https:\\\/\\\/kosovatimes.info\\\/?s={search_term_string}\"},\"query-input\":{\"@type\":\"PropertyValueSpecification\",\"valueRequired\":true,\"valueName\":\"search_term_string\"}}],\"inLanguage\":\"en-US\"},{\"@type\":\"Person\",\"@id\":\"https:\\\/\\\/kosovatimes.info\\\/#\\\/schema\\\/person\\\/7586712b9c512fe68085de007378c915\",\"name\":\"i l\",\"image\":{\"@type\":\"ImageObject\",\"inLanguage\":\"en-US\",\"@id\":\"https:\\\/\\\/secure.gravatar.com\\\/avatar\\\/bad9296e02816160ae2e2435beda58222022298d5625d49fea74d18816fbb31d?s=96&d=mm&r=g\",\"url\":\"https:\\\/\\\/secure.gravatar.com\\\/avatar\\\/bad9296e02816160ae2e2435beda58222022298d5625d49fea74d18816fbb31d?s=96&d=mm&r=g\",\"contentUrl\":\"https:\\\/\\\/secure.gravatar.com\\\/avatar\\\/bad9296e02816160ae2e2435beda58222022298d5625d49fea74d18816fbb31d?s=96&d=mm&r=g\",\"caption\":\"i l\"},\"url\":\"https:\\\/\\\/kosovatimes.info\\\/index.php\\\/author\\\/iliri\\\/\"}]}<\/script>\n<!-- \/ Yoast SEO plugin. -->","yoast_head_json":{"title":"Behrami k\u00ebrkon raportim t\u00eb Trendafilov\u00ebs, kund\u00ebrshtohet nga Selimi - Kosova Times","robots":{"index":"index","follow":"follow","max-snippet":"max-snippet:-1","max-image-preview":"max-image-preview:large","max-video-preview":"max-video-preview:-1"},"canonical":"https:\/\/kosovatimes.info\/index.php\/2026\/04\/27\/behrami-kerkon-raportim-te-trendafiloves-kundershtohet-nga-selimi\/","og_locale":"en_US","og_type":"article","og_title":"Behrami k\u00ebrkon raportim t\u00eb Trendafilov\u00ebs, kund\u00ebrshtohet nga Selimi - Kosova Times","og_description":"N\u00eb mbledhjen e Komisionit p\u00ebr t\u00eb Drejtat e Njeriut, Barazi Gjinore, Pun\u00eb, Familje, Vlerat e Luft\u00ebs \u00c7lirimtare dhe Peticione n\u00eb Kuvendin e Kosov\u00ebs \u00ebsht\u00eb ngritur debat p\u00ebr mund\u00ebsin\u00eb e thirrjes p\u00ebr raportim t\u00eb kryetares s\u00eb Dhomave t\u00eb Specializuara n\u00eb Hag\u00eb, Ekaterina Trendafilova. Propozimi \u00ebsht\u00eb b\u00ebr\u00eb nga an\u00ebtari i k\u00ebtij komisioni nga PDK-ja, Artan Behrami, i [&hellip;]","og_url":"https:\/\/kosovatimes.info\/index.php\/2026\/04\/27\/behrami-kerkon-raportim-te-trendafiloves-kundershtohet-nga-selimi\/","og_site_name":"Kosova Times","article_published_time":"2026-04-27T09:31:00+00:00","article_modified_time":"2026-04-27T11:14:34+00:00","og_image":[{"width":780,"height":500,"url":"https:\/\/kosovatimes.info\/wp-content\/uploads\/2026\/04\/Behrami.jpg","type":"image\/jpeg"}],"author":"i l","twitter_card":"summary_large_image","twitter_misc":{"Written by":"i l","Est. reading time":"2 minutes"},"schema":{"@context":"https:\/\/schema.org","@graph":[{"@type":"Article","@id":"https:\/\/kosovatimes.info\/index.php\/2026\/04\/27\/behrami-kerkon-raportim-te-trendafiloves-kundershtohet-nga-selimi\/#article","isPartOf":{"@id":"https:\/\/kosovatimes.info\/index.php\/2026\/04\/27\/behrami-kerkon-raportim-te-trendafiloves-kundershtohet-nga-selimi\/"},"author":{"name":"i l","@id":"https:\/\/kosovatimes.info\/#\/schema\/person\/7586712b9c512fe68085de007378c915"},"headline":"Behrami k\u00ebrkon raportim t\u00eb Trendafilov\u00ebs, kund\u00ebrshtohet nga Selimi","datePublished":"2026-04-27T09:31:00+00:00","dateModified":"2026-04-27T11:14:34+00:00","mainEntityOfPage":{"@id":"https:\/\/kosovatimes.info\/index.php\/2026\/04\/27\/behrami-kerkon-raportim-te-trendafiloves-kundershtohet-nga-selimi\/"},"wordCount":433,"commentCount":0,"image":{"@id":"https:\/\/kosovatimes.info\/index.php\/2026\/04\/27\/behrami-kerkon-raportim-te-trendafiloves-kundershtohet-nga-selimi\/#primaryimage"},"thumbnailUrl":"https:\/\/kosovatimes.info\/wp-content\/uploads\/2026\/04\/Behrami.jpg","articleSection":["Kosov\u00eb","Lajme"],"inLanguage":"en-US","potentialAction":[{"@type":"CommentAction","name":"Comment","target":["https:\/\/kosovatimes.info\/index.php\/2026\/04\/27\/behrami-kerkon-raportim-te-trendafiloves-kundershtohet-nga-selimi\/#respond"]}]},{"@type":"WebPage","@id":"https:\/\/kosovatimes.info\/index.php\/2026\/04\/27\/behrami-kerkon-raportim-te-trendafiloves-kundershtohet-nga-selimi\/","url":"https:\/\/kosovatimes.info\/index.php\/2026\/04\/27\/behrami-kerkon-raportim-te-trendafiloves-kundershtohet-nga-selimi\/","name":"Behrami k\u00ebrkon raportim t\u00eb Trendafilov\u00ebs, kund\u00ebrshtohet nga Selimi - Kosova Times","isPartOf":{"@id":"https:\/\/kosovatimes.info\/#website"},"primaryImageOfPage":{"@id":"https:\/\/kosovatimes.info\/index.php\/2026\/04\/27\/behrami-kerkon-raportim-te-trendafiloves-kundershtohet-nga-selimi\/#primaryimage"},"image":{"@id":"https:\/\/kosovatimes.info\/index.php\/2026\/04\/27\/behrami-kerkon-raportim-te-trendafiloves-kundershtohet-nga-selimi\/#primaryimage"},"thumbnailUrl":"https:\/\/kosovatimes.info\/wp-content\/uploads\/2026\/04\/Behrami.jpg","datePublished":"2026-04-27T09:31:00+00:00","dateModified":"2026-04-27T11:14:34+00:00","author":{"@id":"https:\/\/kosovatimes.info\/#\/schema\/person\/7586712b9c512fe68085de007378c915"},"breadcrumb":{"@id":"https:\/\/kosovatimes.info\/index.php\/2026\/04\/27\/behrami-kerkon-raportim-te-trendafiloves-kundershtohet-nga-selimi\/#breadcrumb"},"inLanguage":"en-US","potentialAction":[{"@type":"ReadAction","target":["https:\/\/kosovatimes.info\/index.php\/2026\/04\/27\/behrami-kerkon-raportim-te-trendafiloves-kundershtohet-nga-selimi\/"]}]},{"@type":"ImageObject","inLanguage":"en-US","@id":"https:\/\/kosovatimes.info\/index.php\/2026\/04\/27\/behrami-kerkon-raportim-te-trendafiloves-kundershtohet-nga-selimi\/#primaryimage","url":"https:\/\/kosovatimes.info\/wp-content\/uploads\/2026\/04\/Behrami.jpg","contentUrl":"https:\/\/kosovatimes.info\/wp-content\/uploads\/2026\/04\/Behrami.jpg","width":780,"height":500},{"@type":"BreadcrumbList","@id":"https:\/\/kosovatimes.info\/index.php\/2026\/04\/27\/behrami-kerkon-raportim-te-trendafiloves-kundershtohet-nga-selimi\/#breadcrumb","itemListElement":[{"@type":"ListItem","position":1,"name":"Home","item":"https:\/\/kosovatimes.info\/"},{"@type":"ListItem","position":2,"name":"Behrami k\u00ebrkon raportim t\u00eb Trendafilov\u00ebs, kund\u00ebrshtohet nga Selimi"}]},{"@type":"WebSite","@id":"https:\/\/kosovatimes.info\/#website","url":"https:\/\/kosovatimes.info\/","name":"Kosova Times","description":"","potentialAction":[{"@type":"SearchAction","target":{"@type":"EntryPoint","urlTemplate":"https:\/\/kosovatimes.info\/?s={search_term_string}"},"query-input":{"@type":"PropertyValueSpecification","valueRequired":true,"valueName":"search_term_string"}}],"inLanguage":"en-US"},{"@type":"Person","@id":"https:\/\/kosovatimes.info\/#\/schema\/person\/7586712b9c512fe68085de007378c915","name":"i l","image":{"@type":"ImageObject","inLanguage":"en-US","@id":"https:\/\/secure.gravatar.com\/avatar\/bad9296e02816160ae2e2435beda58222022298d5625d49fea74d18816fbb31d?s=96&d=mm&r=g","url":"https:\/\/secure.gravatar.com\/avatar\/bad9296e02816160ae2e2435beda58222022298d5625d49fea74d18816fbb31d?s=96&d=mm&r=g","contentUrl":"https:\/\/secure.gravatar.com\/avatar\/bad9296e02816160ae2e2435beda58222022298d5625d49fea74d18816fbb31d?s=96&d=mm&r=g","caption":"i l"},"url":"https:\/\/kosovatimes.info\/index.php\/author\/iliri\/"}]}},"_links":{"self":[{"href":"https:\/\/kosovatimes.info\/index.php\/wp-json\/wp\/v2\/posts\/12026","targetHints":{"allow":["GET"]}}],"collection":[{"href":"https:\/\/kosovatimes.info\/index.php\/wp-json\/wp\/v2\/posts"}],"about":[{"href":"https:\/\/kosovatimes.info\/index.php\/wp-json\/wp\/v2\/types\/post"}],"author":[{"embeddable":true,"href":"https:\/\/kosovatimes.info\/index.php\/wp-json\/wp\/v2\/users\/4"}],"replies":[{"embeddable":true,"href":"https:\/\/kosovatimes.info\/index.php\/wp-json\/wp\/v2\/comments?post=12026"}],"version-history":[{"count":1,"href":"https:\/\/kosovatimes.info\/index.php\/wp-json\/wp\/v2\/posts\/12026\/revisions"}],"predecessor-version":[{"id":12028,"href":"https:\/\/kosovatimes.info\/index.php\/wp-json\/wp\/v2\/posts\/12026\/revisions\/12028"}],"wp:featuredmedia":[{"embeddable":true,"href":"https:\/\/kosovatimes.info\/index.php\/wp-json\/wp\/v2\/media\/12027"}],"wp:attachment":[{"href":"https:\/\/kosovatimes.info\/index.php\/wp-json\/wp\/v2\/media?parent=12026"}],"wp:term":[{"taxonomy":"category","embeddable":true,"href":"https:\/\/kosovatimes.info\/index.php\/wp-json\/wp\/v2\/categories?post=12026"},{"taxonomy":"post_tag","embeddable":true,"href":"https:\/\/kosovatimes.info\/index.php\/wp-json\/wp\/v2\/tags?post=12026"}],"curies":[{"name":"wp","href":"https:\/\/api.w.org\/{rel}","templated":true}]}}