{"id":12029,"date":"2026-04-27T11:37:00","date_gmt":"2026-04-27T09:37:00","guid":{"rendered":"https:\/\/kosovatimes.info\/?p=12029"},"modified":"2026-04-27T13:15:45","modified_gmt":"2026-04-27T11:15:45","slug":"rama-nisin-procedurat-per-ligjin-per-mbrojtjen-e-vlerave-te-uck-se","status":"publish","type":"post","link":"https:\/\/kosovatimes.info\/index.php\/2026\/04\/27\/rama-nisin-procedurat-per-ligjin-per-mbrojtjen-e-vlerave-te-uck-se\/","title":{"rendered":"Rama: Nisin procedurat p\u00ebr Ligjin p\u00ebr Mbrojtjen e Vlerave t\u00eb U\u00c7K-s\u00eb"},"content":{"rendered":"\n<p><strong>Deputeti i Partis\u00eb Demokratike t\u00eb Kosov\u00ebs (PDK), Rrahman Rama, ka b\u00ebr\u00eb t\u00eb ditur se s\u00eb bashku me 40 deputet\u00eb t\u00eb Kuvendit t\u00eb Kosov\u00ebs kan\u00eb nd\u00ebrmarr\u00eb hapat institucional\u00eb p\u00ebr inicimin e Ligjit p\u00ebr Mbrojtjen e Vlerave t\u00eb Luft\u00ebs s\u00eb Ushtris\u00eb \u00c7lirimtare t\u00eb Kosov\u00ebs.<\/strong><\/p>\n\n\n\n<p>P\u00ebrmes nj\u00eb postimi n\u00eb Facebook, Rama ka theksuar se projektligji \u00ebsht\u00eb p\u00ebrgatitur dhe kompletuar me dokumentacionin p\u00ebrkat\u00ebs, por ende nuk \u00ebsht\u00eb dor\u00ebzuar zyrtarisht p\u00ebr shkak t\u00eb paqart\u00ebsive lidhur me mund\u00ebsin\u00eb e shp\u00ebrndarjes s\u00eb Kuvendit.<\/p>\n\n\n\n<p>\u201cMegjithat\u00eb, deri m\u00eb tani nuk kemi proceduar me dor\u00ebzimin zyrtar t\u00eb k\u00ebrkes\u00ebs, p\u00ebr shkak t\u00eb paqart\u00ebsive lidhur me mund\u00ebsin\u00eb e shp\u00ebrndarjes s\u00eb Kuvendit. Jemi n\u00eb pritje t\u00eb zhvillimeve t\u00eb m\u00ebtejshme\u201d, ka shkruar Rama.<\/p>\n\n\n\n<p>Ai ka shtuar se n\u00eb rast se Kuvendi nuk shp\u00ebrndahet, projektligji do t\u00eb procedohet pa vones\u00eb, duke theksuar se vlerat e luft\u00ebs s\u00eb U\u00c7K-s\u00eb \u201cmeritojn\u00eb t\u00eb mbrohen dhe t\u00eb institucionalizohen p\u00ebrmes ligjit\u201d.<\/p>\n\n\n\n<figure class=\"wp-block-embed\"><div class=\"wp-block-embed__wrapper\">\nhttps:\/\/www.facebook.com\/plugins\/post.php?href=https%3A%2F%2Fwww.facebook.com%2Fpermalink.php%3Fstory_fbid%3Dpfbid0qAG2KJs3BYZhUBv91jR1hFzPANEeh8owZYTNa6fJfMe2pLKuZpA17MXqRFnY36m5l%26id%3D61568436994545&#038;show_text=true&#038;width=500\n<\/div><\/figure>\n","protected":false},"excerpt":{"rendered":"<p>Deputeti i Partis\u00eb Demokratike t\u00eb Kosov\u00ebs (PDK), Rrahman Rama, ka b\u00ebr\u00eb t\u00eb ditur se s\u00eb bashku me 40 deputet\u00eb t\u00eb Kuvendit t\u00eb Kosov\u00ebs kan\u00eb nd\u00ebrmarr\u00eb hapat institucional\u00eb p\u00ebr inicimin e Ligjit p\u00ebr Mbrojtjen e Vlerave t\u00eb Luft\u00ebs s\u00eb Ushtris\u00eb \u00c7lirimtare t\u00eb Kosov\u00ebs. P\u00ebrmes nj\u00eb postimi n\u00eb Facebook, Rama ka theksuar se projektligji \u00ebsht\u00eb p\u00ebrgatitur dhe [&hellip;]<\/p>\n","protected":false},"author":4,"featured_media":12030,"comment_status":"open","ping_status":"open","sticky":false,"template":"","format":"standard","meta":{"footnotes":""},"categories":[31,30],"tags":[],"class_list":{"0":"post-12029","1":"post","2":"type-post","3":"status-publish","4":"format-standard","5":"has-post-thumbnail","7":"category-kosove","8":"category-lajme"},"yoast_head":"<!-- This site is optimized with the Yoast SEO plugin v27.4 - https:\/\/yoast.com\/product\/yoast-seo-wordpress\/ -->\n<title>Rama: Nisin procedurat p\u00ebr Ligjin p\u00ebr Mbrojtjen e Vlerave t\u00eb U\u00c7K-s\u00eb - Kosova Times<\/title>\n<meta name=\"robots\" content=\"index, follow, max-snippet:-1, max-image-preview:large, max-video-preview:-1\" \/>\n<link rel=\"canonical\" href=\"https:\/\/kosovatimes.info\/index.php\/2026\/04\/27\/rama-nisin-procedurat-per-ligjin-per-mbrojtjen-e-vlerave-te-uck-se\/\" \/>\n<meta property=\"og:locale\" content=\"en_US\" \/>\n<meta property=\"og:type\" content=\"article\" \/>\n<meta property=\"og:title\" content=\"Rama: Nisin procedurat p\u00ebr Ligjin p\u00ebr Mbrojtjen e Vlerave t\u00eb U\u00c7K-s\u00eb - Kosova Times\" \/>\n<meta property=\"og:description\" content=\"Deputeti i Partis\u00eb Demokratike t\u00eb Kosov\u00ebs (PDK), Rrahman Rama, ka b\u00ebr\u00eb t\u00eb ditur se s\u00eb bashku me 40 deputet\u00eb t\u00eb Kuvendit t\u00eb Kosov\u00ebs kan\u00eb nd\u00ebrmarr\u00eb hapat institucional\u00eb p\u00ebr inicimin e Ligjit p\u00ebr Mbrojtjen e Vlerave t\u00eb Luft\u00ebs s\u00eb Ushtris\u00eb \u00c7lirimtare t\u00eb Kosov\u00ebs. P\u00ebrmes nj\u00eb postimi n\u00eb Facebook, Rama ka theksuar se projektligji \u00ebsht\u00eb p\u00ebrgatitur dhe [&hellip;]\" \/>\n<meta property=\"og:url\" content=\"https:\/\/kosovatimes.info\/index.php\/2026\/04\/27\/rama-nisin-procedurat-per-ligjin-per-mbrojtjen-e-vlerave-te-uck-se\/\" \/>\n<meta property=\"og:site_name\" content=\"Kosova Times\" \/>\n<meta property=\"article:published_time\" content=\"2026-04-27T09:37:00+00:00\" \/>\n<meta property=\"article:modified_time\" content=\"2026-04-27T11:15:45+00:00\" \/>\n<meta property=\"og:image\" content=\"https:\/\/kosovatimes.info\/wp-content\/uploads\/2026\/04\/Rama-7.jpg\" \/>\n\t<meta property=\"og:image:width\" content=\"780\" \/>\n\t<meta property=\"og:image:height\" content=\"500\" \/>\n\t<meta property=\"og:image:type\" content=\"image\/jpeg\" \/>\n<meta name=\"author\" content=\"i l\" \/>\n<meta name=\"twitter:card\" content=\"summary_large_image\" \/>\n<meta name=\"twitter:label1\" content=\"Written by\" \/>\n\t<meta name=\"twitter:data1\" content=\"i l\" \/>\n\t<meta name=\"twitter:label2\" content=\"Est. reading time\" \/>\n\t<meta name=\"twitter:data2\" content=\"1 minute\" \/>\n<script type=\"application\/ld+json\" class=\"yoast-schema-graph\">{\"@context\":\"https:\\\/\\\/schema.org\",\"@graph\":[{\"@type\":\"Article\",\"@id\":\"https:\\\/\\\/kosovatimes.info\\\/index.php\\\/2026\\\/04\\\/27\\\/rama-nisin-procedurat-per-ligjin-per-mbrojtjen-e-vlerave-te-uck-se\\\/#article\",\"isPartOf\":{\"@id\":\"https:\\\/\\\/kosovatimes.info\\\/index.php\\\/2026\\\/04\\\/27\\\/rama-nisin-procedurat-per-ligjin-per-mbrojtjen-e-vlerave-te-uck-se\\\/\"},\"author\":{\"name\":\"i l\",\"@id\":\"https:\\\/\\\/kosovatimes.info\\\/#\\\/schema\\\/person\\\/7586712b9c512fe68085de007378c915\"},\"headline\":\"Rama: Nisin procedurat p\u00ebr Ligjin p\u00ebr Mbrojtjen e Vlerave t\u00eb U\u00c7K-s\u00eb\",\"datePublished\":\"2026-04-27T09:37:00+00:00\",\"dateModified\":\"2026-04-27T11:15:45+00:00\",\"mainEntityOfPage\":{\"@id\":\"https:\\\/\\\/kosovatimes.info\\\/index.php\\\/2026\\\/04\\\/27\\\/rama-nisin-procedurat-per-ligjin-per-mbrojtjen-e-vlerave-te-uck-se\\\/\"},\"wordCount\":221,\"commentCount\":0,\"image\":{\"@id\":\"https:\\\/\\\/kosovatimes.info\\\/index.php\\\/2026\\\/04\\\/27\\\/rama-nisin-procedurat-per-ligjin-per-mbrojtjen-e-vlerave-te-uck-se\\\/#primaryimage\"},\"thumbnailUrl\":\"https:\\\/\\\/kosovatimes.info\\\/wp-content\\\/uploads\\\/2026\\\/04\\\/Rama-7.jpg\",\"articleSection\":[\"Kosov\u00eb\",\"Lajme\"],\"inLanguage\":\"en-US\",\"potentialAction\":[{\"@type\":\"CommentAction\",\"name\":\"Comment\",\"target\":[\"https:\\\/\\\/kosovatimes.info\\\/index.php\\\/2026\\\/04\\\/27\\\/rama-nisin-procedurat-per-ligjin-per-mbrojtjen-e-vlerave-te-uck-se\\\/#respond\"]}]},{\"@type\":\"WebPage\",\"@id\":\"https:\\\/\\\/kosovatimes.info\\\/index.php\\\/2026\\\/04\\\/27\\\/rama-nisin-procedurat-per-ligjin-per-mbrojtjen-e-vlerave-te-uck-se\\\/\",\"url\":\"https:\\\/\\\/kosovatimes.info\\\/index.php\\\/2026\\\/04\\\/27\\\/rama-nisin-procedurat-per-ligjin-per-mbrojtjen-e-vlerave-te-uck-se\\\/\",\"name\":\"Rama: Nisin procedurat p\u00ebr Ligjin p\u00ebr Mbrojtjen e Vlerave t\u00eb U\u00c7K-s\u00eb - Kosova Times\",\"isPartOf\":{\"@id\":\"https:\\\/\\\/kosovatimes.info\\\/#website\"},\"primaryImageOfPage\":{\"@id\":\"https:\\\/\\\/kosovatimes.info\\\/index.php\\\/2026\\\/04\\\/27\\\/rama-nisin-procedurat-per-ligjin-per-mbrojtjen-e-vlerave-te-uck-se\\\/#primaryimage\"},\"image\":{\"@id\":\"https:\\\/\\\/kosovatimes.info\\\/index.php\\\/2026\\\/04\\\/27\\\/rama-nisin-procedurat-per-ligjin-per-mbrojtjen-e-vlerave-te-uck-se\\\/#primaryimage\"},\"thumbnailUrl\":\"https:\\\/\\\/kosovatimes.info\\\/wp-content\\\/uploads\\\/2026\\\/04\\\/Rama-7.jpg\",\"datePublished\":\"2026-04-27T09:37:00+00:00\",\"dateModified\":\"2026-04-27T11:15:45+00:00\",\"author\":{\"@id\":\"https:\\\/\\\/kosovatimes.info\\\/#\\\/schema\\\/person\\\/7586712b9c512fe68085de007378c915\"},\"breadcrumb\":{\"@id\":\"https:\\\/\\\/kosovatimes.info\\\/index.php\\\/2026\\\/04\\\/27\\\/rama-nisin-procedurat-per-ligjin-per-mbrojtjen-e-vlerave-te-uck-se\\\/#breadcrumb\"},\"inLanguage\":\"en-US\",\"potentialAction\":[{\"@type\":\"ReadAction\",\"target\":[\"https:\\\/\\\/kosovatimes.info\\\/index.php\\\/2026\\\/04\\\/27\\\/rama-nisin-procedurat-per-ligjin-per-mbrojtjen-e-vlerave-te-uck-se\\\/\"]}]},{\"@type\":\"ImageObject\",\"inLanguage\":\"en-US\",\"@id\":\"https:\\\/\\\/kosovatimes.info\\\/index.php\\\/2026\\\/04\\\/27\\\/rama-nisin-procedurat-per-ligjin-per-mbrojtjen-e-vlerave-te-uck-se\\\/#primaryimage\",\"url\":\"https:\\\/\\\/kosovatimes.info\\\/wp-content\\\/uploads\\\/2026\\\/04\\\/Rama-7.jpg\",\"contentUrl\":\"https:\\\/\\\/kosovatimes.info\\\/wp-content\\\/uploads\\\/2026\\\/04\\\/Rama-7.jpg\",\"width\":780,\"height\":500},{\"@type\":\"BreadcrumbList\",\"@id\":\"https:\\\/\\\/kosovatimes.info\\\/index.php\\\/2026\\\/04\\\/27\\\/rama-nisin-procedurat-per-ligjin-per-mbrojtjen-e-vlerave-te-uck-se\\\/#breadcrumb\",\"itemListElement\":[{\"@type\":\"ListItem\",\"position\":1,\"name\":\"Home\",\"item\":\"https:\\\/\\\/kosovatimes.info\\\/\"},{\"@type\":\"ListItem\",\"position\":2,\"name\":\"Rama: Nisin procedurat p\u00ebr Ligjin p\u00ebr Mbrojtjen e Vlerave t\u00eb U\u00c7K-s\u00eb\"}]},{\"@type\":\"WebSite\",\"@id\":\"https:\\\/\\\/kosovatimes.info\\\/#website\",\"url\":\"https:\\\/\\\/kosovatimes.info\\\/\",\"name\":\"Kosova Times\",\"description\":\"\",\"potentialAction\":[{\"@type\":\"SearchAction\",\"target\":{\"@type\":\"EntryPoint\",\"urlTemplate\":\"https:\\\/\\\/kosovatimes.info\\\/?s={search_term_string}\"},\"query-input\":{\"@type\":\"PropertyValueSpecification\",\"valueRequired\":true,\"valueName\":\"search_term_string\"}}],\"inLanguage\":\"en-US\"},{\"@type\":\"Person\",\"@id\":\"https:\\\/\\\/kosovatimes.info\\\/#\\\/schema\\\/person\\\/7586712b9c512fe68085de007378c915\",\"name\":\"i l\",\"image\":{\"@type\":\"ImageObject\",\"inLanguage\":\"en-US\",\"@id\":\"https:\\\/\\\/secure.gravatar.com\\\/avatar\\\/bad9296e02816160ae2e2435beda58222022298d5625d49fea74d18816fbb31d?s=96&d=mm&r=g\",\"url\":\"https:\\\/\\\/secure.gravatar.com\\\/avatar\\\/bad9296e02816160ae2e2435beda58222022298d5625d49fea74d18816fbb31d?s=96&d=mm&r=g\",\"contentUrl\":\"https:\\\/\\\/secure.gravatar.com\\\/avatar\\\/bad9296e02816160ae2e2435beda58222022298d5625d49fea74d18816fbb31d?s=96&d=mm&r=g\",\"caption\":\"i l\"},\"url\":\"https:\\\/\\\/kosovatimes.info\\\/index.php\\\/author\\\/iliri\\\/\"}]}<\/script>\n<!-- \/ Yoast SEO plugin. -->","yoast_head_json":{"title":"Rama: Nisin procedurat p\u00ebr Ligjin p\u00ebr Mbrojtjen e Vlerave t\u00eb U\u00c7K-s\u00eb - Kosova Times","robots":{"index":"index","follow":"follow","max-snippet":"max-snippet:-1","max-image-preview":"max-image-preview:large","max-video-preview":"max-video-preview:-1"},"canonical":"https:\/\/kosovatimes.info\/index.php\/2026\/04\/27\/rama-nisin-procedurat-per-ligjin-per-mbrojtjen-e-vlerave-te-uck-se\/","og_locale":"en_US","og_type":"article","og_title":"Rama: Nisin procedurat p\u00ebr Ligjin p\u00ebr Mbrojtjen e Vlerave t\u00eb U\u00c7K-s\u00eb - Kosova Times","og_description":"Deputeti i Partis\u00eb Demokratike t\u00eb Kosov\u00ebs (PDK), Rrahman Rama, ka b\u00ebr\u00eb t\u00eb ditur se s\u00eb bashku me 40 deputet\u00eb t\u00eb Kuvendit t\u00eb Kosov\u00ebs kan\u00eb nd\u00ebrmarr\u00eb hapat institucional\u00eb p\u00ebr inicimin e Ligjit p\u00ebr Mbrojtjen e Vlerave t\u00eb Luft\u00ebs s\u00eb Ushtris\u00eb \u00c7lirimtare t\u00eb Kosov\u00ebs. P\u00ebrmes nj\u00eb postimi n\u00eb Facebook, Rama ka theksuar se projektligji \u00ebsht\u00eb p\u00ebrgatitur dhe [&hellip;]","og_url":"https:\/\/kosovatimes.info\/index.php\/2026\/04\/27\/rama-nisin-procedurat-per-ligjin-per-mbrojtjen-e-vlerave-te-uck-se\/","og_site_name":"Kosova Times","article_published_time":"2026-04-27T09:37:00+00:00","article_modified_time":"2026-04-27T11:15:45+00:00","og_image":[{"width":780,"height":500,"url":"https:\/\/kosovatimes.info\/wp-content\/uploads\/2026\/04\/Rama-7.jpg","type":"image\/jpeg"}],"author":"i l","twitter_card":"summary_large_image","twitter_misc":{"Written by":"i l","Est. reading time":"1 minute"},"schema":{"@context":"https:\/\/schema.org","@graph":[{"@type":"Article","@id":"https:\/\/kosovatimes.info\/index.php\/2026\/04\/27\/rama-nisin-procedurat-per-ligjin-per-mbrojtjen-e-vlerave-te-uck-se\/#article","isPartOf":{"@id":"https:\/\/kosovatimes.info\/index.php\/2026\/04\/27\/rama-nisin-procedurat-per-ligjin-per-mbrojtjen-e-vlerave-te-uck-se\/"},"author":{"name":"i l","@id":"https:\/\/kosovatimes.info\/#\/schema\/person\/7586712b9c512fe68085de007378c915"},"headline":"Rama: Nisin procedurat p\u00ebr Ligjin p\u00ebr Mbrojtjen e Vlerave t\u00eb U\u00c7K-s\u00eb","datePublished":"2026-04-27T09:37:00+00:00","dateModified":"2026-04-27T11:15:45+00:00","mainEntityOfPage":{"@id":"https:\/\/kosovatimes.info\/index.php\/2026\/04\/27\/rama-nisin-procedurat-per-ligjin-per-mbrojtjen-e-vlerave-te-uck-se\/"},"wordCount":221,"commentCount":0,"image":{"@id":"https:\/\/kosovatimes.info\/index.php\/2026\/04\/27\/rama-nisin-procedurat-per-ligjin-per-mbrojtjen-e-vlerave-te-uck-se\/#primaryimage"},"thumbnailUrl":"https:\/\/kosovatimes.info\/wp-content\/uploads\/2026\/04\/Rama-7.jpg","articleSection":["Kosov\u00eb","Lajme"],"inLanguage":"en-US","potentialAction":[{"@type":"CommentAction","name":"Comment","target":["https:\/\/kosovatimes.info\/index.php\/2026\/04\/27\/rama-nisin-procedurat-per-ligjin-per-mbrojtjen-e-vlerave-te-uck-se\/#respond"]}]},{"@type":"WebPage","@id":"https:\/\/kosovatimes.info\/index.php\/2026\/04\/27\/rama-nisin-procedurat-per-ligjin-per-mbrojtjen-e-vlerave-te-uck-se\/","url":"https:\/\/kosovatimes.info\/index.php\/2026\/04\/27\/rama-nisin-procedurat-per-ligjin-per-mbrojtjen-e-vlerave-te-uck-se\/","name":"Rama: Nisin procedurat p\u00ebr Ligjin p\u00ebr Mbrojtjen e Vlerave t\u00eb U\u00c7K-s\u00eb - Kosova Times","isPartOf":{"@id":"https:\/\/kosovatimes.info\/#website"},"primaryImageOfPage":{"@id":"https:\/\/kosovatimes.info\/index.php\/2026\/04\/27\/rama-nisin-procedurat-per-ligjin-per-mbrojtjen-e-vlerave-te-uck-se\/#primaryimage"},"image":{"@id":"https:\/\/kosovatimes.info\/index.php\/2026\/04\/27\/rama-nisin-procedurat-per-ligjin-per-mbrojtjen-e-vlerave-te-uck-se\/#primaryimage"},"thumbnailUrl":"https:\/\/kosovatimes.info\/wp-content\/uploads\/2026\/04\/Rama-7.jpg","datePublished":"2026-04-27T09:37:00+00:00","dateModified":"2026-04-27T11:15:45+00:00","author":{"@id":"https:\/\/kosovatimes.info\/#\/schema\/person\/7586712b9c512fe68085de007378c915"},"breadcrumb":{"@id":"https:\/\/kosovatimes.info\/index.php\/2026\/04\/27\/rama-nisin-procedurat-per-ligjin-per-mbrojtjen-e-vlerave-te-uck-se\/#breadcrumb"},"inLanguage":"en-US","potentialAction":[{"@type":"ReadAction","target":["https:\/\/kosovatimes.info\/index.php\/2026\/04\/27\/rama-nisin-procedurat-per-ligjin-per-mbrojtjen-e-vlerave-te-uck-se\/"]}]},{"@type":"ImageObject","inLanguage":"en-US","@id":"https:\/\/kosovatimes.info\/index.php\/2026\/04\/27\/rama-nisin-procedurat-per-ligjin-per-mbrojtjen-e-vlerave-te-uck-se\/#primaryimage","url":"https:\/\/kosovatimes.info\/wp-content\/uploads\/2026\/04\/Rama-7.jpg","contentUrl":"https:\/\/kosovatimes.info\/wp-content\/uploads\/2026\/04\/Rama-7.jpg","width":780,"height":500},{"@type":"BreadcrumbList","@id":"https:\/\/kosovatimes.info\/index.php\/2026\/04\/27\/rama-nisin-procedurat-per-ligjin-per-mbrojtjen-e-vlerave-te-uck-se\/#breadcrumb","itemListElement":[{"@type":"ListItem","position":1,"name":"Home","item":"https:\/\/kosovatimes.info\/"},{"@type":"ListItem","position":2,"name":"Rama: Nisin procedurat p\u00ebr Ligjin p\u00ebr Mbrojtjen e Vlerave t\u00eb U\u00c7K-s\u00eb"}]},{"@type":"WebSite","@id":"https:\/\/kosovatimes.info\/#website","url":"https:\/\/kosovatimes.info\/","name":"Kosova Times","description":"","potentialAction":[{"@type":"SearchAction","target":{"@type":"EntryPoint","urlTemplate":"https:\/\/kosovatimes.info\/?s={search_term_string}"},"query-input":{"@type":"PropertyValueSpecification","valueRequired":true,"valueName":"search_term_string"}}],"inLanguage":"en-US"},{"@type":"Person","@id":"https:\/\/kosovatimes.info\/#\/schema\/person\/7586712b9c512fe68085de007378c915","name":"i l","image":{"@type":"ImageObject","inLanguage":"en-US","@id":"https:\/\/secure.gravatar.com\/avatar\/bad9296e02816160ae2e2435beda58222022298d5625d49fea74d18816fbb31d?s=96&d=mm&r=g","url":"https:\/\/secure.gravatar.com\/avatar\/bad9296e02816160ae2e2435beda58222022298d5625d49fea74d18816fbb31d?s=96&d=mm&r=g","contentUrl":"https:\/\/secure.gravatar.com\/avatar\/bad9296e02816160ae2e2435beda58222022298d5625d49fea74d18816fbb31d?s=96&d=mm&r=g","caption":"i l"},"url":"https:\/\/kosovatimes.info\/index.php\/author\/iliri\/"}]}},"_links":{"self":[{"href":"https:\/\/kosovatimes.info\/index.php\/wp-json\/wp\/v2\/posts\/12029","targetHints":{"allow":["GET"]}}],"collection":[{"href":"https:\/\/kosovatimes.info\/index.php\/wp-json\/wp\/v2\/posts"}],"about":[{"href":"https:\/\/kosovatimes.info\/index.php\/wp-json\/wp\/v2\/types\/post"}],"author":[{"embeddable":true,"href":"https:\/\/kosovatimes.info\/index.php\/wp-json\/wp\/v2\/users\/4"}],"replies":[{"embeddable":true,"href":"https:\/\/kosovatimes.info\/index.php\/wp-json\/wp\/v2\/comments?post=12029"}],"version-history":[{"count":1,"href":"https:\/\/kosovatimes.info\/index.php\/wp-json\/wp\/v2\/posts\/12029\/revisions"}],"predecessor-version":[{"id":12031,"href":"https:\/\/kosovatimes.info\/index.php\/wp-json\/wp\/v2\/posts\/12029\/revisions\/12031"}],"wp:featuredmedia":[{"embeddable":true,"href":"https:\/\/kosovatimes.info\/index.php\/wp-json\/wp\/v2\/media\/12030"}],"wp:attachment":[{"href":"https:\/\/kosovatimes.info\/index.php\/wp-json\/wp\/v2\/media?parent=12029"}],"wp:term":[{"taxonomy":"category","embeddable":true,"href":"https:\/\/kosovatimes.info\/index.php\/wp-json\/wp\/v2\/categories?post=12029"},{"taxonomy":"post_tag","embeddable":true,"href":"https:\/\/kosovatimes.info\/index.php\/wp-json\/wp\/v2\/tags?post=12029"}],"curies":[{"name":"wp","href":"https:\/\/api.w.org\/{rel}","templated":true}]}}