{"id":12032,"date":"2026-04-27T11:50:00","date_gmt":"2026-04-27T09:50:00","guid":{"rendered":"https:\/\/kosovatimes.info\/?p=12032"},"modified":"2026-04-27T13:17:03","modified_gmt":"2026-04-27T11:17:03","slug":"kurti-kerkon-presion-nderkombetar-ndaj-serbise-per-te-pagjeturit","status":"publish","type":"post","link":"https:\/\/kosovatimes.info\/index.php\/2026\/04\/27\/kurti-kerkon-presion-nderkombetar-ndaj-serbise-per-te-pagjeturit\/","title":{"rendered":"Kurti k\u00ebrkon presion nd\u00ebrkomb\u00ebtar ndaj Serbis\u00eb p\u00ebr t\u00eb pagjeturit"},"content":{"rendered":"\n<p><strong>Kryeministri, Albin Kurti, bashk\u00eb me n\u00ebn\u00eb Ferdonijen nga Gjakova, bashk\u00ebpun\u00ebtore nga Qeveria e Kuvendi i Kosov\u00ebs, kan\u00eb b\u00ebr\u00eb homazhe pran\u00eb monumentit, n\u00eb Dit\u00ebn e t\u00eb Pagjeturve.<\/strong><\/p>\n\n\n\n<p>Kurti tha se \u201cKosova ende i k\u00ebrkon edhe 1565 persona q\u00eb figurojn\u00eb si t\u00eb pagjetur, derisa i ka b\u00ebr\u00eb thirrje faktorit nd\u00ebrkomb\u00ebtar q\u00eb t\u00eb shtoj\u00eb trysnin\u00eb ndaj Serbis\u00eb, p\u00ebr t\u00eb treguar t\u00eb v\u00ebrtet\u00ebn&nbsp; p\u00ebr t\u00eb zhdukurit.<\/p>\n\n\n\n<p>\u201cNe i b\u00ebjm\u00eb thirrje faktorit nd\u00ebrkomb\u00ebtar q\u00eb t\u00eb b\u00ebj\u00eb trysni mbi Beogradin zyrtar dhe t\u00eb zbardh\u00eb t\u00eb v\u00ebrtet\u00ebn p\u00ebr t\u00eb zhdukurit tan\u00eb, meqen\u00ebse ata e mbajn\u00eb p\u00ebrgjegj\u00ebsin\u00eb dhe ata e din\u00eb t\u00eb v\u00ebrtet\u00ebn. Jan\u00eb edhe 11 varreza masive, p\u00ebrve\u00e7 atyre pes\u00eb, q\u00eb tashm\u00eb jan\u00eb zbuluar e p\u00ebr t\u00eb cilat Serbia nuk jep informacion, sepse \u00ebsht\u00eb komunikuar edhe nga vet\u00eb ata publikisht se jan\u00eb 16 varreza masive gjithsej. E vet\u00ebm n\u00eb nj\u00ebr\u00ebn prej tyre q\u00eb \u00ebsht\u00eb zbuluar, n\u00eb Batajnic\u00eb i kemi 744 t\u00eb pagjetur t\u00eb zhvarrosur prej atje, nd\u00ebrsa gjithsej deri tani jan\u00eb rreth 1 mij\u00eb shqiptar\u00eb q\u00eb jan\u00eb zbuluar n\u00eb varrezat masive n\u00eb Serbi\u201d, tha Kurti.<\/p>\n\n\n\n<p>Kreu qeveritar deklaroi se faktori nd\u00ebrkomb\u00ebtar, evropian e amerikan duhet t\u2019i b\u00ebjn\u00eb m\u00eb shum\u00eb trysni Beogradit ashtu q\u00eb t\u00eb zbardhet e v\u00ebrteta e p\u00ebrgjegj\u00ebsit t t\u00eb dalin para gjyqit. Nd\u00ebrkoh\u00eb ai tha se ndon\u00ebse po b\u00ebhet pun\u00eb n\u00eb gjykimin e tyre, duhet t\u00eb b\u00ebhet edhe m\u00eb shum\u00eb, sepse d\u00ebshmitar\u00ebt, tha ai, po plaken, \u00e7ka sipas Kurtit e v\u00ebshtir\u00ebson p\u00ebrndjekjen dhe sjelljen e kriminel\u00ebve serb para drejt\u00ebsis\u00eb.<\/p>\n\n\n\n<p>&nbsp;\u201cEdhe n\u00eb Kosov\u00eb e kemi mund\u00ebsin\u00eb p\u00ebr vite me radh\u00eb q\u00eb t\u00eb d\u00ebnohen pasi t\u00eb gjykohen n\u00eb munges\u00eb kriminel\u00ebt &nbsp;e shumt\u00eb t\u00eb &nbsp;luft\u00ebs, qofshin ata urdh\u00ebrdh\u00ebn\u00ebs apo ekzekutor\u00eb, p\u00ebr k\u00ebt\u00eb Prokuroria Speciale e ka p\u00ebrkrahjen e plot\u00eb t\u00eb Qeveris\u00eb s\u00eb Republik\u00ebs, gjithashtu edhe sistemi i drejt\u00ebsis\u00eb n\u00eb p\u00ebrgjith\u00ebsi. Jan\u00eb duke punuar m\u00eb shum\u00eb e m\u00eb shpejt se p\u00ebrpara, por un\u00eb mendoj q\u00eb duhet t\u00eb punojn\u00eb edhe m\u00eb shum\u00eb e m\u00eb shpejt\u00eb se \u00e7\u2019po b\u00ebhet, meqen\u00ebse d\u00ebshmitar\u00ebt po plak\u00ebn, &nbsp;shum\u00eb prej tyre po nd\u00ebrrojn\u00eb jet\u00eb dhe n\u00eb k\u00ebt\u00eb m\u00ebnyr\u00eb v\u00ebshtir\u00ebsohet p\u00ebrndjekja dhe sjellja para drejt\u00ebsis\u00eb e kriminel\u00ebve serb t\u00eb luft\u00ebs\u201d, tha Kurti.<\/p>\n\n\n\n<p>Kreu i ekzekutivit tha se Komisioni Qeveritar p\u00ebr Personat e Zhdukur, Instituti i Mjek\u00ebsis\u00eb Ligjore, Policia e Kosov\u00ebs dhe t\u00eb gjitha institucionet e vendit, po b\u00ebjn\u00eb p\u00ebrpjekje maksimale p\u00ebr t\u00eb zbardhur fatin e t\u00eb zhdukurve.<\/p>\n\n\n\n<p>\u201cMe k\u00ebt\u00eb rast duhet t\u00eb kujtojm\u00eb q\u00eb i fundit q\u00eb u varros, ishte djali i vog\u00ebl 9 vje\u00e7ar, Sinan Dauti, nga Prekazi, i cili n\u00eb pranver\u00ebn e vitit 1999 ishte i fshehur bashk\u00eb me n\u00ebn\u00ebn e tij e familjar\u00eb t\u00eb tjer\u00eb n\u00eb bodrumin e sht\u00ebpis\u00eb s\u00eb tyre, n\u00eb Prekaz e n\u00eb m\u00ebnyr\u00eb mizore at\u00eb e p\u00ebrfshiu bresh\u00ebria e plumbave t\u00eb forcave t\u00eb armatosura t\u00eb Serbis\u00eb, q\u00eb po shtinin mbi grat\u00eb e f\u00ebmij\u00ebt. Dhe me at\u00eb rast, n\u00ebna e tij, n\u00ebna heroin\u00eb Lumnija, e plagosur, e nxori Sinanin e vog\u00ebl nga bodrumi e nga Prekazi e ka bartur deri n\u00eb Klin\u00eb t\u00eb Ul\u00ebt, e pastaj nga Klina e Ul\u00ebt e ka \u00e7uar n\u00eb Skenderaj, prej Skenderajt n\u00eb Mitrovic\u00eb, ku nuk e kan\u00eb l\u00ebn\u00eb familjen, &nbsp;ku q\u00eb prej at\u00ebher\u00eb ai figuronte i zhdukur. Dhe tash s\u00eb fundmi u gjet\u00ebn eshtrat e djalit t\u00eb vog\u00ebl 9 vje\u00e7ar, Sinan Dauti dhe ai prehet i qet\u00eb n\u00eb vendlindjen e tij\u201d, tha Kurti.<\/p>\n","protected":false},"excerpt":{"rendered":"<p>Kryeministri, Albin Kurti, bashk\u00eb me n\u00ebn\u00eb Ferdonijen nga Gjakova, bashk\u00ebpun\u00ebtore nga Qeveria e Kuvendi i Kosov\u00ebs, kan\u00eb b\u00ebr\u00eb homazhe pran\u00eb monumentit, n\u00eb Dit\u00ebn e t\u00eb Pagjeturve. Kurti tha se \u201cKosova ende i k\u00ebrkon edhe 1565 persona q\u00eb figurojn\u00eb si t\u00eb pagjetur, derisa i ka b\u00ebr\u00eb thirrje faktorit nd\u00ebrkomb\u00ebtar q\u00eb t\u00eb shtoj\u00eb trysnin\u00eb ndaj Serbis\u00eb, p\u00ebr [&hellip;]<\/p>\n","protected":false},"author":4,"featured_media":12033,"comment_status":"open","ping_status":"open","sticky":false,"template":"","format":"standard","meta":{"footnotes":""},"categories":[31,30],"tags":[],"class_list":{"0":"post-12032","1":"post","2":"type-post","3":"status-publish","4":"format-standard","5":"has-post-thumbnail","7":"category-kosove","8":"category-lajme"},"yoast_head":"<!-- This site is optimized with the Yoast SEO plugin v27.4 - https:\/\/yoast.com\/product\/yoast-seo-wordpress\/ -->\n<title>Kurti k\u00ebrkon presion nd\u00ebrkomb\u00ebtar ndaj Serbis\u00eb p\u00ebr t\u00eb pagjeturit - Kosova Times<\/title>\n<meta name=\"robots\" content=\"index, follow, max-snippet:-1, max-image-preview:large, max-video-preview:-1\" \/>\n<link rel=\"canonical\" href=\"https:\/\/kosovatimes.info\/index.php\/2026\/04\/27\/kurti-kerkon-presion-nderkombetar-ndaj-serbise-per-te-pagjeturit\/\" \/>\n<meta property=\"og:locale\" content=\"en_US\" \/>\n<meta property=\"og:type\" content=\"article\" \/>\n<meta property=\"og:title\" content=\"Kurti k\u00ebrkon presion nd\u00ebrkomb\u00ebtar ndaj Serbis\u00eb p\u00ebr t\u00eb pagjeturit - Kosova Times\" \/>\n<meta property=\"og:description\" content=\"Kryeministri, Albin Kurti, bashk\u00eb me n\u00ebn\u00eb Ferdonijen nga Gjakova, bashk\u00ebpun\u00ebtore nga Qeveria e Kuvendi i Kosov\u00ebs, kan\u00eb b\u00ebr\u00eb homazhe pran\u00eb monumentit, n\u00eb Dit\u00ebn e t\u00eb Pagjeturve. Kurti tha se \u201cKosova ende i k\u00ebrkon edhe 1565 persona q\u00eb figurojn\u00eb si t\u00eb pagjetur, derisa i ka b\u00ebr\u00eb thirrje faktorit nd\u00ebrkomb\u00ebtar q\u00eb t\u00eb shtoj\u00eb trysnin\u00eb ndaj Serbis\u00eb, p\u00ebr [&hellip;]\" \/>\n<meta property=\"og:url\" content=\"https:\/\/kosovatimes.info\/index.php\/2026\/04\/27\/kurti-kerkon-presion-nderkombetar-ndaj-serbise-per-te-pagjeturit\/\" \/>\n<meta property=\"og:site_name\" content=\"Kosova Times\" \/>\n<meta property=\"article:published_time\" content=\"2026-04-27T09:50:00+00:00\" \/>\n<meta property=\"article:modified_time\" content=\"2026-04-27T11:17:03+00:00\" \/>\n<meta property=\"og:image\" content=\"https:\/\/kosovatimes.info\/wp-content\/uploads\/2026\/04\/Albin-1.png\" \/>\n\t<meta property=\"og:image:width\" content=\"766\" \/>\n\t<meta property=\"og:image:height\" content=\"450\" \/>\n\t<meta property=\"og:image:type\" content=\"image\/png\" \/>\n<meta name=\"author\" content=\"i l\" \/>\n<meta name=\"twitter:card\" content=\"summary_large_image\" \/>\n<meta name=\"twitter:label1\" content=\"Written by\" \/>\n\t<meta name=\"twitter:data1\" content=\"i l\" \/>\n\t<meta name=\"twitter:label2\" content=\"Est. reading time\" \/>\n\t<meta name=\"twitter:data2\" content=\"3 minutes\" \/>\n<script type=\"application\/ld+json\" class=\"yoast-schema-graph\">{\"@context\":\"https:\\\/\\\/schema.org\",\"@graph\":[{\"@type\":\"Article\",\"@id\":\"https:\\\/\\\/kosovatimes.info\\\/index.php\\\/2026\\\/04\\\/27\\\/kurti-kerkon-presion-nderkombetar-ndaj-serbise-per-te-pagjeturit\\\/#article\",\"isPartOf\":{\"@id\":\"https:\\\/\\\/kosovatimes.info\\\/index.php\\\/2026\\\/04\\\/27\\\/kurti-kerkon-presion-nderkombetar-ndaj-serbise-per-te-pagjeturit\\\/\"},\"author\":{\"name\":\"i l\",\"@id\":\"https:\\\/\\\/kosovatimes.info\\\/#\\\/schema\\\/person\\\/7586712b9c512fe68085de007378c915\"},\"headline\":\"Kurti k\u00ebrkon presion nd\u00ebrkomb\u00ebtar ndaj Serbis\u00eb p\u00ebr t\u00eb pagjeturit\",\"datePublished\":\"2026-04-27T09:50:00+00:00\",\"dateModified\":\"2026-04-27T11:17:03+00:00\",\"mainEntityOfPage\":{\"@id\":\"https:\\\/\\\/kosovatimes.info\\\/index.php\\\/2026\\\/04\\\/27\\\/kurti-kerkon-presion-nderkombetar-ndaj-serbise-per-te-pagjeturit\\\/\"},\"wordCount\":646,\"commentCount\":0,\"image\":{\"@id\":\"https:\\\/\\\/kosovatimes.info\\\/index.php\\\/2026\\\/04\\\/27\\\/kurti-kerkon-presion-nderkombetar-ndaj-serbise-per-te-pagjeturit\\\/#primaryimage\"},\"thumbnailUrl\":\"https:\\\/\\\/kosovatimes.info\\\/wp-content\\\/uploads\\\/2026\\\/04\\\/Albin-1.png\",\"articleSection\":[\"Kosov\u00eb\",\"Lajme\"],\"inLanguage\":\"en-US\",\"potentialAction\":[{\"@type\":\"CommentAction\",\"name\":\"Comment\",\"target\":[\"https:\\\/\\\/kosovatimes.info\\\/index.php\\\/2026\\\/04\\\/27\\\/kurti-kerkon-presion-nderkombetar-ndaj-serbise-per-te-pagjeturit\\\/#respond\"]}]},{\"@type\":\"WebPage\",\"@id\":\"https:\\\/\\\/kosovatimes.info\\\/index.php\\\/2026\\\/04\\\/27\\\/kurti-kerkon-presion-nderkombetar-ndaj-serbise-per-te-pagjeturit\\\/\",\"url\":\"https:\\\/\\\/kosovatimes.info\\\/index.php\\\/2026\\\/04\\\/27\\\/kurti-kerkon-presion-nderkombetar-ndaj-serbise-per-te-pagjeturit\\\/\",\"name\":\"Kurti k\u00ebrkon presion nd\u00ebrkomb\u00ebtar ndaj Serbis\u00eb p\u00ebr t\u00eb pagjeturit - Kosova Times\",\"isPartOf\":{\"@id\":\"https:\\\/\\\/kosovatimes.info\\\/#website\"},\"primaryImageOfPage\":{\"@id\":\"https:\\\/\\\/kosovatimes.info\\\/index.php\\\/2026\\\/04\\\/27\\\/kurti-kerkon-presion-nderkombetar-ndaj-serbise-per-te-pagjeturit\\\/#primaryimage\"},\"image\":{\"@id\":\"https:\\\/\\\/kosovatimes.info\\\/index.php\\\/2026\\\/04\\\/27\\\/kurti-kerkon-presion-nderkombetar-ndaj-serbise-per-te-pagjeturit\\\/#primaryimage\"},\"thumbnailUrl\":\"https:\\\/\\\/kosovatimes.info\\\/wp-content\\\/uploads\\\/2026\\\/04\\\/Albin-1.png\",\"datePublished\":\"2026-04-27T09:50:00+00:00\",\"dateModified\":\"2026-04-27T11:17:03+00:00\",\"author\":{\"@id\":\"https:\\\/\\\/kosovatimes.info\\\/#\\\/schema\\\/person\\\/7586712b9c512fe68085de007378c915\"},\"breadcrumb\":{\"@id\":\"https:\\\/\\\/kosovatimes.info\\\/index.php\\\/2026\\\/04\\\/27\\\/kurti-kerkon-presion-nderkombetar-ndaj-serbise-per-te-pagjeturit\\\/#breadcrumb\"},\"inLanguage\":\"en-US\",\"potentialAction\":[{\"@type\":\"ReadAction\",\"target\":[\"https:\\\/\\\/kosovatimes.info\\\/index.php\\\/2026\\\/04\\\/27\\\/kurti-kerkon-presion-nderkombetar-ndaj-serbise-per-te-pagjeturit\\\/\"]}]},{\"@type\":\"ImageObject\",\"inLanguage\":\"en-US\",\"@id\":\"https:\\\/\\\/kosovatimes.info\\\/index.php\\\/2026\\\/04\\\/27\\\/kurti-kerkon-presion-nderkombetar-ndaj-serbise-per-te-pagjeturit\\\/#primaryimage\",\"url\":\"https:\\\/\\\/kosovatimes.info\\\/wp-content\\\/uploads\\\/2026\\\/04\\\/Albin-1.png\",\"contentUrl\":\"https:\\\/\\\/kosovatimes.info\\\/wp-content\\\/uploads\\\/2026\\\/04\\\/Albin-1.png\",\"width\":766,\"height\":450},{\"@type\":\"BreadcrumbList\",\"@id\":\"https:\\\/\\\/kosovatimes.info\\\/index.php\\\/2026\\\/04\\\/27\\\/kurti-kerkon-presion-nderkombetar-ndaj-serbise-per-te-pagjeturit\\\/#breadcrumb\",\"itemListElement\":[{\"@type\":\"ListItem\",\"position\":1,\"name\":\"Home\",\"item\":\"https:\\\/\\\/kosovatimes.info\\\/\"},{\"@type\":\"ListItem\",\"position\":2,\"name\":\"Kurti k\u00ebrkon presion nd\u00ebrkomb\u00ebtar ndaj Serbis\u00eb p\u00ebr t\u00eb pagjeturit\"}]},{\"@type\":\"WebSite\",\"@id\":\"https:\\\/\\\/kosovatimes.info\\\/#website\",\"url\":\"https:\\\/\\\/kosovatimes.info\\\/\",\"name\":\"Kosova Times\",\"description\":\"\",\"potentialAction\":[{\"@type\":\"SearchAction\",\"target\":{\"@type\":\"EntryPoint\",\"urlTemplate\":\"https:\\\/\\\/kosovatimes.info\\\/?s={search_term_string}\"},\"query-input\":{\"@type\":\"PropertyValueSpecification\",\"valueRequired\":true,\"valueName\":\"search_term_string\"}}],\"inLanguage\":\"en-US\"},{\"@type\":\"Person\",\"@id\":\"https:\\\/\\\/kosovatimes.info\\\/#\\\/schema\\\/person\\\/7586712b9c512fe68085de007378c915\",\"name\":\"i l\",\"image\":{\"@type\":\"ImageObject\",\"inLanguage\":\"en-US\",\"@id\":\"https:\\\/\\\/secure.gravatar.com\\\/avatar\\\/bad9296e02816160ae2e2435beda58222022298d5625d49fea74d18816fbb31d?s=96&d=mm&r=g\",\"url\":\"https:\\\/\\\/secure.gravatar.com\\\/avatar\\\/bad9296e02816160ae2e2435beda58222022298d5625d49fea74d18816fbb31d?s=96&d=mm&r=g\",\"contentUrl\":\"https:\\\/\\\/secure.gravatar.com\\\/avatar\\\/bad9296e02816160ae2e2435beda58222022298d5625d49fea74d18816fbb31d?s=96&d=mm&r=g\",\"caption\":\"i l\"},\"url\":\"https:\\\/\\\/kosovatimes.info\\\/index.php\\\/author\\\/iliri\\\/\"}]}<\/script>\n<!-- \/ Yoast SEO plugin. -->","yoast_head_json":{"title":"Kurti k\u00ebrkon presion nd\u00ebrkomb\u00ebtar ndaj Serbis\u00eb p\u00ebr t\u00eb pagjeturit - Kosova Times","robots":{"index":"index","follow":"follow","max-snippet":"max-snippet:-1","max-image-preview":"max-image-preview:large","max-video-preview":"max-video-preview:-1"},"canonical":"https:\/\/kosovatimes.info\/index.php\/2026\/04\/27\/kurti-kerkon-presion-nderkombetar-ndaj-serbise-per-te-pagjeturit\/","og_locale":"en_US","og_type":"article","og_title":"Kurti k\u00ebrkon presion nd\u00ebrkomb\u00ebtar ndaj Serbis\u00eb p\u00ebr t\u00eb pagjeturit - Kosova Times","og_description":"Kryeministri, Albin Kurti, bashk\u00eb me n\u00ebn\u00eb Ferdonijen nga Gjakova, bashk\u00ebpun\u00ebtore nga Qeveria e Kuvendi i Kosov\u00ebs, kan\u00eb b\u00ebr\u00eb homazhe pran\u00eb monumentit, n\u00eb Dit\u00ebn e t\u00eb Pagjeturve. Kurti tha se \u201cKosova ende i k\u00ebrkon edhe 1565 persona q\u00eb figurojn\u00eb si t\u00eb pagjetur, derisa i ka b\u00ebr\u00eb thirrje faktorit nd\u00ebrkomb\u00ebtar q\u00eb t\u00eb shtoj\u00eb trysnin\u00eb ndaj Serbis\u00eb, p\u00ebr [&hellip;]","og_url":"https:\/\/kosovatimes.info\/index.php\/2026\/04\/27\/kurti-kerkon-presion-nderkombetar-ndaj-serbise-per-te-pagjeturit\/","og_site_name":"Kosova Times","article_published_time":"2026-04-27T09:50:00+00:00","article_modified_time":"2026-04-27T11:17:03+00:00","og_image":[{"width":766,"height":450,"url":"https:\/\/kosovatimes.info\/wp-content\/uploads\/2026\/04\/Albin-1.png","type":"image\/png"}],"author":"i l","twitter_card":"summary_large_image","twitter_misc":{"Written by":"i l","Est. reading time":"3 minutes"},"schema":{"@context":"https:\/\/schema.org","@graph":[{"@type":"Article","@id":"https:\/\/kosovatimes.info\/index.php\/2026\/04\/27\/kurti-kerkon-presion-nderkombetar-ndaj-serbise-per-te-pagjeturit\/#article","isPartOf":{"@id":"https:\/\/kosovatimes.info\/index.php\/2026\/04\/27\/kurti-kerkon-presion-nderkombetar-ndaj-serbise-per-te-pagjeturit\/"},"author":{"name":"i l","@id":"https:\/\/kosovatimes.info\/#\/schema\/person\/7586712b9c512fe68085de007378c915"},"headline":"Kurti k\u00ebrkon presion nd\u00ebrkomb\u00ebtar ndaj Serbis\u00eb p\u00ebr t\u00eb pagjeturit","datePublished":"2026-04-27T09:50:00+00:00","dateModified":"2026-04-27T11:17:03+00:00","mainEntityOfPage":{"@id":"https:\/\/kosovatimes.info\/index.php\/2026\/04\/27\/kurti-kerkon-presion-nderkombetar-ndaj-serbise-per-te-pagjeturit\/"},"wordCount":646,"commentCount":0,"image":{"@id":"https:\/\/kosovatimes.info\/index.php\/2026\/04\/27\/kurti-kerkon-presion-nderkombetar-ndaj-serbise-per-te-pagjeturit\/#primaryimage"},"thumbnailUrl":"https:\/\/kosovatimes.info\/wp-content\/uploads\/2026\/04\/Albin-1.png","articleSection":["Kosov\u00eb","Lajme"],"inLanguage":"en-US","potentialAction":[{"@type":"CommentAction","name":"Comment","target":["https:\/\/kosovatimes.info\/index.php\/2026\/04\/27\/kurti-kerkon-presion-nderkombetar-ndaj-serbise-per-te-pagjeturit\/#respond"]}]},{"@type":"WebPage","@id":"https:\/\/kosovatimes.info\/index.php\/2026\/04\/27\/kurti-kerkon-presion-nderkombetar-ndaj-serbise-per-te-pagjeturit\/","url":"https:\/\/kosovatimes.info\/index.php\/2026\/04\/27\/kurti-kerkon-presion-nderkombetar-ndaj-serbise-per-te-pagjeturit\/","name":"Kurti k\u00ebrkon presion nd\u00ebrkomb\u00ebtar ndaj Serbis\u00eb p\u00ebr t\u00eb pagjeturit - Kosova Times","isPartOf":{"@id":"https:\/\/kosovatimes.info\/#website"},"primaryImageOfPage":{"@id":"https:\/\/kosovatimes.info\/index.php\/2026\/04\/27\/kurti-kerkon-presion-nderkombetar-ndaj-serbise-per-te-pagjeturit\/#primaryimage"},"image":{"@id":"https:\/\/kosovatimes.info\/index.php\/2026\/04\/27\/kurti-kerkon-presion-nderkombetar-ndaj-serbise-per-te-pagjeturit\/#primaryimage"},"thumbnailUrl":"https:\/\/kosovatimes.info\/wp-content\/uploads\/2026\/04\/Albin-1.png","datePublished":"2026-04-27T09:50:00+00:00","dateModified":"2026-04-27T11:17:03+00:00","author":{"@id":"https:\/\/kosovatimes.info\/#\/schema\/person\/7586712b9c512fe68085de007378c915"},"breadcrumb":{"@id":"https:\/\/kosovatimes.info\/index.php\/2026\/04\/27\/kurti-kerkon-presion-nderkombetar-ndaj-serbise-per-te-pagjeturit\/#breadcrumb"},"inLanguage":"en-US","potentialAction":[{"@type":"ReadAction","target":["https:\/\/kosovatimes.info\/index.php\/2026\/04\/27\/kurti-kerkon-presion-nderkombetar-ndaj-serbise-per-te-pagjeturit\/"]}]},{"@type":"ImageObject","inLanguage":"en-US","@id":"https:\/\/kosovatimes.info\/index.php\/2026\/04\/27\/kurti-kerkon-presion-nderkombetar-ndaj-serbise-per-te-pagjeturit\/#primaryimage","url":"https:\/\/kosovatimes.info\/wp-content\/uploads\/2026\/04\/Albin-1.png","contentUrl":"https:\/\/kosovatimes.info\/wp-content\/uploads\/2026\/04\/Albin-1.png","width":766,"height":450},{"@type":"BreadcrumbList","@id":"https:\/\/kosovatimes.info\/index.php\/2026\/04\/27\/kurti-kerkon-presion-nderkombetar-ndaj-serbise-per-te-pagjeturit\/#breadcrumb","itemListElement":[{"@type":"ListItem","position":1,"name":"Home","item":"https:\/\/kosovatimes.info\/"},{"@type":"ListItem","position":2,"name":"Kurti k\u00ebrkon presion nd\u00ebrkomb\u00ebtar ndaj Serbis\u00eb p\u00ebr t\u00eb pagjeturit"}]},{"@type":"WebSite","@id":"https:\/\/kosovatimes.info\/#website","url":"https:\/\/kosovatimes.info\/","name":"Kosova Times","description":"","potentialAction":[{"@type":"SearchAction","target":{"@type":"EntryPoint","urlTemplate":"https:\/\/kosovatimes.info\/?s={search_term_string}"},"query-input":{"@type":"PropertyValueSpecification","valueRequired":true,"valueName":"search_term_string"}}],"inLanguage":"en-US"},{"@type":"Person","@id":"https:\/\/kosovatimes.info\/#\/schema\/person\/7586712b9c512fe68085de007378c915","name":"i l","image":{"@type":"ImageObject","inLanguage":"en-US","@id":"https:\/\/secure.gravatar.com\/avatar\/bad9296e02816160ae2e2435beda58222022298d5625d49fea74d18816fbb31d?s=96&d=mm&r=g","url":"https:\/\/secure.gravatar.com\/avatar\/bad9296e02816160ae2e2435beda58222022298d5625d49fea74d18816fbb31d?s=96&d=mm&r=g","contentUrl":"https:\/\/secure.gravatar.com\/avatar\/bad9296e02816160ae2e2435beda58222022298d5625d49fea74d18816fbb31d?s=96&d=mm&r=g","caption":"i l"},"url":"https:\/\/kosovatimes.info\/index.php\/author\/iliri\/"}]}},"_links":{"self":[{"href":"https:\/\/kosovatimes.info\/index.php\/wp-json\/wp\/v2\/posts\/12032","targetHints":{"allow":["GET"]}}],"collection":[{"href":"https:\/\/kosovatimes.info\/index.php\/wp-json\/wp\/v2\/posts"}],"about":[{"href":"https:\/\/kosovatimes.info\/index.php\/wp-json\/wp\/v2\/types\/post"}],"author":[{"embeddable":true,"href":"https:\/\/kosovatimes.info\/index.php\/wp-json\/wp\/v2\/users\/4"}],"replies":[{"embeddable":true,"href":"https:\/\/kosovatimes.info\/index.php\/wp-json\/wp\/v2\/comments?post=12032"}],"version-history":[{"count":1,"href":"https:\/\/kosovatimes.info\/index.php\/wp-json\/wp\/v2\/posts\/12032\/revisions"}],"predecessor-version":[{"id":12034,"href":"https:\/\/kosovatimes.info\/index.php\/wp-json\/wp\/v2\/posts\/12032\/revisions\/12034"}],"wp:featuredmedia":[{"embeddable":true,"href":"https:\/\/kosovatimes.info\/index.php\/wp-json\/wp\/v2\/media\/12033"}],"wp:attachment":[{"href":"https:\/\/kosovatimes.info\/index.php\/wp-json\/wp\/v2\/media?parent=12032"}],"wp:term":[{"taxonomy":"category","embeddable":true,"href":"https:\/\/kosovatimes.info\/index.php\/wp-json\/wp\/v2\/categories?post=12032"},{"taxonomy":"post_tag","embeddable":true,"href":"https:\/\/kosovatimes.info\/index.php\/wp-json\/wp\/v2\/tags?post=12032"}],"curies":[{"name":"wp","href":"https:\/\/api.w.org\/{rel}","templated":true}]}}