{"id":12044,"date":"2026-04-27T12:34:00","date_gmt":"2026-04-27T10:34:00","guid":{"rendered":"https:\/\/kosovatimes.info\/?p=12044"},"modified":"2026-04-27T13:23:36","modified_gmt":"2026-04-27T11:23:36","slug":"osmani-27-prilli-mbetet-plage-e-hapur-kerkohet-drejtesi-per-te-pagjeturit","status":"publish","type":"post","link":"https:\/\/kosovatimes.info\/index.php\/2026\/04\/27\/osmani-27-prilli-mbetet-plage-e-hapur-kerkohet-drejtesi-per-te-pagjeturit\/","title":{"rendered":"Osmani: 27 prilli mbetet plag\u00eb e hapur, k\u00ebrkohet drejt\u00ebsi p\u00ebr t\u00eb pagjeturit"},"content":{"rendered":"\n<p><strong>Ish-presidentja,&nbsp;Vjosa Osmani, ka deklaruar se 27 prilli mbetet nj\u00eb dat\u00eb q\u00eb vazhdon t\u00eb p\u00ebrfaq\u00ebsoj\u00eb nj\u00eb plag\u00eb t\u00eb hapur p\u00ebr shoq\u00ebrin\u00eb kosovare, duke theksuar dhimbjen e familjeve t\u00eb personave t\u00eb zhdukur gjat\u00eb luft\u00ebs.<\/strong><\/p>\n\n\n\n<p>Vjosa Osmani ka theksuar se shum\u00eb familje ende jetojn\u00eb me pritje dhe ankth, disa n\u00eb k\u00ebrkim t\u00eb nj\u00eb varri p\u00ebr t\u00eb af\u00ebrmit e tyre, e t\u00eb tjera n\u00eb k\u00ebrkim t\u00eb p\u00ebrgjigjeve p\u00ebr fatin e tyre.<\/p>\n\n\n\n<p>\u201cFamiljet ende presin. Disa p\u00ebr nj\u00eb varr, disa p\u00ebr nj\u00eb p\u00ebrgjigje. Q\u00eb t\u00eb gjith\u00eb n\u00eb ankth\u201d, u shpreh ajo, duke shtuar se Kosova vazhdon t\u00eb k\u00ebrkoj\u00eb drejt\u00ebsi t\u00eb plot\u00eb p\u00ebr krimet e kryera gjat\u00eb luft\u00ebs.<\/p>\n\n\n\n<p>Presidentja theksoi se Serbia duhet t\u00eb hap\u00eb arkivat shtet\u00ebrore dhe t\u00eb jap\u00eb llogari p\u00ebr krimet e luft\u00ebs, duke p\u00ebrfshir\u00eb edhe \u00e7\u00ebshtjen e t\u00eb zhdukurve me dhun\u00eb dhe varrezave masive.<\/p>\n\n\n\n<p>Sipas saj, mbajtja e informacionit dhe fshehja e varrezave masive p\u00ebrb\u00ebjn\u00eb nj\u00eb krim t\u00eb p\u00ebrs\u00ebritur, nd\u00ebrsa theksoi se paqja e q\u00ebndrueshme mund t\u00eb nd\u00ebrtohet vet\u00ebm mbi t\u00eb v\u00ebrtet\u00ebn dhe drejt\u00ebsin\u00eb.<\/p>\n\n\n\n<p>\u201cE ardhmja nd\u00ebrtohet vet\u00ebm mbi t\u00eb v\u00ebrtet\u00ebn. Paqja e v\u00ebrtet\u00eb nd\u00ebrtohet vet\u00ebm kur ka drejt\u00ebsi,\u201d deklaroi Osmani, duke shtuar se e v\u00ebrteta duhet t\u00eb zbardhet plot\u00ebsisht p\u00ebr t\u00eb siguruar paqe t\u00eb q\u00ebndrueshme n\u00eb rajon.<\/p>\n\n\n\n<p><a href=\"https:\/\/www.facebook.com\/plugins\/post.php?href=https%3A%2F%2Fwww.facebook.com%2FVjosaOsmaniMP%2Fposts%2Fpfbid02VdkUbf16PxtPWVPK7bMwzZ6mAn5vZfxQdD4oLoim9bSguZGqPDdiNXTuqdbTo277l&amp;show_text=true&amp;width=500\">https:\/\/www.facebook.com\/plugins\/post.php?href=https%3A%2F%2Fwww.facebook.com%2FVjosaOsmaniMP%2Fposts%2Fpfbid02VdkUbf16PxtPWVPK7bMwzZ6mAn5vZfxQdD4oLoim9bSguZGqPDdiNXTuqdbTo277l&amp;show_text=true&amp;width=500<\/a><\/p>\n","protected":false},"excerpt":{"rendered":"<p>Ish-presidentja,&nbsp;Vjosa Osmani, ka deklaruar se 27 prilli mbetet nj\u00eb dat\u00eb q\u00eb vazhdon t\u00eb p\u00ebrfaq\u00ebsoj\u00eb nj\u00eb plag\u00eb t\u00eb hapur p\u00ebr shoq\u00ebrin\u00eb kosovare, duke theksuar dhimbjen e familjeve t\u00eb personave t\u00eb zhdukur gjat\u00eb luft\u00ebs. Vjosa Osmani ka theksuar se shum\u00eb familje ende jetojn\u00eb me pritje dhe ankth, disa n\u00eb k\u00ebrkim t\u00eb nj\u00eb varri p\u00ebr t\u00eb af\u00ebrmit e [&hellip;]<\/p>\n","protected":false},"author":4,"featured_media":12045,"comment_status":"open","ping_status":"open","sticky":false,"template":"","format":"standard","meta":{"footnotes":""},"categories":[1],"tags":[],"class_list":{"0":"post-12044","1":"post","2":"type-post","3":"status-publish","4":"format-standard","5":"has-post-thumbnail","7":"category-pafilter"},"yoast_head":"<!-- This site is optimized with the Yoast SEO plugin v27.4 - https:\/\/yoast.com\/product\/yoast-seo-wordpress\/ -->\n<title>Osmani: 27 prilli mbetet plag\u00eb e hapur, k\u00ebrkohet drejt\u00ebsi p\u00ebr t\u00eb pagjeturit - Kosova Times<\/title>\n<meta name=\"robots\" content=\"index, follow, max-snippet:-1, max-image-preview:large, max-video-preview:-1\" \/>\n<link rel=\"canonical\" href=\"https:\/\/kosovatimes.info\/index.php\/2026\/04\/27\/osmani-27-prilli-mbetet-plage-e-hapur-kerkohet-drejtesi-per-te-pagjeturit\/\" \/>\n<meta property=\"og:locale\" content=\"en_US\" \/>\n<meta property=\"og:type\" content=\"article\" \/>\n<meta property=\"og:title\" content=\"Osmani: 27 prilli mbetet plag\u00eb e hapur, k\u00ebrkohet drejt\u00ebsi p\u00ebr t\u00eb pagjeturit - Kosova Times\" \/>\n<meta property=\"og:description\" content=\"Ish-presidentja,&nbsp;Vjosa Osmani, ka deklaruar se 27 prilli mbetet nj\u00eb dat\u00eb q\u00eb vazhdon t\u00eb p\u00ebrfaq\u00ebsoj\u00eb nj\u00eb plag\u00eb t\u00eb hapur p\u00ebr shoq\u00ebrin\u00eb kosovare, duke theksuar dhimbjen e familjeve t\u00eb personave t\u00eb zhdukur gjat\u00eb luft\u00ebs. Vjosa Osmani ka theksuar se shum\u00eb familje ende jetojn\u00eb me pritje dhe ankth, disa n\u00eb k\u00ebrkim t\u00eb nj\u00eb varri p\u00ebr t\u00eb af\u00ebrmit e [&hellip;]\" \/>\n<meta property=\"og:url\" content=\"https:\/\/kosovatimes.info\/index.php\/2026\/04\/27\/osmani-27-prilli-mbetet-plage-e-hapur-kerkohet-drejtesi-per-te-pagjeturit\/\" \/>\n<meta property=\"og:site_name\" content=\"Kosova Times\" \/>\n<meta property=\"article:published_time\" content=\"2026-04-27T10:34:00+00:00\" \/>\n<meta property=\"article:modified_time\" content=\"2026-04-27T11:23:36+00:00\" \/>\n<meta property=\"og:image\" content=\"https:\/\/kosovatimes.info\/wp-content\/uploads\/2026\/04\/Osmani-9.jpg\" \/>\n\t<meta property=\"og:image:width\" content=\"780\" \/>\n\t<meta property=\"og:image:height\" content=\"500\" \/>\n\t<meta property=\"og:image:type\" content=\"image\/jpeg\" \/>\n<meta name=\"author\" content=\"i l\" \/>\n<meta name=\"twitter:card\" content=\"summary_large_image\" \/>\n<meta name=\"twitter:label1\" content=\"Written by\" \/>\n\t<meta name=\"twitter:data1\" content=\"i l\" \/>\n\t<meta name=\"twitter:label2\" content=\"Est. reading time\" \/>\n\t<meta name=\"twitter:data2\" content=\"2 minutes\" \/>\n<script type=\"application\/ld+json\" class=\"yoast-schema-graph\">{\"@context\":\"https:\\\/\\\/schema.org\",\"@graph\":[{\"@type\":\"Article\",\"@id\":\"https:\\\/\\\/kosovatimes.info\\\/index.php\\\/2026\\\/04\\\/27\\\/osmani-27-prilli-mbetet-plage-e-hapur-kerkohet-drejtesi-per-te-pagjeturit\\\/#article\",\"isPartOf\":{\"@id\":\"https:\\\/\\\/kosovatimes.info\\\/index.php\\\/2026\\\/04\\\/27\\\/osmani-27-prilli-mbetet-plage-e-hapur-kerkohet-drejtesi-per-te-pagjeturit\\\/\"},\"author\":{\"name\":\"i l\",\"@id\":\"https:\\\/\\\/kosovatimes.info\\\/#\\\/schema\\\/person\\\/7586712b9c512fe68085de007378c915\"},\"headline\":\"Osmani: 27 prilli mbetet plag\u00eb e hapur, k\u00ebrkohet drejt\u00ebsi p\u00ebr t\u00eb pagjeturit\",\"datePublished\":\"2026-04-27T10:34:00+00:00\",\"dateModified\":\"2026-04-27T11:23:36+00:00\",\"mainEntityOfPage\":{\"@id\":\"https:\\\/\\\/kosovatimes.info\\\/index.php\\\/2026\\\/04\\\/27\\\/osmani-27-prilli-mbetet-plage-e-hapur-kerkohet-drejtesi-per-te-pagjeturit\\\/\"},\"wordCount\":286,\"commentCount\":0,\"image\":{\"@id\":\"https:\\\/\\\/kosovatimes.info\\\/index.php\\\/2026\\\/04\\\/27\\\/osmani-27-prilli-mbetet-plage-e-hapur-kerkohet-drejtesi-per-te-pagjeturit\\\/#primaryimage\"},\"thumbnailUrl\":\"https:\\\/\\\/kosovatimes.info\\\/wp-content\\\/uploads\\\/2026\\\/04\\\/Osmani-9.jpg\",\"articleSection\":[\"pafilter\"],\"inLanguage\":\"en-US\",\"potentialAction\":[{\"@type\":\"CommentAction\",\"name\":\"Comment\",\"target\":[\"https:\\\/\\\/kosovatimes.info\\\/index.php\\\/2026\\\/04\\\/27\\\/osmani-27-prilli-mbetet-plage-e-hapur-kerkohet-drejtesi-per-te-pagjeturit\\\/#respond\"]}]},{\"@type\":\"WebPage\",\"@id\":\"https:\\\/\\\/kosovatimes.info\\\/index.php\\\/2026\\\/04\\\/27\\\/osmani-27-prilli-mbetet-plage-e-hapur-kerkohet-drejtesi-per-te-pagjeturit\\\/\",\"url\":\"https:\\\/\\\/kosovatimes.info\\\/index.php\\\/2026\\\/04\\\/27\\\/osmani-27-prilli-mbetet-plage-e-hapur-kerkohet-drejtesi-per-te-pagjeturit\\\/\",\"name\":\"Osmani: 27 prilli mbetet plag\u00eb e hapur, k\u00ebrkohet drejt\u00ebsi p\u00ebr t\u00eb pagjeturit - Kosova Times\",\"isPartOf\":{\"@id\":\"https:\\\/\\\/kosovatimes.info\\\/#website\"},\"primaryImageOfPage\":{\"@id\":\"https:\\\/\\\/kosovatimes.info\\\/index.php\\\/2026\\\/04\\\/27\\\/osmani-27-prilli-mbetet-plage-e-hapur-kerkohet-drejtesi-per-te-pagjeturit\\\/#primaryimage\"},\"image\":{\"@id\":\"https:\\\/\\\/kosovatimes.info\\\/index.php\\\/2026\\\/04\\\/27\\\/osmani-27-prilli-mbetet-plage-e-hapur-kerkohet-drejtesi-per-te-pagjeturit\\\/#primaryimage\"},\"thumbnailUrl\":\"https:\\\/\\\/kosovatimes.info\\\/wp-content\\\/uploads\\\/2026\\\/04\\\/Osmani-9.jpg\",\"datePublished\":\"2026-04-27T10:34:00+00:00\",\"dateModified\":\"2026-04-27T11:23:36+00:00\",\"author\":{\"@id\":\"https:\\\/\\\/kosovatimes.info\\\/#\\\/schema\\\/person\\\/7586712b9c512fe68085de007378c915\"},\"breadcrumb\":{\"@id\":\"https:\\\/\\\/kosovatimes.info\\\/index.php\\\/2026\\\/04\\\/27\\\/osmani-27-prilli-mbetet-plage-e-hapur-kerkohet-drejtesi-per-te-pagjeturit\\\/#breadcrumb\"},\"inLanguage\":\"en-US\",\"potentialAction\":[{\"@type\":\"ReadAction\",\"target\":[\"https:\\\/\\\/kosovatimes.info\\\/index.php\\\/2026\\\/04\\\/27\\\/osmani-27-prilli-mbetet-plage-e-hapur-kerkohet-drejtesi-per-te-pagjeturit\\\/\"]}]},{\"@type\":\"ImageObject\",\"inLanguage\":\"en-US\",\"@id\":\"https:\\\/\\\/kosovatimes.info\\\/index.php\\\/2026\\\/04\\\/27\\\/osmani-27-prilli-mbetet-plage-e-hapur-kerkohet-drejtesi-per-te-pagjeturit\\\/#primaryimage\",\"url\":\"https:\\\/\\\/kosovatimes.info\\\/wp-content\\\/uploads\\\/2026\\\/04\\\/Osmani-9.jpg\",\"contentUrl\":\"https:\\\/\\\/kosovatimes.info\\\/wp-content\\\/uploads\\\/2026\\\/04\\\/Osmani-9.jpg\",\"width\":780,\"height\":500},{\"@type\":\"BreadcrumbList\",\"@id\":\"https:\\\/\\\/kosovatimes.info\\\/index.php\\\/2026\\\/04\\\/27\\\/osmani-27-prilli-mbetet-plage-e-hapur-kerkohet-drejtesi-per-te-pagjeturit\\\/#breadcrumb\",\"itemListElement\":[{\"@type\":\"ListItem\",\"position\":1,\"name\":\"Home\",\"item\":\"https:\\\/\\\/kosovatimes.info\\\/\"},{\"@type\":\"ListItem\",\"position\":2,\"name\":\"Osmani: 27 prilli mbetet plag\u00eb e hapur, k\u00ebrkohet drejt\u00ebsi p\u00ebr t\u00eb pagjeturit\"}]},{\"@type\":\"WebSite\",\"@id\":\"https:\\\/\\\/kosovatimes.info\\\/#website\",\"url\":\"https:\\\/\\\/kosovatimes.info\\\/\",\"name\":\"Kosova Times\",\"description\":\"\",\"potentialAction\":[{\"@type\":\"SearchAction\",\"target\":{\"@type\":\"EntryPoint\",\"urlTemplate\":\"https:\\\/\\\/kosovatimes.info\\\/?s={search_term_string}\"},\"query-input\":{\"@type\":\"PropertyValueSpecification\",\"valueRequired\":true,\"valueName\":\"search_term_string\"}}],\"inLanguage\":\"en-US\"},{\"@type\":\"Person\",\"@id\":\"https:\\\/\\\/kosovatimes.info\\\/#\\\/schema\\\/person\\\/7586712b9c512fe68085de007378c915\",\"name\":\"i l\",\"image\":{\"@type\":\"ImageObject\",\"inLanguage\":\"en-US\",\"@id\":\"https:\\\/\\\/secure.gravatar.com\\\/avatar\\\/bad9296e02816160ae2e2435beda58222022298d5625d49fea74d18816fbb31d?s=96&d=mm&r=g\",\"url\":\"https:\\\/\\\/secure.gravatar.com\\\/avatar\\\/bad9296e02816160ae2e2435beda58222022298d5625d49fea74d18816fbb31d?s=96&d=mm&r=g\",\"contentUrl\":\"https:\\\/\\\/secure.gravatar.com\\\/avatar\\\/bad9296e02816160ae2e2435beda58222022298d5625d49fea74d18816fbb31d?s=96&d=mm&r=g\",\"caption\":\"i l\"},\"url\":\"https:\\\/\\\/kosovatimes.info\\\/index.php\\\/author\\\/iliri\\\/\"}]}<\/script>\n<!-- \/ Yoast SEO plugin. -->","yoast_head_json":{"title":"Osmani: 27 prilli mbetet plag\u00eb e hapur, k\u00ebrkohet drejt\u00ebsi p\u00ebr t\u00eb pagjeturit - Kosova Times","robots":{"index":"index","follow":"follow","max-snippet":"max-snippet:-1","max-image-preview":"max-image-preview:large","max-video-preview":"max-video-preview:-1"},"canonical":"https:\/\/kosovatimes.info\/index.php\/2026\/04\/27\/osmani-27-prilli-mbetet-plage-e-hapur-kerkohet-drejtesi-per-te-pagjeturit\/","og_locale":"en_US","og_type":"article","og_title":"Osmani: 27 prilli mbetet plag\u00eb e hapur, k\u00ebrkohet drejt\u00ebsi p\u00ebr t\u00eb pagjeturit - Kosova Times","og_description":"Ish-presidentja,&nbsp;Vjosa Osmani, ka deklaruar se 27 prilli mbetet nj\u00eb dat\u00eb q\u00eb vazhdon t\u00eb p\u00ebrfaq\u00ebsoj\u00eb nj\u00eb plag\u00eb t\u00eb hapur p\u00ebr shoq\u00ebrin\u00eb kosovare, duke theksuar dhimbjen e familjeve t\u00eb personave t\u00eb zhdukur gjat\u00eb luft\u00ebs. Vjosa Osmani ka theksuar se shum\u00eb familje ende jetojn\u00eb me pritje dhe ankth, disa n\u00eb k\u00ebrkim t\u00eb nj\u00eb varri p\u00ebr t\u00eb af\u00ebrmit e [&hellip;]","og_url":"https:\/\/kosovatimes.info\/index.php\/2026\/04\/27\/osmani-27-prilli-mbetet-plage-e-hapur-kerkohet-drejtesi-per-te-pagjeturit\/","og_site_name":"Kosova Times","article_published_time":"2026-04-27T10:34:00+00:00","article_modified_time":"2026-04-27T11:23:36+00:00","og_image":[{"width":780,"height":500,"url":"https:\/\/kosovatimes.info\/wp-content\/uploads\/2026\/04\/Osmani-9.jpg","type":"image\/jpeg"}],"author":"i l","twitter_card":"summary_large_image","twitter_misc":{"Written by":"i l","Est. reading time":"2 minutes"},"schema":{"@context":"https:\/\/schema.org","@graph":[{"@type":"Article","@id":"https:\/\/kosovatimes.info\/index.php\/2026\/04\/27\/osmani-27-prilli-mbetet-plage-e-hapur-kerkohet-drejtesi-per-te-pagjeturit\/#article","isPartOf":{"@id":"https:\/\/kosovatimes.info\/index.php\/2026\/04\/27\/osmani-27-prilli-mbetet-plage-e-hapur-kerkohet-drejtesi-per-te-pagjeturit\/"},"author":{"name":"i l","@id":"https:\/\/kosovatimes.info\/#\/schema\/person\/7586712b9c512fe68085de007378c915"},"headline":"Osmani: 27 prilli mbetet plag\u00eb e hapur, k\u00ebrkohet drejt\u00ebsi p\u00ebr t\u00eb pagjeturit","datePublished":"2026-04-27T10:34:00+00:00","dateModified":"2026-04-27T11:23:36+00:00","mainEntityOfPage":{"@id":"https:\/\/kosovatimes.info\/index.php\/2026\/04\/27\/osmani-27-prilli-mbetet-plage-e-hapur-kerkohet-drejtesi-per-te-pagjeturit\/"},"wordCount":286,"commentCount":0,"image":{"@id":"https:\/\/kosovatimes.info\/index.php\/2026\/04\/27\/osmani-27-prilli-mbetet-plage-e-hapur-kerkohet-drejtesi-per-te-pagjeturit\/#primaryimage"},"thumbnailUrl":"https:\/\/kosovatimes.info\/wp-content\/uploads\/2026\/04\/Osmani-9.jpg","articleSection":["pafilter"],"inLanguage":"en-US","potentialAction":[{"@type":"CommentAction","name":"Comment","target":["https:\/\/kosovatimes.info\/index.php\/2026\/04\/27\/osmani-27-prilli-mbetet-plage-e-hapur-kerkohet-drejtesi-per-te-pagjeturit\/#respond"]}]},{"@type":"WebPage","@id":"https:\/\/kosovatimes.info\/index.php\/2026\/04\/27\/osmani-27-prilli-mbetet-plage-e-hapur-kerkohet-drejtesi-per-te-pagjeturit\/","url":"https:\/\/kosovatimes.info\/index.php\/2026\/04\/27\/osmani-27-prilli-mbetet-plage-e-hapur-kerkohet-drejtesi-per-te-pagjeturit\/","name":"Osmani: 27 prilli mbetet plag\u00eb e hapur, k\u00ebrkohet drejt\u00ebsi p\u00ebr t\u00eb pagjeturit - Kosova Times","isPartOf":{"@id":"https:\/\/kosovatimes.info\/#website"},"primaryImageOfPage":{"@id":"https:\/\/kosovatimes.info\/index.php\/2026\/04\/27\/osmani-27-prilli-mbetet-plage-e-hapur-kerkohet-drejtesi-per-te-pagjeturit\/#primaryimage"},"image":{"@id":"https:\/\/kosovatimes.info\/index.php\/2026\/04\/27\/osmani-27-prilli-mbetet-plage-e-hapur-kerkohet-drejtesi-per-te-pagjeturit\/#primaryimage"},"thumbnailUrl":"https:\/\/kosovatimes.info\/wp-content\/uploads\/2026\/04\/Osmani-9.jpg","datePublished":"2026-04-27T10:34:00+00:00","dateModified":"2026-04-27T11:23:36+00:00","author":{"@id":"https:\/\/kosovatimes.info\/#\/schema\/person\/7586712b9c512fe68085de007378c915"},"breadcrumb":{"@id":"https:\/\/kosovatimes.info\/index.php\/2026\/04\/27\/osmani-27-prilli-mbetet-plage-e-hapur-kerkohet-drejtesi-per-te-pagjeturit\/#breadcrumb"},"inLanguage":"en-US","potentialAction":[{"@type":"ReadAction","target":["https:\/\/kosovatimes.info\/index.php\/2026\/04\/27\/osmani-27-prilli-mbetet-plage-e-hapur-kerkohet-drejtesi-per-te-pagjeturit\/"]}]},{"@type":"ImageObject","inLanguage":"en-US","@id":"https:\/\/kosovatimes.info\/index.php\/2026\/04\/27\/osmani-27-prilli-mbetet-plage-e-hapur-kerkohet-drejtesi-per-te-pagjeturit\/#primaryimage","url":"https:\/\/kosovatimes.info\/wp-content\/uploads\/2026\/04\/Osmani-9.jpg","contentUrl":"https:\/\/kosovatimes.info\/wp-content\/uploads\/2026\/04\/Osmani-9.jpg","width":780,"height":500},{"@type":"BreadcrumbList","@id":"https:\/\/kosovatimes.info\/index.php\/2026\/04\/27\/osmani-27-prilli-mbetet-plage-e-hapur-kerkohet-drejtesi-per-te-pagjeturit\/#breadcrumb","itemListElement":[{"@type":"ListItem","position":1,"name":"Home","item":"https:\/\/kosovatimes.info\/"},{"@type":"ListItem","position":2,"name":"Osmani: 27 prilli mbetet plag\u00eb e hapur, k\u00ebrkohet drejt\u00ebsi p\u00ebr t\u00eb pagjeturit"}]},{"@type":"WebSite","@id":"https:\/\/kosovatimes.info\/#website","url":"https:\/\/kosovatimes.info\/","name":"Kosova Times","description":"","potentialAction":[{"@type":"SearchAction","target":{"@type":"EntryPoint","urlTemplate":"https:\/\/kosovatimes.info\/?s={search_term_string}"},"query-input":{"@type":"PropertyValueSpecification","valueRequired":true,"valueName":"search_term_string"}}],"inLanguage":"en-US"},{"@type":"Person","@id":"https:\/\/kosovatimes.info\/#\/schema\/person\/7586712b9c512fe68085de007378c915","name":"i l","image":{"@type":"ImageObject","inLanguage":"en-US","@id":"https:\/\/secure.gravatar.com\/avatar\/bad9296e02816160ae2e2435beda58222022298d5625d49fea74d18816fbb31d?s=96&d=mm&r=g","url":"https:\/\/secure.gravatar.com\/avatar\/bad9296e02816160ae2e2435beda58222022298d5625d49fea74d18816fbb31d?s=96&d=mm&r=g","contentUrl":"https:\/\/secure.gravatar.com\/avatar\/bad9296e02816160ae2e2435beda58222022298d5625d49fea74d18816fbb31d?s=96&d=mm&r=g","caption":"i l"},"url":"https:\/\/kosovatimes.info\/index.php\/author\/iliri\/"}]}},"_links":{"self":[{"href":"https:\/\/kosovatimes.info\/index.php\/wp-json\/wp\/v2\/posts\/12044","targetHints":{"allow":["GET"]}}],"collection":[{"href":"https:\/\/kosovatimes.info\/index.php\/wp-json\/wp\/v2\/posts"}],"about":[{"href":"https:\/\/kosovatimes.info\/index.php\/wp-json\/wp\/v2\/types\/post"}],"author":[{"embeddable":true,"href":"https:\/\/kosovatimes.info\/index.php\/wp-json\/wp\/v2\/users\/4"}],"replies":[{"embeddable":true,"href":"https:\/\/kosovatimes.info\/index.php\/wp-json\/wp\/v2\/comments?post=12044"}],"version-history":[{"count":1,"href":"https:\/\/kosovatimes.info\/index.php\/wp-json\/wp\/v2\/posts\/12044\/revisions"}],"predecessor-version":[{"id":12046,"href":"https:\/\/kosovatimes.info\/index.php\/wp-json\/wp\/v2\/posts\/12044\/revisions\/12046"}],"wp:featuredmedia":[{"embeddable":true,"href":"https:\/\/kosovatimes.info\/index.php\/wp-json\/wp\/v2\/media\/12045"}],"wp:attachment":[{"href":"https:\/\/kosovatimes.info\/index.php\/wp-json\/wp\/v2\/media?parent=12044"}],"wp:term":[{"taxonomy":"category","embeddable":true,"href":"https:\/\/kosovatimes.info\/index.php\/wp-json\/wp\/v2\/categories?post=12044"},{"taxonomy":"post_tag","embeddable":true,"href":"https:\/\/kosovatimes.info\/index.php\/wp-json\/wp\/v2\/tags?post=12044"}],"curies":[{"name":"wp","href":"https:\/\/api.w.org\/{rel}","templated":true}]}}