{"id":12047,"date":"2026-04-27T12:48:00","date_gmt":"2026-04-27T10:48:00","guid":{"rendered":"https:\/\/kosovatimes.info\/?p=12047"},"modified":"2026-04-27T13:24:52","modified_gmt":"2026-04-27T11:24:52","slug":"haradinaj-plaget-e-luftes-nuk-mbyllen-pa-u-zbardhur-fati-i-te-pagjeturve","status":"publish","type":"post","link":"https:\/\/kosovatimes.info\/index.php\/2026\/04\/27\/haradinaj-plaget-e-luftes-nuk-mbyllen-pa-u-zbardhur-fati-i-te-pagjeturve\/","title":{"rendered":"Haradinaj: Plag\u00ebt e luft\u00ebs nuk mbyllen pa u zbardhur fati i t\u00eb pagjeturve"},"content":{"rendered":"\n<p><strong>Kryetari i Aleanc\u00ebs p\u00ebr Ardhm\u00ebrin\u00eb e Kosov\u00ebs (AAK), Ramush Haradinaj, ka q\u00ebndruar sot n\u00eb Mej\u00eb me rastin e 27-vjetorit t\u00eb Masakr\u00ebs s\u00eb Mej\u00ebs, ku m\u00eb 27 prill 1999 forcat serbe vran\u00eb dhe masakruan 376 civil\u00eb shqiptar\u00eb.<\/strong><\/p>\n\n\n\n<p>P\u00ebrmes nj\u00eb postimi n\u00eb rrjetin social Facebook, Haradinaj ka rikujtuar ngjarjet tragjike t\u00eb asaj dite, duke theksuar se b\u00ebhet fjal\u00eb p\u00ebr nj\u00eb nga masakrat m\u00eb t\u00eb r\u00ebnda t\u00eb kryera gjat\u00eb luft\u00ebs n\u00eb Kosov\u00eb. Sipas tij, viktimat ishin qytetar\u00eb t\u00eb pafajsh\u00ebm, burra dhe gra t\u00eb t\u00eb dy besimeve fetare, t\u00eb cil\u00ebt u ekzekutuan mizorisht.<\/p>\n\n\n\n<p>Ai ka shtuar se nj\u00eb pjes\u00eb e t\u00eb vrar\u00ebve vazhdojn\u00eb t\u00eb mbeten ende t\u00eb pagjetur, duke theksuar se plag\u00ebt e luft\u00ebs nuk mund t\u00eb mbyllen pa zbardhjen e fatit t\u00eb tyre.<\/p>\n\n\n\n<p>\u201cSot, kur Kosova sh\u00ebnon Dit\u00ebn e t\u00eb Pagjeturve, nderuam kujtimin p\u00ebr martir\u00ebt e masakr\u00ebs s\u00eb Mej\u00ebs dhe p\u00ebr d\u00ebshmor\u00ebt e martir\u00ebt e Skivjanit dhe d\u00ebshmor\u00ebt e Prejlepit\u201d, ka shkruar Haradinaj, duke p\u00ebrkujtuar edhe bashk\u00ebluft\u00ebtar\u00eb dhe t\u00eb r\u00ebn\u00eb n\u00eb beteja t\u00eb ndryshme t\u00eb luft\u00ebs s\u00eb Ushtris\u00eb \u00c7lirimtare t\u00eb Kosov\u00ebs n\u00eb Dukagjin.<\/p>\n\n\n\n<p>N\u00eb mesazhin e tij, ai ka theksuar se liria e Kosov\u00ebs \u00ebsht\u00eb rezultat i sakrific\u00ebs s\u00eb t\u00eb r\u00ebn\u00ebve, luft\u00ebs s\u00eb U\u00c7K-s\u00eb dhe mb\u00ebshtetjes s\u00eb aleat\u00ebve nd\u00ebrkomb\u00ebtar\u00eb, p\u00ebrfshir\u00eb NATO-n e udh\u00ebhequr nga Shtetet e Bashkuara t\u00eb Amerik\u00ebs.<\/p>\n\n\n\n<p>\u201cMir\u00ebnjoh\u00ebs ndaj sakrific\u00ebs s\u00eb t\u00eb gjith\u00eb t\u00eb r\u00ebn\u00ebve p\u00ebr liri! Pushofshin t\u00eb qet\u00eb n\u00eb tok\u00ebn e Kosov\u00ebs!\u201d, ka p\u00ebrfunduar Haradinaj.<\/p>\n\n\n\n<p>https:\/\/www.facebook.com\/plugins\/post.php?href=https%3A%2F%2Fwww.facebook.com%2FRamushHaradinajOfficial%2Fposts%2Fpfbid048HKDLWPCoJEUb86B45sPybQ5zcZMhbkn1jYpwVknwwb7B2cqhu17ipMhbaUrcrQl&#038;show_text=true&#038;width=500<\/p>\n\n\n\n<p><\/p>\n","protected":false},"excerpt":{"rendered":"<p>Kryetari i Aleanc\u00ebs p\u00ebr Ardhm\u00ebrin\u00eb e Kosov\u00ebs (AAK), Ramush Haradinaj, ka q\u00ebndruar sot n\u00eb Mej\u00eb me rastin e 27-vjetorit t\u00eb Masakr\u00ebs s\u00eb Mej\u00ebs, ku m\u00eb 27 prill 1999 forcat serbe vran\u00eb dhe masakruan 376 civil\u00eb shqiptar\u00eb. P\u00ebrmes nj\u00eb postimi n\u00eb rrjetin social Facebook, Haradinaj ka rikujtuar ngjarjet tragjike t\u00eb asaj dite, duke theksuar se b\u00ebhet [&hellip;]<\/p>\n","protected":false},"author":4,"featured_media":12048,"comment_status":"open","ping_status":"open","sticky":false,"template":"","format":"standard","meta":{"footnotes":""},"categories":[31,30],"tags":[],"class_list":{"0":"post-12047","1":"post","2":"type-post","3":"status-publish","4":"format-standard","5":"has-post-thumbnail","7":"category-kosove","8":"category-lajme"},"yoast_head":"<!-- This site is optimized with the Yoast SEO plugin v27.4 - https:\/\/yoast.com\/product\/yoast-seo-wordpress\/ -->\n<title>Haradinaj: Plag\u00ebt e luft\u00ebs nuk mbyllen pa u zbardhur fati i t\u00eb pagjeturve - Kosova Times<\/title>\n<meta name=\"robots\" content=\"index, follow, max-snippet:-1, max-image-preview:large, max-video-preview:-1\" \/>\n<link rel=\"canonical\" href=\"https:\/\/kosovatimes.info\/index.php\/2026\/04\/27\/haradinaj-plaget-e-luftes-nuk-mbyllen-pa-u-zbardhur-fati-i-te-pagjeturve\/\" \/>\n<meta property=\"og:locale\" content=\"en_US\" \/>\n<meta property=\"og:type\" content=\"article\" \/>\n<meta property=\"og:title\" content=\"Haradinaj: Plag\u00ebt e luft\u00ebs nuk mbyllen pa u zbardhur fati i t\u00eb pagjeturve - Kosova Times\" \/>\n<meta property=\"og:description\" content=\"Kryetari i Aleanc\u00ebs p\u00ebr Ardhm\u00ebrin\u00eb e Kosov\u00ebs (AAK), Ramush Haradinaj, ka q\u00ebndruar sot n\u00eb Mej\u00eb me rastin e 27-vjetorit t\u00eb Masakr\u00ebs s\u00eb Mej\u00ebs, ku m\u00eb 27 prill 1999 forcat serbe vran\u00eb dhe masakruan 376 civil\u00eb shqiptar\u00eb. P\u00ebrmes nj\u00eb postimi n\u00eb rrjetin social Facebook, Haradinaj ka rikujtuar ngjarjet tragjike t\u00eb asaj dite, duke theksuar se b\u00ebhet [&hellip;]\" \/>\n<meta property=\"og:url\" content=\"https:\/\/kosovatimes.info\/index.php\/2026\/04\/27\/haradinaj-plaget-e-luftes-nuk-mbyllen-pa-u-zbardhur-fati-i-te-pagjeturve\/\" \/>\n<meta property=\"og:site_name\" content=\"Kosova Times\" \/>\n<meta property=\"article:published_time\" content=\"2026-04-27T10:48:00+00:00\" \/>\n<meta property=\"article:modified_time\" content=\"2026-04-27T11:24:52+00:00\" \/>\n<meta property=\"og:image\" content=\"https:\/\/kosovatimes.info\/wp-content\/uploads\/2026\/04\/Ramush-2.jpg\" \/>\n\t<meta property=\"og:image:width\" content=\"780\" \/>\n\t<meta property=\"og:image:height\" content=\"500\" \/>\n\t<meta property=\"og:image:type\" content=\"image\/jpeg\" \/>\n<meta name=\"author\" content=\"i l\" \/>\n<meta name=\"twitter:card\" content=\"summary_large_image\" \/>\n<meta name=\"twitter:label1\" content=\"Written by\" \/>\n\t<meta name=\"twitter:data1\" content=\"i l\" \/>\n\t<meta name=\"twitter:label2\" content=\"Est. reading time\" \/>\n\t<meta name=\"twitter:data2\" content=\"2 minutes\" \/>\n<script type=\"application\/ld+json\" class=\"yoast-schema-graph\">{\"@context\":\"https:\\\/\\\/schema.org\",\"@graph\":[{\"@type\":\"Article\",\"@id\":\"https:\\\/\\\/kosovatimes.info\\\/index.php\\\/2026\\\/04\\\/27\\\/haradinaj-plaget-e-luftes-nuk-mbyllen-pa-u-zbardhur-fati-i-te-pagjeturve\\\/#article\",\"isPartOf\":{\"@id\":\"https:\\\/\\\/kosovatimes.info\\\/index.php\\\/2026\\\/04\\\/27\\\/haradinaj-plaget-e-luftes-nuk-mbyllen-pa-u-zbardhur-fati-i-te-pagjeturve\\\/\"},\"author\":{\"name\":\"i l\",\"@id\":\"https:\\\/\\\/kosovatimes.info\\\/#\\\/schema\\\/person\\\/7586712b9c512fe68085de007378c915\"},\"headline\":\"Haradinaj: Plag\u00ebt e luft\u00ebs nuk mbyllen pa u zbardhur fati i t\u00eb pagjeturve\",\"datePublished\":\"2026-04-27T10:48:00+00:00\",\"dateModified\":\"2026-04-27T11:24:52+00:00\",\"mainEntityOfPage\":{\"@id\":\"https:\\\/\\\/kosovatimes.info\\\/index.php\\\/2026\\\/04\\\/27\\\/haradinaj-plaget-e-luftes-nuk-mbyllen-pa-u-zbardhur-fati-i-te-pagjeturve\\\/\"},\"wordCount\":326,\"commentCount\":0,\"image\":{\"@id\":\"https:\\\/\\\/kosovatimes.info\\\/index.php\\\/2026\\\/04\\\/27\\\/haradinaj-plaget-e-luftes-nuk-mbyllen-pa-u-zbardhur-fati-i-te-pagjeturve\\\/#primaryimage\"},\"thumbnailUrl\":\"https:\\\/\\\/kosovatimes.info\\\/wp-content\\\/uploads\\\/2026\\\/04\\\/Ramush-2.jpg\",\"articleSection\":[\"Kosov\u00eb\",\"Lajme\"],\"inLanguage\":\"en-US\",\"potentialAction\":[{\"@type\":\"CommentAction\",\"name\":\"Comment\",\"target\":[\"https:\\\/\\\/kosovatimes.info\\\/index.php\\\/2026\\\/04\\\/27\\\/haradinaj-plaget-e-luftes-nuk-mbyllen-pa-u-zbardhur-fati-i-te-pagjeturve\\\/#respond\"]}]},{\"@type\":\"WebPage\",\"@id\":\"https:\\\/\\\/kosovatimes.info\\\/index.php\\\/2026\\\/04\\\/27\\\/haradinaj-plaget-e-luftes-nuk-mbyllen-pa-u-zbardhur-fati-i-te-pagjeturve\\\/\",\"url\":\"https:\\\/\\\/kosovatimes.info\\\/index.php\\\/2026\\\/04\\\/27\\\/haradinaj-plaget-e-luftes-nuk-mbyllen-pa-u-zbardhur-fati-i-te-pagjeturve\\\/\",\"name\":\"Haradinaj: Plag\u00ebt e luft\u00ebs nuk mbyllen pa u zbardhur fati i t\u00eb pagjeturve - Kosova Times\",\"isPartOf\":{\"@id\":\"https:\\\/\\\/kosovatimes.info\\\/#website\"},\"primaryImageOfPage\":{\"@id\":\"https:\\\/\\\/kosovatimes.info\\\/index.php\\\/2026\\\/04\\\/27\\\/haradinaj-plaget-e-luftes-nuk-mbyllen-pa-u-zbardhur-fati-i-te-pagjeturve\\\/#primaryimage\"},\"image\":{\"@id\":\"https:\\\/\\\/kosovatimes.info\\\/index.php\\\/2026\\\/04\\\/27\\\/haradinaj-plaget-e-luftes-nuk-mbyllen-pa-u-zbardhur-fati-i-te-pagjeturve\\\/#primaryimage\"},\"thumbnailUrl\":\"https:\\\/\\\/kosovatimes.info\\\/wp-content\\\/uploads\\\/2026\\\/04\\\/Ramush-2.jpg\",\"datePublished\":\"2026-04-27T10:48:00+00:00\",\"dateModified\":\"2026-04-27T11:24:52+00:00\",\"author\":{\"@id\":\"https:\\\/\\\/kosovatimes.info\\\/#\\\/schema\\\/person\\\/7586712b9c512fe68085de007378c915\"},\"breadcrumb\":{\"@id\":\"https:\\\/\\\/kosovatimes.info\\\/index.php\\\/2026\\\/04\\\/27\\\/haradinaj-plaget-e-luftes-nuk-mbyllen-pa-u-zbardhur-fati-i-te-pagjeturve\\\/#breadcrumb\"},\"inLanguage\":\"en-US\",\"potentialAction\":[{\"@type\":\"ReadAction\",\"target\":[\"https:\\\/\\\/kosovatimes.info\\\/index.php\\\/2026\\\/04\\\/27\\\/haradinaj-plaget-e-luftes-nuk-mbyllen-pa-u-zbardhur-fati-i-te-pagjeturve\\\/\"]}]},{\"@type\":\"ImageObject\",\"inLanguage\":\"en-US\",\"@id\":\"https:\\\/\\\/kosovatimes.info\\\/index.php\\\/2026\\\/04\\\/27\\\/haradinaj-plaget-e-luftes-nuk-mbyllen-pa-u-zbardhur-fati-i-te-pagjeturve\\\/#primaryimage\",\"url\":\"https:\\\/\\\/kosovatimes.info\\\/wp-content\\\/uploads\\\/2026\\\/04\\\/Ramush-2.jpg\",\"contentUrl\":\"https:\\\/\\\/kosovatimes.info\\\/wp-content\\\/uploads\\\/2026\\\/04\\\/Ramush-2.jpg\",\"width\":780,\"height\":500},{\"@type\":\"BreadcrumbList\",\"@id\":\"https:\\\/\\\/kosovatimes.info\\\/index.php\\\/2026\\\/04\\\/27\\\/haradinaj-plaget-e-luftes-nuk-mbyllen-pa-u-zbardhur-fati-i-te-pagjeturve\\\/#breadcrumb\",\"itemListElement\":[{\"@type\":\"ListItem\",\"position\":1,\"name\":\"Home\",\"item\":\"https:\\\/\\\/kosovatimes.info\\\/\"},{\"@type\":\"ListItem\",\"position\":2,\"name\":\"Haradinaj: Plag\u00ebt e luft\u00ebs nuk mbyllen pa u zbardhur fati i t\u00eb pagjeturve\"}]},{\"@type\":\"WebSite\",\"@id\":\"https:\\\/\\\/kosovatimes.info\\\/#website\",\"url\":\"https:\\\/\\\/kosovatimes.info\\\/\",\"name\":\"Kosova Times\",\"description\":\"\",\"potentialAction\":[{\"@type\":\"SearchAction\",\"target\":{\"@type\":\"EntryPoint\",\"urlTemplate\":\"https:\\\/\\\/kosovatimes.info\\\/?s={search_term_string}\"},\"query-input\":{\"@type\":\"PropertyValueSpecification\",\"valueRequired\":true,\"valueName\":\"search_term_string\"}}],\"inLanguage\":\"en-US\"},{\"@type\":\"Person\",\"@id\":\"https:\\\/\\\/kosovatimes.info\\\/#\\\/schema\\\/person\\\/7586712b9c512fe68085de007378c915\",\"name\":\"i l\",\"image\":{\"@type\":\"ImageObject\",\"inLanguage\":\"en-US\",\"@id\":\"https:\\\/\\\/secure.gravatar.com\\\/avatar\\\/bad9296e02816160ae2e2435beda58222022298d5625d49fea74d18816fbb31d?s=96&d=mm&r=g\",\"url\":\"https:\\\/\\\/secure.gravatar.com\\\/avatar\\\/bad9296e02816160ae2e2435beda58222022298d5625d49fea74d18816fbb31d?s=96&d=mm&r=g\",\"contentUrl\":\"https:\\\/\\\/secure.gravatar.com\\\/avatar\\\/bad9296e02816160ae2e2435beda58222022298d5625d49fea74d18816fbb31d?s=96&d=mm&r=g\",\"caption\":\"i l\"},\"url\":\"https:\\\/\\\/kosovatimes.info\\\/index.php\\\/author\\\/iliri\\\/\"}]}<\/script>\n<!-- \/ Yoast SEO plugin. -->","yoast_head_json":{"title":"Haradinaj: Plag\u00ebt e luft\u00ebs nuk mbyllen pa u zbardhur fati i t\u00eb pagjeturve - Kosova Times","robots":{"index":"index","follow":"follow","max-snippet":"max-snippet:-1","max-image-preview":"max-image-preview:large","max-video-preview":"max-video-preview:-1"},"canonical":"https:\/\/kosovatimes.info\/index.php\/2026\/04\/27\/haradinaj-plaget-e-luftes-nuk-mbyllen-pa-u-zbardhur-fati-i-te-pagjeturve\/","og_locale":"en_US","og_type":"article","og_title":"Haradinaj: Plag\u00ebt e luft\u00ebs nuk mbyllen pa u zbardhur fati i t\u00eb pagjeturve - Kosova Times","og_description":"Kryetari i Aleanc\u00ebs p\u00ebr Ardhm\u00ebrin\u00eb e Kosov\u00ebs (AAK), Ramush Haradinaj, ka q\u00ebndruar sot n\u00eb Mej\u00eb me rastin e 27-vjetorit t\u00eb Masakr\u00ebs s\u00eb Mej\u00ebs, ku m\u00eb 27 prill 1999 forcat serbe vran\u00eb dhe masakruan 376 civil\u00eb shqiptar\u00eb. P\u00ebrmes nj\u00eb postimi n\u00eb rrjetin social Facebook, Haradinaj ka rikujtuar ngjarjet tragjike t\u00eb asaj dite, duke theksuar se b\u00ebhet [&hellip;]","og_url":"https:\/\/kosovatimes.info\/index.php\/2026\/04\/27\/haradinaj-plaget-e-luftes-nuk-mbyllen-pa-u-zbardhur-fati-i-te-pagjeturve\/","og_site_name":"Kosova Times","article_published_time":"2026-04-27T10:48:00+00:00","article_modified_time":"2026-04-27T11:24:52+00:00","og_image":[{"width":780,"height":500,"url":"https:\/\/kosovatimes.info\/wp-content\/uploads\/2026\/04\/Ramush-2.jpg","type":"image\/jpeg"}],"author":"i l","twitter_card":"summary_large_image","twitter_misc":{"Written by":"i l","Est. reading time":"2 minutes"},"schema":{"@context":"https:\/\/schema.org","@graph":[{"@type":"Article","@id":"https:\/\/kosovatimes.info\/index.php\/2026\/04\/27\/haradinaj-plaget-e-luftes-nuk-mbyllen-pa-u-zbardhur-fati-i-te-pagjeturve\/#article","isPartOf":{"@id":"https:\/\/kosovatimes.info\/index.php\/2026\/04\/27\/haradinaj-plaget-e-luftes-nuk-mbyllen-pa-u-zbardhur-fati-i-te-pagjeturve\/"},"author":{"name":"i l","@id":"https:\/\/kosovatimes.info\/#\/schema\/person\/7586712b9c512fe68085de007378c915"},"headline":"Haradinaj: Plag\u00ebt e luft\u00ebs nuk mbyllen pa u zbardhur fati i t\u00eb pagjeturve","datePublished":"2026-04-27T10:48:00+00:00","dateModified":"2026-04-27T11:24:52+00:00","mainEntityOfPage":{"@id":"https:\/\/kosovatimes.info\/index.php\/2026\/04\/27\/haradinaj-plaget-e-luftes-nuk-mbyllen-pa-u-zbardhur-fati-i-te-pagjeturve\/"},"wordCount":326,"commentCount":0,"image":{"@id":"https:\/\/kosovatimes.info\/index.php\/2026\/04\/27\/haradinaj-plaget-e-luftes-nuk-mbyllen-pa-u-zbardhur-fati-i-te-pagjeturve\/#primaryimage"},"thumbnailUrl":"https:\/\/kosovatimes.info\/wp-content\/uploads\/2026\/04\/Ramush-2.jpg","articleSection":["Kosov\u00eb","Lajme"],"inLanguage":"en-US","potentialAction":[{"@type":"CommentAction","name":"Comment","target":["https:\/\/kosovatimes.info\/index.php\/2026\/04\/27\/haradinaj-plaget-e-luftes-nuk-mbyllen-pa-u-zbardhur-fati-i-te-pagjeturve\/#respond"]}]},{"@type":"WebPage","@id":"https:\/\/kosovatimes.info\/index.php\/2026\/04\/27\/haradinaj-plaget-e-luftes-nuk-mbyllen-pa-u-zbardhur-fati-i-te-pagjeturve\/","url":"https:\/\/kosovatimes.info\/index.php\/2026\/04\/27\/haradinaj-plaget-e-luftes-nuk-mbyllen-pa-u-zbardhur-fati-i-te-pagjeturve\/","name":"Haradinaj: Plag\u00ebt e luft\u00ebs nuk mbyllen pa u zbardhur fati i t\u00eb pagjeturve - Kosova Times","isPartOf":{"@id":"https:\/\/kosovatimes.info\/#website"},"primaryImageOfPage":{"@id":"https:\/\/kosovatimes.info\/index.php\/2026\/04\/27\/haradinaj-plaget-e-luftes-nuk-mbyllen-pa-u-zbardhur-fati-i-te-pagjeturve\/#primaryimage"},"image":{"@id":"https:\/\/kosovatimes.info\/index.php\/2026\/04\/27\/haradinaj-plaget-e-luftes-nuk-mbyllen-pa-u-zbardhur-fati-i-te-pagjeturve\/#primaryimage"},"thumbnailUrl":"https:\/\/kosovatimes.info\/wp-content\/uploads\/2026\/04\/Ramush-2.jpg","datePublished":"2026-04-27T10:48:00+00:00","dateModified":"2026-04-27T11:24:52+00:00","author":{"@id":"https:\/\/kosovatimes.info\/#\/schema\/person\/7586712b9c512fe68085de007378c915"},"breadcrumb":{"@id":"https:\/\/kosovatimes.info\/index.php\/2026\/04\/27\/haradinaj-plaget-e-luftes-nuk-mbyllen-pa-u-zbardhur-fati-i-te-pagjeturve\/#breadcrumb"},"inLanguage":"en-US","potentialAction":[{"@type":"ReadAction","target":["https:\/\/kosovatimes.info\/index.php\/2026\/04\/27\/haradinaj-plaget-e-luftes-nuk-mbyllen-pa-u-zbardhur-fati-i-te-pagjeturve\/"]}]},{"@type":"ImageObject","inLanguage":"en-US","@id":"https:\/\/kosovatimes.info\/index.php\/2026\/04\/27\/haradinaj-plaget-e-luftes-nuk-mbyllen-pa-u-zbardhur-fati-i-te-pagjeturve\/#primaryimage","url":"https:\/\/kosovatimes.info\/wp-content\/uploads\/2026\/04\/Ramush-2.jpg","contentUrl":"https:\/\/kosovatimes.info\/wp-content\/uploads\/2026\/04\/Ramush-2.jpg","width":780,"height":500},{"@type":"BreadcrumbList","@id":"https:\/\/kosovatimes.info\/index.php\/2026\/04\/27\/haradinaj-plaget-e-luftes-nuk-mbyllen-pa-u-zbardhur-fati-i-te-pagjeturve\/#breadcrumb","itemListElement":[{"@type":"ListItem","position":1,"name":"Home","item":"https:\/\/kosovatimes.info\/"},{"@type":"ListItem","position":2,"name":"Haradinaj: Plag\u00ebt e luft\u00ebs nuk mbyllen pa u zbardhur fati i t\u00eb pagjeturve"}]},{"@type":"WebSite","@id":"https:\/\/kosovatimes.info\/#website","url":"https:\/\/kosovatimes.info\/","name":"Kosova Times","description":"","potentialAction":[{"@type":"SearchAction","target":{"@type":"EntryPoint","urlTemplate":"https:\/\/kosovatimes.info\/?s={search_term_string}"},"query-input":{"@type":"PropertyValueSpecification","valueRequired":true,"valueName":"search_term_string"}}],"inLanguage":"en-US"},{"@type":"Person","@id":"https:\/\/kosovatimes.info\/#\/schema\/person\/7586712b9c512fe68085de007378c915","name":"i l","image":{"@type":"ImageObject","inLanguage":"en-US","@id":"https:\/\/secure.gravatar.com\/avatar\/bad9296e02816160ae2e2435beda58222022298d5625d49fea74d18816fbb31d?s=96&d=mm&r=g","url":"https:\/\/secure.gravatar.com\/avatar\/bad9296e02816160ae2e2435beda58222022298d5625d49fea74d18816fbb31d?s=96&d=mm&r=g","contentUrl":"https:\/\/secure.gravatar.com\/avatar\/bad9296e02816160ae2e2435beda58222022298d5625d49fea74d18816fbb31d?s=96&d=mm&r=g","caption":"i l"},"url":"https:\/\/kosovatimes.info\/index.php\/author\/iliri\/"}]}},"_links":{"self":[{"href":"https:\/\/kosovatimes.info\/index.php\/wp-json\/wp\/v2\/posts\/12047","targetHints":{"allow":["GET"]}}],"collection":[{"href":"https:\/\/kosovatimes.info\/index.php\/wp-json\/wp\/v2\/posts"}],"about":[{"href":"https:\/\/kosovatimes.info\/index.php\/wp-json\/wp\/v2\/types\/post"}],"author":[{"embeddable":true,"href":"https:\/\/kosovatimes.info\/index.php\/wp-json\/wp\/v2\/users\/4"}],"replies":[{"embeddable":true,"href":"https:\/\/kosovatimes.info\/index.php\/wp-json\/wp\/v2\/comments?post=12047"}],"version-history":[{"count":1,"href":"https:\/\/kosovatimes.info\/index.php\/wp-json\/wp\/v2\/posts\/12047\/revisions"}],"predecessor-version":[{"id":12049,"href":"https:\/\/kosovatimes.info\/index.php\/wp-json\/wp\/v2\/posts\/12047\/revisions\/12049"}],"wp:featuredmedia":[{"embeddable":true,"href":"https:\/\/kosovatimes.info\/index.php\/wp-json\/wp\/v2\/media\/12048"}],"wp:attachment":[{"href":"https:\/\/kosovatimes.info\/index.php\/wp-json\/wp\/v2\/media?parent=12047"}],"wp:term":[{"taxonomy":"category","embeddable":true,"href":"https:\/\/kosovatimes.info\/index.php\/wp-json\/wp\/v2\/categories?post=12047"},{"taxonomy":"post_tag","embeddable":true,"href":"https:\/\/kosovatimes.info\/index.php\/wp-json\/wp\/v2\/tags?post=12047"}],"curies":[{"name":"wp","href":"https:\/\/api.w.org\/{rel}","templated":true}]}}