{"id":12055,"date":"2026-04-27T13:21:00","date_gmt":"2026-04-27T11:21:00","guid":{"rendered":"https:\/\/kosovatimes.info\/?p=12055"},"modified":"2026-04-27T17:48:42","modified_gmt":"2026-04-27T15:48:42","slug":"kollcaku-zgjedhjet-e-reja-te-panevojshme-duhet-zgjidhje-konsensuale","status":"publish","type":"post","link":"https:\/\/kosovatimes.info\/index.php\/2026\/04\/27\/kollcaku-zgjedhjet-e-reja-te-panevojshme-duhet-zgjidhje-konsensuale\/","title":{"rendered":"Koll\u00e7aku: Zgjedhjet e reja t\u00eb panevojshme, duhet zgjidhje konsensuale"},"content":{"rendered":"\n<h2 class=\"wp-block-heading\"><strong>Deputetja e L\u00ebvizjes Vet\u00ebvendosje, Fatmire Koll\u00e7aku, para fillimit t\u00eb seanc\u00ebs s\u00eb Kuvendit, deklaroi se partia e saj ka b\u00ebr\u00eb dhe po vazhdon t\u2019i b\u00ebj\u00eb t\u00eb gjitha p\u00ebrpjekjet q\u00eb situata p\u00ebr \u00e7\u00ebshtjen e presidentit t\u00eb zgjidhet.<\/strong><\/h2>\n\n\n\n<p>\u201cL\u00ebvizja Vet\u00ebvendosje i ka b\u00ebr\u00eb dhe po vazhdon t\u2019i b\u00ebj\u00eb t\u00eb gjitha p\u00ebrpjekjet q\u00eb kjo \u00e7\u00ebshtje t\u00eb zgjidhet&nbsp;dhe ta kemi&nbsp;presidentin\u201d, tha Koll\u00e7aku para seanc\u00ebs s\u00eb sotme plenare.<\/p>\n\n\n\n<p>Ajo vler\u00ebsoi se zgjedhjet e reja jan\u00eb t\u00eb panevojshme dhe do t\u00eb sillnin kosto t\u00eb panevojshme.<\/p>\n\n\n\n<p>\u201cZgjedhjet e reja jan\u00eb totalisht t\u00eb panevojshme, t\u00eb kushtueshme. Ne tashm\u00eb e kemi nj\u00eb fitues t\u00eb rikonfirmuar n\u00eb dy pal\u00eb zgjedhje brenda nj\u00eb viti dhe me t\u00eb v\u00ebrtet\u00eb presim reflektim nga opozita\u201d, u shpreh ajo.<\/p>\n\n\n\n<p>Koll\u00e7aku theksoi se Kosova \u00ebsht\u00eb demokraci parlamentare dhe se institucionet ekzistojn\u00eb, nd\u00ebrsa sfida mbetet gjetja e nj\u00eb figure konsensuale dhe unifikuese p\u00ebr president.<\/p>\n\n\n\n<p>Sipas saj, \u00ebsht\u00eb e pabesueshme q\u00eb subjektet politike, t\u00eb cilat prej vitesh jan\u00eb thirrur n\u00eb figura akademike dhe institucionaliste, t\u00eb mos arrijn\u00eb t\u00eb propozojn\u00eb nj\u00eb em\u00ebr jasht\u00eb strukturave aktuale politike.<\/p>\n\n\n\n<p>\u201cJam e bindur se k\u00ebto subjekte, q\u00eb gjith\u00eb k\u00ebto vite jan\u00eb thirrur si figura akademike dhe institucionaliste, t\u00eb mos gjejn\u00eb nj\u00eb em\u00ebr jasht\u00eb strukturave aktuale politike q\u00eb ta preferojn\u00eb dhe t\u00eb vijn\u00eb me at\u00eb em\u00ebr n\u00eb Kuvend. \u00cbsht\u00eb e pabesueshme\u201d, p\u00ebrfundoi Koll\u00e7aku.<\/p>\n","protected":false},"excerpt":{"rendered":"<p>Deputetja e L\u00ebvizjes Vet\u00ebvendosje, Fatmire Koll\u00e7aku, para fillimit t\u00eb seanc\u00ebs s\u00eb Kuvendit, deklaroi se partia e saj ka b\u00ebr\u00eb dhe po vazhdon t\u2019i b\u00ebj\u00eb t\u00eb gjitha p\u00ebrpjekjet q\u00eb situata p\u00ebr \u00e7\u00ebshtjen e presidentit t\u00eb zgjidhet. \u201cL\u00ebvizja Vet\u00ebvendosje i ka b\u00ebr\u00eb dhe po vazhdon t\u2019i b\u00ebj\u00eb t\u00eb gjitha p\u00ebrpjekjet q\u00eb kjo \u00e7\u00ebshtje t\u00eb zgjidhet&nbsp;dhe ta kemi&nbsp;presidentin\u201d, [&hellip;]<\/p>\n","protected":false},"author":4,"featured_media":12056,"comment_status":"open","ping_status":"open","sticky":false,"template":"","format":"standard","meta":{"footnotes":""},"categories":[31,30],"tags":[],"class_list":{"0":"post-12055","1":"post","2":"type-post","3":"status-publish","4":"format-standard","5":"has-post-thumbnail","7":"category-kosove","8":"category-lajme"},"yoast_head":"<!-- This site is optimized with the Yoast SEO plugin v27.4 - https:\/\/yoast.com\/product\/yoast-seo-wordpress\/ -->\n<title>Koll\u00e7aku: Zgjedhjet e reja t\u00eb panevojshme, duhet zgjidhje konsensuale - Kosova Times<\/title>\n<meta name=\"robots\" content=\"index, follow, max-snippet:-1, max-image-preview:large, max-video-preview:-1\" \/>\n<link rel=\"canonical\" href=\"https:\/\/kosovatimes.info\/index.php\/2026\/04\/27\/kollcaku-zgjedhjet-e-reja-te-panevojshme-duhet-zgjidhje-konsensuale\/\" \/>\n<meta property=\"og:locale\" content=\"en_US\" \/>\n<meta property=\"og:type\" content=\"article\" \/>\n<meta property=\"og:title\" content=\"Koll\u00e7aku: Zgjedhjet e reja t\u00eb panevojshme, duhet zgjidhje konsensuale - Kosova Times\" \/>\n<meta property=\"og:description\" content=\"Deputetja e L\u00ebvizjes Vet\u00ebvendosje, Fatmire Koll\u00e7aku, para fillimit t\u00eb seanc\u00ebs s\u00eb Kuvendit, deklaroi se partia e saj ka b\u00ebr\u00eb dhe po vazhdon t\u2019i b\u00ebj\u00eb t\u00eb gjitha p\u00ebrpjekjet q\u00eb situata p\u00ebr \u00e7\u00ebshtjen e presidentit t\u00eb zgjidhet. \u201cL\u00ebvizja Vet\u00ebvendosje i ka b\u00ebr\u00eb dhe po vazhdon t\u2019i b\u00ebj\u00eb t\u00eb gjitha p\u00ebrpjekjet q\u00eb kjo \u00e7\u00ebshtje t\u00eb zgjidhet&nbsp;dhe ta kemi&nbsp;presidentin\u201d, [&hellip;]\" \/>\n<meta property=\"og:url\" content=\"https:\/\/kosovatimes.info\/index.php\/2026\/04\/27\/kollcaku-zgjedhjet-e-reja-te-panevojshme-duhet-zgjidhje-konsensuale\/\" \/>\n<meta property=\"og:site_name\" content=\"Kosova Times\" \/>\n<meta property=\"article:published_time\" content=\"2026-04-27T11:21:00+00:00\" \/>\n<meta property=\"article:modified_time\" content=\"2026-04-27T15:48:42+00:00\" \/>\n<meta property=\"og:image\" content=\"https:\/\/kosovatimes.info\/wp-content\/uploads\/2026\/04\/kollcaku.jpg\" \/>\n\t<meta property=\"og:image:width\" content=\"780\" \/>\n\t<meta property=\"og:image:height\" content=\"500\" \/>\n\t<meta property=\"og:image:type\" content=\"image\/jpeg\" \/>\n<meta name=\"author\" content=\"i l\" \/>\n<meta name=\"twitter:card\" content=\"summary_large_image\" \/>\n<meta name=\"twitter:label1\" content=\"Written by\" \/>\n\t<meta name=\"twitter:data1\" content=\"i l\" \/>\n\t<meta name=\"twitter:label2\" content=\"Est. reading time\" \/>\n\t<meta name=\"twitter:data2\" content=\"2 minutes\" \/>\n<script type=\"application\/ld+json\" class=\"yoast-schema-graph\">{\"@context\":\"https:\\\/\\\/schema.org\",\"@graph\":[{\"@type\":\"Article\",\"@id\":\"https:\\\/\\\/kosovatimes.info\\\/index.php\\\/2026\\\/04\\\/27\\\/kollcaku-zgjedhjet-e-reja-te-panevojshme-duhet-zgjidhje-konsensuale\\\/#article\",\"isPartOf\":{\"@id\":\"https:\\\/\\\/kosovatimes.info\\\/index.php\\\/2026\\\/04\\\/27\\\/kollcaku-zgjedhjet-e-reja-te-panevojshme-duhet-zgjidhje-konsensuale\\\/\"},\"author\":{\"name\":\"i l\",\"@id\":\"https:\\\/\\\/kosovatimes.info\\\/#\\\/schema\\\/person\\\/7586712b9c512fe68085de007378c915\"},\"headline\":\"Koll\u00e7aku: Zgjedhjet e reja t\u00eb panevojshme, duhet zgjidhje konsensuale\",\"datePublished\":\"2026-04-27T11:21:00+00:00\",\"dateModified\":\"2026-04-27T15:48:42+00:00\",\"mainEntityOfPage\":{\"@id\":\"https:\\\/\\\/kosovatimes.info\\\/index.php\\\/2026\\\/04\\\/27\\\/kollcaku-zgjedhjet-e-reja-te-panevojshme-duhet-zgjidhje-konsensuale\\\/\"},\"wordCount\":251,\"commentCount\":0,\"image\":{\"@id\":\"https:\\\/\\\/kosovatimes.info\\\/index.php\\\/2026\\\/04\\\/27\\\/kollcaku-zgjedhjet-e-reja-te-panevojshme-duhet-zgjidhje-konsensuale\\\/#primaryimage\"},\"thumbnailUrl\":\"https:\\\/\\\/kosovatimes.info\\\/wp-content\\\/uploads\\\/2026\\\/04\\\/kollcaku.jpg\",\"articleSection\":[\"Kosov\u00eb\",\"Lajme\"],\"inLanguage\":\"en-US\",\"potentialAction\":[{\"@type\":\"CommentAction\",\"name\":\"Comment\",\"target\":[\"https:\\\/\\\/kosovatimes.info\\\/index.php\\\/2026\\\/04\\\/27\\\/kollcaku-zgjedhjet-e-reja-te-panevojshme-duhet-zgjidhje-konsensuale\\\/#respond\"]}]},{\"@type\":\"WebPage\",\"@id\":\"https:\\\/\\\/kosovatimes.info\\\/index.php\\\/2026\\\/04\\\/27\\\/kollcaku-zgjedhjet-e-reja-te-panevojshme-duhet-zgjidhje-konsensuale\\\/\",\"url\":\"https:\\\/\\\/kosovatimes.info\\\/index.php\\\/2026\\\/04\\\/27\\\/kollcaku-zgjedhjet-e-reja-te-panevojshme-duhet-zgjidhje-konsensuale\\\/\",\"name\":\"Koll\u00e7aku: Zgjedhjet e reja t\u00eb panevojshme, duhet zgjidhje konsensuale - Kosova Times\",\"isPartOf\":{\"@id\":\"https:\\\/\\\/kosovatimes.info\\\/#website\"},\"primaryImageOfPage\":{\"@id\":\"https:\\\/\\\/kosovatimes.info\\\/index.php\\\/2026\\\/04\\\/27\\\/kollcaku-zgjedhjet-e-reja-te-panevojshme-duhet-zgjidhje-konsensuale\\\/#primaryimage\"},\"image\":{\"@id\":\"https:\\\/\\\/kosovatimes.info\\\/index.php\\\/2026\\\/04\\\/27\\\/kollcaku-zgjedhjet-e-reja-te-panevojshme-duhet-zgjidhje-konsensuale\\\/#primaryimage\"},\"thumbnailUrl\":\"https:\\\/\\\/kosovatimes.info\\\/wp-content\\\/uploads\\\/2026\\\/04\\\/kollcaku.jpg\",\"datePublished\":\"2026-04-27T11:21:00+00:00\",\"dateModified\":\"2026-04-27T15:48:42+00:00\",\"author\":{\"@id\":\"https:\\\/\\\/kosovatimes.info\\\/#\\\/schema\\\/person\\\/7586712b9c512fe68085de007378c915\"},\"breadcrumb\":{\"@id\":\"https:\\\/\\\/kosovatimes.info\\\/index.php\\\/2026\\\/04\\\/27\\\/kollcaku-zgjedhjet-e-reja-te-panevojshme-duhet-zgjidhje-konsensuale\\\/#breadcrumb\"},\"inLanguage\":\"en-US\",\"potentialAction\":[{\"@type\":\"ReadAction\",\"target\":[\"https:\\\/\\\/kosovatimes.info\\\/index.php\\\/2026\\\/04\\\/27\\\/kollcaku-zgjedhjet-e-reja-te-panevojshme-duhet-zgjidhje-konsensuale\\\/\"]}]},{\"@type\":\"ImageObject\",\"inLanguage\":\"en-US\",\"@id\":\"https:\\\/\\\/kosovatimes.info\\\/index.php\\\/2026\\\/04\\\/27\\\/kollcaku-zgjedhjet-e-reja-te-panevojshme-duhet-zgjidhje-konsensuale\\\/#primaryimage\",\"url\":\"https:\\\/\\\/kosovatimes.info\\\/wp-content\\\/uploads\\\/2026\\\/04\\\/kollcaku.jpg\",\"contentUrl\":\"https:\\\/\\\/kosovatimes.info\\\/wp-content\\\/uploads\\\/2026\\\/04\\\/kollcaku.jpg\",\"width\":780,\"height\":500},{\"@type\":\"BreadcrumbList\",\"@id\":\"https:\\\/\\\/kosovatimes.info\\\/index.php\\\/2026\\\/04\\\/27\\\/kollcaku-zgjedhjet-e-reja-te-panevojshme-duhet-zgjidhje-konsensuale\\\/#breadcrumb\",\"itemListElement\":[{\"@type\":\"ListItem\",\"position\":1,\"name\":\"Home\",\"item\":\"https:\\\/\\\/kosovatimes.info\\\/\"},{\"@type\":\"ListItem\",\"position\":2,\"name\":\"Koll\u00e7aku: Zgjedhjet e reja t\u00eb panevojshme, duhet zgjidhje konsensuale\"}]},{\"@type\":\"WebSite\",\"@id\":\"https:\\\/\\\/kosovatimes.info\\\/#website\",\"url\":\"https:\\\/\\\/kosovatimes.info\\\/\",\"name\":\"Kosova Times\",\"description\":\"\",\"potentialAction\":[{\"@type\":\"SearchAction\",\"target\":{\"@type\":\"EntryPoint\",\"urlTemplate\":\"https:\\\/\\\/kosovatimes.info\\\/?s={search_term_string}\"},\"query-input\":{\"@type\":\"PropertyValueSpecification\",\"valueRequired\":true,\"valueName\":\"search_term_string\"}}],\"inLanguage\":\"en-US\"},{\"@type\":\"Person\",\"@id\":\"https:\\\/\\\/kosovatimes.info\\\/#\\\/schema\\\/person\\\/7586712b9c512fe68085de007378c915\",\"name\":\"i l\",\"image\":{\"@type\":\"ImageObject\",\"inLanguage\":\"en-US\",\"@id\":\"https:\\\/\\\/secure.gravatar.com\\\/avatar\\\/bad9296e02816160ae2e2435beda58222022298d5625d49fea74d18816fbb31d?s=96&d=mm&r=g\",\"url\":\"https:\\\/\\\/secure.gravatar.com\\\/avatar\\\/bad9296e02816160ae2e2435beda58222022298d5625d49fea74d18816fbb31d?s=96&d=mm&r=g\",\"contentUrl\":\"https:\\\/\\\/secure.gravatar.com\\\/avatar\\\/bad9296e02816160ae2e2435beda58222022298d5625d49fea74d18816fbb31d?s=96&d=mm&r=g\",\"caption\":\"i l\"},\"url\":\"https:\\\/\\\/kosovatimes.info\\\/index.php\\\/author\\\/iliri\\\/\"}]}<\/script>\n<!-- \/ Yoast SEO plugin. -->","yoast_head_json":{"title":"Koll\u00e7aku: Zgjedhjet e reja t\u00eb panevojshme, duhet zgjidhje konsensuale - Kosova Times","robots":{"index":"index","follow":"follow","max-snippet":"max-snippet:-1","max-image-preview":"max-image-preview:large","max-video-preview":"max-video-preview:-1"},"canonical":"https:\/\/kosovatimes.info\/index.php\/2026\/04\/27\/kollcaku-zgjedhjet-e-reja-te-panevojshme-duhet-zgjidhje-konsensuale\/","og_locale":"en_US","og_type":"article","og_title":"Koll\u00e7aku: Zgjedhjet e reja t\u00eb panevojshme, duhet zgjidhje konsensuale - Kosova Times","og_description":"Deputetja e L\u00ebvizjes Vet\u00ebvendosje, Fatmire Koll\u00e7aku, para fillimit t\u00eb seanc\u00ebs s\u00eb Kuvendit, deklaroi se partia e saj ka b\u00ebr\u00eb dhe po vazhdon t\u2019i b\u00ebj\u00eb t\u00eb gjitha p\u00ebrpjekjet q\u00eb situata p\u00ebr \u00e7\u00ebshtjen e presidentit t\u00eb zgjidhet. \u201cL\u00ebvizja Vet\u00ebvendosje i ka b\u00ebr\u00eb dhe po vazhdon t\u2019i b\u00ebj\u00eb t\u00eb gjitha p\u00ebrpjekjet q\u00eb kjo \u00e7\u00ebshtje t\u00eb zgjidhet&nbsp;dhe ta kemi&nbsp;presidentin\u201d, [&hellip;]","og_url":"https:\/\/kosovatimes.info\/index.php\/2026\/04\/27\/kollcaku-zgjedhjet-e-reja-te-panevojshme-duhet-zgjidhje-konsensuale\/","og_site_name":"Kosova Times","article_published_time":"2026-04-27T11:21:00+00:00","article_modified_time":"2026-04-27T15:48:42+00:00","og_image":[{"width":780,"height":500,"url":"https:\/\/kosovatimes.info\/wp-content\/uploads\/2026\/04\/kollcaku.jpg","type":"image\/jpeg"}],"author":"i l","twitter_card":"summary_large_image","twitter_misc":{"Written by":"i l","Est. reading time":"2 minutes"},"schema":{"@context":"https:\/\/schema.org","@graph":[{"@type":"Article","@id":"https:\/\/kosovatimes.info\/index.php\/2026\/04\/27\/kollcaku-zgjedhjet-e-reja-te-panevojshme-duhet-zgjidhje-konsensuale\/#article","isPartOf":{"@id":"https:\/\/kosovatimes.info\/index.php\/2026\/04\/27\/kollcaku-zgjedhjet-e-reja-te-panevojshme-duhet-zgjidhje-konsensuale\/"},"author":{"name":"i l","@id":"https:\/\/kosovatimes.info\/#\/schema\/person\/7586712b9c512fe68085de007378c915"},"headline":"Koll\u00e7aku: Zgjedhjet e reja t\u00eb panevojshme, duhet zgjidhje konsensuale","datePublished":"2026-04-27T11:21:00+00:00","dateModified":"2026-04-27T15:48:42+00:00","mainEntityOfPage":{"@id":"https:\/\/kosovatimes.info\/index.php\/2026\/04\/27\/kollcaku-zgjedhjet-e-reja-te-panevojshme-duhet-zgjidhje-konsensuale\/"},"wordCount":251,"commentCount":0,"image":{"@id":"https:\/\/kosovatimes.info\/index.php\/2026\/04\/27\/kollcaku-zgjedhjet-e-reja-te-panevojshme-duhet-zgjidhje-konsensuale\/#primaryimage"},"thumbnailUrl":"https:\/\/kosovatimes.info\/wp-content\/uploads\/2026\/04\/kollcaku.jpg","articleSection":["Kosov\u00eb","Lajme"],"inLanguage":"en-US","potentialAction":[{"@type":"CommentAction","name":"Comment","target":["https:\/\/kosovatimes.info\/index.php\/2026\/04\/27\/kollcaku-zgjedhjet-e-reja-te-panevojshme-duhet-zgjidhje-konsensuale\/#respond"]}]},{"@type":"WebPage","@id":"https:\/\/kosovatimes.info\/index.php\/2026\/04\/27\/kollcaku-zgjedhjet-e-reja-te-panevojshme-duhet-zgjidhje-konsensuale\/","url":"https:\/\/kosovatimes.info\/index.php\/2026\/04\/27\/kollcaku-zgjedhjet-e-reja-te-panevojshme-duhet-zgjidhje-konsensuale\/","name":"Koll\u00e7aku: Zgjedhjet e reja t\u00eb panevojshme, duhet zgjidhje konsensuale - Kosova Times","isPartOf":{"@id":"https:\/\/kosovatimes.info\/#website"},"primaryImageOfPage":{"@id":"https:\/\/kosovatimes.info\/index.php\/2026\/04\/27\/kollcaku-zgjedhjet-e-reja-te-panevojshme-duhet-zgjidhje-konsensuale\/#primaryimage"},"image":{"@id":"https:\/\/kosovatimes.info\/index.php\/2026\/04\/27\/kollcaku-zgjedhjet-e-reja-te-panevojshme-duhet-zgjidhje-konsensuale\/#primaryimage"},"thumbnailUrl":"https:\/\/kosovatimes.info\/wp-content\/uploads\/2026\/04\/kollcaku.jpg","datePublished":"2026-04-27T11:21:00+00:00","dateModified":"2026-04-27T15:48:42+00:00","author":{"@id":"https:\/\/kosovatimes.info\/#\/schema\/person\/7586712b9c512fe68085de007378c915"},"breadcrumb":{"@id":"https:\/\/kosovatimes.info\/index.php\/2026\/04\/27\/kollcaku-zgjedhjet-e-reja-te-panevojshme-duhet-zgjidhje-konsensuale\/#breadcrumb"},"inLanguage":"en-US","potentialAction":[{"@type":"ReadAction","target":["https:\/\/kosovatimes.info\/index.php\/2026\/04\/27\/kollcaku-zgjedhjet-e-reja-te-panevojshme-duhet-zgjidhje-konsensuale\/"]}]},{"@type":"ImageObject","inLanguage":"en-US","@id":"https:\/\/kosovatimes.info\/index.php\/2026\/04\/27\/kollcaku-zgjedhjet-e-reja-te-panevojshme-duhet-zgjidhje-konsensuale\/#primaryimage","url":"https:\/\/kosovatimes.info\/wp-content\/uploads\/2026\/04\/kollcaku.jpg","contentUrl":"https:\/\/kosovatimes.info\/wp-content\/uploads\/2026\/04\/kollcaku.jpg","width":780,"height":500},{"@type":"BreadcrumbList","@id":"https:\/\/kosovatimes.info\/index.php\/2026\/04\/27\/kollcaku-zgjedhjet-e-reja-te-panevojshme-duhet-zgjidhje-konsensuale\/#breadcrumb","itemListElement":[{"@type":"ListItem","position":1,"name":"Home","item":"https:\/\/kosovatimes.info\/"},{"@type":"ListItem","position":2,"name":"Koll\u00e7aku: Zgjedhjet e reja t\u00eb panevojshme, duhet zgjidhje konsensuale"}]},{"@type":"WebSite","@id":"https:\/\/kosovatimes.info\/#website","url":"https:\/\/kosovatimes.info\/","name":"Kosova Times","description":"","potentialAction":[{"@type":"SearchAction","target":{"@type":"EntryPoint","urlTemplate":"https:\/\/kosovatimes.info\/?s={search_term_string}"},"query-input":{"@type":"PropertyValueSpecification","valueRequired":true,"valueName":"search_term_string"}}],"inLanguage":"en-US"},{"@type":"Person","@id":"https:\/\/kosovatimes.info\/#\/schema\/person\/7586712b9c512fe68085de007378c915","name":"i l","image":{"@type":"ImageObject","inLanguage":"en-US","@id":"https:\/\/secure.gravatar.com\/avatar\/bad9296e02816160ae2e2435beda58222022298d5625d49fea74d18816fbb31d?s=96&d=mm&r=g","url":"https:\/\/secure.gravatar.com\/avatar\/bad9296e02816160ae2e2435beda58222022298d5625d49fea74d18816fbb31d?s=96&d=mm&r=g","contentUrl":"https:\/\/secure.gravatar.com\/avatar\/bad9296e02816160ae2e2435beda58222022298d5625d49fea74d18816fbb31d?s=96&d=mm&r=g","caption":"i l"},"url":"https:\/\/kosovatimes.info\/index.php\/author\/iliri\/"}]}},"_links":{"self":[{"href":"https:\/\/kosovatimes.info\/index.php\/wp-json\/wp\/v2\/posts\/12055","targetHints":{"allow":["GET"]}}],"collection":[{"href":"https:\/\/kosovatimes.info\/index.php\/wp-json\/wp\/v2\/posts"}],"about":[{"href":"https:\/\/kosovatimes.info\/index.php\/wp-json\/wp\/v2\/types\/post"}],"author":[{"embeddable":true,"href":"https:\/\/kosovatimes.info\/index.php\/wp-json\/wp\/v2\/users\/4"}],"replies":[{"embeddable":true,"href":"https:\/\/kosovatimes.info\/index.php\/wp-json\/wp\/v2\/comments?post=12055"}],"version-history":[{"count":1,"href":"https:\/\/kosovatimes.info\/index.php\/wp-json\/wp\/v2\/posts\/12055\/revisions"}],"predecessor-version":[{"id":12057,"href":"https:\/\/kosovatimes.info\/index.php\/wp-json\/wp\/v2\/posts\/12055\/revisions\/12057"}],"wp:featuredmedia":[{"embeddable":true,"href":"https:\/\/kosovatimes.info\/index.php\/wp-json\/wp\/v2\/media\/12056"}],"wp:attachment":[{"href":"https:\/\/kosovatimes.info\/index.php\/wp-json\/wp\/v2\/media?parent=12055"}],"wp:term":[{"taxonomy":"category","embeddable":true,"href":"https:\/\/kosovatimes.info\/index.php\/wp-json\/wp\/v2\/categories?post=12055"},{"taxonomy":"post_tag","embeddable":true,"href":"https:\/\/kosovatimes.info\/index.php\/wp-json\/wp\/v2\/tags?post=12055"}],"curies":[{"name":"wp","href":"https:\/\/api.w.org\/{rel}","templated":true}]}}