{"id":12085,"date":"2026-04-27T15:31:00","date_gmt":"2026-04-27T13:31:00","guid":{"rendered":"https:\/\/kosovatimes.info\/?p=12085"},"modified":"2026-04-27T18:01:10","modified_gmt":"2026-04-27T16:01:10","slug":"thirrja-e-seances-per-presidentin-perplasje-pushtet-opozite","status":"publish","type":"post","link":"https:\/\/kosovatimes.info\/index.php\/2026\/04\/27\/thirrja-e-seances-per-presidentin-perplasje-pushtet-opozite\/","title":{"rendered":"Thirrja e seanc\u00ebs p\u00ebr presidentin, p\u00ebrplasje pushtet-opozit\u00eb"},"content":{"rendered":"\n<p><strong>Thirrja e seanc\u00ebs s\u00eb jasht\u00ebzakonshme nga ora 17:00 me t\u00eb vetmen pik\u00eb t\u00eb rendit t\u00eb dit\u00ebs, diskutimi p\u00ebr zgjedhjen presidentit t\u00eb Republik\u00ebs, ka p\u00ebrplasur n\u00eb Kuvend deputet\u00ebt e partis\u00eb n\u00eb pushtet me ata opozitar\u00eb, ku \u00ebsht\u00eb p\u00ebrfshir\u00eb edhe kryetarja e Kuvendit, Albulena Haxhiu.<\/strong><\/p>\n\n\n\n<p>Ishte Time Kadrijaj e AAK-s\u00eb, q\u00eb kritikoi thirrjen e k\u00ebsaj seance, duke th\u00ebn\u00eb se nj\u00eb gj\u00eb e till\u00eb nuk ka ndodhur asnj\u00ebher\u00eb m\u00eb par\u00eb.<\/p>\n\n\n\n<p>\u201cAsnj\u00ebher\u00eb i 7-ti mandat nuk m\u00eb ka ndodhur t\u00eb thirret nj\u00eb seanc\u00eb e t\u00eb diskutohet p\u00ebr presidentin. N\u00eb parlament sillen emrat\u201d, tha ajo.<\/p>\n\n\n\n<p>I menj\u00ebhersh\u00ebm ishte reagimi i kryeparlamentares Haxhiu, q\u00eb tha se \u00ebsht\u00eb pik\u00ebrisht Kuvendi, vendi ku duhet t\u00eb diskutohet kjo \u00e7\u00ebshtje.<\/p>\n\n\n\n<p>\u201cUn\u00eb nuk e di ku&nbsp; tjet\u00ebr duhet t\u00eb diskutohet p\u00ebr \u00e7\u00ebshtjen e presidentin n\u00ebse jo n\u00eb Kuvendin e Kosov\u00ebs. Nuk ka \u2018Zanzibara\u2019 m\u00eb, m\u00eb falni. Prandaj lejojani deputet\u00ebve t\u00eb ushtrojn\u00eb mandatin e tyre. N\u00eb k\u00ebt\u00eb drejtim \u00ebsht\u00eb e r\u00ebnd\u00ebsishme t\u00eb jeni t\u00eb pranish\u00ebm n\u00eb seanc\u00ebn e or\u00ebs 17:00, deri at\u00ebher\u00eb duke shpresuar q\u00eb kemi emra kandidat\u00eb konsensual p\u00ebr president\u201d, tha Haxhiu.<\/p>\n\n\n\n<p>Arian Tahiri, shef i deputet\u00ebve t\u00eb PDK-s\u00eb tha se kriz\u00eb p\u00ebr ta zgjedhur presidentin, vendi nuk ka pasur kurr\u00eb m\u00eb par\u00eb, e sipas tij, Kosova po shkon drejt zgjedhjeve si rezultat i munges\u00ebs q\u00eb t\u00eb arrihet nj\u00eb konsensus n\u00eb koh\u00ebn kur L\u00ebvizja Vet\u00ebvendosje i ka 51.1% t\u00eb votave.<\/p>\n\n\n\n<p>\u201cNuk ka \u2018Zanzibar\u2019, po tash ka Dejon\u00eb. E Dejona me Albin Kurtin po e krijojn\u00eb n\u00eb vazhdim\u00ebsi kriz\u00ebn politike edhe po b\u00ebjn\u00eb keqmenaxhim. E kan\u00eb vazhduar avazin p\u00ebr me kap\u00eb secilin institucion edhe me e varf\u00ebruar popullin, me i varf\u00ebruar qytetar\u00ebt e Republik\u00ebs s\u00eb Kosov\u00ebs, n\u00eb vazhdim\u00ebsi me tentu&nbsp;t\u00eb&nbsp;ushtrojn\u00eb pushtet autoritar\u201d, tha ai.<\/p>\n\n\n\n<p>Kryetarja e kuvendit, e cila i replikoi Tahirit, tha se tash zgjedhja e presidentit \u00ebsht\u00eb m\u00eb e v\u00ebshtir\u00eb sepse, si\u00e7 tha ajo nuk ka m\u00eb tender\u00eb e ambasada.<\/p>\n\n\n\n<p>\u201cE vazhdojm\u00eb k\u00ebt\u00eb debat n\u00eb ora 17:00, e natyrisht q\u00eb tash \u00ebsht\u00eb m\u00eb e v\u00ebshtir\u00eb, sepse tash nuk ka m\u00eb tender\u00eb, e ambasada, e ju e dini m\u00eb mir\u00eb se un\u00eb. Mos m\u00eb shtini me i p\u00ebrmend se t\u00eb gjith\u00eb e dim\u00eb\u201d, tha Haxhiu.<\/p>\n","protected":false},"excerpt":{"rendered":"<p>Thirrja e seanc\u00ebs s\u00eb jasht\u00ebzakonshme nga ora 17:00 me t\u00eb vetmen pik\u00eb t\u00eb rendit t\u00eb dit\u00ebs, diskutimi p\u00ebr zgjedhjen presidentit t\u00eb Republik\u00ebs, ka p\u00ebrplasur n\u00eb Kuvend deputet\u00ebt e partis\u00eb n\u00eb pushtet me ata opozitar\u00eb, ku \u00ebsht\u00eb p\u00ebrfshir\u00eb edhe kryetarja e Kuvendit, Albulena Haxhiu. Ishte Time Kadrijaj e AAK-s\u00eb, q\u00eb kritikoi thirrjen e k\u00ebsaj seance, duke [&hellip;]<\/p>\n","protected":false},"author":4,"featured_media":12086,"comment_status":"open","ping_status":"open","sticky":false,"template":"","format":"standard","meta":{"footnotes":""},"categories":[31,30],"tags":[],"class_list":{"0":"post-12085","1":"post","2":"type-post","3":"status-publish","4":"format-standard","5":"has-post-thumbnail","7":"category-kosove","8":"category-lajme"},"yoast_head":"<!-- This site is optimized with the Yoast SEO plugin v27.4 - https:\/\/yoast.com\/product\/yoast-seo-wordpress\/ -->\n<title>Thirrja e seanc\u00ebs p\u00ebr presidentin, p\u00ebrplasje pushtet-opozit\u00eb - Kosova Times<\/title>\n<meta name=\"robots\" content=\"index, follow, max-snippet:-1, max-image-preview:large, max-video-preview:-1\" \/>\n<link rel=\"canonical\" href=\"https:\/\/kosovatimes.info\/index.php\/2026\/04\/27\/thirrja-e-seances-per-presidentin-perplasje-pushtet-opozite\/\" \/>\n<meta property=\"og:locale\" content=\"en_US\" \/>\n<meta property=\"og:type\" content=\"article\" \/>\n<meta property=\"og:title\" content=\"Thirrja e seanc\u00ebs p\u00ebr presidentin, p\u00ebrplasje pushtet-opozit\u00eb - Kosova Times\" \/>\n<meta property=\"og:description\" content=\"Thirrja e seanc\u00ebs s\u00eb jasht\u00ebzakonshme nga ora 17:00 me t\u00eb vetmen pik\u00eb t\u00eb rendit t\u00eb dit\u00ebs, diskutimi p\u00ebr zgjedhjen presidentit t\u00eb Republik\u00ebs, ka p\u00ebrplasur n\u00eb Kuvend deputet\u00ebt e partis\u00eb n\u00eb pushtet me ata opozitar\u00eb, ku \u00ebsht\u00eb p\u00ebrfshir\u00eb edhe kryetarja e Kuvendit, Albulena Haxhiu. Ishte Time Kadrijaj e AAK-s\u00eb, q\u00eb kritikoi thirrjen e k\u00ebsaj seance, duke [&hellip;]\" \/>\n<meta property=\"og:url\" content=\"https:\/\/kosovatimes.info\/index.php\/2026\/04\/27\/thirrja-e-seances-per-presidentin-perplasje-pushtet-opozite\/\" \/>\n<meta property=\"og:site_name\" content=\"Kosova Times\" \/>\n<meta property=\"article:published_time\" content=\"2026-04-27T13:31:00+00:00\" \/>\n<meta property=\"article:modified_time\" content=\"2026-04-27T16:01:10+00:00\" \/>\n<meta property=\"og:image\" content=\"https:\/\/kosovatimes.info\/wp-content\/uploads\/2026\/04\/Seanca.jpg\" \/>\n\t<meta property=\"og:image:width\" content=\"780\" \/>\n\t<meta property=\"og:image:height\" content=\"500\" \/>\n\t<meta property=\"og:image:type\" content=\"image\/jpeg\" \/>\n<meta name=\"author\" content=\"i l\" \/>\n<meta name=\"twitter:card\" content=\"summary_large_image\" \/>\n<meta name=\"twitter:label1\" content=\"Written by\" \/>\n\t<meta name=\"twitter:data1\" content=\"i l\" \/>\n\t<meta name=\"twitter:label2\" content=\"Est. reading time\" \/>\n\t<meta name=\"twitter:data2\" content=\"2 minutes\" \/>\n<script type=\"application\/ld+json\" class=\"yoast-schema-graph\">{\"@context\":\"https:\\\/\\\/schema.org\",\"@graph\":[{\"@type\":\"Article\",\"@id\":\"https:\\\/\\\/kosovatimes.info\\\/index.php\\\/2026\\\/04\\\/27\\\/thirrja-e-seances-per-presidentin-perplasje-pushtet-opozite\\\/#article\",\"isPartOf\":{\"@id\":\"https:\\\/\\\/kosovatimes.info\\\/index.php\\\/2026\\\/04\\\/27\\\/thirrja-e-seances-per-presidentin-perplasje-pushtet-opozite\\\/\"},\"author\":{\"name\":\"i l\",\"@id\":\"https:\\\/\\\/kosovatimes.info\\\/#\\\/schema\\\/person\\\/7586712b9c512fe68085de007378c915\"},\"headline\":\"Thirrja e seanc\u00ebs p\u00ebr presidentin, p\u00ebrplasje pushtet-opozit\u00eb\",\"datePublished\":\"2026-04-27T13:31:00+00:00\",\"dateModified\":\"2026-04-27T16:01:10+00:00\",\"mainEntityOfPage\":{\"@id\":\"https:\\\/\\\/kosovatimes.info\\\/index.php\\\/2026\\\/04\\\/27\\\/thirrja-e-seances-per-presidentin-perplasje-pushtet-opozite\\\/\"},\"wordCount\":404,\"commentCount\":0,\"image\":{\"@id\":\"https:\\\/\\\/kosovatimes.info\\\/index.php\\\/2026\\\/04\\\/27\\\/thirrja-e-seances-per-presidentin-perplasje-pushtet-opozite\\\/#primaryimage\"},\"thumbnailUrl\":\"https:\\\/\\\/kosovatimes.info\\\/wp-content\\\/uploads\\\/2026\\\/04\\\/Seanca.jpg\",\"articleSection\":[\"Kosov\u00eb\",\"Lajme\"],\"inLanguage\":\"en-US\",\"potentialAction\":[{\"@type\":\"CommentAction\",\"name\":\"Comment\",\"target\":[\"https:\\\/\\\/kosovatimes.info\\\/index.php\\\/2026\\\/04\\\/27\\\/thirrja-e-seances-per-presidentin-perplasje-pushtet-opozite\\\/#respond\"]}]},{\"@type\":\"WebPage\",\"@id\":\"https:\\\/\\\/kosovatimes.info\\\/index.php\\\/2026\\\/04\\\/27\\\/thirrja-e-seances-per-presidentin-perplasje-pushtet-opozite\\\/\",\"url\":\"https:\\\/\\\/kosovatimes.info\\\/index.php\\\/2026\\\/04\\\/27\\\/thirrja-e-seances-per-presidentin-perplasje-pushtet-opozite\\\/\",\"name\":\"Thirrja e seanc\u00ebs p\u00ebr presidentin, p\u00ebrplasje pushtet-opozit\u00eb - Kosova Times\",\"isPartOf\":{\"@id\":\"https:\\\/\\\/kosovatimes.info\\\/#website\"},\"primaryImageOfPage\":{\"@id\":\"https:\\\/\\\/kosovatimes.info\\\/index.php\\\/2026\\\/04\\\/27\\\/thirrja-e-seances-per-presidentin-perplasje-pushtet-opozite\\\/#primaryimage\"},\"image\":{\"@id\":\"https:\\\/\\\/kosovatimes.info\\\/index.php\\\/2026\\\/04\\\/27\\\/thirrja-e-seances-per-presidentin-perplasje-pushtet-opozite\\\/#primaryimage\"},\"thumbnailUrl\":\"https:\\\/\\\/kosovatimes.info\\\/wp-content\\\/uploads\\\/2026\\\/04\\\/Seanca.jpg\",\"datePublished\":\"2026-04-27T13:31:00+00:00\",\"dateModified\":\"2026-04-27T16:01:10+00:00\",\"author\":{\"@id\":\"https:\\\/\\\/kosovatimes.info\\\/#\\\/schema\\\/person\\\/7586712b9c512fe68085de007378c915\"},\"breadcrumb\":{\"@id\":\"https:\\\/\\\/kosovatimes.info\\\/index.php\\\/2026\\\/04\\\/27\\\/thirrja-e-seances-per-presidentin-perplasje-pushtet-opozite\\\/#breadcrumb\"},\"inLanguage\":\"en-US\",\"potentialAction\":[{\"@type\":\"ReadAction\",\"target\":[\"https:\\\/\\\/kosovatimes.info\\\/index.php\\\/2026\\\/04\\\/27\\\/thirrja-e-seances-per-presidentin-perplasje-pushtet-opozite\\\/\"]}]},{\"@type\":\"ImageObject\",\"inLanguage\":\"en-US\",\"@id\":\"https:\\\/\\\/kosovatimes.info\\\/index.php\\\/2026\\\/04\\\/27\\\/thirrja-e-seances-per-presidentin-perplasje-pushtet-opozite\\\/#primaryimage\",\"url\":\"https:\\\/\\\/kosovatimes.info\\\/wp-content\\\/uploads\\\/2026\\\/04\\\/Seanca.jpg\",\"contentUrl\":\"https:\\\/\\\/kosovatimes.info\\\/wp-content\\\/uploads\\\/2026\\\/04\\\/Seanca.jpg\",\"width\":780,\"height\":500},{\"@type\":\"BreadcrumbList\",\"@id\":\"https:\\\/\\\/kosovatimes.info\\\/index.php\\\/2026\\\/04\\\/27\\\/thirrja-e-seances-per-presidentin-perplasje-pushtet-opozite\\\/#breadcrumb\",\"itemListElement\":[{\"@type\":\"ListItem\",\"position\":1,\"name\":\"Home\",\"item\":\"https:\\\/\\\/kosovatimes.info\\\/\"},{\"@type\":\"ListItem\",\"position\":2,\"name\":\"Thirrja e seanc\u00ebs p\u00ebr presidentin, p\u00ebrplasje pushtet-opozit\u00eb\"}]},{\"@type\":\"WebSite\",\"@id\":\"https:\\\/\\\/kosovatimes.info\\\/#website\",\"url\":\"https:\\\/\\\/kosovatimes.info\\\/\",\"name\":\"Kosova Times\",\"description\":\"\",\"potentialAction\":[{\"@type\":\"SearchAction\",\"target\":{\"@type\":\"EntryPoint\",\"urlTemplate\":\"https:\\\/\\\/kosovatimes.info\\\/?s={search_term_string}\"},\"query-input\":{\"@type\":\"PropertyValueSpecification\",\"valueRequired\":true,\"valueName\":\"search_term_string\"}}],\"inLanguage\":\"en-US\"},{\"@type\":\"Person\",\"@id\":\"https:\\\/\\\/kosovatimes.info\\\/#\\\/schema\\\/person\\\/7586712b9c512fe68085de007378c915\",\"name\":\"i l\",\"image\":{\"@type\":\"ImageObject\",\"inLanguage\":\"en-US\",\"@id\":\"https:\\\/\\\/secure.gravatar.com\\\/avatar\\\/bad9296e02816160ae2e2435beda58222022298d5625d49fea74d18816fbb31d?s=96&d=mm&r=g\",\"url\":\"https:\\\/\\\/secure.gravatar.com\\\/avatar\\\/bad9296e02816160ae2e2435beda58222022298d5625d49fea74d18816fbb31d?s=96&d=mm&r=g\",\"contentUrl\":\"https:\\\/\\\/secure.gravatar.com\\\/avatar\\\/bad9296e02816160ae2e2435beda58222022298d5625d49fea74d18816fbb31d?s=96&d=mm&r=g\",\"caption\":\"i l\"},\"url\":\"https:\\\/\\\/kosovatimes.info\\\/index.php\\\/author\\\/iliri\\\/\"}]}<\/script>\n<!-- \/ Yoast SEO plugin. -->","yoast_head_json":{"title":"Thirrja e seanc\u00ebs p\u00ebr presidentin, p\u00ebrplasje pushtet-opozit\u00eb - Kosova Times","robots":{"index":"index","follow":"follow","max-snippet":"max-snippet:-1","max-image-preview":"max-image-preview:large","max-video-preview":"max-video-preview:-1"},"canonical":"https:\/\/kosovatimes.info\/index.php\/2026\/04\/27\/thirrja-e-seances-per-presidentin-perplasje-pushtet-opozite\/","og_locale":"en_US","og_type":"article","og_title":"Thirrja e seanc\u00ebs p\u00ebr presidentin, p\u00ebrplasje pushtet-opozit\u00eb - Kosova Times","og_description":"Thirrja e seanc\u00ebs s\u00eb jasht\u00ebzakonshme nga ora 17:00 me t\u00eb vetmen pik\u00eb t\u00eb rendit t\u00eb dit\u00ebs, diskutimi p\u00ebr zgjedhjen presidentit t\u00eb Republik\u00ebs, ka p\u00ebrplasur n\u00eb Kuvend deputet\u00ebt e partis\u00eb n\u00eb pushtet me ata opozitar\u00eb, ku \u00ebsht\u00eb p\u00ebrfshir\u00eb edhe kryetarja e Kuvendit, Albulena Haxhiu. Ishte Time Kadrijaj e AAK-s\u00eb, q\u00eb kritikoi thirrjen e k\u00ebsaj seance, duke [&hellip;]","og_url":"https:\/\/kosovatimes.info\/index.php\/2026\/04\/27\/thirrja-e-seances-per-presidentin-perplasje-pushtet-opozite\/","og_site_name":"Kosova Times","article_published_time":"2026-04-27T13:31:00+00:00","article_modified_time":"2026-04-27T16:01:10+00:00","og_image":[{"width":780,"height":500,"url":"https:\/\/kosovatimes.info\/wp-content\/uploads\/2026\/04\/Seanca.jpg","type":"image\/jpeg"}],"author":"i l","twitter_card":"summary_large_image","twitter_misc":{"Written by":"i l","Est. reading time":"2 minutes"},"schema":{"@context":"https:\/\/schema.org","@graph":[{"@type":"Article","@id":"https:\/\/kosovatimes.info\/index.php\/2026\/04\/27\/thirrja-e-seances-per-presidentin-perplasje-pushtet-opozite\/#article","isPartOf":{"@id":"https:\/\/kosovatimes.info\/index.php\/2026\/04\/27\/thirrja-e-seances-per-presidentin-perplasje-pushtet-opozite\/"},"author":{"name":"i l","@id":"https:\/\/kosovatimes.info\/#\/schema\/person\/7586712b9c512fe68085de007378c915"},"headline":"Thirrja e seanc\u00ebs p\u00ebr presidentin, p\u00ebrplasje pushtet-opozit\u00eb","datePublished":"2026-04-27T13:31:00+00:00","dateModified":"2026-04-27T16:01:10+00:00","mainEntityOfPage":{"@id":"https:\/\/kosovatimes.info\/index.php\/2026\/04\/27\/thirrja-e-seances-per-presidentin-perplasje-pushtet-opozite\/"},"wordCount":404,"commentCount":0,"image":{"@id":"https:\/\/kosovatimes.info\/index.php\/2026\/04\/27\/thirrja-e-seances-per-presidentin-perplasje-pushtet-opozite\/#primaryimage"},"thumbnailUrl":"https:\/\/kosovatimes.info\/wp-content\/uploads\/2026\/04\/Seanca.jpg","articleSection":["Kosov\u00eb","Lajme"],"inLanguage":"en-US","potentialAction":[{"@type":"CommentAction","name":"Comment","target":["https:\/\/kosovatimes.info\/index.php\/2026\/04\/27\/thirrja-e-seances-per-presidentin-perplasje-pushtet-opozite\/#respond"]}]},{"@type":"WebPage","@id":"https:\/\/kosovatimes.info\/index.php\/2026\/04\/27\/thirrja-e-seances-per-presidentin-perplasje-pushtet-opozite\/","url":"https:\/\/kosovatimes.info\/index.php\/2026\/04\/27\/thirrja-e-seances-per-presidentin-perplasje-pushtet-opozite\/","name":"Thirrja e seanc\u00ebs p\u00ebr presidentin, p\u00ebrplasje pushtet-opozit\u00eb - Kosova Times","isPartOf":{"@id":"https:\/\/kosovatimes.info\/#website"},"primaryImageOfPage":{"@id":"https:\/\/kosovatimes.info\/index.php\/2026\/04\/27\/thirrja-e-seances-per-presidentin-perplasje-pushtet-opozite\/#primaryimage"},"image":{"@id":"https:\/\/kosovatimes.info\/index.php\/2026\/04\/27\/thirrja-e-seances-per-presidentin-perplasje-pushtet-opozite\/#primaryimage"},"thumbnailUrl":"https:\/\/kosovatimes.info\/wp-content\/uploads\/2026\/04\/Seanca.jpg","datePublished":"2026-04-27T13:31:00+00:00","dateModified":"2026-04-27T16:01:10+00:00","author":{"@id":"https:\/\/kosovatimes.info\/#\/schema\/person\/7586712b9c512fe68085de007378c915"},"breadcrumb":{"@id":"https:\/\/kosovatimes.info\/index.php\/2026\/04\/27\/thirrja-e-seances-per-presidentin-perplasje-pushtet-opozite\/#breadcrumb"},"inLanguage":"en-US","potentialAction":[{"@type":"ReadAction","target":["https:\/\/kosovatimes.info\/index.php\/2026\/04\/27\/thirrja-e-seances-per-presidentin-perplasje-pushtet-opozite\/"]}]},{"@type":"ImageObject","inLanguage":"en-US","@id":"https:\/\/kosovatimes.info\/index.php\/2026\/04\/27\/thirrja-e-seances-per-presidentin-perplasje-pushtet-opozite\/#primaryimage","url":"https:\/\/kosovatimes.info\/wp-content\/uploads\/2026\/04\/Seanca.jpg","contentUrl":"https:\/\/kosovatimes.info\/wp-content\/uploads\/2026\/04\/Seanca.jpg","width":780,"height":500},{"@type":"BreadcrumbList","@id":"https:\/\/kosovatimes.info\/index.php\/2026\/04\/27\/thirrja-e-seances-per-presidentin-perplasje-pushtet-opozite\/#breadcrumb","itemListElement":[{"@type":"ListItem","position":1,"name":"Home","item":"https:\/\/kosovatimes.info\/"},{"@type":"ListItem","position":2,"name":"Thirrja e seanc\u00ebs p\u00ebr presidentin, p\u00ebrplasje pushtet-opozit\u00eb"}]},{"@type":"WebSite","@id":"https:\/\/kosovatimes.info\/#website","url":"https:\/\/kosovatimes.info\/","name":"Kosova Times","description":"","potentialAction":[{"@type":"SearchAction","target":{"@type":"EntryPoint","urlTemplate":"https:\/\/kosovatimes.info\/?s={search_term_string}"},"query-input":{"@type":"PropertyValueSpecification","valueRequired":true,"valueName":"search_term_string"}}],"inLanguage":"en-US"},{"@type":"Person","@id":"https:\/\/kosovatimes.info\/#\/schema\/person\/7586712b9c512fe68085de007378c915","name":"i l","image":{"@type":"ImageObject","inLanguage":"en-US","@id":"https:\/\/secure.gravatar.com\/avatar\/bad9296e02816160ae2e2435beda58222022298d5625d49fea74d18816fbb31d?s=96&d=mm&r=g","url":"https:\/\/secure.gravatar.com\/avatar\/bad9296e02816160ae2e2435beda58222022298d5625d49fea74d18816fbb31d?s=96&d=mm&r=g","contentUrl":"https:\/\/secure.gravatar.com\/avatar\/bad9296e02816160ae2e2435beda58222022298d5625d49fea74d18816fbb31d?s=96&d=mm&r=g","caption":"i l"},"url":"https:\/\/kosovatimes.info\/index.php\/author\/iliri\/"}]}},"_links":{"self":[{"href":"https:\/\/kosovatimes.info\/index.php\/wp-json\/wp\/v2\/posts\/12085","targetHints":{"allow":["GET"]}}],"collection":[{"href":"https:\/\/kosovatimes.info\/index.php\/wp-json\/wp\/v2\/posts"}],"about":[{"href":"https:\/\/kosovatimes.info\/index.php\/wp-json\/wp\/v2\/types\/post"}],"author":[{"embeddable":true,"href":"https:\/\/kosovatimes.info\/index.php\/wp-json\/wp\/v2\/users\/4"}],"replies":[{"embeddable":true,"href":"https:\/\/kosovatimes.info\/index.php\/wp-json\/wp\/v2\/comments?post=12085"}],"version-history":[{"count":1,"href":"https:\/\/kosovatimes.info\/index.php\/wp-json\/wp\/v2\/posts\/12085\/revisions"}],"predecessor-version":[{"id":12087,"href":"https:\/\/kosovatimes.info\/index.php\/wp-json\/wp\/v2\/posts\/12085\/revisions\/12087"}],"wp:featuredmedia":[{"embeddable":true,"href":"https:\/\/kosovatimes.info\/index.php\/wp-json\/wp\/v2\/media\/12086"}],"wp:attachment":[{"href":"https:\/\/kosovatimes.info\/index.php\/wp-json\/wp\/v2\/media?parent=12085"}],"wp:term":[{"taxonomy":"category","embeddable":true,"href":"https:\/\/kosovatimes.info\/index.php\/wp-json\/wp\/v2\/categories?post=12085"},{"taxonomy":"post_tag","embeddable":true,"href":"https:\/\/kosovatimes.info\/index.php\/wp-json\/wp\/v2\/tags?post=12085"}],"curies":[{"name":"wp","href":"https:\/\/api.w.org\/{rel}","templated":true}]}}