{"id":12088,"date":"2026-04-27T15:34:00","date_gmt":"2026-04-27T13:34:00","guid":{"rendered":"https:\/\/kosovatimes.info\/?p=12088"},"modified":"2026-04-27T18:02:05","modified_gmt":"2026-04-27T16:02:05","slug":"spiunazh-ne-kosove-svecla-paralajmeron-ndeshkime-me-te-ashpra","status":"publish","type":"post","link":"https:\/\/kosovatimes.info\/index.php\/2026\/04\/27\/spiunazh-ne-kosove-svecla-paralajmeron-ndeshkime-me-te-ashpra\/","title":{"rendered":"Spiunazh n\u00eb Kosov\u00eb: Sve\u00e7la paralajm\u00ebron nd\u00ebshkime m\u00eb t\u00eb ashpra"},"content":{"rendered":"\n<p><strong>Ministri i Pun\u00ebve t\u00eb Brendshme, Xhelal Sve\u00e7la, ka deklaruar se institucionet shtet\u00ebrore t\u00eb Republik\u00ebs s\u00eb Kosov\u00ebs jan\u00eb angazhuar m\u00eb shum\u00eb se kurr\u00eb m\u00eb par\u00eb n\u00eb zbulimin dhe parandalimin e aktiviteteve t\u00eb spiunazhit, t\u00eb cilat, sipas tij, kan\u00eb rrezikuar drejtp\u00ebrdrejt sigurin\u00eb komb\u00ebtare dhe rendin kushtetues t\u00eb vendit.<\/strong><\/p>\n\n\n\n<p>Sve\u00e7la b\u00ebri t\u00eb ditur se sot Gjykata Themelore n\u00eb Prishtin\u00eb ka d\u00ebnuar me 6 vite burgim Jelena Gjukanoviq, e cila sipas vendimit gjyq\u00ebsor ka zhvilluar veprimtari spiunazhi duke nxjerr\u00eb dhe shp\u00ebrndar\u00eb dokumente t\u00eb brendshme dhe t\u00eb ndjeshme t\u00eb institucioneve t\u00eb Kosov\u00ebs tek akter\u00eb t\u00eb ndrysh\u00ebm n\u00eb Serbi.<\/p>\n\n\n\n<p>Ministri theksoi se institucionet e siguris\u00eb do t\u00eb vazhdojn\u00eb pa kompromis luft\u00ebn kund\u00ebr k\u00ebtyre veprimtarive, nd\u00ebrsa k\u00ebrkoi m\u00eb shum\u00eb vendosm\u00ebri n\u00eb vendimmarrje dhe nd\u00ebshkueshm\u00ebri, n\u00eb p\u00ebrputhje me pesh\u00ebn dhe pasojat q\u00eb k\u00ebto veprime kan\u00eb p\u00ebr shtetin.<\/p>\n\n\n\n<p>\u201cAskush nuk \u00ebsht\u00eb mbi ligjin dhe asnj\u00eb veprim q\u00eb cenon sigurin\u00eb dhe rendin kushtetues t\u00eb Republik\u00ebs son\u00eb nuk do t\u00eb tolerohet\u201d, ka shkruar Sve\u00e7la n\u00eb facebook.<\/p>\n","protected":false},"excerpt":{"rendered":"<p>Ministri i Pun\u00ebve t\u00eb Brendshme, Xhelal Sve\u00e7la, ka deklaruar se institucionet shtet\u00ebrore t\u00eb Republik\u00ebs s\u00eb Kosov\u00ebs jan\u00eb angazhuar m\u00eb shum\u00eb se kurr\u00eb m\u00eb par\u00eb n\u00eb zbulimin dhe parandalimin e aktiviteteve t\u00eb spiunazhit, t\u00eb cilat, sipas tij, kan\u00eb rrezikuar drejtp\u00ebrdrejt sigurin\u00eb komb\u00ebtare dhe rendin kushtetues t\u00eb vendit. Sve\u00e7la b\u00ebri t\u00eb ditur se sot Gjykata Themelore n\u00eb [&hellip;]<\/p>\n","protected":false},"author":4,"featured_media":12089,"comment_status":"open","ping_status":"open","sticky":false,"template":"","format":"standard","meta":{"footnotes":""},"categories":[31,30],"tags":[],"class_list":{"0":"post-12088","1":"post","2":"type-post","3":"status-publish","4":"format-standard","5":"has-post-thumbnail","7":"category-kosove","8":"category-lajme"},"yoast_head":"<!-- This site is optimized with the Yoast SEO plugin v27.4 - https:\/\/yoast.com\/product\/yoast-seo-wordpress\/ -->\n<title>Spiunazh n\u00eb Kosov\u00eb: Sve\u00e7la paralajm\u00ebron nd\u00ebshkime m\u00eb t\u00eb ashpra - Kosova Times<\/title>\n<meta name=\"robots\" content=\"index, follow, max-snippet:-1, max-image-preview:large, max-video-preview:-1\" \/>\n<link rel=\"canonical\" href=\"https:\/\/kosovatimes.info\/index.php\/2026\/04\/27\/spiunazh-ne-kosove-svecla-paralajmeron-ndeshkime-me-te-ashpra\/\" \/>\n<meta property=\"og:locale\" content=\"en_US\" \/>\n<meta property=\"og:type\" content=\"article\" \/>\n<meta property=\"og:title\" content=\"Spiunazh n\u00eb Kosov\u00eb: Sve\u00e7la paralajm\u00ebron nd\u00ebshkime m\u00eb t\u00eb ashpra - Kosova Times\" \/>\n<meta property=\"og:description\" content=\"Ministri i Pun\u00ebve t\u00eb Brendshme, Xhelal Sve\u00e7la, ka deklaruar se institucionet shtet\u00ebrore t\u00eb Republik\u00ebs s\u00eb Kosov\u00ebs jan\u00eb angazhuar m\u00eb shum\u00eb se kurr\u00eb m\u00eb par\u00eb n\u00eb zbulimin dhe parandalimin e aktiviteteve t\u00eb spiunazhit, t\u00eb cilat, sipas tij, kan\u00eb rrezikuar drejtp\u00ebrdrejt sigurin\u00eb komb\u00ebtare dhe rendin kushtetues t\u00eb vendit. Sve\u00e7la b\u00ebri t\u00eb ditur se sot Gjykata Themelore n\u00eb [&hellip;]\" \/>\n<meta property=\"og:url\" content=\"https:\/\/kosovatimes.info\/index.php\/2026\/04\/27\/spiunazh-ne-kosove-svecla-paralajmeron-ndeshkime-me-te-ashpra\/\" \/>\n<meta property=\"og:site_name\" content=\"Kosova Times\" \/>\n<meta property=\"article:published_time\" content=\"2026-04-27T13:34:00+00:00\" \/>\n<meta property=\"article:modified_time\" content=\"2026-04-27T16:02:05+00:00\" \/>\n<meta property=\"og:image\" content=\"https:\/\/kosovatimes.info\/wp-content\/uploads\/2026\/04\/Svecla-3.jpg\" \/>\n\t<meta property=\"og:image:width\" content=\"780\" \/>\n\t<meta property=\"og:image:height\" content=\"500\" \/>\n\t<meta property=\"og:image:type\" content=\"image\/jpeg\" \/>\n<meta name=\"author\" content=\"i l\" \/>\n<meta name=\"twitter:card\" content=\"summary_large_image\" \/>\n<meta name=\"twitter:label1\" content=\"Written by\" \/>\n\t<meta name=\"twitter:data1\" content=\"i l\" \/>\n\t<meta name=\"twitter:label2\" content=\"Est. reading time\" \/>\n\t<meta name=\"twitter:data2\" content=\"1 minute\" \/>\n<script type=\"application\/ld+json\" class=\"yoast-schema-graph\">{\"@context\":\"https:\\\/\\\/schema.org\",\"@graph\":[{\"@type\":\"Article\",\"@id\":\"https:\\\/\\\/kosovatimes.info\\\/index.php\\\/2026\\\/04\\\/27\\\/spiunazh-ne-kosove-svecla-paralajmeron-ndeshkime-me-te-ashpra\\\/#article\",\"isPartOf\":{\"@id\":\"https:\\\/\\\/kosovatimes.info\\\/index.php\\\/2026\\\/04\\\/27\\\/spiunazh-ne-kosove-svecla-paralajmeron-ndeshkime-me-te-ashpra\\\/\"},\"author\":{\"name\":\"i l\",\"@id\":\"https:\\\/\\\/kosovatimes.info\\\/#\\\/schema\\\/person\\\/7586712b9c512fe68085de007378c915\"},\"headline\":\"Spiunazh n\u00eb Kosov\u00eb: Sve\u00e7la paralajm\u00ebron nd\u00ebshkime m\u00eb t\u00eb ashpra\",\"datePublished\":\"2026-04-27T13:34:00+00:00\",\"dateModified\":\"2026-04-27T16:02:05+00:00\",\"mainEntityOfPage\":{\"@id\":\"https:\\\/\\\/kosovatimes.info\\\/index.php\\\/2026\\\/04\\\/27\\\/spiunazh-ne-kosove-svecla-paralajmeron-ndeshkime-me-te-ashpra\\\/\"},\"wordCount\":194,\"commentCount\":0,\"image\":{\"@id\":\"https:\\\/\\\/kosovatimes.info\\\/index.php\\\/2026\\\/04\\\/27\\\/spiunazh-ne-kosove-svecla-paralajmeron-ndeshkime-me-te-ashpra\\\/#primaryimage\"},\"thumbnailUrl\":\"https:\\\/\\\/kosovatimes.info\\\/wp-content\\\/uploads\\\/2026\\\/04\\\/Svecla-3.jpg\",\"articleSection\":[\"Kosov\u00eb\",\"Lajme\"],\"inLanguage\":\"en-US\",\"potentialAction\":[{\"@type\":\"CommentAction\",\"name\":\"Comment\",\"target\":[\"https:\\\/\\\/kosovatimes.info\\\/index.php\\\/2026\\\/04\\\/27\\\/spiunazh-ne-kosove-svecla-paralajmeron-ndeshkime-me-te-ashpra\\\/#respond\"]}]},{\"@type\":\"WebPage\",\"@id\":\"https:\\\/\\\/kosovatimes.info\\\/index.php\\\/2026\\\/04\\\/27\\\/spiunazh-ne-kosove-svecla-paralajmeron-ndeshkime-me-te-ashpra\\\/\",\"url\":\"https:\\\/\\\/kosovatimes.info\\\/index.php\\\/2026\\\/04\\\/27\\\/spiunazh-ne-kosove-svecla-paralajmeron-ndeshkime-me-te-ashpra\\\/\",\"name\":\"Spiunazh n\u00eb Kosov\u00eb: Sve\u00e7la paralajm\u00ebron nd\u00ebshkime m\u00eb t\u00eb ashpra - Kosova Times\",\"isPartOf\":{\"@id\":\"https:\\\/\\\/kosovatimes.info\\\/#website\"},\"primaryImageOfPage\":{\"@id\":\"https:\\\/\\\/kosovatimes.info\\\/index.php\\\/2026\\\/04\\\/27\\\/spiunazh-ne-kosove-svecla-paralajmeron-ndeshkime-me-te-ashpra\\\/#primaryimage\"},\"image\":{\"@id\":\"https:\\\/\\\/kosovatimes.info\\\/index.php\\\/2026\\\/04\\\/27\\\/spiunazh-ne-kosove-svecla-paralajmeron-ndeshkime-me-te-ashpra\\\/#primaryimage\"},\"thumbnailUrl\":\"https:\\\/\\\/kosovatimes.info\\\/wp-content\\\/uploads\\\/2026\\\/04\\\/Svecla-3.jpg\",\"datePublished\":\"2026-04-27T13:34:00+00:00\",\"dateModified\":\"2026-04-27T16:02:05+00:00\",\"author\":{\"@id\":\"https:\\\/\\\/kosovatimes.info\\\/#\\\/schema\\\/person\\\/7586712b9c512fe68085de007378c915\"},\"breadcrumb\":{\"@id\":\"https:\\\/\\\/kosovatimes.info\\\/index.php\\\/2026\\\/04\\\/27\\\/spiunazh-ne-kosove-svecla-paralajmeron-ndeshkime-me-te-ashpra\\\/#breadcrumb\"},\"inLanguage\":\"en-US\",\"potentialAction\":[{\"@type\":\"ReadAction\",\"target\":[\"https:\\\/\\\/kosovatimes.info\\\/index.php\\\/2026\\\/04\\\/27\\\/spiunazh-ne-kosove-svecla-paralajmeron-ndeshkime-me-te-ashpra\\\/\"]}]},{\"@type\":\"ImageObject\",\"inLanguage\":\"en-US\",\"@id\":\"https:\\\/\\\/kosovatimes.info\\\/index.php\\\/2026\\\/04\\\/27\\\/spiunazh-ne-kosove-svecla-paralajmeron-ndeshkime-me-te-ashpra\\\/#primaryimage\",\"url\":\"https:\\\/\\\/kosovatimes.info\\\/wp-content\\\/uploads\\\/2026\\\/04\\\/Svecla-3.jpg\",\"contentUrl\":\"https:\\\/\\\/kosovatimes.info\\\/wp-content\\\/uploads\\\/2026\\\/04\\\/Svecla-3.jpg\",\"width\":780,\"height\":500},{\"@type\":\"BreadcrumbList\",\"@id\":\"https:\\\/\\\/kosovatimes.info\\\/index.php\\\/2026\\\/04\\\/27\\\/spiunazh-ne-kosove-svecla-paralajmeron-ndeshkime-me-te-ashpra\\\/#breadcrumb\",\"itemListElement\":[{\"@type\":\"ListItem\",\"position\":1,\"name\":\"Home\",\"item\":\"https:\\\/\\\/kosovatimes.info\\\/\"},{\"@type\":\"ListItem\",\"position\":2,\"name\":\"Spiunazh n\u00eb Kosov\u00eb: Sve\u00e7la paralajm\u00ebron nd\u00ebshkime m\u00eb t\u00eb ashpra\"}]},{\"@type\":\"WebSite\",\"@id\":\"https:\\\/\\\/kosovatimes.info\\\/#website\",\"url\":\"https:\\\/\\\/kosovatimes.info\\\/\",\"name\":\"Kosova Times\",\"description\":\"\",\"potentialAction\":[{\"@type\":\"SearchAction\",\"target\":{\"@type\":\"EntryPoint\",\"urlTemplate\":\"https:\\\/\\\/kosovatimes.info\\\/?s={search_term_string}\"},\"query-input\":{\"@type\":\"PropertyValueSpecification\",\"valueRequired\":true,\"valueName\":\"search_term_string\"}}],\"inLanguage\":\"en-US\"},{\"@type\":\"Person\",\"@id\":\"https:\\\/\\\/kosovatimes.info\\\/#\\\/schema\\\/person\\\/7586712b9c512fe68085de007378c915\",\"name\":\"i l\",\"image\":{\"@type\":\"ImageObject\",\"inLanguage\":\"en-US\",\"@id\":\"https:\\\/\\\/secure.gravatar.com\\\/avatar\\\/bad9296e02816160ae2e2435beda58222022298d5625d49fea74d18816fbb31d?s=96&d=mm&r=g\",\"url\":\"https:\\\/\\\/secure.gravatar.com\\\/avatar\\\/bad9296e02816160ae2e2435beda58222022298d5625d49fea74d18816fbb31d?s=96&d=mm&r=g\",\"contentUrl\":\"https:\\\/\\\/secure.gravatar.com\\\/avatar\\\/bad9296e02816160ae2e2435beda58222022298d5625d49fea74d18816fbb31d?s=96&d=mm&r=g\",\"caption\":\"i l\"},\"url\":\"https:\\\/\\\/kosovatimes.info\\\/index.php\\\/author\\\/iliri\\\/\"}]}<\/script>\n<!-- \/ Yoast SEO plugin. -->","yoast_head_json":{"title":"Spiunazh n\u00eb Kosov\u00eb: Sve\u00e7la paralajm\u00ebron nd\u00ebshkime m\u00eb t\u00eb ashpra - Kosova Times","robots":{"index":"index","follow":"follow","max-snippet":"max-snippet:-1","max-image-preview":"max-image-preview:large","max-video-preview":"max-video-preview:-1"},"canonical":"https:\/\/kosovatimes.info\/index.php\/2026\/04\/27\/spiunazh-ne-kosove-svecla-paralajmeron-ndeshkime-me-te-ashpra\/","og_locale":"en_US","og_type":"article","og_title":"Spiunazh n\u00eb Kosov\u00eb: Sve\u00e7la paralajm\u00ebron nd\u00ebshkime m\u00eb t\u00eb ashpra - Kosova Times","og_description":"Ministri i Pun\u00ebve t\u00eb Brendshme, Xhelal Sve\u00e7la, ka deklaruar se institucionet shtet\u00ebrore t\u00eb Republik\u00ebs s\u00eb Kosov\u00ebs jan\u00eb angazhuar m\u00eb shum\u00eb se kurr\u00eb m\u00eb par\u00eb n\u00eb zbulimin dhe parandalimin e aktiviteteve t\u00eb spiunazhit, t\u00eb cilat, sipas tij, kan\u00eb rrezikuar drejtp\u00ebrdrejt sigurin\u00eb komb\u00ebtare dhe rendin kushtetues t\u00eb vendit. Sve\u00e7la b\u00ebri t\u00eb ditur se sot Gjykata Themelore n\u00eb [&hellip;]","og_url":"https:\/\/kosovatimes.info\/index.php\/2026\/04\/27\/spiunazh-ne-kosove-svecla-paralajmeron-ndeshkime-me-te-ashpra\/","og_site_name":"Kosova Times","article_published_time":"2026-04-27T13:34:00+00:00","article_modified_time":"2026-04-27T16:02:05+00:00","og_image":[{"width":780,"height":500,"url":"https:\/\/kosovatimes.info\/wp-content\/uploads\/2026\/04\/Svecla-3.jpg","type":"image\/jpeg"}],"author":"i l","twitter_card":"summary_large_image","twitter_misc":{"Written by":"i l","Est. reading time":"1 minute"},"schema":{"@context":"https:\/\/schema.org","@graph":[{"@type":"Article","@id":"https:\/\/kosovatimes.info\/index.php\/2026\/04\/27\/spiunazh-ne-kosove-svecla-paralajmeron-ndeshkime-me-te-ashpra\/#article","isPartOf":{"@id":"https:\/\/kosovatimes.info\/index.php\/2026\/04\/27\/spiunazh-ne-kosove-svecla-paralajmeron-ndeshkime-me-te-ashpra\/"},"author":{"name":"i l","@id":"https:\/\/kosovatimes.info\/#\/schema\/person\/7586712b9c512fe68085de007378c915"},"headline":"Spiunazh n\u00eb Kosov\u00eb: Sve\u00e7la paralajm\u00ebron nd\u00ebshkime m\u00eb t\u00eb ashpra","datePublished":"2026-04-27T13:34:00+00:00","dateModified":"2026-04-27T16:02:05+00:00","mainEntityOfPage":{"@id":"https:\/\/kosovatimes.info\/index.php\/2026\/04\/27\/spiunazh-ne-kosove-svecla-paralajmeron-ndeshkime-me-te-ashpra\/"},"wordCount":194,"commentCount":0,"image":{"@id":"https:\/\/kosovatimes.info\/index.php\/2026\/04\/27\/spiunazh-ne-kosove-svecla-paralajmeron-ndeshkime-me-te-ashpra\/#primaryimage"},"thumbnailUrl":"https:\/\/kosovatimes.info\/wp-content\/uploads\/2026\/04\/Svecla-3.jpg","articleSection":["Kosov\u00eb","Lajme"],"inLanguage":"en-US","potentialAction":[{"@type":"CommentAction","name":"Comment","target":["https:\/\/kosovatimes.info\/index.php\/2026\/04\/27\/spiunazh-ne-kosove-svecla-paralajmeron-ndeshkime-me-te-ashpra\/#respond"]}]},{"@type":"WebPage","@id":"https:\/\/kosovatimes.info\/index.php\/2026\/04\/27\/spiunazh-ne-kosove-svecla-paralajmeron-ndeshkime-me-te-ashpra\/","url":"https:\/\/kosovatimes.info\/index.php\/2026\/04\/27\/spiunazh-ne-kosove-svecla-paralajmeron-ndeshkime-me-te-ashpra\/","name":"Spiunazh n\u00eb Kosov\u00eb: Sve\u00e7la paralajm\u00ebron nd\u00ebshkime m\u00eb t\u00eb ashpra - Kosova Times","isPartOf":{"@id":"https:\/\/kosovatimes.info\/#website"},"primaryImageOfPage":{"@id":"https:\/\/kosovatimes.info\/index.php\/2026\/04\/27\/spiunazh-ne-kosove-svecla-paralajmeron-ndeshkime-me-te-ashpra\/#primaryimage"},"image":{"@id":"https:\/\/kosovatimes.info\/index.php\/2026\/04\/27\/spiunazh-ne-kosove-svecla-paralajmeron-ndeshkime-me-te-ashpra\/#primaryimage"},"thumbnailUrl":"https:\/\/kosovatimes.info\/wp-content\/uploads\/2026\/04\/Svecla-3.jpg","datePublished":"2026-04-27T13:34:00+00:00","dateModified":"2026-04-27T16:02:05+00:00","author":{"@id":"https:\/\/kosovatimes.info\/#\/schema\/person\/7586712b9c512fe68085de007378c915"},"breadcrumb":{"@id":"https:\/\/kosovatimes.info\/index.php\/2026\/04\/27\/spiunazh-ne-kosove-svecla-paralajmeron-ndeshkime-me-te-ashpra\/#breadcrumb"},"inLanguage":"en-US","potentialAction":[{"@type":"ReadAction","target":["https:\/\/kosovatimes.info\/index.php\/2026\/04\/27\/spiunazh-ne-kosove-svecla-paralajmeron-ndeshkime-me-te-ashpra\/"]}]},{"@type":"ImageObject","inLanguage":"en-US","@id":"https:\/\/kosovatimes.info\/index.php\/2026\/04\/27\/spiunazh-ne-kosove-svecla-paralajmeron-ndeshkime-me-te-ashpra\/#primaryimage","url":"https:\/\/kosovatimes.info\/wp-content\/uploads\/2026\/04\/Svecla-3.jpg","contentUrl":"https:\/\/kosovatimes.info\/wp-content\/uploads\/2026\/04\/Svecla-3.jpg","width":780,"height":500},{"@type":"BreadcrumbList","@id":"https:\/\/kosovatimes.info\/index.php\/2026\/04\/27\/spiunazh-ne-kosove-svecla-paralajmeron-ndeshkime-me-te-ashpra\/#breadcrumb","itemListElement":[{"@type":"ListItem","position":1,"name":"Home","item":"https:\/\/kosovatimes.info\/"},{"@type":"ListItem","position":2,"name":"Spiunazh n\u00eb Kosov\u00eb: Sve\u00e7la paralajm\u00ebron nd\u00ebshkime m\u00eb t\u00eb ashpra"}]},{"@type":"WebSite","@id":"https:\/\/kosovatimes.info\/#website","url":"https:\/\/kosovatimes.info\/","name":"Kosova Times","description":"","potentialAction":[{"@type":"SearchAction","target":{"@type":"EntryPoint","urlTemplate":"https:\/\/kosovatimes.info\/?s={search_term_string}"},"query-input":{"@type":"PropertyValueSpecification","valueRequired":true,"valueName":"search_term_string"}}],"inLanguage":"en-US"},{"@type":"Person","@id":"https:\/\/kosovatimes.info\/#\/schema\/person\/7586712b9c512fe68085de007378c915","name":"i l","image":{"@type":"ImageObject","inLanguage":"en-US","@id":"https:\/\/secure.gravatar.com\/avatar\/bad9296e02816160ae2e2435beda58222022298d5625d49fea74d18816fbb31d?s=96&d=mm&r=g","url":"https:\/\/secure.gravatar.com\/avatar\/bad9296e02816160ae2e2435beda58222022298d5625d49fea74d18816fbb31d?s=96&d=mm&r=g","contentUrl":"https:\/\/secure.gravatar.com\/avatar\/bad9296e02816160ae2e2435beda58222022298d5625d49fea74d18816fbb31d?s=96&d=mm&r=g","caption":"i l"},"url":"https:\/\/kosovatimes.info\/index.php\/author\/iliri\/"}]}},"_links":{"self":[{"href":"https:\/\/kosovatimes.info\/index.php\/wp-json\/wp\/v2\/posts\/12088","targetHints":{"allow":["GET"]}}],"collection":[{"href":"https:\/\/kosovatimes.info\/index.php\/wp-json\/wp\/v2\/posts"}],"about":[{"href":"https:\/\/kosovatimes.info\/index.php\/wp-json\/wp\/v2\/types\/post"}],"author":[{"embeddable":true,"href":"https:\/\/kosovatimes.info\/index.php\/wp-json\/wp\/v2\/users\/4"}],"replies":[{"embeddable":true,"href":"https:\/\/kosovatimes.info\/index.php\/wp-json\/wp\/v2\/comments?post=12088"}],"version-history":[{"count":1,"href":"https:\/\/kosovatimes.info\/index.php\/wp-json\/wp\/v2\/posts\/12088\/revisions"}],"predecessor-version":[{"id":12090,"href":"https:\/\/kosovatimes.info\/index.php\/wp-json\/wp\/v2\/posts\/12088\/revisions\/12090"}],"wp:featuredmedia":[{"embeddable":true,"href":"https:\/\/kosovatimes.info\/index.php\/wp-json\/wp\/v2\/media\/12089"}],"wp:attachment":[{"href":"https:\/\/kosovatimes.info\/index.php\/wp-json\/wp\/v2\/media?parent=12088"}],"wp:term":[{"taxonomy":"category","embeddable":true,"href":"https:\/\/kosovatimes.info\/index.php\/wp-json\/wp\/v2\/categories?post=12088"},{"taxonomy":"post_tag","embeddable":true,"href":"https:\/\/kosovatimes.info\/index.php\/wp-json\/wp\/v2\/tags?post=12088"}],"curies":[{"name":"wp","href":"https:\/\/api.w.org\/{rel}","templated":true}]}}