{"id":12094,"date":"2026-04-27T16:17:00","date_gmt":"2026-04-27T14:17:00","guid":{"rendered":"https:\/\/kosovatimes.info\/?p=12094"},"modified":"2026-04-27T18:04:06","modified_gmt":"2026-04-27T16:04:06","slug":"miratohet-komisioni-i-ri-per-provimin-e-jurisprudences","status":"publish","type":"post","link":"https:\/\/kosovatimes.info\/index.php\/2026\/04\/27\/miratohet-komisioni-i-ri-per-provimin-e-jurisprudences\/","title":{"rendered":"Miratohet Komisioni i ri p\u00ebr Provimin e Jurisprudenc\u00ebs"},"content":{"rendered":"\n<p><a target=\"_blank\" href=\"https:\/\/www.linkedin.com\/shareArticle?mini=true&amp;url=https%3A%2F%2Fwww.rtklive.com%2Fsq%2Fnews-single.php%3FID%3D723256\" rel=\"noreferrer noopener\"><\/a><\/p>\n\n\n\n<h2 class=\"wp-block-heading\"><strong>Kuvendi i Kosov\u00ebs e ka miratuar propozim \u2013 vendimin e qeveris\u00eb p\u00ebr formimin e Komisonit t\u00eb ri p\u00ebr dh\u00ebnien e Provimit t\u00eb Jurisprudenc\u00ebs. 63 deputet\u00eb kan\u00eb votuar pro, nd\u00ebrsa 4 ishin kund\u00ebr dhe asnj\u00eb abstenim.<\/strong><\/h2>\n\n\n\n<p>Komisioni i ri \u00ebsht\u00eb n\u00eb k\u00ebt\u00eb p\u00ebrb\u00ebrje: Arian Gashi, kryetar, Ersan Qavolli, Lumni Sallauka, Arsim Hamza, Anita Prenaj Krasniqi, Suada Rama Hamza, Burim Shala, Nehat Qelaj, Bujar Muzaqi dhe Hysni Ismaili.<\/p>\n\n\n\n<p>Nd\u00ebrsa&nbsp;z\u00ebvend\u00ebskryeministrja dhe ministrja e Drejt\u00ebsis\u00eb, Donika G\u00ebrvalla-Schwarz, gjat\u00eb paraqitjes s\u00eb&nbsp;propozim-vendimit&nbsp;p\u00ebr em\u00ebrimin e p\u00ebrb\u00ebrjes s\u00eb re t\u00eb Komisionit p\u00ebr dh\u00ebnien e provimit t\u00eb jurisprudenc\u00ebs para deputet\u00ebve theksoi se vendimi p\u00ebr ndryshimin e komisionit vjen pas nj\u00eb vler\u00ebsimi gjith\u00ebp\u00ebrfshir\u00ebs t\u00eb procesit p\u00ebr periudh\u00ebn 2023-2025.<\/p>\n\n\n\n<p>Sipas saj, gjetjet e Ministris\u00eb s\u00eb Drejt\u00ebsis\u00eb kan\u00eb evidencuar mang\u00ebsi thelb\u00ebsore q\u00eb prekin direkt integritetin e provimit.<\/p>\n\n\n\n<p>Ministrja G\u00ebrvalla-Schwarz b\u00ebri t\u00eb ditur se gjat\u00eb mandatit t\u00eb fundit jan\u00eb pranuar mbi 243 ankesa nga kandidat\u00ebt, t\u00eb cilat nuk jan\u00eb shqyrtuar n\u00eb m\u00ebnyr\u00eb substanciale. Ajo renditi disa nga shkeljet kryesore: Devijime programore: Hartim i pyetjeve jasht\u00eb programit dhe n\u00eb mosp\u00ebrputhje me legjislacionin n\u00eb fuqi;&nbsp;Munges\u00eb e objektivitetit: Vler\u00ebsim i kandidat\u00ebve pa arsyetim t\u00eb mjaftuesh\u00ebm, duke krijuar hap\u00ebsir\u00eb p\u00ebr trajtim jo t\u00eb barabart\u00eb dhe&nbsp;parregullsi n\u00eb dokumentim: Mosp\u00ebrputhje nd\u00ebrmjet procesverbaleve dhe vler\u00ebsimeve p\u00ebrfundimtare t\u00eb kandidat\u00ebve.<\/p>\n\n\n\n<p>Nj\u00eb tjet\u00ebr pik\u00eb shqet\u00ebsuese q\u00eb ministrja ngriti ishte r\u00ebnia drastike e shkall\u00ebs s\u00eb kalueshm\u00ebris\u00eb.<\/p>\n\n\n\n<p>&#8220;Nd\u00ebrkoh\u00eb q\u00eb n\u00eb periudh\u00ebn 2021-2023 kalueshm\u00ebria ishte mbi 34%, n\u00eb mandatin e komisionit aktual (2023-2025) ajo ka r\u00ebn\u00eb n\u00eb nivelin 3 deri 4%&#8221;, tha ajo.<\/p>\n\n\n\n<p>Sipas ministres, kjo shp\u00ebrputhje e madhe ngre dyshime t\u00eb arsyeshme mbi konsistenc\u00ebn e vler\u00ebsimit dhe standardet e aplikuara.<\/p>\n\n\n\n<p>Ministrja n\u00ebnvizoi se q\u00ebllimi i em\u00ebrimit t\u00eb p\u00ebrb\u00ebrjes s\u00eb re \u00ebsht\u00eb garantimi i nj\u00eb procesi profesional q\u00eb bazohet ekskluzivisht n\u00eb meritokraci.<\/p>\n\n\n\n<p>&#8220;Ky veprim \u00ebsht\u00eb nd\u00ebrmarr\u00eb p\u00ebr t&#8217;i adresuar nevojat dhe pritshm\u00ebrit\u00eb e kandidat\u00ebve, si dhe p\u00ebr t\u00eb siguruar q\u00eb sistemi i drejt\u00ebsis\u00eb t\u00eb furnizohet me jurist\u00eb t\u00eb vler\u00ebsuar n\u00eb m\u00ebnyr\u00eb t\u00eb drejt\u00eb dhe transparente&#8221;, p\u00ebrfundoi ajo, duke ftuar ligjv\u00ebn\u00ebsit ta mb\u00ebshtesin k\u00ebt\u00eb ndryshim.<\/p>\n","protected":false},"excerpt":{"rendered":"<p>Kuvendi i Kosov\u00ebs e ka miratuar propozim \u2013 vendimin e qeveris\u00eb p\u00ebr formimin e Komisonit t\u00eb ri p\u00ebr dh\u00ebnien e Provimit t\u00eb Jurisprudenc\u00ebs. 63 deputet\u00eb kan\u00eb votuar pro, nd\u00ebrsa 4 ishin kund\u00ebr dhe asnj\u00eb abstenim. Komisioni i ri \u00ebsht\u00eb n\u00eb k\u00ebt\u00eb p\u00ebrb\u00ebrje: Arian Gashi, kryetar, Ersan Qavolli, Lumni Sallauka, Arsim Hamza, Anita Prenaj Krasniqi, Suada [&hellip;]<\/p>\n","protected":false},"author":4,"featured_media":12095,"comment_status":"open","ping_status":"open","sticky":false,"template":"","format":"standard","meta":{"footnotes":""},"categories":[31,30],"tags":[],"class_list":{"0":"post-12094","1":"post","2":"type-post","3":"status-publish","4":"format-standard","5":"has-post-thumbnail","7":"category-kosove","8":"category-lajme"},"yoast_head":"<!-- This site is optimized with the Yoast SEO plugin v27.4 - https:\/\/yoast.com\/product\/yoast-seo-wordpress\/ -->\n<title>Miratohet Komisioni i ri p\u00ebr Provimin e Jurisprudenc\u00ebs - Kosova Times<\/title>\n<meta name=\"robots\" content=\"index, follow, max-snippet:-1, max-image-preview:large, max-video-preview:-1\" \/>\n<link rel=\"canonical\" href=\"https:\/\/kosovatimes.info\/index.php\/2026\/04\/27\/miratohet-komisioni-i-ri-per-provimin-e-jurisprudences\/\" \/>\n<meta property=\"og:locale\" content=\"en_US\" \/>\n<meta property=\"og:type\" content=\"article\" \/>\n<meta property=\"og:title\" content=\"Miratohet Komisioni i ri p\u00ebr Provimin e Jurisprudenc\u00ebs - Kosova Times\" \/>\n<meta property=\"og:description\" content=\"Kuvendi i Kosov\u00ebs e ka miratuar propozim \u2013 vendimin e qeveris\u00eb p\u00ebr formimin e Komisonit t\u00eb ri p\u00ebr dh\u00ebnien e Provimit t\u00eb Jurisprudenc\u00ebs. 63 deputet\u00eb kan\u00eb votuar pro, nd\u00ebrsa 4 ishin kund\u00ebr dhe asnj\u00eb abstenim. Komisioni i ri \u00ebsht\u00eb n\u00eb k\u00ebt\u00eb p\u00ebrb\u00ebrje: Arian Gashi, kryetar, Ersan Qavolli, Lumni Sallauka, Arsim Hamza, Anita Prenaj Krasniqi, Suada [&hellip;]\" \/>\n<meta property=\"og:url\" content=\"https:\/\/kosovatimes.info\/index.php\/2026\/04\/27\/miratohet-komisioni-i-ri-per-provimin-e-jurisprudences\/\" \/>\n<meta property=\"og:site_name\" content=\"Kosova Times\" \/>\n<meta property=\"article:published_time\" content=\"2026-04-27T14:17:00+00:00\" \/>\n<meta property=\"article:modified_time\" content=\"2026-04-27T16:04:06+00:00\" \/>\n<meta property=\"og:image\" content=\"https:\/\/kosovatimes.info\/wp-content\/uploads\/2026\/04\/Kuv-2.jpg\" \/>\n\t<meta property=\"og:image:width\" content=\"780\" \/>\n\t<meta property=\"og:image:height\" content=\"500\" \/>\n\t<meta property=\"og:image:type\" content=\"image\/jpeg\" \/>\n<meta name=\"author\" content=\"i l\" \/>\n<meta name=\"twitter:card\" content=\"summary_large_image\" \/>\n<meta name=\"twitter:label1\" content=\"Written by\" \/>\n\t<meta name=\"twitter:data1\" content=\"i l\" \/>\n\t<meta name=\"twitter:label2\" content=\"Est. reading time\" \/>\n\t<meta name=\"twitter:data2\" content=\"2 minutes\" \/>\n<script type=\"application\/ld+json\" class=\"yoast-schema-graph\">{\"@context\":\"https:\\\/\\\/schema.org\",\"@graph\":[{\"@type\":\"Article\",\"@id\":\"https:\\\/\\\/kosovatimes.info\\\/index.php\\\/2026\\\/04\\\/27\\\/miratohet-komisioni-i-ri-per-provimin-e-jurisprudences\\\/#article\",\"isPartOf\":{\"@id\":\"https:\\\/\\\/kosovatimes.info\\\/index.php\\\/2026\\\/04\\\/27\\\/miratohet-komisioni-i-ri-per-provimin-e-jurisprudences\\\/\"},\"author\":{\"name\":\"i l\",\"@id\":\"https:\\\/\\\/kosovatimes.info\\\/#\\\/schema\\\/person\\\/7586712b9c512fe68085de007378c915\"},\"headline\":\"Miratohet Komisioni i ri p\u00ebr Provimin e Jurisprudenc\u00ebs\",\"datePublished\":\"2026-04-27T14:17:00+00:00\",\"dateModified\":\"2026-04-27T16:04:06+00:00\",\"mainEntityOfPage\":{\"@id\":\"https:\\\/\\\/kosovatimes.info\\\/index.php\\\/2026\\\/04\\\/27\\\/miratohet-komisioni-i-ri-per-provimin-e-jurisprudences\\\/\"},\"wordCount\":410,\"commentCount\":0,\"image\":{\"@id\":\"https:\\\/\\\/kosovatimes.info\\\/index.php\\\/2026\\\/04\\\/27\\\/miratohet-komisioni-i-ri-per-provimin-e-jurisprudences\\\/#primaryimage\"},\"thumbnailUrl\":\"https:\\\/\\\/kosovatimes.info\\\/wp-content\\\/uploads\\\/2026\\\/04\\\/Kuv-2.jpg\",\"articleSection\":[\"Kosov\u00eb\",\"Lajme\"],\"inLanguage\":\"en-US\",\"potentialAction\":[{\"@type\":\"CommentAction\",\"name\":\"Comment\",\"target\":[\"https:\\\/\\\/kosovatimes.info\\\/index.php\\\/2026\\\/04\\\/27\\\/miratohet-komisioni-i-ri-per-provimin-e-jurisprudences\\\/#respond\"]}]},{\"@type\":\"WebPage\",\"@id\":\"https:\\\/\\\/kosovatimes.info\\\/index.php\\\/2026\\\/04\\\/27\\\/miratohet-komisioni-i-ri-per-provimin-e-jurisprudences\\\/\",\"url\":\"https:\\\/\\\/kosovatimes.info\\\/index.php\\\/2026\\\/04\\\/27\\\/miratohet-komisioni-i-ri-per-provimin-e-jurisprudences\\\/\",\"name\":\"Miratohet Komisioni i ri p\u00ebr Provimin e Jurisprudenc\u00ebs - Kosova Times\",\"isPartOf\":{\"@id\":\"https:\\\/\\\/kosovatimes.info\\\/#website\"},\"primaryImageOfPage\":{\"@id\":\"https:\\\/\\\/kosovatimes.info\\\/index.php\\\/2026\\\/04\\\/27\\\/miratohet-komisioni-i-ri-per-provimin-e-jurisprudences\\\/#primaryimage\"},\"image\":{\"@id\":\"https:\\\/\\\/kosovatimes.info\\\/index.php\\\/2026\\\/04\\\/27\\\/miratohet-komisioni-i-ri-per-provimin-e-jurisprudences\\\/#primaryimage\"},\"thumbnailUrl\":\"https:\\\/\\\/kosovatimes.info\\\/wp-content\\\/uploads\\\/2026\\\/04\\\/Kuv-2.jpg\",\"datePublished\":\"2026-04-27T14:17:00+00:00\",\"dateModified\":\"2026-04-27T16:04:06+00:00\",\"author\":{\"@id\":\"https:\\\/\\\/kosovatimes.info\\\/#\\\/schema\\\/person\\\/7586712b9c512fe68085de007378c915\"},\"breadcrumb\":{\"@id\":\"https:\\\/\\\/kosovatimes.info\\\/index.php\\\/2026\\\/04\\\/27\\\/miratohet-komisioni-i-ri-per-provimin-e-jurisprudences\\\/#breadcrumb\"},\"inLanguage\":\"en-US\",\"potentialAction\":[{\"@type\":\"ReadAction\",\"target\":[\"https:\\\/\\\/kosovatimes.info\\\/index.php\\\/2026\\\/04\\\/27\\\/miratohet-komisioni-i-ri-per-provimin-e-jurisprudences\\\/\"]}]},{\"@type\":\"ImageObject\",\"inLanguage\":\"en-US\",\"@id\":\"https:\\\/\\\/kosovatimes.info\\\/index.php\\\/2026\\\/04\\\/27\\\/miratohet-komisioni-i-ri-per-provimin-e-jurisprudences\\\/#primaryimage\",\"url\":\"https:\\\/\\\/kosovatimes.info\\\/wp-content\\\/uploads\\\/2026\\\/04\\\/Kuv-2.jpg\",\"contentUrl\":\"https:\\\/\\\/kosovatimes.info\\\/wp-content\\\/uploads\\\/2026\\\/04\\\/Kuv-2.jpg\",\"width\":780,\"height\":500},{\"@type\":\"BreadcrumbList\",\"@id\":\"https:\\\/\\\/kosovatimes.info\\\/index.php\\\/2026\\\/04\\\/27\\\/miratohet-komisioni-i-ri-per-provimin-e-jurisprudences\\\/#breadcrumb\",\"itemListElement\":[{\"@type\":\"ListItem\",\"position\":1,\"name\":\"Home\",\"item\":\"https:\\\/\\\/kosovatimes.info\\\/\"},{\"@type\":\"ListItem\",\"position\":2,\"name\":\"Miratohet Komisioni i ri p\u00ebr Provimin e Jurisprudenc\u00ebs\"}]},{\"@type\":\"WebSite\",\"@id\":\"https:\\\/\\\/kosovatimes.info\\\/#website\",\"url\":\"https:\\\/\\\/kosovatimes.info\\\/\",\"name\":\"Kosova Times\",\"description\":\"\",\"potentialAction\":[{\"@type\":\"SearchAction\",\"target\":{\"@type\":\"EntryPoint\",\"urlTemplate\":\"https:\\\/\\\/kosovatimes.info\\\/?s={search_term_string}\"},\"query-input\":{\"@type\":\"PropertyValueSpecification\",\"valueRequired\":true,\"valueName\":\"search_term_string\"}}],\"inLanguage\":\"en-US\"},{\"@type\":\"Person\",\"@id\":\"https:\\\/\\\/kosovatimes.info\\\/#\\\/schema\\\/person\\\/7586712b9c512fe68085de007378c915\",\"name\":\"i l\",\"image\":{\"@type\":\"ImageObject\",\"inLanguage\":\"en-US\",\"@id\":\"https:\\\/\\\/secure.gravatar.com\\\/avatar\\\/bad9296e02816160ae2e2435beda58222022298d5625d49fea74d18816fbb31d?s=96&d=mm&r=g\",\"url\":\"https:\\\/\\\/secure.gravatar.com\\\/avatar\\\/bad9296e02816160ae2e2435beda58222022298d5625d49fea74d18816fbb31d?s=96&d=mm&r=g\",\"contentUrl\":\"https:\\\/\\\/secure.gravatar.com\\\/avatar\\\/bad9296e02816160ae2e2435beda58222022298d5625d49fea74d18816fbb31d?s=96&d=mm&r=g\",\"caption\":\"i l\"},\"url\":\"https:\\\/\\\/kosovatimes.info\\\/index.php\\\/author\\\/iliri\\\/\"}]}<\/script>\n<!-- \/ Yoast SEO plugin. -->","yoast_head_json":{"title":"Miratohet Komisioni i ri p\u00ebr Provimin e Jurisprudenc\u00ebs - Kosova Times","robots":{"index":"index","follow":"follow","max-snippet":"max-snippet:-1","max-image-preview":"max-image-preview:large","max-video-preview":"max-video-preview:-1"},"canonical":"https:\/\/kosovatimes.info\/index.php\/2026\/04\/27\/miratohet-komisioni-i-ri-per-provimin-e-jurisprudences\/","og_locale":"en_US","og_type":"article","og_title":"Miratohet Komisioni i ri p\u00ebr Provimin e Jurisprudenc\u00ebs - Kosova Times","og_description":"Kuvendi i Kosov\u00ebs e ka miratuar propozim \u2013 vendimin e qeveris\u00eb p\u00ebr formimin e Komisonit t\u00eb ri p\u00ebr dh\u00ebnien e Provimit t\u00eb Jurisprudenc\u00ebs. 63 deputet\u00eb kan\u00eb votuar pro, nd\u00ebrsa 4 ishin kund\u00ebr dhe asnj\u00eb abstenim. Komisioni i ri \u00ebsht\u00eb n\u00eb k\u00ebt\u00eb p\u00ebrb\u00ebrje: Arian Gashi, kryetar, Ersan Qavolli, Lumni Sallauka, Arsim Hamza, Anita Prenaj Krasniqi, Suada [&hellip;]","og_url":"https:\/\/kosovatimes.info\/index.php\/2026\/04\/27\/miratohet-komisioni-i-ri-per-provimin-e-jurisprudences\/","og_site_name":"Kosova Times","article_published_time":"2026-04-27T14:17:00+00:00","article_modified_time":"2026-04-27T16:04:06+00:00","og_image":[{"width":780,"height":500,"url":"https:\/\/kosovatimes.info\/wp-content\/uploads\/2026\/04\/Kuv-2.jpg","type":"image\/jpeg"}],"author":"i l","twitter_card":"summary_large_image","twitter_misc":{"Written by":"i l","Est. reading time":"2 minutes"},"schema":{"@context":"https:\/\/schema.org","@graph":[{"@type":"Article","@id":"https:\/\/kosovatimes.info\/index.php\/2026\/04\/27\/miratohet-komisioni-i-ri-per-provimin-e-jurisprudences\/#article","isPartOf":{"@id":"https:\/\/kosovatimes.info\/index.php\/2026\/04\/27\/miratohet-komisioni-i-ri-per-provimin-e-jurisprudences\/"},"author":{"name":"i l","@id":"https:\/\/kosovatimes.info\/#\/schema\/person\/7586712b9c512fe68085de007378c915"},"headline":"Miratohet Komisioni i ri p\u00ebr Provimin e Jurisprudenc\u00ebs","datePublished":"2026-04-27T14:17:00+00:00","dateModified":"2026-04-27T16:04:06+00:00","mainEntityOfPage":{"@id":"https:\/\/kosovatimes.info\/index.php\/2026\/04\/27\/miratohet-komisioni-i-ri-per-provimin-e-jurisprudences\/"},"wordCount":410,"commentCount":0,"image":{"@id":"https:\/\/kosovatimes.info\/index.php\/2026\/04\/27\/miratohet-komisioni-i-ri-per-provimin-e-jurisprudences\/#primaryimage"},"thumbnailUrl":"https:\/\/kosovatimes.info\/wp-content\/uploads\/2026\/04\/Kuv-2.jpg","articleSection":["Kosov\u00eb","Lajme"],"inLanguage":"en-US","potentialAction":[{"@type":"CommentAction","name":"Comment","target":["https:\/\/kosovatimes.info\/index.php\/2026\/04\/27\/miratohet-komisioni-i-ri-per-provimin-e-jurisprudences\/#respond"]}]},{"@type":"WebPage","@id":"https:\/\/kosovatimes.info\/index.php\/2026\/04\/27\/miratohet-komisioni-i-ri-per-provimin-e-jurisprudences\/","url":"https:\/\/kosovatimes.info\/index.php\/2026\/04\/27\/miratohet-komisioni-i-ri-per-provimin-e-jurisprudences\/","name":"Miratohet Komisioni i ri p\u00ebr Provimin e Jurisprudenc\u00ebs - Kosova Times","isPartOf":{"@id":"https:\/\/kosovatimes.info\/#website"},"primaryImageOfPage":{"@id":"https:\/\/kosovatimes.info\/index.php\/2026\/04\/27\/miratohet-komisioni-i-ri-per-provimin-e-jurisprudences\/#primaryimage"},"image":{"@id":"https:\/\/kosovatimes.info\/index.php\/2026\/04\/27\/miratohet-komisioni-i-ri-per-provimin-e-jurisprudences\/#primaryimage"},"thumbnailUrl":"https:\/\/kosovatimes.info\/wp-content\/uploads\/2026\/04\/Kuv-2.jpg","datePublished":"2026-04-27T14:17:00+00:00","dateModified":"2026-04-27T16:04:06+00:00","author":{"@id":"https:\/\/kosovatimes.info\/#\/schema\/person\/7586712b9c512fe68085de007378c915"},"breadcrumb":{"@id":"https:\/\/kosovatimes.info\/index.php\/2026\/04\/27\/miratohet-komisioni-i-ri-per-provimin-e-jurisprudences\/#breadcrumb"},"inLanguage":"en-US","potentialAction":[{"@type":"ReadAction","target":["https:\/\/kosovatimes.info\/index.php\/2026\/04\/27\/miratohet-komisioni-i-ri-per-provimin-e-jurisprudences\/"]}]},{"@type":"ImageObject","inLanguage":"en-US","@id":"https:\/\/kosovatimes.info\/index.php\/2026\/04\/27\/miratohet-komisioni-i-ri-per-provimin-e-jurisprudences\/#primaryimage","url":"https:\/\/kosovatimes.info\/wp-content\/uploads\/2026\/04\/Kuv-2.jpg","contentUrl":"https:\/\/kosovatimes.info\/wp-content\/uploads\/2026\/04\/Kuv-2.jpg","width":780,"height":500},{"@type":"BreadcrumbList","@id":"https:\/\/kosovatimes.info\/index.php\/2026\/04\/27\/miratohet-komisioni-i-ri-per-provimin-e-jurisprudences\/#breadcrumb","itemListElement":[{"@type":"ListItem","position":1,"name":"Home","item":"https:\/\/kosovatimes.info\/"},{"@type":"ListItem","position":2,"name":"Miratohet Komisioni i ri p\u00ebr Provimin e Jurisprudenc\u00ebs"}]},{"@type":"WebSite","@id":"https:\/\/kosovatimes.info\/#website","url":"https:\/\/kosovatimes.info\/","name":"Kosova Times","description":"","potentialAction":[{"@type":"SearchAction","target":{"@type":"EntryPoint","urlTemplate":"https:\/\/kosovatimes.info\/?s={search_term_string}"},"query-input":{"@type":"PropertyValueSpecification","valueRequired":true,"valueName":"search_term_string"}}],"inLanguage":"en-US"},{"@type":"Person","@id":"https:\/\/kosovatimes.info\/#\/schema\/person\/7586712b9c512fe68085de007378c915","name":"i l","image":{"@type":"ImageObject","inLanguage":"en-US","@id":"https:\/\/secure.gravatar.com\/avatar\/bad9296e02816160ae2e2435beda58222022298d5625d49fea74d18816fbb31d?s=96&d=mm&r=g","url":"https:\/\/secure.gravatar.com\/avatar\/bad9296e02816160ae2e2435beda58222022298d5625d49fea74d18816fbb31d?s=96&d=mm&r=g","contentUrl":"https:\/\/secure.gravatar.com\/avatar\/bad9296e02816160ae2e2435beda58222022298d5625d49fea74d18816fbb31d?s=96&d=mm&r=g","caption":"i l"},"url":"https:\/\/kosovatimes.info\/index.php\/author\/iliri\/"}]}},"_links":{"self":[{"href":"https:\/\/kosovatimes.info\/index.php\/wp-json\/wp\/v2\/posts\/12094","targetHints":{"allow":["GET"]}}],"collection":[{"href":"https:\/\/kosovatimes.info\/index.php\/wp-json\/wp\/v2\/posts"}],"about":[{"href":"https:\/\/kosovatimes.info\/index.php\/wp-json\/wp\/v2\/types\/post"}],"author":[{"embeddable":true,"href":"https:\/\/kosovatimes.info\/index.php\/wp-json\/wp\/v2\/users\/4"}],"replies":[{"embeddable":true,"href":"https:\/\/kosovatimes.info\/index.php\/wp-json\/wp\/v2\/comments?post=12094"}],"version-history":[{"count":1,"href":"https:\/\/kosovatimes.info\/index.php\/wp-json\/wp\/v2\/posts\/12094\/revisions"}],"predecessor-version":[{"id":12096,"href":"https:\/\/kosovatimes.info\/index.php\/wp-json\/wp\/v2\/posts\/12094\/revisions\/12096"}],"wp:featuredmedia":[{"embeddable":true,"href":"https:\/\/kosovatimes.info\/index.php\/wp-json\/wp\/v2\/media\/12095"}],"wp:attachment":[{"href":"https:\/\/kosovatimes.info\/index.php\/wp-json\/wp\/v2\/media?parent=12094"}],"wp:term":[{"taxonomy":"category","embeddable":true,"href":"https:\/\/kosovatimes.info\/index.php\/wp-json\/wp\/v2\/categories?post=12094"},{"taxonomy":"post_tag","embeddable":true,"href":"https:\/\/kosovatimes.info\/index.php\/wp-json\/wp\/v2\/tags?post=12094"}],"curies":[{"name":"wp","href":"https:\/\/api.w.org\/{rel}","templated":true}]}}